{"id":754808,"date":"2018-11-12T20:06:55","date_gmt":"2018-11-12T20:06:55","guid":{"rendered":"https:\/\/www.pressenza.com\/?p=754808"},"modified":"2018-11-12T20:06:55","modified_gmt":"2018-11-12T20:06:55","slug":"trump-en-francia-los-aliados-cada-vez-mas-lejos","status":"publish","type":"post","link":"https:\/\/www.pressenza.com\/es\/2018\/11\/trump-en-francia-los-aliados-cada-vez-mas-lejos\/","title":{"rendered":"Trump en Francia: los aliados cada vez m\u00e1s lejos"},"content":{"rendered":"<p>Por Martha Andr\u00e9s Rom\u00e1n<\/p>\n<p>El presidente estadounidense, Donald Trump, ratific\u00f3 en su visita a Francia lo que varias fuentes consideran hoy como un aislamiento cada vez m\u00e1s pronunciado, y volvi\u00f3 a colocarse en el centro de controversias.<\/p>\n<p>Aunque no tuvo un papel protag\u00f3nico en el acto celebrado en Par\u00eds este domingo por el centenario del armisticio que puso fin a la Primera Guerra Mundial (1914-1918), fue blanco de cr\u00edticas de l\u00edderes europeos y condenado por comentarios en Twitter y su comportamiento en territorio galo.<\/p>\n<p>Con su discurso pronunciado en ese evento, el mandatario anfitri\u00f3n, Emmanuel Macron, arremeti\u00f3 contra el nacionalismo, la doctrina defendida por Trump con su pol\u00edtica de Estados Unidos primero.<\/p>\n<p>El nacionalismo es una traici\u00f3n al patriotismo. Al decir &#8216;nuestros intereses primero, a qui\u00e9n les importan los dem\u00e1s&#8217;, borramos lo que una naci\u00f3n aprecia m\u00e1s, lo que le da vida, lo que la hace grande y lo que es esencial: sus valores morales, expres\u00f3 el franc\u00e9s durante la ceremonia en el Arco de Triunfo.<\/p>\n<p>Precisamente Trump, a quien parec\u00edan m\u00e1s dirigidas esas palabras, fue la nota discordante del acto al llegar tarde, cuando las decenas de dirigentes internacionales invitados ya estaban en sus puestos.<\/p>\n<p>De hecho, el mandatario norteamericano hizo su entrada separado de otros l\u00edderes extranjeros, muchos de los cuales, entre ellos Macron; la canciller federal alemana, Angela Merkel; y el primer ministro canadiense, Justin Trudeau, se reunieron en el Palacio del El\u00edseo antes de viajar juntos al Arco de Triunfo.<\/p>\n<p>El jefe de la Casa Blanca estuvo presente en el almuerzo ofrecido luego por el anfitri\u00f3n en honor a las delegaciones asistentes, aunque tambi\u00e9n arrib\u00f3 a esa cita con media hora de retraso.<\/p>\n<p>Despu\u00e9s de eso, no acudi\u00f3 al Foro por la Paz organizado por el Gobierno franc\u00e9s, un encuentro dirigido a promover el multilateralismo y en el cual tomaron parte m\u00e1s de 70 jefes de Estado y Gobierno.<\/p>\n<p>Tal gesto del estadounidense fue visto por algunos medios y analistas como un boicot a la conmemoraci\u00f3n internacional por el fin del conflicto b\u00e9lico, as\u00ed como una actitud de desprecio hacia una reuni\u00f3n donde se debatieron temas de inter\u00e9s global.<\/p>\n<p>La canciller federal alemana, invitada por Macron a pronunciar el discurso inaugural en ese evento, advirti\u00f3 tambi\u00e9n sobre el peligro de &#8216;un nacionalismo miope&#8217;.<\/p>\n<p>Justo a la hora del inicio del Foro, Trump lleg\u00f3 al cementerio estadounidense de Suresnes, ubicado al oeste de Par\u00eds, y all\u00ed pronunci\u00f3 un discurso de unos 10 minutos en el cual ensalz\u00f3 el desempe\u00f1o de los estadounidenses en la Primera Guerra Mundial.<\/p>\n<p>Este acto se produjo un d\u00eda despu\u00e9s de que recibi\u00f3 fuertes cr\u00edticas por anular una visita al cementerio de Bois Belleau, en el norte de Francia, donde descansan restos de estadounidenses, &#8216;debido a las dificultades log\u00edsticas y de programaci\u00f3n causadas por el clima&#8217;, seg\u00fan la mansi\u00f3n ejecutiva.<\/p>\n<p>La lluvia de la jornada del s\u00e1bado no impidi\u00f3 que el jefe del gabinete de Trump, John Kelly; y el jefe del Estado Mayor Conjunto, Joseph Dunford, realizaran un recorrido por el lugar; ni que Macron, Merkel y Trudeau participaran en actividades de ese tipo.<\/p>\n<p>Millones murieron para proteger el mundo libre durante la Primera Guerra Mundial, y Trump no puede molestarse en honrar sus recuerdos. En su lugar, ha elegido sentarse en un hotel y tuitear en vivo sobre Fox News, manifest\u00f3 el congresista dem\u00f3crata Don Beyer.<\/p>\n<p>A esas pol\u00e9micas se unieron las generadas por el presidente en Twitter tanto sobre cuestiones internacionales como dom\u00e9sticas.<\/p>\n<p>El viernes pasado, pocos minutos despu\u00e9s de llegar a Par\u00eds para el viaje que concluy\u00f3 ayer, public\u00f3 un tuit en el que calific\u00f3 de muy insultantes los planteamientos de Macron acerca de crear un ej\u00e9rcito europeo que garantice mayor soberan\u00eda a la regi\u00f3n.<\/p>\n<p>Desde suelo europeo tambi\u00e9n provoc\u00f3 la ira de varios sectores norteamericanos al decir que los fuegos devastadores en California son a causa de un mal manejo forestal en ese estado; y aviv\u00f3 las tensiones electorales al acusar a los dem\u00f3cratas de intentar cometer fraude en Florida.<\/p>\n<p>Por otra parte, unos mil 500 franceses se congregaron en la plaza de la Rep\u00fablica de Par\u00eds para protestar contra su presencia en esa capital.<\/p>\n<p>Los l\u00edderes mundiales desairan a Trump y su visi\u00f3n nacionalista, Trump recibe fr\u00eda bienvenida de los residentes en Par\u00eds, Trump el &#8216;nacionalista&#8217; se apart\u00f3 de los dem\u00e1s, fueron algunos de los titulares empleados en los medios estadounidense para hablar sobre la visita.<\/p>\n<p>Seg\u00fan un art\u00edculo de opini\u00f3n de The Washington Post, la conclusi\u00f3n general que sacaron muchas personas sobre el viaje fue que se vio a un presidente apartado del mundo, que apareci\u00f3 &#8216;retirado y sin entusiasmo en el escenario global&#8217;.<\/p>\n<p>Estuvo muy solo en Par\u00eds este fin de semana, aislado de los l\u00edderes europeos y aliados tradicionales del pa\u00eds mientras contin\u00faa con su agenda de &#8216;Estados Unidos primero&#8217;, apunt\u00f3 el portal digital Politico.<\/p>\n<p>Desde Macron hasta la canciller Merkel y el primer ministro Trudeau, el mensaje parec\u00eda claro: Trump est\u00e1 llevando a Estados Unidos en una direcci\u00f3n m\u00e1s aislada, mientras que los aliados se unen para rechazarlo, estim\u00f3 la publicaci\u00f3n.<\/p>\n","protected":false},"excerpt":{"rendered":"<p>Por Martha Andr\u00e9s Rom\u00e1n El presidente estadounidense, Donald Trump, ratific\u00f3 en su visita a Francia lo que varias fuentes consideran hoy como un aislamiento cada vez m\u00e1s pronunciado, y volvi\u00f3 a colocarse en el centro de controversias. Aunque no tuvo&hellip;<\/p>\n","protected":false},"author":90,"featured_media":754810,"comment_status":"closed","ping_status":"closed","sticky":false,"template":"","format":"standard","meta":{"footnotes":""},"categories":[76,66],"tags":[772,26187,36644,26683],"class_list":["post-754808","post","type-post","status-publish","format-standard","has-post-thumbnail","hentry","category-relaciones-exteriores","category-europa-es","tag-angela-merkel","tag-donald-trump-es","tag-emmanuel-macron","tag-paris-en-es"],"yoast_head":"<!-- This site is optimized with the Yoast SEO plugin v27.1.1 - https:\/\/yoast.com\/product\/yoast-seo-wordpress\/ -->\n<title>Trump en Francia: los aliados cada vez m\u00e1s lejos<\/title>\n<meta name=\"description\" content=\"Por Martha Andr\u00e9s Rom\u00e1n El presidente estadounidense, Donald Trump, ratific\u00f3 en su visita a Francia lo que varias fuentes consideran hoy como un\" \/>\n<meta name=\"robots\" content=\"index, follow, max-snippet:-1, max-image-preview:large, max-video-preview:-1\" \/>\n<link rel=\"canonical\" href=\"https:\/\/www.pressenza.com\/es\/2018\/11\/trump-en-francia-los-aliados-cada-vez-mas-lejos\/\" \/>\n<meta property=\"og:locale\" content=\"es_ES\" \/>\n<meta property=\"og:type\" content=\"article\" \/>\n<meta property=\"og:title\" content=\"Trump en Francia: los aliados cada vez m\u00e1s lejos\" \/>\n<meta property=\"og:description\" content=\"Por Martha Andr\u00e9s Rom\u00e1n El presidente estadounidense, Donald Trump, ratific\u00f3 en su visita a Francia lo que varias fuentes consideran hoy como un\" \/>\n<meta property=\"og:url\" content=\"https:\/\/www.pressenza.com\/es\/2018\/11\/trump-en-francia-los-aliados-cada-vez-mas-lejos\/\" \/>\n<meta property=\"og:site_name\" content=\"Pressenza\" \/>\n<meta property=\"article:publisher\" content=\"https:\/\/www.facebook.com\/PressenzaItalia\" \/>\n<meta property=\"article:author\" content=\"https:\/\/www.facebook.com\/AgenciaPrensaLatina\" \/>\n<meta property=\"article:published_time\" content=\"2018-11-12T20:06:55+00:00\" \/>\n<meta property=\"og:image\" content=\"https:\/\/www.pressenza.com\/wp-content\/uploads\/2018\/11\/trump-protestas-fcia.jpg\" \/>\n\t<meta property=\"og:image:width\" content=\"748\" \/>\n\t<meta property=\"og:image:height\" content=\"498\" \/>\n\t<meta property=\"og:image:type\" content=\"image\/jpeg\" \/>\n<meta name=\"author\" content=\"Prensa Latina\" \/>\n<meta name=\"twitter:card\" content=\"summary_large_image\" \/>\n<meta name=\"twitter:creator\" content=\"@prensalatina_cu\" \/>\n<meta name=\"twitter:site\" content=\"@PressenzaIPA\" \/>\n<meta name=\"twitter:label1\" content=\"Escrito por\" \/>\n\t<meta name=\"twitter:data1\" content=\"Prensa Latina\" \/>\n\t<meta name=\"twitter:label2\" content=\"Tiempo de lectura\" \/>\n\t<meta name=\"twitter:data2\" content=\"5 minutos\" \/>\n<script type=\"application\/ld+json\" class=\"yoast-schema-graph\">{\"@context\":\"https:\/\/schema.org\",\"@graph\":[{\"@type\":\"Article\",\"@id\":\"https:\/\/www.pressenza.com\/es\/2018\/11\/trump-en-francia-los-aliados-cada-vez-mas-lejos\/#article\",\"isPartOf\":{\"@id\":\"https:\/\/www.pressenza.com\/es\/2018\/11\/trump-en-francia-los-aliados-cada-vez-mas-lejos\/\"},\"author\":{\"name\":\"Prensa Latina\",\"@id\":\"https:\/\/www.pressenza.com\/es\/#\/schema\/person\/e35c78ffa242d98f4f49ccb18c8631de\"},\"headline\":\"Trump en Francia: los aliados cada vez m\u00e1s lejos\",\"datePublished\":\"2018-11-12T20:06:55+00:00\",\"mainEntityOfPage\":{\"@id\":\"https:\/\/www.pressenza.com\/es\/2018\/11\/trump-en-francia-los-aliados-cada-vez-mas-lejos\/\"},\"wordCount\":913,\"publisher\":{\"@id\":\"https:\/\/www.pressenza.com\/es\/#organization\"},\"image\":{\"@id\":\"https:\/\/www.pressenza.com\/es\/2018\/11\/trump-en-francia-los-aliados-cada-vez-mas-lejos\/#primaryimage\"},\"thumbnailUrl\":\"https:\/\/www.pressenza.com\/wp-content\/uploads\/2018\/11\/trump-protestas-fcia.jpg\",\"keywords\":[\"Angela Merkel\",\"Donald Trump\",\"Emmanuel Macron\",\"Paris\"],\"articleSection\":[\"Asuntos internacionales\",\"Europa\"],\"inLanguage\":\"es\"},{\"@type\":\"WebPage\",\"@id\":\"https:\/\/www.pressenza.com\/es\/2018\/11\/trump-en-francia-los-aliados-cada-vez-mas-lejos\/\",\"url\":\"https:\/\/www.pressenza.com\/es\/2018\/11\/trump-en-francia-los-aliados-cada-vez-mas-lejos\/\",\"name\":\"Trump en Francia: los aliados cada vez m\u00e1s lejos\",\"isPartOf\":{\"@id\":\"https:\/\/www.pressenza.com\/es\/#website\"},\"primaryImageOfPage\":{\"@id\":\"https:\/\/www.pressenza.com\/es\/2018\/11\/trump-en-francia-los-aliados-cada-vez-mas-lejos\/#primaryimage\"},\"image\":{\"@id\":\"https:\/\/www.pressenza.com\/es\/2018\/11\/trump-en-francia-los-aliados-cada-vez-mas-lejos\/#primaryimage\"},\"thumbnailUrl\":\"https:\/\/www.pressenza.com\/wp-content\/uploads\/2018\/11\/trump-protestas-fcia.jpg\",\"datePublished\":\"2018-11-12T20:06:55+00:00\",\"description\":\"Por Martha Andr\u00e9s Rom\u00e1n El presidente estadounidense, Donald Trump, ratific\u00f3 en su visita a Francia lo que varias fuentes consideran hoy como un\",\"breadcrumb\":{\"@id\":\"https:\/\/www.pressenza.com\/es\/2018\/11\/trump-en-francia-los-aliados-cada-vez-mas-lejos\/#breadcrumb\"},\"inLanguage\":\"es\",\"potentialAction\":[{\"@type\":\"ReadAction\",\"target\":[\"https:\/\/www.pressenza.com\/es\/2018\/11\/trump-en-francia-los-aliados-cada-vez-mas-lejos\/\"]}]},{\"@type\":\"ImageObject\",\"inLanguage\":\"es\",\"@id\":\"https:\/\/www.pressenza.com\/es\/2018\/11\/trump-en-francia-los-aliados-cada-vez-mas-lejos\/#primaryimage\",\"url\":\"https:\/\/www.pressenza.com\/wp-content\/uploads\/2018\/11\/trump-protestas-fcia.jpg\",\"contentUrl\":\"https:\/\/www.pressenza.com\/wp-content\/uploads\/2018\/11\/trump-protestas-fcia.jpg\",\"width\":748,\"height\":498},{\"@type\":\"BreadcrumbList\",\"@id\":\"https:\/\/www.pressenza.com\/es\/2018\/11\/trump-en-francia-los-aliados-cada-vez-mas-lejos\/#breadcrumb\",\"itemListElement\":[{\"@type\":\"ListItem\",\"position\":1,\"name\":\"Accueil\",\"item\":\"https:\/\/www.pressenza.com\/es\/\"},{\"@type\":\"ListItem\",\"position\":2,\"name\":\"Trump en Francia: los aliados cada vez m\u00e1s lejos\"}]},{\"@type\":\"WebSite\",\"@id\":\"https:\/\/www.pressenza.com\/es\/#website\",\"url\":\"https:\/\/www.pressenza.com\/es\/\",\"name\":\"Pressenza\",\"description\":\"International Press Agency\",\"publisher\":{\"@id\":\"https:\/\/www.pressenza.com\/es\/#organization\"},\"potentialAction\":[{\"@type\":\"SearchAction\",\"target\":{\"@type\":\"EntryPoint\",\"urlTemplate\":\"https:\/\/www.pressenza.com\/es\/?s={search_term_string}\"},\"query-input\":{\"@type\":\"PropertyValueSpecification\",\"valueRequired\":true,\"valueName\":\"search_term_string\"}}],\"inLanguage\":\"es\"},{\"@type\":\"Organization\",\"@id\":\"https:\/\/www.pressenza.com\/es\/#organization\",\"name\":\"Pressenza\",\"url\":\"https:\/\/www.pressenza.com\/es\/\",\"logo\":{\"@type\":\"ImageObject\",\"inLanguage\":\"es\",\"@id\":\"https:\/\/www.pressenza.com\/es\/#\/schema\/logo\/image\/\",\"url\":\"https:\/\/www.pressenza.com\/wp-content\/uploads\/2022\/10\/pressenza_logo_200x200.jpg\",\"contentUrl\":\"https:\/\/www.pressenza.com\/wp-content\/uploads\/2022\/10\/pressenza_logo_200x200.jpg\",\"width\":200,\"height\":200,\"caption\":\"Pressenza\"},\"image\":{\"@id\":\"https:\/\/www.pressenza.com\/es\/#\/schema\/logo\/image\/\"},\"sameAs\":[\"https:\/\/www.facebook.com\/PressenzaItalia\",\"https:\/\/x.com\/PressenzaIPA\"]},{\"@type\":\"Person\",\"@id\":\"https:\/\/www.pressenza.com\/es\/#\/schema\/person\/e35c78ffa242d98f4f49ccb18c8631de\",\"name\":\"Prensa Latina\",\"description\":\"www.prensa-latina.cu\",\"sameAs\":[\"https:\/\/www.facebook.com\/AgenciaPrensaLatina\",\"https:\/\/x.com\/prensalatina_cu\"],\"url\":\"https:\/\/www.pressenza.com\/es\/author\/prensa-latina\/\"}]}<\/script>\n<!-- \/ Yoast SEO plugin. -->","yoast_head_json":{"title":"Trump en Francia: los aliados cada vez m\u00e1s lejos","description":"Por Martha Andr\u00e9s Rom\u00e1n El presidente estadounidense, Donald Trump, ratific\u00f3 en su visita a Francia lo que varias fuentes consideran hoy como un","robots":{"index":"index","follow":"follow","max-snippet":"max-snippet:-1","max-image-preview":"max-image-preview:large","max-video-preview":"max-video-preview:-1"},"canonical":"https:\/\/www.pressenza.com\/es\/2018\/11\/trump-en-francia-los-aliados-cada-vez-mas-lejos\/","og_locale":"es_ES","og_type":"article","og_title":"Trump en Francia: los aliados cada vez m\u00e1s lejos","og_description":"Por Martha Andr\u00e9s Rom\u00e1n El presidente estadounidense, Donald Trump, ratific\u00f3 en su visita a Francia lo que varias fuentes consideran hoy como un","og_url":"https:\/\/www.pressenza.com\/es\/2018\/11\/trump-en-francia-los-aliados-cada-vez-mas-lejos\/","og_site_name":"Pressenza","article_publisher":"https:\/\/www.facebook.com\/PressenzaItalia","article_author":"https:\/\/www.facebook.com\/AgenciaPrensaLatina","article_published_time":"2018-11-12T20:06:55+00:00","og_image":[{"width":748,"height":498,"url":"https:\/\/www.pressenza.com\/wp-content\/uploads\/2018\/11\/trump-protestas-fcia.jpg","type":"image\/jpeg"}],"author":"Prensa Latina","twitter_card":"summary_large_image","twitter_creator":"@prensalatina_cu","twitter_site":"@PressenzaIPA","twitter_misc":{"Escrito por":"Prensa Latina","Tiempo de lectura":"5 minutos"},"schema":{"@context":"https:\/\/schema.org","@graph":[{"@type":"Article","@id":"https:\/\/www.pressenza.com\/es\/2018\/11\/trump-en-francia-los-aliados-cada-vez-mas-lejos\/#article","isPartOf":{"@id":"https:\/\/www.pressenza.com\/es\/2018\/11\/trump-en-francia-los-aliados-cada-vez-mas-lejos\/"},"author":{"name":"Prensa Latina","@id":"https:\/\/www.pressenza.com\/es\/#\/schema\/person\/e35c78ffa242d98f4f49ccb18c8631de"},"headline":"Trump en Francia: los aliados cada vez m\u00e1s lejos","datePublished":"2018-11-12T20:06:55+00:00","mainEntityOfPage":{"@id":"https:\/\/www.pressenza.com\/es\/2018\/11\/trump-en-francia-los-aliados-cada-vez-mas-lejos\/"},"wordCount":913,"publisher":{"@id":"https:\/\/www.pressenza.com\/es\/#organization"},"image":{"@id":"https:\/\/www.pressenza.com\/es\/2018\/11\/trump-en-francia-los-aliados-cada-vez-mas-lejos\/#primaryimage"},"thumbnailUrl":"https:\/\/www.pressenza.com\/wp-content\/uploads\/2018\/11\/trump-protestas-fcia.jpg","keywords":["Angela Merkel","Donald Trump","Emmanuel Macron","Paris"],"articleSection":["Asuntos internacionales","Europa"],"inLanguage":"es"},{"@type":"WebPage","@id":"https:\/\/www.pressenza.com\/es\/2018\/11\/trump-en-francia-los-aliados-cada-vez-mas-lejos\/","url":"https:\/\/www.pressenza.com\/es\/2018\/11\/trump-en-francia-los-aliados-cada-vez-mas-lejos\/","name":"Trump en Francia: los aliados cada vez m\u00e1s lejos","isPartOf":{"@id":"https:\/\/www.pressenza.com\/es\/#website"},"primaryImageOfPage":{"@id":"https:\/\/www.pressenza.com\/es\/2018\/11\/trump-en-francia-los-aliados-cada-vez-mas-lejos\/#primaryimage"},"image":{"@id":"https:\/\/www.pressenza.com\/es\/2018\/11\/trump-en-francia-los-aliados-cada-vez-mas-lejos\/#primaryimage"},"thumbnailUrl":"https:\/\/www.pressenza.com\/wp-content\/uploads\/2018\/11\/trump-protestas-fcia.jpg","datePublished":"2018-11-12T20:06:55+00:00","description":"Por Martha Andr\u00e9s Rom\u00e1n El presidente estadounidense, Donald Trump, ratific\u00f3 en su visita a Francia lo que varias fuentes consideran hoy como un","breadcrumb":{"@id":"https:\/\/www.pressenza.com\/es\/2018\/11\/trump-en-francia-los-aliados-cada-vez-mas-lejos\/#breadcrumb"},"inLanguage":"es","potentialAction":[{"@type":"ReadAction","target":["https:\/\/www.pressenza.com\/es\/2018\/11\/trump-en-francia-los-aliados-cada-vez-mas-lejos\/"]}]},{"@type":"ImageObject","inLanguage":"es","@id":"https:\/\/www.pressenza.com\/es\/2018\/11\/trump-en-francia-los-aliados-cada-vez-mas-lejos\/#primaryimage","url":"https:\/\/www.pressenza.com\/wp-content\/uploads\/2018\/11\/trump-protestas-fcia.jpg","contentUrl":"https:\/\/www.pressenza.com\/wp-content\/uploads\/2018\/11\/trump-protestas-fcia.jpg","width":748,"height":498},{"@type":"BreadcrumbList","@id":"https:\/\/www.pressenza.com\/es\/2018\/11\/trump-en-francia-los-aliados-cada-vez-mas-lejos\/#breadcrumb","itemListElement":[{"@type":"ListItem","position":1,"name":"Accueil","item":"https:\/\/www.pressenza.com\/es\/"},{"@type":"ListItem","position":2,"name":"Trump en Francia: los aliados cada vez m\u00e1s lejos"}]},{"@type":"WebSite","@id":"https:\/\/www.pressenza.com\/es\/#website","url":"https:\/\/www.pressenza.com\/es\/","name":"Pressenza","description":"International Press Agency","publisher":{"@id":"https:\/\/www.pressenza.com\/es\/#organization"},"potentialAction":[{"@type":"SearchAction","target":{"@type":"EntryPoint","urlTemplate":"https:\/\/www.pressenza.com\/es\/?s={search_term_string}"},"query-input":{"@type":"PropertyValueSpecification","valueRequired":true,"valueName":"search_term_string"}}],"inLanguage":"es"},{"@type":"Organization","@id":"https:\/\/www.pressenza.com\/es\/#organization","name":"Pressenza","url":"https:\/\/www.pressenza.com\/es\/","logo":{"@type":"ImageObject","inLanguage":"es","@id":"https:\/\/www.pressenza.com\/es\/#\/schema\/logo\/image\/","url":"https:\/\/www.pressenza.com\/wp-content\/uploads\/2022\/10\/pressenza_logo_200x200.jpg","contentUrl":"https:\/\/www.pressenza.com\/wp-content\/uploads\/2022\/10\/pressenza_logo_200x200.jpg","width":200,"height":200,"caption":"Pressenza"},"image":{"@id":"https:\/\/www.pressenza.com\/es\/#\/schema\/logo\/image\/"},"sameAs":["https:\/\/www.facebook.com\/PressenzaItalia","https:\/\/x.com\/PressenzaIPA"]},{"@type":"Person","@id":"https:\/\/www.pressenza.com\/es\/#\/schema\/person\/e35c78ffa242d98f4f49ccb18c8631de","name":"Prensa Latina","description":"www.prensa-latina.cu","sameAs":["https:\/\/www.facebook.com\/AgenciaPrensaLatina","https:\/\/x.com\/prensalatina_cu"],"url":"https:\/\/www.pressenza.com\/es\/author\/prensa-latina\/"}]}},"place":"Par\u00eds, Francia","original_article_url":"https:\/\/www.prensa-latina.cu\/index.php?o=rn&id=228082&SEO=trump-en-francia-los-aliados-cada-vez-mas-lejos-video","_links":{"self":[{"href":"https:\/\/www.pressenza.com\/es\/wp-json\/wp\/v2\/posts\/754808","targetHints":{"allow":["GET"]}}],"collection":[{"href":"https:\/\/www.pressenza.com\/es\/wp-json\/wp\/v2\/posts"}],"about":[{"href":"https:\/\/www.pressenza.com\/es\/wp-json\/wp\/v2\/types\/post"}],"author":[{"embeddable":true,"href":"https:\/\/www.pressenza.com\/es\/wp-json\/wp\/v2\/users\/90"}],"replies":[{"embeddable":true,"href":"https:\/\/www.pressenza.com\/es\/wp-json\/wp\/v2\/comments?post=754808"}],"version-history":[{"count":0,"href":"https:\/\/www.pressenza.com\/es\/wp-json\/wp\/v2\/posts\/754808\/revisions"}],"wp:featuredmedia":[{"embeddable":true,"href":"https:\/\/www.pressenza.com\/es\/wp-json\/wp\/v2\/media\/754810"}],"wp:attachment":[{"href":"https:\/\/www.pressenza.com\/es\/wp-json\/wp\/v2\/media?parent=754808"}],"wp:term":[{"taxonomy":"category","embeddable":true,"href":"https:\/\/www.pressenza.com\/es\/wp-json\/wp\/v2\/categories?post=754808"},{"taxonomy":"post_tag","embeddable":true,"href":"https:\/\/www.pressenza.com\/es\/wp-json\/wp\/v2\/tags?post=754808"}],"curies":[{"name":"wp","href":"https:\/\/api.w.org\/{rel}","templated":true}]}}