{"id":754176,"date":"2018-11-11T22:02:04","date_gmt":"2018-11-11T22:02:04","guid":{"rendered":"https:\/\/www.pressenza.com\/?p=754176"},"modified":"2018-11-11T22:03:34","modified_gmt":"2018-11-11T22:03:34","slug":"pressenza-cumple-10-anos-con-tres-dias-de-celebraciones-en-amsterdam","status":"publish","type":"post","link":"https:\/\/www.pressenza.com\/es\/2018\/11\/pressenza-cumple-10-anos-con-tres-dias-de-celebraciones-en-amsterdam\/","title":{"rendered":"Pressenza cumple 10 a\u00f1os, con tres d\u00edas de celebraciones en \u00c1msterdam"},"content":{"rendered":"<p>Coincidiendo con el d\u00e9cimo aniversario del lanzamiento de nuestra Agencia, Pressenza, la redacci\u00f3n de Holanda ha preparado tres jornadas de actividades para celebrarlo.<\/p>\n<p>Ser\u00e1n los d\u00edas <strong>15, 16 y 17 de noviembre<\/strong>, a las <strong>18 horas<\/strong> en <strong><a href=\"https:\/\/nuestraholanda.com\/2011\/10\/21\/casa-migrante-amsterdam-ante-todo-una-casa-abierta\/\">Casa Migrante<\/a><\/strong> de \u00c1msterdam (Van Ostadestraat 268, 1073 TV)<\/p>\n<p>Se trata de tres jornadas, en las que se proyectar\u00e1n documentales del director de cine y colaborador de Pressenza -desde los or\u00edgenes- <strong>\u00c1lvaro Or\u00fas<\/strong>. Se trata de tres documentales relacionadas con tem\u00e1ticas por las que nuestra Agencia ha apostado abiertamente: la <strong>renta b\u00e1sica<\/strong>, el <strong>desarme<\/strong> y una cultura de <strong>reconciliaci\u00f3n<\/strong> como superaci\u00f3n de la cultura de venganza en la que vivimos .<\/p>\n<p>Despu\u00e9s de cada visionado del documental correspondiente, habr\u00e1 di\u00e1logo con los asistentes, lectura de un manifiesto o un peque\u00f1o taller.<\/p>\n<p>El <strong>d\u00eda 15<\/strong>, el tema ser\u00e1 la <strong>renta b\u00e1sica universal e incondicional<\/strong>. Una idea que tambien en Holanda es defendida por ciertos sectores mientras otros juegan a confundir a la poblaci\u00f3n o se oponen a este tipo de medida econ\u00f3mica. Se proyectar\u00e1 el documental que ha promovido Pressenza, <a href=\"https:\/\/youtu.be\/wmKbbVGhH7Y\">RBUI, nuestro derecho a vivir<\/a>. Despu\u00e9s, tendr\u00e1 lugar un conversatorio con el p\u00fablico asistente coordinado por nuestra periodista, <a href=\"https:\/\/www.pressenza.com\/es\/author\/juana-perez-montero\/\">Juana P\u00e9rez Montero<\/a>.<\/p>\n<p>El <strong>viernes 16<\/strong>, se proyectar\u00e1 el documental Sobre la <a href=\"https:\/\/youtu.be\/r_gyzUaHU1M\">Primera Marcha Mundial por la Paz y la Noviolencia 2009-2010<\/a>. Se leera un manifiesto y se anunciar\u00e1 la Segunda Marcha, lanzada hace unos d\u00edas en Madrid.<\/p>\n<p>Finalmente, el tercer d\u00eda, <strong>el s\u00e1bado 17<\/strong>, nos adentraremos en una de las bases de nuestra cultura occidental, la que tiene que ver con la venganza como forma de hacer justicia, de que la sociedad funcione tal cual lo hace. Y veremos c\u00f3mo hemos llegado a un punto en que, para superar la violencia que produce esta cultura de venganza, es necesaria una reconciliaci\u00f3n personal y social.<\/p>\n<p>Para adentrarnos en este tema, contaremos con la proyecci\u00f3n del documental <a href=\"https:\/\/youtu.be\/JLZ9fU6Ljgs\">M\u00e1s all\u00e1 de la venganza<\/a>, y con la presencia de uno de sus realizadores, el alem\u00e1n <strong>Luz Jahnen<\/strong>, quien impartir\u00e1 un peque\u00f1o taller.<\/p>\n<p><strong>Antes de comenzar cada d\u00eda, a partir de las 17:30 compartiremos un p\u00e9que\u00f1o \u00e1gape<\/strong>.<\/p>\n<p>&nbsp;<\/p>\n<p>&nbsp;<\/p>\n","protected":false},"excerpt":{"rendered":"<p>Coincidiendo con el d\u00e9cimo aniversario del lanzamiento de nuestra Agencia, Pressenza, la redacci\u00f3n de Holanda ha preparado tres jornadas de actividades para celebrarlo. Ser\u00e1n los d\u00edas 15, 16 y 17 de noviembre, a las 18 horas en Casa Migrante de&hellip;<\/p>\n","protected":false},"author":188,"featured_media":754181,"comment_status":"closed","ping_status":"closed","sticky":false,"template":"","format":"standard","meta":{"footnotes":""},"categories":[11389,75,1241,1240,39,1242],"tags":[45284,51674,30939,12067,709,866,51676,17169,51675,769,383,419,49948,51677,49054,34946],"class_list":["post-754176","post","type-post","status-publish","format-standard","has-post-thumbnail","hentry","category-contenido-original","category-cultura-es","category-diversidad","category-humanismo-espiritualidad","category-internacional","category-noviolencia-tema","tag-rbuinuestroderechoavivir","tag-agencia-de-noticias","tag-alvaro-orus-es","tag-ddhh","tag-desarme","tag-humanismo","tag-i-marcha-mundial-por-la-paz-y-la-noviolencia","tag-luz-jahnen","tag-mas-alla-de-la-venganza","tag-no-discriminacion","tag-noviolencia","tag-paz","tag-pressenza-it-es","tag-pressenza10anos","tag-rbui-es","tag-renta-basica-universal-e-incondicional"],"yoast_head":"<!-- This site is optimized with the Yoast SEO plugin v27.1.1 - https:\/\/yoast.com\/product\/yoast-seo-wordpress\/ -->\n<title>Pressenza cumple 10 a\u00f1os, con tres d\u00edas de celebraciones en \u00c1msterdam<\/title>\n<meta name=\"description\" content=\"Coincidiendo con el d\u00e9cimo aniversario del lanzamiento de nuestra Agencia, Pressenza, la redacci\u00f3n de Holanda ha preparado tres jornadas de actividades\" \/>\n<meta name=\"robots\" content=\"index, follow, max-snippet:-1, max-image-preview:large, max-video-preview:-1\" \/>\n<link rel=\"canonical\" href=\"https:\/\/www.pressenza.com\/es\/2018\/11\/pressenza-cumple-10-anos-con-tres-dias-de-celebraciones-en-amsterdam\/\" \/>\n<meta property=\"og:locale\" content=\"es_ES\" \/>\n<meta property=\"og:type\" content=\"article\" \/>\n<meta property=\"og:title\" content=\"Pressenza cumple 10 a\u00f1os, con tres d\u00edas de celebraciones en \u00c1msterdam\" \/>\n<meta property=\"og:description\" content=\"Coincidiendo con el d\u00e9cimo aniversario del lanzamiento de nuestra Agencia, Pressenza, la redacci\u00f3n de Holanda ha preparado tres jornadas de actividades\" \/>\n<meta property=\"og:url\" content=\"https:\/\/www.pressenza.com\/es\/2018\/11\/pressenza-cumple-10-anos-con-tres-dias-de-celebraciones-en-amsterdam\/\" \/>\n<meta property=\"og:site_name\" content=\"Pressenza\" \/>\n<meta property=\"article:publisher\" content=\"https:\/\/www.facebook.com\/PressenzaItalia\" \/>\n<meta property=\"article:published_time\" content=\"2018-11-11T22:02:04+00:00\" \/>\n<meta property=\"article:modified_time\" content=\"2018-11-11T22:03:34+00:00\" \/>\n<meta property=\"og:image\" content=\"https:\/\/www.pressenza.com\/wp-content\/uploads\/2018\/11\/IMG-20181111-WA0014.jpg\" \/>\n\t<meta property=\"og:image:width\" content=\"1200\" \/>\n\t<meta property=\"og:image:height\" content=\"900\" \/>\n\t<meta property=\"og:image:type\" content=\"image\/jpeg\" \/>\n<meta name=\"author\" content=\"Gabriela Amaya\" \/>\n<meta name=\"twitter:card\" content=\"summary_large_image\" \/>\n<meta name=\"twitter:creator\" content=\"@PressenzaIPA\" \/>\n<meta name=\"twitter:site\" content=\"@PressenzaIPA\" \/>\n<meta name=\"twitter:label1\" content=\"Escrito por\" \/>\n\t<meta name=\"twitter:data1\" content=\"Gabriela Amaya\" \/>\n\t<meta name=\"twitter:label2\" content=\"Tiempo de lectura\" \/>\n\t<meta name=\"twitter:data2\" content=\"2 minutos\" \/>\n<script type=\"application\/ld+json\" class=\"yoast-schema-graph\">{\"@context\":\"https:\/\/schema.org\",\"@graph\":[{\"@type\":\"Article\",\"@id\":\"https:\/\/www.pressenza.com\/es\/2018\/11\/pressenza-cumple-10-anos-con-tres-dias-de-celebraciones-en-amsterdam\/#article\",\"isPartOf\":{\"@id\":\"https:\/\/www.pressenza.com\/es\/2018\/11\/pressenza-cumple-10-anos-con-tres-dias-de-celebraciones-en-amsterdam\/\"},\"author\":{\"name\":\"Gabriela Amaya\",\"@id\":\"https:\/\/www.pressenza.com\/es\/#\/schema\/person\/725d47ccbea4c7854f7dd4011b6670b9\"},\"headline\":\"Pressenza cumple 10 a\u00f1os, con tres d\u00edas de celebraciones en \u00c1msterdam\",\"datePublished\":\"2018-11-11T22:02:04+00:00\",\"dateModified\":\"2018-11-11T22:03:34+00:00\",\"mainEntityOfPage\":{\"@id\":\"https:\/\/www.pressenza.com\/es\/2018\/11\/pressenza-cumple-10-anos-con-tres-dias-de-celebraciones-en-amsterdam\/\"},\"wordCount\":383,\"publisher\":{\"@id\":\"https:\/\/www.pressenza.com\/es\/#organization\"},\"image\":{\"@id\":\"https:\/\/www.pressenza.com\/es\/2018\/11\/pressenza-cumple-10-anos-con-tres-dias-de-celebraciones-en-amsterdam\/#primaryimage\"},\"thumbnailUrl\":\"https:\/\/www.pressenza.com\/wp-content\/uploads\/2018\/11\/IMG-20181111-WA0014.jpg\",\"keywords\":[\"#RBUINuestroDerechoAVivir\",\"agencia de noticias\",\"\u00c1lvaro Or\u00fas\",\"DDHH\",\"Desarme\",\"Humanismo\",\"I Marcha Mundial por la Paz y la Noviolencia\",\"Luz Jahnen\",\"M\u00e1s all\u00e1 de la venganza\",\"No Discriminaci\u00f3n\",\"Noviolencia\",\"Paz\",\"Pressenza\",\"Pressenza10A\u00f1os\",\"RBUI\",\"Renta B\u00e1sica Universal e Incondicional\"],\"articleSection\":[\"Contenido Original\",\"Cultura y Medios\",\"Diversidad\",\"Humanismo y Espiritualidad\",\"Internacional\",\"Noviolencia\"],\"inLanguage\":\"es\"},{\"@type\":\"WebPage\",\"@id\":\"https:\/\/www.pressenza.com\/es\/2018\/11\/pressenza-cumple-10-anos-con-tres-dias-de-celebraciones-en-amsterdam\/\",\"url\":\"https:\/\/www.pressenza.com\/es\/2018\/11\/pressenza-cumple-10-anos-con-tres-dias-de-celebraciones-en-amsterdam\/\",\"name\":\"Pressenza cumple 10 a\u00f1os, con tres d\u00edas de celebraciones en \u00c1msterdam\",\"isPartOf\":{\"@id\":\"https:\/\/www.pressenza.com\/es\/#website\"},\"primaryImageOfPage\":{\"@id\":\"https:\/\/www.pressenza.com\/es\/2018\/11\/pressenza-cumple-10-anos-con-tres-dias-de-celebraciones-en-amsterdam\/#primaryimage\"},\"image\":{\"@id\":\"https:\/\/www.pressenza.com\/es\/2018\/11\/pressenza-cumple-10-anos-con-tres-dias-de-celebraciones-en-amsterdam\/#primaryimage\"},\"thumbnailUrl\":\"https:\/\/www.pressenza.com\/wp-content\/uploads\/2018\/11\/IMG-20181111-WA0014.jpg\",\"datePublished\":\"2018-11-11T22:02:04+00:00\",\"dateModified\":\"2018-11-11T22:03:34+00:00\",\"description\":\"Coincidiendo con el d\u00e9cimo aniversario del lanzamiento de nuestra Agencia, Pressenza, la redacci\u00f3n de Holanda ha preparado tres jornadas de actividades\",\"breadcrumb\":{\"@id\":\"https:\/\/www.pressenza.com\/es\/2018\/11\/pressenza-cumple-10-anos-con-tres-dias-de-celebraciones-en-amsterdam\/#breadcrumb\"},\"inLanguage\":\"es\",\"potentialAction\":[{\"@type\":\"ReadAction\",\"target\":[\"https:\/\/www.pressenza.com\/es\/2018\/11\/pressenza-cumple-10-anos-con-tres-dias-de-celebraciones-en-amsterdam\/\"]}]},{\"@type\":\"ImageObject\",\"inLanguage\":\"es\",\"@id\":\"https:\/\/www.pressenza.com\/es\/2018\/11\/pressenza-cumple-10-anos-con-tres-dias-de-celebraciones-en-amsterdam\/#primaryimage\",\"url\":\"https:\/\/www.pressenza.com\/wp-content\/uploads\/2018\/11\/IMG-20181111-WA0014.jpg\",\"contentUrl\":\"https:\/\/www.pressenza.com\/wp-content\/uploads\/2018\/11\/IMG-20181111-WA0014.jpg\",\"width\":1200,\"height\":900},{\"@type\":\"BreadcrumbList\",\"@id\":\"https:\/\/www.pressenza.com\/es\/2018\/11\/pressenza-cumple-10-anos-con-tres-dias-de-celebraciones-en-amsterdam\/#breadcrumb\",\"itemListElement\":[{\"@type\":\"ListItem\",\"position\":1,\"name\":\"Accueil\",\"item\":\"https:\/\/www.pressenza.com\/es\/\"},{\"@type\":\"ListItem\",\"position\":2,\"name\":\"Pressenza cumple 10 a\u00f1os, con tres d\u00edas de celebraciones en \u00c1msterdam\"}]},{\"@type\":\"WebSite\",\"@id\":\"https:\/\/www.pressenza.com\/es\/#website\",\"url\":\"https:\/\/www.pressenza.com\/es\/\",\"name\":\"Pressenza\",\"description\":\"International Press Agency\",\"publisher\":{\"@id\":\"https:\/\/www.pressenza.com\/es\/#organization\"},\"potentialAction\":[{\"@type\":\"SearchAction\",\"target\":{\"@type\":\"EntryPoint\",\"urlTemplate\":\"https:\/\/www.pressenza.com\/es\/?s={search_term_string}\"},\"query-input\":{\"@type\":\"PropertyValueSpecification\",\"valueRequired\":true,\"valueName\":\"search_term_string\"}}],\"inLanguage\":\"es\"},{\"@type\":\"Organization\",\"@id\":\"https:\/\/www.pressenza.com\/es\/#organization\",\"name\":\"Pressenza\",\"url\":\"https:\/\/www.pressenza.com\/es\/\",\"logo\":{\"@type\":\"ImageObject\",\"inLanguage\":\"es\",\"@id\":\"https:\/\/www.pressenza.com\/es\/#\/schema\/logo\/image\/\",\"url\":\"https:\/\/www.pressenza.com\/wp-content\/uploads\/2022\/10\/pressenza_logo_200x200.jpg\",\"contentUrl\":\"https:\/\/www.pressenza.com\/wp-content\/uploads\/2022\/10\/pressenza_logo_200x200.jpg\",\"width\":200,\"height\":200,\"caption\":\"Pressenza\"},\"image\":{\"@id\":\"https:\/\/www.pressenza.com\/es\/#\/schema\/logo\/image\/\"},\"sameAs\":[\"https:\/\/www.facebook.com\/PressenzaItalia\",\"https:\/\/x.com\/PressenzaIPA\"]},{\"@type\":\"Person\",\"@id\":\"https:\/\/www.pressenza.com\/es\/#\/schema\/person\/725d47ccbea4c7854f7dd4011b6670b9\",\"name\":\"Gabriela Amaya\",\"description\":\"Editor in Spanish, Gabriel Amaya has worked in radio and written press and years ago decided to develop her journalistic work as a professional volunteer at the service of peace and nonviolence. She is also involved with different collectives and platforms which she supports with her journalism.\",\"url\":\"https:\/\/www.pressenza.com\/es\/author\/gabriela-amaya\/\"}]}<\/script>\n<!-- \/ Yoast SEO plugin. -->","yoast_head_json":{"title":"Pressenza cumple 10 a\u00f1os, con tres d\u00edas de celebraciones en \u00c1msterdam","description":"Coincidiendo con el d\u00e9cimo aniversario del lanzamiento de nuestra Agencia, Pressenza, la redacci\u00f3n de Holanda ha preparado tres jornadas de actividades","robots":{"index":"index","follow":"follow","max-snippet":"max-snippet:-1","max-image-preview":"max-image-preview:large","max-video-preview":"max-video-preview:-1"},"canonical":"https:\/\/www.pressenza.com\/es\/2018\/11\/pressenza-cumple-10-anos-con-tres-dias-de-celebraciones-en-amsterdam\/","og_locale":"es_ES","og_type":"article","og_title":"Pressenza cumple 10 a\u00f1os, con tres d\u00edas de celebraciones en \u00c1msterdam","og_description":"Coincidiendo con el d\u00e9cimo aniversario del lanzamiento de nuestra Agencia, Pressenza, la redacci\u00f3n de Holanda ha preparado tres jornadas de actividades","og_url":"https:\/\/www.pressenza.com\/es\/2018\/11\/pressenza-cumple-10-anos-con-tres-dias-de-celebraciones-en-amsterdam\/","og_site_name":"Pressenza","article_publisher":"https:\/\/www.facebook.com\/PressenzaItalia","article_published_time":"2018-11-11T22:02:04+00:00","article_modified_time":"2018-11-11T22:03:34+00:00","og_image":[{"width":1200,"height":900,"url":"https:\/\/www.pressenza.com\/wp-content\/uploads\/2018\/11\/IMG-20181111-WA0014.jpg","type":"image\/jpeg"}],"author":"Gabriela Amaya","twitter_card":"summary_large_image","twitter_creator":"@PressenzaIPA","twitter_site":"@PressenzaIPA","twitter_misc":{"Escrito por":"Gabriela Amaya","Tiempo de lectura":"2 minutos"},"schema":{"@context":"https:\/\/schema.org","@graph":[{"@type":"Article","@id":"https:\/\/www.pressenza.com\/es\/2018\/11\/pressenza-cumple-10-anos-con-tres-dias-de-celebraciones-en-amsterdam\/#article","isPartOf":{"@id":"https:\/\/www.pressenza.com\/es\/2018\/11\/pressenza-cumple-10-anos-con-tres-dias-de-celebraciones-en-amsterdam\/"},"author":{"name":"Gabriela Amaya","@id":"https:\/\/www.pressenza.com\/es\/#\/schema\/person\/725d47ccbea4c7854f7dd4011b6670b9"},"headline":"Pressenza cumple 10 a\u00f1os, con tres d\u00edas de celebraciones en \u00c1msterdam","datePublished":"2018-11-11T22:02:04+00:00","dateModified":"2018-11-11T22:03:34+00:00","mainEntityOfPage":{"@id":"https:\/\/www.pressenza.com\/es\/2018\/11\/pressenza-cumple-10-anos-con-tres-dias-de-celebraciones-en-amsterdam\/"},"wordCount":383,"publisher":{"@id":"https:\/\/www.pressenza.com\/es\/#organization"},"image":{"@id":"https:\/\/www.pressenza.com\/es\/2018\/11\/pressenza-cumple-10-anos-con-tres-dias-de-celebraciones-en-amsterdam\/#primaryimage"},"thumbnailUrl":"https:\/\/www.pressenza.com\/wp-content\/uploads\/2018\/11\/IMG-20181111-WA0014.jpg","keywords":["#RBUINuestroDerechoAVivir","agencia de noticias","\u00c1lvaro Or\u00fas","DDHH","Desarme","Humanismo","I Marcha Mundial por la Paz y la Noviolencia","Luz Jahnen","M\u00e1s all\u00e1 de la venganza","No Discriminaci\u00f3n","Noviolencia","Paz","Pressenza","Pressenza10A\u00f1os","RBUI","Renta B\u00e1sica Universal e Incondicional"],"articleSection":["Contenido Original","Cultura y Medios","Diversidad","Humanismo y Espiritualidad","Internacional","Noviolencia"],"inLanguage":"es"},{"@type":"WebPage","@id":"https:\/\/www.pressenza.com\/es\/2018\/11\/pressenza-cumple-10-anos-con-tres-dias-de-celebraciones-en-amsterdam\/","url":"https:\/\/www.pressenza.com\/es\/2018\/11\/pressenza-cumple-10-anos-con-tres-dias-de-celebraciones-en-amsterdam\/","name":"Pressenza cumple 10 a\u00f1os, con tres d\u00edas de celebraciones en \u00c1msterdam","isPartOf":{"@id":"https:\/\/www.pressenza.com\/es\/#website"},"primaryImageOfPage":{"@id":"https:\/\/www.pressenza.com\/es\/2018\/11\/pressenza-cumple-10-anos-con-tres-dias-de-celebraciones-en-amsterdam\/#primaryimage"},"image":{"@id":"https:\/\/www.pressenza.com\/es\/2018\/11\/pressenza-cumple-10-anos-con-tres-dias-de-celebraciones-en-amsterdam\/#primaryimage"},"thumbnailUrl":"https:\/\/www.pressenza.com\/wp-content\/uploads\/2018\/11\/IMG-20181111-WA0014.jpg","datePublished":"2018-11-11T22:02:04+00:00","dateModified":"2018-11-11T22:03:34+00:00","description":"Coincidiendo con el d\u00e9cimo aniversario del lanzamiento de nuestra Agencia, Pressenza, la redacci\u00f3n de Holanda ha preparado tres jornadas de actividades","breadcrumb":{"@id":"https:\/\/www.pressenza.com\/es\/2018\/11\/pressenza-cumple-10-anos-con-tres-dias-de-celebraciones-en-amsterdam\/#breadcrumb"},"inLanguage":"es","potentialAction":[{"@type":"ReadAction","target":["https:\/\/www.pressenza.com\/es\/2018\/11\/pressenza-cumple-10-anos-con-tres-dias-de-celebraciones-en-amsterdam\/"]}]},{"@type":"ImageObject","inLanguage":"es","@id":"https:\/\/www.pressenza.com\/es\/2018\/11\/pressenza-cumple-10-anos-con-tres-dias-de-celebraciones-en-amsterdam\/#primaryimage","url":"https:\/\/www.pressenza.com\/wp-content\/uploads\/2018\/11\/IMG-20181111-WA0014.jpg","contentUrl":"https:\/\/www.pressenza.com\/wp-content\/uploads\/2018\/11\/IMG-20181111-WA0014.jpg","width":1200,"height":900},{"@type":"BreadcrumbList","@id":"https:\/\/www.pressenza.com\/es\/2018\/11\/pressenza-cumple-10-anos-con-tres-dias-de-celebraciones-en-amsterdam\/#breadcrumb","itemListElement":[{"@type":"ListItem","position":1,"name":"Accueil","item":"https:\/\/www.pressenza.com\/es\/"},{"@type":"ListItem","position":2,"name":"Pressenza cumple 10 a\u00f1os, con tres d\u00edas de celebraciones en \u00c1msterdam"}]},{"@type":"WebSite","@id":"https:\/\/www.pressenza.com\/es\/#website","url":"https:\/\/www.pressenza.com\/es\/","name":"Pressenza","description":"International Press Agency","publisher":{"@id":"https:\/\/www.pressenza.com\/es\/#organization"},"potentialAction":[{"@type":"SearchAction","target":{"@type":"EntryPoint","urlTemplate":"https:\/\/www.pressenza.com\/es\/?s={search_term_string}"},"query-input":{"@type":"PropertyValueSpecification","valueRequired":true,"valueName":"search_term_string"}}],"inLanguage":"es"},{"@type":"Organization","@id":"https:\/\/www.pressenza.com\/es\/#organization","name":"Pressenza","url":"https:\/\/www.pressenza.com\/es\/","logo":{"@type":"ImageObject","inLanguage":"es","@id":"https:\/\/www.pressenza.com\/es\/#\/schema\/logo\/image\/","url":"https:\/\/www.pressenza.com\/wp-content\/uploads\/2022\/10\/pressenza_logo_200x200.jpg","contentUrl":"https:\/\/www.pressenza.com\/wp-content\/uploads\/2022\/10\/pressenza_logo_200x200.jpg","width":200,"height":200,"caption":"Pressenza"},"image":{"@id":"https:\/\/www.pressenza.com\/es\/#\/schema\/logo\/image\/"},"sameAs":["https:\/\/www.facebook.com\/PressenzaItalia","https:\/\/x.com\/PressenzaIPA"]},{"@type":"Person","@id":"https:\/\/www.pressenza.com\/es\/#\/schema\/person\/725d47ccbea4c7854f7dd4011b6670b9","name":"Gabriela Amaya","description":"Editor in Spanish, Gabriel Amaya has worked in radio and written press and years ago decided to develop her journalistic work as a professional volunteer at the service of peace and nonviolence. She is also involved with different collectives and platforms which she supports with her journalism.","url":"https:\/\/www.pressenza.com\/es\/author\/gabriela-amaya\/"}]}},"place":"","original_article_url":"","_links":{"self":[{"href":"https:\/\/www.pressenza.com\/es\/wp-json\/wp\/v2\/posts\/754176","targetHints":{"allow":["GET"]}}],"collection":[{"href":"https:\/\/www.pressenza.com\/es\/wp-json\/wp\/v2\/posts"}],"about":[{"href":"https:\/\/www.pressenza.com\/es\/wp-json\/wp\/v2\/types\/post"}],"author":[{"embeddable":true,"href":"https:\/\/www.pressenza.com\/es\/wp-json\/wp\/v2\/users\/188"}],"replies":[{"embeddable":true,"href":"https:\/\/www.pressenza.com\/es\/wp-json\/wp\/v2\/comments?post=754176"}],"version-history":[{"count":0,"href":"https:\/\/www.pressenza.com\/es\/wp-json\/wp\/v2\/posts\/754176\/revisions"}],"wp:featuredmedia":[{"embeddable":true,"href":"https:\/\/www.pressenza.com\/es\/wp-json\/wp\/v2\/media\/754181"}],"wp:attachment":[{"href":"https:\/\/www.pressenza.com\/es\/wp-json\/wp\/v2\/media?parent=754176"}],"wp:term":[{"taxonomy":"category","embeddable":true,"href":"https:\/\/www.pressenza.com\/es\/wp-json\/wp\/v2\/categories?post=754176"},{"taxonomy":"post_tag","embeddable":true,"href":"https:\/\/www.pressenza.com\/es\/wp-json\/wp\/v2\/tags?post=754176"}],"curies":[{"name":"wp","href":"https:\/\/api.w.org\/{rel}","templated":true}]}}