{"id":753,"date":"2009-07-23T00:00:00","date_gmt":"2009-07-23T00:00:00","guid":{"rendered":""},"modified":"2009-07-23T19:46:32","modified_gmt":"2009-07-23T19:46:32","slug":"el-papa-benedicto-xvi-saluda-a-los-integrantes-de-la-marcha-mundial-por-la-paz-y-la-no-violencia","status":"publish","type":"post","link":"https:\/\/www.pressenza.com\/es\/2009\/07\/el-papa-benedicto-xvi-saluda-a-los-integrantes-de-la-marcha-mundial-por-la-paz-y-la-no-violencia\/","title":{"rendered":"El Papa Benedicto XVI saluda a los integrantes de la Marcha Mundial por la Paz y la No Violencia"},"content":{"rendered":"<p>El Papa Benedicto XVI recibir\u00e1 en el Vaticano a los miembros del equipo base de la Marcha Mundial por la Paz y la No Violencia. El Sumo Pont\u00edfice de la Iglesia Cat\u00f3lica saludar\u00e1 a los integrantes de la marcha en una audiencia general que se celebrar\u00e1 durante la ma\u00f1ana del pr\u00f3ximo 11 de noviembre.<\/p>\n<p>La confirmaci\u00f3n ha llegado a trav\u00e9s de una carta del \u00abPontificio Collegio Justicia et Pax\u00bb, que recibi\u00f3 la solicitud de encuentro por medio del Cardenal Martino. La campa\u00f1a internacional por la paz y por el desarme nuclear cuenta ya con la adhesi\u00f3n de representantes de diversas religiones, como por ejemplo el Dalai Lama (T\u00edbet), Desmond Tutu (Sud\u00e1frica) o Hadj Ibrahima Bah (Guinea), entre otros.  <\/p>\n<p>Antes de reunirse con el Pont\u00edfice, la delegaci\u00f3n de la Marcha Mundial habr\u00e1 recorrido ya pa\u00edses de Ocean\u00eda, Asia y Europa. El equipo base de la Marcha Mundial partir\u00e1 el d\u00eda 2 de octubre de Wellington, en Nueva Zelanda, para recorrer m\u00e1s de 100 pa\u00edses en los cinco continentes.<\/p>\n<p>La marcha finalizar\u00e1 el d\u00eda 2 de enero a los pies del Monte Aconcagua, en el Parque Punta de Vacas, frontera entre Argentina y Chile.<\/p>\n<p>*Traducci\u00f3n: Pilar Royo*<\/p>\n","protected":false},"excerpt":{"rendered":"<p>La Prefectura de la Casa Pontificia confirma que el Papa recibir\u00e1 a los integrantes de la marcha por la paz en la audiencia general del pr\u00f3ximo 11 de noviembre. Los miembros del equipo base que parten de Nueva Zelanda el d\u00eda 2 de octubre habr\u00e1n recorrido pa\u00edses de Ocean\u00eda, Asia y Europa antes de presentar sus propuestas de desarme nuclear y no violencia ante el Vaticano<\/p>\n","protected":false},"author":19,"featured_media":0,"comment_status":"closed","ping_status":"open","sticky":false,"template":"","format":"standard","meta":{"footnotes":""},"categories":[76,66,39],"tags":[],"class_list":["post-753","post","type-post","status-publish","format-standard","hentry","category-relaciones-exteriores","category-europa-es","category-internacional"],"yoast_head":"<!-- This site is optimized with the Yoast SEO plugin v27.1.1 - https:\/\/yoast.com\/product\/yoast-seo-wordpress\/ -->\n<title>El Papa Benedicto XVI saluda a los integrantes de la Marcha Mundial por la Paz y la No Violencia<\/title>\n<meta name=\"description\" content=\"La Prefectura de la Casa Pontificia confirma que el Papa recibir\u00e1 a los integrantes de la marcha por la paz en la audiencia general del pr\u00f3ximo 11 de noviembre. Los miembros del equipo base que parten de Nueva Zelanda el d\u00eda 2 de octubre habr\u00e1n recorrido pa\u00edses de Ocean\u00eda, Asia y Europa antes de presentar sus propuestas de desarme nuclear y no violencia ante el Vaticano\" \/>\n<meta name=\"robots\" content=\"index, follow, max-snippet:-1, max-image-preview:large, max-video-preview:-1\" \/>\n<link rel=\"canonical\" href=\"https:\/\/www.pressenza.com\/es\/2009\/07\/el-papa-benedicto-xvi-saluda-a-los-integrantes-de-la-marcha-mundial-por-la-paz-y-la-no-violencia\/\" \/>\n<meta property=\"og:locale\" content=\"es_ES\" \/>\n<meta property=\"og:type\" content=\"article\" \/>\n<meta property=\"og:title\" content=\"El Papa Benedicto XVI saluda a los integrantes de la Marcha Mundial por la Paz y la No Violencia\" \/>\n<meta property=\"og:description\" content=\"La Prefectura de la Casa Pontificia confirma que el Papa recibir\u00e1 a los integrantes de la marcha por la paz en la audiencia general del pr\u00f3ximo 11 de noviembre. Los miembros del equipo base que parten de Nueva Zelanda el d\u00eda 2 de octubre habr\u00e1n recorrido pa\u00edses de Ocean\u00eda, Asia y Europa antes de presentar sus propuestas de desarme nuclear y no violencia ante el Vaticano\" \/>\n<meta property=\"og:url\" content=\"https:\/\/www.pressenza.com\/es\/2009\/07\/el-papa-benedicto-xvi-saluda-a-los-integrantes-de-la-marcha-mundial-por-la-paz-y-la-no-violencia\/\" \/>\n<meta property=\"og:site_name\" content=\"Pressenza\" \/>\n<meta property=\"article:publisher\" content=\"https:\/\/www.facebook.com\/PressenzaItalia\" \/>\n<meta property=\"article:author\" content=\"https:\/\/www.facebook.com\/pressenza\" \/>\n<meta property=\"article:published_time\" content=\"2009-07-23T00:00:00+00:00\" \/>\n<meta property=\"article:modified_time\" content=\"2009-07-23T19:46:32+00:00\" \/>\n<meta name=\"author\" content=\"Pressenza IPA\" \/>\n<meta name=\"twitter:card\" content=\"summary_large_image\" \/>\n<meta name=\"twitter:creator\" content=\"@PressenzaIPA\" \/>\n<meta name=\"twitter:site\" content=\"@PressenzaIPA\" \/>\n<meta name=\"twitter:label1\" content=\"Escrito por\" \/>\n\t<meta name=\"twitter:data1\" content=\"Pressenza IPA\" \/>\n\t<meta name=\"twitter:label2\" content=\"Tiempo de lectura\" \/>\n\t<meta name=\"twitter:data2\" content=\"1 minuto\" \/>\n<script type=\"application\/ld+json\" class=\"yoast-schema-graph\">{\"@context\":\"https:\/\/schema.org\",\"@graph\":[{\"@type\":\"Article\",\"@id\":\"https:\/\/www.pressenza.com\/es\/2009\/07\/el-papa-benedicto-xvi-saluda-a-los-integrantes-de-la-marcha-mundial-por-la-paz-y-la-no-violencia\/#article\",\"isPartOf\":{\"@id\":\"https:\/\/www.pressenza.com\/es\/2009\/07\/el-papa-benedicto-xvi-saluda-a-los-integrantes-de-la-marcha-mundial-por-la-paz-y-la-no-violencia\/\"},\"author\":{\"name\":\"Pressenza IPA\",\"@id\":\"https:\/\/www.pressenza.com\/es\/#\/schema\/person\/010e5d02bcf40965427a1289a4cc8d75\"},\"headline\":\"El Papa Benedicto XVI saluda a los integrantes de la Marcha Mundial por la Paz y la No Violencia\",\"datePublished\":\"2009-07-23T00:00:00+00:00\",\"dateModified\":\"2009-07-23T19:46:32+00:00\",\"mainEntityOfPage\":{\"@id\":\"https:\/\/www.pressenza.com\/es\/2009\/07\/el-papa-benedicto-xvi-saluda-a-los-integrantes-de-la-marcha-mundial-por-la-paz-y-la-no-violencia\/\"},\"wordCount\":229,\"publisher\":{\"@id\":\"https:\/\/www.pressenza.com\/es\/#organization\"},\"articleSection\":[\"Asuntos internacionales\",\"Europa\",\"Internacional\"],\"inLanguage\":\"es\"},{\"@type\":\"WebPage\",\"@id\":\"https:\/\/www.pressenza.com\/es\/2009\/07\/el-papa-benedicto-xvi-saluda-a-los-integrantes-de-la-marcha-mundial-por-la-paz-y-la-no-violencia\/\",\"url\":\"https:\/\/www.pressenza.com\/es\/2009\/07\/el-papa-benedicto-xvi-saluda-a-los-integrantes-de-la-marcha-mundial-por-la-paz-y-la-no-violencia\/\",\"name\":\"El Papa Benedicto XVI saluda a los integrantes de la Marcha Mundial por la Paz y la No Violencia\",\"isPartOf\":{\"@id\":\"https:\/\/www.pressenza.com\/es\/#website\"},\"datePublished\":\"2009-07-23T00:00:00+00:00\",\"dateModified\":\"2009-07-23T19:46:32+00:00\",\"description\":\"La Prefectura de la Casa Pontificia confirma que el Papa recibir\u00e1 a los integrantes de la marcha por la paz en la audiencia general del pr\u00f3ximo 11 de noviembre. Los miembros del equipo base que parten de Nueva Zelanda el d\u00eda 2 de octubre habr\u00e1n recorrido pa\u00edses de Ocean\u00eda, Asia y Europa antes de presentar sus propuestas de desarme nuclear y no violencia ante el Vaticano\",\"breadcrumb\":{\"@id\":\"https:\/\/www.pressenza.com\/es\/2009\/07\/el-papa-benedicto-xvi-saluda-a-los-integrantes-de-la-marcha-mundial-por-la-paz-y-la-no-violencia\/#breadcrumb\"},\"inLanguage\":\"es\",\"potentialAction\":[{\"@type\":\"ReadAction\",\"target\":[\"https:\/\/www.pressenza.com\/es\/2009\/07\/el-papa-benedicto-xvi-saluda-a-los-integrantes-de-la-marcha-mundial-por-la-paz-y-la-no-violencia\/\"]}]},{\"@type\":\"BreadcrumbList\",\"@id\":\"https:\/\/www.pressenza.com\/es\/2009\/07\/el-papa-benedicto-xvi-saluda-a-los-integrantes-de-la-marcha-mundial-por-la-paz-y-la-no-violencia\/#breadcrumb\",\"itemListElement\":[{\"@type\":\"ListItem\",\"position\":1,\"name\":\"Accueil\",\"item\":\"https:\/\/www.pressenza.com\/es\/\"},{\"@type\":\"ListItem\",\"position\":2,\"name\":\"El Papa Benedicto XVI saluda a los integrantes de la Marcha Mundial por la Paz y la No Violencia\"}]},{\"@type\":\"WebSite\",\"@id\":\"https:\/\/www.pressenza.com\/es\/#website\",\"url\":\"https:\/\/www.pressenza.com\/es\/\",\"name\":\"Pressenza\",\"description\":\"International Press Agency\",\"publisher\":{\"@id\":\"https:\/\/www.pressenza.com\/es\/#organization\"},\"potentialAction\":[{\"@type\":\"SearchAction\",\"target\":{\"@type\":\"EntryPoint\",\"urlTemplate\":\"https:\/\/www.pressenza.com\/es\/?s={search_term_string}\"},\"query-input\":{\"@type\":\"PropertyValueSpecification\",\"valueRequired\":true,\"valueName\":\"search_term_string\"}}],\"inLanguage\":\"es\"},{\"@type\":\"Organization\",\"@id\":\"https:\/\/www.pressenza.com\/es\/#organization\",\"name\":\"Pressenza\",\"url\":\"https:\/\/www.pressenza.com\/es\/\",\"logo\":{\"@type\":\"ImageObject\",\"inLanguage\":\"es\",\"@id\":\"https:\/\/www.pressenza.com\/es\/#\/schema\/logo\/image\/\",\"url\":\"https:\/\/www.pressenza.com\/wp-content\/uploads\/2022\/10\/pressenza_logo_200x200.jpg\",\"contentUrl\":\"https:\/\/www.pressenza.com\/wp-content\/uploads\/2022\/10\/pressenza_logo_200x200.jpg\",\"width\":200,\"height\":200,\"caption\":\"Pressenza\"},\"image\":{\"@id\":\"https:\/\/www.pressenza.com\/es\/#\/schema\/logo\/image\/\"},\"sameAs\":[\"https:\/\/www.facebook.com\/PressenzaItalia\",\"https:\/\/x.com\/PressenzaIPA\"]},{\"@type\":\"Person\",\"@id\":\"https:\/\/www.pressenza.com\/es\/#\/schema\/person\/010e5d02bcf40965427a1289a4cc8d75\",\"name\":\"Pressenza IPA\",\"description\":\"News from Pressenza IPA correspondents\",\"sameAs\":[\"https:\/\/www.facebook.com\/pressenza\",\"https:\/\/x.com\/PressenzaIPA\"],\"url\":\"https:\/\/www.pressenza.com\/es\/author\/pressenza-ipa\/\"}]}<\/script>\n<!-- \/ Yoast SEO plugin. -->","yoast_head_json":{"title":"El Papa Benedicto XVI saluda a los integrantes de la Marcha Mundial por la Paz y la No Violencia","description":"La Prefectura de la Casa Pontificia confirma que el Papa recibir\u00e1 a los integrantes de la marcha por la paz en la audiencia general del pr\u00f3ximo 11 de noviembre. Los miembros del equipo base que parten de Nueva Zelanda el d\u00eda 2 de octubre habr\u00e1n recorrido pa\u00edses de Ocean\u00eda, Asia y Europa antes de presentar sus propuestas de desarme nuclear y no violencia ante el Vaticano","robots":{"index":"index","follow":"follow","max-snippet":"max-snippet:-1","max-image-preview":"max-image-preview:large","max-video-preview":"max-video-preview:-1"},"canonical":"https:\/\/www.pressenza.com\/es\/2009\/07\/el-papa-benedicto-xvi-saluda-a-los-integrantes-de-la-marcha-mundial-por-la-paz-y-la-no-violencia\/","og_locale":"es_ES","og_type":"article","og_title":"El Papa Benedicto XVI saluda a los integrantes de la Marcha Mundial por la Paz y la No Violencia","og_description":"La Prefectura de la Casa Pontificia confirma que el Papa recibir\u00e1 a los integrantes de la marcha por la paz en la audiencia general del pr\u00f3ximo 11 de noviembre. Los miembros del equipo base que parten de Nueva Zelanda el d\u00eda 2 de octubre habr\u00e1n recorrido pa\u00edses de Ocean\u00eda, Asia y Europa antes de presentar sus propuestas de desarme nuclear y no violencia ante el Vaticano","og_url":"https:\/\/www.pressenza.com\/es\/2009\/07\/el-papa-benedicto-xvi-saluda-a-los-integrantes-de-la-marcha-mundial-por-la-paz-y-la-no-violencia\/","og_site_name":"Pressenza","article_publisher":"https:\/\/www.facebook.com\/PressenzaItalia","article_author":"https:\/\/www.facebook.com\/pressenza","article_published_time":"2009-07-23T00:00:00+00:00","article_modified_time":"2009-07-23T19:46:32+00:00","author":"Pressenza IPA","twitter_card":"summary_large_image","twitter_creator":"@PressenzaIPA","twitter_site":"@PressenzaIPA","twitter_misc":{"Escrito por":"Pressenza IPA","Tiempo de lectura":"1 minuto"},"schema":{"@context":"https:\/\/schema.org","@graph":[{"@type":"Article","@id":"https:\/\/www.pressenza.com\/es\/2009\/07\/el-papa-benedicto-xvi-saluda-a-los-integrantes-de-la-marcha-mundial-por-la-paz-y-la-no-violencia\/#article","isPartOf":{"@id":"https:\/\/www.pressenza.com\/es\/2009\/07\/el-papa-benedicto-xvi-saluda-a-los-integrantes-de-la-marcha-mundial-por-la-paz-y-la-no-violencia\/"},"author":{"name":"Pressenza IPA","@id":"https:\/\/www.pressenza.com\/es\/#\/schema\/person\/010e5d02bcf40965427a1289a4cc8d75"},"headline":"El Papa Benedicto XVI saluda a los integrantes de la Marcha Mundial por la Paz y la No Violencia","datePublished":"2009-07-23T00:00:00+00:00","dateModified":"2009-07-23T19:46:32+00:00","mainEntityOfPage":{"@id":"https:\/\/www.pressenza.com\/es\/2009\/07\/el-papa-benedicto-xvi-saluda-a-los-integrantes-de-la-marcha-mundial-por-la-paz-y-la-no-violencia\/"},"wordCount":229,"publisher":{"@id":"https:\/\/www.pressenza.com\/es\/#organization"},"articleSection":["Asuntos internacionales","Europa","Internacional"],"inLanguage":"es"},{"@type":"WebPage","@id":"https:\/\/www.pressenza.com\/es\/2009\/07\/el-papa-benedicto-xvi-saluda-a-los-integrantes-de-la-marcha-mundial-por-la-paz-y-la-no-violencia\/","url":"https:\/\/www.pressenza.com\/es\/2009\/07\/el-papa-benedicto-xvi-saluda-a-los-integrantes-de-la-marcha-mundial-por-la-paz-y-la-no-violencia\/","name":"El Papa Benedicto XVI saluda a los integrantes de la Marcha Mundial por la Paz y la No Violencia","isPartOf":{"@id":"https:\/\/www.pressenza.com\/es\/#website"},"datePublished":"2009-07-23T00:00:00+00:00","dateModified":"2009-07-23T19:46:32+00:00","description":"La Prefectura de la Casa Pontificia confirma que el Papa recibir\u00e1 a los integrantes de la marcha por la paz en la audiencia general del pr\u00f3ximo 11 de noviembre. Los miembros del equipo base que parten de Nueva Zelanda el d\u00eda 2 de octubre habr\u00e1n recorrido pa\u00edses de Ocean\u00eda, Asia y Europa antes de presentar sus propuestas de desarme nuclear y no violencia ante el Vaticano","breadcrumb":{"@id":"https:\/\/www.pressenza.com\/es\/2009\/07\/el-papa-benedicto-xvi-saluda-a-los-integrantes-de-la-marcha-mundial-por-la-paz-y-la-no-violencia\/#breadcrumb"},"inLanguage":"es","potentialAction":[{"@type":"ReadAction","target":["https:\/\/www.pressenza.com\/es\/2009\/07\/el-papa-benedicto-xvi-saluda-a-los-integrantes-de-la-marcha-mundial-por-la-paz-y-la-no-violencia\/"]}]},{"@type":"BreadcrumbList","@id":"https:\/\/www.pressenza.com\/es\/2009\/07\/el-papa-benedicto-xvi-saluda-a-los-integrantes-de-la-marcha-mundial-por-la-paz-y-la-no-violencia\/#breadcrumb","itemListElement":[{"@type":"ListItem","position":1,"name":"Accueil","item":"https:\/\/www.pressenza.com\/es\/"},{"@type":"ListItem","position":2,"name":"El Papa Benedicto XVI saluda a los integrantes de la Marcha Mundial por la Paz y la No Violencia"}]},{"@type":"WebSite","@id":"https:\/\/www.pressenza.com\/es\/#website","url":"https:\/\/www.pressenza.com\/es\/","name":"Pressenza","description":"International Press Agency","publisher":{"@id":"https:\/\/www.pressenza.com\/es\/#organization"},"potentialAction":[{"@type":"SearchAction","target":{"@type":"EntryPoint","urlTemplate":"https:\/\/www.pressenza.com\/es\/?s={search_term_string}"},"query-input":{"@type":"PropertyValueSpecification","valueRequired":true,"valueName":"search_term_string"}}],"inLanguage":"es"},{"@type":"Organization","@id":"https:\/\/www.pressenza.com\/es\/#organization","name":"Pressenza","url":"https:\/\/www.pressenza.com\/es\/","logo":{"@type":"ImageObject","inLanguage":"es","@id":"https:\/\/www.pressenza.com\/es\/#\/schema\/logo\/image\/","url":"https:\/\/www.pressenza.com\/wp-content\/uploads\/2022\/10\/pressenza_logo_200x200.jpg","contentUrl":"https:\/\/www.pressenza.com\/wp-content\/uploads\/2022\/10\/pressenza_logo_200x200.jpg","width":200,"height":200,"caption":"Pressenza"},"image":{"@id":"https:\/\/www.pressenza.com\/es\/#\/schema\/logo\/image\/"},"sameAs":["https:\/\/www.facebook.com\/PressenzaItalia","https:\/\/x.com\/PressenzaIPA"]},{"@type":"Person","@id":"https:\/\/www.pressenza.com\/es\/#\/schema\/person\/010e5d02bcf40965427a1289a4cc8d75","name":"Pressenza IPA","description":"News from Pressenza IPA correspondents","sameAs":["https:\/\/www.facebook.com\/pressenza","https:\/\/x.com\/PressenzaIPA"],"url":"https:\/\/www.pressenza.com\/es\/author\/pressenza-ipa\/"}]}},"place":"Prefectura de la Casa Pontificia","original_article_url":"","_links":{"self":[{"href":"https:\/\/www.pressenza.com\/es\/wp-json\/wp\/v2\/posts\/753","targetHints":{"allow":["GET"]}}],"collection":[{"href":"https:\/\/www.pressenza.com\/es\/wp-json\/wp\/v2\/posts"}],"about":[{"href":"https:\/\/www.pressenza.com\/es\/wp-json\/wp\/v2\/types\/post"}],"author":[{"embeddable":true,"href":"https:\/\/www.pressenza.com\/es\/wp-json\/wp\/v2\/users\/19"}],"replies":[{"embeddable":true,"href":"https:\/\/www.pressenza.com\/es\/wp-json\/wp\/v2\/comments?post=753"}],"version-history":[{"count":0,"href":"https:\/\/www.pressenza.com\/es\/wp-json\/wp\/v2\/posts\/753\/revisions"}],"wp:attachment":[{"href":"https:\/\/www.pressenza.com\/es\/wp-json\/wp\/v2\/media?parent=753"}],"wp:term":[{"taxonomy":"category","embeddable":true,"href":"https:\/\/www.pressenza.com\/es\/wp-json\/wp\/v2\/categories?post=753"},{"taxonomy":"post_tag","embeddable":true,"href":"https:\/\/www.pressenza.com\/es\/wp-json\/wp\/v2\/tags?post=753"}],"curies":[{"name":"wp","href":"https:\/\/api.w.org\/{rel}","templated":true}]}}