{"id":751708,"date":"2018-11-07T14:03:10","date_gmt":"2018-11-07T14:03:10","guid":{"rendered":"https:\/\/www.pressenza.com\/?p=751708"},"modified":"2018-11-07T14:03:10","modified_gmt":"2018-11-07T14:03:10","slug":"foro-madrid-pressenza-ciudadanos-que-cuentan-la-historia-de-los-movimientos-sociales","status":"publish","type":"post","link":"https:\/\/www.pressenza.com\/es\/2018\/11\/foro-madrid-pressenza-ciudadanos-que-cuentan-la-historia-de-los-movimientos-sociales\/","title":{"rendered":"Foro Madrid, Pressenza: ciudadanos que cuentan la historia de los movimientos sociales"},"content":{"rendered":"<p>\u00ab<strong>La informaci\u00f3n es un bien social<\/strong>, <em>pero no puede haber objetividad en la informaci\u00f3n. El escritor tiene un inter\u00e9s propio y puede ser visto en lo que escribe<\/em>\u00bb (o no escribe). Para respaldarlo, <strong>Tony Robinson, codirector de Pressenza<\/strong>, miembro del Partido Humanista Internacional y Mundo sin Guerras y sin Violencia, en su intervenci\u00f3n en el <strong>II Foro Mundial sobre Violencia Urbana<\/strong> que se celebra en Madrid.<\/p>\n<p>El tema del encuentro fue \u00ab<em>El periodismo como sujeto activo para la construcci\u00f3n de una cultura de paz y no violencia<\/em>\u00ab. Robinson denunci\u00f3 la \u00ab<strong>estructura sist\u00e9mica de opresi\u00f3n<\/strong>\u00bb que existe hoy en d\u00eda y que, por lo tanto, \u00ab<em>nuestra acci\u00f3n no s\u00f3lo est\u00e1 representada por la informaci\u00f3n, sino tambi\u00e9n por la de estar con los movimientos sociales, en la calle, para recoger, contar, promover las diferentes cosas buenas que tienen lugar en el mundo<\/em>\u00ab, iniciativas positivas, pero tambi\u00e9n manifestaciones de disenso del poder.<\/p>\n<p>Por lo tanto, el objetivo que la agencia internacional de noticias <strong>Pressenza<\/strong> tiene como prioridad es \u00ab<strong>crear una red entre las diferentes actividades<\/strong>\u00ab, concluy\u00f3 Robinson.<\/p>\n<p>En la reuni\u00f3n tambi\u00e9n se abord\u00f3 el tema del lenguaje correcto del periodista. Un participante se\u00f1al\u00f3 el uso actual de palabras con una connotaci\u00f3n positiva que esconden gestos terribles: el llamado, por ejemplo, \u00ab<em>little boy<\/em>\u00bb (ni\u00f1o peque\u00f1o), la bomba arrojada sobre Hiroshima. Habr\u00eda a\u00f1adido otro ejemplo: la definici\u00f3n de \u00ab<em>neutralizaci\u00f3n<\/em>\u00bb como el asesinato prodigioso de un presunto terrorista. Otro participante en el encuentro subray\u00f3 el peligro que representa la difusi\u00f3n de \u00ab<strong>noticias falsas<\/strong>\u00bb (<em>rumores<\/em>) en las redes sociales, proponiendo un \u00ab<em>control de la calidad de la informaci\u00f3n<\/em>\u00ab. Control, que, sin embargo, si se pone en manos del gobierno -sugiri\u00f3 otro participante en la reuni\u00f3n- podr\u00eda convertirse en una forma de censura.<\/p>\n<p>La reuni\u00f3n termin\u00f3 con la invitaci\u00f3n a una \u00ab<em>llamada a la acci\u00f3n<\/em>\u00ab, incluyendo la invitaci\u00f3n a <strong>unirse a la familia de corresponsales de Pressenza <\/strong>en su ciudad.<\/p>\n","protected":false},"excerpt":{"rendered":"<p>\u00abLa informaci\u00f3n es un bien social, pero no puede haber objetividad en la informaci\u00f3n. El escritor tiene un inter\u00e9s propio y puede ser visto en lo que escribe\u00bb (o no escribe). Para respaldarlo, Tony Robinson, codirector de Pressenza, miembro del&hellip;<\/p>\n","protected":false},"author":1284,"featured_media":260042,"comment_status":"closed","ping_status":"closed","sticky":false,"template":"","format":"standard","meta":{"footnotes":""},"categories":[11389,75,66],"tags":[51532,51520,22801],"class_list":["post-751708","post","type-post","status-publish","format-standard","has-post-thumbnail","hentry","category-contenido-original","category-cultura-es","category-europa-es","tag-foro-mundial-sobre-violencia-urbana","tag-forum-mondiale-sulle-violenze-urbane-es","tag-pressenza-italia"],"yoast_head":"<!-- This site is optimized with the Yoast SEO plugin v27.1.1 - https:\/\/yoast.com\/product\/yoast-seo-wordpress\/ -->\n<title>Foro Madrid, Pressenza: ciudadanos que cuentan la historia de los movimientos sociales<\/title>\n<meta name=\"description\" content=\"&quot;La informaci\u00f3n es un bien social, pero no puede haber objetividad en la informaci\u00f3n. El escritor tiene un inter\u00e9s propio y puede ser visto en lo que\" \/>\n<meta name=\"robots\" content=\"index, follow, max-snippet:-1, max-image-preview:large, max-video-preview:-1\" \/>\n<link rel=\"canonical\" href=\"https:\/\/www.pressenza.com\/es\/2018\/11\/foro-madrid-pressenza-ciudadanos-que-cuentan-la-historia-de-los-movimientos-sociales\/\" \/>\n<meta property=\"og:locale\" content=\"es_ES\" \/>\n<meta property=\"og:type\" content=\"article\" \/>\n<meta property=\"og:title\" content=\"Foro Madrid, Pressenza: ciudadanos que cuentan la historia de los movimientos sociales\" \/>\n<meta property=\"og:description\" content=\"&quot;La informaci\u00f3n es un bien social, pero no puede haber objetividad en la informaci\u00f3n. El escritor tiene un inter\u00e9s propio y puede ser visto en lo que\" \/>\n<meta property=\"og:url\" content=\"https:\/\/www.pressenza.com\/es\/2018\/11\/foro-madrid-pressenza-ciudadanos-que-cuentan-la-historia-de-los-movimientos-sociales\/\" \/>\n<meta property=\"og:site_name\" content=\"Pressenza\" \/>\n<meta property=\"article:publisher\" content=\"https:\/\/www.facebook.com\/PressenzaItalia\" \/>\n<meta property=\"article:published_time\" content=\"2018-11-07T14:03:10+00:00\" \/>\n<meta property=\"og:image\" content=\"https:\/\/www.pressenza.com\/wp-content\/uploads\/2015\/12\/Interview-w-Tony-Robinson-on-Nuclear-in-Ecuador.png\" \/>\n\t<meta property=\"og:image:width\" content=\"1129\" \/>\n\t<meta property=\"og:image:height\" content=\"645\" \/>\n\t<meta property=\"og:image:type\" content=\"image\/png\" \/>\n<meta name=\"author\" content=\"Natale Salvo\" \/>\n<meta name=\"twitter:card\" content=\"summary_large_image\" \/>\n<meta name=\"twitter:creator\" content=\"@PressenzaIPA\" \/>\n<meta name=\"twitter:site\" content=\"@PressenzaIPA\" \/>\n<meta name=\"twitter:label1\" content=\"Escrito por\" \/>\n\t<meta name=\"twitter:data1\" content=\"Natale Salvo\" \/>\n\t<meta name=\"twitter:label2\" content=\"Tiempo de lectura\" \/>\n\t<meta name=\"twitter:data2\" content=\"2 minutos\" \/>\n<script type=\"application\/ld+json\" class=\"yoast-schema-graph\">{\"@context\":\"https:\/\/schema.org\",\"@graph\":[{\"@type\":\"Article\",\"@id\":\"https:\/\/www.pressenza.com\/es\/2018\/11\/foro-madrid-pressenza-ciudadanos-que-cuentan-la-historia-de-los-movimientos-sociales\/#article\",\"isPartOf\":{\"@id\":\"https:\/\/www.pressenza.com\/es\/2018\/11\/foro-madrid-pressenza-ciudadanos-que-cuentan-la-historia-de-los-movimientos-sociales\/\"},\"author\":{\"name\":\"Natale Salvo\",\"@id\":\"https:\/\/www.pressenza.com\/es\/#\/schema\/person\/dfdba7d9ea928e4a93ced607c353757c\"},\"headline\":\"Foro Madrid, Pressenza: ciudadanos que cuentan la historia de los movimientos sociales\",\"datePublished\":\"2018-11-07T14:03:10+00:00\",\"mainEntityOfPage\":{\"@id\":\"https:\/\/www.pressenza.com\/es\/2018\/11\/foro-madrid-pressenza-ciudadanos-que-cuentan-la-historia-de-los-movimientos-sociales\/\"},\"wordCount\":355,\"publisher\":{\"@id\":\"https:\/\/www.pressenza.com\/es\/#organization\"},\"image\":{\"@id\":\"https:\/\/www.pressenza.com\/es\/2018\/11\/foro-madrid-pressenza-ciudadanos-que-cuentan-la-historia-de-los-movimientos-sociales\/#primaryimage\"},\"thumbnailUrl\":\"https:\/\/www.pressenza.com\/wp-content\/uploads\/2015\/12\/Interview-w-Tony-Robinson-on-Nuclear-in-Ecuador.png\",\"keywords\":[\"Foro Mundial sobre Violencia Urbana\",\"Forum Mondiale sulle violenze urbane\",\"Pressenza Italia\"],\"articleSection\":[\"Contenido Original\",\"Cultura y Medios\",\"Europa\"],\"inLanguage\":\"es\"},{\"@type\":\"WebPage\",\"@id\":\"https:\/\/www.pressenza.com\/es\/2018\/11\/foro-madrid-pressenza-ciudadanos-que-cuentan-la-historia-de-los-movimientos-sociales\/\",\"url\":\"https:\/\/www.pressenza.com\/es\/2018\/11\/foro-madrid-pressenza-ciudadanos-que-cuentan-la-historia-de-los-movimientos-sociales\/\",\"name\":\"Foro Madrid, Pressenza: ciudadanos que cuentan la historia de los movimientos sociales\",\"isPartOf\":{\"@id\":\"https:\/\/www.pressenza.com\/es\/#website\"},\"primaryImageOfPage\":{\"@id\":\"https:\/\/www.pressenza.com\/es\/2018\/11\/foro-madrid-pressenza-ciudadanos-que-cuentan-la-historia-de-los-movimientos-sociales\/#primaryimage\"},\"image\":{\"@id\":\"https:\/\/www.pressenza.com\/es\/2018\/11\/foro-madrid-pressenza-ciudadanos-que-cuentan-la-historia-de-los-movimientos-sociales\/#primaryimage\"},\"thumbnailUrl\":\"https:\/\/www.pressenza.com\/wp-content\/uploads\/2015\/12\/Interview-w-Tony-Robinson-on-Nuclear-in-Ecuador.png\",\"datePublished\":\"2018-11-07T14:03:10+00:00\",\"description\":\"\\\"La informaci\u00f3n es un bien social, pero no puede haber objetividad en la informaci\u00f3n. El escritor tiene un inter\u00e9s propio y puede ser visto en lo que\",\"breadcrumb\":{\"@id\":\"https:\/\/www.pressenza.com\/es\/2018\/11\/foro-madrid-pressenza-ciudadanos-que-cuentan-la-historia-de-los-movimientos-sociales\/#breadcrumb\"},\"inLanguage\":\"es\",\"potentialAction\":[{\"@type\":\"ReadAction\",\"target\":[\"https:\/\/www.pressenza.com\/es\/2018\/11\/foro-madrid-pressenza-ciudadanos-que-cuentan-la-historia-de-los-movimientos-sociales\/\"]}]},{\"@type\":\"ImageObject\",\"inLanguage\":\"es\",\"@id\":\"https:\/\/www.pressenza.com\/es\/2018\/11\/foro-madrid-pressenza-ciudadanos-que-cuentan-la-historia-de-los-movimientos-sociales\/#primaryimage\",\"url\":\"https:\/\/www.pressenza.com\/wp-content\/uploads\/2015\/12\/Interview-w-Tony-Robinson-on-Nuclear-in-Ecuador.png\",\"contentUrl\":\"https:\/\/www.pressenza.com\/wp-content\/uploads\/2015\/12\/Interview-w-Tony-Robinson-on-Nuclear-in-Ecuador.png\",\"width\":1129,\"height\":645,\"caption\":\"Tony Robinson\"},{\"@type\":\"BreadcrumbList\",\"@id\":\"https:\/\/www.pressenza.com\/es\/2018\/11\/foro-madrid-pressenza-ciudadanos-que-cuentan-la-historia-de-los-movimientos-sociales\/#breadcrumb\",\"itemListElement\":[{\"@type\":\"ListItem\",\"position\":1,\"name\":\"Accueil\",\"item\":\"https:\/\/www.pressenza.com\/es\/\"},{\"@type\":\"ListItem\",\"position\":2,\"name\":\"Foro Madrid, Pressenza: ciudadanos que cuentan la historia de los movimientos sociales\"}]},{\"@type\":\"WebSite\",\"@id\":\"https:\/\/www.pressenza.com\/es\/#website\",\"url\":\"https:\/\/www.pressenza.com\/es\/\",\"name\":\"Pressenza\",\"description\":\"International Press Agency\",\"publisher\":{\"@id\":\"https:\/\/www.pressenza.com\/es\/#organization\"},\"potentialAction\":[{\"@type\":\"SearchAction\",\"target\":{\"@type\":\"EntryPoint\",\"urlTemplate\":\"https:\/\/www.pressenza.com\/es\/?s={search_term_string}\"},\"query-input\":{\"@type\":\"PropertyValueSpecification\",\"valueRequired\":true,\"valueName\":\"search_term_string\"}}],\"inLanguage\":\"es\"},{\"@type\":\"Organization\",\"@id\":\"https:\/\/www.pressenza.com\/es\/#organization\",\"name\":\"Pressenza\",\"url\":\"https:\/\/www.pressenza.com\/es\/\",\"logo\":{\"@type\":\"ImageObject\",\"inLanguage\":\"es\",\"@id\":\"https:\/\/www.pressenza.com\/es\/#\/schema\/logo\/image\/\",\"url\":\"https:\/\/www.pressenza.com\/wp-content\/uploads\/2022\/10\/pressenza_logo_200x200.jpg\",\"contentUrl\":\"https:\/\/www.pressenza.com\/wp-content\/uploads\/2022\/10\/pressenza_logo_200x200.jpg\",\"width\":200,\"height\":200,\"caption\":\"Pressenza\"},\"image\":{\"@id\":\"https:\/\/www.pressenza.com\/es\/#\/schema\/logo\/image\/\"},\"sameAs\":[\"https:\/\/www.facebook.com\/PressenzaItalia\",\"https:\/\/x.com\/PressenzaIPA\"]},{\"@type\":\"Person\",\"@id\":\"https:\/\/www.pressenza.com\/es\/#\/schema\/person\/dfdba7d9ea928e4a93ced607c353757c\",\"name\":\"Natale Salvo\",\"description\":\"Nato e cresciuto nella terra del \u201cGattopardo\u201d, la Sicilia. Ha dedicato la propria esistenza all'impegno sociale. Allenatore di una squadretta di calcio di periferia, presidente del circolo di Legambiente, candidato sindaco per il Partito Umanista. Infine blogger d\u2019inchiesta; ha pagato le sue denunce di cattiva amministrazione con una persecuzione per via giudiziaria. E' autore del libro \\\"La rivoluzione copernicana chiamata Reddito di Base\\\", edito da Multimage, Firenze.\",\"url\":\"https:\/\/www.pressenza.com\/es\/author\/natale-salvo\/\"}]}<\/script>\n<!-- \/ Yoast SEO plugin. -->","yoast_head_json":{"title":"Foro Madrid, Pressenza: ciudadanos que cuentan la historia de los movimientos sociales","description":"\"La informaci\u00f3n es un bien social, pero no puede haber objetividad en la informaci\u00f3n. El escritor tiene un inter\u00e9s propio y puede ser visto en lo que","robots":{"index":"index","follow":"follow","max-snippet":"max-snippet:-1","max-image-preview":"max-image-preview:large","max-video-preview":"max-video-preview:-1"},"canonical":"https:\/\/www.pressenza.com\/es\/2018\/11\/foro-madrid-pressenza-ciudadanos-que-cuentan-la-historia-de-los-movimientos-sociales\/","og_locale":"es_ES","og_type":"article","og_title":"Foro Madrid, Pressenza: ciudadanos que cuentan la historia de los movimientos sociales","og_description":"\"La informaci\u00f3n es un bien social, pero no puede haber objetividad en la informaci\u00f3n. El escritor tiene un inter\u00e9s propio y puede ser visto en lo que","og_url":"https:\/\/www.pressenza.com\/es\/2018\/11\/foro-madrid-pressenza-ciudadanos-que-cuentan-la-historia-de-los-movimientos-sociales\/","og_site_name":"Pressenza","article_publisher":"https:\/\/www.facebook.com\/PressenzaItalia","article_published_time":"2018-11-07T14:03:10+00:00","og_image":[{"width":1129,"height":645,"url":"https:\/\/www.pressenza.com\/wp-content\/uploads\/2015\/12\/Interview-w-Tony-Robinson-on-Nuclear-in-Ecuador.png","type":"image\/png"}],"author":"Natale Salvo","twitter_card":"summary_large_image","twitter_creator":"@PressenzaIPA","twitter_site":"@PressenzaIPA","twitter_misc":{"Escrito por":"Natale Salvo","Tiempo de lectura":"2 minutos"},"schema":{"@context":"https:\/\/schema.org","@graph":[{"@type":"Article","@id":"https:\/\/www.pressenza.com\/es\/2018\/11\/foro-madrid-pressenza-ciudadanos-que-cuentan-la-historia-de-los-movimientos-sociales\/#article","isPartOf":{"@id":"https:\/\/www.pressenza.com\/es\/2018\/11\/foro-madrid-pressenza-ciudadanos-que-cuentan-la-historia-de-los-movimientos-sociales\/"},"author":{"name":"Natale Salvo","@id":"https:\/\/www.pressenza.com\/es\/#\/schema\/person\/dfdba7d9ea928e4a93ced607c353757c"},"headline":"Foro Madrid, Pressenza: ciudadanos que cuentan la historia de los movimientos sociales","datePublished":"2018-11-07T14:03:10+00:00","mainEntityOfPage":{"@id":"https:\/\/www.pressenza.com\/es\/2018\/11\/foro-madrid-pressenza-ciudadanos-que-cuentan-la-historia-de-los-movimientos-sociales\/"},"wordCount":355,"publisher":{"@id":"https:\/\/www.pressenza.com\/es\/#organization"},"image":{"@id":"https:\/\/www.pressenza.com\/es\/2018\/11\/foro-madrid-pressenza-ciudadanos-que-cuentan-la-historia-de-los-movimientos-sociales\/#primaryimage"},"thumbnailUrl":"https:\/\/www.pressenza.com\/wp-content\/uploads\/2015\/12\/Interview-w-Tony-Robinson-on-Nuclear-in-Ecuador.png","keywords":["Foro Mundial sobre Violencia Urbana","Forum Mondiale sulle violenze urbane","Pressenza Italia"],"articleSection":["Contenido Original","Cultura y Medios","Europa"],"inLanguage":"es"},{"@type":"WebPage","@id":"https:\/\/www.pressenza.com\/es\/2018\/11\/foro-madrid-pressenza-ciudadanos-que-cuentan-la-historia-de-los-movimientos-sociales\/","url":"https:\/\/www.pressenza.com\/es\/2018\/11\/foro-madrid-pressenza-ciudadanos-que-cuentan-la-historia-de-los-movimientos-sociales\/","name":"Foro Madrid, Pressenza: ciudadanos que cuentan la historia de los movimientos sociales","isPartOf":{"@id":"https:\/\/www.pressenza.com\/es\/#website"},"primaryImageOfPage":{"@id":"https:\/\/www.pressenza.com\/es\/2018\/11\/foro-madrid-pressenza-ciudadanos-que-cuentan-la-historia-de-los-movimientos-sociales\/#primaryimage"},"image":{"@id":"https:\/\/www.pressenza.com\/es\/2018\/11\/foro-madrid-pressenza-ciudadanos-que-cuentan-la-historia-de-los-movimientos-sociales\/#primaryimage"},"thumbnailUrl":"https:\/\/www.pressenza.com\/wp-content\/uploads\/2015\/12\/Interview-w-Tony-Robinson-on-Nuclear-in-Ecuador.png","datePublished":"2018-11-07T14:03:10+00:00","description":"\"La informaci\u00f3n es un bien social, pero no puede haber objetividad en la informaci\u00f3n. El escritor tiene un inter\u00e9s propio y puede ser visto en lo que","breadcrumb":{"@id":"https:\/\/www.pressenza.com\/es\/2018\/11\/foro-madrid-pressenza-ciudadanos-que-cuentan-la-historia-de-los-movimientos-sociales\/#breadcrumb"},"inLanguage":"es","potentialAction":[{"@type":"ReadAction","target":["https:\/\/www.pressenza.com\/es\/2018\/11\/foro-madrid-pressenza-ciudadanos-que-cuentan-la-historia-de-los-movimientos-sociales\/"]}]},{"@type":"ImageObject","inLanguage":"es","@id":"https:\/\/www.pressenza.com\/es\/2018\/11\/foro-madrid-pressenza-ciudadanos-que-cuentan-la-historia-de-los-movimientos-sociales\/#primaryimage","url":"https:\/\/www.pressenza.com\/wp-content\/uploads\/2015\/12\/Interview-w-Tony-Robinson-on-Nuclear-in-Ecuador.png","contentUrl":"https:\/\/www.pressenza.com\/wp-content\/uploads\/2015\/12\/Interview-w-Tony-Robinson-on-Nuclear-in-Ecuador.png","width":1129,"height":645,"caption":"Tony Robinson"},{"@type":"BreadcrumbList","@id":"https:\/\/www.pressenza.com\/es\/2018\/11\/foro-madrid-pressenza-ciudadanos-que-cuentan-la-historia-de-los-movimientos-sociales\/#breadcrumb","itemListElement":[{"@type":"ListItem","position":1,"name":"Accueil","item":"https:\/\/www.pressenza.com\/es\/"},{"@type":"ListItem","position":2,"name":"Foro Madrid, Pressenza: ciudadanos que cuentan la historia de los movimientos sociales"}]},{"@type":"WebSite","@id":"https:\/\/www.pressenza.com\/es\/#website","url":"https:\/\/www.pressenza.com\/es\/","name":"Pressenza","description":"International Press Agency","publisher":{"@id":"https:\/\/www.pressenza.com\/es\/#organization"},"potentialAction":[{"@type":"SearchAction","target":{"@type":"EntryPoint","urlTemplate":"https:\/\/www.pressenza.com\/es\/?s={search_term_string}"},"query-input":{"@type":"PropertyValueSpecification","valueRequired":true,"valueName":"search_term_string"}}],"inLanguage":"es"},{"@type":"Organization","@id":"https:\/\/www.pressenza.com\/es\/#organization","name":"Pressenza","url":"https:\/\/www.pressenza.com\/es\/","logo":{"@type":"ImageObject","inLanguage":"es","@id":"https:\/\/www.pressenza.com\/es\/#\/schema\/logo\/image\/","url":"https:\/\/www.pressenza.com\/wp-content\/uploads\/2022\/10\/pressenza_logo_200x200.jpg","contentUrl":"https:\/\/www.pressenza.com\/wp-content\/uploads\/2022\/10\/pressenza_logo_200x200.jpg","width":200,"height":200,"caption":"Pressenza"},"image":{"@id":"https:\/\/www.pressenza.com\/es\/#\/schema\/logo\/image\/"},"sameAs":["https:\/\/www.facebook.com\/PressenzaItalia","https:\/\/x.com\/PressenzaIPA"]},{"@type":"Person","@id":"https:\/\/www.pressenza.com\/es\/#\/schema\/person\/dfdba7d9ea928e4a93ced607c353757c","name":"Natale Salvo","description":"Nato e cresciuto nella terra del \u201cGattopardo\u201d, la Sicilia. Ha dedicato la propria esistenza all'impegno sociale. Allenatore di una squadretta di calcio di periferia, presidente del circolo di Legambiente, candidato sindaco per il Partito Umanista. Infine blogger d\u2019inchiesta; ha pagato le sue denunce di cattiva amministrazione con una persecuzione per via giudiziaria. E' autore del libro \"La rivoluzione copernicana chiamata Reddito di Base\", edito da Multimage, Firenze.","url":"https:\/\/www.pressenza.com\/es\/author\/natale-salvo\/"}]}},"place":"Madrid","original_article_url":"","_links":{"self":[{"href":"https:\/\/www.pressenza.com\/es\/wp-json\/wp\/v2\/posts\/751708","targetHints":{"allow":["GET"]}}],"collection":[{"href":"https:\/\/www.pressenza.com\/es\/wp-json\/wp\/v2\/posts"}],"about":[{"href":"https:\/\/www.pressenza.com\/es\/wp-json\/wp\/v2\/types\/post"}],"author":[{"embeddable":true,"href":"https:\/\/www.pressenza.com\/es\/wp-json\/wp\/v2\/users\/1284"}],"replies":[{"embeddable":true,"href":"https:\/\/www.pressenza.com\/es\/wp-json\/wp\/v2\/comments?post=751708"}],"version-history":[{"count":0,"href":"https:\/\/www.pressenza.com\/es\/wp-json\/wp\/v2\/posts\/751708\/revisions"}],"wp:featuredmedia":[{"embeddable":true,"href":"https:\/\/www.pressenza.com\/es\/wp-json\/wp\/v2\/media\/260042"}],"wp:attachment":[{"href":"https:\/\/www.pressenza.com\/es\/wp-json\/wp\/v2\/media?parent=751708"}],"wp:term":[{"taxonomy":"category","embeddable":true,"href":"https:\/\/www.pressenza.com\/es\/wp-json\/wp\/v2\/categories?post=751708"},{"taxonomy":"post_tag","embeddable":true,"href":"https:\/\/www.pressenza.com\/es\/wp-json\/wp\/v2\/tags?post=751708"}],"curies":[{"name":"wp","href":"https:\/\/api.w.org\/{rel}","templated":true}]}}