{"id":751365,"date":"2018-11-06T22:55:57","date_gmt":"2018-11-06T22:55:57","guid":{"rendered":"https:\/\/www.pressenza.com\/?p=751365"},"modified":"2018-11-06T22:55:57","modified_gmt":"2018-11-06T22:55:57","slug":"llegan-a-espana-los-consejos-permanentes-por-la-noviolencia-activa","status":"publish","type":"post","link":"https:\/\/www.pressenza.com\/es\/2018\/11\/llegan-a-espana-los-consejos-permanentes-por-la-noviolencia-activa\/","title":{"rendered":"Llegan a Espa\u00f1a los Consejos Permanentes por la Noviolencia Activa"},"content":{"rendered":"<blockquote><p>Entrevistamos a Ricardo Lucero, argentino, miembro de los Consejos Permanentes por la Noviolencia Activa. Un proyecto que ya tiene hace quince a\u00f1os y que trabaja desmontando la violencia.<\/p>\n<p>La organizaci\u00f3n es descentralizada y toda la informaci\u00f3n est\u00e1 en las redes.<\/p><\/blockquote>\n<p><em><strong>V\u00eddeo \u00c1lvaro Or\u00fas\u00a0 \/\u00a0 <\/strong><\/em><em><strong>Redacci\u00f3n: Juana P\u00e9rez Montero y Tony Robinson<\/strong><\/em><\/p>\n<p>\u00abMi nombre es Ricardo Lucero. Yo vengo de Argentina, invitado por Philippe [Moal] y por la Alcald\u00eda [de Madrid] para desarrollar el tema y presentar el tema de los <a href=\"http:\/\/www.consejosnoviolencia.org\/\">Consejos Permanentes de No-violencia<\/a>\u00ab, as\u00ed se presenta este miembro de un colectivo que trabaja por eliminar la violencia.<\/p>\n<p><iframe loading=\"lazy\" title=\"Ricardo Lucero\" width=\"500\" height=\"281\" src=\"https:\/\/www.youtube.com\/embed\/KfTZFVIOaKk?feature=oembed\" frameborder=\"0\" allow=\"accelerometer; autoplay; clipboard-write; encrypted-media; gyroscope; picture-in-picture; web-share\" referrerpolicy=\"strict-origin-when-cross-origin\" allowfullscreen><\/iframe><\/p>\n<p><strong>Pressenza.-<\/strong> <strong>\u00bfQu\u00e9 son los Consejos Permanentes por la Noviolencia Activa?<\/strong><\/p>\n<p><strong>Ricardo Lucero.-<\/strong> Son esencialmente un m\u00e9todo que nosotros distribuimos libremente por distintas v\u00edas y sobre todo instituciones que est\u00e1n necesitando trabajar con el tema de la noviolencia, no solamente registrar la violencia que es por d\u00f3nde se empieza, pero b\u00e1sicamente crear \u00e1mbitos no violentos de intercambio tanto en la sensaci\u00f3n interna de paz, de alegr\u00eda, de fuerza, como en el sistema de relaciones coherentes.<\/p>\n<p><strong>Pressenza.-<\/strong> <strong>Tratan el tema de la violencia individual dentro del contexto social en el que el individuo se mueve\u2026<\/strong><\/p>\n<p><strong>Ricardo Lucero.-<\/strong> Bueno, digamos que nosotros trabajamos psicosocialmente o sea esos son nuestros modelos, entonces vemos en tres planos: el individuo, su sistema de relaciones cercano institucional formal o informal y un sistema socio-comunitario que es fuertemente determinante a trav\u00e9s de esas instituciones de la formaci\u00f3n del individuo. Entonces tratamos de que el individuo tenga menos dependencia de esa bajada de informaci\u00f3n cultural y pueda generar su propia cultura noviolenta a trav\u00e9s de sus registros, sus sensaciones, su afinidad con la gente, su forma de organizaci\u00f3n horizontal descentralizada, etc.<\/p>\n<p><strong>Pressenza.-<\/strong> <strong>Este proyecto encaja muy bien dentro del Foro. \u00bfQu\u00e9 os est\u00e1 aportando el Foro y qu\u00e9 pod\u00e9is aportar vosotros a quienes se acerquen?<\/strong><\/p>\n<p><strong>Ricardo Lucero.-<\/strong> Me parece fundamental para el tema de la violencia no solamente que haya un discurso claro sino que haya una vivencia clara de la relaci\u00f3n, digamos afectivo, de simpat\u00eda, de empat\u00eda, etc\u00e9tera. Entonces normalmente nuestra cultura tiene excelentes discursos en el caso de que haya buena voluntad en relaci\u00f3n a la paz pero las personas est\u00e1n un poco anestesiadas en relaci\u00f3n a sentir al otro, entonces, por m\u00e1s buena voluntad muchas veces que haya de una persona de querer ayudar a otros, al no ver la situaci\u00f3n de la otra persona en su entorno, esa anestesia dificulta mucho las relaciones de ayuda, entonces nosotros lo que hacemos es un entrenamiento, para nosotros muy importante, de la persona en los tres planos: en el plano de la intimidad personal, en el plano del sistema de relaciones coherentes, y en darse cuenta que no vive en un mundo con valores que lo forman pero tambi\u00e9n uno podr\u00eda formar a trav\u00e9s de una nueva cultura, la cultura de la no violencia que se puede aprender c\u00f3mo la violencia.<\/p>\n<p><strong>Pressenza.-<\/strong> <strong>\u00bfEn qu\u00e9 campo trabaj\u00e1is?<\/strong><\/p>\n<p><strong>Ricardo Lucero.- <\/strong>El campo es b\u00e1sicamente el de la entrega, qu\u00e9 quiere decir que se le da a todas las personas que as\u00ed lo solicitan, sean instituciones o particulares y ellos lo llevan libres a sus grupos de pertenencia. Hace muchos a\u00f1os nosotros trabajamos con universidades, con hospitales, en distintos pa\u00edses, sencillamente entregando el m\u00e9todo y ellos lo traducen de acuerdo a los m\u00e9dicos, a sus necesidades los trabajadores sociales, etc.<\/p>\n<p><strong>Pressenza.-<\/strong> <strong>Llev\u00e1is 15 a\u00f1os trabajando, \u00bfEn qu\u00e9 momento de desarrollo se encuentran?<\/strong><\/p>\n<p><strong>Ricardo Lucero.-<\/strong> Estamos formando los ladrillos para una nueva sociedad. Es muy probable que veamos una parte de esa nueva sociedad pero esos ladrillos, si fuera una casa, una construcci\u00f3n nueva de una sociedad, una nueva cultura, son ladrillos fundamentales por coherencia, hay que hacerlos aunque muchas veces uno no alcance a ver c\u00f3mo ser\u00e1 el futuro porque nadie puede, muy pocos, nosotros lo podemos imaginar pero s\u00ed sabemos que, si no hay ladrillitos aleg\u00f3ricamente hablando de noviolencia en el coraz\u00f3n de las personas, va a ser imposible una sociedad en paz.<\/p>\n<p><strong>Pressenza.- Ten\u00e9is una forma descentralizada de trabajar, en red\u2026<\/strong><\/p>\n<p><strong>Ricardo Lucero.-<\/strong> Bueno, donde lo toma la gente mira, ah\u00ed hay gente que nosotros ni sabemos que lo est\u00e1 trabajando porque damos libremente todo, el conocimiento es descentralizado, es horizontal, es libre de entrada y salida de acceso de la informaci\u00f3n completa, todo lo que yo s\u00e9 est\u00e1 todo en la red y todo lo que cada uno de cada especialista sabe entonces, bueno, los pa\u00edses hay muchos de gente que est\u00e1 trabajando no s\u00f3lo en el tipo de instituciones sino tambi\u00e9n digamos, por ejemplo, toda la mediaci\u00f3n en abogac\u00eda, digamos la administraci\u00f3n de hospitales o sea distinto tipo de organizaciones y el vecino, el vecino en su vida, con su grupo esa gente que viene y te dice yo le agradezco lo que usted me dijo porque usted no solamente me ayud\u00f3, me ayud\u00f3 a que yo comprendiera c\u00f3mo ayudar a mi gente porque ten\u00eda un problema grande\u2026 eso, para nosotros, es muy emocionante, esa gente entonces bueno un poco as\u00ed y se va diseminando libremente\u2026 Algunos conocemos pero por ah\u00ed viene gente que hace dos a\u00f1os que lo practica, nos cuenta \u2018oiga yo ya tengo todo armado\u2019\u2026<\/p>\n<p><strong>Pressenza.- \u00bfC\u00f3mo se os puede encontrar?<\/strong><\/p>\n<p><strong>Ricardo Lucero.-<\/strong> Hay una p\u00e1gina que es <a href=\"http:\/\/www.consejosnoviolencia.org\">www.consejosnoviolencia.org<\/a> tambi\u00e9n, en facebook , t\u00fa pones consejos permanentes por la no-violencia o m\u00e9todo triple de cambio\u2026 y despu\u00e9s todas las formas electr\u00f3nicas porque en todos lados hay presencia de v\u00eddeos de clases realizadas pedag\u00f3gicas mediante archivos. Son 15 a\u00f1os de experiencia, esto por ejemplo es un libro de 500 p\u00e1ginas pero ya no hay m\u00e1s esto, est\u00e1 todo en red, los bajas en un segundo y es la experiencia de las mejores experiencias en la noviolencia que hemos tenido durante 15 a\u00f1os con un contexto de un marco te\u00f3rico.<\/p>\n<p>&nbsp;<\/p>\n<p>&nbsp;<\/p>\n","protected":false},"excerpt":{"rendered":"<p>Entrevistamos a Ricardo Lucero, argentino, miembro de los Consejos Permanentes por la Noviolencia Activa. Un proyecto que ya tiene hace quince a\u00f1os y que trabaja desmontando la violencia. La organizaci\u00f3n es descentralizada y toda la informaci\u00f3n est\u00e1 en las redes.&hellip;<\/p>\n","protected":false},"author":94,"featured_media":751368,"comment_status":"closed","ping_status":"closed","sticky":false,"template":"","format":"standard","meta":{"footnotes":""},"categories":[11389,155,1242],"tags":[12896,1065,43712,16528],"class_list":["post-751365","post","type-post","status-publish","format-standard","has-post-thumbnail","hentry","category-contenido-original","category-entrevistas","category-noviolencia-tema","tag-consejos-permanentes-por-la-noviolencia-activa","tag-espana","tag-ii-foro-sobre-las-violencias-urbanas-y-la-educacion-para-la-convivencia-y-la-paz","tag-madrid-es"],"yoast_head":"<!-- This site is optimized with the Yoast SEO plugin v27.1.1 - https:\/\/yoast.com\/product\/yoast-seo-wordpress\/ -->\n<title>Llegan a Espa\u00f1a los Consejos Permanentes por la Noviolencia Activa<\/title>\n<meta name=\"description\" content=\"Entrevistamos a Ricardo Lucero, argentino, miembro de los Consejos Permanentes por la Noviolencia Activa. Un proyecto que ya tiene hace quince a\u00f1os y que\" \/>\n<meta name=\"robots\" content=\"index, follow, max-snippet:-1, max-image-preview:large, max-video-preview:-1\" \/>\n<link rel=\"canonical\" href=\"https:\/\/www.pressenza.com\/es\/2018\/11\/llegan-a-espana-los-consejos-permanentes-por-la-noviolencia-activa\/\" \/>\n<meta property=\"og:locale\" content=\"es_ES\" \/>\n<meta property=\"og:type\" content=\"article\" \/>\n<meta property=\"og:title\" content=\"Llegan a Espa\u00f1a los Consejos Permanentes por la Noviolencia Activa\" \/>\n<meta property=\"og:description\" content=\"Entrevistamos a Ricardo Lucero, argentino, miembro de los Consejos Permanentes por la Noviolencia Activa. Un proyecto que ya tiene hace quince a\u00f1os y que\" \/>\n<meta property=\"og:url\" content=\"https:\/\/www.pressenza.com\/es\/2018\/11\/llegan-a-espana-los-consejos-permanentes-por-la-noviolencia-activa\/\" \/>\n<meta property=\"og:site_name\" content=\"Pressenza\" \/>\n<meta property=\"article:publisher\" content=\"https:\/\/www.facebook.com\/PressenzaItalia\" \/>\n<meta property=\"article:author\" content=\"https:\/\/www.facebook.com\/pressenza\" \/>\n<meta property=\"article:published_time\" content=\"2018-11-06T22:55:57+00:00\" \/>\n<meta property=\"og:image\" content=\"https:\/\/www.pressenza.com\/wp-content\/uploads\/2018\/11\/Ricardo-Lucero.jpg\" \/>\n\t<meta property=\"og:image:width\" content=\"1000\" \/>\n\t<meta property=\"og:image:height\" content=\"588\" \/>\n\t<meta property=\"og:image:type\" content=\"image\/jpeg\" \/>\n<meta name=\"author\" content=\"Redacci\u00f3n Madrid\" \/>\n<meta name=\"twitter:card\" content=\"summary_large_image\" \/>\n<meta name=\"twitter:creator\" content=\"@pressenza\" \/>\n<meta name=\"twitter:site\" content=\"@PressenzaIPA\" \/>\n<meta name=\"twitter:label1\" content=\"Escrito por\" \/>\n\t<meta name=\"twitter:data1\" content=\"Redacci\u00f3n Madrid\" \/>\n\t<meta name=\"twitter:label2\" content=\"Tiempo de lectura\" \/>\n\t<meta name=\"twitter:data2\" content=\"5 minutos\" \/>\n<script type=\"application\/ld+json\" class=\"yoast-schema-graph\">{\"@context\":\"https:\/\/schema.org\",\"@graph\":[{\"@type\":\"Article\",\"@id\":\"https:\/\/www.pressenza.com\/es\/2018\/11\/llegan-a-espana-los-consejos-permanentes-por-la-noviolencia-activa\/#article\",\"isPartOf\":{\"@id\":\"https:\/\/www.pressenza.com\/es\/2018\/11\/llegan-a-espana-los-consejos-permanentes-por-la-noviolencia-activa\/\"},\"author\":{\"name\":\"Redacci\u00f3n Madrid\",\"@id\":\"https:\/\/www.pressenza.com\/es\/#\/schema\/person\/828fc40eeca2ad7be3630e5a46adba94\"},\"headline\":\"Llegan a Espa\u00f1a los Consejos Permanentes por la Noviolencia Activa\",\"datePublished\":\"2018-11-06T22:55:57+00:00\",\"mainEntityOfPage\":{\"@id\":\"https:\/\/www.pressenza.com\/es\/2018\/11\/llegan-a-espana-los-consejos-permanentes-por-la-noviolencia-activa\/\"},\"wordCount\":1061,\"publisher\":{\"@id\":\"https:\/\/www.pressenza.com\/es\/#organization\"},\"image\":{\"@id\":\"https:\/\/www.pressenza.com\/es\/2018\/11\/llegan-a-espana-los-consejos-permanentes-por-la-noviolencia-activa\/#primaryimage\"},\"thumbnailUrl\":\"https:\/\/www.pressenza.com\/wp-content\/uploads\/2018\/11\/Ricardo-Lucero.jpg\",\"keywords\":[\"Consejos Permanentes por la Noviolencia Activa\",\"Espa\u00f1a\",\"II Foro sobre las Violencias Urbanas y la Educaci\u00f3n para la Convivencia y la Paz\",\"Madrid\"],\"articleSection\":[\"Contenido Original\",\"Entrevistas\",\"Noviolencia\"],\"inLanguage\":\"es\"},{\"@type\":\"WebPage\",\"@id\":\"https:\/\/www.pressenza.com\/es\/2018\/11\/llegan-a-espana-los-consejos-permanentes-por-la-noviolencia-activa\/\",\"url\":\"https:\/\/www.pressenza.com\/es\/2018\/11\/llegan-a-espana-los-consejos-permanentes-por-la-noviolencia-activa\/\",\"name\":\"Llegan a Espa\u00f1a los Consejos Permanentes por la Noviolencia Activa\",\"isPartOf\":{\"@id\":\"https:\/\/www.pressenza.com\/es\/#website\"},\"primaryImageOfPage\":{\"@id\":\"https:\/\/www.pressenza.com\/es\/2018\/11\/llegan-a-espana-los-consejos-permanentes-por-la-noviolencia-activa\/#primaryimage\"},\"image\":{\"@id\":\"https:\/\/www.pressenza.com\/es\/2018\/11\/llegan-a-espana-los-consejos-permanentes-por-la-noviolencia-activa\/#primaryimage\"},\"thumbnailUrl\":\"https:\/\/www.pressenza.com\/wp-content\/uploads\/2018\/11\/Ricardo-Lucero.jpg\",\"datePublished\":\"2018-11-06T22:55:57+00:00\",\"description\":\"Entrevistamos a Ricardo Lucero, argentino, miembro de los Consejos Permanentes por la Noviolencia Activa. Un proyecto que ya tiene hace quince a\u00f1os y que\",\"breadcrumb\":{\"@id\":\"https:\/\/www.pressenza.com\/es\/2018\/11\/llegan-a-espana-los-consejos-permanentes-por-la-noviolencia-activa\/#breadcrumb\"},\"inLanguage\":\"es\",\"potentialAction\":[{\"@type\":\"ReadAction\",\"target\":[\"https:\/\/www.pressenza.com\/es\/2018\/11\/llegan-a-espana-los-consejos-permanentes-por-la-noviolencia-activa\/\"]}]},{\"@type\":\"ImageObject\",\"inLanguage\":\"es\",\"@id\":\"https:\/\/www.pressenza.com\/es\/2018\/11\/llegan-a-espana-los-consejos-permanentes-por-la-noviolencia-activa\/#primaryimage\",\"url\":\"https:\/\/www.pressenza.com\/wp-content\/uploads\/2018\/11\/Ricardo-Lucero.jpg\",\"contentUrl\":\"https:\/\/www.pressenza.com\/wp-content\/uploads\/2018\/11\/Ricardo-Lucero.jpg\",\"width\":1000,\"height\":588},{\"@type\":\"BreadcrumbList\",\"@id\":\"https:\/\/www.pressenza.com\/es\/2018\/11\/llegan-a-espana-los-consejos-permanentes-por-la-noviolencia-activa\/#breadcrumb\",\"itemListElement\":[{\"@type\":\"ListItem\",\"position\":1,\"name\":\"Accueil\",\"item\":\"https:\/\/www.pressenza.com\/es\/\"},{\"@type\":\"ListItem\",\"position\":2,\"name\":\"Llegan a Espa\u00f1a los Consejos Permanentes por la Noviolencia Activa\"}]},{\"@type\":\"WebSite\",\"@id\":\"https:\/\/www.pressenza.com\/es\/#website\",\"url\":\"https:\/\/www.pressenza.com\/es\/\",\"name\":\"Pressenza\",\"description\":\"International Press Agency\",\"publisher\":{\"@id\":\"https:\/\/www.pressenza.com\/es\/#organization\"},\"potentialAction\":[{\"@type\":\"SearchAction\",\"target\":{\"@type\":\"EntryPoint\",\"urlTemplate\":\"https:\/\/www.pressenza.com\/es\/?s={search_term_string}\"},\"query-input\":{\"@type\":\"PropertyValueSpecification\",\"valueRequired\":true,\"valueName\":\"search_term_string\"}}],\"inLanguage\":\"es\"},{\"@type\":\"Organization\",\"@id\":\"https:\/\/www.pressenza.com\/es\/#organization\",\"name\":\"Pressenza\",\"url\":\"https:\/\/www.pressenza.com\/es\/\",\"logo\":{\"@type\":\"ImageObject\",\"inLanguage\":\"es\",\"@id\":\"https:\/\/www.pressenza.com\/es\/#\/schema\/logo\/image\/\",\"url\":\"https:\/\/www.pressenza.com\/wp-content\/uploads\/2022\/10\/pressenza_logo_200x200.jpg\",\"contentUrl\":\"https:\/\/www.pressenza.com\/wp-content\/uploads\/2022\/10\/pressenza_logo_200x200.jpg\",\"width\":200,\"height\":200,\"caption\":\"Pressenza\"},\"image\":{\"@id\":\"https:\/\/www.pressenza.com\/es\/#\/schema\/logo\/image\/\"},\"sameAs\":[\"https:\/\/www.facebook.com\/PressenzaItalia\",\"https:\/\/x.com\/PressenzaIPA\"]},{\"@type\":\"Person\",\"@id\":\"https:\/\/www.pressenza.com\/es\/#\/schema\/person\/828fc40eeca2ad7be3630e5a46adba94\",\"name\":\"Redacci\u00f3n Madrid\",\"description\":\"News from the Pressenza Bureau in Madrid, Spain\",\"sameAs\":[\"https:\/\/www.facebook.com\/pressenza\",\"https:\/\/x.com\/pressenza\"],\"url\":\"https:\/\/www.pressenza.com\/es\/author\/redaccion-madrid\/\"}]}<\/script>\n<!-- \/ Yoast SEO plugin. -->","yoast_head_json":{"title":"Llegan a Espa\u00f1a los Consejos Permanentes por la Noviolencia Activa","description":"Entrevistamos a Ricardo Lucero, argentino, miembro de los Consejos Permanentes por la Noviolencia Activa. Un proyecto que ya tiene hace quince a\u00f1os y que","robots":{"index":"index","follow":"follow","max-snippet":"max-snippet:-1","max-image-preview":"max-image-preview:large","max-video-preview":"max-video-preview:-1"},"canonical":"https:\/\/www.pressenza.com\/es\/2018\/11\/llegan-a-espana-los-consejos-permanentes-por-la-noviolencia-activa\/","og_locale":"es_ES","og_type":"article","og_title":"Llegan a Espa\u00f1a los Consejos Permanentes por la Noviolencia Activa","og_description":"Entrevistamos a Ricardo Lucero, argentino, miembro de los Consejos Permanentes por la Noviolencia Activa. Un proyecto que ya tiene hace quince a\u00f1os y que","og_url":"https:\/\/www.pressenza.com\/es\/2018\/11\/llegan-a-espana-los-consejos-permanentes-por-la-noviolencia-activa\/","og_site_name":"Pressenza","article_publisher":"https:\/\/www.facebook.com\/PressenzaItalia","article_author":"https:\/\/www.facebook.com\/pressenza","article_published_time":"2018-11-06T22:55:57+00:00","og_image":[{"width":1000,"height":588,"url":"https:\/\/www.pressenza.com\/wp-content\/uploads\/2018\/11\/Ricardo-Lucero.jpg","type":"image\/jpeg"}],"author":"Redacci\u00f3n Madrid","twitter_card":"summary_large_image","twitter_creator":"@pressenza","twitter_site":"@PressenzaIPA","twitter_misc":{"Escrito por":"Redacci\u00f3n Madrid","Tiempo de lectura":"5 minutos"},"schema":{"@context":"https:\/\/schema.org","@graph":[{"@type":"Article","@id":"https:\/\/www.pressenza.com\/es\/2018\/11\/llegan-a-espana-los-consejos-permanentes-por-la-noviolencia-activa\/#article","isPartOf":{"@id":"https:\/\/www.pressenza.com\/es\/2018\/11\/llegan-a-espana-los-consejos-permanentes-por-la-noviolencia-activa\/"},"author":{"name":"Redacci\u00f3n Madrid","@id":"https:\/\/www.pressenza.com\/es\/#\/schema\/person\/828fc40eeca2ad7be3630e5a46adba94"},"headline":"Llegan a Espa\u00f1a los Consejos Permanentes por la Noviolencia Activa","datePublished":"2018-11-06T22:55:57+00:00","mainEntityOfPage":{"@id":"https:\/\/www.pressenza.com\/es\/2018\/11\/llegan-a-espana-los-consejos-permanentes-por-la-noviolencia-activa\/"},"wordCount":1061,"publisher":{"@id":"https:\/\/www.pressenza.com\/es\/#organization"},"image":{"@id":"https:\/\/www.pressenza.com\/es\/2018\/11\/llegan-a-espana-los-consejos-permanentes-por-la-noviolencia-activa\/#primaryimage"},"thumbnailUrl":"https:\/\/www.pressenza.com\/wp-content\/uploads\/2018\/11\/Ricardo-Lucero.jpg","keywords":["Consejos Permanentes por la Noviolencia Activa","Espa\u00f1a","II Foro sobre las Violencias Urbanas y la Educaci\u00f3n para la Convivencia y la Paz","Madrid"],"articleSection":["Contenido Original","Entrevistas","Noviolencia"],"inLanguage":"es"},{"@type":"WebPage","@id":"https:\/\/www.pressenza.com\/es\/2018\/11\/llegan-a-espana-los-consejos-permanentes-por-la-noviolencia-activa\/","url":"https:\/\/www.pressenza.com\/es\/2018\/11\/llegan-a-espana-los-consejos-permanentes-por-la-noviolencia-activa\/","name":"Llegan a Espa\u00f1a los Consejos Permanentes por la Noviolencia Activa","isPartOf":{"@id":"https:\/\/www.pressenza.com\/es\/#website"},"primaryImageOfPage":{"@id":"https:\/\/www.pressenza.com\/es\/2018\/11\/llegan-a-espana-los-consejos-permanentes-por-la-noviolencia-activa\/#primaryimage"},"image":{"@id":"https:\/\/www.pressenza.com\/es\/2018\/11\/llegan-a-espana-los-consejos-permanentes-por-la-noviolencia-activa\/#primaryimage"},"thumbnailUrl":"https:\/\/www.pressenza.com\/wp-content\/uploads\/2018\/11\/Ricardo-Lucero.jpg","datePublished":"2018-11-06T22:55:57+00:00","description":"Entrevistamos a Ricardo Lucero, argentino, miembro de los Consejos Permanentes por la Noviolencia Activa. Un proyecto que ya tiene hace quince a\u00f1os y que","breadcrumb":{"@id":"https:\/\/www.pressenza.com\/es\/2018\/11\/llegan-a-espana-los-consejos-permanentes-por-la-noviolencia-activa\/#breadcrumb"},"inLanguage":"es","potentialAction":[{"@type":"ReadAction","target":["https:\/\/www.pressenza.com\/es\/2018\/11\/llegan-a-espana-los-consejos-permanentes-por-la-noviolencia-activa\/"]}]},{"@type":"ImageObject","inLanguage":"es","@id":"https:\/\/www.pressenza.com\/es\/2018\/11\/llegan-a-espana-los-consejos-permanentes-por-la-noviolencia-activa\/#primaryimage","url":"https:\/\/www.pressenza.com\/wp-content\/uploads\/2018\/11\/Ricardo-Lucero.jpg","contentUrl":"https:\/\/www.pressenza.com\/wp-content\/uploads\/2018\/11\/Ricardo-Lucero.jpg","width":1000,"height":588},{"@type":"BreadcrumbList","@id":"https:\/\/www.pressenza.com\/es\/2018\/11\/llegan-a-espana-los-consejos-permanentes-por-la-noviolencia-activa\/#breadcrumb","itemListElement":[{"@type":"ListItem","position":1,"name":"Accueil","item":"https:\/\/www.pressenza.com\/es\/"},{"@type":"ListItem","position":2,"name":"Llegan a Espa\u00f1a los Consejos Permanentes por la Noviolencia Activa"}]},{"@type":"WebSite","@id":"https:\/\/www.pressenza.com\/es\/#website","url":"https:\/\/www.pressenza.com\/es\/","name":"Pressenza","description":"International Press Agency","publisher":{"@id":"https:\/\/www.pressenza.com\/es\/#organization"},"potentialAction":[{"@type":"SearchAction","target":{"@type":"EntryPoint","urlTemplate":"https:\/\/www.pressenza.com\/es\/?s={search_term_string}"},"query-input":{"@type":"PropertyValueSpecification","valueRequired":true,"valueName":"search_term_string"}}],"inLanguage":"es"},{"@type":"Organization","@id":"https:\/\/www.pressenza.com\/es\/#organization","name":"Pressenza","url":"https:\/\/www.pressenza.com\/es\/","logo":{"@type":"ImageObject","inLanguage":"es","@id":"https:\/\/www.pressenza.com\/es\/#\/schema\/logo\/image\/","url":"https:\/\/www.pressenza.com\/wp-content\/uploads\/2022\/10\/pressenza_logo_200x200.jpg","contentUrl":"https:\/\/www.pressenza.com\/wp-content\/uploads\/2022\/10\/pressenza_logo_200x200.jpg","width":200,"height":200,"caption":"Pressenza"},"image":{"@id":"https:\/\/www.pressenza.com\/es\/#\/schema\/logo\/image\/"},"sameAs":["https:\/\/www.facebook.com\/PressenzaItalia","https:\/\/x.com\/PressenzaIPA"]},{"@type":"Person","@id":"https:\/\/www.pressenza.com\/es\/#\/schema\/person\/828fc40eeca2ad7be3630e5a46adba94","name":"Redacci\u00f3n Madrid","description":"News from the Pressenza Bureau in Madrid, Spain","sameAs":["https:\/\/www.facebook.com\/pressenza","https:\/\/x.com\/pressenza"],"url":"https:\/\/www.pressenza.com\/es\/author\/redaccion-madrid\/"}]}},"place":"","original_article_url":"","_links":{"self":[{"href":"https:\/\/www.pressenza.com\/es\/wp-json\/wp\/v2\/posts\/751365","targetHints":{"allow":["GET"]}}],"collection":[{"href":"https:\/\/www.pressenza.com\/es\/wp-json\/wp\/v2\/posts"}],"about":[{"href":"https:\/\/www.pressenza.com\/es\/wp-json\/wp\/v2\/types\/post"}],"author":[{"embeddable":true,"href":"https:\/\/www.pressenza.com\/es\/wp-json\/wp\/v2\/users\/94"}],"replies":[{"embeddable":true,"href":"https:\/\/www.pressenza.com\/es\/wp-json\/wp\/v2\/comments?post=751365"}],"version-history":[{"count":0,"href":"https:\/\/www.pressenza.com\/es\/wp-json\/wp\/v2\/posts\/751365\/revisions"}],"wp:featuredmedia":[{"embeddable":true,"href":"https:\/\/www.pressenza.com\/es\/wp-json\/wp\/v2\/media\/751368"}],"wp:attachment":[{"href":"https:\/\/www.pressenza.com\/es\/wp-json\/wp\/v2\/media?parent=751365"}],"wp:term":[{"taxonomy":"category","embeddable":true,"href":"https:\/\/www.pressenza.com\/es\/wp-json\/wp\/v2\/categories?post=751365"},{"taxonomy":"post_tag","embeddable":true,"href":"https:\/\/www.pressenza.com\/es\/wp-json\/wp\/v2\/tags?post=751365"}],"curies":[{"name":"wp","href":"https:\/\/api.w.org\/{rel}","templated":true}]}}