{"id":750638,"date":"2018-11-05T03:17:16","date_gmt":"2018-11-05T03:17:16","guid":{"rendered":"https:\/\/www.pressenza.com\/?p=750638"},"modified":"2018-11-05T03:18:04","modified_gmt":"2018-11-05T03:18:04","slug":"defensoria-del-pueblo-de-ecuador-reconoce-a-espacio-noviolento","status":"publish","type":"post","link":"https:\/\/www.pressenza.com\/es\/2018\/11\/defensoria-del-pueblo-de-ecuador-reconoce-a-espacio-noviolento\/","title":{"rendered":"Defensor\u00eda del Pueblo de Ecuador reconoce a Espacio NoViolento"},"content":{"rendered":"<p>Al cierre de Octubre NoViolento, en la \u00faltima actividad programada que fueron las Jornadas Internacionales de periodismo con un enfoque de paz y noviolencia, se abri\u00f3 un espacio al cierre de la jornada porque la\u00a0Defensor\u00eda del Pueblo de Ecuador iba a reconocer a Espacio NoViolento por su aporte al desarrollo de la noviolencia activa en el pa\u00eds.<\/p>\n<p>Este reconocimiento fue valorado positivamente por los colectivos y personas que conforman el Espacio NoViolento, el mismo que se define del siguiente modo:\u00a0 <em>\u00abQuienes creemos en la noviolencia activa y trabajamos por construirla tenemos un espacio abierto a la convergencia, a la colaboracio\u0301n, el dia\u0301logo, el intercambio, las nuevas ideas, la formacio\u0301n, el trabajo personal, ese que nos ayuda a superar nuestra violencia interna.<\/em><\/p>\n<div class=\"page\" title=\"Page 234\">\n<div class=\"section\">\n<div class=\"layoutArea\">\n<div class=\"column\">\n<p><em>El Espacio NoViolento es un lugar de encuentro en el que lo ma\u0301s importante son las personas; en el que respetamos la diversidad y la valoramos como oportunidad de crecimiento; en el que no creemos en verdades absolutas y, en cambio, creemos en la construccio\u0301n de la Nacio\u0301n Humana Universal, esa en el que cada ser humano tendra\u0301 las mismas oportunidades para realizarse plenamente, elevar su conciencia y trascender.\u00bb<\/em><\/p>\n<p>A continuaci\u00f3n un video realizado por Mariano Quiroga, editor de Pressenza Argentina, que fue uno de los ponentes en esas jornadas.<\/p>\n<\/div>\n<p><iframe loading=\"lazy\" title=\"Reconocimiento p\u00fablico a Espacio NoViolento\" width=\"500\" height=\"281\" src=\"https:\/\/www.youtube.com\/embed\/jAI3IGQ7D7o?feature=oembed\" frameborder=\"0\" allow=\"accelerometer; autoplay; clipboard-write; encrypted-media; gyroscope; picture-in-picture; web-share\" referrerpolicy=\"strict-origin-when-cross-origin\" allowfullscreen><\/iframe><\/p>\n<\/div>\n<\/div>\n<\/div>\n<div id=\"always-shown\" class=\"style-scope ytd-metadata-row-container-renderer\"><\/div>\n<div id=\"collapsible\" class=\"style-scope ytd-metadata-row-container-renderer\"><\/div>\n","protected":false},"excerpt":{"rendered":"<p>Al cierre de Octubre NoViolento, en la \u00faltima actividad programada que fueron las Jornadas Internacionales de periodismo con un enfoque de paz y noviolencia, se abri\u00f3 un espacio al cierre de la jornada porque la\u00a0Defensor\u00eda del Pueblo de Ecuador iba&hellip;<\/p>\n","protected":false},"author":487,"featured_media":0,"comment_status":"closed","ping_status":"closed","sticky":false,"template":"","format":"standard","meta":{"footnotes":""},"categories":[11389,1241,1240,46976,1242,161,1243,74,67,25678],"tags":[40468],"class_list":["post-750638","post","type-post","status-publish","format-standard","hentry","category-contenido-original","category-diversidad","category-humanismo-espiritualidad","category-jovenes","category-noviolencia-tema","category-opiniones","category-paz-desarme","category-politica-es","category-sudamerica","category-video-es","tag-espacio-noviolento"],"yoast_head":"<!-- This site is optimized with the Yoast SEO plugin v27.1.1 - https:\/\/yoast.com\/product\/yoast-seo-wordpress\/ -->\n<title>Defensor\u00eda del Pueblo de Ecuador reconoce a Espacio NoViolento<\/title>\n<meta name=\"description\" content=\"Al cierre de Octubre NoViolento, en la \u00faltima actividad programada que fueron las Jornadas Internacionales de periodismo con un enfoque de paz y\" \/>\n<meta name=\"robots\" content=\"index, follow, max-snippet:-1, max-image-preview:large, max-video-preview:-1\" \/>\n<link rel=\"canonical\" href=\"https:\/\/www.pressenza.com\/es\/2018\/11\/defensoria-del-pueblo-de-ecuador-reconoce-a-espacio-noviolento\/\" \/>\n<meta property=\"og:locale\" content=\"es_ES\" \/>\n<meta property=\"og:type\" content=\"article\" \/>\n<meta property=\"og:title\" content=\"Defensor\u00eda del Pueblo de Ecuador reconoce a Espacio NoViolento\" \/>\n<meta property=\"og:description\" content=\"Al cierre de Octubre NoViolento, en la \u00faltima actividad programada que fueron las Jornadas Internacionales de periodismo con un enfoque de paz y\" \/>\n<meta property=\"og:url\" content=\"https:\/\/www.pressenza.com\/es\/2018\/11\/defensoria-del-pueblo-de-ecuador-reconoce-a-espacio-noviolento\/\" \/>\n<meta property=\"og:site_name\" content=\"Pressenza\" \/>\n<meta property=\"article:publisher\" content=\"https:\/\/www.facebook.com\/PressenzaItalia\" \/>\n<meta property=\"article:published_time\" content=\"2018-11-05T03:17:16+00:00\" \/>\n<meta property=\"article:modified_time\" content=\"2018-11-05T03:18:04+00:00\" \/>\n<meta name=\"author\" content=\"Walker Vizcarra\" \/>\n<meta name=\"twitter:card\" content=\"summary_large_image\" \/>\n<meta name=\"twitter:creator\" content=\"@PressenzaIPA\" \/>\n<meta name=\"twitter:site\" content=\"@PressenzaIPA\" \/>\n<meta name=\"twitter:label1\" content=\"Escrito por\" \/>\n\t<meta name=\"twitter:data1\" content=\"Walker Vizcarra\" \/>\n\t<meta name=\"twitter:label2\" content=\"Tiempo de lectura\" \/>\n\t<meta name=\"twitter:data2\" content=\"1 minuto\" \/>\n<script type=\"application\/ld+json\" class=\"yoast-schema-graph\">{\"@context\":\"https:\/\/schema.org\",\"@graph\":[{\"@type\":\"Article\",\"@id\":\"https:\/\/www.pressenza.com\/es\/2018\/11\/defensoria-del-pueblo-de-ecuador-reconoce-a-espacio-noviolento\/#article\",\"isPartOf\":{\"@id\":\"https:\/\/www.pressenza.com\/es\/2018\/11\/defensoria-del-pueblo-de-ecuador-reconoce-a-espacio-noviolento\/\"},\"author\":{\"name\":\"Walker Vizcarra\",\"@id\":\"https:\/\/www.pressenza.com\/es\/#\/schema\/person\/304df3c2fe6309c2051fa9253134e415\"},\"headline\":\"Defensor\u00eda del Pueblo de Ecuador reconoce a Espacio NoViolento\",\"datePublished\":\"2018-11-05T03:17:16+00:00\",\"dateModified\":\"2018-11-05T03:18:04+00:00\",\"mainEntityOfPage\":{\"@id\":\"https:\/\/www.pressenza.com\/es\/2018\/11\/defensoria-del-pueblo-de-ecuador-reconoce-a-espacio-noviolento\/\"},\"wordCount\":243,\"publisher\":{\"@id\":\"https:\/\/www.pressenza.com\/es\/#organization\"},\"keywords\":[\"Espacio Noviolento\"],\"articleSection\":[\"Contenido Original\",\"Diversidad\",\"Humanismo y Espiritualidad\",\"J\u00f3venes\",\"Noviolencia\",\"Opiniones\",\"Paz y Desarme\",\"Pol\u00edtica\",\"Sudam\u00e9rica\",\"Video\"],\"inLanguage\":\"es\"},{\"@type\":\"WebPage\",\"@id\":\"https:\/\/www.pressenza.com\/es\/2018\/11\/defensoria-del-pueblo-de-ecuador-reconoce-a-espacio-noviolento\/\",\"url\":\"https:\/\/www.pressenza.com\/es\/2018\/11\/defensoria-del-pueblo-de-ecuador-reconoce-a-espacio-noviolento\/\",\"name\":\"Defensor\u00eda del Pueblo de Ecuador reconoce a Espacio NoViolento\",\"isPartOf\":{\"@id\":\"https:\/\/www.pressenza.com\/es\/#website\"},\"datePublished\":\"2018-11-05T03:17:16+00:00\",\"dateModified\":\"2018-11-05T03:18:04+00:00\",\"description\":\"Al cierre de Octubre NoViolento, en la \u00faltima actividad programada que fueron las Jornadas Internacionales de periodismo con un enfoque de paz y\",\"breadcrumb\":{\"@id\":\"https:\/\/www.pressenza.com\/es\/2018\/11\/defensoria-del-pueblo-de-ecuador-reconoce-a-espacio-noviolento\/#breadcrumb\"},\"inLanguage\":\"es\",\"potentialAction\":[{\"@type\":\"ReadAction\",\"target\":[\"https:\/\/www.pressenza.com\/es\/2018\/11\/defensoria-del-pueblo-de-ecuador-reconoce-a-espacio-noviolento\/\"]}]},{\"@type\":\"BreadcrumbList\",\"@id\":\"https:\/\/www.pressenza.com\/es\/2018\/11\/defensoria-del-pueblo-de-ecuador-reconoce-a-espacio-noviolento\/#breadcrumb\",\"itemListElement\":[{\"@type\":\"ListItem\",\"position\":1,\"name\":\"Accueil\",\"item\":\"https:\/\/www.pressenza.com\/es\/\"},{\"@type\":\"ListItem\",\"position\":2,\"name\":\"Defensor\u00eda del Pueblo de Ecuador reconoce a Espacio NoViolento\"}]},{\"@type\":\"WebSite\",\"@id\":\"https:\/\/www.pressenza.com\/es\/#website\",\"url\":\"https:\/\/www.pressenza.com\/es\/\",\"name\":\"Pressenza\",\"description\":\"International Press Agency\",\"publisher\":{\"@id\":\"https:\/\/www.pressenza.com\/es\/#organization\"},\"potentialAction\":[{\"@type\":\"SearchAction\",\"target\":{\"@type\":\"EntryPoint\",\"urlTemplate\":\"https:\/\/www.pressenza.com\/es\/?s={search_term_string}\"},\"query-input\":{\"@type\":\"PropertyValueSpecification\",\"valueRequired\":true,\"valueName\":\"search_term_string\"}}],\"inLanguage\":\"es\"},{\"@type\":\"Organization\",\"@id\":\"https:\/\/www.pressenza.com\/es\/#organization\",\"name\":\"Pressenza\",\"url\":\"https:\/\/www.pressenza.com\/es\/\",\"logo\":{\"@type\":\"ImageObject\",\"inLanguage\":\"es\",\"@id\":\"https:\/\/www.pressenza.com\/es\/#\/schema\/logo\/image\/\",\"url\":\"https:\/\/www.pressenza.com\/wp-content\/uploads\/2022\/10\/pressenza_logo_200x200.jpg\",\"contentUrl\":\"https:\/\/www.pressenza.com\/wp-content\/uploads\/2022\/10\/pressenza_logo_200x200.jpg\",\"width\":200,\"height\":200,\"caption\":\"Pressenza\"},\"image\":{\"@id\":\"https:\/\/www.pressenza.com\/es\/#\/schema\/logo\/image\/\"},\"sameAs\":[\"https:\/\/www.facebook.com\/PressenzaItalia\",\"https:\/\/x.com\/PressenzaIPA\"]},{\"@type\":\"Person\",\"@id\":\"https:\/\/www.pressenza.com\/es\/#\/schema\/person\/304df3c2fe6309c2051fa9253134e415\",\"name\":\"Walker Vizcarra\",\"description\":\"Ecuadorian, photographer and nonviolence activist! https:\/\/www.instagram.com\/walker.vizcarra\/\",\"url\":\"https:\/\/www.pressenza.com\/es\/author\/walker-vizcarra\/\"}]}<\/script>\n<!-- \/ Yoast SEO plugin. -->","yoast_head_json":{"title":"Defensor\u00eda del Pueblo de Ecuador reconoce a Espacio NoViolento","description":"Al cierre de Octubre NoViolento, en la \u00faltima actividad programada que fueron las Jornadas Internacionales de periodismo con un enfoque de paz y","robots":{"index":"index","follow":"follow","max-snippet":"max-snippet:-1","max-image-preview":"max-image-preview:large","max-video-preview":"max-video-preview:-1"},"canonical":"https:\/\/www.pressenza.com\/es\/2018\/11\/defensoria-del-pueblo-de-ecuador-reconoce-a-espacio-noviolento\/","og_locale":"es_ES","og_type":"article","og_title":"Defensor\u00eda del Pueblo de Ecuador reconoce a Espacio NoViolento","og_description":"Al cierre de Octubre NoViolento, en la \u00faltima actividad programada que fueron las Jornadas Internacionales de periodismo con un enfoque de paz y","og_url":"https:\/\/www.pressenza.com\/es\/2018\/11\/defensoria-del-pueblo-de-ecuador-reconoce-a-espacio-noviolento\/","og_site_name":"Pressenza","article_publisher":"https:\/\/www.facebook.com\/PressenzaItalia","article_published_time":"2018-11-05T03:17:16+00:00","article_modified_time":"2018-11-05T03:18:04+00:00","author":"Walker Vizcarra","twitter_card":"summary_large_image","twitter_creator":"@PressenzaIPA","twitter_site":"@PressenzaIPA","twitter_misc":{"Escrito por":"Walker Vizcarra","Tiempo de lectura":"1 minuto"},"schema":{"@context":"https:\/\/schema.org","@graph":[{"@type":"Article","@id":"https:\/\/www.pressenza.com\/es\/2018\/11\/defensoria-del-pueblo-de-ecuador-reconoce-a-espacio-noviolento\/#article","isPartOf":{"@id":"https:\/\/www.pressenza.com\/es\/2018\/11\/defensoria-del-pueblo-de-ecuador-reconoce-a-espacio-noviolento\/"},"author":{"name":"Walker Vizcarra","@id":"https:\/\/www.pressenza.com\/es\/#\/schema\/person\/304df3c2fe6309c2051fa9253134e415"},"headline":"Defensor\u00eda del Pueblo de Ecuador reconoce a Espacio NoViolento","datePublished":"2018-11-05T03:17:16+00:00","dateModified":"2018-11-05T03:18:04+00:00","mainEntityOfPage":{"@id":"https:\/\/www.pressenza.com\/es\/2018\/11\/defensoria-del-pueblo-de-ecuador-reconoce-a-espacio-noviolento\/"},"wordCount":243,"publisher":{"@id":"https:\/\/www.pressenza.com\/es\/#organization"},"keywords":["Espacio Noviolento"],"articleSection":["Contenido Original","Diversidad","Humanismo y Espiritualidad","J\u00f3venes","Noviolencia","Opiniones","Paz y Desarme","Pol\u00edtica","Sudam\u00e9rica","Video"],"inLanguage":"es"},{"@type":"WebPage","@id":"https:\/\/www.pressenza.com\/es\/2018\/11\/defensoria-del-pueblo-de-ecuador-reconoce-a-espacio-noviolento\/","url":"https:\/\/www.pressenza.com\/es\/2018\/11\/defensoria-del-pueblo-de-ecuador-reconoce-a-espacio-noviolento\/","name":"Defensor\u00eda del Pueblo de Ecuador reconoce a Espacio NoViolento","isPartOf":{"@id":"https:\/\/www.pressenza.com\/es\/#website"},"datePublished":"2018-11-05T03:17:16+00:00","dateModified":"2018-11-05T03:18:04+00:00","description":"Al cierre de Octubre NoViolento, en la \u00faltima actividad programada que fueron las Jornadas Internacionales de periodismo con un enfoque de paz y","breadcrumb":{"@id":"https:\/\/www.pressenza.com\/es\/2018\/11\/defensoria-del-pueblo-de-ecuador-reconoce-a-espacio-noviolento\/#breadcrumb"},"inLanguage":"es","potentialAction":[{"@type":"ReadAction","target":["https:\/\/www.pressenza.com\/es\/2018\/11\/defensoria-del-pueblo-de-ecuador-reconoce-a-espacio-noviolento\/"]}]},{"@type":"BreadcrumbList","@id":"https:\/\/www.pressenza.com\/es\/2018\/11\/defensoria-del-pueblo-de-ecuador-reconoce-a-espacio-noviolento\/#breadcrumb","itemListElement":[{"@type":"ListItem","position":1,"name":"Accueil","item":"https:\/\/www.pressenza.com\/es\/"},{"@type":"ListItem","position":2,"name":"Defensor\u00eda del Pueblo de Ecuador reconoce a Espacio NoViolento"}]},{"@type":"WebSite","@id":"https:\/\/www.pressenza.com\/es\/#website","url":"https:\/\/www.pressenza.com\/es\/","name":"Pressenza","description":"International Press Agency","publisher":{"@id":"https:\/\/www.pressenza.com\/es\/#organization"},"potentialAction":[{"@type":"SearchAction","target":{"@type":"EntryPoint","urlTemplate":"https:\/\/www.pressenza.com\/es\/?s={search_term_string}"},"query-input":{"@type":"PropertyValueSpecification","valueRequired":true,"valueName":"search_term_string"}}],"inLanguage":"es"},{"@type":"Organization","@id":"https:\/\/www.pressenza.com\/es\/#organization","name":"Pressenza","url":"https:\/\/www.pressenza.com\/es\/","logo":{"@type":"ImageObject","inLanguage":"es","@id":"https:\/\/www.pressenza.com\/es\/#\/schema\/logo\/image\/","url":"https:\/\/www.pressenza.com\/wp-content\/uploads\/2022\/10\/pressenza_logo_200x200.jpg","contentUrl":"https:\/\/www.pressenza.com\/wp-content\/uploads\/2022\/10\/pressenza_logo_200x200.jpg","width":200,"height":200,"caption":"Pressenza"},"image":{"@id":"https:\/\/www.pressenza.com\/es\/#\/schema\/logo\/image\/"},"sameAs":["https:\/\/www.facebook.com\/PressenzaItalia","https:\/\/x.com\/PressenzaIPA"]},{"@type":"Person","@id":"https:\/\/www.pressenza.com\/es\/#\/schema\/person\/304df3c2fe6309c2051fa9253134e415","name":"Walker Vizcarra","description":"Ecuadorian, photographer and nonviolence activist! https:\/\/www.instagram.com\/walker.vizcarra\/","url":"https:\/\/www.pressenza.com\/es\/author\/walker-vizcarra\/"}]}},"place":"","original_article_url":"","_links":{"self":[{"href":"https:\/\/www.pressenza.com\/es\/wp-json\/wp\/v2\/posts\/750638","targetHints":{"allow":["GET"]}}],"collection":[{"href":"https:\/\/www.pressenza.com\/es\/wp-json\/wp\/v2\/posts"}],"about":[{"href":"https:\/\/www.pressenza.com\/es\/wp-json\/wp\/v2\/types\/post"}],"author":[{"embeddable":true,"href":"https:\/\/www.pressenza.com\/es\/wp-json\/wp\/v2\/users\/487"}],"replies":[{"embeddable":true,"href":"https:\/\/www.pressenza.com\/es\/wp-json\/wp\/v2\/comments?post=750638"}],"version-history":[{"count":0,"href":"https:\/\/www.pressenza.com\/es\/wp-json\/wp\/v2\/posts\/750638\/revisions"}],"wp:attachment":[{"href":"https:\/\/www.pressenza.com\/es\/wp-json\/wp\/v2\/media?parent=750638"}],"wp:term":[{"taxonomy":"category","embeddable":true,"href":"https:\/\/www.pressenza.com\/es\/wp-json\/wp\/v2\/categories?post=750638"},{"taxonomy":"post_tag","embeddable":true,"href":"https:\/\/www.pressenza.com\/es\/wp-json\/wp\/v2\/tags?post=750638"}],"curies":[{"name":"wp","href":"https:\/\/api.w.org\/{rel}","templated":true}]}}