{"id":750394,"date":"2018-11-04T21:08:57","date_gmt":"2018-11-04T21:08:57","guid":{"rendered":"https:\/\/www.pressenza.com\/?p=750394"},"modified":"2018-11-04T21:08:57","modified_gmt":"2018-11-04T21:08:57","slug":"ee-uu-y-corea-del-sur-reanudaran-maniobras-maritimas-conjuntas-por-primera-vez-en-6-meses","status":"publish","type":"post","link":"https:\/\/www.pressenza.com\/es\/2018\/11\/ee-uu-y-corea-del-sur-reanudaran-maniobras-maritimas-conjuntas-por-primera-vez-en-6-meses\/","title":{"rendered":"EE. UU. y Corea del Sur reanudar\u00e1n maniobras mar\u00edtimas conjuntas por primera vez en 6 meses"},"content":{"rendered":"<p><em>Durar\u00e1n dos semanas, tendr\u00e1n lugar en la zona del puerto Pohang en la costa sudeste de Corea del Sur<\/em><\/p>\n<p>EE. UU. y Corea del Sur reanudar\u00e1n el lunes las maniobras conjuntas mar\u00edtimas en el marco del programa de intercambio de experiencia entre las unidades de la Infanter\u00eda de Marina de EE. UU. y Corea del Sur, inform\u00f3 la agencia Yonhap citando a los militares.<\/p>\n<p>El medio precisa que estas maniobras no se realizaron desde mayo de 2018.<\/p>\n<p>Las maniobras, que durar\u00e1n dos semanas, tendr\u00e1n lugar en la zona del puerto Pohang en la costa sudeste de Corea del Sur.<\/p>\n<p>En octubre EE. UU. y Corea del Sur del Sur cancelaron temporalmente las maniobras conjuntas de las Fuerzas A\u00e9reas de ambos pa\u00edses Vigilante ACE, previstas para diciembre.<\/p>\n<p>El 12 de junio se celebr\u00f3 la hist\u00f3rica cumbre entre el presidente de Corea del Norte Kim Jong-un y el mandatario estadounidense, Donald Trump, donde los dos l\u00edderes reafirmaron su compromiso de lograr una paz duradera en la regi\u00f3n.<\/p>\n<p>Despu\u00e9s de la reuni\u00f3n Trump afirm\u00f3 que planea cancelar las maniobras conjuntas con Corea del Sur, llam\u00e1ndolas de demasiado caras y \u201cinconvenientes\u201d en las condiciones del di\u00e1logo con Pyongyang.<\/p>\n","protected":false},"excerpt":{"rendered":"<p>Durar\u00e1n dos semanas, tendr\u00e1n lugar en la zona del puerto Pohang en la costa sudeste de Corea del Sur EE. UU. y Corea del Sur reanudar\u00e1n el lunes las maniobras conjuntas mar\u00edtimas en el marco del programa de intercambio de&hellip;<\/p>\n","protected":false},"author":616,"featured_media":750395,"comment_status":"closed","ping_status":"closed","sticky":false,"template":"","format":"standard","meta":{"footnotes":""},"categories":[76,39,74],"tags":[4330,26187,16766,24583],"class_list":["post-750394","post","type-post","status-publish","format-standard","has-post-thumbnail","hentry","category-relaciones-exteriores","category-internacional","category-politica-es","tag-corea-del-sur","tag-donald-trump-es","tag-ee-uu","tag-kim-jong-un"],"yoast_head":"<!-- This site is optimized with the Yoast SEO plugin v27.1.1 - https:\/\/yoast.com\/product\/yoast-seo-wordpress\/ -->\n<title>EE. UU. y Corea del Sur reanudar\u00e1n maniobras mar\u00edtimas conjuntas por primera vez en 6 meses<\/title>\n<meta name=\"description\" content=\"Durar\u00e1n dos semanas, tendr\u00e1n lugar en la zona del puerto Pohang en la costa sudeste de Corea del Sur EE. UU. y Corea del Sur reanudar\u00e1n el lunes las\" \/>\n<meta name=\"robots\" content=\"index, follow, max-snippet:-1, max-image-preview:large, max-video-preview:-1\" \/>\n<link rel=\"canonical\" href=\"https:\/\/www.pressenza.com\/es\/2018\/11\/ee-uu-y-corea-del-sur-reanudaran-maniobras-maritimas-conjuntas-por-primera-vez-en-6-meses\/\" \/>\n<meta property=\"og:locale\" content=\"es_ES\" \/>\n<meta property=\"og:type\" content=\"article\" \/>\n<meta property=\"og:title\" content=\"EE. UU. y Corea del Sur reanudar\u00e1n maniobras mar\u00edtimas conjuntas por primera vez en 6 meses\" \/>\n<meta property=\"og:description\" content=\"Durar\u00e1n dos semanas, tendr\u00e1n lugar en la zona del puerto Pohang en la costa sudeste de Corea del Sur EE. UU. y Corea del Sur reanudar\u00e1n el lunes las\" \/>\n<meta property=\"og:url\" content=\"https:\/\/www.pressenza.com\/es\/2018\/11\/ee-uu-y-corea-del-sur-reanudaran-maniobras-maritimas-conjuntas-por-primera-vez-en-6-meses\/\" \/>\n<meta property=\"og:site_name\" content=\"Pressenza\" \/>\n<meta property=\"article:publisher\" content=\"https:\/\/www.facebook.com\/PressenzaItalia\" \/>\n<meta property=\"article:published_time\" content=\"2018-11-04T21:08:57+00:00\" \/>\n<meta property=\"og:image\" content=\"https:\/\/www.pressenza.com\/wp-content\/uploads\/2018\/11\/Maniobras-EEUU-Corea.jpg\" \/>\n\t<meta property=\"og:image:width\" content=\"800\" \/>\n\t<meta property=\"og:image:height\" content=\"527\" \/>\n\t<meta property=\"og:image:type\" content=\"image\/jpeg\" \/>\n<meta name=\"author\" content=\"El Ciudadano\" \/>\n<meta name=\"twitter:card\" content=\"summary_large_image\" \/>\n<meta name=\"twitter:creator\" content=\"@PressenzaIPA\" \/>\n<meta name=\"twitter:site\" content=\"@PressenzaIPA\" \/>\n<meta name=\"twitter:label1\" content=\"Escrito por\" \/>\n\t<meta name=\"twitter:data1\" content=\"El Ciudadano\" \/>\n\t<meta name=\"twitter:label2\" content=\"Tiempo de lectura\" \/>\n\t<meta name=\"twitter:data2\" content=\"1 minuto\" \/>\n<script type=\"application\/ld+json\" class=\"yoast-schema-graph\">{\"@context\":\"https:\/\/schema.org\",\"@graph\":[{\"@type\":\"Article\",\"@id\":\"https:\/\/www.pressenza.com\/es\/2018\/11\/ee-uu-y-corea-del-sur-reanudaran-maniobras-maritimas-conjuntas-por-primera-vez-en-6-meses\/#article\",\"isPartOf\":{\"@id\":\"https:\/\/www.pressenza.com\/es\/2018\/11\/ee-uu-y-corea-del-sur-reanudaran-maniobras-maritimas-conjuntas-por-primera-vez-en-6-meses\/\"},\"author\":{\"name\":\"El Ciudadano\",\"@id\":\"https:\/\/www.pressenza.com\/es\/#\/schema\/person\/6522eecb4cd68e074b27e251e4b04ef8\"},\"headline\":\"EE. UU. y Corea del Sur reanudar\u00e1n maniobras mar\u00edtimas conjuntas por primera vez en 6 meses\",\"datePublished\":\"2018-11-04T21:08:57+00:00\",\"mainEntityOfPage\":{\"@id\":\"https:\/\/www.pressenza.com\/es\/2018\/11\/ee-uu-y-corea-del-sur-reanudaran-maniobras-maritimas-conjuntas-por-primera-vez-en-6-meses\/\"},\"wordCount\":225,\"publisher\":{\"@id\":\"https:\/\/www.pressenza.com\/es\/#organization\"},\"image\":{\"@id\":\"https:\/\/www.pressenza.com\/es\/2018\/11\/ee-uu-y-corea-del-sur-reanudaran-maniobras-maritimas-conjuntas-por-primera-vez-en-6-meses\/#primaryimage\"},\"thumbnailUrl\":\"https:\/\/www.pressenza.com\/wp-content\/uploads\/2018\/11\/Maniobras-EEUU-Corea.jpg\",\"keywords\":[\"Corea del Sur\",\"Donald Trump\",\"EE.UU\",\"Kim Jong-un\"],\"articleSection\":[\"Asuntos internacionales\",\"Internacional\",\"Pol\u00edtica\"],\"inLanguage\":\"es\"},{\"@type\":\"WebPage\",\"@id\":\"https:\/\/www.pressenza.com\/es\/2018\/11\/ee-uu-y-corea-del-sur-reanudaran-maniobras-maritimas-conjuntas-por-primera-vez-en-6-meses\/\",\"url\":\"https:\/\/www.pressenza.com\/es\/2018\/11\/ee-uu-y-corea-del-sur-reanudaran-maniobras-maritimas-conjuntas-por-primera-vez-en-6-meses\/\",\"name\":\"EE. UU. y Corea del Sur reanudar\u00e1n maniobras mar\u00edtimas conjuntas por primera vez en 6 meses\",\"isPartOf\":{\"@id\":\"https:\/\/www.pressenza.com\/es\/#website\"},\"primaryImageOfPage\":{\"@id\":\"https:\/\/www.pressenza.com\/es\/2018\/11\/ee-uu-y-corea-del-sur-reanudaran-maniobras-maritimas-conjuntas-por-primera-vez-en-6-meses\/#primaryimage\"},\"image\":{\"@id\":\"https:\/\/www.pressenza.com\/es\/2018\/11\/ee-uu-y-corea-del-sur-reanudaran-maniobras-maritimas-conjuntas-por-primera-vez-en-6-meses\/#primaryimage\"},\"thumbnailUrl\":\"https:\/\/www.pressenza.com\/wp-content\/uploads\/2018\/11\/Maniobras-EEUU-Corea.jpg\",\"datePublished\":\"2018-11-04T21:08:57+00:00\",\"description\":\"Durar\u00e1n dos semanas, tendr\u00e1n lugar en la zona del puerto Pohang en la costa sudeste de Corea del Sur EE. UU. y Corea del Sur reanudar\u00e1n el lunes las\",\"breadcrumb\":{\"@id\":\"https:\/\/www.pressenza.com\/es\/2018\/11\/ee-uu-y-corea-del-sur-reanudaran-maniobras-maritimas-conjuntas-por-primera-vez-en-6-meses\/#breadcrumb\"},\"inLanguage\":\"es\",\"potentialAction\":[{\"@type\":\"ReadAction\",\"target\":[\"https:\/\/www.pressenza.com\/es\/2018\/11\/ee-uu-y-corea-del-sur-reanudaran-maniobras-maritimas-conjuntas-por-primera-vez-en-6-meses\/\"]}]},{\"@type\":\"ImageObject\",\"inLanguage\":\"es\",\"@id\":\"https:\/\/www.pressenza.com\/es\/2018\/11\/ee-uu-y-corea-del-sur-reanudaran-maniobras-maritimas-conjuntas-por-primera-vez-en-6-meses\/#primaryimage\",\"url\":\"https:\/\/www.pressenza.com\/wp-content\/uploads\/2018\/11\/Maniobras-EEUU-Corea.jpg\",\"contentUrl\":\"https:\/\/www.pressenza.com\/wp-content\/uploads\/2018\/11\/Maniobras-EEUU-Corea.jpg\",\"width\":800,\"height\":527},{\"@type\":\"BreadcrumbList\",\"@id\":\"https:\/\/www.pressenza.com\/es\/2018\/11\/ee-uu-y-corea-del-sur-reanudaran-maniobras-maritimas-conjuntas-por-primera-vez-en-6-meses\/#breadcrumb\",\"itemListElement\":[{\"@type\":\"ListItem\",\"position\":1,\"name\":\"Accueil\",\"item\":\"https:\/\/www.pressenza.com\/es\/\"},{\"@type\":\"ListItem\",\"position\":2,\"name\":\"EE. UU. y Corea del Sur reanudar\u00e1n maniobras mar\u00edtimas conjuntas por primera vez en 6 meses\"}]},{\"@type\":\"WebSite\",\"@id\":\"https:\/\/www.pressenza.com\/es\/#website\",\"url\":\"https:\/\/www.pressenza.com\/es\/\",\"name\":\"Pressenza\",\"description\":\"International Press Agency\",\"publisher\":{\"@id\":\"https:\/\/www.pressenza.com\/es\/#organization\"},\"potentialAction\":[{\"@type\":\"SearchAction\",\"target\":{\"@type\":\"EntryPoint\",\"urlTemplate\":\"https:\/\/www.pressenza.com\/es\/?s={search_term_string}\"},\"query-input\":{\"@type\":\"PropertyValueSpecification\",\"valueRequired\":true,\"valueName\":\"search_term_string\"}}],\"inLanguage\":\"es\"},{\"@type\":\"Organization\",\"@id\":\"https:\/\/www.pressenza.com\/es\/#organization\",\"name\":\"Pressenza\",\"url\":\"https:\/\/www.pressenza.com\/es\/\",\"logo\":{\"@type\":\"ImageObject\",\"inLanguage\":\"es\",\"@id\":\"https:\/\/www.pressenza.com\/es\/#\/schema\/logo\/image\/\",\"url\":\"https:\/\/www.pressenza.com\/wp-content\/uploads\/2022\/10\/pressenza_logo_200x200.jpg\",\"contentUrl\":\"https:\/\/www.pressenza.com\/wp-content\/uploads\/2022\/10\/pressenza_logo_200x200.jpg\",\"width\":200,\"height\":200,\"caption\":\"Pressenza\"},\"image\":{\"@id\":\"https:\/\/www.pressenza.com\/es\/#\/schema\/logo\/image\/\"},\"sameAs\":[\"https:\/\/www.facebook.com\/PressenzaItalia\",\"https:\/\/x.com\/PressenzaIPA\"]},{\"@type\":\"Person\",\"@id\":\"https:\/\/www.pressenza.com\/es\/#\/schema\/person\/6522eecb4cd68e074b27e251e4b04ef8\",\"name\":\"El Ciudadano\",\"description\":\"El Ciudadano es un medio de comunicaci\u00f3n de circulaci\u00f3n mensual en papel y de funcionamiento diario en la web. Forma parte de la Red de Medios de los Pueblos por lo que se declara como un medio del Tercer Sector para romper el cerco informativo. El Ciudadano es una publicaci\u00f3n que busca elevar desde lo local a lo global las demandas de la organizaci\u00f3n social chilena como tambi\u00e9n promover la acci\u00f3n directa de la ciudadan\u00eda por su derecho a autodeterminaci\u00f3n. elciudadano.cl\",\"url\":\"https:\/\/www.pressenza.com\/es\/author\/el-ciudadano\/\"}]}<\/script>\n<!-- \/ Yoast SEO plugin. -->","yoast_head_json":{"title":"EE. UU. y Corea del Sur reanudar\u00e1n maniobras mar\u00edtimas conjuntas por primera vez en 6 meses","description":"Durar\u00e1n dos semanas, tendr\u00e1n lugar en la zona del puerto Pohang en la costa sudeste de Corea del Sur EE. UU. y Corea del Sur reanudar\u00e1n el lunes las","robots":{"index":"index","follow":"follow","max-snippet":"max-snippet:-1","max-image-preview":"max-image-preview:large","max-video-preview":"max-video-preview:-1"},"canonical":"https:\/\/www.pressenza.com\/es\/2018\/11\/ee-uu-y-corea-del-sur-reanudaran-maniobras-maritimas-conjuntas-por-primera-vez-en-6-meses\/","og_locale":"es_ES","og_type":"article","og_title":"EE. UU. y Corea del Sur reanudar\u00e1n maniobras mar\u00edtimas conjuntas por primera vez en 6 meses","og_description":"Durar\u00e1n dos semanas, tendr\u00e1n lugar en la zona del puerto Pohang en la costa sudeste de Corea del Sur EE. UU. y Corea del Sur reanudar\u00e1n el lunes las","og_url":"https:\/\/www.pressenza.com\/es\/2018\/11\/ee-uu-y-corea-del-sur-reanudaran-maniobras-maritimas-conjuntas-por-primera-vez-en-6-meses\/","og_site_name":"Pressenza","article_publisher":"https:\/\/www.facebook.com\/PressenzaItalia","article_published_time":"2018-11-04T21:08:57+00:00","og_image":[{"width":800,"height":527,"url":"https:\/\/www.pressenza.com\/wp-content\/uploads\/2018\/11\/Maniobras-EEUU-Corea.jpg","type":"image\/jpeg"}],"author":"El Ciudadano","twitter_card":"summary_large_image","twitter_creator":"@PressenzaIPA","twitter_site":"@PressenzaIPA","twitter_misc":{"Escrito por":"El Ciudadano","Tiempo de lectura":"1 minuto"},"schema":{"@context":"https:\/\/schema.org","@graph":[{"@type":"Article","@id":"https:\/\/www.pressenza.com\/es\/2018\/11\/ee-uu-y-corea-del-sur-reanudaran-maniobras-maritimas-conjuntas-por-primera-vez-en-6-meses\/#article","isPartOf":{"@id":"https:\/\/www.pressenza.com\/es\/2018\/11\/ee-uu-y-corea-del-sur-reanudaran-maniobras-maritimas-conjuntas-por-primera-vez-en-6-meses\/"},"author":{"name":"El Ciudadano","@id":"https:\/\/www.pressenza.com\/es\/#\/schema\/person\/6522eecb4cd68e074b27e251e4b04ef8"},"headline":"EE. UU. y Corea del Sur reanudar\u00e1n maniobras mar\u00edtimas conjuntas por primera vez en 6 meses","datePublished":"2018-11-04T21:08:57+00:00","mainEntityOfPage":{"@id":"https:\/\/www.pressenza.com\/es\/2018\/11\/ee-uu-y-corea-del-sur-reanudaran-maniobras-maritimas-conjuntas-por-primera-vez-en-6-meses\/"},"wordCount":225,"publisher":{"@id":"https:\/\/www.pressenza.com\/es\/#organization"},"image":{"@id":"https:\/\/www.pressenza.com\/es\/2018\/11\/ee-uu-y-corea-del-sur-reanudaran-maniobras-maritimas-conjuntas-por-primera-vez-en-6-meses\/#primaryimage"},"thumbnailUrl":"https:\/\/www.pressenza.com\/wp-content\/uploads\/2018\/11\/Maniobras-EEUU-Corea.jpg","keywords":["Corea del Sur","Donald Trump","EE.UU","Kim Jong-un"],"articleSection":["Asuntos internacionales","Internacional","Pol\u00edtica"],"inLanguage":"es"},{"@type":"WebPage","@id":"https:\/\/www.pressenza.com\/es\/2018\/11\/ee-uu-y-corea-del-sur-reanudaran-maniobras-maritimas-conjuntas-por-primera-vez-en-6-meses\/","url":"https:\/\/www.pressenza.com\/es\/2018\/11\/ee-uu-y-corea-del-sur-reanudaran-maniobras-maritimas-conjuntas-por-primera-vez-en-6-meses\/","name":"EE. UU. y Corea del Sur reanudar\u00e1n maniobras mar\u00edtimas conjuntas por primera vez en 6 meses","isPartOf":{"@id":"https:\/\/www.pressenza.com\/es\/#website"},"primaryImageOfPage":{"@id":"https:\/\/www.pressenza.com\/es\/2018\/11\/ee-uu-y-corea-del-sur-reanudaran-maniobras-maritimas-conjuntas-por-primera-vez-en-6-meses\/#primaryimage"},"image":{"@id":"https:\/\/www.pressenza.com\/es\/2018\/11\/ee-uu-y-corea-del-sur-reanudaran-maniobras-maritimas-conjuntas-por-primera-vez-en-6-meses\/#primaryimage"},"thumbnailUrl":"https:\/\/www.pressenza.com\/wp-content\/uploads\/2018\/11\/Maniobras-EEUU-Corea.jpg","datePublished":"2018-11-04T21:08:57+00:00","description":"Durar\u00e1n dos semanas, tendr\u00e1n lugar en la zona del puerto Pohang en la costa sudeste de Corea del Sur EE. UU. y Corea del Sur reanudar\u00e1n el lunes las","breadcrumb":{"@id":"https:\/\/www.pressenza.com\/es\/2018\/11\/ee-uu-y-corea-del-sur-reanudaran-maniobras-maritimas-conjuntas-por-primera-vez-en-6-meses\/#breadcrumb"},"inLanguage":"es","potentialAction":[{"@type":"ReadAction","target":["https:\/\/www.pressenza.com\/es\/2018\/11\/ee-uu-y-corea-del-sur-reanudaran-maniobras-maritimas-conjuntas-por-primera-vez-en-6-meses\/"]}]},{"@type":"ImageObject","inLanguage":"es","@id":"https:\/\/www.pressenza.com\/es\/2018\/11\/ee-uu-y-corea-del-sur-reanudaran-maniobras-maritimas-conjuntas-por-primera-vez-en-6-meses\/#primaryimage","url":"https:\/\/www.pressenza.com\/wp-content\/uploads\/2018\/11\/Maniobras-EEUU-Corea.jpg","contentUrl":"https:\/\/www.pressenza.com\/wp-content\/uploads\/2018\/11\/Maniobras-EEUU-Corea.jpg","width":800,"height":527},{"@type":"BreadcrumbList","@id":"https:\/\/www.pressenza.com\/es\/2018\/11\/ee-uu-y-corea-del-sur-reanudaran-maniobras-maritimas-conjuntas-por-primera-vez-en-6-meses\/#breadcrumb","itemListElement":[{"@type":"ListItem","position":1,"name":"Accueil","item":"https:\/\/www.pressenza.com\/es\/"},{"@type":"ListItem","position":2,"name":"EE. UU. y Corea del Sur reanudar\u00e1n maniobras mar\u00edtimas conjuntas por primera vez en 6 meses"}]},{"@type":"WebSite","@id":"https:\/\/www.pressenza.com\/es\/#website","url":"https:\/\/www.pressenza.com\/es\/","name":"Pressenza","description":"International Press Agency","publisher":{"@id":"https:\/\/www.pressenza.com\/es\/#organization"},"potentialAction":[{"@type":"SearchAction","target":{"@type":"EntryPoint","urlTemplate":"https:\/\/www.pressenza.com\/es\/?s={search_term_string}"},"query-input":{"@type":"PropertyValueSpecification","valueRequired":true,"valueName":"search_term_string"}}],"inLanguage":"es"},{"@type":"Organization","@id":"https:\/\/www.pressenza.com\/es\/#organization","name":"Pressenza","url":"https:\/\/www.pressenza.com\/es\/","logo":{"@type":"ImageObject","inLanguage":"es","@id":"https:\/\/www.pressenza.com\/es\/#\/schema\/logo\/image\/","url":"https:\/\/www.pressenza.com\/wp-content\/uploads\/2022\/10\/pressenza_logo_200x200.jpg","contentUrl":"https:\/\/www.pressenza.com\/wp-content\/uploads\/2022\/10\/pressenza_logo_200x200.jpg","width":200,"height":200,"caption":"Pressenza"},"image":{"@id":"https:\/\/www.pressenza.com\/es\/#\/schema\/logo\/image\/"},"sameAs":["https:\/\/www.facebook.com\/PressenzaItalia","https:\/\/x.com\/PressenzaIPA"]},{"@type":"Person","@id":"https:\/\/www.pressenza.com\/es\/#\/schema\/person\/6522eecb4cd68e074b27e251e4b04ef8","name":"El Ciudadano","description":"El Ciudadano es un medio de comunicaci\u00f3n de circulaci\u00f3n mensual en papel y de funcionamiento diario en la web. Forma parte de la Red de Medios de los Pueblos por lo que se declara como un medio del Tercer Sector para romper el cerco informativo. El Ciudadano es una publicaci\u00f3n que busca elevar desde lo local a lo global las demandas de la organizaci\u00f3n social chilena como tambi\u00e9n promover la acci\u00f3n directa de la ciudadan\u00eda por su derecho a autodeterminaci\u00f3n. elciudadano.cl","url":"https:\/\/www.pressenza.com\/es\/author\/el-ciudadano\/"}]}},"place":"","original_article_url":"https:\/\/www.elciudadano.cl\/mundo\/ee-uu-y-corea-del-sur-reanudaran-maniobras-maritimas-conjuntas-por-primera-vez-en-6-meses\/11\/04\/","_links":{"self":[{"href":"https:\/\/www.pressenza.com\/es\/wp-json\/wp\/v2\/posts\/750394","targetHints":{"allow":["GET"]}}],"collection":[{"href":"https:\/\/www.pressenza.com\/es\/wp-json\/wp\/v2\/posts"}],"about":[{"href":"https:\/\/www.pressenza.com\/es\/wp-json\/wp\/v2\/types\/post"}],"author":[{"embeddable":true,"href":"https:\/\/www.pressenza.com\/es\/wp-json\/wp\/v2\/users\/616"}],"replies":[{"embeddable":true,"href":"https:\/\/www.pressenza.com\/es\/wp-json\/wp\/v2\/comments?post=750394"}],"version-history":[{"count":0,"href":"https:\/\/www.pressenza.com\/es\/wp-json\/wp\/v2\/posts\/750394\/revisions"}],"wp:featuredmedia":[{"embeddable":true,"href":"https:\/\/www.pressenza.com\/es\/wp-json\/wp\/v2\/media\/750395"}],"wp:attachment":[{"href":"https:\/\/www.pressenza.com\/es\/wp-json\/wp\/v2\/media?parent=750394"}],"wp:term":[{"taxonomy":"category","embeddable":true,"href":"https:\/\/www.pressenza.com\/es\/wp-json\/wp\/v2\/categories?post=750394"},{"taxonomy":"post_tag","embeddable":true,"href":"https:\/\/www.pressenza.com\/es\/wp-json\/wp\/v2\/tags?post=750394"}],"curies":[{"name":"wp","href":"https:\/\/api.w.org\/{rel}","templated":true}]}}