{"id":748626,"date":"2018-11-01T20:15:33","date_gmt":"2018-11-01T20:15:33","guid":{"rendered":"https:\/\/www.pressenza.com\/?p=748626"},"modified":"2018-11-01T20:15:33","modified_gmt":"2018-11-01T20:15:33","slug":"mimmo-lucano-en-milan-otra-humanidad-es-posible","status":"publish","type":"post","link":"https:\/\/www.pressenza.com\/es\/2018\/11\/mimmo-lucano-en-milan-otra-humanidad-es-posible\/","title":{"rendered":"Mimmo Lucano en Mil\u00e1n: \u00abOtra humanidad es posible\u00bb"},"content":{"rendered":"<p>Despu\u00e9s de perderme el encuentro con Aboubakar Soumahoro el viernes pasado por la huelga de los medios, estaba decidida a no repetirlo con Mimmo Lucano, las madres de Lodi y todos los interesantes discursos previstos para \u00a0<a href=\"https:\/\/www.facebook.com\/events\/368843433657778\/\">el encuentro \u201cDe Riace a Lodi \u2013 Solidaridad y Derechos\u201d<\/a>, organizado por las asociaciones Milano in Comune y Costituzione Beni Comuni.<\/p>\n<p>No fui la \u00fanica, sin embargo, a juzgar por la larga cola que me encontr\u00e9 frente al Palazzo Marino. Una hora de pie, a paso de caracol, para llegar al patio adyacente a la Sala Alessi y escuchar que no hab\u00eda m\u00e1s asientos. Un poco de presi\u00f3n, e igual entraremos. En efecto, la sala est\u00e1 llena, con mucha gente de pie y otros que poco a poco se sientan en el suelo. Yo tambi\u00e9n lo hago y mientras tanto Mimmo Lucano sale a saludar a todos los que quedan afuera (parece que son doscientos).<\/p>\n<p>El alcalde Sala le dio la bienvenida y le dijo: \u00abMimmo, Mil\u00e1n est\u00e1 contigo\u00bb y \u00abYo habr\u00eda hecho lo mismo\u00bb (\u00bfse han olvidado ya las declaraciones racistas sobre los africanos ignorantes? Muy bien, esta noche estamos en esp\u00edritu de acogida). Basilio Rizzo, concejal de Mil\u00e1n y uno de los organizadores del evento, destaca la importancia de \u00abla solidaridad, humana y pol\u00edtica manifestada en torno a la experiencia de Riace y su alcalde, y en torno a los hijos de los hijos de ciudadanos extranjeros de Lodi, v\u00edctimas de una odiosa medida discriminatoria. Luego saluda a Mimmo Lucano en dialecto calabr\u00e9s y \u00e9l responde conmovido por el afecto palpable que le rodea: \u00abNunca imagin\u00e9 que un d\u00eda una ciudad grande e importante del mundo como Mil\u00e1n me acoger\u00eda, no era mi objetivo ser tan famoso, de repente, pero hay hambre de humanidad. Todos queremos que se respeten los derechos humanos. No hay nada alarmante en tener el deseo de ayudar a la gente m\u00e1s all\u00e1 de la raza y el origen\u00bb.<\/p>\n<p>Aplausos estruendosos, gente de pie, emoci\u00f3n y entusiasmo. Mimmo Lucano relata la historia de la acogida en Riace, describe el pa\u00eds despoblado que vuelve a la vida gracias a los inmigrantes y vuelve a los conceptos ya expresados muchas veces. Conceptos de una humanidad sencilla y profunda. \u00abTienes que estar orgulloso de conocer a otra persona, al final la acogida es conocer a otras personas. Pero, \u00bfte parece normal despreciar a los seres humanos? No es normal, tenemos que decirlo como es. Pr\u00e1cticamente fui arrestado por haber confiado la gesti\u00f3n de residuos a dos cooperativas sociales en Riace. Una se llama Aquilone, hay gente desamparada de Riace y dos refugiados. La impugnaci\u00f3n es que hemos hecho una custodia directa y en el Tribunal de revisi\u00f3n me han explicado que la raz\u00f3n de mi detenci\u00f3n es que no hab\u00eda ninguna inscripci\u00f3n en el registro de cooperativas regionales. Pero el abogado explic\u00f3 que el registro \u00a1no existe! Luego me desaf\u00edan por ayudar e instigar a la inmigraci\u00f3n ilegal. Para una boda. En ese momento el Ministro del Interior estaba muy ocupado en Libia con los l\u00edderes de los clanes de un gobierno sin gobierno que no respeta los derechos humanos para hacer contratos y en Riace nos pregunt\u00e1bamos \u00bfqu\u00e9 est\u00e1 pasando? \u00bfNos van a encerrar en campos de concentraci\u00f3n? Pero estaban preocupados de decir que el n\u00famero de inmigrantes era menor, para obtener el consentimiento electoral, pero estos son cr\u00edmenes de lesa humanidad, \u00a1y yo hice una boda, un matrimonio!\u00bb.<\/p>\n<p>\u00abRiace muestra que otra humanidad es posible\u00bb, concluye Mimmo Lucano y todos se levantan para aplaudir y cantar <em>Bella Ciao<\/em>.<\/p>\n<p>La velada contin\u00faa con muchos otros discursos, entre ellos los de las madres de la coordinaci\u00f3n \u00abIgualdad de deberes\u00bb de Lodi, que relatan la vergonzosa discriminaci\u00f3n contra los ni\u00f1os extranjeros llevada a cabo por la junta leghista y la extraordinaria reacci\u00f3n de ciudadanos, asociaciones y partidos. No s\u00f3lo una manifestaci\u00f3n de solidaridad y cercan\u00eda a las familias discriminadas, sino un acto concreto, brillante por su sencillez: una recaudaci\u00f3n de fondos titulada \u00abHagamos la diferencia\u00bb que en pocos d\u00edas recibi\u00f3 160.000 euros, una suma que permite el acceso a los servicios escolares durante todo el a\u00f1o a todos los ni\u00f1os excluidos. Se gana esta batalla, sin embargo, persiste aquella de fondo, a saber, la revocaci\u00f3n de la regulaci\u00f3n lanzada por la municipalidad.<\/p>\n<p>En todos los discursos se siente la rebeli\u00f3n contra la injusticia y esa \u00abfuerza de los justos\u00bb citada por Moni Ovadia en su discurso, como siempre apasionante e ir\u00f3nico: \u00abHay necesidad de movilizaci\u00f3n, de desobediencia civil a leyes inhumanas\u00bb, dice. Luego record\u00f3 a Salvini que \u00abs\u00f3lo hay una raza, la humana, que, adem\u00e1s, viene de \u00c1frica\u00bb.<\/p>\n<p>Una noche intensa, llena de fuerza y esperanza. Gracias Mimmo y gracias a todos aquellos que, de muchas maneras diferentes, se oponen a la barbarie deshumanizadora iluminando este momento oscuro.<\/p>\n<p><em>Traducido del italiano por Mar\u00eda Cristina S\u00e1nchez<\/em><\/p>\n<p><img loading=\"lazy\" decoding=\"async\" class=\"aligncenter wp-image-747631 size-full\" src=\"https:\/\/www.pressenza.com\/wp-content\/uploads\/2018\/10\/Lucano-a-Milano-2-diritto.jpg\" alt=\"\" width=\"960\" height=\"473\" srcset=\"https:\/\/www.pressenza.com\/wp-content\/uploads\/2018\/10\/Lucano-a-Milano-2-diritto.jpg 960w, https:\/\/www.pressenza.com\/wp-content\/uploads\/2018\/10\/Lucano-a-Milano-2-diritto-300x148.jpg 300w, https:\/\/www.pressenza.com\/wp-content\/uploads\/2018\/10\/Lucano-a-Milano-2-diritto-768x378.jpg 768w, https:\/\/www.pressenza.com\/wp-content\/uploads\/2018\/10\/Lucano-a-Milano-2-diritto-720x355.jpg 720w\" sizes=\"auto, (max-width: 960px) 100vw, 960px\" \/><\/p>\n<p><img loading=\"lazy\" decoding=\"async\" class=\"aligncenter wp-image-747640 size-full\" src=\"https:\/\/www.pressenza.com\/wp-content\/uploads\/2018\/10\/Lucano-a-Milano.jpg\" alt=\"\" width=\"2048\" height=\"1536\" srcset=\"https:\/\/www.pressenza.com\/wp-content\/uploads\/2018\/10\/Lucano-a-Milano.jpg 2048w, https:\/\/www.pressenza.com\/wp-content\/uploads\/2018\/10\/Lucano-a-Milano-300x225.jpg 300w, https:\/\/www.pressenza.com\/wp-content\/uploads\/2018\/10\/Lucano-a-Milano-768x576.jpg 768w, https:\/\/www.pressenza.com\/wp-content\/uploads\/2018\/10\/Lucano-a-Milano-720x540.jpg 720w\" sizes=\"auto, (max-width: 2048px) 100vw, 2048px\" \/><\/p>\n","protected":false},"excerpt":{"rendered":"<p>Despu\u00e9s de perderme el encuentro con Aboubakar Soumahoro el viernes pasado por la huelga de los medios, estaba decidida a no repetirlo con Mimmo Lucano, las madres de Lodi y todos los interesantes discursos previstos para \u00a0el encuentro \u201cDe Riace&hellip;<\/p>\n","protected":false},"author":500,"featured_media":747630,"comment_status":"closed","ping_status":"closed","sticky":false,"template":"","format":"standard","meta":{"footnotes":""},"categories":[11389,79,66],"tags":[19597,43814,9690,26822,48886,29215,10127],"class_list":["post-748626","post","type-post","status-publish","format-standard","has-post-thumbnail","hentry","category-contenido-original","category-derechos-humanos","category-europa-es","tag-acogida","tag-costituzionebenicomuni","tag-lodi","tag-milano-in-comune","tag-mimmo-lucano","tag-riace","tag-solidaridad"],"yoast_head":"<!-- This site is optimized with the Yoast SEO plugin v27.1.1 - https:\/\/yoast.com\/product\/yoast-seo-wordpress\/ -->\n<title>Mimmo Lucano en Mil\u00e1n: &quot;Otra humanidad es posible&quot;<\/title>\n<meta name=\"description\" content=\"Despu\u00e9s de perderme el encuentro con Aboubakar Soumahoro el viernes pasado por la huelga de los medios, estaba decidida a no repetirlo con Mimmo Lucano,\" \/>\n<meta name=\"robots\" content=\"index, follow, max-snippet:-1, max-image-preview:large, max-video-preview:-1\" \/>\n<link rel=\"canonical\" href=\"https:\/\/www.pressenza.com\/es\/2018\/11\/mimmo-lucano-en-milan-otra-humanidad-es-posible\/\" \/>\n<meta property=\"og:locale\" content=\"es_ES\" \/>\n<meta property=\"og:type\" content=\"article\" \/>\n<meta property=\"og:title\" content=\"Mimmo Lucano en Mil\u00e1n: &quot;Otra humanidad es posible&quot;\" \/>\n<meta property=\"og:description\" content=\"Despu\u00e9s de perderme el encuentro con Aboubakar Soumahoro el viernes pasado por la huelga de los medios, estaba decidida a no repetirlo con Mimmo Lucano,\" \/>\n<meta property=\"og:url\" content=\"https:\/\/www.pressenza.com\/es\/2018\/11\/mimmo-lucano-en-milan-otra-humanidad-es-posible\/\" \/>\n<meta property=\"og:site_name\" content=\"Pressenza\" \/>\n<meta property=\"article:publisher\" content=\"https:\/\/www.facebook.com\/PressenzaItalia\" \/>\n<meta property=\"article:published_time\" content=\"2018-11-01T20:15:33+00:00\" \/>\n<meta property=\"og:image\" content=\"https:\/\/www.pressenza.com\/wp-content\/uploads\/2018\/10\/Lucano-a-Milano-1.jpg\" \/>\n\t<meta property=\"og:image:width\" content=\"2048\" \/>\n\t<meta property=\"og:image:height\" content=\"1536\" \/>\n\t<meta property=\"og:image:type\" content=\"image\/jpeg\" \/>\n<meta name=\"author\" content=\"Anna Polo\" \/>\n<meta name=\"twitter:card\" content=\"summary_large_image\" \/>\n<meta name=\"twitter:creator\" content=\"@PressenzaIPA\" \/>\n<meta name=\"twitter:site\" content=\"@PressenzaIPA\" \/>\n<meta name=\"twitter:label1\" content=\"Escrito por\" \/>\n\t<meta name=\"twitter:data1\" content=\"Anna Polo\" \/>\n\t<meta name=\"twitter:label2\" content=\"Tiempo de lectura\" \/>\n\t<meta name=\"twitter:data2\" content=\"4 minutos\" \/>\n<script type=\"application\/ld+json\" class=\"yoast-schema-graph\">{\"@context\":\"https:\/\/schema.org\",\"@graph\":[{\"@type\":\"Article\",\"@id\":\"https:\/\/www.pressenza.com\/es\/2018\/11\/mimmo-lucano-en-milan-otra-humanidad-es-posible\/#article\",\"isPartOf\":{\"@id\":\"https:\/\/www.pressenza.com\/es\/2018\/11\/mimmo-lucano-en-milan-otra-humanidad-es-posible\/\"},\"author\":{\"name\":\"Anna Polo\",\"@id\":\"https:\/\/www.pressenza.com\/es\/#\/schema\/person\/f361ce2dfe3d4331d5ae6840551ffe67\"},\"headline\":\"Mimmo Lucano en Mil\u00e1n: \u00abOtra humanidad es posible\u00bb\",\"datePublished\":\"2018-11-01T20:15:33+00:00\",\"mainEntityOfPage\":{\"@id\":\"https:\/\/www.pressenza.com\/es\/2018\/11\/mimmo-lucano-en-milan-otra-humanidad-es-posible\/\"},\"wordCount\":864,\"publisher\":{\"@id\":\"https:\/\/www.pressenza.com\/es\/#organization\"},\"image\":{\"@id\":\"https:\/\/www.pressenza.com\/es\/2018\/11\/mimmo-lucano-en-milan-otra-humanidad-es-posible\/#primaryimage\"},\"thumbnailUrl\":\"https:\/\/www.pressenza.com\/wp-content\/uploads\/2018\/10\/Lucano-a-Milano-1.jpg\",\"keywords\":[\"acogida\",\"CostituzioneBeniComuni\",\"Lodi\",\"Milano in Comune\",\"Mimmo Lucano\",\"Riace\",\"Solidaridad\"],\"articleSection\":[\"Contenido Original\",\"Derechos Humanos\",\"Europa\"],\"inLanguage\":\"es\"},{\"@type\":\"WebPage\",\"@id\":\"https:\/\/www.pressenza.com\/es\/2018\/11\/mimmo-lucano-en-milan-otra-humanidad-es-posible\/\",\"url\":\"https:\/\/www.pressenza.com\/es\/2018\/11\/mimmo-lucano-en-milan-otra-humanidad-es-posible\/\",\"name\":\"Mimmo Lucano en Mil\u00e1n: \\\"Otra humanidad es posible\\\"\",\"isPartOf\":{\"@id\":\"https:\/\/www.pressenza.com\/es\/#website\"},\"primaryImageOfPage\":{\"@id\":\"https:\/\/www.pressenza.com\/es\/2018\/11\/mimmo-lucano-en-milan-otra-humanidad-es-posible\/#primaryimage\"},\"image\":{\"@id\":\"https:\/\/www.pressenza.com\/es\/2018\/11\/mimmo-lucano-en-milan-otra-humanidad-es-posible\/#primaryimage\"},\"thumbnailUrl\":\"https:\/\/www.pressenza.com\/wp-content\/uploads\/2018\/10\/Lucano-a-Milano-1.jpg\",\"datePublished\":\"2018-11-01T20:15:33+00:00\",\"description\":\"Despu\u00e9s de perderme el encuentro con Aboubakar Soumahoro el viernes pasado por la huelga de los medios, estaba decidida a no repetirlo con Mimmo Lucano,\",\"breadcrumb\":{\"@id\":\"https:\/\/www.pressenza.com\/es\/2018\/11\/mimmo-lucano-en-milan-otra-humanidad-es-posible\/#breadcrumb\"},\"inLanguage\":\"es\",\"potentialAction\":[{\"@type\":\"ReadAction\",\"target\":[\"https:\/\/www.pressenza.com\/es\/2018\/11\/mimmo-lucano-en-milan-otra-humanidad-es-posible\/\"]}]},{\"@type\":\"ImageObject\",\"inLanguage\":\"es\",\"@id\":\"https:\/\/www.pressenza.com\/es\/2018\/11\/mimmo-lucano-en-milan-otra-humanidad-es-posible\/#primaryimage\",\"url\":\"https:\/\/www.pressenza.com\/wp-content\/uploads\/2018\/10\/Lucano-a-Milano-1.jpg\",\"contentUrl\":\"https:\/\/www.pressenza.com\/wp-content\/uploads\/2018\/10\/Lucano-a-Milano-1.jpg\",\"width\":2048,\"height\":1536},{\"@type\":\"BreadcrumbList\",\"@id\":\"https:\/\/www.pressenza.com\/es\/2018\/11\/mimmo-lucano-en-milan-otra-humanidad-es-posible\/#breadcrumb\",\"itemListElement\":[{\"@type\":\"ListItem\",\"position\":1,\"name\":\"Accueil\",\"item\":\"https:\/\/www.pressenza.com\/es\/\"},{\"@type\":\"ListItem\",\"position\":2,\"name\":\"Mimmo Lucano en Mil\u00e1n: \u00abOtra humanidad es posible\u00bb\"}]},{\"@type\":\"WebSite\",\"@id\":\"https:\/\/www.pressenza.com\/es\/#website\",\"url\":\"https:\/\/www.pressenza.com\/es\/\",\"name\":\"Pressenza\",\"description\":\"International Press Agency\",\"publisher\":{\"@id\":\"https:\/\/www.pressenza.com\/es\/#organization\"},\"potentialAction\":[{\"@type\":\"SearchAction\",\"target\":{\"@type\":\"EntryPoint\",\"urlTemplate\":\"https:\/\/www.pressenza.com\/es\/?s={search_term_string}\"},\"query-input\":{\"@type\":\"PropertyValueSpecification\",\"valueRequired\":true,\"valueName\":\"search_term_string\"}}],\"inLanguage\":\"es\"},{\"@type\":\"Organization\",\"@id\":\"https:\/\/www.pressenza.com\/es\/#organization\",\"name\":\"Pressenza\",\"url\":\"https:\/\/www.pressenza.com\/es\/\",\"logo\":{\"@type\":\"ImageObject\",\"inLanguage\":\"es\",\"@id\":\"https:\/\/www.pressenza.com\/es\/#\/schema\/logo\/image\/\",\"url\":\"https:\/\/www.pressenza.com\/wp-content\/uploads\/2022\/10\/pressenza_logo_200x200.jpg\",\"contentUrl\":\"https:\/\/www.pressenza.com\/wp-content\/uploads\/2022\/10\/pressenza_logo_200x200.jpg\",\"width\":200,\"height\":200,\"caption\":\"Pressenza\"},\"image\":{\"@id\":\"https:\/\/www.pressenza.com\/es\/#\/schema\/logo\/image\/\"},\"sameAs\":[\"https:\/\/www.facebook.com\/PressenzaItalia\",\"https:\/\/x.com\/PressenzaIPA\"]},{\"@type\":\"Person\",\"@id\":\"https:\/\/www.pressenza.com\/es\/#\/schema\/person\/f361ce2dfe3d4331d5ae6840551ffe67\",\"name\":\"Anna Polo\",\"description\":\"Impegnata per anni nel campo della pace e della nonviolenza, ha fatto parte dell'equipe relazioni della Marcia Mondiale per la Pace e la Nonviolenza e in seguito di Mondo senza guerre e senza violenza. Attualmente partecipa alla redazione italiana di Pressenza e si occupa principalmente del tema migrazioni, pubblicando articoli e interviste e organizzando eventi.\",\"url\":\"https:\/\/www.pressenza.com\/es\/author\/anna-polo\/\"}]}<\/script>\n<!-- \/ Yoast SEO plugin. -->","yoast_head_json":{"title":"Mimmo Lucano en Mil\u00e1n: \"Otra humanidad es posible\"","description":"Despu\u00e9s de perderme el encuentro con Aboubakar Soumahoro el viernes pasado por la huelga de los medios, estaba decidida a no repetirlo con Mimmo Lucano,","robots":{"index":"index","follow":"follow","max-snippet":"max-snippet:-1","max-image-preview":"max-image-preview:large","max-video-preview":"max-video-preview:-1"},"canonical":"https:\/\/www.pressenza.com\/es\/2018\/11\/mimmo-lucano-en-milan-otra-humanidad-es-posible\/","og_locale":"es_ES","og_type":"article","og_title":"Mimmo Lucano en Mil\u00e1n: \"Otra humanidad es posible\"","og_description":"Despu\u00e9s de perderme el encuentro con Aboubakar Soumahoro el viernes pasado por la huelga de los medios, estaba decidida a no repetirlo con Mimmo Lucano,","og_url":"https:\/\/www.pressenza.com\/es\/2018\/11\/mimmo-lucano-en-milan-otra-humanidad-es-posible\/","og_site_name":"Pressenza","article_publisher":"https:\/\/www.facebook.com\/PressenzaItalia","article_published_time":"2018-11-01T20:15:33+00:00","og_image":[{"width":2048,"height":1536,"url":"https:\/\/www.pressenza.com\/wp-content\/uploads\/2018\/10\/Lucano-a-Milano-1.jpg","type":"image\/jpeg"}],"author":"Anna Polo","twitter_card":"summary_large_image","twitter_creator":"@PressenzaIPA","twitter_site":"@PressenzaIPA","twitter_misc":{"Escrito por":"Anna Polo","Tiempo de lectura":"4 minutos"},"schema":{"@context":"https:\/\/schema.org","@graph":[{"@type":"Article","@id":"https:\/\/www.pressenza.com\/es\/2018\/11\/mimmo-lucano-en-milan-otra-humanidad-es-posible\/#article","isPartOf":{"@id":"https:\/\/www.pressenza.com\/es\/2018\/11\/mimmo-lucano-en-milan-otra-humanidad-es-posible\/"},"author":{"name":"Anna Polo","@id":"https:\/\/www.pressenza.com\/es\/#\/schema\/person\/f361ce2dfe3d4331d5ae6840551ffe67"},"headline":"Mimmo Lucano en Mil\u00e1n: \u00abOtra humanidad es posible\u00bb","datePublished":"2018-11-01T20:15:33+00:00","mainEntityOfPage":{"@id":"https:\/\/www.pressenza.com\/es\/2018\/11\/mimmo-lucano-en-milan-otra-humanidad-es-posible\/"},"wordCount":864,"publisher":{"@id":"https:\/\/www.pressenza.com\/es\/#organization"},"image":{"@id":"https:\/\/www.pressenza.com\/es\/2018\/11\/mimmo-lucano-en-milan-otra-humanidad-es-posible\/#primaryimage"},"thumbnailUrl":"https:\/\/www.pressenza.com\/wp-content\/uploads\/2018\/10\/Lucano-a-Milano-1.jpg","keywords":["acogida","CostituzioneBeniComuni","Lodi","Milano in Comune","Mimmo Lucano","Riace","Solidaridad"],"articleSection":["Contenido Original","Derechos Humanos","Europa"],"inLanguage":"es"},{"@type":"WebPage","@id":"https:\/\/www.pressenza.com\/es\/2018\/11\/mimmo-lucano-en-milan-otra-humanidad-es-posible\/","url":"https:\/\/www.pressenza.com\/es\/2018\/11\/mimmo-lucano-en-milan-otra-humanidad-es-posible\/","name":"Mimmo Lucano en Mil\u00e1n: \"Otra humanidad es posible\"","isPartOf":{"@id":"https:\/\/www.pressenza.com\/es\/#website"},"primaryImageOfPage":{"@id":"https:\/\/www.pressenza.com\/es\/2018\/11\/mimmo-lucano-en-milan-otra-humanidad-es-posible\/#primaryimage"},"image":{"@id":"https:\/\/www.pressenza.com\/es\/2018\/11\/mimmo-lucano-en-milan-otra-humanidad-es-posible\/#primaryimage"},"thumbnailUrl":"https:\/\/www.pressenza.com\/wp-content\/uploads\/2018\/10\/Lucano-a-Milano-1.jpg","datePublished":"2018-11-01T20:15:33+00:00","description":"Despu\u00e9s de perderme el encuentro con Aboubakar Soumahoro el viernes pasado por la huelga de los medios, estaba decidida a no repetirlo con Mimmo Lucano,","breadcrumb":{"@id":"https:\/\/www.pressenza.com\/es\/2018\/11\/mimmo-lucano-en-milan-otra-humanidad-es-posible\/#breadcrumb"},"inLanguage":"es","potentialAction":[{"@type":"ReadAction","target":["https:\/\/www.pressenza.com\/es\/2018\/11\/mimmo-lucano-en-milan-otra-humanidad-es-posible\/"]}]},{"@type":"ImageObject","inLanguage":"es","@id":"https:\/\/www.pressenza.com\/es\/2018\/11\/mimmo-lucano-en-milan-otra-humanidad-es-posible\/#primaryimage","url":"https:\/\/www.pressenza.com\/wp-content\/uploads\/2018\/10\/Lucano-a-Milano-1.jpg","contentUrl":"https:\/\/www.pressenza.com\/wp-content\/uploads\/2018\/10\/Lucano-a-Milano-1.jpg","width":2048,"height":1536},{"@type":"BreadcrumbList","@id":"https:\/\/www.pressenza.com\/es\/2018\/11\/mimmo-lucano-en-milan-otra-humanidad-es-posible\/#breadcrumb","itemListElement":[{"@type":"ListItem","position":1,"name":"Accueil","item":"https:\/\/www.pressenza.com\/es\/"},{"@type":"ListItem","position":2,"name":"Mimmo Lucano en Mil\u00e1n: \u00abOtra humanidad es posible\u00bb"}]},{"@type":"WebSite","@id":"https:\/\/www.pressenza.com\/es\/#website","url":"https:\/\/www.pressenza.com\/es\/","name":"Pressenza","description":"International Press Agency","publisher":{"@id":"https:\/\/www.pressenza.com\/es\/#organization"},"potentialAction":[{"@type":"SearchAction","target":{"@type":"EntryPoint","urlTemplate":"https:\/\/www.pressenza.com\/es\/?s={search_term_string}"},"query-input":{"@type":"PropertyValueSpecification","valueRequired":true,"valueName":"search_term_string"}}],"inLanguage":"es"},{"@type":"Organization","@id":"https:\/\/www.pressenza.com\/es\/#organization","name":"Pressenza","url":"https:\/\/www.pressenza.com\/es\/","logo":{"@type":"ImageObject","inLanguage":"es","@id":"https:\/\/www.pressenza.com\/es\/#\/schema\/logo\/image\/","url":"https:\/\/www.pressenza.com\/wp-content\/uploads\/2022\/10\/pressenza_logo_200x200.jpg","contentUrl":"https:\/\/www.pressenza.com\/wp-content\/uploads\/2022\/10\/pressenza_logo_200x200.jpg","width":200,"height":200,"caption":"Pressenza"},"image":{"@id":"https:\/\/www.pressenza.com\/es\/#\/schema\/logo\/image\/"},"sameAs":["https:\/\/www.facebook.com\/PressenzaItalia","https:\/\/x.com\/PressenzaIPA"]},{"@type":"Person","@id":"https:\/\/www.pressenza.com\/es\/#\/schema\/person\/f361ce2dfe3d4331d5ae6840551ffe67","name":"Anna Polo","description":"Impegnata per anni nel campo della pace e della nonviolenza, ha fatto parte dell'equipe relazioni della Marcia Mondiale per la Pace e la Nonviolenza e in seguito di Mondo senza guerre e senza violenza. Attualmente partecipa alla redazione italiana di Pressenza e si occupa principalmente del tema migrazioni, pubblicando articoli e interviste e organizzando eventi.","url":"https:\/\/www.pressenza.com\/es\/author\/anna-polo\/"}]}},"place":"Mil\u00e1n","original_article_url":"","_links":{"self":[{"href":"https:\/\/www.pressenza.com\/es\/wp-json\/wp\/v2\/posts\/748626","targetHints":{"allow":["GET"]}}],"collection":[{"href":"https:\/\/www.pressenza.com\/es\/wp-json\/wp\/v2\/posts"}],"about":[{"href":"https:\/\/www.pressenza.com\/es\/wp-json\/wp\/v2\/types\/post"}],"author":[{"embeddable":true,"href":"https:\/\/www.pressenza.com\/es\/wp-json\/wp\/v2\/users\/500"}],"replies":[{"embeddable":true,"href":"https:\/\/www.pressenza.com\/es\/wp-json\/wp\/v2\/comments?post=748626"}],"version-history":[{"count":0,"href":"https:\/\/www.pressenza.com\/es\/wp-json\/wp\/v2\/posts\/748626\/revisions"}],"wp:featuredmedia":[{"embeddable":true,"href":"https:\/\/www.pressenza.com\/es\/wp-json\/wp\/v2\/media\/747630"}],"wp:attachment":[{"href":"https:\/\/www.pressenza.com\/es\/wp-json\/wp\/v2\/media?parent=748626"}],"wp:term":[{"taxonomy":"category","embeddable":true,"href":"https:\/\/www.pressenza.com\/es\/wp-json\/wp\/v2\/categories?post=748626"},{"taxonomy":"post_tag","embeddable":true,"href":"https:\/\/www.pressenza.com\/es\/wp-json\/wp\/v2\/tags?post=748626"}],"curies":[{"name":"wp","href":"https:\/\/api.w.org\/{rel}","templated":true}]}}