{"id":748264,"date":"2018-11-01T07:39:18","date_gmt":"2018-11-01T07:39:18","guid":{"rendered":"https:\/\/www.pressenza.com\/?p=748264"},"modified":"2018-11-01T07:39:18","modified_gmt":"2018-11-01T07:39:18","slug":"que-literatura-de-cuba-es-funcional-al-gran-hermano-editorial-y-mediatico","status":"publish","type":"post","link":"https:\/\/www.pressenza.com\/es\/2018\/11\/que-literatura-de-cuba-es-funcional-al-gran-hermano-editorial-y-mediatico\/","title":{"rendered":"\u00bfQu\u00e9 literatura de Cuba es funcional al Gran Hermano editorial y medi\u00e1tico?"},"content":{"rendered":"<p>Jos\u00e9 Manzaneda, coordinador de Cubainformaci\u00f3n.- Cuba es un pa\u00eds de cultura que produce artistas en grandes cantidades (1). Profesionales de la m\u00fasica (2) o la danza (3) que residen en la Isla han conseguido reconocimiento y promoci\u00f3n en el exterior, al margen de condicionantes pol\u00edticos. No es el caso de la literatura.<\/p>\n<p><strong>Quienes han logrado publicar en editoriales extranjeras son, <\/strong>en su mayor\u00eda,<strong> quienes centran su obra literaria <\/strong>\u2013y sus declaraciones p\u00fablicas- <strong>en el ataque al gobierno<\/strong> y al sistema pol\u00edtico de la Isla.<\/p>\n<p>Como en su momento fue la escritora Zo\u00e9 Vald\u00e9s (4), hoy son autores como Iv\u00e1n de la Nuez (5) o Vladimir Hern\u00e1ndez (6), cuya obra tiene como centro tem\u00e1tico la condena y satanizaci\u00f3n de la Revoluci\u00f3n cubana, quienes tienen preferencia en las grandes editoriales. Adem\u00e1s, <strong>una ampl\u00edsima difusi\u00f3n de sus libros a trav\u00e9s de entrevistas (7) (8) y rese\u00f1as en los principales diarios de referencia<\/strong>, muchos pertenecientes a los propios grupos editoriales. Rafael Rojas, otro autor con similares posiciones, tiene columna peri\u00f3dica en importantes diarios como \u201cEl Pa\u00eds\u201d (9). Amir Valle incluso dirige un espacio en la televisi\u00f3n p\u00fablica alemana Deutsche Welle (10).<\/p>\n<p>Y no solo son apoyados por los medios corporativos. <strong>La nueva prensa digital nominalmente \u201cprogresista\u201d \u2013eldiario.es, por ejemplo- es tambi\u00e9n espacio <\/strong>de promoci\u00f3n para novelistas que, como Carlos Manuel \u00c1lvarez (11) o Wendy Guerra (12), pivotan su creaci\u00f3n literaria en la condena sistem\u00e1tica al gobierno de la Isla.<\/p>\n<p>Lo mismo ocurre con los libros que, acerca de Cuba, son escritos por periodistas de otras nacionalidades. <strong>Solo aquellos que dibujan la Isla como una sociedad en descomposici\u00f3n o la Revoluci\u00f3n como un proceso liquidado, tienen las puertas abiertas <\/strong>de las grandes editoriales y la correspondiente difusi\u00f3n medi\u00e1tica (13). Es el caso de los libros de la argentina Gabriela Esquivada (14), del chileno Patricio Fern\u00e1ndez (15) o del espa\u00f1ol Vicente Bot\u00edn (16). Mientras, cualquier libro de signo contrario ser\u00e1 condenado a los circuitos marginales de impresi\u00f3n, distribuci\u00f3n o difusi\u00f3n alternativa (17). Sin entrevistas, ni art\u00edculos, ni rese\u00f1as.<\/p>\n<p>Es <strong>la misma censura editorial y medi\u00e1tica internacional que sufren cientos de escritoras y escritores de Cuba, <\/strong>residentes dentro o fuera del pa\u00eds,<strong> cuyo pecado es hacer literatura y no pol\u00edtica <\/strong>(18). Como en cualquier pa\u00eds del mundo, la inmensa mayor\u00eda de las novelas escritas en la Isla cuenta historias, no es literatura con lectura pol\u00edtica. Aunque no por ello deje de retratar con crudeza la sociedad de su pa\u00eds y los problemas de su tiempo (19).<\/p>\n<p><strong>El sesgo ideol\u00f3gico de la prensa lo apreciamos, por ejemplo, en los obituarios. <\/strong>Sobre el fallecimiento, este a\u00f1o, de Daniel Chavarr\u00eda (20), autor de novela negra que, a\u00fan nacido en Uruguay, vivi\u00f3 en Cuba y se present\u00f3 siempre como escritor cubano, apenas le\u00edmos breves rese\u00f1as centradas en su obra, sin la menor referencia a su militancia comunista (21). El mismo tratamiento dio la prensa \u2013espa\u00f1ola, por ejemplo- a la desaparici\u00f3n del narrador cubano Miguel Mejides (22), cuya implicaci\u00f3n en la pol\u00edtica cultural del pa\u00eds o en la Uni\u00f3n de Escritores y Artistas de Cuba no fueron datos a rese\u00f1ar (23). Por el contrario, sobre la muerte del poeta Rafael Alcides, m\u00e1s que sobre su obra, le\u00edmos sobre los desencuentros pol\u00edticos con el Gobierno cubano y su caracterizaci\u00f3n como \u201cescritor disidente\u201d (24) (25).<\/p>\n<p>Cuba es un pa\u00eds de cultura, de arte y de literatura. Pero <strong>el Gran Hermano editorial y medi\u00e1tico, que controla y decide a qui\u00e9n publica y a quien difunde, se ha empe\u00f1ado en seleccionar solo a quienes en la Isla son funcionales<\/strong> a su ideolog\u00eda e intereses (26).<\/p>\n<ul>\n<li><a href=\"https:\/\/www.lavanguardia.com\/vida\/20180125\/44276087540\/la-exposicion-cuba-iluminada-muestra-en-madrid-rostros-de-la-cultura-cubana.html\">https:\/\/www.lavanguardia.com\/vida\/20180125\/44276087540\/la-exposicion-cuba-iluminada-muestra-en-madrid-rostros-de-la-cultura-cubana.html<\/a><\/li>\n<li><a href=\"https:\/\/www.pagina12.com.ar\/140486-entre-ambos-hay-una-quimica-muy-linda\">https:\/\/www.pagina12.com.ar\/140486-entre-ambos-hay-una-quimica-muy-linda<\/a><\/li>\n<li><a href=\"http:\/\/www.radiocubana.cu\/noticias-de-la-radio-cubana\/68-noticias-nacionales\/23740-presentan-libro-fotografico-sobre-bailarina-cubana-viengsay-valdes\">http:\/\/www.radiocubana.cu\/noticias-de-la-radio-cubana\/68-noticias-nacionales\/23740-presentan-libro-fotografico-sobre-bailarina-cubana-viengsay-valdes<\/a><\/li>\n<li><a href=\"https:\/\/www.europapress.es\/andalucia\/sevilla-00357\/noticia-zoe-valdes-recupera-personaje-yocandra-narrar-exilio-cubano-paris-todo-cotidiano-20100927153540.html\">https:\/\/www.europapress.es\/andalucia\/sevilla-00357\/noticia-zoe-valdes-recupera-personaje-yocandra-narrar-exilio-cubano-paris-todo-cotidiano-20100927153540.html<\/a><\/li>\n<li><a href=\"https:\/\/www.casadellibro.com\/libros-ebooks\/ivan-de-la-nuez\/32365\">https:\/\/www.casadellibro.com\/libros-ebooks\/ivan-de-la-nuez\/32365<\/a><\/li>\n<li><a href=\"http:\/\/www.rtve.es\/alacarta\/audios\/america-hoy\/america-hoy-vladimir-hernandez-presenta-habana-skyline-2-parte-su-trilogia-sobre-cuba-23-05-18\/4611779\/\">http:\/\/www.rtve.es\/alacarta\/audios\/america-hoy\/america-hoy-vladimir-hernandez-presenta-habana-skyline-2-parte-su-trilogia-sobre-cuba-23-05-18\/4611779\/<\/a><\/li>\n<li><a href=\"https:\/\/www.abc.es\/internacional\/20131126\/abci-cuba-entrevista-escritor-activista-201311251710.html\">https:\/\/www.abc.es\/internacional\/20131126\/abci-cuba-entrevista-escritor-activista-201311251710.html<\/a><\/li>\n<li><a href=\"https:\/\/www.elcultural.com\/noticias\/letras\/Carlos-Manuel-Alvarez-Mi-novela-es-vertical-hacia-abajo-como-una-caida\/12646\">https:\/\/www.elcultural.com\/noticias\/letras\/Carlos-Manuel-Alvarez-Mi-novela-es-vertical-hacia-abajo-como-una-caida\/12646<\/a><\/li>\n<li><a href=\"https:\/\/elpais.com\/autor\/rafael_rojas\/a\">https:\/\/elpais.com\/autor\/rafael_rojas\/a<\/a><\/li>\n<li><a href=\"http:\/\/amirvalle.com\/es\/entrevista\/alemania-con-acento-amir-valle-escritor-cubano\/\">http:\/\/amirvalle.com\/es\/entrevista\/alemania-con-acento-amir-valle-escritor-cubano\/<\/a><\/li>\n<li><a href=\"https:\/\/www.eldiario.es\/internacional\/Donald-Trump-perfectamente-dogmaticas-Cuba_0_821718034.html\">https:\/\/www.eldiario.es\/internacional\/Donald-Trump-perfectamente-dogmaticas-Cuba_0_821718034.html<\/a><\/li>\n<li><a href=\"https:\/\/www.eldiario.es\/cultura\/entrevistas\/Wendy-Guerra-Cuba-conocemos-revolucion_0_515148602.html\">https:\/\/www.eldiario.es\/cultura\/entrevistas\/Wendy-Guerra-Cuba-conocemos-revolucion_0_515148602.html<\/a><\/li>\n<li><a href=\"https:\/\/www.lanacion.com.py\/espectaculo\/2018\/06\/12\/autor-cubano-presentara-su-libro-la-vida-es-un-monologo\/\">https:\/\/www.lanacion.com.py\/espectaculo\/2018\/06\/12\/autor-cubano-presentara-su-libro-la-vida-es-un-monologo\/<\/a><\/li>\n<li><a href=\"https:\/\/www.clarin.com\/cultura\/cuba-sabor-sinsabores-isla-despues-castro_0_rJIlTpJVX.html\">https:\/\/www.clarin.com\/cultura\/cuba-sabor-sinsabores-isla-despues-castro_0_rJIlTpJVX.html<\/a><\/li>\n<li><a href=\"https:\/\/www.latercera.com\/tendencias\/noticia\/la-cuba-personal-patricio-fernandez\/225836\/\">https:\/\/www.latercera.com\/tendencias\/noticia\/la-cuba-personal-patricio-fernandez\/225836\/<\/a><\/li>\n<li><a href=\"https:\/\/www.elnuevoherald.com\/ultimas-noticias\/article2005737.html\">https:\/\/www.elnuevoherald.com\/ultimas-noticias\/article2005737.html<\/a><\/li>\n<li><a href=\"https:\/\/www.catarata.org\/libro\/opcion-cero_70784\/\">https:\/\/www.catarata.org\/libro\/opcion-cero_70784\/<\/a><\/li>\n<li><a href=\"http:\/\/www.cubaliteraria.com\/\">http:\/\/www.cubaliteraria.com\/<\/a><\/li>\n<li><a href=\"http:\/\/www.lajiribilla.cu\/\">http:\/\/www.lajiribilla.cu\/<\/a><\/li>\n<li><a href=\"https:\/\/elpais.com\/cultura\/2018\/04\/09\/actualidad\/1523299283_550939.html\">https:\/\/elpais.com\/cultura\/2018\/04\/09\/actualidad\/1523299283_550939.html<\/a><\/li>\n<li><a href=\"http:\/\/www.cubadebate.cu\/opinion\/2016\/12\/02\/nunca-habra-cuba-sin-fidel-como-tampoco-hay-cuba-sin-marti\/\">http:\/\/www.cubadebate.cu\/opinion\/2016\/12\/02\/nunca-habra-cuba-sin-fidel-como-tampoco-hay-cuba-sin-marti\/<\/a><\/li>\n<li><a href=\"http:\/\/www.abc.es\/cultura\/abci-muere-habana-reconocido-escritor-cubano-miguel-mejides-201806140358_noticia.html\">http:\/\/www.abc.es\/cultura\/abci-muere-habana-reconocido-escritor-cubano-miguel-mejides-201806140358_noticia.html<\/a><\/li>\n<li><a href=\"http:\/\/www.granma.cu\/cultura\/2018-06-13\/fallecio-el-escritor-miguel-mejides-13-06-2018-21-06-05\">http:\/\/www.granma.cu\/cultura\/2018-06-13\/fallecio-el-escritor-miguel-mejides-13-06-2018-21-06-05<\/a><\/li>\n<li><a href=\"https:\/\/www.elnuevoherald.com\/noticias\/mundo\/america-latina\/cuba-es\/article213513114.html\">https:\/\/www.elnuevoherald.com\/noticias\/mundo\/america-latina\/cuba-es\/article213513114.html<\/a><\/li>\n<li><a href=\"https:\/\/www.abc.es\/cultura\/libros\/abci-muere-poeta-cubano-rafael-alcides-201806201722_noticia.html\">https:\/\/www.abc.es\/cultura\/libros\/abci-muere-poeta-cubano-rafael-alcides-201806201722_noticia.html<\/a><\/li>\n<li><a href=\"https:\/\/www.notimerica.com\/cultura\/noticia-10-libros-entender-cuba-actual-20150104095934.html\">https:\/\/www.notimerica.com\/cultura\/noticia-10-libros-entender-cuba-actual-20150104095934.html<\/a><\/li>\n<\/ul>\n<p><iframe loading=\"lazy\" title=\"\u00bfQu\u00e9 literatura de Cuba es funcional al Gran Hermano editorial y medi\u00e1tico?\" width=\"500\" height=\"281\" src=\"https:\/\/www.youtube.com\/embed\/mdzUkJPqtcI?feature=oembed\" frameborder=\"0\" allow=\"accelerometer; autoplay; clipboard-write; encrypted-media; gyroscope; picture-in-picture; web-share\" referrerpolicy=\"strict-origin-when-cross-origin\" allowfullscreen><\/iframe><\/p>\n","protected":false},"excerpt":{"rendered":"<p>Jos\u00e9 Manzaneda, coordinador de Cubainformaci\u00f3n.- Cuba es un pa\u00eds de cultura que produce artistas en grandes cantidades (1). Profesionales de la m\u00fasica (2) o la danza (3) que residen en la Isla han conseguido reconocimiento y promoci\u00f3n en el exterior,&hellip;<\/p>\n","protected":false},"author":1333,"featured_media":748265,"comment_status":"closed","ping_status":"closed","sticky":false,"template":"","format":"standard","meta":{"footnotes":""},"categories":[69,75,161,74],"tags":[18833,51309,662,51310],"class_list":["post-748264","post","type-post","status-publish","format-standard","has-post-thumbnail","hentry","category-america-central","category-cultura-es","category-opiniones","category-politica-es","tag-literatura","tag-miguel-mejides","tag-prensa","tag-union-de-escritores-y-artistas-de-cuba"],"yoast_head":"<!-- This site is optimized with the Yoast SEO plugin v27.1.1 - https:\/\/yoast.com\/product\/yoast-seo-wordpress\/ -->\n<title>\u00bfQu\u00e9 literatura de Cuba es funcional al Gran Hermano editorial y medi\u00e1tico?<\/title>\n<meta name=\"description\" content=\"Jos\u00e9 Manzaneda, coordinador de Cubainformaci\u00f3n.- Cuba es un pa\u00eds de cultura que produce artistas en grandes cantidades (1). Profesionales de la m\u00fasica (2)\" \/>\n<meta name=\"robots\" content=\"index, follow, max-snippet:-1, max-image-preview:large, max-video-preview:-1\" \/>\n<link rel=\"canonical\" href=\"https:\/\/www.pressenza.com\/es\/2018\/11\/que-literatura-de-cuba-es-funcional-al-gran-hermano-editorial-y-mediatico\/\" \/>\n<meta property=\"og:locale\" content=\"es_ES\" \/>\n<meta property=\"og:type\" content=\"article\" \/>\n<meta property=\"og:title\" content=\"\u00bfQu\u00e9 literatura de Cuba es funcional al Gran Hermano editorial y medi\u00e1tico?\" \/>\n<meta property=\"og:description\" content=\"Jos\u00e9 Manzaneda, coordinador de Cubainformaci\u00f3n.- Cuba es un pa\u00eds de cultura que produce artistas en grandes cantidades (1). Profesionales de la m\u00fasica (2)\" \/>\n<meta property=\"og:url\" content=\"https:\/\/www.pressenza.com\/es\/2018\/11\/que-literatura-de-cuba-es-funcional-al-gran-hermano-editorial-y-mediatico\/\" \/>\n<meta property=\"og:site_name\" content=\"Pressenza\" \/>\n<meta property=\"article:publisher\" content=\"https:\/\/www.facebook.com\/PressenzaItalia\" \/>\n<meta property=\"article:published_time\" content=\"2018-11-01T07:39:18+00:00\" \/>\n<meta property=\"og:image\" content=\"https:\/\/www.pressenza.com\/wp-content\/uploads\/2018\/11\/033.jpg\" \/>\n\t<meta property=\"og:image:width\" content=\"1407\" \/>\n\t<meta property=\"og:image:height\" content=\"971\" \/>\n\t<meta property=\"og:image:type\" content=\"image\/jpeg\" \/>\n<meta name=\"author\" content=\"Redacci\u00f3n Cuba\" \/>\n<meta name=\"twitter:card\" content=\"summary_large_image\" \/>\n<meta name=\"twitter:creator\" content=\"@PressenzaIPA\" \/>\n<meta name=\"twitter:site\" content=\"@PressenzaIPA\" \/>\n<meta name=\"twitter:label1\" content=\"Escrito por\" \/>\n\t<meta name=\"twitter:data1\" content=\"Redacci\u00f3n Cuba\" \/>\n\t<meta name=\"twitter:label2\" content=\"Tiempo de lectura\" \/>\n\t<meta name=\"twitter:data2\" content=\"4 minutos\" \/>\n<script type=\"application\/ld+json\" class=\"yoast-schema-graph\">{\"@context\":\"https:\/\/schema.org\",\"@graph\":[{\"@type\":\"Article\",\"@id\":\"https:\/\/www.pressenza.com\/es\/2018\/11\/que-literatura-de-cuba-es-funcional-al-gran-hermano-editorial-y-mediatico\/#article\",\"isPartOf\":{\"@id\":\"https:\/\/www.pressenza.com\/es\/2018\/11\/que-literatura-de-cuba-es-funcional-al-gran-hermano-editorial-y-mediatico\/\"},\"author\":{\"name\":\"Redacci\u00f3n Cuba\",\"@id\":\"https:\/\/www.pressenza.com\/es\/#\/schema\/person\/8ae9fb86616bf7972df5aa651a73f542\"},\"headline\":\"\u00bfQu\u00e9 literatura de Cuba es funcional al Gran Hermano editorial y medi\u00e1tico?\",\"datePublished\":\"2018-11-01T07:39:18+00:00\",\"mainEntityOfPage\":{\"@id\":\"https:\/\/www.pressenza.com\/es\/2018\/11\/que-literatura-de-cuba-es-funcional-al-gran-hermano-editorial-y-mediatico\/\"},\"wordCount\":842,\"publisher\":{\"@id\":\"https:\/\/www.pressenza.com\/es\/#organization\"},\"image\":{\"@id\":\"https:\/\/www.pressenza.com\/es\/2018\/11\/que-literatura-de-cuba-es-funcional-al-gran-hermano-editorial-y-mediatico\/#primaryimage\"},\"thumbnailUrl\":\"https:\/\/www.pressenza.com\/wp-content\/uploads\/2018\/11\/033.jpg\",\"keywords\":[\"Literatura\",\"Miguel Mejides\",\"prensa\",\"Uni\u00f3n de Escritores y Artistas de Cuba\"],\"articleSection\":[\"Am\u00e9rica Central\",\"Cultura y Medios\",\"Opiniones\",\"Pol\u00edtica\"],\"inLanguage\":\"es\"},{\"@type\":\"WebPage\",\"@id\":\"https:\/\/www.pressenza.com\/es\/2018\/11\/que-literatura-de-cuba-es-funcional-al-gran-hermano-editorial-y-mediatico\/\",\"url\":\"https:\/\/www.pressenza.com\/es\/2018\/11\/que-literatura-de-cuba-es-funcional-al-gran-hermano-editorial-y-mediatico\/\",\"name\":\"\u00bfQu\u00e9 literatura de Cuba es funcional al Gran Hermano editorial y medi\u00e1tico?\",\"isPartOf\":{\"@id\":\"https:\/\/www.pressenza.com\/es\/#website\"},\"primaryImageOfPage\":{\"@id\":\"https:\/\/www.pressenza.com\/es\/2018\/11\/que-literatura-de-cuba-es-funcional-al-gran-hermano-editorial-y-mediatico\/#primaryimage\"},\"image\":{\"@id\":\"https:\/\/www.pressenza.com\/es\/2018\/11\/que-literatura-de-cuba-es-funcional-al-gran-hermano-editorial-y-mediatico\/#primaryimage\"},\"thumbnailUrl\":\"https:\/\/www.pressenza.com\/wp-content\/uploads\/2018\/11\/033.jpg\",\"datePublished\":\"2018-11-01T07:39:18+00:00\",\"description\":\"Jos\u00e9 Manzaneda, coordinador de Cubainformaci\u00f3n.- Cuba es un pa\u00eds de cultura que produce artistas en grandes cantidades (1). Profesionales de la m\u00fasica (2)\",\"breadcrumb\":{\"@id\":\"https:\/\/www.pressenza.com\/es\/2018\/11\/que-literatura-de-cuba-es-funcional-al-gran-hermano-editorial-y-mediatico\/#breadcrumb\"},\"inLanguage\":\"es\",\"potentialAction\":[{\"@type\":\"ReadAction\",\"target\":[\"https:\/\/www.pressenza.com\/es\/2018\/11\/que-literatura-de-cuba-es-funcional-al-gran-hermano-editorial-y-mediatico\/\"]}]},{\"@type\":\"ImageObject\",\"inLanguage\":\"es\",\"@id\":\"https:\/\/www.pressenza.com\/es\/2018\/11\/que-literatura-de-cuba-es-funcional-al-gran-hermano-editorial-y-mediatico\/#primaryimage\",\"url\":\"https:\/\/www.pressenza.com\/wp-content\/uploads\/2018\/11\/033.jpg\",\"contentUrl\":\"https:\/\/www.pressenza.com\/wp-content\/uploads\/2018\/11\/033.jpg\",\"width\":1407,\"height\":971},{\"@type\":\"BreadcrumbList\",\"@id\":\"https:\/\/www.pressenza.com\/es\/2018\/11\/que-literatura-de-cuba-es-funcional-al-gran-hermano-editorial-y-mediatico\/#breadcrumb\",\"itemListElement\":[{\"@type\":\"ListItem\",\"position\":1,\"name\":\"Accueil\",\"item\":\"https:\/\/www.pressenza.com\/es\/\"},{\"@type\":\"ListItem\",\"position\":2,\"name\":\"\u00bfQu\u00e9 literatura de Cuba es funcional al Gran Hermano editorial y medi\u00e1tico?\"}]},{\"@type\":\"WebSite\",\"@id\":\"https:\/\/www.pressenza.com\/es\/#website\",\"url\":\"https:\/\/www.pressenza.com\/es\/\",\"name\":\"Pressenza\",\"description\":\"International Press Agency\",\"publisher\":{\"@id\":\"https:\/\/www.pressenza.com\/es\/#organization\"},\"potentialAction\":[{\"@type\":\"SearchAction\",\"target\":{\"@type\":\"EntryPoint\",\"urlTemplate\":\"https:\/\/www.pressenza.com\/es\/?s={search_term_string}\"},\"query-input\":{\"@type\":\"PropertyValueSpecification\",\"valueRequired\":true,\"valueName\":\"search_term_string\"}}],\"inLanguage\":\"es\"},{\"@type\":\"Organization\",\"@id\":\"https:\/\/www.pressenza.com\/es\/#organization\",\"name\":\"Pressenza\",\"url\":\"https:\/\/www.pressenza.com\/es\/\",\"logo\":{\"@type\":\"ImageObject\",\"inLanguage\":\"es\",\"@id\":\"https:\/\/www.pressenza.com\/es\/#\/schema\/logo\/image\/\",\"url\":\"https:\/\/www.pressenza.com\/wp-content\/uploads\/2022\/10\/pressenza_logo_200x200.jpg\",\"contentUrl\":\"https:\/\/www.pressenza.com\/wp-content\/uploads\/2022\/10\/pressenza_logo_200x200.jpg\",\"width\":200,\"height\":200,\"caption\":\"Pressenza\"},\"image\":{\"@id\":\"https:\/\/www.pressenza.com\/es\/#\/schema\/logo\/image\/\"},\"sameAs\":[\"https:\/\/www.facebook.com\/PressenzaItalia\",\"https:\/\/x.com\/PressenzaIPA\"]},{\"@type\":\"Person\",\"@id\":\"https:\/\/www.pressenza.com\/es\/#\/schema\/person\/8ae9fb86616bf7972df5aa651a73f542\",\"name\":\"Redacci\u00f3n Cuba\",\"description\":\"News published by the Pressenza bureau in Cuba\",\"url\":\"https:\/\/www.pressenza.com\/es\/author\/redaccion-cuba\/\"}]}<\/script>\n<!-- \/ Yoast SEO plugin. -->","yoast_head_json":{"title":"\u00bfQu\u00e9 literatura de Cuba es funcional al Gran Hermano editorial y medi\u00e1tico?","description":"Jos\u00e9 Manzaneda, coordinador de Cubainformaci\u00f3n.- Cuba es un pa\u00eds de cultura que produce artistas en grandes cantidades (1). Profesionales de la m\u00fasica (2)","robots":{"index":"index","follow":"follow","max-snippet":"max-snippet:-1","max-image-preview":"max-image-preview:large","max-video-preview":"max-video-preview:-1"},"canonical":"https:\/\/www.pressenza.com\/es\/2018\/11\/que-literatura-de-cuba-es-funcional-al-gran-hermano-editorial-y-mediatico\/","og_locale":"es_ES","og_type":"article","og_title":"\u00bfQu\u00e9 literatura de Cuba es funcional al Gran Hermano editorial y medi\u00e1tico?","og_description":"Jos\u00e9 Manzaneda, coordinador de Cubainformaci\u00f3n.- Cuba es un pa\u00eds de cultura que produce artistas en grandes cantidades (1). Profesionales de la m\u00fasica (2)","og_url":"https:\/\/www.pressenza.com\/es\/2018\/11\/que-literatura-de-cuba-es-funcional-al-gran-hermano-editorial-y-mediatico\/","og_site_name":"Pressenza","article_publisher":"https:\/\/www.facebook.com\/PressenzaItalia","article_published_time":"2018-11-01T07:39:18+00:00","og_image":[{"width":1407,"height":971,"url":"https:\/\/www.pressenza.com\/wp-content\/uploads\/2018\/11\/033.jpg","type":"image\/jpeg"}],"author":"Redacci\u00f3n Cuba","twitter_card":"summary_large_image","twitter_creator":"@PressenzaIPA","twitter_site":"@PressenzaIPA","twitter_misc":{"Escrito por":"Redacci\u00f3n Cuba","Tiempo de lectura":"4 minutos"},"schema":{"@context":"https:\/\/schema.org","@graph":[{"@type":"Article","@id":"https:\/\/www.pressenza.com\/es\/2018\/11\/que-literatura-de-cuba-es-funcional-al-gran-hermano-editorial-y-mediatico\/#article","isPartOf":{"@id":"https:\/\/www.pressenza.com\/es\/2018\/11\/que-literatura-de-cuba-es-funcional-al-gran-hermano-editorial-y-mediatico\/"},"author":{"name":"Redacci\u00f3n Cuba","@id":"https:\/\/www.pressenza.com\/es\/#\/schema\/person\/8ae9fb86616bf7972df5aa651a73f542"},"headline":"\u00bfQu\u00e9 literatura de Cuba es funcional al Gran Hermano editorial y medi\u00e1tico?","datePublished":"2018-11-01T07:39:18+00:00","mainEntityOfPage":{"@id":"https:\/\/www.pressenza.com\/es\/2018\/11\/que-literatura-de-cuba-es-funcional-al-gran-hermano-editorial-y-mediatico\/"},"wordCount":842,"publisher":{"@id":"https:\/\/www.pressenza.com\/es\/#organization"},"image":{"@id":"https:\/\/www.pressenza.com\/es\/2018\/11\/que-literatura-de-cuba-es-funcional-al-gran-hermano-editorial-y-mediatico\/#primaryimage"},"thumbnailUrl":"https:\/\/www.pressenza.com\/wp-content\/uploads\/2018\/11\/033.jpg","keywords":["Literatura","Miguel Mejides","prensa","Uni\u00f3n de Escritores y Artistas de Cuba"],"articleSection":["Am\u00e9rica Central","Cultura y Medios","Opiniones","Pol\u00edtica"],"inLanguage":"es"},{"@type":"WebPage","@id":"https:\/\/www.pressenza.com\/es\/2018\/11\/que-literatura-de-cuba-es-funcional-al-gran-hermano-editorial-y-mediatico\/","url":"https:\/\/www.pressenza.com\/es\/2018\/11\/que-literatura-de-cuba-es-funcional-al-gran-hermano-editorial-y-mediatico\/","name":"\u00bfQu\u00e9 literatura de Cuba es funcional al Gran Hermano editorial y medi\u00e1tico?","isPartOf":{"@id":"https:\/\/www.pressenza.com\/es\/#website"},"primaryImageOfPage":{"@id":"https:\/\/www.pressenza.com\/es\/2018\/11\/que-literatura-de-cuba-es-funcional-al-gran-hermano-editorial-y-mediatico\/#primaryimage"},"image":{"@id":"https:\/\/www.pressenza.com\/es\/2018\/11\/que-literatura-de-cuba-es-funcional-al-gran-hermano-editorial-y-mediatico\/#primaryimage"},"thumbnailUrl":"https:\/\/www.pressenza.com\/wp-content\/uploads\/2018\/11\/033.jpg","datePublished":"2018-11-01T07:39:18+00:00","description":"Jos\u00e9 Manzaneda, coordinador de Cubainformaci\u00f3n.- Cuba es un pa\u00eds de cultura que produce artistas en grandes cantidades (1). Profesionales de la m\u00fasica (2)","breadcrumb":{"@id":"https:\/\/www.pressenza.com\/es\/2018\/11\/que-literatura-de-cuba-es-funcional-al-gran-hermano-editorial-y-mediatico\/#breadcrumb"},"inLanguage":"es","potentialAction":[{"@type":"ReadAction","target":["https:\/\/www.pressenza.com\/es\/2018\/11\/que-literatura-de-cuba-es-funcional-al-gran-hermano-editorial-y-mediatico\/"]}]},{"@type":"ImageObject","inLanguage":"es","@id":"https:\/\/www.pressenza.com\/es\/2018\/11\/que-literatura-de-cuba-es-funcional-al-gran-hermano-editorial-y-mediatico\/#primaryimage","url":"https:\/\/www.pressenza.com\/wp-content\/uploads\/2018\/11\/033.jpg","contentUrl":"https:\/\/www.pressenza.com\/wp-content\/uploads\/2018\/11\/033.jpg","width":1407,"height":971},{"@type":"BreadcrumbList","@id":"https:\/\/www.pressenza.com\/es\/2018\/11\/que-literatura-de-cuba-es-funcional-al-gran-hermano-editorial-y-mediatico\/#breadcrumb","itemListElement":[{"@type":"ListItem","position":1,"name":"Accueil","item":"https:\/\/www.pressenza.com\/es\/"},{"@type":"ListItem","position":2,"name":"\u00bfQu\u00e9 literatura de Cuba es funcional al Gran Hermano editorial y medi\u00e1tico?"}]},{"@type":"WebSite","@id":"https:\/\/www.pressenza.com\/es\/#website","url":"https:\/\/www.pressenza.com\/es\/","name":"Pressenza","description":"International Press Agency","publisher":{"@id":"https:\/\/www.pressenza.com\/es\/#organization"},"potentialAction":[{"@type":"SearchAction","target":{"@type":"EntryPoint","urlTemplate":"https:\/\/www.pressenza.com\/es\/?s={search_term_string}"},"query-input":{"@type":"PropertyValueSpecification","valueRequired":true,"valueName":"search_term_string"}}],"inLanguage":"es"},{"@type":"Organization","@id":"https:\/\/www.pressenza.com\/es\/#organization","name":"Pressenza","url":"https:\/\/www.pressenza.com\/es\/","logo":{"@type":"ImageObject","inLanguage":"es","@id":"https:\/\/www.pressenza.com\/es\/#\/schema\/logo\/image\/","url":"https:\/\/www.pressenza.com\/wp-content\/uploads\/2022\/10\/pressenza_logo_200x200.jpg","contentUrl":"https:\/\/www.pressenza.com\/wp-content\/uploads\/2022\/10\/pressenza_logo_200x200.jpg","width":200,"height":200,"caption":"Pressenza"},"image":{"@id":"https:\/\/www.pressenza.com\/es\/#\/schema\/logo\/image\/"},"sameAs":["https:\/\/www.facebook.com\/PressenzaItalia","https:\/\/x.com\/PressenzaIPA"]},{"@type":"Person","@id":"https:\/\/www.pressenza.com\/es\/#\/schema\/person\/8ae9fb86616bf7972df5aa651a73f542","name":"Redacci\u00f3n Cuba","description":"News published by the Pressenza bureau in Cuba","url":"https:\/\/www.pressenza.com\/es\/author\/redaccion-cuba\/"}]}},"place":"Hassan Dalband","original_article_url":"http:\/\/www.cubainformacion.tv\/index.php\/en-portada\/79204-ique-literatura-de-cuba-es-funcional-al-gran-hermano-editorial-y-mediatico","_links":{"self":[{"href":"https:\/\/www.pressenza.com\/es\/wp-json\/wp\/v2\/posts\/748264","targetHints":{"allow":["GET"]}}],"collection":[{"href":"https:\/\/www.pressenza.com\/es\/wp-json\/wp\/v2\/posts"}],"about":[{"href":"https:\/\/www.pressenza.com\/es\/wp-json\/wp\/v2\/types\/post"}],"author":[{"embeddable":true,"href":"https:\/\/www.pressenza.com\/es\/wp-json\/wp\/v2\/users\/1333"}],"replies":[{"embeddable":true,"href":"https:\/\/www.pressenza.com\/es\/wp-json\/wp\/v2\/comments?post=748264"}],"version-history":[{"count":0,"href":"https:\/\/www.pressenza.com\/es\/wp-json\/wp\/v2\/posts\/748264\/revisions"}],"wp:featuredmedia":[{"embeddable":true,"href":"https:\/\/www.pressenza.com\/es\/wp-json\/wp\/v2\/media\/748265"}],"wp:attachment":[{"href":"https:\/\/www.pressenza.com\/es\/wp-json\/wp\/v2\/media?parent=748264"}],"wp:term":[{"taxonomy":"category","embeddable":true,"href":"https:\/\/www.pressenza.com\/es\/wp-json\/wp\/v2\/categories?post=748264"},{"taxonomy":"post_tag","embeddable":true,"href":"https:\/\/www.pressenza.com\/es\/wp-json\/wp\/v2\/tags?post=748264"}],"curies":[{"name":"wp","href":"https:\/\/api.w.org\/{rel}","templated":true}]}}