{"id":746681,"date":"2018-10-29T18:55:11","date_gmt":"2018-10-29T18:55:11","guid":{"rendered":"https:\/\/www.pressenza.com\/?p=746681"},"modified":"2018-10-29T18:55:11","modified_gmt":"2018-10-29T18:55:11","slug":"fiscal-saudi-llega-a-turquia-para-investigar-asesinato-de-khashoggi","status":"publish","type":"post","link":"https:\/\/www.pressenza.com\/es\/2018\/10\/fiscal-saudi-llega-a-turquia-para-investigar-asesinato-de-khashoggi\/","title":{"rendered":"Fiscal saud\u00ed llega a Turqu\u00eda para investigar asesinato de Khashoggi"},"content":{"rendered":"<p><strong>El fiscal general de Arabia Saud\u00ed llega a Estambul para lanzar una supuesta investigaci\u00f3n sobre las circunstancias del asesinato del periodista Jamal Khashoggi.<\/strong><\/p>\n<p>Seg\u00fan ha informado este lunes\u00a0la cadena de televisi\u00f3n turca <em>Haberturk<\/em>, el fiscal encargado del caso,\u00a0Saud bin Abdul\u00e1 al-Muayab, lleg\u00f3 el domingo por la noche\u00a0al aeropuerto Ataturk de Estambul y tiene planeado entregar a\u00a0Ankara las declaraciones de los 18 detenidos en el caso Khashoggi, asesinado el pasado 2 de octubre en el consulado saud\u00ed en la dicha ciudad turca.<\/p>\n<p>Turqu\u00eda pidi\u00f3 el pasado vienes <a href=\"https:\/\/www.hispantv.com\/noticias\/turquia\/391869\/fiscalia-extradicion-sospechosos-asesinato-khashoggi\" target=\"_blank\" rel=\"noopener\">la extradici\u00f3n de los 18 saud\u00edes sospechosos<\/a> de estar implicados en el asesinato del periodista. No obstante, el ministro de Exteriores saud\u00ed, Adel al-Yubeir, rechaz\u00f3 la petici\u00f3n de las autoridades turcas, explicando que los detenidos <a href=\"https:\/\/www.hispantv.com\/noticias\/arabia-saudi\/391945\/asesinato-khashoggi-turquia-juzgar-extradicion\" target=\"_blank\" rel=\"noopener\">ser\u00e1n juzgados en Arabia Saud\u00ed<\/a>.<\/p>\n<p>El fiscal general, adem\u00e1s, acudir\u00e1 a la sede consular de Arabia Saud\u00ed en Estambul, donde se cometi\u00f3 el asesinato y donde\u00a0las autoridades turcas mantienen abierta una investigaci\u00f3n.<\/p>\n<p>La Fiscal\u00eda saud\u00ed ha reconocido que el asesinato del periodista fue premeditado, lo que contradice la versi\u00f3n anterior ofrecida por el r\u00e9gimen de Riad sobre una muerte accidental\u00a0<a href=\"https:\/\/www.hispantv.com\/noticias\/arabia-saudi\/391252\/periodista-jamal-khashoggi-asesinato-estambul\" target=\"_blank\" rel=\"noopener\">durante una pelea<\/a> dentro del consulado.<\/p>\n<p>Por su parte, el diario turco <em>H\u00fcrriyet Daily News<\/em> informa esta misma jornada de que la Polic\u00eda de Turqu\u00eda ha inspeccionado el alcantarillado de la calle donde se encuentra el consulado, dentro de la b\u00fasqueda de pistas sobre el paradero de los restos del periodista.<\/p>\n<p>De igual modo, varios medios locales han informado de que dos veh\u00edculos propiedad del consulado saud\u00ed fueron limpiados a fondo por una empresa de lavado de coches.<\/p>\n<p>Las versiones de Arabia Saud\u00ed no han\u00a0logrado persuadir a la comunidad internacional\u00a0ni a sus aliados europeos, que insisten en que se aclare qu\u00e9\u00a0es lo que pas\u00f3 con\u00a0Khashoggi.<\/p>\n<p>Varios organismos pro derechos humanos y muchos analistas\u00a0<a href=\"https:\/\/www.hispantv.com\/noticias\/arabia-saudi\/391484\/hrw-bin-salman-asesinato-khashoggi\" target=\"_blank\" rel=\"noopener\">han\u00a0denunciado<\/a>\u00a0que\u00a0el reino \u00e1rabe, con sus tejemanejes, contradicciones y mentiras,\u00a0intenta ocultar\u00a0el papel desempe\u00f1ado por el pr\u00edncipe heredero saud\u00ed, Muhamad bin Salman,\u00a0en la escandalosa y tortuosa muerte del periodista.<\/p>\n","protected":false},"excerpt":{"rendered":"<p>El fiscal general de Arabia Saud\u00ed llega a Estambul para lanzar una supuesta investigaci\u00f3n sobre las circunstancias del asesinato del periodista Jamal Khashoggi. Seg\u00fan ha informado este lunes\u00a0la cadena de televisi\u00f3n turca Haberturk, el fiscal encargado del caso,\u00a0Saud bin Abdul\u00e1&hellip;<\/p>\n","protected":false},"author":954,"featured_media":746682,"comment_status":"closed","ping_status":"closed","sticky":false,"template":"","format":"standard","meta":{"footnotes":""},"categories":[65,76,74],"tags":[51252,15789,12067,51090,3021],"class_list":["post-746681","post","type-post","status-publish","format-standard","has-post-thumbnail","hentry","category-asia-es","category-relaciones-exteriores","category-politica-es","tag-adel-al-yubeir","tag-arabia-saudi","tag-ddhh","tag-khashoggi","tag-turquia"],"yoast_head":"<!-- This site is optimized with the Yoast SEO plugin v27.1.1 - https:\/\/yoast.com\/product\/yoast-seo-wordpress\/ -->\n<title>Fiscal saud\u00ed llega a Turqu\u00eda para investigar asesinato de Khashoggi<\/title>\n<meta name=\"description\" content=\"El fiscal general de Arabia Saud\u00ed llega a Estambul para lanzar una supuesta investigaci\u00f3n sobre las circunstancias del asesinato del periodista Jamal\" \/>\n<meta name=\"robots\" content=\"index, follow, max-snippet:-1, max-image-preview:large, max-video-preview:-1\" \/>\n<link rel=\"canonical\" href=\"https:\/\/www.pressenza.com\/es\/2018\/10\/fiscal-saudi-llega-a-turquia-para-investigar-asesinato-de-khashoggi\/\" \/>\n<meta property=\"og:locale\" content=\"es_ES\" \/>\n<meta property=\"og:type\" content=\"article\" \/>\n<meta property=\"og:title\" content=\"Fiscal saud\u00ed llega a Turqu\u00eda para investigar asesinato de Khashoggi\" \/>\n<meta property=\"og:description\" content=\"El fiscal general de Arabia Saud\u00ed llega a Estambul para lanzar una supuesta investigaci\u00f3n sobre las circunstancias del asesinato del periodista Jamal\" \/>\n<meta property=\"og:url\" content=\"https:\/\/www.pressenza.com\/es\/2018\/10\/fiscal-saudi-llega-a-turquia-para-investigar-asesinato-de-khashoggi\/\" \/>\n<meta property=\"og:site_name\" content=\"Pressenza\" \/>\n<meta property=\"article:publisher\" content=\"https:\/\/www.facebook.com\/PressenzaItalia\" \/>\n<meta property=\"article:author\" content=\"https:\/\/www.facebook.com\/Hispantv\" \/>\n<meta property=\"article:published_time\" content=\"2018-10-29T18:55:11+00:00\" \/>\n<meta property=\"og:image\" content=\"https:\/\/www.pressenza.com\/wp-content\/uploads\/2018\/10\/por-Marco-Verch.jpg\" \/>\n\t<meta property=\"og:image:width\" content=\"1024\" \/>\n\t<meta property=\"og:image:height\" content=\"752\" \/>\n\t<meta property=\"og:image:type\" content=\"image\/jpeg\" \/>\n<meta name=\"author\" content=\"HispanTV\" \/>\n<meta name=\"twitter:card\" content=\"summary_large_image\" \/>\n<meta name=\"twitter:creator\" content=\"@Hispantv\" \/>\n<meta name=\"twitter:site\" content=\"@PressenzaIPA\" \/>\n<meta name=\"twitter:label1\" content=\"Escrito por\" \/>\n\t<meta name=\"twitter:data1\" content=\"HispanTV\" \/>\n\t<meta name=\"twitter:label2\" content=\"Tiempo de lectura\" \/>\n\t<meta name=\"twitter:data2\" content=\"2 minutos\" \/>\n<script type=\"application\/ld+json\" class=\"yoast-schema-graph\">{\"@context\":\"https:\/\/schema.org\",\"@graph\":[{\"@type\":\"Article\",\"@id\":\"https:\/\/www.pressenza.com\/es\/2018\/10\/fiscal-saudi-llega-a-turquia-para-investigar-asesinato-de-khashoggi\/#article\",\"isPartOf\":{\"@id\":\"https:\/\/www.pressenza.com\/es\/2018\/10\/fiscal-saudi-llega-a-turquia-para-investigar-asesinato-de-khashoggi\/\"},\"author\":{\"name\":\"HispanTV\",\"@id\":\"https:\/\/www.pressenza.com\/es\/#\/schema\/person\/2e5ffdf0e238fbba512bcf5c97959187\"},\"headline\":\"Fiscal saud\u00ed llega a Turqu\u00eda para investigar asesinato de Khashoggi\",\"datePublished\":\"2018-10-29T18:55:11+00:00\",\"mainEntityOfPage\":{\"@id\":\"https:\/\/www.pressenza.com\/es\/2018\/10\/fiscal-saudi-llega-a-turquia-para-investigar-asesinato-de-khashoggi\/\"},\"wordCount\":364,\"publisher\":{\"@id\":\"https:\/\/www.pressenza.com\/es\/#organization\"},\"image\":{\"@id\":\"https:\/\/www.pressenza.com\/es\/2018\/10\/fiscal-saudi-llega-a-turquia-para-investigar-asesinato-de-khashoggi\/#primaryimage\"},\"thumbnailUrl\":\"https:\/\/www.pressenza.com\/wp-content\/uploads\/2018\/10\/por-Marco-Verch.jpg\",\"keywords\":[\"Adel al-Yubeir\",\"Arabia Saud\u00ed\",\"DDHH\",\"Khashoggi\",\"Turqu\u00eda\"],\"articleSection\":[\"Asia\",\"Asuntos internacionales\",\"Pol\u00edtica\"],\"inLanguage\":\"es\"},{\"@type\":\"WebPage\",\"@id\":\"https:\/\/www.pressenza.com\/es\/2018\/10\/fiscal-saudi-llega-a-turquia-para-investigar-asesinato-de-khashoggi\/\",\"url\":\"https:\/\/www.pressenza.com\/es\/2018\/10\/fiscal-saudi-llega-a-turquia-para-investigar-asesinato-de-khashoggi\/\",\"name\":\"Fiscal saud\u00ed llega a Turqu\u00eda para investigar asesinato de Khashoggi\",\"isPartOf\":{\"@id\":\"https:\/\/www.pressenza.com\/es\/#website\"},\"primaryImageOfPage\":{\"@id\":\"https:\/\/www.pressenza.com\/es\/2018\/10\/fiscal-saudi-llega-a-turquia-para-investigar-asesinato-de-khashoggi\/#primaryimage\"},\"image\":{\"@id\":\"https:\/\/www.pressenza.com\/es\/2018\/10\/fiscal-saudi-llega-a-turquia-para-investigar-asesinato-de-khashoggi\/#primaryimage\"},\"thumbnailUrl\":\"https:\/\/www.pressenza.com\/wp-content\/uploads\/2018\/10\/por-Marco-Verch.jpg\",\"datePublished\":\"2018-10-29T18:55:11+00:00\",\"description\":\"El fiscal general de Arabia Saud\u00ed llega a Estambul para lanzar una supuesta investigaci\u00f3n sobre las circunstancias del asesinato del periodista Jamal\",\"breadcrumb\":{\"@id\":\"https:\/\/www.pressenza.com\/es\/2018\/10\/fiscal-saudi-llega-a-turquia-para-investigar-asesinato-de-khashoggi\/#breadcrumb\"},\"inLanguage\":\"es\",\"potentialAction\":[{\"@type\":\"ReadAction\",\"target\":[\"https:\/\/www.pressenza.com\/es\/2018\/10\/fiscal-saudi-llega-a-turquia-para-investigar-asesinato-de-khashoggi\/\"]}]},{\"@type\":\"ImageObject\",\"inLanguage\":\"es\",\"@id\":\"https:\/\/www.pressenza.com\/es\/2018\/10\/fiscal-saudi-llega-a-turquia-para-investigar-asesinato-de-khashoggi\/#primaryimage\",\"url\":\"https:\/\/www.pressenza.com\/wp-content\/uploads\/2018\/10\/por-Marco-Verch.jpg\",\"contentUrl\":\"https:\/\/www.pressenza.com\/wp-content\/uploads\/2018\/10\/por-Marco-Verch.jpg\",\"width\":1024,\"height\":752},{\"@type\":\"BreadcrumbList\",\"@id\":\"https:\/\/www.pressenza.com\/es\/2018\/10\/fiscal-saudi-llega-a-turquia-para-investigar-asesinato-de-khashoggi\/#breadcrumb\",\"itemListElement\":[{\"@type\":\"ListItem\",\"position\":1,\"name\":\"Accueil\",\"item\":\"https:\/\/www.pressenza.com\/es\/\"},{\"@type\":\"ListItem\",\"position\":2,\"name\":\"Fiscal saud\u00ed llega a Turqu\u00eda para investigar asesinato de Khashoggi\"}]},{\"@type\":\"WebSite\",\"@id\":\"https:\/\/www.pressenza.com\/es\/#website\",\"url\":\"https:\/\/www.pressenza.com\/es\/\",\"name\":\"Pressenza\",\"description\":\"International Press Agency\",\"publisher\":{\"@id\":\"https:\/\/www.pressenza.com\/es\/#organization\"},\"potentialAction\":[{\"@type\":\"SearchAction\",\"target\":{\"@type\":\"EntryPoint\",\"urlTemplate\":\"https:\/\/www.pressenza.com\/es\/?s={search_term_string}\"},\"query-input\":{\"@type\":\"PropertyValueSpecification\",\"valueRequired\":true,\"valueName\":\"search_term_string\"}}],\"inLanguage\":\"es\"},{\"@type\":\"Organization\",\"@id\":\"https:\/\/www.pressenza.com\/es\/#organization\",\"name\":\"Pressenza\",\"url\":\"https:\/\/www.pressenza.com\/es\/\",\"logo\":{\"@type\":\"ImageObject\",\"inLanguage\":\"es\",\"@id\":\"https:\/\/www.pressenza.com\/es\/#\/schema\/logo\/image\/\",\"url\":\"https:\/\/www.pressenza.com\/wp-content\/uploads\/2022\/10\/pressenza_logo_200x200.jpg\",\"contentUrl\":\"https:\/\/www.pressenza.com\/wp-content\/uploads\/2022\/10\/pressenza_logo_200x200.jpg\",\"width\":200,\"height\":200,\"caption\":\"Pressenza\"},\"image\":{\"@id\":\"https:\/\/www.pressenza.com\/es\/#\/schema\/logo\/image\/\"},\"sameAs\":[\"https:\/\/www.facebook.com\/PressenzaItalia\",\"https:\/\/x.com\/PressenzaIPA\"]},{\"@type\":\"Person\",\"@id\":\"https:\/\/www.pressenza.com\/es\/#\/schema\/person\/2e5ffdf0e238fbba512bcf5c97959187\",\"name\":\"HispanTV\",\"description\":\"Trabajar bajo el f\u00e9rreo compromiso como medio de comunicaci\u00f3n para fomentar el acercamiento entre los pueblos de Ir\u00e1n, el Hispanoamericano y los de Medio Oriente, considerando adem\u00e1s la necesidad de crear una mayor cercan\u00eda entre todos los pueblos de Am\u00e9rica Latina. http:\/\/www.hispantv.com\/\",\"sameAs\":[\"http:\/\/www.hispantv.ir\",\"https:\/\/www.facebook.com\/Hispantv\",\"https:\/\/x.com\/Hispantv\"],\"url\":\"https:\/\/www.pressenza.com\/es\/author\/hispantv\/\"}]}<\/script>\n<!-- \/ Yoast SEO plugin. -->","yoast_head_json":{"title":"Fiscal saud\u00ed llega a Turqu\u00eda para investigar asesinato de Khashoggi","description":"El fiscal general de Arabia Saud\u00ed llega a Estambul para lanzar una supuesta investigaci\u00f3n sobre las circunstancias del asesinato del periodista Jamal","robots":{"index":"index","follow":"follow","max-snippet":"max-snippet:-1","max-image-preview":"max-image-preview:large","max-video-preview":"max-video-preview:-1"},"canonical":"https:\/\/www.pressenza.com\/es\/2018\/10\/fiscal-saudi-llega-a-turquia-para-investigar-asesinato-de-khashoggi\/","og_locale":"es_ES","og_type":"article","og_title":"Fiscal saud\u00ed llega a Turqu\u00eda para investigar asesinato de Khashoggi","og_description":"El fiscal general de Arabia Saud\u00ed llega a Estambul para lanzar una supuesta investigaci\u00f3n sobre las circunstancias del asesinato del periodista Jamal","og_url":"https:\/\/www.pressenza.com\/es\/2018\/10\/fiscal-saudi-llega-a-turquia-para-investigar-asesinato-de-khashoggi\/","og_site_name":"Pressenza","article_publisher":"https:\/\/www.facebook.com\/PressenzaItalia","article_author":"https:\/\/www.facebook.com\/Hispantv","article_published_time":"2018-10-29T18:55:11+00:00","og_image":[{"width":1024,"height":752,"url":"https:\/\/www.pressenza.com\/wp-content\/uploads\/2018\/10\/por-Marco-Verch.jpg","type":"image\/jpeg"}],"author":"HispanTV","twitter_card":"summary_large_image","twitter_creator":"@Hispantv","twitter_site":"@PressenzaIPA","twitter_misc":{"Escrito por":"HispanTV","Tiempo de lectura":"2 minutos"},"schema":{"@context":"https:\/\/schema.org","@graph":[{"@type":"Article","@id":"https:\/\/www.pressenza.com\/es\/2018\/10\/fiscal-saudi-llega-a-turquia-para-investigar-asesinato-de-khashoggi\/#article","isPartOf":{"@id":"https:\/\/www.pressenza.com\/es\/2018\/10\/fiscal-saudi-llega-a-turquia-para-investigar-asesinato-de-khashoggi\/"},"author":{"name":"HispanTV","@id":"https:\/\/www.pressenza.com\/es\/#\/schema\/person\/2e5ffdf0e238fbba512bcf5c97959187"},"headline":"Fiscal saud\u00ed llega a Turqu\u00eda para investigar asesinato de Khashoggi","datePublished":"2018-10-29T18:55:11+00:00","mainEntityOfPage":{"@id":"https:\/\/www.pressenza.com\/es\/2018\/10\/fiscal-saudi-llega-a-turquia-para-investigar-asesinato-de-khashoggi\/"},"wordCount":364,"publisher":{"@id":"https:\/\/www.pressenza.com\/es\/#organization"},"image":{"@id":"https:\/\/www.pressenza.com\/es\/2018\/10\/fiscal-saudi-llega-a-turquia-para-investigar-asesinato-de-khashoggi\/#primaryimage"},"thumbnailUrl":"https:\/\/www.pressenza.com\/wp-content\/uploads\/2018\/10\/por-Marco-Verch.jpg","keywords":["Adel al-Yubeir","Arabia Saud\u00ed","DDHH","Khashoggi","Turqu\u00eda"],"articleSection":["Asia","Asuntos internacionales","Pol\u00edtica"],"inLanguage":"es"},{"@type":"WebPage","@id":"https:\/\/www.pressenza.com\/es\/2018\/10\/fiscal-saudi-llega-a-turquia-para-investigar-asesinato-de-khashoggi\/","url":"https:\/\/www.pressenza.com\/es\/2018\/10\/fiscal-saudi-llega-a-turquia-para-investigar-asesinato-de-khashoggi\/","name":"Fiscal saud\u00ed llega a Turqu\u00eda para investigar asesinato de Khashoggi","isPartOf":{"@id":"https:\/\/www.pressenza.com\/es\/#website"},"primaryImageOfPage":{"@id":"https:\/\/www.pressenza.com\/es\/2018\/10\/fiscal-saudi-llega-a-turquia-para-investigar-asesinato-de-khashoggi\/#primaryimage"},"image":{"@id":"https:\/\/www.pressenza.com\/es\/2018\/10\/fiscal-saudi-llega-a-turquia-para-investigar-asesinato-de-khashoggi\/#primaryimage"},"thumbnailUrl":"https:\/\/www.pressenza.com\/wp-content\/uploads\/2018\/10\/por-Marco-Verch.jpg","datePublished":"2018-10-29T18:55:11+00:00","description":"El fiscal general de Arabia Saud\u00ed llega a Estambul para lanzar una supuesta investigaci\u00f3n sobre las circunstancias del asesinato del periodista Jamal","breadcrumb":{"@id":"https:\/\/www.pressenza.com\/es\/2018\/10\/fiscal-saudi-llega-a-turquia-para-investigar-asesinato-de-khashoggi\/#breadcrumb"},"inLanguage":"es","potentialAction":[{"@type":"ReadAction","target":["https:\/\/www.pressenza.com\/es\/2018\/10\/fiscal-saudi-llega-a-turquia-para-investigar-asesinato-de-khashoggi\/"]}]},{"@type":"ImageObject","inLanguage":"es","@id":"https:\/\/www.pressenza.com\/es\/2018\/10\/fiscal-saudi-llega-a-turquia-para-investigar-asesinato-de-khashoggi\/#primaryimage","url":"https:\/\/www.pressenza.com\/wp-content\/uploads\/2018\/10\/por-Marco-Verch.jpg","contentUrl":"https:\/\/www.pressenza.com\/wp-content\/uploads\/2018\/10\/por-Marco-Verch.jpg","width":1024,"height":752},{"@type":"BreadcrumbList","@id":"https:\/\/www.pressenza.com\/es\/2018\/10\/fiscal-saudi-llega-a-turquia-para-investigar-asesinato-de-khashoggi\/#breadcrumb","itemListElement":[{"@type":"ListItem","position":1,"name":"Accueil","item":"https:\/\/www.pressenza.com\/es\/"},{"@type":"ListItem","position":2,"name":"Fiscal saud\u00ed llega a Turqu\u00eda para investigar asesinato de Khashoggi"}]},{"@type":"WebSite","@id":"https:\/\/www.pressenza.com\/es\/#website","url":"https:\/\/www.pressenza.com\/es\/","name":"Pressenza","description":"International Press Agency","publisher":{"@id":"https:\/\/www.pressenza.com\/es\/#organization"},"potentialAction":[{"@type":"SearchAction","target":{"@type":"EntryPoint","urlTemplate":"https:\/\/www.pressenza.com\/es\/?s={search_term_string}"},"query-input":{"@type":"PropertyValueSpecification","valueRequired":true,"valueName":"search_term_string"}}],"inLanguage":"es"},{"@type":"Organization","@id":"https:\/\/www.pressenza.com\/es\/#organization","name":"Pressenza","url":"https:\/\/www.pressenza.com\/es\/","logo":{"@type":"ImageObject","inLanguage":"es","@id":"https:\/\/www.pressenza.com\/es\/#\/schema\/logo\/image\/","url":"https:\/\/www.pressenza.com\/wp-content\/uploads\/2022\/10\/pressenza_logo_200x200.jpg","contentUrl":"https:\/\/www.pressenza.com\/wp-content\/uploads\/2022\/10\/pressenza_logo_200x200.jpg","width":200,"height":200,"caption":"Pressenza"},"image":{"@id":"https:\/\/www.pressenza.com\/es\/#\/schema\/logo\/image\/"},"sameAs":["https:\/\/www.facebook.com\/PressenzaItalia","https:\/\/x.com\/PressenzaIPA"]},{"@type":"Person","@id":"https:\/\/www.pressenza.com\/es\/#\/schema\/person\/2e5ffdf0e238fbba512bcf5c97959187","name":"HispanTV","description":"Trabajar bajo el f\u00e9rreo compromiso como medio de comunicaci\u00f3n para fomentar el acercamiento entre los pueblos de Ir\u00e1n, el Hispanoamericano y los de Medio Oriente, considerando adem\u00e1s la necesidad de crear una mayor cercan\u00eda entre todos los pueblos de Am\u00e9rica Latina. http:\/\/www.hispantv.com\/","sameAs":["http:\/\/www.hispantv.ir","https:\/\/www.facebook.com\/Hispantv","https:\/\/x.com\/Hispantv"],"url":"https:\/\/www.pressenza.com\/es\/author\/hispantv\/"}]}},"place":"Santiago, Chile","original_article_url":"https:\/\/www.hispantv.com\/noticias\/turquia\/392108\/fiscal-general-arabia-saudita-asesinato-khashoggi","_links":{"self":[{"href":"https:\/\/www.pressenza.com\/es\/wp-json\/wp\/v2\/posts\/746681","targetHints":{"allow":["GET"]}}],"collection":[{"href":"https:\/\/www.pressenza.com\/es\/wp-json\/wp\/v2\/posts"}],"about":[{"href":"https:\/\/www.pressenza.com\/es\/wp-json\/wp\/v2\/types\/post"}],"author":[{"embeddable":true,"href":"https:\/\/www.pressenza.com\/es\/wp-json\/wp\/v2\/users\/954"}],"replies":[{"embeddable":true,"href":"https:\/\/www.pressenza.com\/es\/wp-json\/wp\/v2\/comments?post=746681"}],"version-history":[{"count":0,"href":"https:\/\/www.pressenza.com\/es\/wp-json\/wp\/v2\/posts\/746681\/revisions"}],"wp:featuredmedia":[{"embeddable":true,"href":"https:\/\/www.pressenza.com\/es\/wp-json\/wp\/v2\/media\/746682"}],"wp:attachment":[{"href":"https:\/\/www.pressenza.com\/es\/wp-json\/wp\/v2\/media?parent=746681"}],"wp:term":[{"taxonomy":"category","embeddable":true,"href":"https:\/\/www.pressenza.com\/es\/wp-json\/wp\/v2\/categories?post=746681"},{"taxonomy":"post_tag","embeddable":true,"href":"https:\/\/www.pressenza.com\/es\/wp-json\/wp\/v2\/tags?post=746681"}],"curies":[{"name":"wp","href":"https:\/\/api.w.org\/{rel}","templated":true}]}}