{"id":74663,"date":"2013-10-30T03:41:22","date_gmt":"2013-10-30T03:41:22","guid":{"rendered":"http:\/\/www.pressenza.com\/?p=74663"},"modified":"2013-10-30T03:44:07","modified_gmt":"2013-10-30T03:44:07","slug":"corte-suprema-argentina-declaro-constitucionalidad-ley-medios","status":"publish","type":"post","link":"https:\/\/www.pressenza.com\/es\/2013\/10\/corte-suprema-argentina-declaro-constitucionalidad-ley-medios\/","title":{"rendered":"La Corte Suprema argentina declar\u00f3 la constitucionalidad de la ley de medios"},"content":{"rendered":"<p><em>Ratific\u00f3 la constitucionalidad de la <a href=\"http:\/\/www.telam.com.ar\/tags\/329-ley-de-medios\/noticias\" target=\"_blank\">Ley 26.522, de Servicios de Comunicaci\u00f3n Audiovisual<\/a>, en una votaci\u00f3n que s\u00f3lo cont\u00f3 con la disidencia de Carlos Fayt. <a href=\"http:\/\/www.telam.com.ar\/notas\/201310\/38550-para-la-corte-la-ley-de-medios-favorece-la-libertad-al-impedir-la-concentracion.html\" target=\"_blank\">En el fallo, la Corte asegura que<\/a><a href=\"http:\/\/www.telam.com.ar\/notas\/201310\/38550-para-la-corte-la-ley-de-medios-favorece-la-libertad-al-impedir-la-concentracion.html\" target=\"_blank\"> la norma \u00abfavorece la libertad al impedir la concentraci\u00f3n\u00bb.<\/a> La Bolsa de Buenos Aires <a href=\"http:\/\/www.telam.com.ar\/notas\/201310\/38555-suspenden-la-cotizacion-de-acciones-del-grupo-clarin-en-buenos-aires-mientras-que-en-londres-caen-20.html\" target=\"_blank\">debi\u00f3 suspender la cotizaci\u00f3n del Grupo Clar\u00edn<\/a>, que en la bolsa de valores de Londres cay\u00f3 m\u00e1s de un 20%. Organizaciones del \u00e1mbito de la Comunicaci\u00f3n invitaron a la ciudadan\u00eda a celebrar el fallo <a href=\"http:\/\/www.telam.com.ar\/notas\/201310\/38553-manifestacion-para-celebrar-el-fallo-de-la-corte-en-plaza-congreso.html\">a las 19 horas en la Plaza Congreso<\/a>.<\/em><\/p>\n<p>La Bolsa de Buenos Aires\u00a0<a href=\"http:\/\/www.telam.com.ar\/notas\/201310\/38555-suspenden-la-cotizacion-de-acciones-del-grupo-clarin-en-buenos-aires-mientras-que-en-londres-caen-20.html\" target=\"_blank\">debi\u00f3 suspender la cotizaci\u00f3n del Grupo Clar\u00edn<\/a>, que en la bolsa de valores de Londres cay\u00f3 m\u00e1s de un 20%. Organizaciones del \u00e1mbito de la Comunicaci\u00f3n invitan a la ciudadan\u00eda a celebrar el fallo\u00a0<a href=\"http:\/\/www.telam.com.ar\/notas\/201310\/38553-manifestacion-para-celebrar-el-fallo-de-la-corte-en-plaza-congreso.html\">a las 19 horas en la Plaza Congreso<\/a>.<\/p>\n<p>La Corte Suprema de Justicia dio a conocer este martes el fallo de 392 p\u00e1ginas desestimando los cuestionamientos del Grupo Clar\u00edn a la <a href=\"http:\/\/www.telam.com.ar\/tags\/329-ley-de-medios\/noticias\">Ley de Servicios de Comunicaci\u00f3n Audiovisual <\/a>y ratificando la constitucionalidad de la norma.<\/p>\n<p>Seg\u00fan dio a conocer el Centro de Informaci\u00f3n Judicial, la constitucionalidad general de la ley fue ratificada por seis ministros de la Corte y con la \u00fanica excepci\u00f3n de Carlos Fayt.<\/p>\n<p>En el fallo,<a href=\"http:\/\/www.telam.com.ar\/notas\/201310\/35971-la-ley-de-medios-cumple-cuatro-anos-mientras-se-espera-su-plena-aplicacion.html\"> tras cuatro a\u00f1os de la aprobaci\u00f3n de la norma,<\/a> se destac\u00f3 que es \u00ableg\u00edtima una ley que fije l\u00edmites generales a priori, porque de esa manera se favorece la libertad de expresi\u00f3n al impedir la concentraci\u00f3n en el mercado\u00bb.<\/p>\n<p>Entre los argumentos utilizados por Ricardo Lorenzetti, Elena Highton, Enrique Petracchi, Carmen Argibay, Juan Carlos Maqueda y Ra\u00fal Zaffaroni, se sostuvo que la ley 26.522, \u00aben cuanto regula la multiplicidad de licencias de modo general, es constitucional, porque es una facultad del Congreso, cuya conveniencia y oportunidad no es materia de an\u00e1lisis de los jueces\u00bb.<\/p>\n<p>\u00abPor otra parte, el an\u00e1lisis constitucional es ajeno a los conflictos futuros que puedan presentarse con la aplicaci\u00f3n de la ley, que son materia de otros pleitos\u00bb, explic\u00f3.<\/p>\n<p>La Corte Suprema dice en el fallo que la libertad de expresi\u00f3n es, entre las libertades que la Constituci\u00f3n consagra, \u00abuna de las que posee mayor entidad\u00bb, al extremo que, sin su debido resguardo, \u00abexistir\u00eda tan solo una democracia nominal\u00bb.<\/p>\n<p>\u00abLa libertad de expresi\u00f3n, en su faz colectiva, tiene por objeto proteger el debate p\u00fablico, con amplias oportunidades de expresi\u00f3n de los distintos sectores representativos de la sociedad. Se trata de fortalecer una democracia deliberativa, en la que todos puedan, en un plano de igualdad, expresar sus opiniones y en la que no pueden admitirse voces predominantes\u00bb, se\u00f1al\u00f3.<\/p>\n<p>Es por ello que los jueces interpretan que la ley \u00abes coherente\u00bb con el art\u00edculo 42 de la Constituci\u00f3n Nacional, \u00ablo que significa el acceso a distintas fuentes plurales\u00bb.<\/p>\n\n<div class=\"epigrafe\"><em>La Corte Suprema declar\u00f3 la constitucionalidad de la ley de medios, luego de cuatro a\u00f1os de su sanci\u00f3n <\/em><\/div>\n<p>\u00abLos medios de comunicaci\u00f3n tienen un rol relevante en la formaci\u00f3n del discurso p\u00fablico y en la cultura, por lo que el inter\u00e9s del Estado en la regulaci\u00f3n es incuestionable\u00bb, subrayaron los magistrados, quienes aclararon que en ese contexto \u00abes leg\u00edtima una ley que fije l\u00edmites generales a priori, porque de esa manera se favorece la libertad de expresi\u00f3n al impedir la concentraci\u00f3n en el mercado\u00bb.<\/p>\n<p>Adem\u00e1s, los jueces entendieron que el Grupo Clar\u00edn \u00abno ha probado que, al momento del dictado de la sentencia, exista una afectaci\u00f3n actual de la libertad de expresi\u00f3n\u00bb, y derrib\u00f3 uno de los principales argumentos del multimedio: \u00abNo resulta admisible que s\u00f3lo una econom\u00eda de escala, como la que posee actualmente, le garantiza la independencia suficiente como para constituir una voz cr\u00edtica\u00bb.<\/p>\n<p>\u00abHay numerosos medios peque\u00f1os o medianos que ejercen una funci\u00f3n cr\u00edtica y, a la inversa, hay grandes concentraciones medi\u00e1ticas que son condescendientes con los gobiernos de turno\u00bb, definieron los jueces, y aclararon que el modo de proteger las licencias es \u00abla indemnizaci\u00f3n pecuniaria, pero de ning\u00fan modo implica que la ley no pueda ser aplicada\u00bb.<\/p>\n<p>Si as\u00ed fuera, \u00abninguna ley que proteja el inter\u00e9s general podr\u00eda ser eficaz\u00bb, destacan y sostienen que el plazo de adecuaci\u00f3n \u00abse encuentra vencido y es constitucional\u00bb.<\/p>\n<p>Por otra parte, la Corte realiz\u00f3 una serie de aclaraciones: el m\u00e1ximo tribunal \u00abno tiene la funci\u00f3n de establecer si la ley 26.522 se adec\u00faa a los avances tecnol\u00f3gicos, si es obsoleta, incompleta. Esa es funci\u00f3n del Congreso\u00bb.<\/p>\n<p>\u00abEs de vital importancia que la autoridad de aplicaci\u00f3n sea un \u00f3rgano t\u00e9cnico e independiente, protegido contra indebidas interferencias, tanto del Gobierno como de otros grupos de presi\u00f3n\u00bb, afirmaron.<\/p>\n<p>La Corte explic\u00f3 en el fallo que declara la constitucionalidad de la ley de Servicios de Comunicaci\u00f3n Audiovisual que \u201cno se encuentra afectado el derecho a la libertad de expresi\u00f3n del grupo Clar\u00edn, en tanto no ha sido acreditado que el r\u00e9gimen de licencias que establece la ley ponga en riesgo su sustentabilidad econ\u00f3mica\u201d.<\/p>\n<p>\u201cNo hay en la causa una prueba de que exista una violaci\u00f3n a la libertad de expresi\u00f3n derivada de la ley\u201d, sostiene el voto mayoritario, que se\u00f1ala que \u201cla \u2018sustentabilidad\u2019 no puede ser equiparada a \u2018rentabilidad\u2019 y, en ese sentido, hace a la naturaleza propia de un proceso de desconcentraci\u00f3n la posibilidad de una reducci\u00f3n consiguiente de los m\u00e1rgenes de ganancia empresaria\u201d.<\/p>\n<p>El m\u00e1ximo tribunal, en forma mayoritaria, reconoci\u00f3 que el grupo Clar\u00edn \u201ces titular de licencias que est\u00e1n protegidas porque integran el concepto de propiedad constitucional\u201d y en ese sentido explicaron que \u201cel modo de proteger estas licencias es la indemnizaci\u00f3n pecuniaria, pero de ning\u00fan modo implica que la ley no pueda ser aplicada\u201d.<\/p>\n<p>Los magistrados estimaron que si, en un futuro, \u201cen la etapa de aplicaci\u00f3n se afectara la libertad de expresi\u00f3n, hubiera una distribuci\u00f3n discriminatoria de la publicidad o de los subsidios oficiales, la actora pueda ejercer sus derechos; pero no se puede, en esta instancia, proteger un derecho que puede ser, o no, afectado en el futuro\u201d.<\/p>\n<p>El presidente de la Autoridad Federal de Servicios de Comunicaci\u00f3n Audiovisual, <a href=\"http:\/\/www.telam.com.ar\/tags\/332-martin-sabbatella\/noticias\" target=\"_blank\">Mart\u00edn Sabbatella<\/a>, asegur\u00f3 que la resoluci\u00f3n de la Corte Suprema de Justicia de la Naci\u00f3n \u00abes una gran noticia\u00bb y \u00abun triunfo de la democracia\u201d.<\/p>\n<p>\u201cTen\u00edamos raz\u00f3n. Es una gran noticia para la democracia\u201d, consider\u00f3 Sabbatella en relaci\u00f3n al fallo de la Corte a favor de la constitucionalidad de la ley de Servicios de Comunicaci\u00f3n Audiovisual.<\/p>\n<p>Sabbatella agreg\u00f3 que la resoluci\u00f3n de la Corte \u201cno es s\u00f3lo un triunfo del Gobierno\u00bb, es \u00abun triunfo de la democracia, de la libertad y del pluralismo\u00bb.<\/p>\n<div class=\"content-related\">\n<div class=\"did-you-know\"><span>archivos relacionados<\/span><a href=\"http:\/\/www.telam.com.ar\/advf\/documentos\/2013\/10\/526fe1670d4f2.pdf\" target=\"_blank\">Fallo sobre la ley de medios<\/a><\/div>\n<div class=\"did-you-know\"><span>notas relacionadas<\/span><a href=\"http:\/\/www.telam.com.ar\/notas\/201310\/38626-los-caminos-de-clarin-para-adecuarse-a-la-ley-de-medios.html\">Los caminos de Clar\u00edn para adecuarse a la Ley de Medios<\/a><a href=\"http:\/\/www.telam.com.ar\/notas\/201310\/38604-la-corte-suprema-declaro-constitucional-la-ley-de-medios-tras-cuatro-anos-de-disputa-judicial.html\">La Corte Suprema declar\u00f3 constitucional la ley de medios tras cuatro a\u00f1os de disputa judicial<\/a><\/p>\n<p><a href=\"http:\/\/www.telam.com.ar\/notas\/201310\/38502-cronologia-del-recorrido-de-la-ley-de-servicios-de-comunicacion-audiovisual.html\">Cronolog\u00eda del recorrido de la ley de Servicios de Comunicaci\u00f3n Audiovisual<\/a><\/p>\n<p><a href=\"http:\/\/www.telam.com.ar\/notas\/201310\/38556-la-ley-no-afecta-la-libertad-de-expresion-ni-la-sustentabilidad-del-grupo-clarin.html\">La ley no afecta la libertad de expresi\u00f3n ni la sustentabilidad del Grupo Clar\u00edn<\/a><\/p>\n<p><a href=\"http:\/\/www.telam.com.ar\/notas\/201310\/38550-para-la-corte-la-ley-de-medios-favorece-la-libertad-al-impedir-la-concentracion.html\">Para la Corte, la ley de medios \u00abfavorece la libertad al impedir la concentraci\u00f3n\u00bb<\/a><\/p>\n<p><a href=\"http:\/\/www.telam.com.ar\/notas\/201310\/38581-los-puntos-centrales-del-fallo-de-la-corte-suprema.html\">Los puntos centrales del fallo de la Corte Suprema<\/a><\/p>\n<p><a href=\"http:\/\/www.telam.com.ar\/notas\/201310\/38630-la-economia-solidaria-esta-dispuesta-a-avanzar-en-la-aplicacion-de-la-ley-de-medios.html\">\u00abLa econom\u00eda solidaria est\u00e1 dispuesta a avanzar en la aplicaci\u00f3n de la ley de medios\u00bb<\/a><\/p>\n<\/div>\n<\/div>\n","protected":false},"excerpt":{"rendered":"<p>Ratific\u00f3 la constitucionalidad de la Ley 26.522, de Servicios de Comunicaci\u00f3n Audiovisual, en una votaci\u00f3n que s\u00f3lo cont\u00f3 con la disidencia de Carlos Fayt. En el fallo, la Corte asegura que la norma \u00abfavorece la libertad al impedir la concentraci\u00f3n\u00bb.&hellip;<\/p>\n","protected":false},"author":494,"featured_media":74666,"comment_status":"closed","ping_status":"open","sticky":false,"template":"","format":"standard","meta":{"footnotes":""},"categories":[75,79,39,74,67],"tags":[26,696,441,398,1144,7485,523,394],"class_list":["post-74663","post","type-post","status-publish","format-standard","has-post-thumbnail","hentry","category-cultura-es","category-derechos-humanos","category-internacional","category-politica-es","category-sudamerica","tag-argentina","tag-democracia","tag-derechos-humanos","tag-justicia","tag-ley-de-medios","tag-lsca","tag-medios-de-comunicacion","tag-protestas-sociales"],"yoast_head":"<!-- This site is optimized with the Yoast SEO plugin v27.1.1 - https:\/\/yoast.com\/product\/yoast-seo-wordpress\/ -->\n<title>La Corte Suprema argentina declar\u00f3 la constitucionalidad de la ley de medios<\/title>\n<meta name=\"description\" content=\"Ratific\u00f3 la constitucionalidad de la Ley 26.522, de Servicios de Comunicaci\u00f3n Audiovisual, en una votaci\u00f3n que s\u00f3lo cont\u00f3 con la disidencia de Carlos\" \/>\n<meta name=\"robots\" content=\"index, follow, max-snippet:-1, max-image-preview:large, max-video-preview:-1\" \/>\n<link rel=\"canonical\" href=\"https:\/\/www.pressenza.com\/es\/2013\/10\/corte-suprema-argentina-declaro-constitucionalidad-ley-medios\/\" \/>\n<meta property=\"og:locale\" content=\"es_ES\" \/>\n<meta property=\"og:type\" content=\"article\" \/>\n<meta property=\"og:title\" content=\"La Corte Suprema argentina declar\u00f3 la constitucionalidad de la ley de medios\" \/>\n<meta property=\"og:description\" content=\"Ratific\u00f3 la constitucionalidad de la Ley 26.522, de Servicios de Comunicaci\u00f3n Audiovisual, en una votaci\u00f3n que s\u00f3lo cont\u00f3 con la disidencia de Carlos\" \/>\n<meta property=\"og:url\" content=\"https:\/\/www.pressenza.com\/es\/2013\/10\/corte-suprema-argentina-declaro-constitucionalidad-ley-medios\/\" \/>\n<meta property=\"og:site_name\" content=\"Pressenza\" \/>\n<meta property=\"article:publisher\" content=\"https:\/\/www.facebook.com\/PressenzaItalia\" \/>\n<meta property=\"article:author\" content=\"https:\/\/www.facebook.com\/AgenciaTELAM\" \/>\n<meta property=\"article:published_time\" content=\"2013-10-30T03:41:22+00:00\" \/>\n<meta property=\"article:modified_time\" content=\"2013-10-30T03:44:07+00:00\" \/>\n<meta property=\"og:image\" content=\"https:\/\/www.pressenza.com\/wp-content\/uploads\/2013\/10\/5270070ae0ad5_975x650.jpg\" \/>\n\t<meta property=\"og:image:width\" content=\"975\" \/>\n\t<meta property=\"og:image:height\" content=\"650\" \/>\n\t<meta property=\"og:image:type\" content=\"image\/jpeg\" \/>\n<meta name=\"author\" content=\"T\u00e9lam - Agencia Nacional de Noticias de la Rep\u00fablica Argentina\" \/>\n<meta name=\"twitter:card\" content=\"summary_large_image\" \/>\n<meta name=\"twitter:creator\" content=\"@AgenciaTelam\" \/>\n<meta name=\"twitter:site\" content=\"@PressenzaIPA\" \/>\n<meta name=\"twitter:label1\" content=\"Escrito por\" \/>\n\t<meta name=\"twitter:data1\" content=\"T\u00e9lam - Agencia Nacional de Noticias de la Rep\u00fablica Argentina\" \/>\n\t<meta name=\"twitter:label2\" content=\"Tiempo de lectura\" \/>\n\t<meta name=\"twitter:data2\" content=\"6 minutos\" \/>\n<script type=\"application\/ld+json\" class=\"yoast-schema-graph\">{\"@context\":\"https:\/\/schema.org\",\"@graph\":[{\"@type\":\"Article\",\"@id\":\"https:\/\/www.pressenza.com\/es\/2013\/10\/corte-suprema-argentina-declaro-constitucionalidad-ley-medios\/#article\",\"isPartOf\":{\"@id\":\"https:\/\/www.pressenza.com\/es\/2013\/10\/corte-suprema-argentina-declaro-constitucionalidad-ley-medios\/\"},\"author\":{\"name\":\"T\u00e9lam - Agencia Nacional de Noticias de la Rep\u00fablica Argentina\",\"@id\":\"https:\/\/www.pressenza.com\/es\/#\/schema\/person\/f1a879435e38cd8f69eac14ebf21489e\"},\"headline\":\"La Corte Suprema argentina declar\u00f3 la constitucionalidad de la ley de medios\",\"datePublished\":\"2013-10-30T03:41:22+00:00\",\"dateModified\":\"2013-10-30T03:44:07+00:00\",\"mainEntityOfPage\":{\"@id\":\"https:\/\/www.pressenza.com\/es\/2013\/10\/corte-suprema-argentina-declaro-constitucionalidad-ley-medios\/\"},\"wordCount\":1285,\"publisher\":{\"@id\":\"https:\/\/www.pressenza.com\/es\/#organization\"},\"image\":{\"@id\":\"https:\/\/www.pressenza.com\/es\/2013\/10\/corte-suprema-argentina-declaro-constitucionalidad-ley-medios\/#primaryimage\"},\"thumbnailUrl\":\"https:\/\/www.pressenza.com\/wp-content\/uploads\/2013\/10\/5270070ae0ad5_975x650.jpg\",\"keywords\":[\"Argentina\",\"Democracia\",\"Derechos humanos\",\"justicia\",\"ley de medios\",\"LSCA\",\"medios de comunicaci\u00f3n\",\"protestas sociales\"],\"articleSection\":[\"Cultura y Medios\",\"Derechos Humanos\",\"Internacional\",\"Pol\u00edtica\",\"Sudam\u00e9rica\"],\"inLanguage\":\"es\"},{\"@type\":\"WebPage\",\"@id\":\"https:\/\/www.pressenza.com\/es\/2013\/10\/corte-suprema-argentina-declaro-constitucionalidad-ley-medios\/\",\"url\":\"https:\/\/www.pressenza.com\/es\/2013\/10\/corte-suprema-argentina-declaro-constitucionalidad-ley-medios\/\",\"name\":\"La Corte Suprema argentina declar\u00f3 la constitucionalidad de la ley de medios\",\"isPartOf\":{\"@id\":\"https:\/\/www.pressenza.com\/es\/#website\"},\"primaryImageOfPage\":{\"@id\":\"https:\/\/www.pressenza.com\/es\/2013\/10\/corte-suprema-argentina-declaro-constitucionalidad-ley-medios\/#primaryimage\"},\"image\":{\"@id\":\"https:\/\/www.pressenza.com\/es\/2013\/10\/corte-suprema-argentina-declaro-constitucionalidad-ley-medios\/#primaryimage\"},\"thumbnailUrl\":\"https:\/\/www.pressenza.com\/wp-content\/uploads\/2013\/10\/5270070ae0ad5_975x650.jpg\",\"datePublished\":\"2013-10-30T03:41:22+00:00\",\"dateModified\":\"2013-10-30T03:44:07+00:00\",\"description\":\"Ratific\u00f3 la constitucionalidad de la Ley 26.522, de Servicios de Comunicaci\u00f3n Audiovisual, en una votaci\u00f3n que s\u00f3lo cont\u00f3 con la disidencia de Carlos\",\"breadcrumb\":{\"@id\":\"https:\/\/www.pressenza.com\/es\/2013\/10\/corte-suprema-argentina-declaro-constitucionalidad-ley-medios\/#breadcrumb\"},\"inLanguage\":\"es\",\"potentialAction\":[{\"@type\":\"ReadAction\",\"target\":[\"https:\/\/www.pressenza.com\/es\/2013\/10\/corte-suprema-argentina-declaro-constitucionalidad-ley-medios\/\"]}]},{\"@type\":\"ImageObject\",\"inLanguage\":\"es\",\"@id\":\"https:\/\/www.pressenza.com\/es\/2013\/10\/corte-suprema-argentina-declaro-constitucionalidad-ley-medios\/#primaryimage\",\"url\":\"https:\/\/www.pressenza.com\/wp-content\/uploads\/2013\/10\/5270070ae0ad5_975x650.jpg\",\"contentUrl\":\"https:\/\/www.pressenza.com\/wp-content\/uploads\/2013\/10\/5270070ae0ad5_975x650.jpg\",\"width\":975,\"height\":650},{\"@type\":\"BreadcrumbList\",\"@id\":\"https:\/\/www.pressenza.com\/es\/2013\/10\/corte-suprema-argentina-declaro-constitucionalidad-ley-medios\/#breadcrumb\",\"itemListElement\":[{\"@type\":\"ListItem\",\"position\":1,\"name\":\"Accueil\",\"item\":\"https:\/\/www.pressenza.com\/es\/\"},{\"@type\":\"ListItem\",\"position\":2,\"name\":\"La Corte Suprema argentina declar\u00f3 la constitucionalidad de la ley de medios\"}]},{\"@type\":\"WebSite\",\"@id\":\"https:\/\/www.pressenza.com\/es\/#website\",\"url\":\"https:\/\/www.pressenza.com\/es\/\",\"name\":\"Pressenza\",\"description\":\"International Press Agency\",\"publisher\":{\"@id\":\"https:\/\/www.pressenza.com\/es\/#organization\"},\"potentialAction\":[{\"@type\":\"SearchAction\",\"target\":{\"@type\":\"EntryPoint\",\"urlTemplate\":\"https:\/\/www.pressenza.com\/es\/?s={search_term_string}\"},\"query-input\":{\"@type\":\"PropertyValueSpecification\",\"valueRequired\":true,\"valueName\":\"search_term_string\"}}],\"inLanguage\":\"es\"},{\"@type\":\"Organization\",\"@id\":\"https:\/\/www.pressenza.com\/es\/#organization\",\"name\":\"Pressenza\",\"url\":\"https:\/\/www.pressenza.com\/es\/\",\"logo\":{\"@type\":\"ImageObject\",\"inLanguage\":\"es\",\"@id\":\"https:\/\/www.pressenza.com\/es\/#\/schema\/logo\/image\/\",\"url\":\"https:\/\/www.pressenza.com\/wp-content\/uploads\/2022\/10\/pressenza_logo_200x200.jpg\",\"contentUrl\":\"https:\/\/www.pressenza.com\/wp-content\/uploads\/2022\/10\/pressenza_logo_200x200.jpg\",\"width\":200,\"height\":200,\"caption\":\"Pressenza\"},\"image\":{\"@id\":\"https:\/\/www.pressenza.com\/es\/#\/schema\/logo\/image\/\"},\"sameAs\":[\"https:\/\/www.facebook.com\/PressenzaItalia\",\"https:\/\/x.com\/PressenzaIPA\"]},{\"@type\":\"Person\",\"@id\":\"https:\/\/www.pressenza.com\/es\/#\/schema\/person\/f1a879435e38cd8f69eac14ebf21489e\",\"name\":\"T\u00e9lam - Agencia Nacional de Noticias de la Rep\u00fablica Argentina\",\"description\":\"T\u00e9lam es una de las grandes agencias de noticias a nivel regional. El prestigio, acceso a fuentes oficiales, la cobertura en todo el territorio nacional y corresponsal\u00edas en el exterior; y la responsabilidad en el tratamiento informativo son caracter\u00edsticas que colocan a T\u00e9lam en referente period\u00edstico confiable y cre\u00edble en el pa\u00eds y en el mundo. Sostiene un servicio actualizado, detallado y original en diversos formatos, las 24 horas del d\u00eda, todos los d\u00edas del a\u00f1o. Es l\u00edder en el mercado nacional y sostiene alianzas a nivel regional y mundial que le permiten expandir los servicios period\u00edsticos. Suministra sus productos v\u00eda on line, tanto a nivel local como internacional. En la actualidad, la Agencia suma a sus servicios tradicionales, nuevos desaf\u00edos a partir de la realizaci\u00f3n de producciones multimedia para diversas plataformas. www.telam.com.ar\",\"sameAs\":[\"https:\/\/www.facebook.com\/AgenciaTELAM\",\"https:\/\/x.com\/AgenciaTelam\"],\"url\":\"https:\/\/www.pressenza.com\/es\/author\/telam\/\"}]}<\/script>\n<!-- \/ Yoast SEO plugin. -->","yoast_head_json":{"title":"La Corte Suprema argentina declar\u00f3 la constitucionalidad de la ley de medios","description":"Ratific\u00f3 la constitucionalidad de la Ley 26.522, de Servicios de Comunicaci\u00f3n Audiovisual, en una votaci\u00f3n que s\u00f3lo cont\u00f3 con la disidencia de Carlos","robots":{"index":"index","follow":"follow","max-snippet":"max-snippet:-1","max-image-preview":"max-image-preview:large","max-video-preview":"max-video-preview:-1"},"canonical":"https:\/\/www.pressenza.com\/es\/2013\/10\/corte-suprema-argentina-declaro-constitucionalidad-ley-medios\/","og_locale":"es_ES","og_type":"article","og_title":"La Corte Suprema argentina declar\u00f3 la constitucionalidad de la ley de medios","og_description":"Ratific\u00f3 la constitucionalidad de la Ley 26.522, de Servicios de Comunicaci\u00f3n Audiovisual, en una votaci\u00f3n que s\u00f3lo cont\u00f3 con la disidencia de Carlos","og_url":"https:\/\/www.pressenza.com\/es\/2013\/10\/corte-suprema-argentina-declaro-constitucionalidad-ley-medios\/","og_site_name":"Pressenza","article_publisher":"https:\/\/www.facebook.com\/PressenzaItalia","article_author":"https:\/\/www.facebook.com\/AgenciaTELAM","article_published_time":"2013-10-30T03:41:22+00:00","article_modified_time":"2013-10-30T03:44:07+00:00","og_image":[{"width":975,"height":650,"url":"https:\/\/www.pressenza.com\/wp-content\/uploads\/2013\/10\/5270070ae0ad5_975x650.jpg","type":"image\/jpeg"}],"author":"T\u00e9lam - Agencia Nacional de Noticias de la Rep\u00fablica Argentina","twitter_card":"summary_large_image","twitter_creator":"@AgenciaTelam","twitter_site":"@PressenzaIPA","twitter_misc":{"Escrito por":"T\u00e9lam - Agencia Nacional de Noticias de la Rep\u00fablica Argentina","Tiempo de lectura":"6 minutos"},"schema":{"@context":"https:\/\/schema.org","@graph":[{"@type":"Article","@id":"https:\/\/www.pressenza.com\/es\/2013\/10\/corte-suprema-argentina-declaro-constitucionalidad-ley-medios\/#article","isPartOf":{"@id":"https:\/\/www.pressenza.com\/es\/2013\/10\/corte-suprema-argentina-declaro-constitucionalidad-ley-medios\/"},"author":{"name":"T\u00e9lam - Agencia Nacional de Noticias de la Rep\u00fablica Argentina","@id":"https:\/\/www.pressenza.com\/es\/#\/schema\/person\/f1a879435e38cd8f69eac14ebf21489e"},"headline":"La Corte Suprema argentina declar\u00f3 la constitucionalidad de la ley de medios","datePublished":"2013-10-30T03:41:22+00:00","dateModified":"2013-10-30T03:44:07+00:00","mainEntityOfPage":{"@id":"https:\/\/www.pressenza.com\/es\/2013\/10\/corte-suprema-argentina-declaro-constitucionalidad-ley-medios\/"},"wordCount":1285,"publisher":{"@id":"https:\/\/www.pressenza.com\/es\/#organization"},"image":{"@id":"https:\/\/www.pressenza.com\/es\/2013\/10\/corte-suprema-argentina-declaro-constitucionalidad-ley-medios\/#primaryimage"},"thumbnailUrl":"https:\/\/www.pressenza.com\/wp-content\/uploads\/2013\/10\/5270070ae0ad5_975x650.jpg","keywords":["Argentina","Democracia","Derechos humanos","justicia","ley de medios","LSCA","medios de comunicaci\u00f3n","protestas sociales"],"articleSection":["Cultura y Medios","Derechos Humanos","Internacional","Pol\u00edtica","Sudam\u00e9rica"],"inLanguage":"es"},{"@type":"WebPage","@id":"https:\/\/www.pressenza.com\/es\/2013\/10\/corte-suprema-argentina-declaro-constitucionalidad-ley-medios\/","url":"https:\/\/www.pressenza.com\/es\/2013\/10\/corte-suprema-argentina-declaro-constitucionalidad-ley-medios\/","name":"La Corte Suprema argentina declar\u00f3 la constitucionalidad de la ley de medios","isPartOf":{"@id":"https:\/\/www.pressenza.com\/es\/#website"},"primaryImageOfPage":{"@id":"https:\/\/www.pressenza.com\/es\/2013\/10\/corte-suprema-argentina-declaro-constitucionalidad-ley-medios\/#primaryimage"},"image":{"@id":"https:\/\/www.pressenza.com\/es\/2013\/10\/corte-suprema-argentina-declaro-constitucionalidad-ley-medios\/#primaryimage"},"thumbnailUrl":"https:\/\/www.pressenza.com\/wp-content\/uploads\/2013\/10\/5270070ae0ad5_975x650.jpg","datePublished":"2013-10-30T03:41:22+00:00","dateModified":"2013-10-30T03:44:07+00:00","description":"Ratific\u00f3 la constitucionalidad de la Ley 26.522, de Servicios de Comunicaci\u00f3n Audiovisual, en una votaci\u00f3n que s\u00f3lo cont\u00f3 con la disidencia de Carlos","breadcrumb":{"@id":"https:\/\/www.pressenza.com\/es\/2013\/10\/corte-suprema-argentina-declaro-constitucionalidad-ley-medios\/#breadcrumb"},"inLanguage":"es","potentialAction":[{"@type":"ReadAction","target":["https:\/\/www.pressenza.com\/es\/2013\/10\/corte-suprema-argentina-declaro-constitucionalidad-ley-medios\/"]}]},{"@type":"ImageObject","inLanguage":"es","@id":"https:\/\/www.pressenza.com\/es\/2013\/10\/corte-suprema-argentina-declaro-constitucionalidad-ley-medios\/#primaryimage","url":"https:\/\/www.pressenza.com\/wp-content\/uploads\/2013\/10\/5270070ae0ad5_975x650.jpg","contentUrl":"https:\/\/www.pressenza.com\/wp-content\/uploads\/2013\/10\/5270070ae0ad5_975x650.jpg","width":975,"height":650},{"@type":"BreadcrumbList","@id":"https:\/\/www.pressenza.com\/es\/2013\/10\/corte-suprema-argentina-declaro-constitucionalidad-ley-medios\/#breadcrumb","itemListElement":[{"@type":"ListItem","position":1,"name":"Accueil","item":"https:\/\/www.pressenza.com\/es\/"},{"@type":"ListItem","position":2,"name":"La Corte Suprema argentina declar\u00f3 la constitucionalidad de la ley de medios"}]},{"@type":"WebSite","@id":"https:\/\/www.pressenza.com\/es\/#website","url":"https:\/\/www.pressenza.com\/es\/","name":"Pressenza","description":"International Press Agency","publisher":{"@id":"https:\/\/www.pressenza.com\/es\/#organization"},"potentialAction":[{"@type":"SearchAction","target":{"@type":"EntryPoint","urlTemplate":"https:\/\/www.pressenza.com\/es\/?s={search_term_string}"},"query-input":{"@type":"PropertyValueSpecification","valueRequired":true,"valueName":"search_term_string"}}],"inLanguage":"es"},{"@type":"Organization","@id":"https:\/\/www.pressenza.com\/es\/#organization","name":"Pressenza","url":"https:\/\/www.pressenza.com\/es\/","logo":{"@type":"ImageObject","inLanguage":"es","@id":"https:\/\/www.pressenza.com\/es\/#\/schema\/logo\/image\/","url":"https:\/\/www.pressenza.com\/wp-content\/uploads\/2022\/10\/pressenza_logo_200x200.jpg","contentUrl":"https:\/\/www.pressenza.com\/wp-content\/uploads\/2022\/10\/pressenza_logo_200x200.jpg","width":200,"height":200,"caption":"Pressenza"},"image":{"@id":"https:\/\/www.pressenza.com\/es\/#\/schema\/logo\/image\/"},"sameAs":["https:\/\/www.facebook.com\/PressenzaItalia","https:\/\/x.com\/PressenzaIPA"]},{"@type":"Person","@id":"https:\/\/www.pressenza.com\/es\/#\/schema\/person\/f1a879435e38cd8f69eac14ebf21489e","name":"T\u00e9lam - Agencia Nacional de Noticias de la Rep\u00fablica Argentina","description":"T\u00e9lam es una de las grandes agencias de noticias a nivel regional. El prestigio, acceso a fuentes oficiales, la cobertura en todo el territorio nacional y corresponsal\u00edas en el exterior; y la responsabilidad en el tratamiento informativo son caracter\u00edsticas que colocan a T\u00e9lam en referente period\u00edstico confiable y cre\u00edble en el pa\u00eds y en el mundo. Sostiene un servicio actualizado, detallado y original en diversos formatos, las 24 horas del d\u00eda, todos los d\u00edas del a\u00f1o. Es l\u00edder en el mercado nacional y sostiene alianzas a nivel regional y mundial que le permiten expandir los servicios period\u00edsticos. Suministra sus productos v\u00eda on line, tanto a nivel local como internacional. En la actualidad, la Agencia suma a sus servicios tradicionales, nuevos desaf\u00edos a partir de la realizaci\u00f3n de producciones multimedia para diversas plataformas. www.telam.com.ar","sameAs":["https:\/\/www.facebook.com\/AgenciaTELAM","https:\/\/x.com\/AgenciaTelam"],"url":"https:\/\/www.pressenza.com\/es\/author\/telam\/"}]}},"place":"Buenos Aires","original_article_url":"","_links":{"self":[{"href":"https:\/\/www.pressenza.com\/es\/wp-json\/wp\/v2\/posts\/74663","targetHints":{"allow":["GET"]}}],"collection":[{"href":"https:\/\/www.pressenza.com\/es\/wp-json\/wp\/v2\/posts"}],"about":[{"href":"https:\/\/www.pressenza.com\/es\/wp-json\/wp\/v2\/types\/post"}],"author":[{"embeddable":true,"href":"https:\/\/www.pressenza.com\/es\/wp-json\/wp\/v2\/users\/494"}],"replies":[{"embeddable":true,"href":"https:\/\/www.pressenza.com\/es\/wp-json\/wp\/v2\/comments?post=74663"}],"version-history":[{"count":0,"href":"https:\/\/www.pressenza.com\/es\/wp-json\/wp\/v2\/posts\/74663\/revisions"}],"wp:featuredmedia":[{"embeddable":true,"href":"https:\/\/www.pressenza.com\/es\/wp-json\/wp\/v2\/media\/74666"}],"wp:attachment":[{"href":"https:\/\/www.pressenza.com\/es\/wp-json\/wp\/v2\/media?parent=74663"}],"wp:term":[{"taxonomy":"category","embeddable":true,"href":"https:\/\/www.pressenza.com\/es\/wp-json\/wp\/v2\/categories?post=74663"},{"taxonomy":"post_tag","embeddable":true,"href":"https:\/\/www.pressenza.com\/es\/wp-json\/wp\/v2\/tags?post=74663"}],"curies":[{"name":"wp","href":"https:\/\/api.w.org\/{rel}","templated":true}]}}