{"id":746496,"date":"2018-10-29T12:50:07","date_gmt":"2018-10-29T12:50:07","guid":{"rendered":"https:\/\/www.pressenza.com\/?p=746496"},"modified":"2018-10-29T12:50:07","modified_gmt":"2018-10-29T12:50:07","slug":"sobre-los-asesinatos-en-pittsburgh","status":"publish","type":"post","link":"https:\/\/www.pressenza.com\/es\/2018\/10\/sobre-los-asesinatos-en-pittsburgh\/","title":{"rendered":"Sobre los asesinatos en Pittsburgh"},"content":{"rendered":"<p>Por Peter Geffen<\/p>\n<p>S\u00e9 que hablo en nombre de todos ustedes cuando expreso nuestro profundo pesar por la indescriptible violencia que invadi\u00f3 la sinagoga del \u00c1rbol de la Vida en Pittsburgh esta ma\u00f1ana de Shabbat. Dos de nuestros ex-alumnos, Noah Schoen y Suzy Weiss crecieron en esa comunidad y seguramente conocen a algunas de las v\u00edctimas. Nuestros corazones est\u00e1n con ellos y con los miembros de sus familias inmediatas y allegadas.<\/p>\n<p>Cuando eventos como este golpean tan cerca de casa, la ruptura con la rutina normal de la vida es inmediata y a menudo de larga duraci\u00f3n. Perdemos la sensaci\u00f3n de seguridad que nuestros vecindarios y nuestras casas deben proporcionar.<\/p>\n<p>\u00bfQu\u00e9 hacemos con esta dislocaci\u00f3n? Creo que todos conocemos el clich\u00e9 que nos dice que pongamos fin a las condiciones que hacen que tales actos sean concebibles. Pero las ilusiones no son suficientes. Vivimos en una \u00e9poca en la que los locos y las locas no s\u00f3lo pueden adquirir armas de un poder abrumadoramente destructivo, sino que vivimos en una \u00e9poca en la que los dirigentes de pa\u00edses enteros de todo el mundo est\u00e1n volviendo a un conjunto de valores que degradan nuestra humanidad com\u00fan. En 1823, Heinrich Heine dijo: \u00abDonde se queman libros, al final, la gente tambi\u00e9n se quemar\u00e1.\u00bb Parafrasear\u00eda su advertencia premonitoria: \u00aben el lugar donde los derechos humanos y las normas \u00e9ticas son violados&#8230; en \u00faltima instancia&#8230; todo arder\u00e1.\u00bb<\/p>\n<p>Un evento como el de hoy puede convertirse en una llamada de atenci\u00f3n sin igual. Todos debemos revisar nuestro compromiso con la demanda de paz y justicia en nuestro pa\u00eds y en todo el mundo. La misi\u00f3n de KIVUNIM establece nuestro objetivo muy claramente: \u00ab&#8230;expandir la ideolog\u00eda (nacional del pueblo jud\u00edo) desde su interioridad actual hacia una mayor orientaci\u00f3n hacia el exterior, buscando activamente mejorar la tolerancia, el respeto mutuo, el compromiso con los derechos humanos y la dignidad humana en un mundo m\u00e1s justo y m\u00e1s pac\u00edfico. Dando vida a las palabras de los profetas hebreos en los tiempos modernos\u00bb. Las palabras son hermosas, pero sin sentido a menos que se pongan en acci\u00f3n: En nuestras vidas personales, en nuestras comunidades locales, en nuestros campus universitarios, en nuestras comunidades profesionales y empresariales y en la escena internacional. P\u00e9rdida de vidas como esta nunca puede ser corregida. Pero se le puede dar dignidad por nuestra respuesta, por nuestras acciones.<\/p>\n<hr \/>\n<p><span style=\"color: #808080;\">Fundador y Presidente, Peter Geffen es tambi\u00e9n Fundador de la Escuela Abraham Joshua Heschel en Nueva York, ex Director del Programa de Experiencia Israel\u00ed de la Fundaci\u00f3n CRB y uno de los especialistas en educaci\u00f3n israel\u00ed m\u00e1s respetados del mundo. Ha sido un activista social desde que trabaj\u00f3 como trabajador de derechos civiles para el Dr. Martin Luther King, Jr. en 1965-66 y ha estado profundamente involucrado en el trabajo de coexistencia \u00e1rabe-jud\u00edo desde principios de la d\u00e9cada de 1960.<\/span><\/p>\n","protected":false},"excerpt":{"rendered":"<p>Por Peter Geffen S\u00e9 que hablo en nombre de todos ustedes cuando expreso nuestro profundo pesar por la indescriptible violencia que invadi\u00f3 la sinagoga del \u00c1rbol de la Vida en Pittsburgh esta ma\u00f1ana de Shabbat. Dos de nuestros ex-alumnos, Noah&hellip;<\/p>\n","protected":false},"author":1126,"featured_media":746408,"comment_status":"closed","ping_status":"closed","sticky":false,"template":"","format":"standard","meta":{"footnotes":""},"categories":[11389,68,1242,161],"tags":[28499,51236,51234,44570],"class_list":["post-746496","post","type-post","status-publish","format-standard","has-post-thumbnail","hentry","category-contenido-original","category-norteamerica","category-noviolencia-tema","category-opiniones","tag-judios","tag-masacre-con-armas-de-fuego","tag-pittsburgh","tag-violencia-con-armas-de-fuego"],"yoast_head":"<!-- This site is optimized with the Yoast SEO plugin v27.1.1 - https:\/\/yoast.com\/product\/yoast-seo-wordpress\/ -->\n<title>Sobre los asesinatos en Pittsburgh<\/title>\n<meta name=\"description\" content=\"Por Peter Geffen S\u00e9 que hablo en nombre de todos ustedes cuando expreso nuestro profundo pesar por la indescriptible violencia que invadi\u00f3 la sinagoga del\" \/>\n<meta name=\"robots\" content=\"index, follow, max-snippet:-1, max-image-preview:large, max-video-preview:-1\" \/>\n<link rel=\"canonical\" href=\"https:\/\/www.pressenza.com\/es\/2018\/10\/sobre-los-asesinatos-en-pittsburgh\/\" \/>\n<meta property=\"og:locale\" content=\"es_ES\" \/>\n<meta property=\"og:type\" content=\"article\" \/>\n<meta property=\"og:title\" content=\"Sobre los asesinatos en Pittsburgh\" \/>\n<meta property=\"og:description\" content=\"Por Peter Geffen S\u00e9 que hablo en nombre de todos ustedes cuando expreso nuestro profundo pesar por la indescriptible violencia que invadi\u00f3 la sinagoga del\" \/>\n<meta property=\"og:url\" content=\"https:\/\/www.pressenza.com\/es\/2018\/10\/sobre-los-asesinatos-en-pittsburgh\/\" \/>\n<meta property=\"og:site_name\" content=\"Pressenza\" \/>\n<meta property=\"article:publisher\" content=\"https:\/\/www.facebook.com\/PressenzaItalia\" \/>\n<meta property=\"article:author\" content=\"https:\/\/www.facebook.com\/PressenzaEnglish\/\" \/>\n<meta property=\"article:published_time\" content=\"2018-10-29T12:50:07+00:00\" \/>\n<meta property=\"og:image\" content=\"https:\/\/www.pressenza.com\/wp-content\/uploads\/2018\/10\/Peter-Geffen-10-Years-Kivunim.jpg\" \/>\n\t<meta property=\"og:image:width\" content=\"1866\" \/>\n\t<meta property=\"og:image:height\" content=\"1236\" \/>\n\t<meta property=\"og:image:type\" content=\"image\/jpeg\" \/>\n<meta name=\"author\" content=\"Pressenza New York\" \/>\n<meta name=\"twitter:card\" content=\"summary_large_image\" \/>\n<meta name=\"twitter:creator\" content=\"@PressenzaIPA\" \/>\n<meta name=\"twitter:site\" content=\"@PressenzaIPA\" \/>\n<meta name=\"twitter:label1\" content=\"Escrito por\" \/>\n\t<meta name=\"twitter:data1\" content=\"Pressenza New York\" \/>\n\t<meta name=\"twitter:label2\" content=\"Tiempo de lectura\" \/>\n\t<meta name=\"twitter:data2\" content=\"2 minutos\" \/>\n<script type=\"application\/ld+json\" class=\"yoast-schema-graph\">{\"@context\":\"https:\/\/schema.org\",\"@graph\":[{\"@type\":\"Article\",\"@id\":\"https:\/\/www.pressenza.com\/es\/2018\/10\/sobre-los-asesinatos-en-pittsburgh\/#article\",\"isPartOf\":{\"@id\":\"https:\/\/www.pressenza.com\/es\/2018\/10\/sobre-los-asesinatos-en-pittsburgh\/\"},\"author\":{\"name\":\"Pressenza New York\",\"@id\":\"https:\/\/www.pressenza.com\/es\/#\/schema\/person\/75ff8ec4b4b03f1d2da977bba83672b3\"},\"headline\":\"Sobre los asesinatos en Pittsburgh\",\"datePublished\":\"2018-10-29T12:50:07+00:00\",\"mainEntityOfPage\":{\"@id\":\"https:\/\/www.pressenza.com\/es\/2018\/10\/sobre-los-asesinatos-en-pittsburgh\/\"},\"wordCount\":504,\"publisher\":{\"@id\":\"https:\/\/www.pressenza.com\/es\/#organization\"},\"image\":{\"@id\":\"https:\/\/www.pressenza.com\/es\/2018\/10\/sobre-los-asesinatos-en-pittsburgh\/#primaryimage\"},\"thumbnailUrl\":\"https:\/\/www.pressenza.com\/wp-content\/uploads\/2018\/10\/Peter-Geffen-10-Years-Kivunim.jpg\",\"keywords\":[\"jud\u00edos\",\"Masacre con armas de fuego\",\"Pittsburgh\",\"Violencia con armas de fuego\"],\"articleSection\":[\"Contenido Original\",\"Norteam\u00e9rica\",\"Noviolencia\",\"Opiniones\"],\"inLanguage\":\"es\"},{\"@type\":\"WebPage\",\"@id\":\"https:\/\/www.pressenza.com\/es\/2018\/10\/sobre-los-asesinatos-en-pittsburgh\/\",\"url\":\"https:\/\/www.pressenza.com\/es\/2018\/10\/sobre-los-asesinatos-en-pittsburgh\/\",\"name\":\"Sobre los asesinatos en Pittsburgh\",\"isPartOf\":{\"@id\":\"https:\/\/www.pressenza.com\/es\/#website\"},\"primaryImageOfPage\":{\"@id\":\"https:\/\/www.pressenza.com\/es\/2018\/10\/sobre-los-asesinatos-en-pittsburgh\/#primaryimage\"},\"image\":{\"@id\":\"https:\/\/www.pressenza.com\/es\/2018\/10\/sobre-los-asesinatos-en-pittsburgh\/#primaryimage\"},\"thumbnailUrl\":\"https:\/\/www.pressenza.com\/wp-content\/uploads\/2018\/10\/Peter-Geffen-10-Years-Kivunim.jpg\",\"datePublished\":\"2018-10-29T12:50:07+00:00\",\"description\":\"Por Peter Geffen S\u00e9 que hablo en nombre de todos ustedes cuando expreso nuestro profundo pesar por la indescriptible violencia que invadi\u00f3 la sinagoga del\",\"breadcrumb\":{\"@id\":\"https:\/\/www.pressenza.com\/es\/2018\/10\/sobre-los-asesinatos-en-pittsburgh\/#breadcrumb\"},\"inLanguage\":\"es\",\"potentialAction\":[{\"@type\":\"ReadAction\",\"target\":[\"https:\/\/www.pressenza.com\/es\/2018\/10\/sobre-los-asesinatos-en-pittsburgh\/\"]}]},{\"@type\":\"ImageObject\",\"inLanguage\":\"es\",\"@id\":\"https:\/\/www.pressenza.com\/es\/2018\/10\/sobre-los-asesinatos-en-pittsburgh\/#primaryimage\",\"url\":\"https:\/\/www.pressenza.com\/wp-content\/uploads\/2018\/10\/Peter-Geffen-10-Years-Kivunim.jpg\",\"contentUrl\":\"https:\/\/www.pressenza.com\/wp-content\/uploads\/2018\/10\/Peter-Geffen-10-Years-Kivunim.jpg\",\"width\":1866,\"height\":1236},{\"@type\":\"BreadcrumbList\",\"@id\":\"https:\/\/www.pressenza.com\/es\/2018\/10\/sobre-los-asesinatos-en-pittsburgh\/#breadcrumb\",\"itemListElement\":[{\"@type\":\"ListItem\",\"position\":1,\"name\":\"Accueil\",\"item\":\"https:\/\/www.pressenza.com\/es\/\"},{\"@type\":\"ListItem\",\"position\":2,\"name\":\"Sobre los asesinatos en Pittsburgh\"}]},{\"@type\":\"WebSite\",\"@id\":\"https:\/\/www.pressenza.com\/es\/#website\",\"url\":\"https:\/\/www.pressenza.com\/es\/\",\"name\":\"Pressenza\",\"description\":\"International Press Agency\",\"publisher\":{\"@id\":\"https:\/\/www.pressenza.com\/es\/#organization\"},\"potentialAction\":[{\"@type\":\"SearchAction\",\"target\":{\"@type\":\"EntryPoint\",\"urlTemplate\":\"https:\/\/www.pressenza.com\/es\/?s={search_term_string}\"},\"query-input\":{\"@type\":\"PropertyValueSpecification\",\"valueRequired\":true,\"valueName\":\"search_term_string\"}}],\"inLanguage\":\"es\"},{\"@type\":\"Organization\",\"@id\":\"https:\/\/www.pressenza.com\/es\/#organization\",\"name\":\"Pressenza\",\"url\":\"https:\/\/www.pressenza.com\/es\/\",\"logo\":{\"@type\":\"ImageObject\",\"inLanguage\":\"es\",\"@id\":\"https:\/\/www.pressenza.com\/es\/#\/schema\/logo\/image\/\",\"url\":\"https:\/\/www.pressenza.com\/wp-content\/uploads\/2022\/10\/pressenza_logo_200x200.jpg\",\"contentUrl\":\"https:\/\/www.pressenza.com\/wp-content\/uploads\/2022\/10\/pressenza_logo_200x200.jpg\",\"width\":200,\"height\":200,\"caption\":\"Pressenza\"},\"image\":{\"@id\":\"https:\/\/www.pressenza.com\/es\/#\/schema\/logo\/image\/\"},\"sameAs\":[\"https:\/\/www.facebook.com\/PressenzaItalia\",\"https:\/\/x.com\/PressenzaIPA\"]},{\"@type\":\"Person\",\"@id\":\"https:\/\/www.pressenza.com\/es\/#\/schema\/person\/75ff8ec4b4b03f1d2da977bba83672b3\",\"name\":\"Pressenza New York\",\"description\":\"News from the Pressenza Bureau in New York, United States\",\"sameAs\":[\"https:\/\/www.facebook.com\/PressenzaEnglish\/\",\"https:\/\/x.com\/PressenzaIPA\"],\"url\":\"https:\/\/www.pressenza.com\/es\/author\/pressenza-new-york\/\"}]}<\/script>\n<!-- \/ Yoast SEO plugin. -->","yoast_head_json":{"title":"Sobre los asesinatos en Pittsburgh","description":"Por Peter Geffen S\u00e9 que hablo en nombre de todos ustedes cuando expreso nuestro profundo pesar por la indescriptible violencia que invadi\u00f3 la sinagoga del","robots":{"index":"index","follow":"follow","max-snippet":"max-snippet:-1","max-image-preview":"max-image-preview:large","max-video-preview":"max-video-preview:-1"},"canonical":"https:\/\/www.pressenza.com\/es\/2018\/10\/sobre-los-asesinatos-en-pittsburgh\/","og_locale":"es_ES","og_type":"article","og_title":"Sobre los asesinatos en Pittsburgh","og_description":"Por Peter Geffen S\u00e9 que hablo en nombre de todos ustedes cuando expreso nuestro profundo pesar por la indescriptible violencia que invadi\u00f3 la sinagoga del","og_url":"https:\/\/www.pressenza.com\/es\/2018\/10\/sobre-los-asesinatos-en-pittsburgh\/","og_site_name":"Pressenza","article_publisher":"https:\/\/www.facebook.com\/PressenzaItalia","article_author":"https:\/\/www.facebook.com\/PressenzaEnglish\/","article_published_time":"2018-10-29T12:50:07+00:00","og_image":[{"width":1866,"height":1236,"url":"https:\/\/www.pressenza.com\/wp-content\/uploads\/2018\/10\/Peter-Geffen-10-Years-Kivunim.jpg","type":"image\/jpeg"}],"author":"Pressenza New York","twitter_card":"summary_large_image","twitter_creator":"@PressenzaIPA","twitter_site":"@PressenzaIPA","twitter_misc":{"Escrito por":"Pressenza New York","Tiempo de lectura":"2 minutos"},"schema":{"@context":"https:\/\/schema.org","@graph":[{"@type":"Article","@id":"https:\/\/www.pressenza.com\/es\/2018\/10\/sobre-los-asesinatos-en-pittsburgh\/#article","isPartOf":{"@id":"https:\/\/www.pressenza.com\/es\/2018\/10\/sobre-los-asesinatos-en-pittsburgh\/"},"author":{"name":"Pressenza New York","@id":"https:\/\/www.pressenza.com\/es\/#\/schema\/person\/75ff8ec4b4b03f1d2da977bba83672b3"},"headline":"Sobre los asesinatos en Pittsburgh","datePublished":"2018-10-29T12:50:07+00:00","mainEntityOfPage":{"@id":"https:\/\/www.pressenza.com\/es\/2018\/10\/sobre-los-asesinatos-en-pittsburgh\/"},"wordCount":504,"publisher":{"@id":"https:\/\/www.pressenza.com\/es\/#organization"},"image":{"@id":"https:\/\/www.pressenza.com\/es\/2018\/10\/sobre-los-asesinatos-en-pittsburgh\/#primaryimage"},"thumbnailUrl":"https:\/\/www.pressenza.com\/wp-content\/uploads\/2018\/10\/Peter-Geffen-10-Years-Kivunim.jpg","keywords":["jud\u00edos","Masacre con armas de fuego","Pittsburgh","Violencia con armas de fuego"],"articleSection":["Contenido Original","Norteam\u00e9rica","Noviolencia","Opiniones"],"inLanguage":"es"},{"@type":"WebPage","@id":"https:\/\/www.pressenza.com\/es\/2018\/10\/sobre-los-asesinatos-en-pittsburgh\/","url":"https:\/\/www.pressenza.com\/es\/2018\/10\/sobre-los-asesinatos-en-pittsburgh\/","name":"Sobre los asesinatos en Pittsburgh","isPartOf":{"@id":"https:\/\/www.pressenza.com\/es\/#website"},"primaryImageOfPage":{"@id":"https:\/\/www.pressenza.com\/es\/2018\/10\/sobre-los-asesinatos-en-pittsburgh\/#primaryimage"},"image":{"@id":"https:\/\/www.pressenza.com\/es\/2018\/10\/sobre-los-asesinatos-en-pittsburgh\/#primaryimage"},"thumbnailUrl":"https:\/\/www.pressenza.com\/wp-content\/uploads\/2018\/10\/Peter-Geffen-10-Years-Kivunim.jpg","datePublished":"2018-10-29T12:50:07+00:00","description":"Por Peter Geffen S\u00e9 que hablo en nombre de todos ustedes cuando expreso nuestro profundo pesar por la indescriptible violencia que invadi\u00f3 la sinagoga del","breadcrumb":{"@id":"https:\/\/www.pressenza.com\/es\/2018\/10\/sobre-los-asesinatos-en-pittsburgh\/#breadcrumb"},"inLanguage":"es","potentialAction":[{"@type":"ReadAction","target":["https:\/\/www.pressenza.com\/es\/2018\/10\/sobre-los-asesinatos-en-pittsburgh\/"]}]},{"@type":"ImageObject","inLanguage":"es","@id":"https:\/\/www.pressenza.com\/es\/2018\/10\/sobre-los-asesinatos-en-pittsburgh\/#primaryimage","url":"https:\/\/www.pressenza.com\/wp-content\/uploads\/2018\/10\/Peter-Geffen-10-Years-Kivunim.jpg","contentUrl":"https:\/\/www.pressenza.com\/wp-content\/uploads\/2018\/10\/Peter-Geffen-10-Years-Kivunim.jpg","width":1866,"height":1236},{"@type":"BreadcrumbList","@id":"https:\/\/www.pressenza.com\/es\/2018\/10\/sobre-los-asesinatos-en-pittsburgh\/#breadcrumb","itemListElement":[{"@type":"ListItem","position":1,"name":"Accueil","item":"https:\/\/www.pressenza.com\/es\/"},{"@type":"ListItem","position":2,"name":"Sobre los asesinatos en Pittsburgh"}]},{"@type":"WebSite","@id":"https:\/\/www.pressenza.com\/es\/#website","url":"https:\/\/www.pressenza.com\/es\/","name":"Pressenza","description":"International Press Agency","publisher":{"@id":"https:\/\/www.pressenza.com\/es\/#organization"},"potentialAction":[{"@type":"SearchAction","target":{"@type":"EntryPoint","urlTemplate":"https:\/\/www.pressenza.com\/es\/?s={search_term_string}"},"query-input":{"@type":"PropertyValueSpecification","valueRequired":true,"valueName":"search_term_string"}}],"inLanguage":"es"},{"@type":"Organization","@id":"https:\/\/www.pressenza.com\/es\/#organization","name":"Pressenza","url":"https:\/\/www.pressenza.com\/es\/","logo":{"@type":"ImageObject","inLanguage":"es","@id":"https:\/\/www.pressenza.com\/es\/#\/schema\/logo\/image\/","url":"https:\/\/www.pressenza.com\/wp-content\/uploads\/2022\/10\/pressenza_logo_200x200.jpg","contentUrl":"https:\/\/www.pressenza.com\/wp-content\/uploads\/2022\/10\/pressenza_logo_200x200.jpg","width":200,"height":200,"caption":"Pressenza"},"image":{"@id":"https:\/\/www.pressenza.com\/es\/#\/schema\/logo\/image\/"},"sameAs":["https:\/\/www.facebook.com\/PressenzaItalia","https:\/\/x.com\/PressenzaIPA"]},{"@type":"Person","@id":"https:\/\/www.pressenza.com\/es\/#\/schema\/person\/75ff8ec4b4b03f1d2da977bba83672b3","name":"Pressenza New York","description":"News from the Pressenza Bureau in New York, United States","sameAs":["https:\/\/www.facebook.com\/PressenzaEnglish\/","https:\/\/x.com\/PressenzaIPA"],"url":"https:\/\/www.pressenza.com\/es\/author\/pressenza-new-york\/"}]}},"place":"","original_article_url":"","_links":{"self":[{"href":"https:\/\/www.pressenza.com\/es\/wp-json\/wp\/v2\/posts\/746496","targetHints":{"allow":["GET"]}}],"collection":[{"href":"https:\/\/www.pressenza.com\/es\/wp-json\/wp\/v2\/posts"}],"about":[{"href":"https:\/\/www.pressenza.com\/es\/wp-json\/wp\/v2\/types\/post"}],"author":[{"embeddable":true,"href":"https:\/\/www.pressenza.com\/es\/wp-json\/wp\/v2\/users\/1126"}],"replies":[{"embeddable":true,"href":"https:\/\/www.pressenza.com\/es\/wp-json\/wp\/v2\/comments?post=746496"}],"version-history":[{"count":0,"href":"https:\/\/www.pressenza.com\/es\/wp-json\/wp\/v2\/posts\/746496\/revisions"}],"wp:featuredmedia":[{"embeddable":true,"href":"https:\/\/www.pressenza.com\/es\/wp-json\/wp\/v2\/media\/746408"}],"wp:attachment":[{"href":"https:\/\/www.pressenza.com\/es\/wp-json\/wp\/v2\/media?parent=746496"}],"wp:term":[{"taxonomy":"category","embeddable":true,"href":"https:\/\/www.pressenza.com\/es\/wp-json\/wp\/v2\/categories?post=746496"},{"taxonomy":"post_tag","embeddable":true,"href":"https:\/\/www.pressenza.com\/es\/wp-json\/wp\/v2\/tags?post=746496"}],"curies":[{"name":"wp","href":"https:\/\/api.w.org\/{rel}","templated":true}]}}