{"id":743,"date":"2009-07-22T00:00:00","date_gmt":"2009-07-22T00:00:00","guid":{"rendered":""},"modified":"2009-10-01T17:01:02","modified_gmt":"2009-10-01T17:01:02","slug":"a-las-puertas-del-ayuntamientox-vicente-irisarrix-alcalde-de-ferrolx-adhiere-pxblicamente-a-la-marcha-mundial-por-la-paz-y-la-no","status":"publish","type":"post","link":"https:\/\/www.pressenza.com\/es\/2009\/07\/a-las-puertas-del-ayuntamientox-vicente-irisarrix-alcalde-de-ferrolx-adhiere-pxblicamente-a-la-marcha-mundial-por-la-paz-y-la-no\/","title":{"rendered":"A las puertas del Ayuntamiento, Vicente Irisarri, Alcalde de Ferrol, adhiere p\u00fablicamente a la Marcha Mundial por la Paz y la No-Violencia"},"content":{"rendered":"<p>El acto comenz\u00f3 con la intervenci\u00f3n de la Teniente de Alcalde y Concejala de Bienestar Social, Mujer, Juventud y Solidaridad, Beatriz Sestayo, quien ya mostrara su adhesi\u00f3n el pasado 21 de mayo, incorporando inmediatamente la presencia de la Marcha en las actividades de la Concejal\u00eda. En su intervenci\u00f3n explic\u00f3 las futuras iniciativas que pondr\u00e1 en marcha por la Paz y la No-Violencia.<br \/>\nRub\u00e9n S\u00e1nchez, Portavoz de la Marcha Mundial en A Coru\u00f1a, destac\u00f3 el desarrollo nuclear desde que hace 64 a\u00f1os explotara la primera bomba nuclear sobre Hiroshima, hasta llegar al actual peligro nuclear contra el que se alza la Marcha Mundial a la que ya se han sumado sin ning\u00fan tipo de discriminaci\u00f3n miles de asociaciones, ayuntamientos, universidades y personas de distintas filiaciones \u201csin m\u00e1s condici\u00f3n que trabajar codo a codo en la confluencia de estos objetivos comunes: la erradicaci\u00f3n de la armas nucleares, \u201ctolerancia cero con la armas de destrucci\u00f3n masiva\u201d; reducci\u00f3n de los presupuestos de armamento; firma de tratados de no agresi\u00f3n entre pa\u00edses; abandono de los territorios ocupados; la renuncia de los estados a utilizar la guerra como forma de resolver los conflictos y el rechazo a toda forma de violencia: f\u00edsica, econ\u00f3mica, racial, religiosa, etc.\u201d.<br \/>\nSusana Alaniz, coordinadora de la Marcha en Ferrol, cit\u00f3 a Ghandi para explicar que la paz es el camino para llegar a la justicia y anim\u00f3 a todos los ferrolanos a participar en esta gran marcha que ya cuenta con la colaboraci\u00f3n de distintos colectivos de la ciudad. Record\u00f3 tambi\u00e9n a Mario Benedetti quien adhiri\u00f3 a la Marcha antes de dejarnos citando su c\u00e9lebre verso \u201cy en la calle, codo a codo, somos mucho m\u00e1s que dos\u201d.<br \/>\nFinalmente, Vicente Irisarri, Alcalde de Ferrol, reivindic\u00f3 la importancia de la paz y el desarme en un momento hist\u00f3rico de convulsi\u00f3n donde se acumulan conflictos y problemas globales como el cambio clim\u00e1tico y la crisis econ\u00f3mica.<\/p>\n<p>Contacto: Susana Alaniz, porlapazferrol@hotmail.com<br \/>\nV\u00eddeo en youtube: http:\/\/www.youtube.com\/watch?v=1qTx_YfIQCI<br \/>\nWeb del Ayuntamiento: http:\/\/www.ferrol.es\/ampliar.aspx?id=12866<br \/>\nWeb Marcha Mundial tramo Galicia-Portugal: http:\/\/www.marchamundialgp.org\/<br \/>\nBlog del Agra Humanista: http:\/\/lavozdelagra.wordpress.com\/<\/p>\n","protected":false},"excerpt":{"rendered":"<p>El Alcalde de Ferrol, Vicente Irisarri, firm\u00f3 a las puertas del consistorio municipal, ante los medios de comunicaci\u00f3n y los asistentes, su adhesi\u00f3n a la Marcha Mundial por la Paz y la No-Violencia. <\/p>\n","protected":false},"author":19,"featured_media":0,"comment_status":"closed","ping_status":"open","sticky":false,"template":"","format":"standard","meta":{"footnotes":""},"categories":[149,66,74],"tags":[],"class_list":["post-743","post","type-post","status-publish","format-standard","hentry","category-comunicados-de-prensa","category-europa-es","category-politica-es"],"yoast_head":"<!-- This site is optimized with the Yoast SEO plugin v27.1.1 - https:\/\/yoast.com\/product\/yoast-seo-wordpress\/ -->\n<title>A las puertas del Ayuntamiento, Vicente Irisarri, Alcalde de Ferrol, adhiere p\u00fablicamente a la Marcha Mundial por la Paz y la No-Violencia<\/title>\n<meta name=\"description\" content=\"El Alcalde de Ferrol, Vicente Irisarri, firm\u00f3 a las puertas del consistorio municipal, ante los medios de comunicaci\u00f3n y los asistentes, su adhesi\u00f3n a la Marcha Mundial por la Paz y la No-Violencia.\" \/>\n<meta name=\"robots\" content=\"index, follow, max-snippet:-1, max-image-preview:large, max-video-preview:-1\" \/>\n<link rel=\"canonical\" href=\"https:\/\/www.pressenza.com\/es\/2009\/07\/a-las-puertas-del-ayuntamientox-vicente-irisarrix-alcalde-de-ferrolx-adhiere-pxblicamente-a-la-marcha-mundial-por-la-paz-y-la-no\/\" \/>\n<meta property=\"og:locale\" content=\"es_ES\" \/>\n<meta property=\"og:type\" content=\"article\" \/>\n<meta property=\"og:title\" content=\"A las puertas del Ayuntamiento, Vicente Irisarri, Alcalde de Ferrol, adhiere p\u00fablicamente a la Marcha Mundial por la Paz y la No-Violencia\" \/>\n<meta property=\"og:description\" content=\"El Alcalde de Ferrol, Vicente Irisarri, firm\u00f3 a las puertas del consistorio municipal, ante los medios de comunicaci\u00f3n y los asistentes, su adhesi\u00f3n a la Marcha Mundial por la Paz y la No-Violencia.\" \/>\n<meta property=\"og:url\" content=\"https:\/\/www.pressenza.com\/es\/2009\/07\/a-las-puertas-del-ayuntamientox-vicente-irisarrix-alcalde-de-ferrolx-adhiere-pxblicamente-a-la-marcha-mundial-por-la-paz-y-la-no\/\" \/>\n<meta property=\"og:site_name\" content=\"Pressenza\" \/>\n<meta property=\"article:publisher\" content=\"https:\/\/www.facebook.com\/PressenzaItalia\" \/>\n<meta property=\"article:author\" content=\"https:\/\/www.facebook.com\/pressenza\" \/>\n<meta property=\"article:published_time\" content=\"2009-07-22T00:00:00+00:00\" \/>\n<meta property=\"article:modified_time\" content=\"2009-10-01T17:01:02+00:00\" \/>\n<meta name=\"author\" content=\"Pressenza IPA\" \/>\n<meta name=\"twitter:card\" content=\"summary_large_image\" \/>\n<meta name=\"twitter:creator\" content=\"@PressenzaIPA\" \/>\n<meta name=\"twitter:site\" content=\"@PressenzaIPA\" \/>\n<meta name=\"twitter:label1\" content=\"Escrito por\" \/>\n\t<meta name=\"twitter:data1\" content=\"Pressenza IPA\" \/>\n\t<meta name=\"twitter:label2\" content=\"Tiempo de lectura\" \/>\n\t<meta name=\"twitter:data2\" content=\"2 minutos\" \/>\n<script type=\"application\/ld+json\" class=\"yoast-schema-graph\">{\"@context\":\"https:\/\/schema.org\",\"@graph\":[{\"@type\":\"Article\",\"@id\":\"https:\/\/www.pressenza.com\/es\/2009\/07\/a-las-puertas-del-ayuntamientox-vicente-irisarrix-alcalde-de-ferrolx-adhiere-pxblicamente-a-la-marcha-mundial-por-la-paz-y-la-no\/#article\",\"isPartOf\":{\"@id\":\"https:\/\/www.pressenza.com\/es\/2009\/07\/a-las-puertas-del-ayuntamientox-vicente-irisarrix-alcalde-de-ferrolx-adhiere-pxblicamente-a-la-marcha-mundial-por-la-paz-y-la-no\/\"},\"author\":{\"name\":\"Pressenza IPA\",\"@id\":\"https:\/\/www.pressenza.com\/es\/#\/schema\/person\/010e5d02bcf40965427a1289a4cc8d75\"},\"headline\":\"A las puertas del Ayuntamiento, Vicente Irisarri, Alcalde de Ferrol, adhiere p\u00fablicamente a la Marcha Mundial por la Paz y la No-Violencia\",\"datePublished\":\"2009-07-22T00:00:00+00:00\",\"dateModified\":\"2009-10-01T17:01:02+00:00\",\"mainEntityOfPage\":{\"@id\":\"https:\/\/www.pressenza.com\/es\/2009\/07\/a-las-puertas-del-ayuntamientox-vicente-irisarrix-alcalde-de-ferrolx-adhiere-pxblicamente-a-la-marcha-mundial-por-la-paz-y-la-no\/\"},\"wordCount\":406,\"publisher\":{\"@id\":\"https:\/\/www.pressenza.com\/es\/#organization\"},\"articleSection\":[\"Comunicados de Prensa\",\"Europa\",\"Pol\u00edtica\"],\"inLanguage\":\"es\"},{\"@type\":\"WebPage\",\"@id\":\"https:\/\/www.pressenza.com\/es\/2009\/07\/a-las-puertas-del-ayuntamientox-vicente-irisarrix-alcalde-de-ferrolx-adhiere-pxblicamente-a-la-marcha-mundial-por-la-paz-y-la-no\/\",\"url\":\"https:\/\/www.pressenza.com\/es\/2009\/07\/a-las-puertas-del-ayuntamientox-vicente-irisarrix-alcalde-de-ferrolx-adhiere-pxblicamente-a-la-marcha-mundial-por-la-paz-y-la-no\/\",\"name\":\"A las puertas del Ayuntamiento, Vicente Irisarri, Alcalde de Ferrol, adhiere p\u00fablicamente a la Marcha Mundial por la Paz y la No-Violencia\",\"isPartOf\":{\"@id\":\"https:\/\/www.pressenza.com\/es\/#website\"},\"datePublished\":\"2009-07-22T00:00:00+00:00\",\"dateModified\":\"2009-10-01T17:01:02+00:00\",\"description\":\"El Alcalde de Ferrol, Vicente Irisarri, firm\u00f3 a las puertas del consistorio municipal, ante los medios de comunicaci\u00f3n y los asistentes, su adhesi\u00f3n a la Marcha Mundial por la Paz y la No-Violencia.\",\"breadcrumb\":{\"@id\":\"https:\/\/www.pressenza.com\/es\/2009\/07\/a-las-puertas-del-ayuntamientox-vicente-irisarrix-alcalde-de-ferrolx-adhiere-pxblicamente-a-la-marcha-mundial-por-la-paz-y-la-no\/#breadcrumb\"},\"inLanguage\":\"es\",\"potentialAction\":[{\"@type\":\"ReadAction\",\"target\":[\"https:\/\/www.pressenza.com\/es\/2009\/07\/a-las-puertas-del-ayuntamientox-vicente-irisarrix-alcalde-de-ferrolx-adhiere-pxblicamente-a-la-marcha-mundial-por-la-paz-y-la-no\/\"]}]},{\"@type\":\"BreadcrumbList\",\"@id\":\"https:\/\/www.pressenza.com\/es\/2009\/07\/a-las-puertas-del-ayuntamientox-vicente-irisarrix-alcalde-de-ferrolx-adhiere-pxblicamente-a-la-marcha-mundial-por-la-paz-y-la-no\/#breadcrumb\",\"itemListElement\":[{\"@type\":\"ListItem\",\"position\":1,\"name\":\"Accueil\",\"item\":\"https:\/\/www.pressenza.com\/es\/\"},{\"@type\":\"ListItem\",\"position\":2,\"name\":\"A las puertas del Ayuntamiento, Vicente Irisarri, Alcalde de Ferrol, adhiere p\u00fablicamente a la Marcha Mundial por la Paz y la No-Violencia\"}]},{\"@type\":\"WebSite\",\"@id\":\"https:\/\/www.pressenza.com\/es\/#website\",\"url\":\"https:\/\/www.pressenza.com\/es\/\",\"name\":\"Pressenza\",\"description\":\"International Press Agency\",\"publisher\":{\"@id\":\"https:\/\/www.pressenza.com\/es\/#organization\"},\"potentialAction\":[{\"@type\":\"SearchAction\",\"target\":{\"@type\":\"EntryPoint\",\"urlTemplate\":\"https:\/\/www.pressenza.com\/es\/?s={search_term_string}\"},\"query-input\":{\"@type\":\"PropertyValueSpecification\",\"valueRequired\":true,\"valueName\":\"search_term_string\"}}],\"inLanguage\":\"es\"},{\"@type\":\"Organization\",\"@id\":\"https:\/\/www.pressenza.com\/es\/#organization\",\"name\":\"Pressenza\",\"url\":\"https:\/\/www.pressenza.com\/es\/\",\"logo\":{\"@type\":\"ImageObject\",\"inLanguage\":\"es\",\"@id\":\"https:\/\/www.pressenza.com\/es\/#\/schema\/logo\/image\/\",\"url\":\"https:\/\/www.pressenza.com\/wp-content\/uploads\/2022\/10\/pressenza_logo_200x200.jpg\",\"contentUrl\":\"https:\/\/www.pressenza.com\/wp-content\/uploads\/2022\/10\/pressenza_logo_200x200.jpg\",\"width\":200,\"height\":200,\"caption\":\"Pressenza\"},\"image\":{\"@id\":\"https:\/\/www.pressenza.com\/es\/#\/schema\/logo\/image\/\"},\"sameAs\":[\"https:\/\/www.facebook.com\/PressenzaItalia\",\"https:\/\/x.com\/PressenzaIPA\"]},{\"@type\":\"Person\",\"@id\":\"https:\/\/www.pressenza.com\/es\/#\/schema\/person\/010e5d02bcf40965427a1289a4cc8d75\",\"name\":\"Pressenza IPA\",\"description\":\"News from Pressenza IPA correspondents\",\"sameAs\":[\"https:\/\/www.facebook.com\/pressenza\",\"https:\/\/x.com\/PressenzaIPA\"],\"url\":\"https:\/\/www.pressenza.com\/es\/author\/pressenza-ipa\/\"}]}<\/script>\n<!-- \/ Yoast SEO plugin. -->","yoast_head_json":{"title":"A las puertas del Ayuntamiento, Vicente Irisarri, Alcalde de Ferrol, adhiere p\u00fablicamente a la Marcha Mundial por la Paz y la No-Violencia","description":"El Alcalde de Ferrol, Vicente Irisarri, firm\u00f3 a las puertas del consistorio municipal, ante los medios de comunicaci\u00f3n y los asistentes, su adhesi\u00f3n a la Marcha Mundial por la Paz y la No-Violencia.","robots":{"index":"index","follow":"follow","max-snippet":"max-snippet:-1","max-image-preview":"max-image-preview:large","max-video-preview":"max-video-preview:-1"},"canonical":"https:\/\/www.pressenza.com\/es\/2009\/07\/a-las-puertas-del-ayuntamientox-vicente-irisarrix-alcalde-de-ferrolx-adhiere-pxblicamente-a-la-marcha-mundial-por-la-paz-y-la-no\/","og_locale":"es_ES","og_type":"article","og_title":"A las puertas del Ayuntamiento, Vicente Irisarri, Alcalde de Ferrol, adhiere p\u00fablicamente a la Marcha Mundial por la Paz y la No-Violencia","og_description":"El Alcalde de Ferrol, Vicente Irisarri, firm\u00f3 a las puertas del consistorio municipal, ante los medios de comunicaci\u00f3n y los asistentes, su adhesi\u00f3n a la Marcha Mundial por la Paz y la No-Violencia.","og_url":"https:\/\/www.pressenza.com\/es\/2009\/07\/a-las-puertas-del-ayuntamientox-vicente-irisarrix-alcalde-de-ferrolx-adhiere-pxblicamente-a-la-marcha-mundial-por-la-paz-y-la-no\/","og_site_name":"Pressenza","article_publisher":"https:\/\/www.facebook.com\/PressenzaItalia","article_author":"https:\/\/www.facebook.com\/pressenza","article_published_time":"2009-07-22T00:00:00+00:00","article_modified_time":"2009-10-01T17:01:02+00:00","author":"Pressenza IPA","twitter_card":"summary_large_image","twitter_creator":"@PressenzaIPA","twitter_site":"@PressenzaIPA","twitter_misc":{"Escrito por":"Pressenza IPA","Tiempo de lectura":"2 minutos"},"schema":{"@context":"https:\/\/schema.org","@graph":[{"@type":"Article","@id":"https:\/\/www.pressenza.com\/es\/2009\/07\/a-las-puertas-del-ayuntamientox-vicente-irisarrix-alcalde-de-ferrolx-adhiere-pxblicamente-a-la-marcha-mundial-por-la-paz-y-la-no\/#article","isPartOf":{"@id":"https:\/\/www.pressenza.com\/es\/2009\/07\/a-las-puertas-del-ayuntamientox-vicente-irisarrix-alcalde-de-ferrolx-adhiere-pxblicamente-a-la-marcha-mundial-por-la-paz-y-la-no\/"},"author":{"name":"Pressenza IPA","@id":"https:\/\/www.pressenza.com\/es\/#\/schema\/person\/010e5d02bcf40965427a1289a4cc8d75"},"headline":"A las puertas del Ayuntamiento, Vicente Irisarri, Alcalde de Ferrol, adhiere p\u00fablicamente a la Marcha Mundial por la Paz y la No-Violencia","datePublished":"2009-07-22T00:00:00+00:00","dateModified":"2009-10-01T17:01:02+00:00","mainEntityOfPage":{"@id":"https:\/\/www.pressenza.com\/es\/2009\/07\/a-las-puertas-del-ayuntamientox-vicente-irisarrix-alcalde-de-ferrolx-adhiere-pxblicamente-a-la-marcha-mundial-por-la-paz-y-la-no\/"},"wordCount":406,"publisher":{"@id":"https:\/\/www.pressenza.com\/es\/#organization"},"articleSection":["Comunicados de Prensa","Europa","Pol\u00edtica"],"inLanguage":"es"},{"@type":"WebPage","@id":"https:\/\/www.pressenza.com\/es\/2009\/07\/a-las-puertas-del-ayuntamientox-vicente-irisarrix-alcalde-de-ferrolx-adhiere-pxblicamente-a-la-marcha-mundial-por-la-paz-y-la-no\/","url":"https:\/\/www.pressenza.com\/es\/2009\/07\/a-las-puertas-del-ayuntamientox-vicente-irisarrix-alcalde-de-ferrolx-adhiere-pxblicamente-a-la-marcha-mundial-por-la-paz-y-la-no\/","name":"A las puertas del Ayuntamiento, Vicente Irisarri, Alcalde de Ferrol, adhiere p\u00fablicamente a la Marcha Mundial por la Paz y la No-Violencia","isPartOf":{"@id":"https:\/\/www.pressenza.com\/es\/#website"},"datePublished":"2009-07-22T00:00:00+00:00","dateModified":"2009-10-01T17:01:02+00:00","description":"El Alcalde de Ferrol, Vicente Irisarri, firm\u00f3 a las puertas del consistorio municipal, ante los medios de comunicaci\u00f3n y los asistentes, su adhesi\u00f3n a la Marcha Mundial por la Paz y la No-Violencia.","breadcrumb":{"@id":"https:\/\/www.pressenza.com\/es\/2009\/07\/a-las-puertas-del-ayuntamientox-vicente-irisarrix-alcalde-de-ferrolx-adhiere-pxblicamente-a-la-marcha-mundial-por-la-paz-y-la-no\/#breadcrumb"},"inLanguage":"es","potentialAction":[{"@type":"ReadAction","target":["https:\/\/www.pressenza.com\/es\/2009\/07\/a-las-puertas-del-ayuntamientox-vicente-irisarrix-alcalde-de-ferrolx-adhiere-pxblicamente-a-la-marcha-mundial-por-la-paz-y-la-no\/"]}]},{"@type":"BreadcrumbList","@id":"https:\/\/www.pressenza.com\/es\/2009\/07\/a-las-puertas-del-ayuntamientox-vicente-irisarrix-alcalde-de-ferrolx-adhiere-pxblicamente-a-la-marcha-mundial-por-la-paz-y-la-no\/#breadcrumb","itemListElement":[{"@type":"ListItem","position":1,"name":"Accueil","item":"https:\/\/www.pressenza.com\/es\/"},{"@type":"ListItem","position":2,"name":"A las puertas del Ayuntamiento, Vicente Irisarri, Alcalde de Ferrol, adhiere p\u00fablicamente a la Marcha Mundial por la Paz y la No-Violencia"}]},{"@type":"WebSite","@id":"https:\/\/www.pressenza.com\/es\/#website","url":"https:\/\/www.pressenza.com\/es\/","name":"Pressenza","description":"International Press Agency","publisher":{"@id":"https:\/\/www.pressenza.com\/es\/#organization"},"potentialAction":[{"@type":"SearchAction","target":{"@type":"EntryPoint","urlTemplate":"https:\/\/www.pressenza.com\/es\/?s={search_term_string}"},"query-input":{"@type":"PropertyValueSpecification","valueRequired":true,"valueName":"search_term_string"}}],"inLanguage":"es"},{"@type":"Organization","@id":"https:\/\/www.pressenza.com\/es\/#organization","name":"Pressenza","url":"https:\/\/www.pressenza.com\/es\/","logo":{"@type":"ImageObject","inLanguage":"es","@id":"https:\/\/www.pressenza.com\/es\/#\/schema\/logo\/image\/","url":"https:\/\/www.pressenza.com\/wp-content\/uploads\/2022\/10\/pressenza_logo_200x200.jpg","contentUrl":"https:\/\/www.pressenza.com\/wp-content\/uploads\/2022\/10\/pressenza_logo_200x200.jpg","width":200,"height":200,"caption":"Pressenza"},"image":{"@id":"https:\/\/www.pressenza.com\/es\/#\/schema\/logo\/image\/"},"sameAs":["https:\/\/www.facebook.com\/PressenzaItalia","https:\/\/x.com\/PressenzaIPA"]},{"@type":"Person","@id":"https:\/\/www.pressenza.com\/es\/#\/schema\/person\/010e5d02bcf40965427a1289a4cc8d75","name":"Pressenza IPA","description":"News from Pressenza IPA correspondents","sameAs":["https:\/\/www.facebook.com\/pressenza","https:\/\/x.com\/PressenzaIPA"],"url":"https:\/\/www.pressenza.com\/es\/author\/pressenza-ipa\/"}]}},"place":"A Coru\u00f1a","original_article_url":"","_links":{"self":[{"href":"https:\/\/www.pressenza.com\/es\/wp-json\/wp\/v2\/posts\/743","targetHints":{"allow":["GET"]}}],"collection":[{"href":"https:\/\/www.pressenza.com\/es\/wp-json\/wp\/v2\/posts"}],"about":[{"href":"https:\/\/www.pressenza.com\/es\/wp-json\/wp\/v2\/types\/post"}],"author":[{"embeddable":true,"href":"https:\/\/www.pressenza.com\/es\/wp-json\/wp\/v2\/users\/19"}],"replies":[{"embeddable":true,"href":"https:\/\/www.pressenza.com\/es\/wp-json\/wp\/v2\/comments?post=743"}],"version-history":[{"count":0,"href":"https:\/\/www.pressenza.com\/es\/wp-json\/wp\/v2\/posts\/743\/revisions"}],"wp:attachment":[{"href":"https:\/\/www.pressenza.com\/es\/wp-json\/wp\/v2\/media?parent=743"}],"wp:term":[{"taxonomy":"category","embeddable":true,"href":"https:\/\/www.pressenza.com\/es\/wp-json\/wp\/v2\/categories?post=743"},{"taxonomy":"post_tag","embeddable":true,"href":"https:\/\/www.pressenza.com\/es\/wp-json\/wp\/v2\/tags?post=743"}],"curies":[{"name":"wp","href":"https:\/\/api.w.org\/{rel}","templated":true}]}}