{"id":742785,"date":"2018-10-24T19:01:20","date_gmt":"2018-10-24T18:01:20","guid":{"rendered":"https:\/\/www.pressenza.com\/?p=742785"},"modified":"2018-10-24T19:01:20","modified_gmt":"2018-10-24T18:01:20","slug":"lo-que-ocurre-en-brasil-hoy-es-una-guerra-sucia-2-0-parte-ii-divide-et-impera","status":"publish","type":"post","link":"https:\/\/www.pressenza.com\/es\/2018\/10\/lo-que-ocurre-en-brasil-hoy-es-una-guerra-sucia-2-0-parte-ii-divide-et-impera\/","title":{"rendered":"Lo que ocurre en Brasil hoy es una Guerra Sucia 2.0 (Parte II): Divide et impera!"},"content":{"rendered":"<p><em>Por<strong> Francisco R\u00edo<\/strong><\/em><\/p>\n<p>Desde el inicio de la segunda d\u00e9cada de nuestro siglo, un n\u00famero considerable de respetabais pensadores \u2013cada cual a su manera y munidos con sus respectivos arsenales conceptuales \u2013 ha alertado a la humanidad sobre la existencia de la Guerra Sucia 2.0 y el uso indebido de nuevas herramientas tecnol\u00f3gicas para su desencadenamiento. Desde Zygmunt Bauman al propio Tzvetan Todorov (ya referenciado en el art\u00edculo anterior), pasando por Noam Chomsky, Umberto Eco al brasile\u00f1o Luiz Alberto Moniz Bandera, solamente para citar algunos. En esta lista, tampoco se pueden perder de vista nombres de denunciadores como Edward Snowden y Julian Assange. De hecho, Snowden \u2013ex-t\u00e9cnico de la CIA que obtuvo asilo pol\u00edtico en la Rusia de Vladimir Putin\u2013 lleg\u00f3 a denunciar en 2013, que la ex-presidenta Dilma Rousseff y otros jefes de estado fueron blancos de espionaje realizado por la Agencia Nacional de Seguridad de Estados Unidos (NSA).<\/p>\n<p>La Guerra Sucia 2.0 es alimentada sobre todo por algoritmos y propaganda de precisi\u00f3n. Adem\u00e1s, es claro, de una gama variable de metodolog\u00edas de apoyo tal como el espionaje cibern\u00e9tico. Te\u00f3ricamente, y en lenguaje simple, los algoritmos \u2013que no necesariamente son programas de ordenador\u2013 poseen entre otras la funci\u00f3n de recoger datos de usuarios de portales, mecanismos de investigaci\u00f3n y redes sociales, devolvi\u00e9ndoles una experiencia de navegaci\u00f3n optimizada y personalizada. Pero esas mismas herramientas de recolecci\u00f3n de datos permiten \u2013por medio de cruzamiento oculto\u2013 a confecci\u00f3n de un perfil de rayos-X completo de cada usuario, emitiendo pareceres que van mucho, pero mucho m\u00e1s all\u00e1 del simple resumen de la experiencia de navegaci\u00f3n o de relaciones de consumo de los usuarios. Por medio de los algoritmos es posible trazar perfiles completos de cada individuo: sus predilecciones alimenticias; su rutina; su conducta de consumo; su religiosidad y hasta su c\u00edrculo de amigos y sus inclinaciones amorosas o pol\u00edticas.<\/p>\n<p>El problema m\u00e1s profundo de esto \u2013es decir de los algoritmos\u2013 se evidencia cuando empresas del ramo sufren robos, venden o pasan esas informaciones a terceros: a gobiernos, instituciones y empresas. Entre estas \u00faltimas, muchas operan al servicio de grupos y redes ultraliberales que llevan como banderas el debilitamiento y hasta la destrucci\u00f3n de las democracias, la implosi\u00f3n de derechos laborales y sociales, la divisi\u00f3n social y la violaci\u00f3n de los derechos humanos. Divide et impera! \u2013vociferaba Caio J\u00falio C\u00e9sar. Por ese camino y el base al perfeccionamiento tecnol\u00f3gico y a los estudios sobre psicolog\u00eda de masas, en los \u00faltimos a\u00f1os \u201cse desarrollaron estrategias brillantes de persuasi\u00f3n activa [\u2026], abriendo las puertas a excesos que pueden perjudicar el inter\u00e9s p\u00fablico y la cultura pol\u00edtica, fragilizando la integridad de la democracia\u201d (TecReview, mayo-junio de 2018). Esto sucede principalmente en pa\u00edses como lo Brasil, donde gateando todav\u00eda \u2013hace cerca de 30 a\u00f1os fue confirmada la Carta Magna de 1988\u2013 las instituciones democr\u00e1ticas son a\u00fan imberbes, demasiado d\u00e9biles, corruptibles y fr\u00e1giles.<\/p>\n<p>Una vez en posesi\u00f3n de perfiles completos de centenares de millones de usuarios, en varias partes del mundo esas empresas, al servicio de grupos ultraliberales, ponen en marcha sus Guerras Sucias 2.0, sea dentro de un pa\u00eds o en diversas regiones de modo concomitante. La estrategia es simple, aunque los mecanismos de cada operaci\u00f3n puedan ser variables y complejos. El objetivo fundamental es desestabilizar para imponer representaciones del mundo, conquistando corazones y mentes. Se diseminan por medio de bots, programas de disparo, p\u00e1ginas de apoyo o ciborgues (personas reales contratadas para la confecci\u00f3n y administraci\u00f3n de perfiles falsos), una catarata de Fake News (falsas noticias) con la intenci\u00f3n de desestabilizaci\u00f3n, convencimiento y movilizaci\u00f3n de masas. En esas circunstancias, dirigen esos disparos o mensajes a grupos y perfiles que \u2013predefinidos por los algoritmos\u2013, presentan permeabilidad a las (des)informaciones distribuida. Se valen, sobre todo, de los analfabetismos digital y funcional que caracterizan nuestra era, tanto en los pa\u00edses subdesarrollados como desarrollados. Adem\u00e1s, es obvio, de las tendencias de opiniones de los usuarios. Como dijo Umberto Eco: \u201cEl drama de la Internet es que ascendi\u00f3 al idiota de la aldea, a portador de la verdad\u201d.<\/p>\n<p>Eureka! Con la masificaci\u00f3n del acceso a la Internet 2.0 y de los smartphones estaba preparado \u2013 principalmente, en el coraz\u00f3n de una de las naciones m\u00e1s h\u00edbridas del planeta, el Brasil\u2013 el ambiente perfecto para la implementaci\u00f3n y desencadenamiento de una colosal guerra sucia 2.0, al mejor estilo de un gui\u00f3n de ficci\u00f3n cient\u00edfica del siglo XXI. Entonces, en esa Black Mirror\u201d (2011), los idiotas de la aldea ascendidos a portadores de la verdad, transmutaron en una legi\u00f3n de zombis, como en la serie \u201cThe Walking Dead\u201d (2010). Se convierten no solamente en difusores de una \u201cLa Ola\u201d (2008), sino en promotores de esa ola de representaci\u00f3n de mundo que les fue sugerida y que, inclusive, les es prejudicial, ya que como tel\u00f3n de fondo anhela no solamente la diseminaci\u00f3n de odios infundados, sino tambi\u00e9n la anulaci\u00f3n de derechos y conquistas de las clases media y baja. Si en los a\u00f1os \u201890 los neoliberales utilizaban outdoors, notas y art\u00edculos de peri\u00f3dicos y propagandas an\u00f3nimas en medios de transporte de Am\u00e9rica Latina para convencer el p\u00fablico, por ejemplo, que \u201ctodo lo que es p\u00fablico es malo\u201d y que \u201ces preciso privatizar\u201d, hoy los ultraliberales utilizan herramientas m\u00e1s sofisticadas para la implementaci\u00f3n de sus \u201cdictaduras perfectas\u201d (en alusi\u00f3n al t\u00edtulo de pel\u00edcula del director mexicano, Luis Carretera, 2014).<\/p>\n<p>Recientemente, los casos m\u00e1s emblem\u00e1ticos de esa guerra sucia 2.0 fueron el brexit y las elecciones de los Estados Unidos, en 2016. De hecho, el esc\u00e1ndalo de la Cambridge Analytica (CA) puso a la vista la punta de un gigantesco iceberg a la deriva en un turbulento mar de incertidumbres. Supuestamente contratada por el operador de la campa\u00f1a de Donald Trump, el militante de extrema-derecha y ultraliberal, Steve Bannon, la empresa CA creada en 2014 para influenciar e inflar campa\u00f1as de pol\u00edticos derechistas el Estados Unidos adem\u00e1s de bots rusos, probablemente utiliz\u00f3 datos colectados de usuarios por el Facebook, para direccionar y convencer a la opini\u00f3n p\u00fablica y los electores de aquel pa\u00eds. Seg\u00fan art\u00edculo firmado por Andr\u00e9 Barrocal y publicado por Carta Capital, bajo el t\u00edtulo \u201cLas pistas del m\u00e9todo \u2018Cambridge Analytica\u2019 en la campa\u00f1a de Bolsonaro\u201d [ed. 19\/10\/18], la informaci\u00f3n que surge es que \u201cel 25 de septiembre Facebook anunci\u00f3 haber sido hackeado\u201d en Brasil y que \u201clos hackers obtuvieron informaciones sobre 30 millones de personas\u201d. Coincidencia o no, la misma nota informa que un mes antes, en agosto, \u201cuno de los hijos de Bolsonaro, Eduardo, estuvo [\u2026] en Nueva York, con el principal estratea de Trump en la campa\u00f1a, Steve Bannon.\u201d<\/p>\n<p>Otro art\u00edculo, esta vez publicado por la BBC y firmado por la periodista Juliana Gragnani, bajo el t\u00edtulo \u201cExclusivo: investigaci\u00f3n revela ej\u00e9rcito de perfiles falsos usados para influenciar elecciones en Brasil\u201d [edici\u00f3n online de 08\/12\/17], ya revelaba otra faz perversa de esa guerra sucia: la actuaci\u00f3n de los ciborgues. En ese caso, el texto de Gragnani explicita que esa evoluci\u00f3n humana de los papeles hasta entonces cumplidos por robots o bots, sirvieron para crear cortinas de humo, orientar discusiones en grupo y atacar (neutralizando y destruyendo moralmente adversarios) y que esa \u201cestrategia de manipulaci\u00f3n electoral y de la opini\u00f3n p\u00fablica en las redes sociales ser\u00eda similar a la usada por rusos en las elecciones americanas y ya existir\u00eda en Brasil al menos desde 2012.\u201d En la misma nota se expone la opini\u00f3n del profesor del Instituto de Internet de Oxford, Phillip Howard, que considera la existencia de ciborgues \u201cun peligro para la Democracia\u201d.<\/p>\n<p>La guerra sucia 2.0 es, sobre todo, el nuevo dilema \u00e9tico del siglo XXI. Y alguna cosa debe ser hecha. Y r\u00e1pido. Los intereses y la acci\u00f3n de grupos de extrema derecha ultraliberales aliados a los negocios ocultos de empresarios del ramo, a la desinformaci\u00f3n sembrada a los cuatro vientos, a la fragilidad de las instituciones democr\u00e1ticas \u2013en especial, en los pa\u00edses subdesarrollados\u2013, a la falta de cr\u00edtica de las masas y a la inexistencia de leyes m\u00e1s ajustadas sobre los usos y manipulaciones de las nuevas tecnolog\u00edas, son los ingredientes de un volc\u00e1n ya en en erupci\u00f3n, cuya lava puede tragar y pulverizar a todos. Se trata no solamente de violaci\u00f3n e implosi\u00f3n de las democracias y de los Estados nacionales, sino de cr\u00edmenes contra la Humanidad, contra la privacidad y los conjuntos, contra los Derechos Humanos. Democracias, sociedades, grupos de amigos, de trabajo, familias, finalmente, comunidades enteras est\u00e1n siendo divididas, convulsionadas, controladas y sustituidas por el formato de la red. Personas est\u00e1n matando y son muertas. \u00a1El futuro y la supervivencia de la especie humana est\u00e1n en riesgo!<\/p>\n<hr \/>\n<p>Francisco R\u00edo es historiador y militante del Movimiento Humanista, Brasil. Es colaborador de las agencias Pressenza y Cuatro V.<\/p>\n","protected":false},"excerpt":{"rendered":"<p>Por Francisco R\u00edo Desde el inicio de la segunda d\u00e9cada de nuestro siglo, un n\u00famero considerable de respetabais pensadores \u2013cada cual a su manera y munidos con sus respectivos arsenales conceptuales \u2013 ha alertado a la humanidad sobre la existencia&hellip;<\/p>\n","protected":false},"author":44,"featured_media":741715,"comment_status":"closed","ping_status":"closed","sticky":false,"template":"","format":"standard","meta":{"footnotes":""},"categories":[11389,74,67],"tags":[2749,5975,403,42413],"class_list":["post-742785","post","type-post","status-publish","format-standard","has-post-thumbnail","hentry","category-contenido-original","category-politica-es","category-sudamerica","tag-brasil-es","tag-edward-snowden-es","tag-elecciones","tag-elecciones-2018"],"yoast_head":"<!-- This site is optimized with the Yoast SEO plugin v27.1.1 - https:\/\/yoast.com\/product\/yoast-seo-wordpress\/ -->\n<title>Lo que ocurre en Brasil hoy es una Guerra Sucia 2.0 (Parte II): Divide et impera!<\/title>\n<meta name=\"description\" content=\"Por Francisco R\u00edo Desde el inicio de la segunda d\u00e9cada de nuestro siglo, un n\u00famero considerable de respetabais pensadores \u2013cada cual a su manera y munidos\" \/>\n<meta name=\"robots\" content=\"index, follow, max-snippet:-1, max-image-preview:large, max-video-preview:-1\" \/>\n<link rel=\"canonical\" href=\"https:\/\/www.pressenza.com\/es\/2018\/10\/lo-que-ocurre-en-brasil-hoy-es-una-guerra-sucia-2-0-parte-ii-divide-et-impera\/\" \/>\n<meta property=\"og:locale\" content=\"es_ES\" \/>\n<meta property=\"og:type\" content=\"article\" \/>\n<meta property=\"og:title\" content=\"Lo que ocurre en Brasil hoy es una Guerra Sucia 2.0 (Parte II): Divide et impera!\" \/>\n<meta property=\"og:description\" content=\"Por Francisco R\u00edo Desde el inicio de la segunda d\u00e9cada de nuestro siglo, un n\u00famero considerable de respetabais pensadores \u2013cada cual a su manera y munidos\" \/>\n<meta property=\"og:url\" content=\"https:\/\/www.pressenza.com\/es\/2018\/10\/lo-que-ocurre-en-brasil-hoy-es-una-guerra-sucia-2-0-parte-ii-divide-et-impera\/\" \/>\n<meta property=\"og:site_name\" content=\"Pressenza\" \/>\n<meta property=\"article:publisher\" content=\"https:\/\/www.facebook.com\/PressenzaItalia\" \/>\n<meta property=\"article:author\" content=\"https:\/\/www.facebook.com\/PressenzaPortugues\" \/>\n<meta property=\"article:published_time\" content=\"2018-10-24T18:01:20+00:00\" \/>\n<meta property=\"og:image\" content=\"https:\/\/www.pressenza.com\/wp-content\/uploads\/2018\/10\/ai-blur-codes-577585.jpg\" \/>\n\t<meta property=\"og:image:width\" content=\"2048\" \/>\n\t<meta property=\"og:image:height\" content=\"1536\" \/>\n\t<meta property=\"og:image:type\" content=\"image\/jpeg\" \/>\n<meta name=\"author\" content=\"Reda\u00e7\u00e3o S\u00e3o Paulo\" \/>\n<meta name=\"twitter:card\" content=\"summary_large_image\" \/>\n<meta name=\"twitter:creator\" content=\"@pressenza_pt\" \/>\n<meta name=\"twitter:site\" content=\"@PressenzaIPA\" \/>\n<meta name=\"twitter:label1\" content=\"Escrito por\" \/>\n\t<meta name=\"twitter:data1\" content=\"Reda\u00e7\u00e3o S\u00e3o Paulo\" \/>\n\t<meta name=\"twitter:label2\" content=\"Tiempo de lectura\" \/>\n\t<meta name=\"twitter:data2\" content=\"8 minutos\" \/>\n<script type=\"application\/ld+json\" class=\"yoast-schema-graph\">{\"@context\":\"https:\/\/schema.org\",\"@graph\":[{\"@type\":\"Article\",\"@id\":\"https:\/\/www.pressenza.com\/es\/2018\/10\/lo-que-ocurre-en-brasil-hoy-es-una-guerra-sucia-2-0-parte-ii-divide-et-impera\/#article\",\"isPartOf\":{\"@id\":\"https:\/\/www.pressenza.com\/es\/2018\/10\/lo-que-ocurre-en-brasil-hoy-es-una-guerra-sucia-2-0-parte-ii-divide-et-impera\/\"},\"author\":{\"name\":\"Reda\u00e7\u00e3o S\u00e3o Paulo\",\"@id\":\"https:\/\/www.pressenza.com\/es\/#\/schema\/person\/d171826afb7693cfc394da95892bfd93\"},\"headline\":\"Lo que ocurre en Brasil hoy es una Guerra Sucia 2.0 (Parte II): Divide et impera!\",\"datePublished\":\"2018-10-24T18:01:20+00:00\",\"mainEntityOfPage\":{\"@id\":\"https:\/\/www.pressenza.com\/es\/2018\/10\/lo-que-ocurre-en-brasil-hoy-es-una-guerra-sucia-2-0-parte-ii-divide-et-impera\/\"},\"wordCount\":1556,\"publisher\":{\"@id\":\"https:\/\/www.pressenza.com\/es\/#organization\"},\"image\":{\"@id\":\"https:\/\/www.pressenza.com\/es\/2018\/10\/lo-que-ocurre-en-brasil-hoy-es-una-guerra-sucia-2-0-parte-ii-divide-et-impera\/#primaryimage\"},\"thumbnailUrl\":\"https:\/\/www.pressenza.com\/wp-content\/uploads\/2018\/10\/ai-blur-codes-577585.jpg\",\"keywords\":[\"Brasil\",\"Edward Snowden\",\"elecciones\",\"elecciones 2018\"],\"articleSection\":[\"Contenido Original\",\"Pol\u00edtica\",\"Sudam\u00e9rica\"],\"inLanguage\":\"es\"},{\"@type\":\"WebPage\",\"@id\":\"https:\/\/www.pressenza.com\/es\/2018\/10\/lo-que-ocurre-en-brasil-hoy-es-una-guerra-sucia-2-0-parte-ii-divide-et-impera\/\",\"url\":\"https:\/\/www.pressenza.com\/es\/2018\/10\/lo-que-ocurre-en-brasil-hoy-es-una-guerra-sucia-2-0-parte-ii-divide-et-impera\/\",\"name\":\"Lo que ocurre en Brasil hoy es una Guerra Sucia 2.0 (Parte II): Divide et impera!\",\"isPartOf\":{\"@id\":\"https:\/\/www.pressenza.com\/es\/#website\"},\"primaryImageOfPage\":{\"@id\":\"https:\/\/www.pressenza.com\/es\/2018\/10\/lo-que-ocurre-en-brasil-hoy-es-una-guerra-sucia-2-0-parte-ii-divide-et-impera\/#primaryimage\"},\"image\":{\"@id\":\"https:\/\/www.pressenza.com\/es\/2018\/10\/lo-que-ocurre-en-brasil-hoy-es-una-guerra-sucia-2-0-parte-ii-divide-et-impera\/#primaryimage\"},\"thumbnailUrl\":\"https:\/\/www.pressenza.com\/wp-content\/uploads\/2018\/10\/ai-blur-codes-577585.jpg\",\"datePublished\":\"2018-10-24T18:01:20+00:00\",\"description\":\"Por Francisco R\u00edo Desde el inicio de la segunda d\u00e9cada de nuestro siglo, un n\u00famero considerable de respetabais pensadores \u2013cada cual a su manera y munidos\",\"breadcrumb\":{\"@id\":\"https:\/\/www.pressenza.com\/es\/2018\/10\/lo-que-ocurre-en-brasil-hoy-es-una-guerra-sucia-2-0-parte-ii-divide-et-impera\/#breadcrumb\"},\"inLanguage\":\"es\",\"potentialAction\":[{\"@type\":\"ReadAction\",\"target\":[\"https:\/\/www.pressenza.com\/es\/2018\/10\/lo-que-ocurre-en-brasil-hoy-es-una-guerra-sucia-2-0-parte-ii-divide-et-impera\/\"]}]},{\"@type\":\"ImageObject\",\"inLanguage\":\"es\",\"@id\":\"https:\/\/www.pressenza.com\/es\/2018\/10\/lo-que-ocurre-en-brasil-hoy-es-una-guerra-sucia-2-0-parte-ii-divide-et-impera\/#primaryimage\",\"url\":\"https:\/\/www.pressenza.com\/wp-content\/uploads\/2018\/10\/ai-blur-codes-577585.jpg\",\"contentUrl\":\"https:\/\/www.pressenza.com\/wp-content\/uploads\/2018\/10\/ai-blur-codes-577585.jpg\",\"width\":2048,\"height\":1536},{\"@type\":\"BreadcrumbList\",\"@id\":\"https:\/\/www.pressenza.com\/es\/2018\/10\/lo-que-ocurre-en-brasil-hoy-es-una-guerra-sucia-2-0-parte-ii-divide-et-impera\/#breadcrumb\",\"itemListElement\":[{\"@type\":\"ListItem\",\"position\":1,\"name\":\"Accueil\",\"item\":\"https:\/\/www.pressenza.com\/es\/\"},{\"@type\":\"ListItem\",\"position\":2,\"name\":\"Lo que ocurre en Brasil hoy es una Guerra Sucia 2.0 (Parte II): Divide et impera!\"}]},{\"@type\":\"WebSite\",\"@id\":\"https:\/\/www.pressenza.com\/es\/#website\",\"url\":\"https:\/\/www.pressenza.com\/es\/\",\"name\":\"Pressenza\",\"description\":\"International Press Agency\",\"publisher\":{\"@id\":\"https:\/\/www.pressenza.com\/es\/#organization\"},\"potentialAction\":[{\"@type\":\"SearchAction\",\"target\":{\"@type\":\"EntryPoint\",\"urlTemplate\":\"https:\/\/www.pressenza.com\/es\/?s={search_term_string}\"},\"query-input\":{\"@type\":\"PropertyValueSpecification\",\"valueRequired\":true,\"valueName\":\"search_term_string\"}}],\"inLanguage\":\"es\"},{\"@type\":\"Organization\",\"@id\":\"https:\/\/www.pressenza.com\/es\/#organization\",\"name\":\"Pressenza\",\"url\":\"https:\/\/www.pressenza.com\/es\/\",\"logo\":{\"@type\":\"ImageObject\",\"inLanguage\":\"es\",\"@id\":\"https:\/\/www.pressenza.com\/es\/#\/schema\/logo\/image\/\",\"url\":\"https:\/\/www.pressenza.com\/wp-content\/uploads\/2022\/10\/pressenza_logo_200x200.jpg\",\"contentUrl\":\"https:\/\/www.pressenza.com\/wp-content\/uploads\/2022\/10\/pressenza_logo_200x200.jpg\",\"width\":200,\"height\":200,\"caption\":\"Pressenza\"},\"image\":{\"@id\":\"https:\/\/www.pressenza.com\/es\/#\/schema\/logo\/image\/\"},\"sameAs\":[\"https:\/\/www.facebook.com\/PressenzaItalia\",\"https:\/\/x.com\/PressenzaIPA\"]},{\"@type\":\"Person\",\"@id\":\"https:\/\/www.pressenza.com\/es\/#\/schema\/person\/d171826afb7693cfc394da95892bfd93\",\"name\":\"Reda\u00e7\u00e3o S\u00e3o Paulo\",\"description\":\"News from the Pressenza bureau in Sao Paulo, Brazil\",\"sameAs\":[\"https:\/\/www.facebook.com\/PressenzaPortugues\",\"https:\/\/x.com\/pressenza_pt\"],\"url\":\"https:\/\/www.pressenza.com\/es\/author\/redaccao-sao-paulo\/\"}]}<\/script>\n<!-- \/ Yoast SEO plugin. -->","yoast_head_json":{"title":"Lo que ocurre en Brasil hoy es una Guerra Sucia 2.0 (Parte II): Divide et impera!","description":"Por Francisco R\u00edo Desde el inicio de la segunda d\u00e9cada de nuestro siglo, un n\u00famero considerable de respetabais pensadores \u2013cada cual a su manera y munidos","robots":{"index":"index","follow":"follow","max-snippet":"max-snippet:-1","max-image-preview":"max-image-preview:large","max-video-preview":"max-video-preview:-1"},"canonical":"https:\/\/www.pressenza.com\/es\/2018\/10\/lo-que-ocurre-en-brasil-hoy-es-una-guerra-sucia-2-0-parte-ii-divide-et-impera\/","og_locale":"es_ES","og_type":"article","og_title":"Lo que ocurre en Brasil hoy es una Guerra Sucia 2.0 (Parte II): Divide et impera!","og_description":"Por Francisco R\u00edo Desde el inicio de la segunda d\u00e9cada de nuestro siglo, un n\u00famero considerable de respetabais pensadores \u2013cada cual a su manera y munidos","og_url":"https:\/\/www.pressenza.com\/es\/2018\/10\/lo-que-ocurre-en-brasil-hoy-es-una-guerra-sucia-2-0-parte-ii-divide-et-impera\/","og_site_name":"Pressenza","article_publisher":"https:\/\/www.facebook.com\/PressenzaItalia","article_author":"https:\/\/www.facebook.com\/PressenzaPortugues","article_published_time":"2018-10-24T18:01:20+00:00","og_image":[{"width":2048,"height":1536,"url":"https:\/\/www.pressenza.com\/wp-content\/uploads\/2018\/10\/ai-blur-codes-577585.jpg","type":"image\/jpeg"}],"author":"Reda\u00e7\u00e3o S\u00e3o Paulo","twitter_card":"summary_large_image","twitter_creator":"@pressenza_pt","twitter_site":"@PressenzaIPA","twitter_misc":{"Escrito por":"Reda\u00e7\u00e3o S\u00e3o Paulo","Tiempo de lectura":"8 minutos"},"schema":{"@context":"https:\/\/schema.org","@graph":[{"@type":"Article","@id":"https:\/\/www.pressenza.com\/es\/2018\/10\/lo-que-ocurre-en-brasil-hoy-es-una-guerra-sucia-2-0-parte-ii-divide-et-impera\/#article","isPartOf":{"@id":"https:\/\/www.pressenza.com\/es\/2018\/10\/lo-que-ocurre-en-brasil-hoy-es-una-guerra-sucia-2-0-parte-ii-divide-et-impera\/"},"author":{"name":"Reda\u00e7\u00e3o S\u00e3o Paulo","@id":"https:\/\/www.pressenza.com\/es\/#\/schema\/person\/d171826afb7693cfc394da95892bfd93"},"headline":"Lo que ocurre en Brasil hoy es una Guerra Sucia 2.0 (Parte II): Divide et impera!","datePublished":"2018-10-24T18:01:20+00:00","mainEntityOfPage":{"@id":"https:\/\/www.pressenza.com\/es\/2018\/10\/lo-que-ocurre-en-brasil-hoy-es-una-guerra-sucia-2-0-parte-ii-divide-et-impera\/"},"wordCount":1556,"publisher":{"@id":"https:\/\/www.pressenza.com\/es\/#organization"},"image":{"@id":"https:\/\/www.pressenza.com\/es\/2018\/10\/lo-que-ocurre-en-brasil-hoy-es-una-guerra-sucia-2-0-parte-ii-divide-et-impera\/#primaryimage"},"thumbnailUrl":"https:\/\/www.pressenza.com\/wp-content\/uploads\/2018\/10\/ai-blur-codes-577585.jpg","keywords":["Brasil","Edward Snowden","elecciones","elecciones 2018"],"articleSection":["Contenido Original","Pol\u00edtica","Sudam\u00e9rica"],"inLanguage":"es"},{"@type":"WebPage","@id":"https:\/\/www.pressenza.com\/es\/2018\/10\/lo-que-ocurre-en-brasil-hoy-es-una-guerra-sucia-2-0-parte-ii-divide-et-impera\/","url":"https:\/\/www.pressenza.com\/es\/2018\/10\/lo-que-ocurre-en-brasil-hoy-es-una-guerra-sucia-2-0-parte-ii-divide-et-impera\/","name":"Lo que ocurre en Brasil hoy es una Guerra Sucia 2.0 (Parte II): Divide et impera!","isPartOf":{"@id":"https:\/\/www.pressenza.com\/es\/#website"},"primaryImageOfPage":{"@id":"https:\/\/www.pressenza.com\/es\/2018\/10\/lo-que-ocurre-en-brasil-hoy-es-una-guerra-sucia-2-0-parte-ii-divide-et-impera\/#primaryimage"},"image":{"@id":"https:\/\/www.pressenza.com\/es\/2018\/10\/lo-que-ocurre-en-brasil-hoy-es-una-guerra-sucia-2-0-parte-ii-divide-et-impera\/#primaryimage"},"thumbnailUrl":"https:\/\/www.pressenza.com\/wp-content\/uploads\/2018\/10\/ai-blur-codes-577585.jpg","datePublished":"2018-10-24T18:01:20+00:00","description":"Por Francisco R\u00edo Desde el inicio de la segunda d\u00e9cada de nuestro siglo, un n\u00famero considerable de respetabais pensadores \u2013cada cual a su manera y munidos","breadcrumb":{"@id":"https:\/\/www.pressenza.com\/es\/2018\/10\/lo-que-ocurre-en-brasil-hoy-es-una-guerra-sucia-2-0-parte-ii-divide-et-impera\/#breadcrumb"},"inLanguage":"es","potentialAction":[{"@type":"ReadAction","target":["https:\/\/www.pressenza.com\/es\/2018\/10\/lo-que-ocurre-en-brasil-hoy-es-una-guerra-sucia-2-0-parte-ii-divide-et-impera\/"]}]},{"@type":"ImageObject","inLanguage":"es","@id":"https:\/\/www.pressenza.com\/es\/2018\/10\/lo-que-ocurre-en-brasil-hoy-es-una-guerra-sucia-2-0-parte-ii-divide-et-impera\/#primaryimage","url":"https:\/\/www.pressenza.com\/wp-content\/uploads\/2018\/10\/ai-blur-codes-577585.jpg","contentUrl":"https:\/\/www.pressenza.com\/wp-content\/uploads\/2018\/10\/ai-blur-codes-577585.jpg","width":2048,"height":1536},{"@type":"BreadcrumbList","@id":"https:\/\/www.pressenza.com\/es\/2018\/10\/lo-que-ocurre-en-brasil-hoy-es-una-guerra-sucia-2-0-parte-ii-divide-et-impera\/#breadcrumb","itemListElement":[{"@type":"ListItem","position":1,"name":"Accueil","item":"https:\/\/www.pressenza.com\/es\/"},{"@type":"ListItem","position":2,"name":"Lo que ocurre en Brasil hoy es una Guerra Sucia 2.0 (Parte II): Divide et impera!"}]},{"@type":"WebSite","@id":"https:\/\/www.pressenza.com\/es\/#website","url":"https:\/\/www.pressenza.com\/es\/","name":"Pressenza","description":"International Press Agency","publisher":{"@id":"https:\/\/www.pressenza.com\/es\/#organization"},"potentialAction":[{"@type":"SearchAction","target":{"@type":"EntryPoint","urlTemplate":"https:\/\/www.pressenza.com\/es\/?s={search_term_string}"},"query-input":{"@type":"PropertyValueSpecification","valueRequired":true,"valueName":"search_term_string"}}],"inLanguage":"es"},{"@type":"Organization","@id":"https:\/\/www.pressenza.com\/es\/#organization","name":"Pressenza","url":"https:\/\/www.pressenza.com\/es\/","logo":{"@type":"ImageObject","inLanguage":"es","@id":"https:\/\/www.pressenza.com\/es\/#\/schema\/logo\/image\/","url":"https:\/\/www.pressenza.com\/wp-content\/uploads\/2022\/10\/pressenza_logo_200x200.jpg","contentUrl":"https:\/\/www.pressenza.com\/wp-content\/uploads\/2022\/10\/pressenza_logo_200x200.jpg","width":200,"height":200,"caption":"Pressenza"},"image":{"@id":"https:\/\/www.pressenza.com\/es\/#\/schema\/logo\/image\/"},"sameAs":["https:\/\/www.facebook.com\/PressenzaItalia","https:\/\/x.com\/PressenzaIPA"]},{"@type":"Person","@id":"https:\/\/www.pressenza.com\/es\/#\/schema\/person\/d171826afb7693cfc394da95892bfd93","name":"Reda\u00e7\u00e3o S\u00e3o Paulo","description":"News from the Pressenza bureau in Sao Paulo, Brazil","sameAs":["https:\/\/www.facebook.com\/PressenzaPortugues","https:\/\/x.com\/pressenza_pt"],"url":"https:\/\/www.pressenza.com\/es\/author\/redaccao-sao-paulo\/"}]}},"place":"S\u00e3o Paulo, Brasil","original_article_url":"","_links":{"self":[{"href":"https:\/\/www.pressenza.com\/es\/wp-json\/wp\/v2\/posts\/742785","targetHints":{"allow":["GET"]}}],"collection":[{"href":"https:\/\/www.pressenza.com\/es\/wp-json\/wp\/v2\/posts"}],"about":[{"href":"https:\/\/www.pressenza.com\/es\/wp-json\/wp\/v2\/types\/post"}],"author":[{"embeddable":true,"href":"https:\/\/www.pressenza.com\/es\/wp-json\/wp\/v2\/users\/44"}],"replies":[{"embeddable":true,"href":"https:\/\/www.pressenza.com\/es\/wp-json\/wp\/v2\/comments?post=742785"}],"version-history":[{"count":0,"href":"https:\/\/www.pressenza.com\/es\/wp-json\/wp\/v2\/posts\/742785\/revisions"}],"wp:featuredmedia":[{"embeddable":true,"href":"https:\/\/www.pressenza.com\/es\/wp-json\/wp\/v2\/media\/741715"}],"wp:attachment":[{"href":"https:\/\/www.pressenza.com\/es\/wp-json\/wp\/v2\/media?parent=742785"}],"wp:term":[{"taxonomy":"category","embeddable":true,"href":"https:\/\/www.pressenza.com\/es\/wp-json\/wp\/v2\/categories?post=742785"},{"taxonomy":"post_tag","embeddable":true,"href":"https:\/\/www.pressenza.com\/es\/wp-json\/wp\/v2\/tags?post=742785"}],"curies":[{"name":"wp","href":"https:\/\/api.w.org\/{rel}","templated":true}]}}