{"id":742519,"date":"2018-10-24T03:32:18","date_gmt":"2018-10-24T02:32:18","guid":{"rendered":"https:\/\/www.pressenza.com\/?p=742519"},"modified":"2018-10-24T03:43:41","modified_gmt":"2018-10-24T02:43:41","slug":"xiv-congreso-hispanoamericano-de-prensa","status":"publish","type":"post","link":"https:\/\/www.pressenza.com\/es\/2018\/10\/xiv-congreso-hispanoamericano-de-prensa\/","title":{"rendered":"XIV Congreso Hispanoamericano de Prensa"},"content":{"rendered":"<div dir=\"auto\">\n<p>Por Rafael Rodriguez Luzuriaga<\/p>\n<p>New York.- Tal como se planific\u00f3 durante varios meses, se lleva a cabo el XIV Congreso Hispanoamericano de Prensa.<\/p>\n<p>Este Vienes tuvo como escenario la sala de conferencia en el organismo mundial de las Naciones, que con el apoyo de la Embajada Dominicana, hace posible que \u00e9sta cita est\u00e9 a la altura de las expectativas creadas y propuestas.<\/p>\n<p>Con varios discursos de ilustres invitados como la periodista Maria Elena Salinas, del Dr. Xavier Dario Restrepo, la ilustre Magistrada ecuatoriana Carmen Vel\u00e1squez, el period\u012bsta Huchi Lora, la Catedr\u00e1tica tambi\u00e9n ecuatoriana M\u00f3nica Sarmiento etc. etc. se abri\u00f3 el tel\u00f3n de este Congreso que pasar\u00e1 a la historia por el alto contenido de mensajes positivos del reto period\u00edstico que nos incumbe a cada uno de nosotros.<\/p>\n<p>\u201cperiodismo independiente\u201d es el papel de verdadero periodista propugna el \u201c Padre de la \u00c9tica\u201d Xavier Restrepo, que hoy en en el Allen Pavillon del Columbia University, volvi\u00f3 a intervenir magistralmente a igual que los otros notables conferencistas como Carlos Aguasaco, Rodolfo Heinrich, Mons. Ramon de la Rosa. etc.<\/p>\n<p>Ma\u00f1ana ser\u00e1 otro d\u00eda inolvidable con la presencia de varios maestros de la comunicaci\u00f3n, iniciando a primera hora 9 am, en el Comisionado de Cultura Dominicano, en el Alto Manhattan, Juan Carlos Bison\u00f3, francisco Cort\u00e9s iniciar\u00e1n una nueva y \u00faltima jornada.<br \/>\nY primera hora de la tarde 1 pm, luego del primer receso del medio d\u00eda, la Maestra de la universidad de Saint Jhons, M\u00f3nica Sarmiento, nos hablar\u00e1 del Imagen y su importancia en la comunicaci\u00f3n.<\/p>\n<p>En resumen todo un despliegue de talento y ense\u00f1anza en \u00e9ste incomparable camino del noble oficio del periodismo.<\/p>\n<p>Gracias a todos ustedes que siente en el alma lo que es servir y estar al servicio de la comunidad a trav\u00e9s de la comunicaci\u00f3n.<\/p>\n<\/div>\n","protected":false},"excerpt":{"rendered":"<p>Por Rafael Rodriguez Luzuriaga New York.- Tal como se planific\u00f3 durante varios meses, se lleva a cabo el XIV Congreso Hispanoamericano de Prensa. Este Vienes tuvo como escenario la sala de conferencia en el organismo mundial de las Naciones, que&hellip;<\/p>\n","protected":false},"author":1126,"featured_media":742521,"comment_status":"closed","ping_status":"closed","sticky":false,"template":"","format":"standard","meta":{"footnotes":""},"categories":[11389,75,39,68],"tags":[662],"class_list":["post-742519","post","type-post","status-publish","format-standard","has-post-thumbnail","hentry","category-contenido-original","category-cultura-es","category-internacional","category-norteamerica","tag-prensa"],"yoast_head":"<!-- This site is optimized with the Yoast SEO plugin v27.1.1 - https:\/\/yoast.com\/product\/yoast-seo-wordpress\/ -->\n<title>XIV Congreso Hispanoamericano de Prensa<\/title>\n<meta name=\"description\" content=\"Por Rafael Rodriguez Luzuriaga New York.- Tal como se planific\u00f3 durante varios meses, se lleva a cabo el XIV Congreso Hispanoamericano de Prensa. Este\" \/>\n<meta name=\"robots\" content=\"index, follow, max-snippet:-1, max-image-preview:large, max-video-preview:-1\" \/>\n<link rel=\"canonical\" href=\"https:\/\/www.pressenza.com\/es\/2018\/10\/xiv-congreso-hispanoamericano-de-prensa\/\" \/>\n<meta property=\"og:locale\" content=\"es_ES\" \/>\n<meta property=\"og:type\" content=\"article\" \/>\n<meta property=\"og:title\" content=\"XIV Congreso Hispanoamericano de Prensa\" \/>\n<meta property=\"og:description\" content=\"Por Rafael Rodriguez Luzuriaga New York.- Tal como se planific\u00f3 durante varios meses, se lleva a cabo el XIV Congreso Hispanoamericano de Prensa. Este\" \/>\n<meta property=\"og:url\" content=\"https:\/\/www.pressenza.com\/es\/2018\/10\/xiv-congreso-hispanoamericano-de-prensa\/\" \/>\n<meta property=\"og:site_name\" content=\"Pressenza\" \/>\n<meta property=\"article:publisher\" content=\"https:\/\/www.facebook.com\/PressenzaItalia\" \/>\n<meta property=\"article:author\" content=\"https:\/\/www.facebook.com\/PressenzaEnglish\/\" \/>\n<meta property=\"article:published_time\" content=\"2018-10-24T02:32:18+00:00\" \/>\n<meta property=\"article:modified_time\" content=\"2018-10-24T02:43:41+00:00\" \/>\n<meta property=\"og:image\" content=\"https:\/\/www.pressenza.com\/wp-content\/uploads\/2018\/10\/XIV-Congreso-Hispanoamericano-de-Prensa.jpg\" \/>\n\t<meta property=\"og:image:width\" content=\"1024\" \/>\n\t<meta property=\"og:image:height\" content=\"644\" \/>\n\t<meta property=\"og:image:type\" content=\"image\/jpeg\" \/>\n<meta name=\"author\" content=\"Pressenza New York\" \/>\n<meta name=\"twitter:card\" content=\"summary_large_image\" \/>\n<meta name=\"twitter:creator\" content=\"@PressenzaIPA\" \/>\n<meta name=\"twitter:site\" content=\"@PressenzaIPA\" \/>\n<meta name=\"twitter:label1\" content=\"Escrito por\" \/>\n\t<meta name=\"twitter:data1\" content=\"Pressenza New York\" \/>\n\t<meta name=\"twitter:label2\" content=\"Tiempo de lectura\" \/>\n\t<meta name=\"twitter:data2\" content=\"2 minutos\" \/>\n<script type=\"application\/ld+json\" class=\"yoast-schema-graph\">{\"@context\":\"https:\/\/schema.org\",\"@graph\":[{\"@type\":\"Article\",\"@id\":\"https:\/\/www.pressenza.com\/es\/2018\/10\/xiv-congreso-hispanoamericano-de-prensa\/#article\",\"isPartOf\":{\"@id\":\"https:\/\/www.pressenza.com\/es\/2018\/10\/xiv-congreso-hispanoamericano-de-prensa\/\"},\"author\":{\"name\":\"Pressenza New York\",\"@id\":\"https:\/\/www.pressenza.com\/es\/#\/schema\/person\/75ff8ec4b4b03f1d2da977bba83672b3\"},\"headline\":\"XIV Congreso Hispanoamericano de Prensa\",\"datePublished\":\"2018-10-24T02:32:18+00:00\",\"dateModified\":\"2018-10-24T02:43:41+00:00\",\"mainEntityOfPage\":{\"@id\":\"https:\/\/www.pressenza.com\/es\/2018\/10\/xiv-congreso-hispanoamericano-de-prensa\/\"},\"wordCount\":316,\"publisher\":{\"@id\":\"https:\/\/www.pressenza.com\/es\/#organization\"},\"image\":{\"@id\":\"https:\/\/www.pressenza.com\/es\/2018\/10\/xiv-congreso-hispanoamericano-de-prensa\/#primaryimage\"},\"thumbnailUrl\":\"https:\/\/www.pressenza.com\/wp-content\/uploads\/2018\/10\/XIV-Congreso-Hispanoamericano-de-Prensa.jpg\",\"keywords\":[\"prensa\"],\"articleSection\":[\"Contenido Original\",\"Cultura y Medios\",\"Internacional\",\"Norteam\u00e9rica\"],\"inLanguage\":\"es\"},{\"@type\":\"WebPage\",\"@id\":\"https:\/\/www.pressenza.com\/es\/2018\/10\/xiv-congreso-hispanoamericano-de-prensa\/\",\"url\":\"https:\/\/www.pressenza.com\/es\/2018\/10\/xiv-congreso-hispanoamericano-de-prensa\/\",\"name\":\"XIV Congreso Hispanoamericano de Prensa\",\"isPartOf\":{\"@id\":\"https:\/\/www.pressenza.com\/es\/#website\"},\"primaryImageOfPage\":{\"@id\":\"https:\/\/www.pressenza.com\/es\/2018\/10\/xiv-congreso-hispanoamericano-de-prensa\/#primaryimage\"},\"image\":{\"@id\":\"https:\/\/www.pressenza.com\/es\/2018\/10\/xiv-congreso-hispanoamericano-de-prensa\/#primaryimage\"},\"thumbnailUrl\":\"https:\/\/www.pressenza.com\/wp-content\/uploads\/2018\/10\/XIV-Congreso-Hispanoamericano-de-Prensa.jpg\",\"datePublished\":\"2018-10-24T02:32:18+00:00\",\"dateModified\":\"2018-10-24T02:43:41+00:00\",\"description\":\"Por Rafael Rodriguez Luzuriaga New York.- Tal como se planific\u00f3 durante varios meses, se lleva a cabo el XIV Congreso Hispanoamericano de Prensa. Este\",\"breadcrumb\":{\"@id\":\"https:\/\/www.pressenza.com\/es\/2018\/10\/xiv-congreso-hispanoamericano-de-prensa\/#breadcrumb\"},\"inLanguage\":\"es\",\"potentialAction\":[{\"@type\":\"ReadAction\",\"target\":[\"https:\/\/www.pressenza.com\/es\/2018\/10\/xiv-congreso-hispanoamericano-de-prensa\/\"]}]},{\"@type\":\"ImageObject\",\"inLanguage\":\"es\",\"@id\":\"https:\/\/www.pressenza.com\/es\/2018\/10\/xiv-congreso-hispanoamericano-de-prensa\/#primaryimage\",\"url\":\"https:\/\/www.pressenza.com\/wp-content\/uploads\/2018\/10\/XIV-Congreso-Hispanoamericano-de-Prensa.jpg\",\"contentUrl\":\"https:\/\/www.pressenza.com\/wp-content\/uploads\/2018\/10\/XIV-Congreso-Hispanoamericano-de-Prensa.jpg\",\"width\":1024,\"height\":644},{\"@type\":\"BreadcrumbList\",\"@id\":\"https:\/\/www.pressenza.com\/es\/2018\/10\/xiv-congreso-hispanoamericano-de-prensa\/#breadcrumb\",\"itemListElement\":[{\"@type\":\"ListItem\",\"position\":1,\"name\":\"Accueil\",\"item\":\"https:\/\/www.pressenza.com\/es\/\"},{\"@type\":\"ListItem\",\"position\":2,\"name\":\"XIV Congreso Hispanoamericano de Prensa\"}]},{\"@type\":\"WebSite\",\"@id\":\"https:\/\/www.pressenza.com\/es\/#website\",\"url\":\"https:\/\/www.pressenza.com\/es\/\",\"name\":\"Pressenza\",\"description\":\"International Press Agency\",\"publisher\":{\"@id\":\"https:\/\/www.pressenza.com\/es\/#organization\"},\"potentialAction\":[{\"@type\":\"SearchAction\",\"target\":{\"@type\":\"EntryPoint\",\"urlTemplate\":\"https:\/\/www.pressenza.com\/es\/?s={search_term_string}\"},\"query-input\":{\"@type\":\"PropertyValueSpecification\",\"valueRequired\":true,\"valueName\":\"search_term_string\"}}],\"inLanguage\":\"es\"},{\"@type\":\"Organization\",\"@id\":\"https:\/\/www.pressenza.com\/es\/#organization\",\"name\":\"Pressenza\",\"url\":\"https:\/\/www.pressenza.com\/es\/\",\"logo\":{\"@type\":\"ImageObject\",\"inLanguage\":\"es\",\"@id\":\"https:\/\/www.pressenza.com\/es\/#\/schema\/logo\/image\/\",\"url\":\"https:\/\/www.pressenza.com\/wp-content\/uploads\/2022\/10\/pressenza_logo_200x200.jpg\",\"contentUrl\":\"https:\/\/www.pressenza.com\/wp-content\/uploads\/2022\/10\/pressenza_logo_200x200.jpg\",\"width\":200,\"height\":200,\"caption\":\"Pressenza\"},\"image\":{\"@id\":\"https:\/\/www.pressenza.com\/es\/#\/schema\/logo\/image\/\"},\"sameAs\":[\"https:\/\/www.facebook.com\/PressenzaItalia\",\"https:\/\/x.com\/PressenzaIPA\"]},{\"@type\":\"Person\",\"@id\":\"https:\/\/www.pressenza.com\/es\/#\/schema\/person\/75ff8ec4b4b03f1d2da977bba83672b3\",\"name\":\"Pressenza New York\",\"description\":\"News from the Pressenza Bureau in New York, United States\",\"sameAs\":[\"https:\/\/www.facebook.com\/PressenzaEnglish\/\",\"https:\/\/x.com\/PressenzaIPA\"],\"url\":\"https:\/\/www.pressenza.com\/es\/author\/pressenza-new-york\/\"}]}<\/script>\n<!-- \/ Yoast SEO plugin. -->","yoast_head_json":{"title":"XIV Congreso Hispanoamericano de Prensa","description":"Por Rafael Rodriguez Luzuriaga New York.- Tal como se planific\u00f3 durante varios meses, se lleva a cabo el XIV Congreso Hispanoamericano de Prensa. Este","robots":{"index":"index","follow":"follow","max-snippet":"max-snippet:-1","max-image-preview":"max-image-preview:large","max-video-preview":"max-video-preview:-1"},"canonical":"https:\/\/www.pressenza.com\/es\/2018\/10\/xiv-congreso-hispanoamericano-de-prensa\/","og_locale":"es_ES","og_type":"article","og_title":"XIV Congreso Hispanoamericano de Prensa","og_description":"Por Rafael Rodriguez Luzuriaga New York.- Tal como se planific\u00f3 durante varios meses, se lleva a cabo el XIV Congreso Hispanoamericano de Prensa. Este","og_url":"https:\/\/www.pressenza.com\/es\/2018\/10\/xiv-congreso-hispanoamericano-de-prensa\/","og_site_name":"Pressenza","article_publisher":"https:\/\/www.facebook.com\/PressenzaItalia","article_author":"https:\/\/www.facebook.com\/PressenzaEnglish\/","article_published_time":"2018-10-24T02:32:18+00:00","article_modified_time":"2018-10-24T02:43:41+00:00","og_image":[{"width":1024,"height":644,"url":"https:\/\/www.pressenza.com\/wp-content\/uploads\/2018\/10\/XIV-Congreso-Hispanoamericano-de-Prensa.jpg","type":"image\/jpeg"}],"author":"Pressenza New York","twitter_card":"summary_large_image","twitter_creator":"@PressenzaIPA","twitter_site":"@PressenzaIPA","twitter_misc":{"Escrito por":"Pressenza New York","Tiempo de lectura":"2 minutos"},"schema":{"@context":"https:\/\/schema.org","@graph":[{"@type":"Article","@id":"https:\/\/www.pressenza.com\/es\/2018\/10\/xiv-congreso-hispanoamericano-de-prensa\/#article","isPartOf":{"@id":"https:\/\/www.pressenza.com\/es\/2018\/10\/xiv-congreso-hispanoamericano-de-prensa\/"},"author":{"name":"Pressenza New York","@id":"https:\/\/www.pressenza.com\/es\/#\/schema\/person\/75ff8ec4b4b03f1d2da977bba83672b3"},"headline":"XIV Congreso Hispanoamericano de Prensa","datePublished":"2018-10-24T02:32:18+00:00","dateModified":"2018-10-24T02:43:41+00:00","mainEntityOfPage":{"@id":"https:\/\/www.pressenza.com\/es\/2018\/10\/xiv-congreso-hispanoamericano-de-prensa\/"},"wordCount":316,"publisher":{"@id":"https:\/\/www.pressenza.com\/es\/#organization"},"image":{"@id":"https:\/\/www.pressenza.com\/es\/2018\/10\/xiv-congreso-hispanoamericano-de-prensa\/#primaryimage"},"thumbnailUrl":"https:\/\/www.pressenza.com\/wp-content\/uploads\/2018\/10\/XIV-Congreso-Hispanoamericano-de-Prensa.jpg","keywords":["prensa"],"articleSection":["Contenido Original","Cultura y Medios","Internacional","Norteam\u00e9rica"],"inLanguage":"es"},{"@type":"WebPage","@id":"https:\/\/www.pressenza.com\/es\/2018\/10\/xiv-congreso-hispanoamericano-de-prensa\/","url":"https:\/\/www.pressenza.com\/es\/2018\/10\/xiv-congreso-hispanoamericano-de-prensa\/","name":"XIV Congreso Hispanoamericano de Prensa","isPartOf":{"@id":"https:\/\/www.pressenza.com\/es\/#website"},"primaryImageOfPage":{"@id":"https:\/\/www.pressenza.com\/es\/2018\/10\/xiv-congreso-hispanoamericano-de-prensa\/#primaryimage"},"image":{"@id":"https:\/\/www.pressenza.com\/es\/2018\/10\/xiv-congreso-hispanoamericano-de-prensa\/#primaryimage"},"thumbnailUrl":"https:\/\/www.pressenza.com\/wp-content\/uploads\/2018\/10\/XIV-Congreso-Hispanoamericano-de-Prensa.jpg","datePublished":"2018-10-24T02:32:18+00:00","dateModified":"2018-10-24T02:43:41+00:00","description":"Por Rafael Rodriguez Luzuriaga New York.- Tal como se planific\u00f3 durante varios meses, se lleva a cabo el XIV Congreso Hispanoamericano de Prensa. Este","breadcrumb":{"@id":"https:\/\/www.pressenza.com\/es\/2018\/10\/xiv-congreso-hispanoamericano-de-prensa\/#breadcrumb"},"inLanguage":"es","potentialAction":[{"@type":"ReadAction","target":["https:\/\/www.pressenza.com\/es\/2018\/10\/xiv-congreso-hispanoamericano-de-prensa\/"]}]},{"@type":"ImageObject","inLanguage":"es","@id":"https:\/\/www.pressenza.com\/es\/2018\/10\/xiv-congreso-hispanoamericano-de-prensa\/#primaryimage","url":"https:\/\/www.pressenza.com\/wp-content\/uploads\/2018\/10\/XIV-Congreso-Hispanoamericano-de-Prensa.jpg","contentUrl":"https:\/\/www.pressenza.com\/wp-content\/uploads\/2018\/10\/XIV-Congreso-Hispanoamericano-de-Prensa.jpg","width":1024,"height":644},{"@type":"BreadcrumbList","@id":"https:\/\/www.pressenza.com\/es\/2018\/10\/xiv-congreso-hispanoamericano-de-prensa\/#breadcrumb","itemListElement":[{"@type":"ListItem","position":1,"name":"Accueil","item":"https:\/\/www.pressenza.com\/es\/"},{"@type":"ListItem","position":2,"name":"XIV Congreso Hispanoamericano de Prensa"}]},{"@type":"WebSite","@id":"https:\/\/www.pressenza.com\/es\/#website","url":"https:\/\/www.pressenza.com\/es\/","name":"Pressenza","description":"International Press Agency","publisher":{"@id":"https:\/\/www.pressenza.com\/es\/#organization"},"potentialAction":[{"@type":"SearchAction","target":{"@type":"EntryPoint","urlTemplate":"https:\/\/www.pressenza.com\/es\/?s={search_term_string}"},"query-input":{"@type":"PropertyValueSpecification","valueRequired":true,"valueName":"search_term_string"}}],"inLanguage":"es"},{"@type":"Organization","@id":"https:\/\/www.pressenza.com\/es\/#organization","name":"Pressenza","url":"https:\/\/www.pressenza.com\/es\/","logo":{"@type":"ImageObject","inLanguage":"es","@id":"https:\/\/www.pressenza.com\/es\/#\/schema\/logo\/image\/","url":"https:\/\/www.pressenza.com\/wp-content\/uploads\/2022\/10\/pressenza_logo_200x200.jpg","contentUrl":"https:\/\/www.pressenza.com\/wp-content\/uploads\/2022\/10\/pressenza_logo_200x200.jpg","width":200,"height":200,"caption":"Pressenza"},"image":{"@id":"https:\/\/www.pressenza.com\/es\/#\/schema\/logo\/image\/"},"sameAs":["https:\/\/www.facebook.com\/PressenzaItalia","https:\/\/x.com\/PressenzaIPA"]},{"@type":"Person","@id":"https:\/\/www.pressenza.com\/es\/#\/schema\/person\/75ff8ec4b4b03f1d2da977bba83672b3","name":"Pressenza New York","description":"News from the Pressenza Bureau in New York, United States","sameAs":["https:\/\/www.facebook.com\/PressenzaEnglish\/","https:\/\/x.com\/PressenzaIPA"],"url":"https:\/\/www.pressenza.com\/es\/author\/pressenza-new-york\/"}]}},"place":"Nueva York","original_article_url":"","_links":{"self":[{"href":"https:\/\/www.pressenza.com\/es\/wp-json\/wp\/v2\/posts\/742519","targetHints":{"allow":["GET"]}}],"collection":[{"href":"https:\/\/www.pressenza.com\/es\/wp-json\/wp\/v2\/posts"}],"about":[{"href":"https:\/\/www.pressenza.com\/es\/wp-json\/wp\/v2\/types\/post"}],"author":[{"embeddable":true,"href":"https:\/\/www.pressenza.com\/es\/wp-json\/wp\/v2\/users\/1126"}],"replies":[{"embeddable":true,"href":"https:\/\/www.pressenza.com\/es\/wp-json\/wp\/v2\/comments?post=742519"}],"version-history":[{"count":0,"href":"https:\/\/www.pressenza.com\/es\/wp-json\/wp\/v2\/posts\/742519\/revisions"}],"wp:featuredmedia":[{"embeddable":true,"href":"https:\/\/www.pressenza.com\/es\/wp-json\/wp\/v2\/media\/742521"}],"wp:attachment":[{"href":"https:\/\/www.pressenza.com\/es\/wp-json\/wp\/v2\/media?parent=742519"}],"wp:term":[{"taxonomy":"category","embeddable":true,"href":"https:\/\/www.pressenza.com\/es\/wp-json\/wp\/v2\/categories?post=742519"},{"taxonomy":"post_tag","embeddable":true,"href":"https:\/\/www.pressenza.com\/es\/wp-json\/wp\/v2\/tags?post=742519"}],"curies":[{"name":"wp","href":"https:\/\/api.w.org\/{rel}","templated":true}]}}