{"id":742506,"date":"2018-10-24T02:29:38","date_gmt":"2018-10-24T01:29:38","guid":{"rendered":"https:\/\/www.pressenza.com\/?p=742506"},"modified":"2018-10-24T03:43:35","modified_gmt":"2018-10-24T02:43:35","slug":"comunidades-de-el-mensaje-de-silo-invitan-a-jornada-de-meditacion-en-el-velodromo-de-lanus","status":"publish","type":"post","link":"https:\/\/www.pressenza.com\/es\/2018\/10\/comunidades-de-el-mensaje-de-silo-invitan-a-jornada-de-meditacion-en-el-velodromo-de-lanus\/","title":{"rendered":"Comunidades de El Mensaje de Silo invitan a Jornada de meditaci\u00f3n en el Vel\u00f3dromo de Lan\u00fas"},"content":{"rendered":"<p><span style=\"font-weight: 400;\">Comunidades de El Mensaje de Silo convocan a participar de un encuentro de experiencias internas, ceremonias y meditaciones el pr\u00f3ximo domingo \u00a028 de octubre en el Vel\u00f3dromo de Lan\u00fas (29 de septiembre y Gral. Ferr\u00e9) de 15 a 18.30 horas.<\/span><\/p>\n<p><span style=\"font-weight: 400;\"><br \/>\n<\/span><span style=\"font-weight: 400;\">El Mensaje dado por Silo consta de tres partes: el Libro, la Experiencia y el Camino. El Libro es conocido desde hace tiempo como \u201cLa Mirada Interna\u201d. La Experiencia est\u00e1 planteada a trav\u00e9s de ocho ceremonias. El Camino es un conjunto de reflexiones y sugerencias. Circula impreso y a trav\u00e9s de las redes inform\u00e1ticas, se puede bajar de <\/span><a href=\"http:\/\/www.silo.net\"><span style=\"font-weight: 400;\">www.silo.net<\/span><\/a><span style=\"font-weight: 400;\">.<\/span><\/p>\n<p><span style=\"font-weight: 400;\"><br \/>\n<\/span><span style=\"font-weight: 400;\">En la jornada del pr\u00f3ximo domingo se invita a compartir experiencias que ayudan a conectar con la fuerza interior, para encontrar el sentido de la vida, superar la violencia interna y el sufrimiento, y ayudar a los dem\u00e1s para que tambi\u00e9n puedan hacerlo. Se realizar\u00e1n ceremonias de meditaci\u00f3n que facilitan conectar con esos espacios de la interioridad donde hay bondad y compasi\u00f3n, y desde los cuales es posible transmitir deseos de bienestar a las personas queridas que lo necesitan. <\/span><\/p>\n<p><span style=\"font-weight: 400;\"><br \/>\n<\/span><span style=\"font-weight: 400;\">Cada meditaci\u00f3n dura alrededor de 15 minutos y se compartir\u00e1n una cada hora desde las 15. La participaci\u00f3n es libre y gratuita y no es necesaria inscripci\u00f3n previa. <\/span><\/p>\n<p><span style=\"font-weight: 400;\"><br \/>\n<\/span><span style=\"font-weight: 400;\">La jornada forma parte de una serie de encuentros en distintas Plazas de Buenos Aires con miras a la celebraci\u00f3n el a\u00f1o pr\u00f3ximo del 50 aniversario de la primera arenga p\u00fablica dada por Silo el 4 de mayo de 1969 en Punta de Vacas, conocida como \u201cLa Curaci\u00f3n del Sufrimiento\u201d.<\/span><\/p>\n<p><span style=\"font-weight: 400;\"><br \/>\n<\/span><span style=\"font-weight: 400;\">Para mas informaci\u00f3n:<\/span><span style=\"font-weight: 400;\"><br \/>\n<\/span><span style=\"font-weight: 400;\">Facebook.com\\PuntadeVacas2019<\/span><span style=\"font-weight: 400;\"><br \/>\n<\/span><span style=\"font-weight: 400;\">www.elmensajedesilo.net<\/span><span style=\"font-weight: 400;\"><br \/>\n<\/span><span style=\"font-weight: 400;\"><br \/>\n<\/span><span style=\"font-weight: 400;\"><\/p>\n<p><\/span><\/p>\n","protected":false},"excerpt":{"rendered":"<p>Comunidades de El Mensaje de Silo convocan a participar de un encuentro de experiencias internas, ceremonias y meditaciones el pr\u00f3ximo domingo \u00a028 de octubre en el Vel\u00f3dromo de Lan\u00fas (29 de septiembre y Gral. Ferr\u00e9) de 15 a 18.30 horas.&hellip;<\/p>\n","protected":false},"author":20,"featured_media":742507,"comment_status":"closed","ping_status":"closed","sticky":false,"template":"","format":"standard","meta":{"footnotes":""},"categories":[20607],"tags":[546,792,36243,543],"class_list":["post-742506","post","type-post","status-publish","format-standard","has-post-thumbnail","hentry","category-sin-categorizar","tag-el-mensaje-de-silo","tag-espiritualidad","tag-lanus","tag-silo-es"],"yoast_head":"<!-- This site is optimized with the Yoast SEO plugin v27.1.1 - https:\/\/yoast.com\/product\/yoast-seo-wordpress\/ -->\n<title>Comunidades de El Mensaje de Silo invitan a Jornada de meditaci\u00f3n en el Vel\u00f3dromo de Lan\u00fas<\/title>\n<meta name=\"description\" content=\"Comunidades de El Mensaje de Silo convocan a participar de un encuentro de experiencias internas, ceremonias y meditaciones el pr\u00f3ximo domingo \u00a028 de\" \/>\n<meta name=\"robots\" content=\"index, follow, max-snippet:-1, max-image-preview:large, max-video-preview:-1\" \/>\n<link rel=\"canonical\" href=\"https:\/\/www.pressenza.com\/es\/2018\/10\/comunidades-de-el-mensaje-de-silo-invitan-a-jornada-de-meditacion-en-el-velodromo-de-lanus\/\" \/>\n<meta property=\"og:locale\" content=\"es_ES\" \/>\n<meta property=\"og:type\" content=\"article\" \/>\n<meta property=\"og:title\" content=\"Comunidades de El Mensaje de Silo invitan a Jornada de meditaci\u00f3n en el Vel\u00f3dromo de Lan\u00fas\" \/>\n<meta property=\"og:description\" content=\"Comunidades de El Mensaje de Silo convocan a participar de un encuentro de experiencias internas, ceremonias y meditaciones el pr\u00f3ximo domingo \u00a028 de\" \/>\n<meta property=\"og:url\" content=\"https:\/\/www.pressenza.com\/es\/2018\/10\/comunidades-de-el-mensaje-de-silo-invitan-a-jornada-de-meditacion-en-el-velodromo-de-lanus\/\" \/>\n<meta property=\"og:site_name\" content=\"Pressenza\" \/>\n<meta property=\"article:publisher\" content=\"https:\/\/www.facebook.com\/PressenzaItalia\" \/>\n<meta property=\"article:published_time\" content=\"2018-10-24T01:29:38+00:00\" \/>\n<meta property=\"article:modified_time\" content=\"2018-10-24T02:43:35+00:00\" \/>\n<meta property=\"og:image\" content=\"https:\/\/www.pressenza.com\/wp-content\/uploads\/2018\/10\/IMG-20181017-WA0042.jpg\" \/>\n\t<meta property=\"og:image:width\" content=\"853\" \/>\n\t<meta property=\"og:image:height\" content=\"1280\" \/>\n\t<meta property=\"og:image:type\" content=\"image\/jpeg\" \/>\n<meta name=\"author\" content=\"ivan novotny\" \/>\n<meta name=\"twitter:card\" content=\"summary_large_image\" \/>\n<meta name=\"twitter:creator\" content=\"@ivanovotny\" \/>\n<meta name=\"twitter:site\" content=\"@PressenzaIPA\" \/>\n<meta name=\"twitter:label1\" content=\"Escrito por\" \/>\n\t<meta name=\"twitter:data1\" content=\"ivan novotny\" \/>\n\t<meta name=\"twitter:label2\" content=\"Tiempo de lectura\" \/>\n\t<meta name=\"twitter:data2\" content=\"1 minuto\" \/>\n<script type=\"application\/ld+json\" class=\"yoast-schema-graph\">{\"@context\":\"https:\/\/schema.org\",\"@graph\":[{\"@type\":\"Article\",\"@id\":\"https:\/\/www.pressenza.com\/es\/2018\/10\/comunidades-de-el-mensaje-de-silo-invitan-a-jornada-de-meditacion-en-el-velodromo-de-lanus\/#article\",\"isPartOf\":{\"@id\":\"https:\/\/www.pressenza.com\/es\/2018\/10\/comunidades-de-el-mensaje-de-silo-invitan-a-jornada-de-meditacion-en-el-velodromo-de-lanus\/\"},\"author\":{\"name\":\"ivan novotny\",\"@id\":\"https:\/\/www.pressenza.com\/es\/#\/schema\/person\/074b2cdde387af1b7a93f788a03ec37a\"},\"headline\":\"Comunidades de El Mensaje de Silo invitan a Jornada de meditaci\u00f3n en el Vel\u00f3dromo de Lan\u00fas\",\"datePublished\":\"2018-10-24T01:29:38+00:00\",\"dateModified\":\"2018-10-24T02:43:35+00:00\",\"mainEntityOfPage\":{\"@id\":\"https:\/\/www.pressenza.com\/es\/2018\/10\/comunidades-de-el-mensaje-de-silo-invitan-a-jornada-de-meditacion-en-el-velodromo-de-lanus\/\"},\"wordCount\":299,\"publisher\":{\"@id\":\"https:\/\/www.pressenza.com\/es\/#organization\"},\"image\":{\"@id\":\"https:\/\/www.pressenza.com\/es\/2018\/10\/comunidades-de-el-mensaje-de-silo-invitan-a-jornada-de-meditacion-en-el-velodromo-de-lanus\/#primaryimage\"},\"thumbnailUrl\":\"https:\/\/www.pressenza.com\/wp-content\/uploads\/2018\/10\/IMG-20181017-WA0042.jpg\",\"keywords\":[\"El Mensaje de Silo\",\"Espiritualidad\",\"Lan\u00fas\",\"Silo\"],\"articleSection\":[\"Sin categorizar\"],\"inLanguage\":\"es\"},{\"@type\":\"WebPage\",\"@id\":\"https:\/\/www.pressenza.com\/es\/2018\/10\/comunidades-de-el-mensaje-de-silo-invitan-a-jornada-de-meditacion-en-el-velodromo-de-lanus\/\",\"url\":\"https:\/\/www.pressenza.com\/es\/2018\/10\/comunidades-de-el-mensaje-de-silo-invitan-a-jornada-de-meditacion-en-el-velodromo-de-lanus\/\",\"name\":\"Comunidades de El Mensaje de Silo invitan a Jornada de meditaci\u00f3n en el Vel\u00f3dromo de Lan\u00fas\",\"isPartOf\":{\"@id\":\"https:\/\/www.pressenza.com\/es\/#website\"},\"primaryImageOfPage\":{\"@id\":\"https:\/\/www.pressenza.com\/es\/2018\/10\/comunidades-de-el-mensaje-de-silo-invitan-a-jornada-de-meditacion-en-el-velodromo-de-lanus\/#primaryimage\"},\"image\":{\"@id\":\"https:\/\/www.pressenza.com\/es\/2018\/10\/comunidades-de-el-mensaje-de-silo-invitan-a-jornada-de-meditacion-en-el-velodromo-de-lanus\/#primaryimage\"},\"thumbnailUrl\":\"https:\/\/www.pressenza.com\/wp-content\/uploads\/2018\/10\/IMG-20181017-WA0042.jpg\",\"datePublished\":\"2018-10-24T01:29:38+00:00\",\"dateModified\":\"2018-10-24T02:43:35+00:00\",\"description\":\"Comunidades de El Mensaje de Silo convocan a participar de un encuentro de experiencias internas, ceremonias y meditaciones el pr\u00f3ximo domingo \u00a028 de\",\"breadcrumb\":{\"@id\":\"https:\/\/www.pressenza.com\/es\/2018\/10\/comunidades-de-el-mensaje-de-silo-invitan-a-jornada-de-meditacion-en-el-velodromo-de-lanus\/#breadcrumb\"},\"inLanguage\":\"es\",\"potentialAction\":[{\"@type\":\"ReadAction\",\"target\":[\"https:\/\/www.pressenza.com\/es\/2018\/10\/comunidades-de-el-mensaje-de-silo-invitan-a-jornada-de-meditacion-en-el-velodromo-de-lanus\/\"]}]},{\"@type\":\"ImageObject\",\"inLanguage\":\"es\",\"@id\":\"https:\/\/www.pressenza.com\/es\/2018\/10\/comunidades-de-el-mensaje-de-silo-invitan-a-jornada-de-meditacion-en-el-velodromo-de-lanus\/#primaryimage\",\"url\":\"https:\/\/www.pressenza.com\/wp-content\/uploads\/2018\/10\/IMG-20181017-WA0042.jpg\",\"contentUrl\":\"https:\/\/www.pressenza.com\/wp-content\/uploads\/2018\/10\/IMG-20181017-WA0042.jpg\",\"width\":853,\"height\":1280},{\"@type\":\"BreadcrumbList\",\"@id\":\"https:\/\/www.pressenza.com\/es\/2018\/10\/comunidades-de-el-mensaje-de-silo-invitan-a-jornada-de-meditacion-en-el-velodromo-de-lanus\/#breadcrumb\",\"itemListElement\":[{\"@type\":\"ListItem\",\"position\":1,\"name\":\"Accueil\",\"item\":\"https:\/\/www.pressenza.com\/es\/\"},{\"@type\":\"ListItem\",\"position\":2,\"name\":\"Comunidades de El Mensaje de Silo invitan a Jornada de meditaci\u00f3n en el Vel\u00f3dromo de Lan\u00fas\"}]},{\"@type\":\"WebSite\",\"@id\":\"https:\/\/www.pressenza.com\/es\/#website\",\"url\":\"https:\/\/www.pressenza.com\/es\/\",\"name\":\"Pressenza\",\"description\":\"International Press Agency\",\"publisher\":{\"@id\":\"https:\/\/www.pressenza.com\/es\/#organization\"},\"potentialAction\":[{\"@type\":\"SearchAction\",\"target\":{\"@type\":\"EntryPoint\",\"urlTemplate\":\"https:\/\/www.pressenza.com\/es\/?s={search_term_string}\"},\"query-input\":{\"@type\":\"PropertyValueSpecification\",\"valueRequired\":true,\"valueName\":\"search_term_string\"}}],\"inLanguage\":\"es\"},{\"@type\":\"Organization\",\"@id\":\"https:\/\/www.pressenza.com\/es\/#organization\",\"name\":\"Pressenza\",\"url\":\"https:\/\/www.pressenza.com\/es\/\",\"logo\":{\"@type\":\"ImageObject\",\"inLanguage\":\"es\",\"@id\":\"https:\/\/www.pressenza.com\/es\/#\/schema\/logo\/image\/\",\"url\":\"https:\/\/www.pressenza.com\/wp-content\/uploads\/2022\/10\/pressenza_logo_200x200.jpg\",\"contentUrl\":\"https:\/\/www.pressenza.com\/wp-content\/uploads\/2022\/10\/pressenza_logo_200x200.jpg\",\"width\":200,\"height\":200,\"caption\":\"Pressenza\"},\"image\":{\"@id\":\"https:\/\/www.pressenza.com\/es\/#\/schema\/logo\/image\/\"},\"sameAs\":[\"https:\/\/www.facebook.com\/PressenzaItalia\",\"https:\/\/x.com\/PressenzaIPA\"]},{\"@type\":\"Person\",\"@id\":\"https:\/\/www.pressenza.com\/es\/#\/schema\/person\/074b2cdde387af1b7a93f788a03ec37a\",\"name\":\"ivan novotny\",\"description\":\"A graduate in Communication Science from the University of Buenos Aires.\",\"sameAs\":[\"https:\/\/www.instagram.com\/inovotny\",\"https:\/\/x.com\/ivanovotny\"],\"url\":\"https:\/\/www.pressenza.com\/es\/author\/ivan-novotny\/\"}]}<\/script>\n<!-- \/ Yoast SEO plugin. -->","yoast_head_json":{"title":"Comunidades de El Mensaje de Silo invitan a Jornada de meditaci\u00f3n en el Vel\u00f3dromo de Lan\u00fas","description":"Comunidades de El Mensaje de Silo convocan a participar de un encuentro de experiencias internas, ceremonias y meditaciones el pr\u00f3ximo domingo \u00a028 de","robots":{"index":"index","follow":"follow","max-snippet":"max-snippet:-1","max-image-preview":"max-image-preview:large","max-video-preview":"max-video-preview:-1"},"canonical":"https:\/\/www.pressenza.com\/es\/2018\/10\/comunidades-de-el-mensaje-de-silo-invitan-a-jornada-de-meditacion-en-el-velodromo-de-lanus\/","og_locale":"es_ES","og_type":"article","og_title":"Comunidades de El Mensaje de Silo invitan a Jornada de meditaci\u00f3n en el Vel\u00f3dromo de Lan\u00fas","og_description":"Comunidades de El Mensaje de Silo convocan a participar de un encuentro de experiencias internas, ceremonias y meditaciones el pr\u00f3ximo domingo \u00a028 de","og_url":"https:\/\/www.pressenza.com\/es\/2018\/10\/comunidades-de-el-mensaje-de-silo-invitan-a-jornada-de-meditacion-en-el-velodromo-de-lanus\/","og_site_name":"Pressenza","article_publisher":"https:\/\/www.facebook.com\/PressenzaItalia","article_published_time":"2018-10-24T01:29:38+00:00","article_modified_time":"2018-10-24T02:43:35+00:00","og_image":[{"width":853,"height":1280,"url":"https:\/\/www.pressenza.com\/wp-content\/uploads\/2018\/10\/IMG-20181017-WA0042.jpg","type":"image\/jpeg"}],"author":"ivan novotny","twitter_card":"summary_large_image","twitter_creator":"@ivanovotny","twitter_site":"@PressenzaIPA","twitter_misc":{"Escrito por":"ivan novotny","Tiempo de lectura":"1 minuto"},"schema":{"@context":"https:\/\/schema.org","@graph":[{"@type":"Article","@id":"https:\/\/www.pressenza.com\/es\/2018\/10\/comunidades-de-el-mensaje-de-silo-invitan-a-jornada-de-meditacion-en-el-velodromo-de-lanus\/#article","isPartOf":{"@id":"https:\/\/www.pressenza.com\/es\/2018\/10\/comunidades-de-el-mensaje-de-silo-invitan-a-jornada-de-meditacion-en-el-velodromo-de-lanus\/"},"author":{"name":"ivan novotny","@id":"https:\/\/www.pressenza.com\/es\/#\/schema\/person\/074b2cdde387af1b7a93f788a03ec37a"},"headline":"Comunidades de El Mensaje de Silo invitan a Jornada de meditaci\u00f3n en el Vel\u00f3dromo de Lan\u00fas","datePublished":"2018-10-24T01:29:38+00:00","dateModified":"2018-10-24T02:43:35+00:00","mainEntityOfPage":{"@id":"https:\/\/www.pressenza.com\/es\/2018\/10\/comunidades-de-el-mensaje-de-silo-invitan-a-jornada-de-meditacion-en-el-velodromo-de-lanus\/"},"wordCount":299,"publisher":{"@id":"https:\/\/www.pressenza.com\/es\/#organization"},"image":{"@id":"https:\/\/www.pressenza.com\/es\/2018\/10\/comunidades-de-el-mensaje-de-silo-invitan-a-jornada-de-meditacion-en-el-velodromo-de-lanus\/#primaryimage"},"thumbnailUrl":"https:\/\/www.pressenza.com\/wp-content\/uploads\/2018\/10\/IMG-20181017-WA0042.jpg","keywords":["El Mensaje de Silo","Espiritualidad","Lan\u00fas","Silo"],"articleSection":["Sin categorizar"],"inLanguage":"es"},{"@type":"WebPage","@id":"https:\/\/www.pressenza.com\/es\/2018\/10\/comunidades-de-el-mensaje-de-silo-invitan-a-jornada-de-meditacion-en-el-velodromo-de-lanus\/","url":"https:\/\/www.pressenza.com\/es\/2018\/10\/comunidades-de-el-mensaje-de-silo-invitan-a-jornada-de-meditacion-en-el-velodromo-de-lanus\/","name":"Comunidades de El Mensaje de Silo invitan a Jornada de meditaci\u00f3n en el Vel\u00f3dromo de Lan\u00fas","isPartOf":{"@id":"https:\/\/www.pressenza.com\/es\/#website"},"primaryImageOfPage":{"@id":"https:\/\/www.pressenza.com\/es\/2018\/10\/comunidades-de-el-mensaje-de-silo-invitan-a-jornada-de-meditacion-en-el-velodromo-de-lanus\/#primaryimage"},"image":{"@id":"https:\/\/www.pressenza.com\/es\/2018\/10\/comunidades-de-el-mensaje-de-silo-invitan-a-jornada-de-meditacion-en-el-velodromo-de-lanus\/#primaryimage"},"thumbnailUrl":"https:\/\/www.pressenza.com\/wp-content\/uploads\/2018\/10\/IMG-20181017-WA0042.jpg","datePublished":"2018-10-24T01:29:38+00:00","dateModified":"2018-10-24T02:43:35+00:00","description":"Comunidades de El Mensaje de Silo convocan a participar de un encuentro de experiencias internas, ceremonias y meditaciones el pr\u00f3ximo domingo \u00a028 de","breadcrumb":{"@id":"https:\/\/www.pressenza.com\/es\/2018\/10\/comunidades-de-el-mensaje-de-silo-invitan-a-jornada-de-meditacion-en-el-velodromo-de-lanus\/#breadcrumb"},"inLanguage":"es","potentialAction":[{"@type":"ReadAction","target":["https:\/\/www.pressenza.com\/es\/2018\/10\/comunidades-de-el-mensaje-de-silo-invitan-a-jornada-de-meditacion-en-el-velodromo-de-lanus\/"]}]},{"@type":"ImageObject","inLanguage":"es","@id":"https:\/\/www.pressenza.com\/es\/2018\/10\/comunidades-de-el-mensaje-de-silo-invitan-a-jornada-de-meditacion-en-el-velodromo-de-lanus\/#primaryimage","url":"https:\/\/www.pressenza.com\/wp-content\/uploads\/2018\/10\/IMG-20181017-WA0042.jpg","contentUrl":"https:\/\/www.pressenza.com\/wp-content\/uploads\/2018\/10\/IMG-20181017-WA0042.jpg","width":853,"height":1280},{"@type":"BreadcrumbList","@id":"https:\/\/www.pressenza.com\/es\/2018\/10\/comunidades-de-el-mensaje-de-silo-invitan-a-jornada-de-meditacion-en-el-velodromo-de-lanus\/#breadcrumb","itemListElement":[{"@type":"ListItem","position":1,"name":"Accueil","item":"https:\/\/www.pressenza.com\/es\/"},{"@type":"ListItem","position":2,"name":"Comunidades de El Mensaje de Silo invitan a Jornada de meditaci\u00f3n en el Vel\u00f3dromo de Lan\u00fas"}]},{"@type":"WebSite","@id":"https:\/\/www.pressenza.com\/es\/#website","url":"https:\/\/www.pressenza.com\/es\/","name":"Pressenza","description":"International Press Agency","publisher":{"@id":"https:\/\/www.pressenza.com\/es\/#organization"},"potentialAction":[{"@type":"SearchAction","target":{"@type":"EntryPoint","urlTemplate":"https:\/\/www.pressenza.com\/es\/?s={search_term_string}"},"query-input":{"@type":"PropertyValueSpecification","valueRequired":true,"valueName":"search_term_string"}}],"inLanguage":"es"},{"@type":"Organization","@id":"https:\/\/www.pressenza.com\/es\/#organization","name":"Pressenza","url":"https:\/\/www.pressenza.com\/es\/","logo":{"@type":"ImageObject","inLanguage":"es","@id":"https:\/\/www.pressenza.com\/es\/#\/schema\/logo\/image\/","url":"https:\/\/www.pressenza.com\/wp-content\/uploads\/2022\/10\/pressenza_logo_200x200.jpg","contentUrl":"https:\/\/www.pressenza.com\/wp-content\/uploads\/2022\/10\/pressenza_logo_200x200.jpg","width":200,"height":200,"caption":"Pressenza"},"image":{"@id":"https:\/\/www.pressenza.com\/es\/#\/schema\/logo\/image\/"},"sameAs":["https:\/\/www.facebook.com\/PressenzaItalia","https:\/\/x.com\/PressenzaIPA"]},{"@type":"Person","@id":"https:\/\/www.pressenza.com\/es\/#\/schema\/person\/074b2cdde387af1b7a93f788a03ec37a","name":"ivan novotny","description":"A graduate in Communication Science from the University of Buenos Aires.","sameAs":["https:\/\/www.instagram.com\/inovotny","https:\/\/x.com\/ivanovotny"],"url":"https:\/\/www.pressenza.com\/es\/author\/ivan-novotny\/"}]}},"place":"Lan\u00fas, Buenos Aires","original_article_url":"","_links":{"self":[{"href":"https:\/\/www.pressenza.com\/es\/wp-json\/wp\/v2\/posts\/742506","targetHints":{"allow":["GET"]}}],"collection":[{"href":"https:\/\/www.pressenza.com\/es\/wp-json\/wp\/v2\/posts"}],"about":[{"href":"https:\/\/www.pressenza.com\/es\/wp-json\/wp\/v2\/types\/post"}],"author":[{"embeddable":true,"href":"https:\/\/www.pressenza.com\/es\/wp-json\/wp\/v2\/users\/20"}],"replies":[{"embeddable":true,"href":"https:\/\/www.pressenza.com\/es\/wp-json\/wp\/v2\/comments?post=742506"}],"version-history":[{"count":0,"href":"https:\/\/www.pressenza.com\/es\/wp-json\/wp\/v2\/posts\/742506\/revisions"}],"wp:featuredmedia":[{"embeddable":true,"href":"https:\/\/www.pressenza.com\/es\/wp-json\/wp\/v2\/media\/742507"}],"wp:attachment":[{"href":"https:\/\/www.pressenza.com\/es\/wp-json\/wp\/v2\/media?parent=742506"}],"wp:term":[{"taxonomy":"category","embeddable":true,"href":"https:\/\/www.pressenza.com\/es\/wp-json\/wp\/v2\/categories?post=742506"},{"taxonomy":"post_tag","embeddable":true,"href":"https:\/\/www.pressenza.com\/es\/wp-json\/wp\/v2\/tags?post=742506"}],"curies":[{"name":"wp","href":"https:\/\/api.w.org\/{rel}","templated":true}]}}