{"id":742456,"date":"2018-10-23T22:30:52","date_gmt":"2018-10-23T21:30:52","guid":{"rendered":"https:\/\/www.pressenza.com\/?p=742456"},"modified":"2018-10-23T22:32:48","modified_gmt":"2018-10-23T21:32:48","slug":"seminario-sobre-la-radicalizacion-violenta-vias-para-la-accion-preventiva","status":"publish","type":"post","link":"https:\/\/www.pressenza.com\/es\/2018\/10\/seminario-sobre-la-radicalizacion-violenta-vias-para-la-accion-preventiva\/","title":{"rendered":"Seminario sobre la radicalizaci\u00f3n violenta, v\u00edas para la acci\u00f3n preventiva"},"content":{"rendered":"<blockquote>\n<p dir=\"ltr\">El viernes 26 de octubre tendr\u00e1 lugar en Madrid un seminario que, junto con un elenco de personalidades, buscar\u00e1 profundizar sobre las causas de la radicalizaci\u00f3n violenta y los mecanismos de abordaje y prevenci\u00f3n.<\/p>\n<p dir=\"ltr\">Est\u00e1 organizado por la Oficina de Asuntos P\u00fablicos de la Comunidad Bah\u00e1&#8217;\u00ed de Espa\u00f1a y se celebrar\u00e1 en el CEDEU (calle Jos\u00e9 Pic\u00f3n, 7), de 9 a 14,20 horas. Pressenza colabora con esta iniciativa.<\/p>\n<\/blockquote>\n<p dir=\"ltr\">El seminario cuenta con expertos del Centro de Inteligencia contra el Terrorismo y el Crimen Organizado (CITCO) y la Fundaci\u00f3n Pluralismo y Convivencia, entre otros representantes de diferentes sectores \u2014pol\u00edtico, medi\u00e1tico, acad\u00e9mico, religioso, asociativo y econ\u00f3mico\u2014. Dicho seminario se celebrar\u00e1 el 26 de octubre, en el Centro de Estudios Universitarios (CEDEU), con el fin de generar un espacio de aprendizaje colectivo, en el que se pueda debatir acerca de las causas de la radicalizaci\u00f3n violenta, atendiendo al factor religioso como clave de algunas de las l\u00f3gicas que pueden incidir en el fen\u00f3meno, pero sin limitar la reflexi\u00f3n a ese \u00e1mbito; as\u00ed como, los mecanismos de abordaje y prevenci\u00f3n pol\u00edticos, sociales, econ\u00f3micos y religiosos m\u00e1s efectivos.<\/p>\n<p dir=\"ltr\">Diferentes fen\u00f3menos vinculados a la radicalizaci\u00f3n violenta y al fundamentalismo \u2014distintos pero interconectados\u2014 han proliferado en los \u00faltimos a\u00f1os en las sociedades occidentales. Los an\u00e1lisis para comprender dichos fen\u00f3menos suelen, por un lado, excluir la dimensi\u00f3n religiosa, para centrarse en otras causas importantes tales como la marginalidad, la identidad, los problemas de integraci\u00f3n o las deficiencias de los mecanismos de seguridad y de defensa o, por el otro, solamente atender al factor religioso como si fuera el \u00fanico componente que propicia el proceso de radicalizaci\u00f3n.<\/p>\n<p dir=\"ltr\">Este seminario pretende conectar estos dos enfoques en toda su complejidad, haciendo expl\u00edcita una premisa: la religi\u00f3n y sus l\u00f3gicas son algunas de las claves para comprender dichos fen\u00f3menos y para elaborar mecanismos efectivos de prevenci\u00f3n, abordaje y superaci\u00f3n; sin embargo, tambi\u00e9n deben tenerse en consideraci\u00f3n otros factores de \u00edndole social, econ\u00f3mica, pol\u00edtica e identitaria.<\/p>\n<p dir=\"ltr\">Para m\u00e1s informaci\u00f3n, consulte <a href=\"https:\/\/gobernanza.es\/wp-content\/uploads\/2018\/10\/Programa_-Seminario-sobre-la-radicalizaci%C3%B3n-violenta-1.pdf\" target=\"_blank\" rel=\"noopener\" data-saferedirecturl=\"https:\/\/www.google.com\/url?q=https:\/\/gobernanza.es\/wp-content\/uploads\/2018\/10\/Programa_-Seminario-sobre-la-radicalizaci%25C3%25B3n-violenta-1.pdf&amp;source=gmail&amp;ust=1540411884398000&amp;usg=AFQjCNE5gCbcX5Zm-ywlAvMfXM9gcMysiw\">el programa<\/a>.<\/p>\n<p dir=\"ltr\">Inscripciones a <a href=\"mailto:asuntospublicos.rrii@bahai.es\" target=\"_blank\" rel=\"noopener\">asuntospublicos.rrii@bahai.es<\/a>.<\/p>\n<p>&nbsp;<\/p>\n","protected":false},"excerpt":{"rendered":"<p>El viernes 26 de octubre tendr\u00e1 lugar en Madrid un seminario que, junto con un elenco de personalidades, buscar\u00e1 profundizar sobre las causas de la radicalizaci\u00f3n violenta y los mecanismos de abordaje y prevenci\u00f3n. Est\u00e1 organizado por la Oficina de&hellip;<\/p>\n","protected":false},"author":94,"featured_media":742469,"comment_status":"closed","ping_status":"closed","sticky":false,"template":"","format":"standard","meta":{"footnotes":""},"categories":[76,149],"tags":[29856,10270,51077,11561,623,25192],"class_list":["post-742456","post","type-post","status-publish","format-standard","has-post-thumbnail","hentry","category-relaciones-exteriores","category-comunicados-de-prensa","tag-fe-bahai","tag-prevencion","tag-radicalizacion","tag-religion-es","tag-violencia","tag-yihadismo"],"yoast_head":"<!-- This site is optimized with the Yoast SEO plugin v27.1.1 - https:\/\/yoast.com\/product\/yoast-seo-wordpress\/ -->\n<title>Seminario sobre la radicalizaci\u00f3n violenta, v\u00edas para la acci\u00f3n preventiva<\/title>\n<meta name=\"description\" content=\"El viernes 26 de octubre tendr\u00e1 lugar en Madrid un seminario que, junto con un elenco de personalidades, buscar\u00e1 profundizar sobre las causas de la\" \/>\n<meta name=\"robots\" content=\"index, follow, max-snippet:-1, max-image-preview:large, max-video-preview:-1\" \/>\n<link rel=\"canonical\" href=\"https:\/\/www.pressenza.com\/es\/2018\/10\/seminario-sobre-la-radicalizacion-violenta-vias-para-la-accion-preventiva\/\" \/>\n<meta property=\"og:locale\" content=\"es_ES\" \/>\n<meta property=\"og:type\" content=\"article\" \/>\n<meta property=\"og:title\" content=\"Seminario sobre la radicalizaci\u00f3n violenta, v\u00edas para la acci\u00f3n preventiva\" \/>\n<meta property=\"og:description\" content=\"El viernes 26 de octubre tendr\u00e1 lugar en Madrid un seminario que, junto con un elenco de personalidades, buscar\u00e1 profundizar sobre las causas de la\" \/>\n<meta property=\"og:url\" content=\"https:\/\/www.pressenza.com\/es\/2018\/10\/seminario-sobre-la-radicalizacion-violenta-vias-para-la-accion-preventiva\/\" \/>\n<meta property=\"og:site_name\" content=\"Pressenza\" \/>\n<meta property=\"article:publisher\" content=\"https:\/\/www.facebook.com\/PressenzaItalia\" \/>\n<meta property=\"article:author\" content=\"https:\/\/www.facebook.com\/pressenza\" \/>\n<meta property=\"article:published_time\" content=\"2018-10-23T21:30:52+00:00\" \/>\n<meta property=\"article:modified_time\" content=\"2018-10-23T21:32:48+00:00\" \/>\n<meta property=\"og:image\" content=\"https:\/\/www.pressenza.com\/wp-content\/uploads\/2018\/10\/Cartel_-Seminario-sobre-la-radicalizacion-violenta_-26.10.png\" \/>\n\t<meta property=\"og:image:width\" content=\"3508\" \/>\n\t<meta property=\"og:image:height\" content=\"4961\" \/>\n\t<meta property=\"og:image:type\" content=\"image\/png\" \/>\n<meta name=\"author\" content=\"Redacci\u00f3n Madrid\" \/>\n<meta name=\"twitter:card\" content=\"summary_large_image\" \/>\n<meta name=\"twitter:creator\" content=\"@pressenza\" \/>\n<meta name=\"twitter:site\" content=\"@PressenzaIPA\" \/>\n<meta name=\"twitter:label1\" content=\"Escrito por\" \/>\n\t<meta name=\"twitter:data1\" content=\"Redacci\u00f3n Madrid\" \/>\n\t<meta name=\"twitter:label2\" content=\"Tiempo de lectura\" \/>\n\t<meta name=\"twitter:data2\" content=\"2 minutos\" \/>\n<script type=\"application\/ld+json\" class=\"yoast-schema-graph\">{\"@context\":\"https:\/\/schema.org\",\"@graph\":[{\"@type\":\"Article\",\"@id\":\"https:\/\/www.pressenza.com\/es\/2018\/10\/seminario-sobre-la-radicalizacion-violenta-vias-para-la-accion-preventiva\/#article\",\"isPartOf\":{\"@id\":\"https:\/\/www.pressenza.com\/es\/2018\/10\/seminario-sobre-la-radicalizacion-violenta-vias-para-la-accion-preventiva\/\"},\"author\":{\"name\":\"Redacci\u00f3n Madrid\",\"@id\":\"https:\/\/www.pressenza.com\/es\/#\/schema\/person\/828fc40eeca2ad7be3630e5a46adba94\"},\"headline\":\"Seminario sobre la radicalizaci\u00f3n violenta, v\u00edas para la acci\u00f3n preventiva\",\"datePublished\":\"2018-10-23T21:30:52+00:00\",\"dateModified\":\"2018-10-23T21:32:48+00:00\",\"mainEntityOfPage\":{\"@id\":\"https:\/\/www.pressenza.com\/es\/2018\/10\/seminario-sobre-la-radicalizacion-violenta-vias-para-la-accion-preventiva\/\"},\"wordCount\":382,\"publisher\":{\"@id\":\"https:\/\/www.pressenza.com\/es\/#organization\"},\"image\":{\"@id\":\"https:\/\/www.pressenza.com\/es\/2018\/10\/seminario-sobre-la-radicalizacion-violenta-vias-para-la-accion-preventiva\/#primaryimage\"},\"thumbnailUrl\":\"https:\/\/www.pressenza.com\/wp-content\/uploads\/2018\/10\/Cartel_-Seminario-sobre-la-radicalizacion-violenta_-26.10.png\",\"keywords\":[\"Fe Baha'i\",\"prevenci\u00f3n\",\"Radicalizaci\u00f3n\",\"religi\u00f3n\",\"Violencia\",\"Yihadismo\"],\"articleSection\":[\"Asuntos internacionales\",\"Comunicados de Prensa\"],\"inLanguage\":\"es\"},{\"@type\":\"WebPage\",\"@id\":\"https:\/\/www.pressenza.com\/es\/2018\/10\/seminario-sobre-la-radicalizacion-violenta-vias-para-la-accion-preventiva\/\",\"url\":\"https:\/\/www.pressenza.com\/es\/2018\/10\/seminario-sobre-la-radicalizacion-violenta-vias-para-la-accion-preventiva\/\",\"name\":\"Seminario sobre la radicalizaci\u00f3n violenta, v\u00edas para la acci\u00f3n preventiva\",\"isPartOf\":{\"@id\":\"https:\/\/www.pressenza.com\/es\/#website\"},\"primaryImageOfPage\":{\"@id\":\"https:\/\/www.pressenza.com\/es\/2018\/10\/seminario-sobre-la-radicalizacion-violenta-vias-para-la-accion-preventiva\/#primaryimage\"},\"image\":{\"@id\":\"https:\/\/www.pressenza.com\/es\/2018\/10\/seminario-sobre-la-radicalizacion-violenta-vias-para-la-accion-preventiva\/#primaryimage\"},\"thumbnailUrl\":\"https:\/\/www.pressenza.com\/wp-content\/uploads\/2018\/10\/Cartel_-Seminario-sobre-la-radicalizacion-violenta_-26.10.png\",\"datePublished\":\"2018-10-23T21:30:52+00:00\",\"dateModified\":\"2018-10-23T21:32:48+00:00\",\"description\":\"El viernes 26 de octubre tendr\u00e1 lugar en Madrid un seminario que, junto con un elenco de personalidades, buscar\u00e1 profundizar sobre las causas de la\",\"breadcrumb\":{\"@id\":\"https:\/\/www.pressenza.com\/es\/2018\/10\/seminario-sobre-la-radicalizacion-violenta-vias-para-la-accion-preventiva\/#breadcrumb\"},\"inLanguage\":\"es\",\"potentialAction\":[{\"@type\":\"ReadAction\",\"target\":[\"https:\/\/www.pressenza.com\/es\/2018\/10\/seminario-sobre-la-radicalizacion-violenta-vias-para-la-accion-preventiva\/\"]}]},{\"@type\":\"ImageObject\",\"inLanguage\":\"es\",\"@id\":\"https:\/\/www.pressenza.com\/es\/2018\/10\/seminario-sobre-la-radicalizacion-violenta-vias-para-la-accion-preventiva\/#primaryimage\",\"url\":\"https:\/\/www.pressenza.com\/wp-content\/uploads\/2018\/10\/Cartel_-Seminario-sobre-la-radicalizacion-violenta_-26.10.png\",\"contentUrl\":\"https:\/\/www.pressenza.com\/wp-content\/uploads\/2018\/10\/Cartel_-Seminario-sobre-la-radicalizacion-violenta_-26.10.png\",\"width\":3508,\"height\":4961},{\"@type\":\"BreadcrumbList\",\"@id\":\"https:\/\/www.pressenza.com\/es\/2018\/10\/seminario-sobre-la-radicalizacion-violenta-vias-para-la-accion-preventiva\/#breadcrumb\",\"itemListElement\":[{\"@type\":\"ListItem\",\"position\":1,\"name\":\"Accueil\",\"item\":\"https:\/\/www.pressenza.com\/es\/\"},{\"@type\":\"ListItem\",\"position\":2,\"name\":\"Seminario sobre la radicalizaci\u00f3n violenta, v\u00edas para la acci\u00f3n preventiva\"}]},{\"@type\":\"WebSite\",\"@id\":\"https:\/\/www.pressenza.com\/es\/#website\",\"url\":\"https:\/\/www.pressenza.com\/es\/\",\"name\":\"Pressenza\",\"description\":\"International Press Agency\",\"publisher\":{\"@id\":\"https:\/\/www.pressenza.com\/es\/#organization\"},\"potentialAction\":[{\"@type\":\"SearchAction\",\"target\":{\"@type\":\"EntryPoint\",\"urlTemplate\":\"https:\/\/www.pressenza.com\/es\/?s={search_term_string}\"},\"query-input\":{\"@type\":\"PropertyValueSpecification\",\"valueRequired\":true,\"valueName\":\"search_term_string\"}}],\"inLanguage\":\"es\"},{\"@type\":\"Organization\",\"@id\":\"https:\/\/www.pressenza.com\/es\/#organization\",\"name\":\"Pressenza\",\"url\":\"https:\/\/www.pressenza.com\/es\/\",\"logo\":{\"@type\":\"ImageObject\",\"inLanguage\":\"es\",\"@id\":\"https:\/\/www.pressenza.com\/es\/#\/schema\/logo\/image\/\",\"url\":\"https:\/\/www.pressenza.com\/wp-content\/uploads\/2022\/10\/pressenza_logo_200x200.jpg\",\"contentUrl\":\"https:\/\/www.pressenza.com\/wp-content\/uploads\/2022\/10\/pressenza_logo_200x200.jpg\",\"width\":200,\"height\":200,\"caption\":\"Pressenza\"},\"image\":{\"@id\":\"https:\/\/www.pressenza.com\/es\/#\/schema\/logo\/image\/\"},\"sameAs\":[\"https:\/\/www.facebook.com\/PressenzaItalia\",\"https:\/\/x.com\/PressenzaIPA\"]},{\"@type\":\"Person\",\"@id\":\"https:\/\/www.pressenza.com\/es\/#\/schema\/person\/828fc40eeca2ad7be3630e5a46adba94\",\"name\":\"Redacci\u00f3n Madrid\",\"description\":\"News from the Pressenza Bureau in Madrid, Spain\",\"sameAs\":[\"https:\/\/www.facebook.com\/pressenza\",\"https:\/\/x.com\/pressenza\"],\"url\":\"https:\/\/www.pressenza.com\/es\/author\/redaccion-madrid\/\"}]}<\/script>\n<!-- \/ Yoast SEO plugin. -->","yoast_head_json":{"title":"Seminario sobre la radicalizaci\u00f3n violenta, v\u00edas para la acci\u00f3n preventiva","description":"El viernes 26 de octubre tendr\u00e1 lugar en Madrid un seminario que, junto con un elenco de personalidades, buscar\u00e1 profundizar sobre las causas de la","robots":{"index":"index","follow":"follow","max-snippet":"max-snippet:-1","max-image-preview":"max-image-preview:large","max-video-preview":"max-video-preview:-1"},"canonical":"https:\/\/www.pressenza.com\/es\/2018\/10\/seminario-sobre-la-radicalizacion-violenta-vias-para-la-accion-preventiva\/","og_locale":"es_ES","og_type":"article","og_title":"Seminario sobre la radicalizaci\u00f3n violenta, v\u00edas para la acci\u00f3n preventiva","og_description":"El viernes 26 de octubre tendr\u00e1 lugar en Madrid un seminario que, junto con un elenco de personalidades, buscar\u00e1 profundizar sobre las causas de la","og_url":"https:\/\/www.pressenza.com\/es\/2018\/10\/seminario-sobre-la-radicalizacion-violenta-vias-para-la-accion-preventiva\/","og_site_name":"Pressenza","article_publisher":"https:\/\/www.facebook.com\/PressenzaItalia","article_author":"https:\/\/www.facebook.com\/pressenza","article_published_time":"2018-10-23T21:30:52+00:00","article_modified_time":"2018-10-23T21:32:48+00:00","og_image":[{"width":3508,"height":4961,"url":"https:\/\/www.pressenza.com\/wp-content\/uploads\/2018\/10\/Cartel_-Seminario-sobre-la-radicalizacion-violenta_-26.10.png","type":"image\/png"}],"author":"Redacci\u00f3n Madrid","twitter_card":"summary_large_image","twitter_creator":"@pressenza","twitter_site":"@PressenzaIPA","twitter_misc":{"Escrito por":"Redacci\u00f3n Madrid","Tiempo de lectura":"2 minutos"},"schema":{"@context":"https:\/\/schema.org","@graph":[{"@type":"Article","@id":"https:\/\/www.pressenza.com\/es\/2018\/10\/seminario-sobre-la-radicalizacion-violenta-vias-para-la-accion-preventiva\/#article","isPartOf":{"@id":"https:\/\/www.pressenza.com\/es\/2018\/10\/seminario-sobre-la-radicalizacion-violenta-vias-para-la-accion-preventiva\/"},"author":{"name":"Redacci\u00f3n Madrid","@id":"https:\/\/www.pressenza.com\/es\/#\/schema\/person\/828fc40eeca2ad7be3630e5a46adba94"},"headline":"Seminario sobre la radicalizaci\u00f3n violenta, v\u00edas para la acci\u00f3n preventiva","datePublished":"2018-10-23T21:30:52+00:00","dateModified":"2018-10-23T21:32:48+00:00","mainEntityOfPage":{"@id":"https:\/\/www.pressenza.com\/es\/2018\/10\/seminario-sobre-la-radicalizacion-violenta-vias-para-la-accion-preventiva\/"},"wordCount":382,"publisher":{"@id":"https:\/\/www.pressenza.com\/es\/#organization"},"image":{"@id":"https:\/\/www.pressenza.com\/es\/2018\/10\/seminario-sobre-la-radicalizacion-violenta-vias-para-la-accion-preventiva\/#primaryimage"},"thumbnailUrl":"https:\/\/www.pressenza.com\/wp-content\/uploads\/2018\/10\/Cartel_-Seminario-sobre-la-radicalizacion-violenta_-26.10.png","keywords":["Fe Baha'i","prevenci\u00f3n","Radicalizaci\u00f3n","religi\u00f3n","Violencia","Yihadismo"],"articleSection":["Asuntos internacionales","Comunicados de Prensa"],"inLanguage":"es"},{"@type":"WebPage","@id":"https:\/\/www.pressenza.com\/es\/2018\/10\/seminario-sobre-la-radicalizacion-violenta-vias-para-la-accion-preventiva\/","url":"https:\/\/www.pressenza.com\/es\/2018\/10\/seminario-sobre-la-radicalizacion-violenta-vias-para-la-accion-preventiva\/","name":"Seminario sobre la radicalizaci\u00f3n violenta, v\u00edas para la acci\u00f3n preventiva","isPartOf":{"@id":"https:\/\/www.pressenza.com\/es\/#website"},"primaryImageOfPage":{"@id":"https:\/\/www.pressenza.com\/es\/2018\/10\/seminario-sobre-la-radicalizacion-violenta-vias-para-la-accion-preventiva\/#primaryimage"},"image":{"@id":"https:\/\/www.pressenza.com\/es\/2018\/10\/seminario-sobre-la-radicalizacion-violenta-vias-para-la-accion-preventiva\/#primaryimage"},"thumbnailUrl":"https:\/\/www.pressenza.com\/wp-content\/uploads\/2018\/10\/Cartel_-Seminario-sobre-la-radicalizacion-violenta_-26.10.png","datePublished":"2018-10-23T21:30:52+00:00","dateModified":"2018-10-23T21:32:48+00:00","description":"El viernes 26 de octubre tendr\u00e1 lugar en Madrid un seminario que, junto con un elenco de personalidades, buscar\u00e1 profundizar sobre las causas de la","breadcrumb":{"@id":"https:\/\/www.pressenza.com\/es\/2018\/10\/seminario-sobre-la-radicalizacion-violenta-vias-para-la-accion-preventiva\/#breadcrumb"},"inLanguage":"es","potentialAction":[{"@type":"ReadAction","target":["https:\/\/www.pressenza.com\/es\/2018\/10\/seminario-sobre-la-radicalizacion-violenta-vias-para-la-accion-preventiva\/"]}]},{"@type":"ImageObject","inLanguage":"es","@id":"https:\/\/www.pressenza.com\/es\/2018\/10\/seminario-sobre-la-radicalizacion-violenta-vias-para-la-accion-preventiva\/#primaryimage","url":"https:\/\/www.pressenza.com\/wp-content\/uploads\/2018\/10\/Cartel_-Seminario-sobre-la-radicalizacion-violenta_-26.10.png","contentUrl":"https:\/\/www.pressenza.com\/wp-content\/uploads\/2018\/10\/Cartel_-Seminario-sobre-la-radicalizacion-violenta_-26.10.png","width":3508,"height":4961},{"@type":"BreadcrumbList","@id":"https:\/\/www.pressenza.com\/es\/2018\/10\/seminario-sobre-la-radicalizacion-violenta-vias-para-la-accion-preventiva\/#breadcrumb","itemListElement":[{"@type":"ListItem","position":1,"name":"Accueil","item":"https:\/\/www.pressenza.com\/es\/"},{"@type":"ListItem","position":2,"name":"Seminario sobre la radicalizaci\u00f3n violenta, v\u00edas para la acci\u00f3n preventiva"}]},{"@type":"WebSite","@id":"https:\/\/www.pressenza.com\/es\/#website","url":"https:\/\/www.pressenza.com\/es\/","name":"Pressenza","description":"International Press Agency","publisher":{"@id":"https:\/\/www.pressenza.com\/es\/#organization"},"potentialAction":[{"@type":"SearchAction","target":{"@type":"EntryPoint","urlTemplate":"https:\/\/www.pressenza.com\/es\/?s={search_term_string}"},"query-input":{"@type":"PropertyValueSpecification","valueRequired":true,"valueName":"search_term_string"}}],"inLanguage":"es"},{"@type":"Organization","@id":"https:\/\/www.pressenza.com\/es\/#organization","name":"Pressenza","url":"https:\/\/www.pressenza.com\/es\/","logo":{"@type":"ImageObject","inLanguage":"es","@id":"https:\/\/www.pressenza.com\/es\/#\/schema\/logo\/image\/","url":"https:\/\/www.pressenza.com\/wp-content\/uploads\/2022\/10\/pressenza_logo_200x200.jpg","contentUrl":"https:\/\/www.pressenza.com\/wp-content\/uploads\/2022\/10\/pressenza_logo_200x200.jpg","width":200,"height":200,"caption":"Pressenza"},"image":{"@id":"https:\/\/www.pressenza.com\/es\/#\/schema\/logo\/image\/"},"sameAs":["https:\/\/www.facebook.com\/PressenzaItalia","https:\/\/x.com\/PressenzaIPA"]},{"@type":"Person","@id":"https:\/\/www.pressenza.com\/es\/#\/schema\/person\/828fc40eeca2ad7be3630e5a46adba94","name":"Redacci\u00f3n Madrid","description":"News from the Pressenza Bureau in Madrid, Spain","sameAs":["https:\/\/www.facebook.com\/pressenza","https:\/\/x.com\/pressenza"],"url":"https:\/\/www.pressenza.com\/es\/author\/redaccion-madrid\/"}]}},"place":"Madrid","original_article_url":"","_links":{"self":[{"href":"https:\/\/www.pressenza.com\/es\/wp-json\/wp\/v2\/posts\/742456","targetHints":{"allow":["GET"]}}],"collection":[{"href":"https:\/\/www.pressenza.com\/es\/wp-json\/wp\/v2\/posts"}],"about":[{"href":"https:\/\/www.pressenza.com\/es\/wp-json\/wp\/v2\/types\/post"}],"author":[{"embeddable":true,"href":"https:\/\/www.pressenza.com\/es\/wp-json\/wp\/v2\/users\/94"}],"replies":[{"embeddable":true,"href":"https:\/\/www.pressenza.com\/es\/wp-json\/wp\/v2\/comments?post=742456"}],"version-history":[{"count":0,"href":"https:\/\/www.pressenza.com\/es\/wp-json\/wp\/v2\/posts\/742456\/revisions"}],"wp:featuredmedia":[{"embeddable":true,"href":"https:\/\/www.pressenza.com\/es\/wp-json\/wp\/v2\/media\/742469"}],"wp:attachment":[{"href":"https:\/\/www.pressenza.com\/es\/wp-json\/wp\/v2\/media?parent=742456"}],"wp:term":[{"taxonomy":"category","embeddable":true,"href":"https:\/\/www.pressenza.com\/es\/wp-json\/wp\/v2\/categories?post=742456"},{"taxonomy":"post_tag","embeddable":true,"href":"https:\/\/www.pressenza.com\/es\/wp-json\/wp\/v2\/tags?post=742456"}],"curies":[{"name":"wp","href":"https:\/\/api.w.org\/{rel}","templated":true}]}}