{"id":742426,"date":"2018-10-23T19:46:08","date_gmt":"2018-10-23T18:46:08","guid":{"rendered":"https:\/\/www.pressenza.com\/?p=742426"},"modified":"2018-10-23T19:48:29","modified_gmt":"2018-10-23T18:48:29","slug":"vi-simposio-internacional-del-cmeh-de-nosotros-depende","status":"publish","type":"post","link":"https:\/\/www.pressenza.com\/es\/2018\/10\/vi-simposio-internacional-del-cmeh-de-nosotros-depende\/","title":{"rendered":"VI Simposio Internacional del CMEH &#8211; \u00a1De nosotros depende!"},"content":{"rendered":"<p><strong>Con una nutrida agenda, que busca romper paradigmas y promover cambios estructurales, el VI Simposio Internacional \u201c<em>Labrando nuevos caminos<\/em>\u201d se inaugura este mi\u00e9rcoles 24 de octubre en Lima, Per\u00fa.<\/strong><\/p>\n<p>El <strong>Lugar de la Memoria, la Tolerancia y la Inclusi\u00f3n Social<\/strong> (<strong>LUM<\/strong>), ser\u00e1 el lugar emblem\u00e1tico donde se desarrollar\u00e1 por dos d\u00edas el <strong>VI Simposio Internacional <em>\u201cLabrando nuevos caminos. Lo que falla es el sistema. El cambio est\u00e1 en la acci\u00f3n humana\u201d<\/em><\/strong>, organizado por el <strong>Centro Mundial de Estudios Humanistas (CMEH).<\/strong><\/p>\n<p>En esta edici\u00f3n, el VI Simposio, busca profundizar la comprensi\u00f3n de las ra\u00edces de esta crisis sist\u00e9mica y promover el intercambio de experiencias y la reflexi\u00f3n sobre nuevos caminos que nos conduzcan hacia otro modo de vida y de sociedad; con los cambios que necesitamos hacer y del modo m\u00e1s efectivo posible.<\/p>\n<p>\u201c\u00a1De nosotros depende! \u00a1Hoy m\u00e1s que nunca tenemos necesidad de proponer y desarrollar estrategias que nos conduzcan al gran cambio que queremos promover en la sociedad latinoamericana y mundial! Solo la comunicaci\u00f3n y la acci\u00f3n conjunta permitir\u00e1n construir el futuro querido por el esp\u00edritu humano: el nacimiento de una Naci\u00f3n Humana Universal cuyo indignado clamor ya est\u00e1 en las calles y plazas de todos los pa\u00edses del mundo\u201d, se\u00f1alan los organizadores.<\/p>\n<p>El VI Simposio se propone como \u00e1mbito de intercambio donde confluir\u00e1n destacados especialistas y l\u00edderes nacionales e internacionales en los sectores de medio ambiente, pol\u00edtica, econom\u00eda, sociedad, comunicaci\u00f3n, espiritualidad y arte, quienes disertar\u00e1n sobre temas de importancia actual para promover el cambio social.<\/p>\n<p>El 24 de octubre, en el LUM, se desarrollar\u00e1 el panel \u201cNuevas corrientes de cambio en Am\u00e9rica Latina y el mundo\u201d, a cargo de los especialistas Magaly Robalino (ecuatoriana, representante de la Unesco en el Per\u00fa), Guillermo Sullings (argentino, ex candidato presidencial), Leticia Garc\u00eda (chilena, directora de la corporaci\u00f3n Futuro Humano) y Augusto Castro (peruano, investigador de la Pontificia Universidad Cat\u00f3lica del Per\u00fa).<\/p>\n<p>El 25 de octubre, el VI Simposio abordar\u00e1 tres paneles diferentes:<strong> \u201cNuevos paradigmas culturales\u201d, \u201cNuevos paradigmas pol\u00edtico-sociales\u201d y \u201cNueva relaci\u00f3n Econom\u00eda-Naturaleza-Sociedad\u201d<\/strong> donde disertar\u00e1n investigadores de diferentes especialidades como Madeleine John (Per\u00fa), Severo Cubas (Per\u00fa), Natalia Igui\u00f1iz (Per\u00fa), Carlos Crespo (Ecuador), Paloma Carpio (Per\u00fa); Marissa Glave (Per\u00fa), L\u00eda Mendez (Argentina), Tony Robinson (Reino Unido) y Magdalena Reyes (Chile). Adem\u00e1s, Rodrigo Arce Rojas (Per\u00fa), Doris Balv\u00edn (Per\u00fa), Gladys Vila (Per\u00fa) y Alfonso Cotera (Per\u00fa).<\/p>\n<p>El 26 de octubre, el VI Simposio Internacional propone desarrollar una nueva agenda social, para lo cual aborda temas centrales como: la Democracia real, la Prensa alternativa, la Segunda Marcha mundial por la Paz y la No violencia, la Educaci\u00f3n Humanizadora, el Comercio justo, la importante Relaci\u00f3n entre naturaleza \u2013 econom\u00eda y sociedad, el Cambio clim\u00e1tico, el Nuevo Humanismo y la universidad y la Violencia institucional.<\/p>\n<p>Desde la perspectiva del nuevo humanismo, el cambio social se encuentra intr\u00ednsecamente relacionado al cambio interno, para lo cual se ha previsto el desarrollo de ponencias que abordan: La Expresi\u00f3n corporal y el mundo interno, el Pensar y las analog\u00edas, el M\u00e9todo triple de cambio, Protocolos para conversaciones transformadoras, aportes del Nuevo Humanismo a la sanaci\u00f3n, la Reconciliaci\u00f3n personal y la Naci\u00f3n Humana Universal.<\/p>\n<p>El evento tambi\u00e9n contar\u00e1 con proyecciones y presentaciones art\u00edsticas como el documental \u201c<em>M\u00e1s all\u00e1 de la venganza<\/em>\u201d, la Renta B\u00e1sica, las Salas de Encari\u00f1amiento y la presentaci\u00f3n de la obra teatral \u201c<em>Meyke Achiyaku<\/em>\u201d protagonizada por la artista Mercedes Ver\u00e1stegui.<\/p>\n<p>\u201cLlegamos a este VI Simposio Mundial en momentos en que sufrimos las consecuencias de una crisis sist\u00e9mica global que est\u00e1 llevando a la especie humana al riesgo de su extinci\u00f3n. Sin embargo, constatamos con esperanza el germen de una nueva sensibilidad que va emergiendo de las necesidades profundas de diversos grupos humanos, intenciones que van labrando nuevos caminos y orient\u00e1ndose a la construcci\u00f3n de una nueva sociedad planetaria en la que el ser humano emerge como valor central frente al poder del capital\u201d, concluyen los organizadores.<\/p>\n<p>Para ver el programa completo, hacer clic <a href=\"https:\/\/www.simposiocmeh2018.com\/programa\">aqu\u00ed<\/a>.<\/p>\n","protected":false},"excerpt":{"rendered":"<p>Con una nutrida agenda, que busca romper paradigmas y promover cambios estructurales, el VI Simposio Internacional \u201cLabrando nuevos caminos\u201d se inaugura este mi\u00e9rcoles 24 de octubre en Lima, Per\u00fa. El Lugar de la Memoria, la Tolerancia y la Inclusi\u00f3n Social&hellip;<\/p>\n","protected":false},"author":831,"featured_media":742427,"comment_status":"closed","ping_status":"closed","sticky":false,"template":"","format":"standard","meta":{"footnotes":""},"categories":[11389,75,1241,81,1230,1240,1242,1243,74,67],"tags":[51071,51072,51074,51073,51070],"class_list":["post-742426","post","type-post","status-publish","format-standard","has-post-thumbnail","hentry","category-contenido-original","category-cultura-es","category-diversidad","category-economia-es","category-educacion-tema","category-humanismo-espiritualidad","category-noviolencia-tema","category-paz-desarme","category-politica-es","category-sudamerica","tag-cambiosocial","tag-corrientesdecambio","tag-nuevarelacioneconomia-naturaleza-sociedad","tag-nuevosparadigmaspolitico-sociales","tag-visimposiointernacionallabrandonuevoscaminos"],"yoast_head":"<!-- This site is optimized with the Yoast SEO plugin v27.1.1 - https:\/\/yoast.com\/product\/yoast-seo-wordpress\/ -->\n<title>VI Simposio Internacional del CMEH - \u00a1De nosotros depende!<\/title>\n<meta name=\"description\" content=\"Con una nutrida agenda, que busca romper paradigmas y promover cambios estructurales, el VI Simposio Internacional \u201cLabrando nuevos caminos\u201d se inaugura\" \/>\n<meta name=\"robots\" content=\"index, follow, max-snippet:-1, max-image-preview:large, max-video-preview:-1\" \/>\n<link rel=\"canonical\" href=\"https:\/\/www.pressenza.com\/es\/2018\/10\/vi-simposio-internacional-del-cmeh-de-nosotros-depende\/\" \/>\n<meta property=\"og:locale\" content=\"es_ES\" \/>\n<meta property=\"og:type\" content=\"article\" \/>\n<meta property=\"og:title\" content=\"VI Simposio Internacional del CMEH - \u00a1De nosotros depende!\" \/>\n<meta property=\"og:description\" content=\"Con una nutrida agenda, que busca romper paradigmas y promover cambios estructurales, el VI Simposio Internacional \u201cLabrando nuevos caminos\u201d se inaugura\" \/>\n<meta property=\"og:url\" content=\"https:\/\/www.pressenza.com\/es\/2018\/10\/vi-simposio-internacional-del-cmeh-de-nosotros-depende\/\" \/>\n<meta property=\"og:site_name\" content=\"Pressenza\" \/>\n<meta property=\"article:publisher\" content=\"https:\/\/www.facebook.com\/PressenzaItalia\" \/>\n<meta property=\"article:published_time\" content=\"2018-10-23T18:46:08+00:00\" \/>\n<meta property=\"article:modified_time\" content=\"2018-10-23T18:48:29+00:00\" \/>\n<meta property=\"og:image\" content=\"https:\/\/www.pressenza.com\/wp-content\/uploads\/2018\/10\/cehumlima.jpg\" \/>\n\t<meta property=\"og:image:width\" content=\"800\" \/>\n\t<meta property=\"og:image:height\" content=\"469\" \/>\n\t<meta property=\"og:image:type\" content=\"image\/jpeg\" \/>\n<meta name=\"author\" content=\"Redacci\u00f3n Per\u00fa\" \/>\n<meta name=\"twitter:card\" content=\"summary_large_image\" \/>\n<meta name=\"twitter:creator\" content=\"@PressenzaIPA\" \/>\n<meta name=\"twitter:site\" content=\"@PressenzaIPA\" \/>\n<meta name=\"twitter:label1\" content=\"Escrito por\" \/>\n\t<meta name=\"twitter:data1\" content=\"Redacci\u00f3n Per\u00fa\" \/>\n\t<meta name=\"twitter:label2\" content=\"Tiempo de lectura\" \/>\n\t<meta name=\"twitter:data2\" content=\"3 minutos\" \/>\n<script type=\"application\/ld+json\" class=\"yoast-schema-graph\">{\"@context\":\"https:\/\/schema.org\",\"@graph\":[{\"@type\":\"Article\",\"@id\":\"https:\/\/www.pressenza.com\/es\/2018\/10\/vi-simposio-internacional-del-cmeh-de-nosotros-depende\/#article\",\"isPartOf\":{\"@id\":\"https:\/\/www.pressenza.com\/es\/2018\/10\/vi-simposio-internacional-del-cmeh-de-nosotros-depende\/\"},\"author\":{\"name\":\"Redacci\u00f3n Per\u00fa\",\"@id\":\"https:\/\/www.pressenza.com\/es\/#\/schema\/person\/e86c29a41185b85084a478822f5de81b\"},\"headline\":\"VI Simposio Internacional del CMEH &#8211; \u00a1De nosotros depende!\",\"datePublished\":\"2018-10-23T18:46:08+00:00\",\"dateModified\":\"2018-10-23T18:48:29+00:00\",\"mainEntityOfPage\":{\"@id\":\"https:\/\/www.pressenza.com\/es\/2018\/10\/vi-simposio-internacional-del-cmeh-de-nosotros-depende\/\"},\"wordCount\":707,\"publisher\":{\"@id\":\"https:\/\/www.pressenza.com\/es\/#organization\"},\"image\":{\"@id\":\"https:\/\/www.pressenza.com\/es\/2018\/10\/vi-simposio-internacional-del-cmeh-de-nosotros-depende\/#primaryimage\"},\"thumbnailUrl\":\"https:\/\/www.pressenza.com\/wp-content\/uploads\/2018\/10\/cehumlima.jpg\",\"keywords\":[\"#CambioSocial\",\"#CorrientesdeCambio\",\"#NuevaRelaci\u00f3nEconom\u00eda-Naturaleza-Sociedad\",\"#NuevosParadigmasPol\u00edtico-Sociales\",\"#VISimposioInternacionalLabrandoNuevosCaminos\"],\"articleSection\":[\"Contenido Original\",\"Cultura y Medios\",\"Diversidad\",\"Econom\u00eda\",\"Educaci\u00f3n\",\"Humanismo y Espiritualidad\",\"Noviolencia\",\"Paz y Desarme\",\"Pol\u00edtica\",\"Sudam\u00e9rica\"],\"inLanguage\":\"es\"},{\"@type\":\"WebPage\",\"@id\":\"https:\/\/www.pressenza.com\/es\/2018\/10\/vi-simposio-internacional-del-cmeh-de-nosotros-depende\/\",\"url\":\"https:\/\/www.pressenza.com\/es\/2018\/10\/vi-simposio-internacional-del-cmeh-de-nosotros-depende\/\",\"name\":\"VI Simposio Internacional del CMEH - \u00a1De nosotros depende!\",\"isPartOf\":{\"@id\":\"https:\/\/www.pressenza.com\/es\/#website\"},\"primaryImageOfPage\":{\"@id\":\"https:\/\/www.pressenza.com\/es\/2018\/10\/vi-simposio-internacional-del-cmeh-de-nosotros-depende\/#primaryimage\"},\"image\":{\"@id\":\"https:\/\/www.pressenza.com\/es\/2018\/10\/vi-simposio-internacional-del-cmeh-de-nosotros-depende\/#primaryimage\"},\"thumbnailUrl\":\"https:\/\/www.pressenza.com\/wp-content\/uploads\/2018\/10\/cehumlima.jpg\",\"datePublished\":\"2018-10-23T18:46:08+00:00\",\"dateModified\":\"2018-10-23T18:48:29+00:00\",\"description\":\"Con una nutrida agenda, que busca romper paradigmas y promover cambios estructurales, el VI Simposio Internacional \u201cLabrando nuevos caminos\u201d se inaugura\",\"breadcrumb\":{\"@id\":\"https:\/\/www.pressenza.com\/es\/2018\/10\/vi-simposio-internacional-del-cmeh-de-nosotros-depende\/#breadcrumb\"},\"inLanguage\":\"es\",\"potentialAction\":[{\"@type\":\"ReadAction\",\"target\":[\"https:\/\/www.pressenza.com\/es\/2018\/10\/vi-simposio-internacional-del-cmeh-de-nosotros-depende\/\"]}]},{\"@type\":\"ImageObject\",\"inLanguage\":\"es\",\"@id\":\"https:\/\/www.pressenza.com\/es\/2018\/10\/vi-simposio-internacional-del-cmeh-de-nosotros-depende\/#primaryimage\",\"url\":\"https:\/\/www.pressenza.com\/wp-content\/uploads\/2018\/10\/cehumlima.jpg\",\"contentUrl\":\"https:\/\/www.pressenza.com\/wp-content\/uploads\/2018\/10\/cehumlima.jpg\",\"width\":800,\"height\":469},{\"@type\":\"BreadcrumbList\",\"@id\":\"https:\/\/www.pressenza.com\/es\/2018\/10\/vi-simposio-internacional-del-cmeh-de-nosotros-depende\/#breadcrumb\",\"itemListElement\":[{\"@type\":\"ListItem\",\"position\":1,\"name\":\"Accueil\",\"item\":\"https:\/\/www.pressenza.com\/es\/\"},{\"@type\":\"ListItem\",\"position\":2,\"name\":\"VI Simposio Internacional del CMEH &#8211; \u00a1De nosotros depende!\"}]},{\"@type\":\"WebSite\",\"@id\":\"https:\/\/www.pressenza.com\/es\/#website\",\"url\":\"https:\/\/www.pressenza.com\/es\/\",\"name\":\"Pressenza\",\"description\":\"International Press Agency\",\"publisher\":{\"@id\":\"https:\/\/www.pressenza.com\/es\/#organization\"},\"potentialAction\":[{\"@type\":\"SearchAction\",\"target\":{\"@type\":\"EntryPoint\",\"urlTemplate\":\"https:\/\/www.pressenza.com\/es\/?s={search_term_string}\"},\"query-input\":{\"@type\":\"PropertyValueSpecification\",\"valueRequired\":true,\"valueName\":\"search_term_string\"}}],\"inLanguage\":\"es\"},{\"@type\":\"Organization\",\"@id\":\"https:\/\/www.pressenza.com\/es\/#organization\",\"name\":\"Pressenza\",\"url\":\"https:\/\/www.pressenza.com\/es\/\",\"logo\":{\"@type\":\"ImageObject\",\"inLanguage\":\"es\",\"@id\":\"https:\/\/www.pressenza.com\/es\/#\/schema\/logo\/image\/\",\"url\":\"https:\/\/www.pressenza.com\/wp-content\/uploads\/2022\/10\/pressenza_logo_200x200.jpg\",\"contentUrl\":\"https:\/\/www.pressenza.com\/wp-content\/uploads\/2022\/10\/pressenza_logo_200x200.jpg\",\"width\":200,\"height\":200,\"caption\":\"Pressenza\"},\"image\":{\"@id\":\"https:\/\/www.pressenza.com\/es\/#\/schema\/logo\/image\/\"},\"sameAs\":[\"https:\/\/www.facebook.com\/PressenzaItalia\",\"https:\/\/x.com\/PressenzaIPA\"]},{\"@type\":\"Person\",\"@id\":\"https:\/\/www.pressenza.com\/es\/#\/schema\/person\/e86c29a41185b85084a478822f5de81b\",\"name\":\"Redacci\u00f3n Per\u00fa\",\"description\":\"News published by the Pressenza bureau in Peru\",\"url\":\"https:\/\/www.pressenza.com\/es\/author\/redaccion-peru\/\"}]}<\/script>\n<!-- \/ Yoast SEO plugin. -->","yoast_head_json":{"title":"VI Simposio Internacional del CMEH - \u00a1De nosotros depende!","description":"Con una nutrida agenda, que busca romper paradigmas y promover cambios estructurales, el VI Simposio Internacional \u201cLabrando nuevos caminos\u201d se inaugura","robots":{"index":"index","follow":"follow","max-snippet":"max-snippet:-1","max-image-preview":"max-image-preview:large","max-video-preview":"max-video-preview:-1"},"canonical":"https:\/\/www.pressenza.com\/es\/2018\/10\/vi-simposio-internacional-del-cmeh-de-nosotros-depende\/","og_locale":"es_ES","og_type":"article","og_title":"VI Simposio Internacional del CMEH - \u00a1De nosotros depende!","og_description":"Con una nutrida agenda, que busca romper paradigmas y promover cambios estructurales, el VI Simposio Internacional \u201cLabrando nuevos caminos\u201d se inaugura","og_url":"https:\/\/www.pressenza.com\/es\/2018\/10\/vi-simposio-internacional-del-cmeh-de-nosotros-depende\/","og_site_name":"Pressenza","article_publisher":"https:\/\/www.facebook.com\/PressenzaItalia","article_published_time":"2018-10-23T18:46:08+00:00","article_modified_time":"2018-10-23T18:48:29+00:00","og_image":[{"width":800,"height":469,"url":"https:\/\/www.pressenza.com\/wp-content\/uploads\/2018\/10\/cehumlima.jpg","type":"image\/jpeg"}],"author":"Redacci\u00f3n Per\u00fa","twitter_card":"summary_large_image","twitter_creator":"@PressenzaIPA","twitter_site":"@PressenzaIPA","twitter_misc":{"Escrito por":"Redacci\u00f3n Per\u00fa","Tiempo de lectura":"3 minutos"},"schema":{"@context":"https:\/\/schema.org","@graph":[{"@type":"Article","@id":"https:\/\/www.pressenza.com\/es\/2018\/10\/vi-simposio-internacional-del-cmeh-de-nosotros-depende\/#article","isPartOf":{"@id":"https:\/\/www.pressenza.com\/es\/2018\/10\/vi-simposio-internacional-del-cmeh-de-nosotros-depende\/"},"author":{"name":"Redacci\u00f3n Per\u00fa","@id":"https:\/\/www.pressenza.com\/es\/#\/schema\/person\/e86c29a41185b85084a478822f5de81b"},"headline":"VI Simposio Internacional del CMEH &#8211; \u00a1De nosotros depende!","datePublished":"2018-10-23T18:46:08+00:00","dateModified":"2018-10-23T18:48:29+00:00","mainEntityOfPage":{"@id":"https:\/\/www.pressenza.com\/es\/2018\/10\/vi-simposio-internacional-del-cmeh-de-nosotros-depende\/"},"wordCount":707,"publisher":{"@id":"https:\/\/www.pressenza.com\/es\/#organization"},"image":{"@id":"https:\/\/www.pressenza.com\/es\/2018\/10\/vi-simposio-internacional-del-cmeh-de-nosotros-depende\/#primaryimage"},"thumbnailUrl":"https:\/\/www.pressenza.com\/wp-content\/uploads\/2018\/10\/cehumlima.jpg","keywords":["#CambioSocial","#CorrientesdeCambio","#NuevaRelaci\u00f3nEconom\u00eda-Naturaleza-Sociedad","#NuevosParadigmasPol\u00edtico-Sociales","#VISimposioInternacionalLabrandoNuevosCaminos"],"articleSection":["Contenido Original","Cultura y Medios","Diversidad","Econom\u00eda","Educaci\u00f3n","Humanismo y Espiritualidad","Noviolencia","Paz y Desarme","Pol\u00edtica","Sudam\u00e9rica"],"inLanguage":"es"},{"@type":"WebPage","@id":"https:\/\/www.pressenza.com\/es\/2018\/10\/vi-simposio-internacional-del-cmeh-de-nosotros-depende\/","url":"https:\/\/www.pressenza.com\/es\/2018\/10\/vi-simposio-internacional-del-cmeh-de-nosotros-depende\/","name":"VI Simposio Internacional del CMEH - \u00a1De nosotros depende!","isPartOf":{"@id":"https:\/\/www.pressenza.com\/es\/#website"},"primaryImageOfPage":{"@id":"https:\/\/www.pressenza.com\/es\/2018\/10\/vi-simposio-internacional-del-cmeh-de-nosotros-depende\/#primaryimage"},"image":{"@id":"https:\/\/www.pressenza.com\/es\/2018\/10\/vi-simposio-internacional-del-cmeh-de-nosotros-depende\/#primaryimage"},"thumbnailUrl":"https:\/\/www.pressenza.com\/wp-content\/uploads\/2018\/10\/cehumlima.jpg","datePublished":"2018-10-23T18:46:08+00:00","dateModified":"2018-10-23T18:48:29+00:00","description":"Con una nutrida agenda, que busca romper paradigmas y promover cambios estructurales, el VI Simposio Internacional \u201cLabrando nuevos caminos\u201d se inaugura","breadcrumb":{"@id":"https:\/\/www.pressenza.com\/es\/2018\/10\/vi-simposio-internacional-del-cmeh-de-nosotros-depende\/#breadcrumb"},"inLanguage":"es","potentialAction":[{"@type":"ReadAction","target":["https:\/\/www.pressenza.com\/es\/2018\/10\/vi-simposio-internacional-del-cmeh-de-nosotros-depende\/"]}]},{"@type":"ImageObject","inLanguage":"es","@id":"https:\/\/www.pressenza.com\/es\/2018\/10\/vi-simposio-internacional-del-cmeh-de-nosotros-depende\/#primaryimage","url":"https:\/\/www.pressenza.com\/wp-content\/uploads\/2018\/10\/cehumlima.jpg","contentUrl":"https:\/\/www.pressenza.com\/wp-content\/uploads\/2018\/10\/cehumlima.jpg","width":800,"height":469},{"@type":"BreadcrumbList","@id":"https:\/\/www.pressenza.com\/es\/2018\/10\/vi-simposio-internacional-del-cmeh-de-nosotros-depende\/#breadcrumb","itemListElement":[{"@type":"ListItem","position":1,"name":"Accueil","item":"https:\/\/www.pressenza.com\/es\/"},{"@type":"ListItem","position":2,"name":"VI Simposio Internacional del CMEH &#8211; \u00a1De nosotros depende!"}]},{"@type":"WebSite","@id":"https:\/\/www.pressenza.com\/es\/#website","url":"https:\/\/www.pressenza.com\/es\/","name":"Pressenza","description":"International Press Agency","publisher":{"@id":"https:\/\/www.pressenza.com\/es\/#organization"},"potentialAction":[{"@type":"SearchAction","target":{"@type":"EntryPoint","urlTemplate":"https:\/\/www.pressenza.com\/es\/?s={search_term_string}"},"query-input":{"@type":"PropertyValueSpecification","valueRequired":true,"valueName":"search_term_string"}}],"inLanguage":"es"},{"@type":"Organization","@id":"https:\/\/www.pressenza.com\/es\/#organization","name":"Pressenza","url":"https:\/\/www.pressenza.com\/es\/","logo":{"@type":"ImageObject","inLanguage":"es","@id":"https:\/\/www.pressenza.com\/es\/#\/schema\/logo\/image\/","url":"https:\/\/www.pressenza.com\/wp-content\/uploads\/2022\/10\/pressenza_logo_200x200.jpg","contentUrl":"https:\/\/www.pressenza.com\/wp-content\/uploads\/2022\/10\/pressenza_logo_200x200.jpg","width":200,"height":200,"caption":"Pressenza"},"image":{"@id":"https:\/\/www.pressenza.com\/es\/#\/schema\/logo\/image\/"},"sameAs":["https:\/\/www.facebook.com\/PressenzaItalia","https:\/\/x.com\/PressenzaIPA"]},{"@type":"Person","@id":"https:\/\/www.pressenza.com\/es\/#\/schema\/person\/e86c29a41185b85084a478822f5de81b","name":"Redacci\u00f3n Per\u00fa","description":"News published by the Pressenza bureau in Peru","url":"https:\/\/www.pressenza.com\/es\/author\/redaccion-peru\/"}]}},"place":"Lima","original_article_url":"","_links":{"self":[{"href":"https:\/\/www.pressenza.com\/es\/wp-json\/wp\/v2\/posts\/742426","targetHints":{"allow":["GET"]}}],"collection":[{"href":"https:\/\/www.pressenza.com\/es\/wp-json\/wp\/v2\/posts"}],"about":[{"href":"https:\/\/www.pressenza.com\/es\/wp-json\/wp\/v2\/types\/post"}],"author":[{"embeddable":true,"href":"https:\/\/www.pressenza.com\/es\/wp-json\/wp\/v2\/users\/831"}],"replies":[{"embeddable":true,"href":"https:\/\/www.pressenza.com\/es\/wp-json\/wp\/v2\/comments?post=742426"}],"version-history":[{"count":0,"href":"https:\/\/www.pressenza.com\/es\/wp-json\/wp\/v2\/posts\/742426\/revisions"}],"wp:featuredmedia":[{"embeddable":true,"href":"https:\/\/www.pressenza.com\/es\/wp-json\/wp\/v2\/media\/742427"}],"wp:attachment":[{"href":"https:\/\/www.pressenza.com\/es\/wp-json\/wp\/v2\/media?parent=742426"}],"wp:term":[{"taxonomy":"category","embeddable":true,"href":"https:\/\/www.pressenza.com\/es\/wp-json\/wp\/v2\/categories?post=742426"},{"taxonomy":"post_tag","embeddable":true,"href":"https:\/\/www.pressenza.com\/es\/wp-json\/wp\/v2\/tags?post=742426"}],"curies":[{"name":"wp","href":"https:\/\/api.w.org\/{rel}","templated":true}]}}