{"id":741338,"date":"2018-10-22T15:03:43","date_gmt":"2018-10-22T14:03:43","guid":{"rendered":"https:\/\/www.pressenza.com\/?p=741338"},"modified":"2018-10-22T15:03:43","modified_gmt":"2018-10-22T14:03:43","slug":"exposicion-wunelfe-la-luz-del-mundo-de-artes-multimediales-en-el-centro-civico-de-la-comuna-de-el-bosque","status":"publish","type":"post","link":"https:\/\/www.pressenza.com\/es\/2018\/10\/exposicion-wunelfe-la-luz-del-mundo-de-artes-multimediales-en-el-centro-civico-de-la-comuna-de-el-bosque\/","title":{"rendered":"Exposici\u00f3n \u201cW\u00dcNELFE\u201d (La luz del mundo) de Artes Multimediales en el Centro C\u00edvico de la comuna de El Bosque"},"content":{"rendered":"<p>\/Por David Mel\u00e9ndez Tormen\/<\/p>\n<p>7 artistas muestran sus obras en la segunda versi\u00f3n de <a href=\"https:\/\/www.facebook.com\/wunelfecomunidadcultura\/\">la exposici\u00f3n \u201cW\u00fcnelfe\u201d<\/a> (El lucero del alba, o planeta Venus, en <em>mapudungun<\/em>), entre el 10 y el 30 de octubre en el <a href=\"https:\/\/www.facebook.com\/centrocivico.elbosque\/?__tn__=kC-R&amp;eid=ARCXTUQK3yYoAV1nQC6trwSML0f6UVuCTa4-Gysus7YN-zMKFYFFN6rKv-GCmNe_dxJpQTvGCz7JtiYc&amp;hc_ref=ARRSRUgPZWj-X5-JuLxjtWBRQsaLd__pWi5-ocpTAgcgdtahmV8R9K9L5TTRyvEDMQE&amp;fref=nf&amp;__xts__%5b0%5d=68.ARBXcYDrsHMh20c1QzEKO_BMjySr8HD6n-FchMYo4QlAMIuPhrzw5w_Vae7q3IZZORNx7dfLdyrmF70c7iXfE1KPwqKSZXxZYLTZ1pIK5HUEntgDLsJk-bUdRoPZARjmgbzy75zFIwJgO7_DuyWoUUjBQoDSlnZFIz0NGwiIG6X8fDdywonnK2pmBX9CFNthM8wyXNBPTMs\">Centro C\u00edvico Cultural de la comuna de El Bosque<\/a>. Convocan y organizan la <a href=\"http:\/\/oroborocomunidad.blogspot.com\/\">Comunidad Oroboro<\/a> y <a href=\"https:\/\/www.antuaudiovisual.cl\/\">Ant\u00fc Audiovisual<\/a>. La entrada es liberada de 10 a 18 hrs., menos los lunes.<\/p>\n<p>Gabriel Ibarra Nilo, su curador, escribe:<\/p>\n<p>\u201cW\u00fcnelfe es la estrella Venus como conectora de lo oscuro hacia una nueva luz, aludiendo al concepto de renovaci\u00f3n. Con este nombre hemos creado una instancia que re\u00fane a artistas y diversas disciplinas en pro del descubrimiento de un nuevo ser humano.<\/p>\n<p>El Arte como un puente al alma, como un espejo de nuestros or\u00edgenes, como una forma de sanar. Algo que nos comunica con un espacio sutil donde volvamos a ser sensibles y a dialogar con la creatividad y el pensamiento, invitando a todo el mundo a experimentar por medio del color, forma, textura e imagen, con di\u00e1logos que nos permitan mirar a una nueva consciencia, encamin\u00e1ndonos por nuestras emociones y percepciones a un nuevo paradigma basado en el amor.<\/p>\n<p>Esta exposici\u00f3n quiere ayudarnos a recordar el arte como lo ve\u00edan nuestros ancestros y viajar m\u00e1s all\u00e1 del artista que ejecuta, transform\u00e1ndonos en canales de un todo.\u201d<\/p>\n<p>Hoy 19 de octubre se realiz\u00f3 una visita guiada para escolares de la comuna, seguida de un taller creativo en que los ni\u00f1os y ni\u00f1as dibujaron sus sensaciones, su \u201calma\u201d, tras recorrer la muestra.<\/p>\n<p>Los creadores son:<\/p>\n<p><strong>Silvio Vild\u00f3sola<\/strong>: MEDITACI\u00d3N EN ACCI\u00d3N. Arte digital<\/p>\n<p><strong>Lorena Morales<\/strong>: VIAJE AL CENTRO DE LA ENERG\u00cdA. Pintura<\/p>\n<p><strong>H\u00e9ctor Navarro<\/strong>: EL OJO INTERNO. Fotograf\u00eda<\/p>\n<p><strong>Virginia Herrera<\/strong>: NATURALEZA INFANTIL. Ilustraci\u00f3n<\/p>\n<p><strong>Alejandro Silva<\/strong>: ENTIDADES DE NATURALEZA. Xilograf\u00eda<\/p>\n<p><strong>Ang\u00e9lica Berr\u00edos<\/strong>: AVES DEL PARA\u00cdSO. Fotograf\u00eda<\/p>\n<p><strong>Jorge Pulido<\/strong> (Campana): VISIONES DE LA MADRECITA<\/p>\n<p><strong>Kitra Dise\u00f1o<\/strong> (Claudia Ibarra y Andr\u00e9s Ortiz): PIPAS RITUALES<\/p>\n<p>La Comunidad Oroboro es un colectivo que busca ser una plataforma para mostrar a nuevos artistas, itinerando a espacios m\u00e1s lejanos de Chile donde el arte no suele llegar. \u201cColectivo\u201d porque re\u00fane trabajos entre varios artistas en teatro, artes visuales y cine, y \u201cplataforma\u201d porque apunta a difundir y crear espacios de cultura.<\/p>\n<p>El Centro C\u00edvico Cultural de la comuna de El Bosque fue inaugurado en 2011 como una manera de mejorar el acceso a la cultura en los llamados sectores populares y democratizarla. Es un moderno edificio a dos cuadras de la Municipalidad, que cuenta con infraestructura para varias actividades culturales simult\u00e1neas, adem\u00e1s de una interesante biblioteca infantil.<\/p>\n<p>Direcci\u00f3n: Eleuterio Ram\u00edrez 10264, Plaza Lo Lillo, Gran Avenida, Paradero 31.<\/p>\n<p>Tel\u00e9fono: 225271698<\/p>\n<p><a href=\"https:\/\/www.pressenza.com\/wp-content\/uploads\/2018\/10\/Fotos-de-David-Melendez-Tormen-oct-2018-6_Alejandro-Silva-1.jpg\"><img loading=\"lazy\" decoding=\"async\" class=\"alignleft size-large wp-image-741348\" src=\"https:\/\/www.pressenza.com\/wp-content\/uploads\/2018\/10\/Fotos-de-David-Melendez-Tormen-oct-2018-6_Alejandro-Silva-1-720x461.jpg\" alt=\"\" width=\"720\" height=\"461\" srcset=\"https:\/\/www.pressenza.com\/wp-content\/uploads\/2018\/10\/Fotos-de-David-Melendez-Tormen-oct-2018-6_Alejandro-Silva-1-720x461.jpg 720w, https:\/\/www.pressenza.com\/wp-content\/uploads\/2018\/10\/Fotos-de-David-Melendez-Tormen-oct-2018-6_Alejandro-Silva-1-300x192.jpg 300w, https:\/\/www.pressenza.com\/wp-content\/uploads\/2018\/10\/Fotos-de-David-Melendez-Tormen-oct-2018-6_Alejandro-Silva-1-768x492.jpg 768w, https:\/\/www.pressenza.com\/wp-content\/uploads\/2018\/10\/Fotos-de-David-Melendez-Tormen-oct-2018-6_Alejandro-Silva-1.jpg 1600w\" sizes=\"auto, (max-width: 720px) 100vw, 720px\" \/><\/a> <a href=\"https:\/\/www.pressenza.com\/wp-content\/uploads\/2018\/10\/Fotos-de-David-Melendez-Tormen-oct-2018-6_Alejandro-Silva-3.jpg\"><img loading=\"lazy\" decoding=\"async\" class=\"alignleft size-large wp-image-741366\" src=\"https:\/\/www.pressenza.com\/wp-content\/uploads\/2018\/10\/Fotos-de-David-Melendez-Tormen-oct-2018-6_Alejandro-Silva-3-720x1018.jpg\" alt=\"\" width=\"720\" height=\"1018\" srcset=\"https:\/\/www.pressenza.com\/wp-content\/uploads\/2018\/10\/Fotos-de-David-Melendez-Tormen-oct-2018-6_Alejandro-Silva-3-720x1018.jpg 720w, https:\/\/www.pressenza.com\/wp-content\/uploads\/2018\/10\/Fotos-de-David-Melendez-Tormen-oct-2018-6_Alejandro-Silva-3-212x300.jpg 212w, https:\/\/www.pressenza.com\/wp-content\/uploads\/2018\/10\/Fotos-de-David-Melendez-Tormen-oct-2018-6_Alejandro-Silva-3-768x1086.jpg 768w, https:\/\/www.pressenza.com\/wp-content\/uploads\/2018\/10\/Fotos-de-David-Melendez-Tormen-oct-2018-6_Alejandro-Silva-3.jpg 1103w\" sizes=\"auto, (max-width: 720px) 100vw, 720px\" \/><\/a> <a href=\"https:\/\/www.pressenza.com\/wp-content\/uploads\/2018\/10\/Fotos-de-David-Melendez-Tormen-oct-2018-6_Alejandro-Silva-4.jpg\"><img loading=\"lazy\" decoding=\"async\" class=\"alignleft size-large wp-image-741375\" src=\"https:\/\/www.pressenza.com\/wp-content\/uploads\/2018\/10\/Fotos-de-David-Melendez-Tormen-oct-2018-6_Alejandro-Silva-4-720x436.jpg\" alt=\"\" width=\"720\" height=\"436\" srcset=\"https:\/\/www.pressenza.com\/wp-content\/uploads\/2018\/10\/Fotos-de-David-Melendez-Tormen-oct-2018-6_Alejandro-Silva-4-720x436.jpg 720w, https:\/\/www.pressenza.com\/wp-content\/uploads\/2018\/10\/Fotos-de-David-Melendez-Tormen-oct-2018-6_Alejandro-Silva-4-300x182.jpg 300w, https:\/\/www.pressenza.com\/wp-content\/uploads\/2018\/10\/Fotos-de-David-Melendez-Tormen-oct-2018-6_Alejandro-Silva-4-768x465.jpg 768w, https:\/\/www.pressenza.com\/wp-content\/uploads\/2018\/10\/Fotos-de-David-Melendez-Tormen-oct-2018-6_Alejandro-Silva-4.jpg 2048w\" sizes=\"auto, (max-width: 720px) 100vw, 720px\" \/><\/a> <a href=\"https:\/\/www.pressenza.com\/wp-content\/uploads\/2018\/10\/Fotos-de-David-Melendez-Tormen-oct-2018-6_Alejandro-Silva-5.jpg\"><img loading=\"lazy\" decoding=\"async\" class=\"alignleft size-large wp-image-741384\" src=\"https:\/\/www.pressenza.com\/wp-content\/uploads\/2018\/10\/Fotos-de-David-Melendez-Tormen-oct-2018-6_Alejandro-Silva-5-720x960.jpg\" alt=\"\" width=\"720\" height=\"960\" srcset=\"https:\/\/www.pressenza.com\/wp-content\/uploads\/2018\/10\/Fotos-de-David-Melendez-Tormen-oct-2018-6_Alejandro-Silva-5-720x960.jpg 720w, https:\/\/www.pressenza.com\/wp-content\/uploads\/2018\/10\/Fotos-de-David-Melendez-Tormen-oct-2018-6_Alejandro-Silva-5-225x300.jpg 225w, https:\/\/www.pressenza.com\/wp-content\/uploads\/2018\/10\/Fotos-de-David-Melendez-Tormen-oct-2018-6_Alejandro-Silva-5-768x1024.jpg 768w, https:\/\/www.pressenza.com\/wp-content\/uploads\/2018\/10\/Fotos-de-David-Melendez-Tormen-oct-2018-6_Alejandro-Silva-5.jpg 1152w\" sizes=\"auto, (max-width: 720px) 100vw, 720px\" \/><\/a> <a href=\"https:\/\/www.pressenza.com\/wp-content\/uploads\/2018\/10\/Fotos-de-David-Melendez-Tormen-oct-2018-6_Alejandro-Silva-6.jpg\"><img loading=\"lazy\" decoding=\"async\" class=\"alignleft size-large wp-image-741393\" src=\"https:\/\/www.pressenza.com\/wp-content\/uploads\/2018\/10\/Fotos-de-David-Melendez-Tormen-oct-2018-6_Alejandro-Silva-6-720x464.jpg\" alt=\"\" width=\"720\" height=\"464\" srcset=\"https:\/\/www.pressenza.com\/wp-content\/uploads\/2018\/10\/Fotos-de-David-Melendez-Tormen-oct-2018-6_Alejandro-Silva-6-720x464.jpg 720w, https:\/\/www.pressenza.com\/wp-content\/uploads\/2018\/10\/Fotos-de-David-Melendez-Tormen-oct-2018-6_Alejandro-Silva-6-300x193.jpg 300w, https:\/\/www.pressenza.com\/wp-content\/uploads\/2018\/10\/Fotos-de-David-Melendez-Tormen-oct-2018-6_Alejandro-Silva-6-768x494.jpg 768w, https:\/\/www.pressenza.com\/wp-content\/uploads\/2018\/10\/Fotos-de-David-Melendez-Tormen-oct-2018-6_Alejandro-Silva-6.jpg 960w\" sizes=\"auto, (max-width: 720px) 100vw, 720px\" \/><\/a> <a href=\"https:\/\/www.pressenza.com\/wp-content\/uploads\/2018\/10\/Fotos-de-David-Melendez-Tormen-oct-2018-6_Alejandro-Silva-7.jpg\"><img loading=\"lazy\" decoding=\"async\" class=\"alignleft size-large wp-image-741402\" src=\"https:\/\/www.pressenza.com\/wp-content\/uploads\/2018\/10\/Fotos-de-David-Melendez-Tormen-oct-2018-6_Alejandro-Silva-7-720x473.jpg\" alt=\"\" width=\"720\" height=\"473\" srcset=\"https:\/\/www.pressenza.com\/wp-content\/uploads\/2018\/10\/Fotos-de-David-Melendez-Tormen-oct-2018-6_Alejandro-Silva-7-720x473.jpg 720w, https:\/\/www.pressenza.com\/wp-content\/uploads\/2018\/10\/Fotos-de-David-Melendez-Tormen-oct-2018-6_Alejandro-Silva-7-300x197.jpg 300w, https:\/\/www.pressenza.com\/wp-content\/uploads\/2018\/10\/Fotos-de-David-Melendez-Tormen-oct-2018-6_Alejandro-Silva-7-768x504.jpg 768w, https:\/\/www.pressenza.com\/wp-content\/uploads\/2018\/10\/Fotos-de-David-Melendez-Tormen-oct-2018-6_Alejandro-Silva-7.jpg 960w\" sizes=\"auto, (max-width: 720px) 100vw, 720px\" \/><\/a> <a href=\"https:\/\/www.pressenza.com\/wp-content\/uploads\/2018\/10\/Fotos-de-David-Melendez-Tormen-oct-2018-6_Alejandro-Silva-8.jpg\"><img loading=\"lazy\" decoding=\"async\" class=\"alignleft size-large wp-image-741411\" src=\"https:\/\/www.pressenza.com\/wp-content\/uploads\/2018\/10\/Fotos-de-David-Melendez-Tormen-oct-2018-6_Alejandro-Silva-8-720x416.jpg\" alt=\"\" width=\"720\" height=\"416\" srcset=\"https:\/\/www.pressenza.com\/wp-content\/uploads\/2018\/10\/Fotos-de-David-Melendez-Tormen-oct-2018-6_Alejandro-Silva-8-720x416.jpg 720w, https:\/\/www.pressenza.com\/wp-content\/uploads\/2018\/10\/Fotos-de-David-Melendez-Tormen-oct-2018-6_Alejandro-Silva-8-300x173.jpg 300w, https:\/\/www.pressenza.com\/wp-content\/uploads\/2018\/10\/Fotos-de-David-Melendez-Tormen-oct-2018-6_Alejandro-Silva-8-768x443.jpg 768w, https:\/\/www.pressenza.com\/wp-content\/uploads\/2018\/10\/Fotos-de-David-Melendez-Tormen-oct-2018-6_Alejandro-Silva-8.jpg 960w\" sizes=\"auto, (max-width: 720px) 100vw, 720px\" \/><\/a> <a href=\"https:\/\/www.pressenza.com\/wp-content\/uploads\/2018\/10\/Fotos-de-David-Melendez-Tormen-oct-2018-6_Alejandro-Silva-9.jpg\"><img loading=\"lazy\" decoding=\"async\" class=\"alignleft size-large wp-image-741420\" src=\"https:\/\/www.pressenza.com\/wp-content\/uploads\/2018\/10\/Fotos-de-David-Melendez-Tormen-oct-2018-6_Alejandro-Silva-9-720x405.jpg\" alt=\"\" width=\"720\" height=\"405\" srcset=\"https:\/\/www.pressenza.com\/wp-content\/uploads\/2018\/10\/Fotos-de-David-Melendez-Tormen-oct-2018-6_Alejandro-Silva-9-720x405.jpg 720w, https:\/\/www.pressenza.com\/wp-content\/uploads\/2018\/10\/Fotos-de-David-Melendez-Tormen-oct-2018-6_Alejandro-Silva-9-300x169.jpg 300w, https:\/\/www.pressenza.com\/wp-content\/uploads\/2018\/10\/Fotos-de-David-Melendez-Tormen-oct-2018-6_Alejandro-Silva-9-768x432.jpg 768w, https:\/\/www.pressenza.com\/wp-content\/uploads\/2018\/10\/Fotos-de-David-Melendez-Tormen-oct-2018-6_Alejandro-Silva-9-750x422.jpg 750w, https:\/\/www.pressenza.com\/wp-content\/uploads\/2018\/10\/Fotos-de-David-Melendez-Tormen-oct-2018-6_Alejandro-Silva-9.jpg 960w\" sizes=\"auto, (max-width: 720px) 100vw, 720px\" \/><\/a> <a href=\"https:\/\/www.pressenza.com\/wp-content\/uploads\/2018\/10\/Fotos-de-David-Melendez-Tormen-oct-2018-6_Alejandro-Silva-10.jpg\"><img loading=\"lazy\" decoding=\"async\" class=\"alignleft size-large wp-image-741429\" src=\"https:\/\/www.pressenza.com\/wp-content\/uploads\/2018\/10\/Fotos-de-David-Melendez-Tormen-oct-2018-6_Alejandro-Silva-10-720x540.jpg\" alt=\"\" width=\"720\" height=\"540\" srcset=\"https:\/\/www.pressenza.com\/wp-content\/uploads\/2018\/10\/Fotos-de-David-Melendez-Tormen-oct-2018-6_Alejandro-Silva-10-720x540.jpg 720w, https:\/\/www.pressenza.com\/wp-content\/uploads\/2018\/10\/Fotos-de-David-Melendez-Tormen-oct-2018-6_Alejandro-Silva-10-300x225.jpg 300w, https:\/\/www.pressenza.com\/wp-content\/uploads\/2018\/10\/Fotos-de-David-Melendez-Tormen-oct-2018-6_Alejandro-Silva-10-768x576.jpg 768w, https:\/\/www.pressenza.com\/wp-content\/uploads\/2018\/10\/Fotos-de-David-Melendez-Tormen-oct-2018-6_Alejandro-Silva-10.jpg 2048w\" sizes=\"auto, (max-width: 720px) 100vw, 720px\" \/><\/a> <a href=\"https:\/\/www.pressenza.com\/wp-content\/uploads\/2018\/10\/Fotos-de-David-Melendez-Tormen-oct-2018-6_Alejandro-Silva-11.jpg\"><img loading=\"lazy\" decoding=\"async\" class=\"alignleft size-large wp-image-741438\" src=\"https:\/\/www.pressenza.com\/wp-content\/uploads\/2018\/10\/Fotos-de-David-Melendez-Tormen-oct-2018-6_Alejandro-Silva-11-720x540.jpg\" alt=\"\" width=\"720\" height=\"540\" srcset=\"https:\/\/www.pressenza.com\/wp-content\/uploads\/2018\/10\/Fotos-de-David-Melendez-Tormen-oct-2018-6_Alejandro-Silva-11-720x540.jpg 720w, https:\/\/www.pressenza.com\/wp-content\/uploads\/2018\/10\/Fotos-de-David-Melendez-Tormen-oct-2018-6_Alejandro-Silva-11-300x225.jpg 300w, https:\/\/www.pressenza.com\/wp-content\/uploads\/2018\/10\/Fotos-de-David-Melendez-Tormen-oct-2018-6_Alejandro-Silva-11-768x576.jpg 768w, https:\/\/www.pressenza.com\/wp-content\/uploads\/2018\/10\/Fotos-de-David-Melendez-Tormen-oct-2018-6_Alejandro-Silva-11.jpg 2048w\" sizes=\"auto, (max-width: 720px) 100vw, 720px\" \/><\/a> <a href=\"https:\/\/www.pressenza.com\/wp-content\/uploads\/2018\/10\/Fotos-de-David-Melendez-Tormen-oct-2018-6_Alejandro-Silva-12.jpg\"><img loading=\"lazy\" decoding=\"async\" class=\"alignleft size-large wp-image-741447\" src=\"https:\/\/www.pressenza.com\/wp-content\/uploads\/2018\/10\/Fotos-de-David-Melendez-Tormen-oct-2018-6_Alejandro-Silva-12-720x960.jpg\" alt=\"\" width=\"720\" height=\"960\" srcset=\"https:\/\/www.pressenza.com\/wp-content\/uploads\/2018\/10\/Fotos-de-David-Melendez-Tormen-oct-2018-6_Alejandro-Silva-12-720x960.jpg 720w, https:\/\/www.pressenza.com\/wp-content\/uploads\/2018\/10\/Fotos-de-David-Melendez-Tormen-oct-2018-6_Alejandro-Silva-12-225x300.jpg 225w, https:\/\/www.pressenza.com\/wp-content\/uploads\/2018\/10\/Fotos-de-David-Melendez-Tormen-oct-2018-6_Alejandro-Silva-12-768x1024.jpg 768w, https:\/\/www.pressenza.com\/wp-content\/uploads\/2018\/10\/Fotos-de-David-Melendez-Tormen-oct-2018-6_Alejandro-Silva-12.jpg 1152w\" sizes=\"auto, (max-width: 720px) 100vw, 720px\" \/><\/a> <a href=\"https:\/\/www.pressenza.com\/wp-content\/uploads\/2018\/10\/Fotos-de-David-Melendez-Tormen-oct-2018-6_Alejandro-Silva-13.jpg\"><img loading=\"lazy\" decoding=\"async\" class=\"alignleft size-large wp-image-741456\" src=\"https:\/\/www.pressenza.com\/wp-content\/uploads\/2018\/10\/Fotos-de-David-Melendez-Tormen-oct-2018-6_Alejandro-Silva-13-720x960.jpg\" alt=\"\" width=\"720\" height=\"960\" srcset=\"https:\/\/www.pressenza.com\/wp-content\/uploads\/2018\/10\/Fotos-de-David-Melendez-Tormen-oct-2018-6_Alejandro-Silva-13-720x960.jpg 720w, https:\/\/www.pressenza.com\/wp-content\/uploads\/2018\/10\/Fotos-de-David-Melendez-Tormen-oct-2018-6_Alejandro-Silva-13-225x300.jpg 225w, https:\/\/www.pressenza.com\/wp-content\/uploads\/2018\/10\/Fotos-de-David-Melendez-Tormen-oct-2018-6_Alejandro-Silva-13-768x1024.jpg 768w, https:\/\/www.pressenza.com\/wp-content\/uploads\/2018\/10\/Fotos-de-David-Melendez-Tormen-oct-2018-6_Alejandro-Silva-13.jpg 1152w\" sizes=\"auto, (max-width: 720px) 100vw, 720px\" \/><\/a><\/p>\n<p>&nbsp;<\/p>\n<p>&nbsp;<\/p>\n<p>&nbsp;<\/p>\n<p>&nbsp;<\/p>\n","protected":false},"excerpt":{"rendered":"<p>\/Por David Mel\u00e9ndez Tormen\/ 7 artistas muestran sus obras en la segunda versi\u00f3n de la exposici\u00f3n \u201cW\u00fcnelfe\u201d (El lucero del alba, o planeta Venus, en mapudungun), entre el 10 y el 30 de octubre en el Centro C\u00edvico Cultural de&hellip;<\/p>\n","protected":false},"author":43,"featured_media":741339,"comment_status":"closed","ping_status":"closed","sticky":false,"template":"","format":"standard","meta":{"footnotes":""},"categories":[11389,75,5667,67],"tags":[335,29,19885,8641],"class_list":["post-741338","post","type-post","status-publish","format-standard","has-post-thumbnail","hentry","category-contenido-original","category-cultura-es","category-foto-reportajes","category-sudamerica","tag-arte","tag-chile","tag-exposicion","tag-santiago"],"yoast_head":"<!-- This site is optimized with the Yoast SEO plugin v27.1.1 - https:\/\/yoast.com\/product\/yoast-seo-wordpress\/ -->\n<title>Exposici\u00f3n \u201cW\u00dcNELFE\u201d (La luz del mundo) de Artes Multimediales en el Centro C\u00edvico de la comuna de El Bosque<\/title>\n<meta name=\"description\" content=\"\/Por David Mel\u00e9ndez Tormen\/ 7 artistas muestran sus obras en la segunda versi\u00f3n de la exposici\u00f3n \u201cW\u00fcnelfe\u201d (El lucero del alba, o planeta Venus, en\" \/>\n<meta name=\"robots\" content=\"index, follow, max-snippet:-1, max-image-preview:large, max-video-preview:-1\" \/>\n<link rel=\"canonical\" href=\"https:\/\/www.pressenza.com\/es\/2018\/10\/exposicion-wunelfe-la-luz-del-mundo-de-artes-multimediales-en-el-centro-civico-de-la-comuna-de-el-bosque\/\" \/>\n<meta property=\"og:locale\" content=\"es_ES\" \/>\n<meta property=\"og:type\" content=\"article\" \/>\n<meta property=\"og:title\" content=\"Exposici\u00f3n \u201cW\u00dcNELFE\u201d (La luz del mundo) de Artes Multimediales en el Centro C\u00edvico de la comuna de El Bosque\" \/>\n<meta property=\"og:description\" content=\"\/Por David Mel\u00e9ndez Tormen\/ 7 artistas muestran sus obras en la segunda versi\u00f3n de la exposici\u00f3n \u201cW\u00fcnelfe\u201d (El lucero del alba, o planeta Venus, en\" \/>\n<meta property=\"og:url\" content=\"https:\/\/www.pressenza.com\/es\/2018\/10\/exposicion-wunelfe-la-luz-del-mundo-de-artes-multimediales-en-el-centro-civico-de-la-comuna-de-el-bosque\/\" \/>\n<meta property=\"og:site_name\" content=\"Pressenza\" \/>\n<meta property=\"article:publisher\" content=\"https:\/\/www.facebook.com\/PressenzaItalia\" \/>\n<meta property=\"article:author\" content=\"https:\/\/www.facebook.com\/pressenza\" \/>\n<meta property=\"article:published_time\" content=\"2018-10-22T14:03:43+00:00\" \/>\n<meta property=\"og:image\" content=\"https:\/\/www.pressenza.com\/wp-content\/uploads\/2018\/10\/Fotos-de-David-Melendez-Tormen-oct-2018-6_Alejandro-Silva-2.jpg\" \/>\n\t<meta property=\"og:image:width\" content=\"1600\" \/>\n\t<meta property=\"og:image:height\" content=\"1201\" \/>\n\t<meta property=\"og:image:type\" content=\"image\/jpeg\" \/>\n<meta name=\"author\" content=\"Redacci\u00f3n Chile\" \/>\n<meta name=\"twitter:card\" content=\"summary_large_image\" \/>\n<meta name=\"twitter:creator\" content=\"@pressenza\" \/>\n<meta name=\"twitter:site\" content=\"@PressenzaIPA\" \/>\n<meta name=\"twitter:label1\" content=\"Escrito por\" \/>\n\t<meta name=\"twitter:data1\" content=\"Redacci\u00f3n Chile\" \/>\n\t<meta name=\"twitter:label2\" content=\"Tiempo de lectura\" \/>\n\t<meta name=\"twitter:data2\" content=\"2 minutos\" \/>\n<script type=\"application\/ld+json\" class=\"yoast-schema-graph\">{\"@context\":\"https:\/\/schema.org\",\"@graph\":[{\"@type\":\"Article\",\"@id\":\"https:\/\/www.pressenza.com\/es\/2018\/10\/exposicion-wunelfe-la-luz-del-mundo-de-artes-multimediales-en-el-centro-civico-de-la-comuna-de-el-bosque\/#article\",\"isPartOf\":{\"@id\":\"https:\/\/www.pressenza.com\/es\/2018\/10\/exposicion-wunelfe-la-luz-del-mundo-de-artes-multimediales-en-el-centro-civico-de-la-comuna-de-el-bosque\/\"},\"author\":{\"name\":\"Redacci\u00f3n Chile\",\"@id\":\"https:\/\/www.pressenza.com\/es\/#\/schema\/person\/d7db40df35d6698ba69ba9ee260944ed\"},\"headline\":\"Exposici\u00f3n \u201cW\u00dcNELFE\u201d (La luz del mundo) de Artes Multimediales en el Centro C\u00edvico de la comuna de El Bosque\",\"datePublished\":\"2018-10-22T14:03:43+00:00\",\"mainEntityOfPage\":{\"@id\":\"https:\/\/www.pressenza.com\/es\/2018\/10\/exposicion-wunelfe-la-luz-del-mundo-de-artes-multimediales-en-el-centro-civico-de-la-comuna-de-el-bosque\/\"},\"wordCount\":489,\"publisher\":{\"@id\":\"https:\/\/www.pressenza.com\/es\/#organization\"},\"image\":{\"@id\":\"https:\/\/www.pressenza.com\/es\/2018\/10\/exposicion-wunelfe-la-luz-del-mundo-de-artes-multimediales-en-el-centro-civico-de-la-comuna-de-el-bosque\/#primaryimage\"},\"thumbnailUrl\":\"https:\/\/www.pressenza.com\/wp-content\/uploads\/2018\/10\/Fotos-de-David-Melendez-Tormen-oct-2018-6_Alejandro-Silva-2.jpg\",\"keywords\":[\"arte\",\"Chile\",\"Exposici\u00f3n\",\"Santiago\"],\"articleSection\":[\"Contenido Original\",\"Cultura y Medios\",\"Fotorreportajes\",\"Sudam\u00e9rica\"],\"inLanguage\":\"es\"},{\"@type\":\"WebPage\",\"@id\":\"https:\/\/www.pressenza.com\/es\/2018\/10\/exposicion-wunelfe-la-luz-del-mundo-de-artes-multimediales-en-el-centro-civico-de-la-comuna-de-el-bosque\/\",\"url\":\"https:\/\/www.pressenza.com\/es\/2018\/10\/exposicion-wunelfe-la-luz-del-mundo-de-artes-multimediales-en-el-centro-civico-de-la-comuna-de-el-bosque\/\",\"name\":\"Exposici\u00f3n \u201cW\u00dcNELFE\u201d (La luz del mundo) de Artes Multimediales en el Centro C\u00edvico de la comuna de El Bosque\",\"isPartOf\":{\"@id\":\"https:\/\/www.pressenza.com\/es\/#website\"},\"primaryImageOfPage\":{\"@id\":\"https:\/\/www.pressenza.com\/es\/2018\/10\/exposicion-wunelfe-la-luz-del-mundo-de-artes-multimediales-en-el-centro-civico-de-la-comuna-de-el-bosque\/#primaryimage\"},\"image\":{\"@id\":\"https:\/\/www.pressenza.com\/es\/2018\/10\/exposicion-wunelfe-la-luz-del-mundo-de-artes-multimediales-en-el-centro-civico-de-la-comuna-de-el-bosque\/#primaryimage\"},\"thumbnailUrl\":\"https:\/\/www.pressenza.com\/wp-content\/uploads\/2018\/10\/Fotos-de-David-Melendez-Tormen-oct-2018-6_Alejandro-Silva-2.jpg\",\"datePublished\":\"2018-10-22T14:03:43+00:00\",\"description\":\"\/Por David Mel\u00e9ndez Tormen\/ 7 artistas muestran sus obras en la segunda versi\u00f3n de la exposici\u00f3n \u201cW\u00fcnelfe\u201d (El lucero del alba, o planeta Venus, en\",\"breadcrumb\":{\"@id\":\"https:\/\/www.pressenza.com\/es\/2018\/10\/exposicion-wunelfe-la-luz-del-mundo-de-artes-multimediales-en-el-centro-civico-de-la-comuna-de-el-bosque\/#breadcrumb\"},\"inLanguage\":\"es\",\"potentialAction\":[{\"@type\":\"ReadAction\",\"target\":[\"https:\/\/www.pressenza.com\/es\/2018\/10\/exposicion-wunelfe-la-luz-del-mundo-de-artes-multimediales-en-el-centro-civico-de-la-comuna-de-el-bosque\/\"]}]},{\"@type\":\"ImageObject\",\"inLanguage\":\"es\",\"@id\":\"https:\/\/www.pressenza.com\/es\/2018\/10\/exposicion-wunelfe-la-luz-del-mundo-de-artes-multimediales-en-el-centro-civico-de-la-comuna-de-el-bosque\/#primaryimage\",\"url\":\"https:\/\/www.pressenza.com\/wp-content\/uploads\/2018\/10\/Fotos-de-David-Melendez-Tormen-oct-2018-6_Alejandro-Silva-2.jpg\",\"contentUrl\":\"https:\/\/www.pressenza.com\/wp-content\/uploads\/2018\/10\/Fotos-de-David-Melendez-Tormen-oct-2018-6_Alejandro-Silva-2.jpg\",\"width\":1600,\"height\":1201},{\"@type\":\"BreadcrumbList\",\"@id\":\"https:\/\/www.pressenza.com\/es\/2018\/10\/exposicion-wunelfe-la-luz-del-mundo-de-artes-multimediales-en-el-centro-civico-de-la-comuna-de-el-bosque\/#breadcrumb\",\"itemListElement\":[{\"@type\":\"ListItem\",\"position\":1,\"name\":\"Accueil\",\"item\":\"https:\/\/www.pressenza.com\/es\/\"},{\"@type\":\"ListItem\",\"position\":2,\"name\":\"Exposici\u00f3n \u201cW\u00dcNELFE\u201d (La luz del mundo) de Artes Multimediales en el Centro C\u00edvico de la comuna de El Bosque\"}]},{\"@type\":\"WebSite\",\"@id\":\"https:\/\/www.pressenza.com\/es\/#website\",\"url\":\"https:\/\/www.pressenza.com\/es\/\",\"name\":\"Pressenza\",\"description\":\"International Press Agency\",\"publisher\":{\"@id\":\"https:\/\/www.pressenza.com\/es\/#organization\"},\"potentialAction\":[{\"@type\":\"SearchAction\",\"target\":{\"@type\":\"EntryPoint\",\"urlTemplate\":\"https:\/\/www.pressenza.com\/es\/?s={search_term_string}\"},\"query-input\":{\"@type\":\"PropertyValueSpecification\",\"valueRequired\":true,\"valueName\":\"search_term_string\"}}],\"inLanguage\":\"es\"},{\"@type\":\"Organization\",\"@id\":\"https:\/\/www.pressenza.com\/es\/#organization\",\"name\":\"Pressenza\",\"url\":\"https:\/\/www.pressenza.com\/es\/\",\"logo\":{\"@type\":\"ImageObject\",\"inLanguage\":\"es\",\"@id\":\"https:\/\/www.pressenza.com\/es\/#\/schema\/logo\/image\/\",\"url\":\"https:\/\/www.pressenza.com\/wp-content\/uploads\/2022\/10\/pressenza_logo_200x200.jpg\",\"contentUrl\":\"https:\/\/www.pressenza.com\/wp-content\/uploads\/2022\/10\/pressenza_logo_200x200.jpg\",\"width\":200,\"height\":200,\"caption\":\"Pressenza\"},\"image\":{\"@id\":\"https:\/\/www.pressenza.com\/es\/#\/schema\/logo\/image\/\"},\"sameAs\":[\"https:\/\/www.facebook.com\/PressenzaItalia\",\"https:\/\/x.com\/PressenzaIPA\"]},{\"@type\":\"Person\",\"@id\":\"https:\/\/www.pressenza.com\/es\/#\/schema\/person\/d7db40df35d6698ba69ba9ee260944ed\",\"name\":\"Redacci\u00f3n Chile\",\"description\":\"News from the Pressenza Bureau in Chile\",\"sameAs\":[\"https:\/\/www.facebook.com\/pressenza\",\"https:\/\/x.com\/pressenza\"],\"url\":\"https:\/\/www.pressenza.com\/es\/author\/redaccion-chile\/\"}]}<\/script>\n<!-- \/ Yoast SEO plugin. -->","yoast_head_json":{"title":"Exposici\u00f3n \u201cW\u00dcNELFE\u201d (La luz del mundo) de Artes Multimediales en el Centro C\u00edvico de la comuna de El Bosque","description":"\/Por David Mel\u00e9ndez Tormen\/ 7 artistas muestran sus obras en la segunda versi\u00f3n de la exposici\u00f3n \u201cW\u00fcnelfe\u201d (El lucero del alba, o planeta Venus, en","robots":{"index":"index","follow":"follow","max-snippet":"max-snippet:-1","max-image-preview":"max-image-preview:large","max-video-preview":"max-video-preview:-1"},"canonical":"https:\/\/www.pressenza.com\/es\/2018\/10\/exposicion-wunelfe-la-luz-del-mundo-de-artes-multimediales-en-el-centro-civico-de-la-comuna-de-el-bosque\/","og_locale":"es_ES","og_type":"article","og_title":"Exposici\u00f3n \u201cW\u00dcNELFE\u201d (La luz del mundo) de Artes Multimediales en el Centro C\u00edvico de la comuna de El Bosque","og_description":"\/Por David Mel\u00e9ndez Tormen\/ 7 artistas muestran sus obras en la segunda versi\u00f3n de la exposici\u00f3n \u201cW\u00fcnelfe\u201d (El lucero del alba, o planeta Venus, en","og_url":"https:\/\/www.pressenza.com\/es\/2018\/10\/exposicion-wunelfe-la-luz-del-mundo-de-artes-multimediales-en-el-centro-civico-de-la-comuna-de-el-bosque\/","og_site_name":"Pressenza","article_publisher":"https:\/\/www.facebook.com\/PressenzaItalia","article_author":"https:\/\/www.facebook.com\/pressenza","article_published_time":"2018-10-22T14:03:43+00:00","og_image":[{"width":1600,"height":1201,"url":"https:\/\/www.pressenza.com\/wp-content\/uploads\/2018\/10\/Fotos-de-David-Melendez-Tormen-oct-2018-6_Alejandro-Silva-2.jpg","type":"image\/jpeg"}],"author":"Redacci\u00f3n Chile","twitter_card":"summary_large_image","twitter_creator":"@pressenza","twitter_site":"@PressenzaIPA","twitter_misc":{"Escrito por":"Redacci\u00f3n Chile","Tiempo de lectura":"2 minutos"},"schema":{"@context":"https:\/\/schema.org","@graph":[{"@type":"Article","@id":"https:\/\/www.pressenza.com\/es\/2018\/10\/exposicion-wunelfe-la-luz-del-mundo-de-artes-multimediales-en-el-centro-civico-de-la-comuna-de-el-bosque\/#article","isPartOf":{"@id":"https:\/\/www.pressenza.com\/es\/2018\/10\/exposicion-wunelfe-la-luz-del-mundo-de-artes-multimediales-en-el-centro-civico-de-la-comuna-de-el-bosque\/"},"author":{"name":"Redacci\u00f3n Chile","@id":"https:\/\/www.pressenza.com\/es\/#\/schema\/person\/d7db40df35d6698ba69ba9ee260944ed"},"headline":"Exposici\u00f3n \u201cW\u00dcNELFE\u201d (La luz del mundo) de Artes Multimediales en el Centro C\u00edvico de la comuna de El Bosque","datePublished":"2018-10-22T14:03:43+00:00","mainEntityOfPage":{"@id":"https:\/\/www.pressenza.com\/es\/2018\/10\/exposicion-wunelfe-la-luz-del-mundo-de-artes-multimediales-en-el-centro-civico-de-la-comuna-de-el-bosque\/"},"wordCount":489,"publisher":{"@id":"https:\/\/www.pressenza.com\/es\/#organization"},"image":{"@id":"https:\/\/www.pressenza.com\/es\/2018\/10\/exposicion-wunelfe-la-luz-del-mundo-de-artes-multimediales-en-el-centro-civico-de-la-comuna-de-el-bosque\/#primaryimage"},"thumbnailUrl":"https:\/\/www.pressenza.com\/wp-content\/uploads\/2018\/10\/Fotos-de-David-Melendez-Tormen-oct-2018-6_Alejandro-Silva-2.jpg","keywords":["arte","Chile","Exposici\u00f3n","Santiago"],"articleSection":["Contenido Original","Cultura y Medios","Fotorreportajes","Sudam\u00e9rica"],"inLanguage":"es"},{"@type":"WebPage","@id":"https:\/\/www.pressenza.com\/es\/2018\/10\/exposicion-wunelfe-la-luz-del-mundo-de-artes-multimediales-en-el-centro-civico-de-la-comuna-de-el-bosque\/","url":"https:\/\/www.pressenza.com\/es\/2018\/10\/exposicion-wunelfe-la-luz-del-mundo-de-artes-multimediales-en-el-centro-civico-de-la-comuna-de-el-bosque\/","name":"Exposici\u00f3n \u201cW\u00dcNELFE\u201d (La luz del mundo) de Artes Multimediales en el Centro C\u00edvico de la comuna de El Bosque","isPartOf":{"@id":"https:\/\/www.pressenza.com\/es\/#website"},"primaryImageOfPage":{"@id":"https:\/\/www.pressenza.com\/es\/2018\/10\/exposicion-wunelfe-la-luz-del-mundo-de-artes-multimediales-en-el-centro-civico-de-la-comuna-de-el-bosque\/#primaryimage"},"image":{"@id":"https:\/\/www.pressenza.com\/es\/2018\/10\/exposicion-wunelfe-la-luz-del-mundo-de-artes-multimediales-en-el-centro-civico-de-la-comuna-de-el-bosque\/#primaryimage"},"thumbnailUrl":"https:\/\/www.pressenza.com\/wp-content\/uploads\/2018\/10\/Fotos-de-David-Melendez-Tormen-oct-2018-6_Alejandro-Silva-2.jpg","datePublished":"2018-10-22T14:03:43+00:00","description":"\/Por David Mel\u00e9ndez Tormen\/ 7 artistas muestran sus obras en la segunda versi\u00f3n de la exposici\u00f3n \u201cW\u00fcnelfe\u201d (El lucero del alba, o planeta Venus, en","breadcrumb":{"@id":"https:\/\/www.pressenza.com\/es\/2018\/10\/exposicion-wunelfe-la-luz-del-mundo-de-artes-multimediales-en-el-centro-civico-de-la-comuna-de-el-bosque\/#breadcrumb"},"inLanguage":"es","potentialAction":[{"@type":"ReadAction","target":["https:\/\/www.pressenza.com\/es\/2018\/10\/exposicion-wunelfe-la-luz-del-mundo-de-artes-multimediales-en-el-centro-civico-de-la-comuna-de-el-bosque\/"]}]},{"@type":"ImageObject","inLanguage":"es","@id":"https:\/\/www.pressenza.com\/es\/2018\/10\/exposicion-wunelfe-la-luz-del-mundo-de-artes-multimediales-en-el-centro-civico-de-la-comuna-de-el-bosque\/#primaryimage","url":"https:\/\/www.pressenza.com\/wp-content\/uploads\/2018\/10\/Fotos-de-David-Melendez-Tormen-oct-2018-6_Alejandro-Silva-2.jpg","contentUrl":"https:\/\/www.pressenza.com\/wp-content\/uploads\/2018\/10\/Fotos-de-David-Melendez-Tormen-oct-2018-6_Alejandro-Silva-2.jpg","width":1600,"height":1201},{"@type":"BreadcrumbList","@id":"https:\/\/www.pressenza.com\/es\/2018\/10\/exposicion-wunelfe-la-luz-del-mundo-de-artes-multimediales-en-el-centro-civico-de-la-comuna-de-el-bosque\/#breadcrumb","itemListElement":[{"@type":"ListItem","position":1,"name":"Accueil","item":"https:\/\/www.pressenza.com\/es\/"},{"@type":"ListItem","position":2,"name":"Exposici\u00f3n \u201cW\u00dcNELFE\u201d (La luz del mundo) de Artes Multimediales en el Centro C\u00edvico de la comuna de El Bosque"}]},{"@type":"WebSite","@id":"https:\/\/www.pressenza.com\/es\/#website","url":"https:\/\/www.pressenza.com\/es\/","name":"Pressenza","description":"International Press Agency","publisher":{"@id":"https:\/\/www.pressenza.com\/es\/#organization"},"potentialAction":[{"@type":"SearchAction","target":{"@type":"EntryPoint","urlTemplate":"https:\/\/www.pressenza.com\/es\/?s={search_term_string}"},"query-input":{"@type":"PropertyValueSpecification","valueRequired":true,"valueName":"search_term_string"}}],"inLanguage":"es"},{"@type":"Organization","@id":"https:\/\/www.pressenza.com\/es\/#organization","name":"Pressenza","url":"https:\/\/www.pressenza.com\/es\/","logo":{"@type":"ImageObject","inLanguage":"es","@id":"https:\/\/www.pressenza.com\/es\/#\/schema\/logo\/image\/","url":"https:\/\/www.pressenza.com\/wp-content\/uploads\/2022\/10\/pressenza_logo_200x200.jpg","contentUrl":"https:\/\/www.pressenza.com\/wp-content\/uploads\/2022\/10\/pressenza_logo_200x200.jpg","width":200,"height":200,"caption":"Pressenza"},"image":{"@id":"https:\/\/www.pressenza.com\/es\/#\/schema\/logo\/image\/"},"sameAs":["https:\/\/www.facebook.com\/PressenzaItalia","https:\/\/x.com\/PressenzaIPA"]},{"@type":"Person","@id":"https:\/\/www.pressenza.com\/es\/#\/schema\/person\/d7db40df35d6698ba69ba9ee260944ed","name":"Redacci\u00f3n Chile","description":"News from the Pressenza Bureau in Chile","sameAs":["https:\/\/www.facebook.com\/pressenza","https:\/\/x.com\/pressenza"],"url":"https:\/\/www.pressenza.com\/es\/author\/redaccion-chile\/"}]}},"place":"","original_article_url":"","_links":{"self":[{"href":"https:\/\/www.pressenza.com\/es\/wp-json\/wp\/v2\/posts\/741338","targetHints":{"allow":["GET"]}}],"collection":[{"href":"https:\/\/www.pressenza.com\/es\/wp-json\/wp\/v2\/posts"}],"about":[{"href":"https:\/\/www.pressenza.com\/es\/wp-json\/wp\/v2\/types\/post"}],"author":[{"embeddable":true,"href":"https:\/\/www.pressenza.com\/es\/wp-json\/wp\/v2\/users\/43"}],"replies":[{"embeddable":true,"href":"https:\/\/www.pressenza.com\/es\/wp-json\/wp\/v2\/comments?post=741338"}],"version-history":[{"count":0,"href":"https:\/\/www.pressenza.com\/es\/wp-json\/wp\/v2\/posts\/741338\/revisions"}],"wp:featuredmedia":[{"embeddable":true,"href":"https:\/\/www.pressenza.com\/es\/wp-json\/wp\/v2\/media\/741339"}],"wp:attachment":[{"href":"https:\/\/www.pressenza.com\/es\/wp-json\/wp\/v2\/media?parent=741338"}],"wp:term":[{"taxonomy":"category","embeddable":true,"href":"https:\/\/www.pressenza.com\/es\/wp-json\/wp\/v2\/categories?post=741338"},{"taxonomy":"post_tag","embeddable":true,"href":"https:\/\/www.pressenza.com\/es\/wp-json\/wp\/v2\/tags?post=741338"}],"curies":[{"name":"wp","href":"https:\/\/api.w.org\/{rel}","templated":true}]}}