{"id":740881,"date":"2018-10-21T23:49:03","date_gmt":"2018-10-21T22:49:03","guid":{"rendered":"https:\/\/www.pressenza.com\/?p=740881"},"modified":"2018-10-21T23:49:03","modified_gmt":"2018-10-21T22:49:03","slug":"mit-anuncia-la-creacion-de-una-universidad-de-inteligencia-artificial","status":"publish","type":"post","link":"https:\/\/www.pressenza.com\/es\/2018\/10\/mit-anuncia-la-creacion-de-una-universidad-de-inteligencia-artificial\/","title":{"rendered":"MIT anuncia la creaci\u00f3n de una universidad de Inteligencia Artificial"},"content":{"rendered":"<p><strong>El Instituto Tecnol\u00f3gico de Massachusetts (MIT) anunci\u00f3 el lunes que crear\u00e1 una universidad de\u00a0Inteligencia Artificial (IA), con una inversi\u00f3n inicial de 1.000 millones de d\u00f3lares, centrada en el uso \u201cresponsable y \u00e9tico\u201d de la tecnolog\u00eda.<\/strong><\/p>\n<p>&nbsp;<\/p>\n<p>El prestigioso centro inform\u00f3 que sumar\u00e1 50 nuevos miembros a su staff para crear un espacio interdisciplinario de inform\u00e1tica, IA, ciencia de datos y otros campos relacionados.<\/p>\n<p>Gran parte de los fondos provendr\u00e1n de una donaci\u00f3n deStephen Schwarzman, presidente y cofundador del gigante financiero Blackstone, por lo que la universidad ser\u00e1 denominada con su nombre.<\/p>\n<p>\u201cA medida que la inform\u00e1tica reconfigura nuestro mundo, el MIT tiene la intenci\u00f3n de asegurar que sea por el bien de todos\u201d, dijo el presidente del MIT, Rafael Reif.<\/p>\n<p>El proyecto representa la mayor inversi\u00f3n individual en computaci\u00f3n e IA de una instituci\u00f3n acad\u00e9mica estadounidense, seg\u00fan un comunicado del MIT.<\/p>\n<p>La iniciativa surge en medio de crecientes preocupaciones sobre los impactos de la IA en las instituciones globales, y el temor de que China est\u00e9 superando a Estados Unidos en este campo.<\/p>\n<p>\u201cNo existe oportunidad o desaf\u00edo m\u00e1s importante para nuestra naci\u00f3n que aprovechar de manera responsable el poder de la IA para que podamos seguir siendo competitivos a nivel mundial y lograr avances que mejoren a toda nuestra sociedad\u201d, dijo Schwarzman.<\/p>\n<p>\u201cNos enfrentamos a preguntas fundamentales sobre c\u00f3mo garantizar que los avances tecnol\u00f3gicos beneficien a todos, especialmente a los m\u00e1s vulnerables a los cambios radicales que la IA traer\u00e1 a la naturaleza de la fuerza de trabajo\u201d, agreg\u00f3.<\/p>\n<p>Se prev\u00e9 que la nueva universidad abra en\u00a0septiembre de 2019, con un nuevo edificio a completarse para 2022.<\/p>\n","protected":false},"excerpt":{"rendered":"<p>El Instituto Tecnol\u00f3gico de Massachusetts (MIT) anunci\u00f3 el lunes que crear\u00e1 una universidad de\u00a0Inteligencia Artificial (IA), con una inversi\u00f3n inicial de 1.000 millones de d\u00f3lares, centrada en el uso \u201cresponsable y \u00e9tico\u201d de la tecnolog\u00eda. &nbsp; El prestigioso centro inform\u00f3&hellip;<\/p>\n","protected":false},"author":1557,"featured_media":740882,"comment_status":"closed","ping_status":"closed","sticky":false,"template":"","format":"standard","meta":{"footnotes":""},"categories":[497,1230,68],"tags":[393,24495],"class_list":["post-740881","post","type-post","status-publish","format-standard","has-post-thumbnail","hentry","category-ciencia-tecnologia","category-educacion-tema","category-norteamerica","tag-educacion","tag-inteligencia-artificial"],"yoast_head":"<!-- This site is optimized with the Yoast SEO plugin v27.1.1 - https:\/\/yoast.com\/product\/yoast-seo-wordpress\/ -->\n<title>MIT anuncia la creaci\u00f3n de una universidad de Inteligencia Artificial<\/title>\n<meta name=\"description\" content=\"El Instituto Tecnol\u00f3gico de Massachusetts (MIT) anunci\u00f3 el lunes que crear\u00e1 una universidad de\u00a0Inteligencia Artificial (IA), con una inversi\u00f3n inicial de\" \/>\n<meta name=\"robots\" content=\"index, follow, max-snippet:-1, max-image-preview:large, max-video-preview:-1\" \/>\n<link rel=\"canonical\" href=\"https:\/\/www.pressenza.com\/es\/2018\/10\/mit-anuncia-la-creacion-de-una-universidad-de-inteligencia-artificial\/\" \/>\n<meta property=\"og:locale\" content=\"es_ES\" \/>\n<meta property=\"og:type\" content=\"article\" \/>\n<meta property=\"og:title\" content=\"MIT anuncia la creaci\u00f3n de una universidad de Inteligencia Artificial\" \/>\n<meta property=\"og:description\" content=\"El Instituto Tecnol\u00f3gico de Massachusetts (MIT) anunci\u00f3 el lunes que crear\u00e1 una universidad de\u00a0Inteligencia Artificial (IA), con una inversi\u00f3n inicial de\" \/>\n<meta property=\"og:url\" content=\"https:\/\/www.pressenza.com\/es\/2018\/10\/mit-anuncia-la-creacion-de-una-universidad-de-inteligencia-artificial\/\" \/>\n<meta property=\"og:site_name\" content=\"Pressenza\" \/>\n<meta property=\"article:publisher\" content=\"https:\/\/www.facebook.com\/PressenzaItalia\" \/>\n<meta property=\"article:published_time\" content=\"2018-10-21T22:49:03+00:00\" \/>\n<meta property=\"og:image\" content=\"https:\/\/www.pressenza.com\/wp-content\/uploads\/2018\/10\/mit-computer-announce-01_0.jpg\" \/>\n\t<meta property=\"og:image:width\" content=\"800\" \/>\n\t<meta property=\"og:image:height\" content=\"532\" \/>\n\t<meta property=\"og:image:type\" content=\"image\/jpeg\" \/>\n<meta name=\"author\" content=\"Diario Clever\" \/>\n<meta name=\"twitter:card\" content=\"summary_large_image\" \/>\n<meta name=\"twitter:creator\" content=\"@PressenzaIPA\" \/>\n<meta name=\"twitter:site\" content=\"@PressenzaIPA\" \/>\n<meta name=\"twitter:label1\" content=\"Escrito por\" \/>\n\t<meta name=\"twitter:data1\" content=\"Diario Clever\" \/>\n\t<meta name=\"twitter:label2\" content=\"Tiempo de lectura\" \/>\n\t<meta name=\"twitter:data2\" content=\"1 minuto\" \/>\n<script type=\"application\/ld+json\" class=\"yoast-schema-graph\">{\"@context\":\"https:\/\/schema.org\",\"@graph\":[{\"@type\":\"Article\",\"@id\":\"https:\/\/www.pressenza.com\/es\/2018\/10\/mit-anuncia-la-creacion-de-una-universidad-de-inteligencia-artificial\/#article\",\"isPartOf\":{\"@id\":\"https:\/\/www.pressenza.com\/es\/2018\/10\/mit-anuncia-la-creacion-de-una-universidad-de-inteligencia-artificial\/\"},\"author\":{\"name\":\"Diario Clever\",\"@id\":\"https:\/\/www.pressenza.com\/es\/#\/schema\/person\/15a1153af1127c772b6a38bf4282bd19\"},\"headline\":\"MIT anuncia la creaci\u00f3n de una universidad de Inteligencia Artificial\",\"datePublished\":\"2018-10-21T22:49:03+00:00\",\"mainEntityOfPage\":{\"@id\":\"https:\/\/www.pressenza.com\/es\/2018\/10\/mit-anuncia-la-creacion-de-una-universidad-de-inteligencia-artificial\/\"},\"wordCount\":297,\"publisher\":{\"@id\":\"https:\/\/www.pressenza.com\/es\/#organization\"},\"image\":{\"@id\":\"https:\/\/www.pressenza.com\/es\/2018\/10\/mit-anuncia-la-creacion-de-una-universidad-de-inteligencia-artificial\/#primaryimage\"},\"thumbnailUrl\":\"https:\/\/www.pressenza.com\/wp-content\/uploads\/2018\/10\/mit-computer-announce-01_0.jpg\",\"keywords\":[\"Educaci\u00f3n\",\"Inteligencia Artificial\"],\"articleSection\":[\"Ciencia y Tecnolog\u00eda\",\"Educaci\u00f3n\",\"Norteam\u00e9rica\"],\"inLanguage\":\"es\"},{\"@type\":\"WebPage\",\"@id\":\"https:\/\/www.pressenza.com\/es\/2018\/10\/mit-anuncia-la-creacion-de-una-universidad-de-inteligencia-artificial\/\",\"url\":\"https:\/\/www.pressenza.com\/es\/2018\/10\/mit-anuncia-la-creacion-de-una-universidad-de-inteligencia-artificial\/\",\"name\":\"MIT anuncia la creaci\u00f3n de una universidad de Inteligencia Artificial\",\"isPartOf\":{\"@id\":\"https:\/\/www.pressenza.com\/es\/#website\"},\"primaryImageOfPage\":{\"@id\":\"https:\/\/www.pressenza.com\/es\/2018\/10\/mit-anuncia-la-creacion-de-una-universidad-de-inteligencia-artificial\/#primaryimage\"},\"image\":{\"@id\":\"https:\/\/www.pressenza.com\/es\/2018\/10\/mit-anuncia-la-creacion-de-una-universidad-de-inteligencia-artificial\/#primaryimage\"},\"thumbnailUrl\":\"https:\/\/www.pressenza.com\/wp-content\/uploads\/2018\/10\/mit-computer-announce-01_0.jpg\",\"datePublished\":\"2018-10-21T22:49:03+00:00\",\"description\":\"El Instituto Tecnol\u00f3gico de Massachusetts (MIT) anunci\u00f3 el lunes que crear\u00e1 una universidad de\u00a0Inteligencia Artificial (IA), con una inversi\u00f3n inicial de\",\"breadcrumb\":{\"@id\":\"https:\/\/www.pressenza.com\/es\/2018\/10\/mit-anuncia-la-creacion-de-una-universidad-de-inteligencia-artificial\/#breadcrumb\"},\"inLanguage\":\"es\",\"potentialAction\":[{\"@type\":\"ReadAction\",\"target\":[\"https:\/\/www.pressenza.com\/es\/2018\/10\/mit-anuncia-la-creacion-de-una-universidad-de-inteligencia-artificial\/\"]}]},{\"@type\":\"ImageObject\",\"inLanguage\":\"es\",\"@id\":\"https:\/\/www.pressenza.com\/es\/2018\/10\/mit-anuncia-la-creacion-de-una-universidad-de-inteligencia-artificial\/#primaryimage\",\"url\":\"https:\/\/www.pressenza.com\/wp-content\/uploads\/2018\/10\/mit-computer-announce-01_0.jpg\",\"contentUrl\":\"https:\/\/www.pressenza.com\/wp-content\/uploads\/2018\/10\/mit-computer-announce-01_0.jpg\",\"width\":800,\"height\":532},{\"@type\":\"BreadcrumbList\",\"@id\":\"https:\/\/www.pressenza.com\/es\/2018\/10\/mit-anuncia-la-creacion-de-una-universidad-de-inteligencia-artificial\/#breadcrumb\",\"itemListElement\":[{\"@type\":\"ListItem\",\"position\":1,\"name\":\"Accueil\",\"item\":\"https:\/\/www.pressenza.com\/es\/\"},{\"@type\":\"ListItem\",\"position\":2,\"name\":\"MIT anuncia la creaci\u00f3n de una universidad de Inteligencia Artificial\"}]},{\"@type\":\"WebSite\",\"@id\":\"https:\/\/www.pressenza.com\/es\/#website\",\"url\":\"https:\/\/www.pressenza.com\/es\/\",\"name\":\"Pressenza\",\"description\":\"International Press Agency\",\"publisher\":{\"@id\":\"https:\/\/www.pressenza.com\/es\/#organization\"},\"potentialAction\":[{\"@type\":\"SearchAction\",\"target\":{\"@type\":\"EntryPoint\",\"urlTemplate\":\"https:\/\/www.pressenza.com\/es\/?s={search_term_string}\"},\"query-input\":{\"@type\":\"PropertyValueSpecification\",\"valueRequired\":true,\"valueName\":\"search_term_string\"}}],\"inLanguage\":\"es\"},{\"@type\":\"Organization\",\"@id\":\"https:\/\/www.pressenza.com\/es\/#organization\",\"name\":\"Pressenza\",\"url\":\"https:\/\/www.pressenza.com\/es\/\",\"logo\":{\"@type\":\"ImageObject\",\"inLanguage\":\"es\",\"@id\":\"https:\/\/www.pressenza.com\/es\/#\/schema\/logo\/image\/\",\"url\":\"https:\/\/www.pressenza.com\/wp-content\/uploads\/2022\/10\/pressenza_logo_200x200.jpg\",\"contentUrl\":\"https:\/\/www.pressenza.com\/wp-content\/uploads\/2022\/10\/pressenza_logo_200x200.jpg\",\"width\":200,\"height\":200,\"caption\":\"Pressenza\"},\"image\":{\"@id\":\"https:\/\/www.pressenza.com\/es\/#\/schema\/logo\/image\/\"},\"sameAs\":[\"https:\/\/www.facebook.com\/PressenzaItalia\",\"https:\/\/x.com\/PressenzaIPA\"]},{\"@type\":\"Person\",\"@id\":\"https:\/\/www.pressenza.com\/es\/#\/schema\/person\/15a1153af1127c772b6a38bf4282bd19\",\"name\":\"Diario Clever\",\"description\":\"CLEVER es una nueva plataforma digital que nace como alternativa a los medios de comunicaci\u00f3n tradicionales del Chile. Es un medio digital con especial vocaci\u00f3n a lo audiovisual, creando un espacio de progresismo, amante de la diversidad, tolerante, liberal y democr\u00e1tico.\",\"sameAs\":[\"http:\/\/www.diarioclever.cl\/\"],\"url\":\"https:\/\/www.pressenza.com\/es\/author\/diario-clever\/\"}]}<\/script>\n<!-- \/ Yoast SEO plugin. -->","yoast_head_json":{"title":"MIT anuncia la creaci\u00f3n de una universidad de Inteligencia Artificial","description":"El Instituto Tecnol\u00f3gico de Massachusetts (MIT) anunci\u00f3 el lunes que crear\u00e1 una universidad de\u00a0Inteligencia Artificial (IA), con una inversi\u00f3n inicial de","robots":{"index":"index","follow":"follow","max-snippet":"max-snippet:-1","max-image-preview":"max-image-preview:large","max-video-preview":"max-video-preview:-1"},"canonical":"https:\/\/www.pressenza.com\/es\/2018\/10\/mit-anuncia-la-creacion-de-una-universidad-de-inteligencia-artificial\/","og_locale":"es_ES","og_type":"article","og_title":"MIT anuncia la creaci\u00f3n de una universidad de Inteligencia Artificial","og_description":"El Instituto Tecnol\u00f3gico de Massachusetts (MIT) anunci\u00f3 el lunes que crear\u00e1 una universidad de\u00a0Inteligencia Artificial (IA), con una inversi\u00f3n inicial de","og_url":"https:\/\/www.pressenza.com\/es\/2018\/10\/mit-anuncia-la-creacion-de-una-universidad-de-inteligencia-artificial\/","og_site_name":"Pressenza","article_publisher":"https:\/\/www.facebook.com\/PressenzaItalia","article_published_time":"2018-10-21T22:49:03+00:00","og_image":[{"width":800,"height":532,"url":"https:\/\/www.pressenza.com\/wp-content\/uploads\/2018\/10\/mit-computer-announce-01_0.jpg","type":"image\/jpeg"}],"author":"Diario Clever","twitter_card":"summary_large_image","twitter_creator":"@PressenzaIPA","twitter_site":"@PressenzaIPA","twitter_misc":{"Escrito por":"Diario Clever","Tiempo de lectura":"1 minuto"},"schema":{"@context":"https:\/\/schema.org","@graph":[{"@type":"Article","@id":"https:\/\/www.pressenza.com\/es\/2018\/10\/mit-anuncia-la-creacion-de-una-universidad-de-inteligencia-artificial\/#article","isPartOf":{"@id":"https:\/\/www.pressenza.com\/es\/2018\/10\/mit-anuncia-la-creacion-de-una-universidad-de-inteligencia-artificial\/"},"author":{"name":"Diario Clever","@id":"https:\/\/www.pressenza.com\/es\/#\/schema\/person\/15a1153af1127c772b6a38bf4282bd19"},"headline":"MIT anuncia la creaci\u00f3n de una universidad de Inteligencia Artificial","datePublished":"2018-10-21T22:49:03+00:00","mainEntityOfPage":{"@id":"https:\/\/www.pressenza.com\/es\/2018\/10\/mit-anuncia-la-creacion-de-una-universidad-de-inteligencia-artificial\/"},"wordCount":297,"publisher":{"@id":"https:\/\/www.pressenza.com\/es\/#organization"},"image":{"@id":"https:\/\/www.pressenza.com\/es\/2018\/10\/mit-anuncia-la-creacion-de-una-universidad-de-inteligencia-artificial\/#primaryimage"},"thumbnailUrl":"https:\/\/www.pressenza.com\/wp-content\/uploads\/2018\/10\/mit-computer-announce-01_0.jpg","keywords":["Educaci\u00f3n","Inteligencia Artificial"],"articleSection":["Ciencia y Tecnolog\u00eda","Educaci\u00f3n","Norteam\u00e9rica"],"inLanguage":"es"},{"@type":"WebPage","@id":"https:\/\/www.pressenza.com\/es\/2018\/10\/mit-anuncia-la-creacion-de-una-universidad-de-inteligencia-artificial\/","url":"https:\/\/www.pressenza.com\/es\/2018\/10\/mit-anuncia-la-creacion-de-una-universidad-de-inteligencia-artificial\/","name":"MIT anuncia la creaci\u00f3n de una universidad de Inteligencia Artificial","isPartOf":{"@id":"https:\/\/www.pressenza.com\/es\/#website"},"primaryImageOfPage":{"@id":"https:\/\/www.pressenza.com\/es\/2018\/10\/mit-anuncia-la-creacion-de-una-universidad-de-inteligencia-artificial\/#primaryimage"},"image":{"@id":"https:\/\/www.pressenza.com\/es\/2018\/10\/mit-anuncia-la-creacion-de-una-universidad-de-inteligencia-artificial\/#primaryimage"},"thumbnailUrl":"https:\/\/www.pressenza.com\/wp-content\/uploads\/2018\/10\/mit-computer-announce-01_0.jpg","datePublished":"2018-10-21T22:49:03+00:00","description":"El Instituto Tecnol\u00f3gico de Massachusetts (MIT) anunci\u00f3 el lunes que crear\u00e1 una universidad de\u00a0Inteligencia Artificial (IA), con una inversi\u00f3n inicial de","breadcrumb":{"@id":"https:\/\/www.pressenza.com\/es\/2018\/10\/mit-anuncia-la-creacion-de-una-universidad-de-inteligencia-artificial\/#breadcrumb"},"inLanguage":"es","potentialAction":[{"@type":"ReadAction","target":["https:\/\/www.pressenza.com\/es\/2018\/10\/mit-anuncia-la-creacion-de-una-universidad-de-inteligencia-artificial\/"]}]},{"@type":"ImageObject","inLanguage":"es","@id":"https:\/\/www.pressenza.com\/es\/2018\/10\/mit-anuncia-la-creacion-de-una-universidad-de-inteligencia-artificial\/#primaryimage","url":"https:\/\/www.pressenza.com\/wp-content\/uploads\/2018\/10\/mit-computer-announce-01_0.jpg","contentUrl":"https:\/\/www.pressenza.com\/wp-content\/uploads\/2018\/10\/mit-computer-announce-01_0.jpg","width":800,"height":532},{"@type":"BreadcrumbList","@id":"https:\/\/www.pressenza.com\/es\/2018\/10\/mit-anuncia-la-creacion-de-una-universidad-de-inteligencia-artificial\/#breadcrumb","itemListElement":[{"@type":"ListItem","position":1,"name":"Accueil","item":"https:\/\/www.pressenza.com\/es\/"},{"@type":"ListItem","position":2,"name":"MIT anuncia la creaci\u00f3n de una universidad de Inteligencia Artificial"}]},{"@type":"WebSite","@id":"https:\/\/www.pressenza.com\/es\/#website","url":"https:\/\/www.pressenza.com\/es\/","name":"Pressenza","description":"International Press Agency","publisher":{"@id":"https:\/\/www.pressenza.com\/es\/#organization"},"potentialAction":[{"@type":"SearchAction","target":{"@type":"EntryPoint","urlTemplate":"https:\/\/www.pressenza.com\/es\/?s={search_term_string}"},"query-input":{"@type":"PropertyValueSpecification","valueRequired":true,"valueName":"search_term_string"}}],"inLanguage":"es"},{"@type":"Organization","@id":"https:\/\/www.pressenza.com\/es\/#organization","name":"Pressenza","url":"https:\/\/www.pressenza.com\/es\/","logo":{"@type":"ImageObject","inLanguage":"es","@id":"https:\/\/www.pressenza.com\/es\/#\/schema\/logo\/image\/","url":"https:\/\/www.pressenza.com\/wp-content\/uploads\/2022\/10\/pressenza_logo_200x200.jpg","contentUrl":"https:\/\/www.pressenza.com\/wp-content\/uploads\/2022\/10\/pressenza_logo_200x200.jpg","width":200,"height":200,"caption":"Pressenza"},"image":{"@id":"https:\/\/www.pressenza.com\/es\/#\/schema\/logo\/image\/"},"sameAs":["https:\/\/www.facebook.com\/PressenzaItalia","https:\/\/x.com\/PressenzaIPA"]},{"@type":"Person","@id":"https:\/\/www.pressenza.com\/es\/#\/schema\/person\/15a1153af1127c772b6a38bf4282bd19","name":"Diario Clever","description":"CLEVER es una nueva plataforma digital que nace como alternativa a los medios de comunicaci\u00f3n tradicionales del Chile. Es un medio digital con especial vocaci\u00f3n a lo audiovisual, creando un espacio de progresismo, amante de la diversidad, tolerante, liberal y democr\u00e1tico.","sameAs":["http:\/\/www.diarioclever.cl\/"],"url":"https:\/\/www.pressenza.com\/es\/author\/diario-clever\/"}]}},"place":"","original_article_url":"http:\/\/www.diarioclever.cl\/mit-anuncia-la-creacion-de-una-universidad-de-inteligencia-artificial\/","_links":{"self":[{"href":"https:\/\/www.pressenza.com\/es\/wp-json\/wp\/v2\/posts\/740881","targetHints":{"allow":["GET"]}}],"collection":[{"href":"https:\/\/www.pressenza.com\/es\/wp-json\/wp\/v2\/posts"}],"about":[{"href":"https:\/\/www.pressenza.com\/es\/wp-json\/wp\/v2\/types\/post"}],"author":[{"embeddable":true,"href":"https:\/\/www.pressenza.com\/es\/wp-json\/wp\/v2\/users\/1557"}],"replies":[{"embeddable":true,"href":"https:\/\/www.pressenza.com\/es\/wp-json\/wp\/v2\/comments?post=740881"}],"version-history":[{"count":0,"href":"https:\/\/www.pressenza.com\/es\/wp-json\/wp\/v2\/posts\/740881\/revisions"}],"wp:featuredmedia":[{"embeddable":true,"href":"https:\/\/www.pressenza.com\/es\/wp-json\/wp\/v2\/media\/740882"}],"wp:attachment":[{"href":"https:\/\/www.pressenza.com\/es\/wp-json\/wp\/v2\/media?parent=740881"}],"wp:term":[{"taxonomy":"category","embeddable":true,"href":"https:\/\/www.pressenza.com\/es\/wp-json\/wp\/v2\/categories?post=740881"},{"taxonomy":"post_tag","embeddable":true,"href":"https:\/\/www.pressenza.com\/es\/wp-json\/wp\/v2\/tags?post=740881"}],"curies":[{"name":"wp","href":"https:\/\/api.w.org\/{rel}","templated":true}]}}