{"id":739910,"date":"2018-10-19T14:14:20","date_gmt":"2018-10-19T13:14:20","guid":{"rendered":"https:\/\/www.pressenza.com\/?p=739910"},"modified":"2018-10-19T14:14:20","modified_gmt":"2018-10-19T13:14:20","slug":"vacunas-sergio-conti-nibali-el-reto-es-que-los-ciudadanos-se-sientan-protegidos-por-el-sistema-de-salud","status":"publish","type":"post","link":"https:\/\/www.pressenza.com\/es\/2018\/10\/vacunas-sergio-conti-nibali-el-reto-es-que-los-ciudadanos-se-sientan-protegidos-por-el-sistema-de-salud\/","title":{"rendered":"Vacunas. Sergio Conti Nibali: el reto es que los ciudadanos se sientan protegidos por el Sistema de Salud"},"content":{"rendered":"<p><em>Sergio Conti Nibali es pediatra y director de \u00abUn pediatra por amigo\u00bb (<a href=\"https:\/\/www.pressenza.com\/wp-admin\/www.uppa.it\">www.uppa.it<\/a>), la \u00fanica revista dirigida a padres que no acepta publicidad ni subvenciones y que, por lo tanto, no corre el riesgo de ser influenciada por intereses econ\u00f3micos o pol\u00edticos. Durante los meses \u00abcalurosos\u00bb del Decreto Lorenzin hizo, junto con otros colegas, una propuesta para una soluci\u00f3n diferente al problema de la vacunaci\u00f3n y yo hice esta <a href=\"https:\/\/www.pressenza.com\/it\/2017\/07\/conti-nibali-condivisione-scientifica-prevenzione-informazione\/\">entrevista<\/a> (<\/em>en italiano<em>). Hagamos un balance de la situaci\u00f3n con \u00e9l e intentemos aclararla.<\/em><\/p>\n<p><strong>En definitiva, desde el punto de vista m\u00e9dico, \u00bfcu\u00e1l es la valoraci\u00f3n de la ley sobre la obligaci\u00f3n de vacunaci\u00f3n y su aplicaci\u00f3n hasta ahora?<\/strong><\/p>\n<p>La ley de vacunaci\u00f3n obligatoria tiene por objeto aumentar las tasas de vacunaci\u00f3n de los ni\u00f1os contra determinadas enfermedades infecciosas. De hecho, las tasas de vacunaci\u00f3n para algunas de estas enfermedades y en algunas zonas del pa\u00eds hab\u00edan ca\u00eddo por debajo de un nivel m\u00ednimo que pod\u00eda garantizar el llamado \u00abefecto reba\u00f1o\u00bb (al menos para algunas de estas vacunaciones).<\/p>\n<p>Los <a href=\"http:\/\/www.salute.gov.it\/portale\/news\/p3_2_1_1_1.jsp?lingua=italiano&amp;menu=notizie&amp;p=dalministero&amp;id=3348\">datos<\/a> publicados en abril de 2018 por el Ministerio de Salud y que se refieren a diciembre de 2017 nos indican claramente que se ha producido un aumento de las tasas de vacunaci\u00f3n para todos los grupos de edad pocos meses despu\u00e9s de la introducci\u00f3n de la ley que establece la obligaci\u00f3n (julio de 2017).<\/p>\n<p>Es probable, por lo tanto, que la obligatoriedad se haya tomado sobre todo con respecto a aquellos padres que dudaron o retrasaron la vacunaci\u00f3n de sus hijos no ya por razones ideol\u00f3gicas y que necesitaban un acto de imperio para ponerse en orden. La nueva legislaci\u00f3n probablemente ha tenido poco o ning\u00fan impacto en los padres que se oponen a la vacunaci\u00f3n y probablemente ha ayudado a abrir una fisura a\u00fan m\u00e1s profunda. Aunque, por lo tanto, no se puede negar que la ley de vacunaci\u00f3n obligatoria parece haber conseguido, al menos a corto plazo, los efectos deseados, no se puede negar que se ha perdido el reto de acercar la vacunaci\u00f3n a las denominadas personas sin v\u00e1rices (por muy minoritarias que sean). Pero, probablemente, se esperaba este resultado.<\/p>\n<p><strong>\u00bfC\u00f3mo ha sido hasta ahora el nuevo gobierno, que te\u00f3ricamente tambi\u00e9n representa a los movimientos a favor de la libertad de atenci\u00f3n?<\/strong><\/p>\n<p>Por lo que yo s\u00e9, el estudio parlamentario anunciado sobre la obligatoriedad de las vacunaciones a\u00fan no ha comenzado.<\/p>\n<p>Hasta ahora, los Ministros de Salud, Giulia Grillo, y de Educaci\u00f3n, Universidad e Investigaci\u00f3n, Marco Bussetti, han intervenido con una circular para promover algunas simplificaciones relacionadas con la matriculaci\u00f3n escolar de los ni\u00f1os.<\/p>\n<p>Adem\u00e1s, el decreto ministerial para el establecimiento del Registro Nacional de Vacunas parece estar listo, indispensable para simplificar la vida de las familias y evitar certificaciones innecesarias y onerosas incluso en casos de cambio de residencia y para supervisar los programas de vacunaci\u00f3n, conocer las razones de la no vacunaci\u00f3n y medir el progreso y la criticidad del sistema.<\/p>\n<p>La oficina nacional de registro podr\u00eda ser la base para el lanzamiento concreto de la vigilancia-vacunaci\u00f3n sobre eventos adversos relacionados con las vacunas utilizadas y sistematizar\u00e1 los datos de las regiones. A trav\u00e9s del sistema nacional de eventos adversos gestionado por Aifa, los informes pueden ser comunicados por profesionales de la salud y por los sujetos vacunados o por sus padres.<\/p>\n<p>Otra medida interesante fue el establecimiento de un panel de expertos independientes coordinado por el Prof. Vittorio Demicheli (uno de los signatarios de la <a href=\"https:\/\/www.pressenza.com\/it\/2017\/07\/vaccini-proposta-motivata\/\">carta<\/a>, ed.) que producir\u00e1 evidencia cient\u00edfica para apoyar las decisiones de los tomadores de decisiones. Entre otras cosas, uno de los objetivos del cuadro es abordar el fen\u00f3meno de la desconfianza y la vacunaci\u00f3n contra la disidencia, as\u00ed como actualizar el Plan Nacional de Prevenci\u00f3n de la Vacunaci\u00f3n.<\/p>\n<p><strong>Los comit\u00e9s de base han redactado una ley de Iniciativa Popular sobre el tema, han recogido firmas y tarde o temprano deber\u00edan ser discutidas en el parlamento; \u00bfcu\u00e1l es su opini\u00f3n sobre este proyecto de ley?<\/strong><\/p>\n<p>La iniciativa se basa en la experiencia de la regi\u00f3n del V\u00e9neto, que en 2008 hab\u00eda eliminado cualquier requisito de vacunaci\u00f3n con resultados alentadores (incluso despu\u00e9s de varios a\u00f1os). La Iniciativa, de hecho, no propone una ley que contraste la vacunaci\u00f3n, sino que puede hacerla obligatoria en otros aspectos que tienen que ver con las pr\u00e1cticas de vacunaci\u00f3n, como el monitoreo efectivo de las reacciones adversas y la transparencia en las decisiones y evaluaciones. En mi opini\u00f3n, las opciones ministeriales van en esta direcci\u00f3n con el establecimiento del registro de vacunaci\u00f3n y la mesa de expertos independientes que deber\u00edan dar garant\u00edas sobre estos aspectos, entre otras cosas en la propuesta de ley de la Iniciativa Popular se mencionan (de forma proactiva) las declaraciones de Demicheli, que, como ya se ha dicho, se eligi\u00f3 para que coordinara la mesa.<\/p>\n<p>Otros aspectos me dejan perplejo, como las pruebas de pre-vacunaci\u00f3n a las que los ni\u00f1os deben someterse de antemano; no s\u00e9 si hay estudios fiables que hayan demostrado su utilidad en sujetos sanos.<\/p>\n<p><strong>\u00bfTenemos noticias de la famosa epidemia de sarampi\u00f3n?<\/strong><\/p>\n<p>En 2018, se han registrado poco m\u00e1s de 2.200 casos de sarampi\u00f3n hasta la fecha, seg\u00fan una tendencia que muestra una disminuci\u00f3n general del n\u00famero de casos. Ha habido dos muertes en adultos, de 29 y 51 a\u00f1os de edad, que ocurrieron en Sicilia cerca del pico de incidencia m\u00e1xima (registrado en abril y mayo de 2018 con m\u00e1s de 400 casos por mes). Ambos no estaban vacunados y ten\u00edan, en el momento de la infecci\u00f3n, algunas enfermedades b\u00e1sicas que compromet\u00edan su sistema inmunol\u00f3gico. Los casos de sarampi\u00f3n se han producido en la mayor\u00eda de las regiones italianas, aunque la mayor\u00eda de los informes proceden de la Regi\u00f3n de Sicilia, con 1.116 casos y una incidencia de 333 casos por mill\u00f3n de habitantes.<\/p>\n<p>Aproximadamente una quinta parte de los casos se reportaron en ni\u00f1os menores de 5 a\u00f1os de edad, y 138 eran menores de 1 a\u00f1o de edad; la edad media de los casos es de 25 a\u00f1os. M\u00e1s del 90% del total de casos no vacunados y el 5,5% s\u00f3lo recibieron una dosis de la vacuna. La mitad de los casos desarrollaron al menos una complicaci\u00f3n y casi el 60% fueron hospitalizados.<\/p>\n<p>De estos datos se desprende que es necesario implementar iniciativas adicionales dirigidas a las poblaciones susceptibles a lo largo de 2 a\u00f1os (adolescentes, j\u00f3venes adultos, personas en riesgo) y sensibilizar sobre la importancia de la vacunaci\u00f3n a los trabajadores de la salud, entre los que todav\u00eda hay un elevado n\u00famero de casos (334 en 2017 y 98 en 2018).<\/p>\n<p><strong>Seg\u00fan el informe de la Agencia de Medicamentos de este a\u00f1o, los informes adversos han aumentado significativamente durante el \u00faltimo a\u00f1o: \u00bfes s\u00f3lo un caso de mayor atenci\u00f3n al problema o hay nuevas cuestiones en juego relacionadas con las propias vacunas o los excipientes?<\/strong><\/p>\n<p>Ciertamente, el clamor medi\u00e1tico de los \u00faltimos per\u00edodos ha contribuido a mantener un alto nivel de atenci\u00f3n sobre el tema, lo que sin duda ha incrementado los informes tras la administraci\u00f3n de las mismas vacunas que se administraron el a\u00f1o anterior. Las diferencias se deben, por lo tanto, s\u00f3lo a una mayor atenci\u00f3n a la se\u00f1alizaci\u00f3n. Como he dicho antes, es deseable que con el lanzamiento del proyecto Vacuna Anagrafe los informes sean cada vez m\u00e1s detallados para poder proporcionar a toda la poblaci\u00f3n una informaci\u00f3n fiable.<\/p>\n<p><strong>Usted ha mencionado la necesidad de producir vacunas de dosis \u00fanica, \u00bfse ha producido alg\u00fan progreso en este \u00e1mbito? \u00bfHa respondido la industria farmac\u00e9utica a esta necesidad?<\/strong><\/p>\n<p>En mayo de 2018, la AIFA <a href=\"http:\/\/www.agenziafarmaco.gov.it\/content\/vaccini-obbligatori-e-offerta-gratuita-e-attiva-legge-1192017\">public\u00f3<\/a> en su sitio web los datos actualizados de las vacunas disponibles en Italia.<\/p>\n<p>De hecho, la Ley no. 119 exige que la AIFA publique anualmente en su sitio web los datos sobre la disponibilidad de vacunas en formulaciones de un solo componente y parcialmente combinadas.<\/p>\n<p>Se trata de dos listas organizadas de forma muy sencilla de consultar, \u00fatiles para el trabajador sanitario, pero tambi\u00e9n accesibles al ciudadano, lo que supone un paso adelante en la transparencia de la comunicaci\u00f3n. Para cada vacuna, deber\u00e1 presentarse el nombre comercial y el componente inmunog\u00e9nico.<\/p>\n<p>Todas las vacunas tienen la posibilidad de ser administradas en una sola dosis, pero hoy en d\u00eda en Italia las vacunas monocomponentes contra la difteria, la tos ferina, el sarampi\u00f3n, la rub\u00e9ola y las paperas no est\u00e1n autorizadas.<\/p>\n<p><strong>Aspectos econ\u00f3micos: \u00bfInfluy\u00f3 este requisito en el volumen de negocios de las industrias farmac\u00e9uticas? Y si es as\u00ed, \u00bffue una influencia significativa?<\/strong><\/p>\n<p>La compra de vacunas por parte de nuestro Sistema Nacional de Salud (en sus ramas perif\u00e9ricas) se realiza a priori sobre la base de estimaciones de la poblaci\u00f3n objetivo. Es probable que los grupos de presi\u00f3n de la industria trabajen para aumentar la poblaci\u00f3n objetivo y, por lo tanto, las compras; las empresas son individuos privados que, por su propia naturaleza, tienen que obtener beneficios. El reto es que los ciudadanos se sientan protegidos por nuestro Servicio Nacional de Salud, que, mediante m\u00e9todos transparentes y cient\u00edficamente inatacables, demuestra que s\u00f3lo quieren proteger los intereses de la salud p\u00fablica. Cabe esperar que la Mesa de Expertos Independientes contribuya a lograr este objetivo.<\/p>\n<p><strong>\u00bfCree que las instituciones nacionales y locales han realizado progresos significativos en el \u00e1mbito de la informaci\u00f3n correcta?<\/strong><\/p>\n<p>Si usted visita las p\u00e1ginas destinadas a obtener informaci\u00f3n sobre las vacunas del <a href=\"http:\/\/www.salute.gov.it\/portale\/vaccinazioni\/homeVaccinazioni.jsp\">Ministerio de Salud<\/a>, el <a href=\"http:\/\/www.epicentro.iss.it\/temi\/vaccinazioni\/aggiornamenti.asp\">Instituto de Salud<\/a> y la <a href=\"http:\/\/www.agenziafarmaco.gov.it\/content\/vaccini\">AIFA<\/a>, podemos ver que hay un esfuerzo significativo para dar respuestas a quienes desean estar informados sobre los diversos aspectos relacionados con las vacunas. Sin embargo, probablemente no sea suficiente: en general, necesitamos recuperar la autoridad y la confianza de los ciudadanos en las instituciones sanitarias; y este objetivo se consigue aceptando peticiones e inquietudes, respondiendo en sustancia y con datos en mano y ofreciendo soluciones viables. \u00a1Un gran reto!<\/p>\n","protected":false},"excerpt":{"rendered":"<p>Sergio Conti Nibali es pediatra y director de \u00abUn pediatra por amigo\u00bb (www.uppa.it), la \u00fanica revista dirigida a padres que no acepta publicidad ni subvenciones y que, por lo tanto, no corre el riesgo de ser influenciada por intereses econ\u00f3micos&hellip;<\/p>\n","protected":false},"author":10,"featured_media":739560,"comment_status":"closed","ping_status":"closed","sticky":false,"template":"","format":"standard","meta":{"footnotes":""},"categories":[11389,155,66,1239],"tags":[39144,50152,50153,50913,31073,50912],"class_list":["post-739910","post","type-post","status-publish","format-standard","has-post-thumbnail","hentry","category-contenido-original","category-entrevistas","category-europa-es","category-salud","tag-aifa","tag-ley-lorenzin","tag-obligacion-de-vacunacion","tag-ssn","tag-vacunas","tag-vittorio-demicheli"],"yoast_head":"<!-- This site is optimized with the Yoast SEO plugin v27.1.1 - https:\/\/yoast.com\/product\/yoast-seo-wordpress\/ -->\n<title>Vacunas. Sergio Conti Nibali: el reto es que los ciudadanos se sientan protegidos por el Sistema de Salud<\/title>\n<meta name=\"description\" content=\"Sergio Conti Nibali es pediatra y director de &quot;Un pediatra por amigo&quot; (www.uppa.it), la \u00fanica revista dirigida a padres que no acepta publicidad ni\" \/>\n<meta name=\"robots\" content=\"index, follow, max-snippet:-1, max-image-preview:large, max-video-preview:-1\" \/>\n<link rel=\"canonical\" href=\"https:\/\/www.pressenza.com\/es\/2018\/10\/vacunas-sergio-conti-nibali-el-reto-es-que-los-ciudadanos-se-sientan-protegidos-por-el-sistema-de-salud\/\" \/>\n<meta property=\"og:locale\" content=\"es_ES\" \/>\n<meta property=\"og:type\" content=\"article\" \/>\n<meta property=\"og:title\" content=\"Vacunas. Sergio Conti Nibali: el reto es que los ciudadanos se sientan protegidos por el Sistema de Salud\" \/>\n<meta property=\"og:description\" content=\"Sergio Conti Nibali es pediatra y director de &quot;Un pediatra por amigo&quot; (www.uppa.it), la \u00fanica revista dirigida a padres que no acepta publicidad ni\" \/>\n<meta property=\"og:url\" content=\"https:\/\/www.pressenza.com\/es\/2018\/10\/vacunas-sergio-conti-nibali-el-reto-es-que-los-ciudadanos-se-sientan-protegidos-por-el-sistema-de-salud\/\" \/>\n<meta property=\"og:site_name\" content=\"Pressenza\" \/>\n<meta property=\"article:publisher\" content=\"https:\/\/www.facebook.com\/PressenzaItalia\" \/>\n<meta property=\"article:published_time\" content=\"2018-10-19T13:14:20+00:00\" \/>\n<meta property=\"og:image\" content=\"https:\/\/www.pressenza.com\/wp-content\/uploads\/2018\/10\/Foto-sergio2.jpg\" \/>\n\t<meta property=\"og:image:width\" content=\"750\" \/>\n\t<meta property=\"og:image:height\" content=\"484\" \/>\n\t<meta property=\"og:image:type\" content=\"image\/jpeg\" \/>\n<meta name=\"author\" content=\"Olivier Turquet\" \/>\n<meta name=\"twitter:card\" content=\"summary_large_image\" \/>\n<meta name=\"twitter:creator\" content=\"@PressenzaIPA\" \/>\n<meta name=\"twitter:site\" content=\"@PressenzaIPA\" \/>\n<meta name=\"twitter:label1\" content=\"Escrito por\" \/>\n\t<meta name=\"twitter:data1\" content=\"Olivier Turquet\" \/>\n\t<meta name=\"twitter:label2\" content=\"Tiempo de lectura\" \/>\n\t<meta name=\"twitter:data2\" content=\"9 minutos\" \/>\n<script type=\"application\/ld+json\" class=\"yoast-schema-graph\">{\"@context\":\"https:\/\/schema.org\",\"@graph\":[{\"@type\":\"Article\",\"@id\":\"https:\/\/www.pressenza.com\/es\/2018\/10\/vacunas-sergio-conti-nibali-el-reto-es-que-los-ciudadanos-se-sientan-protegidos-por-el-sistema-de-salud\/#article\",\"isPartOf\":{\"@id\":\"https:\/\/www.pressenza.com\/es\/2018\/10\/vacunas-sergio-conti-nibali-el-reto-es-que-los-ciudadanos-se-sientan-protegidos-por-el-sistema-de-salud\/\"},\"author\":{\"name\":\"Olivier Turquet\",\"@id\":\"https:\/\/www.pressenza.com\/es\/#\/schema\/person\/636f8feb51f63f34e7378d5fcdd1de53\"},\"headline\":\"Vacunas. Sergio Conti Nibali: el reto es que los ciudadanos se sientan protegidos por el Sistema de Salud\",\"datePublished\":\"2018-10-19T13:14:20+00:00\",\"mainEntityOfPage\":{\"@id\":\"https:\/\/www.pressenza.com\/es\/2018\/10\/vacunas-sergio-conti-nibali-el-reto-es-que-los-ciudadanos-se-sientan-protegidos-por-el-sistema-de-salud\/\"},\"wordCount\":1762,\"publisher\":{\"@id\":\"https:\/\/www.pressenza.com\/es\/#organization\"},\"image\":{\"@id\":\"https:\/\/www.pressenza.com\/es\/2018\/10\/vacunas-sergio-conti-nibali-el-reto-es-que-los-ciudadanos-se-sientan-protegidos-por-el-sistema-de-salud\/#primaryimage\"},\"thumbnailUrl\":\"https:\/\/www.pressenza.com\/wp-content\/uploads\/2018\/10\/Foto-sergio2.jpg\",\"keywords\":[\"AIFA\",\"Ley Lorenzin\",\"obligaci\u00f3n de vacunaci\u00f3n\",\"SSN\",\"Vacunas\",\"Vittorio Demicheli\"],\"articleSection\":[\"Contenido Original\",\"Entrevistas\",\"Europa\",\"Salud\"],\"inLanguage\":\"es\"},{\"@type\":\"WebPage\",\"@id\":\"https:\/\/www.pressenza.com\/es\/2018\/10\/vacunas-sergio-conti-nibali-el-reto-es-que-los-ciudadanos-se-sientan-protegidos-por-el-sistema-de-salud\/\",\"url\":\"https:\/\/www.pressenza.com\/es\/2018\/10\/vacunas-sergio-conti-nibali-el-reto-es-que-los-ciudadanos-se-sientan-protegidos-por-el-sistema-de-salud\/\",\"name\":\"Vacunas. Sergio Conti Nibali: el reto es que los ciudadanos se sientan protegidos por el Sistema de Salud\",\"isPartOf\":{\"@id\":\"https:\/\/www.pressenza.com\/es\/#website\"},\"primaryImageOfPage\":{\"@id\":\"https:\/\/www.pressenza.com\/es\/2018\/10\/vacunas-sergio-conti-nibali-el-reto-es-que-los-ciudadanos-se-sientan-protegidos-por-el-sistema-de-salud\/#primaryimage\"},\"image\":{\"@id\":\"https:\/\/www.pressenza.com\/es\/2018\/10\/vacunas-sergio-conti-nibali-el-reto-es-que-los-ciudadanos-se-sientan-protegidos-por-el-sistema-de-salud\/#primaryimage\"},\"thumbnailUrl\":\"https:\/\/www.pressenza.com\/wp-content\/uploads\/2018\/10\/Foto-sergio2.jpg\",\"datePublished\":\"2018-10-19T13:14:20+00:00\",\"description\":\"Sergio Conti Nibali es pediatra y director de \\\"Un pediatra por amigo\\\" (www.uppa.it), la \u00fanica revista dirigida a padres que no acepta publicidad ni\",\"breadcrumb\":{\"@id\":\"https:\/\/www.pressenza.com\/es\/2018\/10\/vacunas-sergio-conti-nibali-el-reto-es-que-los-ciudadanos-se-sientan-protegidos-por-el-sistema-de-salud\/#breadcrumb\"},\"inLanguage\":\"es\",\"potentialAction\":[{\"@type\":\"ReadAction\",\"target\":[\"https:\/\/www.pressenza.com\/es\/2018\/10\/vacunas-sergio-conti-nibali-el-reto-es-que-los-ciudadanos-se-sientan-protegidos-por-el-sistema-de-salud\/\"]}]},{\"@type\":\"ImageObject\",\"inLanguage\":\"es\",\"@id\":\"https:\/\/www.pressenza.com\/es\/2018\/10\/vacunas-sergio-conti-nibali-el-reto-es-que-los-ciudadanos-se-sientan-protegidos-por-el-sistema-de-salud\/#primaryimage\",\"url\":\"https:\/\/www.pressenza.com\/wp-content\/uploads\/2018\/10\/Foto-sergio2.jpg\",\"contentUrl\":\"https:\/\/www.pressenza.com\/wp-content\/uploads\/2018\/10\/Foto-sergio2.jpg\",\"width\":750,\"height\":484},{\"@type\":\"BreadcrumbList\",\"@id\":\"https:\/\/www.pressenza.com\/es\/2018\/10\/vacunas-sergio-conti-nibali-el-reto-es-que-los-ciudadanos-se-sientan-protegidos-por-el-sistema-de-salud\/#breadcrumb\",\"itemListElement\":[{\"@type\":\"ListItem\",\"position\":1,\"name\":\"Accueil\",\"item\":\"https:\/\/www.pressenza.com\/es\/\"},{\"@type\":\"ListItem\",\"position\":2,\"name\":\"Vacunas. Sergio Conti Nibali: el reto es que los ciudadanos se sientan protegidos por el Sistema de Salud\"}]},{\"@type\":\"WebSite\",\"@id\":\"https:\/\/www.pressenza.com\/es\/#website\",\"url\":\"https:\/\/www.pressenza.com\/es\/\",\"name\":\"Pressenza\",\"description\":\"International Press Agency\",\"publisher\":{\"@id\":\"https:\/\/www.pressenza.com\/es\/#organization\"},\"potentialAction\":[{\"@type\":\"SearchAction\",\"target\":{\"@type\":\"EntryPoint\",\"urlTemplate\":\"https:\/\/www.pressenza.com\/es\/?s={search_term_string}\"},\"query-input\":{\"@type\":\"PropertyValueSpecification\",\"valueRequired\":true,\"valueName\":\"search_term_string\"}}],\"inLanguage\":\"es\"},{\"@type\":\"Organization\",\"@id\":\"https:\/\/www.pressenza.com\/es\/#organization\",\"name\":\"Pressenza\",\"url\":\"https:\/\/www.pressenza.com\/es\/\",\"logo\":{\"@type\":\"ImageObject\",\"inLanguage\":\"es\",\"@id\":\"https:\/\/www.pressenza.com\/es\/#\/schema\/logo\/image\/\",\"url\":\"https:\/\/www.pressenza.com\/wp-content\/uploads\/2022\/10\/pressenza_logo_200x200.jpg\",\"contentUrl\":\"https:\/\/www.pressenza.com\/wp-content\/uploads\/2022\/10\/pressenza_logo_200x200.jpg\",\"width\":200,\"height\":200,\"caption\":\"Pressenza\"},\"image\":{\"@id\":\"https:\/\/www.pressenza.com\/es\/#\/schema\/logo\/image\/\"},\"sameAs\":[\"https:\/\/www.facebook.com\/PressenzaItalia\",\"https:\/\/x.com\/PressenzaIPA\"]},{\"@type\":\"Person\",\"@id\":\"https:\/\/www.pressenza.com\/es\/#\/schema\/person\/636f8feb51f63f34e7378d5fcdd1de53\",\"name\":\"Olivier Turquet\",\"description\":\"Takes care of writing to tell the reality for about 40 years. He has worked with paper publications, radio and electronic He founded the electronic news agency humanist Good News. He was press secretary to various events such as: the International Humanist, Florence Play, the World March for Peace and Nonviolence. Currently coordinates the Italian team of Pressenza. olivierturquet.wordpress.com\",\"sameAs\":[\"http:\/\/olivierturquet.wordpress.com\"],\"url\":\"https:\/\/www.pressenza.com\/es\/author\/olivier-turquet\/\"}]}<\/script>\n<!-- \/ Yoast SEO plugin. -->","yoast_head_json":{"title":"Vacunas. Sergio Conti Nibali: el reto es que los ciudadanos se sientan protegidos por el Sistema de Salud","description":"Sergio Conti Nibali es pediatra y director de \"Un pediatra por amigo\" (www.uppa.it), la \u00fanica revista dirigida a padres que no acepta publicidad ni","robots":{"index":"index","follow":"follow","max-snippet":"max-snippet:-1","max-image-preview":"max-image-preview:large","max-video-preview":"max-video-preview:-1"},"canonical":"https:\/\/www.pressenza.com\/es\/2018\/10\/vacunas-sergio-conti-nibali-el-reto-es-que-los-ciudadanos-se-sientan-protegidos-por-el-sistema-de-salud\/","og_locale":"es_ES","og_type":"article","og_title":"Vacunas. Sergio Conti Nibali: el reto es que los ciudadanos se sientan protegidos por el Sistema de Salud","og_description":"Sergio Conti Nibali es pediatra y director de \"Un pediatra por amigo\" (www.uppa.it), la \u00fanica revista dirigida a padres que no acepta publicidad ni","og_url":"https:\/\/www.pressenza.com\/es\/2018\/10\/vacunas-sergio-conti-nibali-el-reto-es-que-los-ciudadanos-se-sientan-protegidos-por-el-sistema-de-salud\/","og_site_name":"Pressenza","article_publisher":"https:\/\/www.facebook.com\/PressenzaItalia","article_published_time":"2018-10-19T13:14:20+00:00","og_image":[{"width":750,"height":484,"url":"https:\/\/www.pressenza.com\/wp-content\/uploads\/2018\/10\/Foto-sergio2.jpg","type":"image\/jpeg"}],"author":"Olivier Turquet","twitter_card":"summary_large_image","twitter_creator":"@PressenzaIPA","twitter_site":"@PressenzaIPA","twitter_misc":{"Escrito por":"Olivier Turquet","Tiempo de lectura":"9 minutos"},"schema":{"@context":"https:\/\/schema.org","@graph":[{"@type":"Article","@id":"https:\/\/www.pressenza.com\/es\/2018\/10\/vacunas-sergio-conti-nibali-el-reto-es-que-los-ciudadanos-se-sientan-protegidos-por-el-sistema-de-salud\/#article","isPartOf":{"@id":"https:\/\/www.pressenza.com\/es\/2018\/10\/vacunas-sergio-conti-nibali-el-reto-es-que-los-ciudadanos-se-sientan-protegidos-por-el-sistema-de-salud\/"},"author":{"name":"Olivier Turquet","@id":"https:\/\/www.pressenza.com\/es\/#\/schema\/person\/636f8feb51f63f34e7378d5fcdd1de53"},"headline":"Vacunas. Sergio Conti Nibali: el reto es que los ciudadanos se sientan protegidos por el Sistema de Salud","datePublished":"2018-10-19T13:14:20+00:00","mainEntityOfPage":{"@id":"https:\/\/www.pressenza.com\/es\/2018\/10\/vacunas-sergio-conti-nibali-el-reto-es-que-los-ciudadanos-se-sientan-protegidos-por-el-sistema-de-salud\/"},"wordCount":1762,"publisher":{"@id":"https:\/\/www.pressenza.com\/es\/#organization"},"image":{"@id":"https:\/\/www.pressenza.com\/es\/2018\/10\/vacunas-sergio-conti-nibali-el-reto-es-que-los-ciudadanos-se-sientan-protegidos-por-el-sistema-de-salud\/#primaryimage"},"thumbnailUrl":"https:\/\/www.pressenza.com\/wp-content\/uploads\/2018\/10\/Foto-sergio2.jpg","keywords":["AIFA","Ley Lorenzin","obligaci\u00f3n de vacunaci\u00f3n","SSN","Vacunas","Vittorio Demicheli"],"articleSection":["Contenido Original","Entrevistas","Europa","Salud"],"inLanguage":"es"},{"@type":"WebPage","@id":"https:\/\/www.pressenza.com\/es\/2018\/10\/vacunas-sergio-conti-nibali-el-reto-es-que-los-ciudadanos-se-sientan-protegidos-por-el-sistema-de-salud\/","url":"https:\/\/www.pressenza.com\/es\/2018\/10\/vacunas-sergio-conti-nibali-el-reto-es-que-los-ciudadanos-se-sientan-protegidos-por-el-sistema-de-salud\/","name":"Vacunas. Sergio Conti Nibali: el reto es que los ciudadanos se sientan protegidos por el Sistema de Salud","isPartOf":{"@id":"https:\/\/www.pressenza.com\/es\/#website"},"primaryImageOfPage":{"@id":"https:\/\/www.pressenza.com\/es\/2018\/10\/vacunas-sergio-conti-nibali-el-reto-es-que-los-ciudadanos-se-sientan-protegidos-por-el-sistema-de-salud\/#primaryimage"},"image":{"@id":"https:\/\/www.pressenza.com\/es\/2018\/10\/vacunas-sergio-conti-nibali-el-reto-es-que-los-ciudadanos-se-sientan-protegidos-por-el-sistema-de-salud\/#primaryimage"},"thumbnailUrl":"https:\/\/www.pressenza.com\/wp-content\/uploads\/2018\/10\/Foto-sergio2.jpg","datePublished":"2018-10-19T13:14:20+00:00","description":"Sergio Conti Nibali es pediatra y director de \"Un pediatra por amigo\" (www.uppa.it), la \u00fanica revista dirigida a padres que no acepta publicidad ni","breadcrumb":{"@id":"https:\/\/www.pressenza.com\/es\/2018\/10\/vacunas-sergio-conti-nibali-el-reto-es-que-los-ciudadanos-se-sientan-protegidos-por-el-sistema-de-salud\/#breadcrumb"},"inLanguage":"es","potentialAction":[{"@type":"ReadAction","target":["https:\/\/www.pressenza.com\/es\/2018\/10\/vacunas-sergio-conti-nibali-el-reto-es-que-los-ciudadanos-se-sientan-protegidos-por-el-sistema-de-salud\/"]}]},{"@type":"ImageObject","inLanguage":"es","@id":"https:\/\/www.pressenza.com\/es\/2018\/10\/vacunas-sergio-conti-nibali-el-reto-es-que-los-ciudadanos-se-sientan-protegidos-por-el-sistema-de-salud\/#primaryimage","url":"https:\/\/www.pressenza.com\/wp-content\/uploads\/2018\/10\/Foto-sergio2.jpg","contentUrl":"https:\/\/www.pressenza.com\/wp-content\/uploads\/2018\/10\/Foto-sergio2.jpg","width":750,"height":484},{"@type":"BreadcrumbList","@id":"https:\/\/www.pressenza.com\/es\/2018\/10\/vacunas-sergio-conti-nibali-el-reto-es-que-los-ciudadanos-se-sientan-protegidos-por-el-sistema-de-salud\/#breadcrumb","itemListElement":[{"@type":"ListItem","position":1,"name":"Accueil","item":"https:\/\/www.pressenza.com\/es\/"},{"@type":"ListItem","position":2,"name":"Vacunas. Sergio Conti Nibali: el reto es que los ciudadanos se sientan protegidos por el Sistema de Salud"}]},{"@type":"WebSite","@id":"https:\/\/www.pressenza.com\/es\/#website","url":"https:\/\/www.pressenza.com\/es\/","name":"Pressenza","description":"International Press Agency","publisher":{"@id":"https:\/\/www.pressenza.com\/es\/#organization"},"potentialAction":[{"@type":"SearchAction","target":{"@type":"EntryPoint","urlTemplate":"https:\/\/www.pressenza.com\/es\/?s={search_term_string}"},"query-input":{"@type":"PropertyValueSpecification","valueRequired":true,"valueName":"search_term_string"}}],"inLanguage":"es"},{"@type":"Organization","@id":"https:\/\/www.pressenza.com\/es\/#organization","name":"Pressenza","url":"https:\/\/www.pressenza.com\/es\/","logo":{"@type":"ImageObject","inLanguage":"es","@id":"https:\/\/www.pressenza.com\/es\/#\/schema\/logo\/image\/","url":"https:\/\/www.pressenza.com\/wp-content\/uploads\/2022\/10\/pressenza_logo_200x200.jpg","contentUrl":"https:\/\/www.pressenza.com\/wp-content\/uploads\/2022\/10\/pressenza_logo_200x200.jpg","width":200,"height":200,"caption":"Pressenza"},"image":{"@id":"https:\/\/www.pressenza.com\/es\/#\/schema\/logo\/image\/"},"sameAs":["https:\/\/www.facebook.com\/PressenzaItalia","https:\/\/x.com\/PressenzaIPA"]},{"@type":"Person","@id":"https:\/\/www.pressenza.com\/es\/#\/schema\/person\/636f8feb51f63f34e7378d5fcdd1de53","name":"Olivier Turquet","description":"Takes care of writing to tell the reality for about 40 years. He has worked with paper publications, radio and electronic He founded the electronic news agency humanist Good News. He was press secretary to various events such as: the International Humanist, Florence Play, the World March for Peace and Nonviolence. Currently coordinates the Italian team of Pressenza. olivierturquet.wordpress.com","sameAs":["http:\/\/olivierturquet.wordpress.com"],"url":"https:\/\/www.pressenza.com\/es\/author\/olivier-turquet\/"}]}},"place":"","original_article_url":"","_links":{"self":[{"href":"https:\/\/www.pressenza.com\/es\/wp-json\/wp\/v2\/posts\/739910","targetHints":{"allow":["GET"]}}],"collection":[{"href":"https:\/\/www.pressenza.com\/es\/wp-json\/wp\/v2\/posts"}],"about":[{"href":"https:\/\/www.pressenza.com\/es\/wp-json\/wp\/v2\/types\/post"}],"author":[{"embeddable":true,"href":"https:\/\/www.pressenza.com\/es\/wp-json\/wp\/v2\/users\/10"}],"replies":[{"embeddable":true,"href":"https:\/\/www.pressenza.com\/es\/wp-json\/wp\/v2\/comments?post=739910"}],"version-history":[{"count":0,"href":"https:\/\/www.pressenza.com\/es\/wp-json\/wp\/v2\/posts\/739910\/revisions"}],"wp:featuredmedia":[{"embeddable":true,"href":"https:\/\/www.pressenza.com\/es\/wp-json\/wp\/v2\/media\/739560"}],"wp:attachment":[{"href":"https:\/\/www.pressenza.com\/es\/wp-json\/wp\/v2\/media?parent=739910"}],"wp:term":[{"taxonomy":"category","embeddable":true,"href":"https:\/\/www.pressenza.com\/es\/wp-json\/wp\/v2\/categories?post=739910"},{"taxonomy":"post_tag","embeddable":true,"href":"https:\/\/www.pressenza.com\/es\/wp-json\/wp\/v2\/tags?post=739910"}],"curies":[{"name":"wp","href":"https:\/\/api.w.org\/{rel}","templated":true}]}}