{"id":738877,"date":"2018-10-17T14:58:36","date_gmt":"2018-10-17T13:58:36","guid":{"rendered":"https:\/\/www.pressenza.com\/?p=738877"},"modified":"2018-10-17T14:58:36","modified_gmt":"2018-10-17T13:58:36","slug":"cerca-de-820-millones-de-personas-padecen-hambre-en-el-mundo-estima-onu","status":"publish","type":"post","link":"https:\/\/www.pressenza.com\/es\/2018\/10\/cerca-de-820-millones-de-personas-padecen-hambre-en-el-mundo-estima-onu\/","title":{"rendered":"Cerca de 820 millones de personas padecen hambre en el mundo, estima ONU"},"content":{"rendered":"<p><em>Por <strong>Mariana Tokarnia<\/strong> <\/em><\/p>\n<p>Cerca de 820 millones de personas padecen hambre en el mundo, seg\u00fan el secretario general de la Organizaci\u00f3n de las Naciones Unidas (ONU), Ant\u00f3nio Guterres. En un mensaje difundido hoy (16), en el D\u00eda Mundial de la Alimentaci\u00f3n, el secretario general pide que la comunidad internacional se comprometa \u00abcon un mundo sin hambre, un mundo en el que todas las personas tengan acceso a una dieta sana y nutritiva.\u00bb<\/p>\n<p>Seg\u00fan el secretario general, en cada grupo de nueve personas, una \u00abno tiene suficiente para comer\u00bb. La mayor\u00eda son mujeres.<\/p>\n<p>Guterres a\u00f1ade que cerca de 155 millones de ni\u00f1os sufren de malnutrici\u00f3n cr\u00f3nica y pueden tener que lidiar con los efectos de la deficiencia de crecimiento durante toda la vida. En un mundo donde cerca de 1.300 millones de toneladas de comida son desperdiciadas cada a\u00f1o, el hambre causa casi la mitad de las muertes infantiles. Para \u00e9l, \u00abeso es intolerable\u00bb.<\/p>\n<p>Resalta que uno de los Objetivos de Desarrollo Sostenible es acabar con el hambre, alcanzar la seguridad alimentaria y mejorar la nutrici\u00f3n y promover la agricultura sostenible. Los 193 Estados miembros de la ONU adoptaron en septiembre del a\u00f1o pasado la Agenda 2030, compuesta por 17 objetivos y 169 metas para pa\u00edses desarrollados y en desarrollo.<\/p>\n<p>Seg\u00fan \u00e9l, este objetivo es sobre unir la fuerza de todos, sean pa\u00edses, empresas, instituciones o individuos. Guterres cree que todos deben formar parte de sistemas alimentarios sostenibles.<\/p>\n<p>La Organizaci\u00f3n de las Naciones Unidas para la Agricultura y la Alimentaci\u00f3n (FAO) public\u00f3 ayer (15) el informe <em>Estado de Alimentaci\u00f3n y Agricultura<\/em>, que este a\u00f1o analiza c\u00f3mo la migraci\u00f3n est\u00e1 vinculada a la seguridad alimentaria, la agricultura y el desarrollo rural.<\/p>\n","protected":false},"excerpt":{"rendered":"<p>Por Mariana Tokarnia Cerca de 820 millones de personas padecen hambre en el mundo, seg\u00fan el secretario general de la Organizaci\u00f3n de las Naciones Unidas (ONU), Ant\u00f3nio Guterres. En un mensaje difundido hoy (16), en el D\u00eda Mundial de la&hellip;<\/p>\n","protected":false},"author":860,"featured_media":738673,"comment_status":"closed","ping_status":"closed","sticky":false,"template":"","format":"standard","meta":{"footnotes":""},"categories":[79,81,39,1239],"tags":[3055,7991,649,679],"class_list":["post-738877","post","type-post","status-publish","format-standard","has-post-thumbnail","hentry","category-derechos-humanos","category-economia-es","category-internacional","category-salud","tag-alimentacion","tag-fao-es","tag-naciones-unidas","tag-onu-es"],"yoast_head":"<!-- This site is optimized with the Yoast SEO plugin v27.1.1 - https:\/\/yoast.com\/product\/yoast-seo-wordpress\/ -->\n<title>Cerca de 820 millones de personas padecen hambre en el mundo, estima ONU<\/title>\n<meta name=\"description\" content=\"Por Mariana Tokarnia Cerca de 820 millones de personas padecen hambre en el mundo, seg\u00fan el secretario general de la Organizaci\u00f3n de las Naciones Unidas\" \/>\n<meta name=\"robots\" content=\"index, follow, max-snippet:-1, max-image-preview:large, max-video-preview:-1\" \/>\n<link rel=\"canonical\" href=\"https:\/\/www.pressenza.com\/es\/2018\/10\/cerca-de-820-millones-de-personas-padecen-hambre-en-el-mundo-estima-onu\/\" \/>\n<meta property=\"og:locale\" content=\"es_ES\" \/>\n<meta property=\"og:type\" content=\"article\" \/>\n<meta property=\"og:title\" content=\"Cerca de 820 millones de personas padecen hambre en el mundo, estima ONU\" \/>\n<meta property=\"og:description\" content=\"Por Mariana Tokarnia Cerca de 820 millones de personas padecen hambre en el mundo, seg\u00fan el secretario general de la Organizaci\u00f3n de las Naciones Unidas\" \/>\n<meta property=\"og:url\" content=\"https:\/\/www.pressenza.com\/es\/2018\/10\/cerca-de-820-millones-de-personas-padecen-hambre-en-el-mundo-estima-onu\/\" \/>\n<meta property=\"og:site_name\" content=\"Pressenza\" \/>\n<meta property=\"article:publisher\" content=\"https:\/\/www.facebook.com\/PressenzaItalia\" \/>\n<meta property=\"article:published_time\" content=\"2018-10-17T13:58:36+00:00\" \/>\n<meta property=\"og:image\" content=\"https:\/\/www.pressenza.com\/wp-content\/uploads\/2018\/10\/alimentos-Marcelo-Camargo-Age--ncia-Brasil.jpg\" \/>\n\t<meta property=\"og:image:width\" content=\"1024\" \/>\n\t<meta property=\"og:image:height\" content=\"685\" \/>\n\t<meta property=\"og:image:type\" content=\"image\/jpeg\" \/>\n<meta name=\"author\" content=\"Agencia Brasil\" \/>\n<meta name=\"twitter:card\" content=\"summary_large_image\" \/>\n<meta name=\"twitter:creator\" content=\"@PressenzaIPA\" \/>\n<meta name=\"twitter:site\" content=\"@PressenzaIPA\" \/>\n<meta name=\"twitter:label1\" content=\"Escrito por\" \/>\n\t<meta name=\"twitter:data1\" content=\"Agencia Brasil\" \/>\n\t<meta name=\"twitter:label2\" content=\"Tiempo de lectura\" \/>\n\t<meta name=\"twitter:data2\" content=\"1 minuto\" \/>\n<script type=\"application\/ld+json\" class=\"yoast-schema-graph\">{\"@context\":\"https:\/\/schema.org\",\"@graph\":[{\"@type\":\"Article\",\"@id\":\"https:\/\/www.pressenza.com\/es\/2018\/10\/cerca-de-820-millones-de-personas-padecen-hambre-en-el-mundo-estima-onu\/#article\",\"isPartOf\":{\"@id\":\"https:\/\/www.pressenza.com\/es\/2018\/10\/cerca-de-820-millones-de-personas-padecen-hambre-en-el-mundo-estima-onu\/\"},\"author\":{\"name\":\"Agencia Brasil\",\"@id\":\"https:\/\/www.pressenza.com\/es\/#\/schema\/person\/e2e4e9b5b3a7554516d809f2394b3dd4\"},\"headline\":\"Cerca de 820 millones de personas padecen hambre en el mundo, estima ONU\",\"datePublished\":\"2018-10-17T13:58:36+00:00\",\"mainEntityOfPage\":{\"@id\":\"https:\/\/www.pressenza.com\/es\/2018\/10\/cerca-de-820-millones-de-personas-padecen-hambre-en-el-mundo-estima-onu\/\"},\"wordCount\":305,\"publisher\":{\"@id\":\"https:\/\/www.pressenza.com\/es\/#organization\"},\"image\":{\"@id\":\"https:\/\/www.pressenza.com\/es\/2018\/10\/cerca-de-820-millones-de-personas-padecen-hambre-en-el-mundo-estima-onu\/#primaryimage\"},\"thumbnailUrl\":\"https:\/\/www.pressenza.com\/wp-content\/uploads\/2018\/10\/alimentos-Marcelo-Camargo-Age--ncia-Brasil.jpg\",\"keywords\":[\"alimentaci\u00f3n\",\"FAO\",\"Naciones Unidas\",\"ONU\"],\"articleSection\":[\"Derechos Humanos\",\"Econom\u00eda\",\"Internacional\",\"Salud\"],\"inLanguage\":\"es\"},{\"@type\":\"WebPage\",\"@id\":\"https:\/\/www.pressenza.com\/es\/2018\/10\/cerca-de-820-millones-de-personas-padecen-hambre-en-el-mundo-estima-onu\/\",\"url\":\"https:\/\/www.pressenza.com\/es\/2018\/10\/cerca-de-820-millones-de-personas-padecen-hambre-en-el-mundo-estima-onu\/\",\"name\":\"Cerca de 820 millones de personas padecen hambre en el mundo, estima ONU\",\"isPartOf\":{\"@id\":\"https:\/\/www.pressenza.com\/es\/#website\"},\"primaryImageOfPage\":{\"@id\":\"https:\/\/www.pressenza.com\/es\/2018\/10\/cerca-de-820-millones-de-personas-padecen-hambre-en-el-mundo-estima-onu\/#primaryimage\"},\"image\":{\"@id\":\"https:\/\/www.pressenza.com\/es\/2018\/10\/cerca-de-820-millones-de-personas-padecen-hambre-en-el-mundo-estima-onu\/#primaryimage\"},\"thumbnailUrl\":\"https:\/\/www.pressenza.com\/wp-content\/uploads\/2018\/10\/alimentos-Marcelo-Camargo-Age--ncia-Brasil.jpg\",\"datePublished\":\"2018-10-17T13:58:36+00:00\",\"description\":\"Por Mariana Tokarnia Cerca de 820 millones de personas padecen hambre en el mundo, seg\u00fan el secretario general de la Organizaci\u00f3n de las Naciones Unidas\",\"breadcrumb\":{\"@id\":\"https:\/\/www.pressenza.com\/es\/2018\/10\/cerca-de-820-millones-de-personas-padecen-hambre-en-el-mundo-estima-onu\/#breadcrumb\"},\"inLanguage\":\"es\",\"potentialAction\":[{\"@type\":\"ReadAction\",\"target\":[\"https:\/\/www.pressenza.com\/es\/2018\/10\/cerca-de-820-millones-de-personas-padecen-hambre-en-el-mundo-estima-onu\/\"]}]},{\"@type\":\"ImageObject\",\"inLanguage\":\"es\",\"@id\":\"https:\/\/www.pressenza.com\/es\/2018\/10\/cerca-de-820-millones-de-personas-padecen-hambre-en-el-mundo-estima-onu\/#primaryimage\",\"url\":\"https:\/\/www.pressenza.com\/wp-content\/uploads\/2018\/10\/alimentos-Marcelo-Camargo-Age--ncia-Brasil.jpg\",\"contentUrl\":\"https:\/\/www.pressenza.com\/wp-content\/uploads\/2018\/10\/alimentos-Marcelo-Camargo-Age--ncia-Brasil.jpg\",\"width\":1024,\"height\":685,\"caption\":\"S\u00e3o Paulo - Trabalhadores da Companhia de Entrepostos e Armaz\u00e9ns Gerais de S\u00e3o Paulo (CEAGESP) ( Marcelo Camargo\/ABr)\"},{\"@type\":\"BreadcrumbList\",\"@id\":\"https:\/\/www.pressenza.com\/es\/2018\/10\/cerca-de-820-millones-de-personas-padecen-hambre-en-el-mundo-estima-onu\/#breadcrumb\",\"itemListElement\":[{\"@type\":\"ListItem\",\"position\":1,\"name\":\"Accueil\",\"item\":\"https:\/\/www.pressenza.com\/es\/\"},{\"@type\":\"ListItem\",\"position\":2,\"name\":\"Cerca de 820 millones de personas padecen hambre en el mundo, estima ONU\"}]},{\"@type\":\"WebSite\",\"@id\":\"https:\/\/www.pressenza.com\/es\/#website\",\"url\":\"https:\/\/www.pressenza.com\/es\/\",\"name\":\"Pressenza\",\"description\":\"International Press Agency\",\"publisher\":{\"@id\":\"https:\/\/www.pressenza.com\/es\/#organization\"},\"potentialAction\":[{\"@type\":\"SearchAction\",\"target\":{\"@type\":\"EntryPoint\",\"urlTemplate\":\"https:\/\/www.pressenza.com\/es\/?s={search_term_string}\"},\"query-input\":{\"@type\":\"PropertyValueSpecification\",\"valueRequired\":true,\"valueName\":\"search_term_string\"}}],\"inLanguage\":\"es\"},{\"@type\":\"Organization\",\"@id\":\"https:\/\/www.pressenza.com\/es\/#organization\",\"name\":\"Pressenza\",\"url\":\"https:\/\/www.pressenza.com\/es\/\",\"logo\":{\"@type\":\"ImageObject\",\"inLanguage\":\"es\",\"@id\":\"https:\/\/www.pressenza.com\/es\/#\/schema\/logo\/image\/\",\"url\":\"https:\/\/www.pressenza.com\/wp-content\/uploads\/2022\/10\/pressenza_logo_200x200.jpg\",\"contentUrl\":\"https:\/\/www.pressenza.com\/wp-content\/uploads\/2022\/10\/pressenza_logo_200x200.jpg\",\"width\":200,\"height\":200,\"caption\":\"Pressenza\"},\"image\":{\"@id\":\"https:\/\/www.pressenza.com\/es\/#\/schema\/logo\/image\/\"},\"sameAs\":[\"https:\/\/www.facebook.com\/PressenzaItalia\",\"https:\/\/x.com\/PressenzaIPA\"]},{\"@type\":\"Person\",\"@id\":\"https:\/\/www.pressenza.com\/es\/#\/schema\/person\/e2e4e9b5b3a7554516d809f2394b3dd4\",\"name\":\"Agencia Brasil\",\"url\":\"https:\/\/www.pressenza.com\/es\/author\/agencia-brasil\/\"}]}<\/script>\n<!-- \/ Yoast SEO plugin. -->","yoast_head_json":{"title":"Cerca de 820 millones de personas padecen hambre en el mundo, estima ONU","description":"Por Mariana Tokarnia Cerca de 820 millones de personas padecen hambre en el mundo, seg\u00fan el secretario general de la Organizaci\u00f3n de las Naciones Unidas","robots":{"index":"index","follow":"follow","max-snippet":"max-snippet:-1","max-image-preview":"max-image-preview:large","max-video-preview":"max-video-preview:-1"},"canonical":"https:\/\/www.pressenza.com\/es\/2018\/10\/cerca-de-820-millones-de-personas-padecen-hambre-en-el-mundo-estima-onu\/","og_locale":"es_ES","og_type":"article","og_title":"Cerca de 820 millones de personas padecen hambre en el mundo, estima ONU","og_description":"Por Mariana Tokarnia Cerca de 820 millones de personas padecen hambre en el mundo, seg\u00fan el secretario general de la Organizaci\u00f3n de las Naciones Unidas","og_url":"https:\/\/www.pressenza.com\/es\/2018\/10\/cerca-de-820-millones-de-personas-padecen-hambre-en-el-mundo-estima-onu\/","og_site_name":"Pressenza","article_publisher":"https:\/\/www.facebook.com\/PressenzaItalia","article_published_time":"2018-10-17T13:58:36+00:00","og_image":[{"width":1024,"height":685,"url":"https:\/\/www.pressenza.com\/wp-content\/uploads\/2018\/10\/alimentos-Marcelo-Camargo-Age--ncia-Brasil.jpg","type":"image\/jpeg"}],"author":"Agencia Brasil","twitter_card":"summary_large_image","twitter_creator":"@PressenzaIPA","twitter_site":"@PressenzaIPA","twitter_misc":{"Escrito por":"Agencia Brasil","Tiempo de lectura":"1 minuto"},"schema":{"@context":"https:\/\/schema.org","@graph":[{"@type":"Article","@id":"https:\/\/www.pressenza.com\/es\/2018\/10\/cerca-de-820-millones-de-personas-padecen-hambre-en-el-mundo-estima-onu\/#article","isPartOf":{"@id":"https:\/\/www.pressenza.com\/es\/2018\/10\/cerca-de-820-millones-de-personas-padecen-hambre-en-el-mundo-estima-onu\/"},"author":{"name":"Agencia Brasil","@id":"https:\/\/www.pressenza.com\/es\/#\/schema\/person\/e2e4e9b5b3a7554516d809f2394b3dd4"},"headline":"Cerca de 820 millones de personas padecen hambre en el mundo, estima ONU","datePublished":"2018-10-17T13:58:36+00:00","mainEntityOfPage":{"@id":"https:\/\/www.pressenza.com\/es\/2018\/10\/cerca-de-820-millones-de-personas-padecen-hambre-en-el-mundo-estima-onu\/"},"wordCount":305,"publisher":{"@id":"https:\/\/www.pressenza.com\/es\/#organization"},"image":{"@id":"https:\/\/www.pressenza.com\/es\/2018\/10\/cerca-de-820-millones-de-personas-padecen-hambre-en-el-mundo-estima-onu\/#primaryimage"},"thumbnailUrl":"https:\/\/www.pressenza.com\/wp-content\/uploads\/2018\/10\/alimentos-Marcelo-Camargo-Age--ncia-Brasil.jpg","keywords":["alimentaci\u00f3n","FAO","Naciones Unidas","ONU"],"articleSection":["Derechos Humanos","Econom\u00eda","Internacional","Salud"],"inLanguage":"es"},{"@type":"WebPage","@id":"https:\/\/www.pressenza.com\/es\/2018\/10\/cerca-de-820-millones-de-personas-padecen-hambre-en-el-mundo-estima-onu\/","url":"https:\/\/www.pressenza.com\/es\/2018\/10\/cerca-de-820-millones-de-personas-padecen-hambre-en-el-mundo-estima-onu\/","name":"Cerca de 820 millones de personas padecen hambre en el mundo, estima ONU","isPartOf":{"@id":"https:\/\/www.pressenza.com\/es\/#website"},"primaryImageOfPage":{"@id":"https:\/\/www.pressenza.com\/es\/2018\/10\/cerca-de-820-millones-de-personas-padecen-hambre-en-el-mundo-estima-onu\/#primaryimage"},"image":{"@id":"https:\/\/www.pressenza.com\/es\/2018\/10\/cerca-de-820-millones-de-personas-padecen-hambre-en-el-mundo-estima-onu\/#primaryimage"},"thumbnailUrl":"https:\/\/www.pressenza.com\/wp-content\/uploads\/2018\/10\/alimentos-Marcelo-Camargo-Age--ncia-Brasil.jpg","datePublished":"2018-10-17T13:58:36+00:00","description":"Por Mariana Tokarnia Cerca de 820 millones de personas padecen hambre en el mundo, seg\u00fan el secretario general de la Organizaci\u00f3n de las Naciones Unidas","breadcrumb":{"@id":"https:\/\/www.pressenza.com\/es\/2018\/10\/cerca-de-820-millones-de-personas-padecen-hambre-en-el-mundo-estima-onu\/#breadcrumb"},"inLanguage":"es","potentialAction":[{"@type":"ReadAction","target":["https:\/\/www.pressenza.com\/es\/2018\/10\/cerca-de-820-millones-de-personas-padecen-hambre-en-el-mundo-estima-onu\/"]}]},{"@type":"ImageObject","inLanguage":"es","@id":"https:\/\/www.pressenza.com\/es\/2018\/10\/cerca-de-820-millones-de-personas-padecen-hambre-en-el-mundo-estima-onu\/#primaryimage","url":"https:\/\/www.pressenza.com\/wp-content\/uploads\/2018\/10\/alimentos-Marcelo-Camargo-Age--ncia-Brasil.jpg","contentUrl":"https:\/\/www.pressenza.com\/wp-content\/uploads\/2018\/10\/alimentos-Marcelo-Camargo-Age--ncia-Brasil.jpg","width":1024,"height":685,"caption":"S\u00e3o Paulo - Trabalhadores da Companhia de Entrepostos e Armaz\u00e9ns Gerais de S\u00e3o Paulo (CEAGESP) ( Marcelo Camargo\/ABr)"},{"@type":"BreadcrumbList","@id":"https:\/\/www.pressenza.com\/es\/2018\/10\/cerca-de-820-millones-de-personas-padecen-hambre-en-el-mundo-estima-onu\/#breadcrumb","itemListElement":[{"@type":"ListItem","position":1,"name":"Accueil","item":"https:\/\/www.pressenza.com\/es\/"},{"@type":"ListItem","position":2,"name":"Cerca de 820 millones de personas padecen hambre en el mundo, estima ONU"}]},{"@type":"WebSite","@id":"https:\/\/www.pressenza.com\/es\/#website","url":"https:\/\/www.pressenza.com\/es\/","name":"Pressenza","description":"International Press Agency","publisher":{"@id":"https:\/\/www.pressenza.com\/es\/#organization"},"potentialAction":[{"@type":"SearchAction","target":{"@type":"EntryPoint","urlTemplate":"https:\/\/www.pressenza.com\/es\/?s={search_term_string}"},"query-input":{"@type":"PropertyValueSpecification","valueRequired":true,"valueName":"search_term_string"}}],"inLanguage":"es"},{"@type":"Organization","@id":"https:\/\/www.pressenza.com\/es\/#organization","name":"Pressenza","url":"https:\/\/www.pressenza.com\/es\/","logo":{"@type":"ImageObject","inLanguage":"es","@id":"https:\/\/www.pressenza.com\/es\/#\/schema\/logo\/image\/","url":"https:\/\/www.pressenza.com\/wp-content\/uploads\/2022\/10\/pressenza_logo_200x200.jpg","contentUrl":"https:\/\/www.pressenza.com\/wp-content\/uploads\/2022\/10\/pressenza_logo_200x200.jpg","width":200,"height":200,"caption":"Pressenza"},"image":{"@id":"https:\/\/www.pressenza.com\/es\/#\/schema\/logo\/image\/"},"sameAs":["https:\/\/www.facebook.com\/PressenzaItalia","https:\/\/x.com\/PressenzaIPA"]},{"@type":"Person","@id":"https:\/\/www.pressenza.com\/es\/#\/schema\/person\/e2e4e9b5b3a7554516d809f2394b3dd4","name":"Agencia Brasil","url":"https:\/\/www.pressenza.com\/es\/author\/agencia-brasil\/"}]}},"place":"Brasilia, Brasil","original_article_url":"http:\/\/agenciabrasil.ebc.com.br\/internacional\/noticia\/2018-10\/cerca-de-820-milhoes-de-pessoas-passam-fome-no-mundo-estima-onu","_links":{"self":[{"href":"https:\/\/www.pressenza.com\/es\/wp-json\/wp\/v2\/posts\/738877","targetHints":{"allow":["GET"]}}],"collection":[{"href":"https:\/\/www.pressenza.com\/es\/wp-json\/wp\/v2\/posts"}],"about":[{"href":"https:\/\/www.pressenza.com\/es\/wp-json\/wp\/v2\/types\/post"}],"author":[{"embeddable":true,"href":"https:\/\/www.pressenza.com\/es\/wp-json\/wp\/v2\/users\/860"}],"replies":[{"embeddable":true,"href":"https:\/\/www.pressenza.com\/es\/wp-json\/wp\/v2\/comments?post=738877"}],"version-history":[{"count":0,"href":"https:\/\/www.pressenza.com\/es\/wp-json\/wp\/v2\/posts\/738877\/revisions"}],"wp:featuredmedia":[{"embeddable":true,"href":"https:\/\/www.pressenza.com\/es\/wp-json\/wp\/v2\/media\/738673"}],"wp:attachment":[{"href":"https:\/\/www.pressenza.com\/es\/wp-json\/wp\/v2\/media?parent=738877"}],"wp:term":[{"taxonomy":"category","embeddable":true,"href":"https:\/\/www.pressenza.com\/es\/wp-json\/wp\/v2\/categories?post=738877"},{"taxonomy":"post_tag","embeddable":true,"href":"https:\/\/www.pressenza.com\/es\/wp-json\/wp\/v2\/tags?post=738877"}],"curies":[{"name":"wp","href":"https:\/\/api.w.org\/{rel}","templated":true}]}}