{"id":737136,"date":"2018-10-13T12:15:26","date_gmt":"2018-10-13T11:15:26","guid":{"rendered":"https:\/\/www.pressenza.com\/?p=737136"},"modified":"2018-10-13T12:15:26","modified_gmt":"2018-10-13T11:15:26","slug":"carabelas-del-siglo-xxi-otro-12-de-octubre-y-el-despojo-permanente","status":"publish","type":"post","link":"https:\/\/www.pressenza.com\/es\/2018\/10\/carabelas-del-siglo-xxi-otro-12-de-octubre-y-el-despojo-permanente\/","title":{"rendered":"Carabelas del siglo XXI: otro 12 de Octubre y el despojo permanente"},"content":{"rendered":"<p><strong>A 526 a\u00f1os de la llegada del colonialismo espa\u00f1ol a Am\u00e9rica, se mantiene la violaci\u00f3n de los derechos ind\u00edgenas y la avanzada empresaria-gubernamental. Pero la lucha de las comunidades contin\u00faa. Diez d\u00edas de caminata en Jujuy, parlamento mapuche en Chubut y defensa del territorio.<\/strong><\/p>\n<p>Diez d\u00edas de caminata por el agua, la vida y en defensa de los territorios ind\u00edgenas. Es\u00a0la <a href=\"http:\/\/www.laizquierdadiario.com\/Qhapaq-nan-partio-la-caminata-de-pueblos-indigenas-hacia-la-capital-de-Jujuy-por-el-Agua-y-la-Vida\" target=\"_blank\" rel=\"noopener\">acci\u00f3n de lucha de pueblos originarios de Jujuy<\/a>\u00a0que finaliz\u00f3 este jueves 11 y apunt\u00f3 de lleno a las pol\u00edticas impulsadas por el gobernador Gerardo Morales. En Chubut, mapuches-tehuelches denuncian la violaci\u00f3n de derechos y ratifican la lucha contra la megaminer\u00eda.<\/p>\n<p>De norte a sur, los pueblos originarios enfrentan a empresas extractivas, gobiernos (provinciales y nacional) y ratifican la defensa de sus territorios. La Organizaci\u00f3n de las Naciones Unidas (ONU) resumi\u00f3 el mal que aqueja a los pueblos ind\u00edgenas: \u201cracismo sistem\u00e1tico\u201d. Otro 12 de octubre sin nada que festejar.<\/p>\n<h4>Caminata<\/h4>\n<p>La Asamblea de Comunidades Ind\u00edgenas Libres de Jujuy inici\u00f3 el martes 2 de octubre la \u201ccaminata por el agua y por la vida\u201d, desde la Laguna de los Pozuelos hasta San Salvador de Jujuy.<\/p>\n<p>En los m\u00e1s de 380 kil\u00f3metros recorridos a pie pasaron por Cieneguillas, La Quiaca , Abra Pampa, Humahuaca, Tilcara y Volc\u00e1n, entre otras localidades. En cada lugar, fueron recibidas por comunidades locales que adhirieron a los reclamos y algunos de sus referentes se sumaron a la larga caminata.<\/p>\n<p>Exigen que se respeten los derechos de los pueblos ind\u00edgenas (vigentes en leyes, Constituci\u00f3n Nacional y tratados internacionales que Argentina suscribi\u00f3), que obligan a obtener el consentimiento libre, previo e informado de las comunidades ante cualquier actividad que pudiera afectarlas. Ninguna empresa puede ingresar a territorio ind\u00edgenas sin el consentimiento de la comunidad afectada. Los gobiernos y el Poder Judicial debe hacer cumplir esas leyes.<\/p>\n<p>\u201cMarchamos las comunidades ind\u00edgenas que defendemos a la Pacha, que luchamos contra la voracidad minera. Invitamos a los hermanos que hoy est\u00e1n al lado del gobernador Morales a reflexionar y si son ind\u00edgenas a defender la pacha y denunciar a aquellos que atacan a la Madre Tierra y no ser c\u00f3mplices con su silencio del gobierno de Jujuy y de las mineras\u201d, reclam\u00f3 Ra\u00fal Sajama, uno de los voceros de la marcha.<\/p>\n<p>Sajama afirm\u00f3 que la Asamblea de Comunidades Libres est\u00e1 compuesta por m\u00e1s de cien comunidades ind\u00edgenas, denunci\u00f3 la avanzada de la miner\u00eda de litio (con complicidad de Naci\u00f3n, Provincia y sectores cient\u00edficos del Conicet) y record\u00f3 que reclaman la derogaci\u00f3n de la Ley 5.915 (provincial) de servidumbre sobre territorios comunitarios y contraria a los derechos ind\u00edgenas.<\/p>\n<p>Otro emprendimiento minero que tiene total apoyo del gobernador Gerardo Morales, y viola los derechos ind\u00edgenas, es el proyecto de plata Chinchillas, de la canadiense\u00a0Silver Standard, que est\u00e1 en cercan\u00edas de la conocida Laguna de Los Pozuelos.<\/p>\n<div id=\"attachment_737153\" class=\"wp-caption alignnone\"><img loading=\"lazy\" decoding=\"async\" aria-describedby=\"caption-attachment-737153\" class=\"size-large wp-image-737153\" src=\"https:\/\/www.pressenza.com\/wp-content\/uploads\/2018\/10\/indigenas-Reinaldo-Ortega-720x343.jpg\" alt=\"\" width=\"720\" height=\"343\" srcset=\"https:\/\/www.pressenza.com\/wp-content\/uploads\/2018\/10\/indigenas-Reinaldo-Ortega-720x343.jpg 720w, https:\/\/www.pressenza.com\/wp-content\/uploads\/2018\/10\/indigenas-Reinaldo-Ortega-300x143.jpg 300w, https:\/\/www.pressenza.com\/wp-content\/uploads\/2018\/10\/indigenas-Reinaldo-Ortega-768x366.jpg 768w, https:\/\/www.pressenza.com\/wp-content\/uploads\/2018\/10\/indigenas-Reinaldo-Ortega.jpg 1024w\" sizes=\"auto, (max-width: 720px) 100vw, 720px\" \/><p id=\"caption-attachment-737153\" class=\"wp-caption-text\">Buenos Aires, 12 de octubre 2018. Foto Reinaldo Ortega<\/p><\/div>\n<p>El 8 de octubre, durante una de las paradas de los marchantes, dieron a conocer la \u201cDeclaraci\u00f3n de Tilcara\u201d, donde puntualizaron algunos de los conflictos m\u00e1s urgentes.<\/p>\n<ul>\n<li>Comunidad La Quiaca Vieja (departamento de Yavi): intento de despojo territorial por la instalaci\u00f3n de una zona franca.<\/li>\n<li>Comunidad Piedra Negra: instalaci\u00f3n de paneles solares sin aprobaci\u00f3n de comunidades.<\/li>\n<li>Comunidad de Huichaira de Tilcara (frente al empresario Alejandro Nieva): denuncian que el gobierno provincial intenta desviar aguas del Cerro Collamboy para beneficiar a las mineras en la explotaci\u00f3n de litio en el Salar de Olaroz.<\/li>\n<\/ul>\n<p>En la Declaraci\u00f3n unen el pasado y el presente: \u201cLos pueblos ind\u00edgenas sufrimos injusticias hist\u00f3ricas como resultado, entre otras cosas, de la colonizaci\u00f3n y enajenaci\u00f3n de nuestra Pachamama, tierras, territorios y recursos, lo que nos ha impedido ejercer en particular el derecho al desarrollo de conformidad con nuestros conocimientos, t\u00e9cnicas y pr\u00e1cticas ancestrales, necesidades, deseos e intereses\u201d.<\/p>\n<p>La caminata finaliza hoy 12 de octubre al mediod\u00eda en San Salvador de Jujuy.<\/p>\n<h4>Trawn Mapuche<\/h4>\n<p>En Chubut se da una de las mayores avanzadas mineras del gobierno nacional y provincial, en beneficio de la multinacional\u00a0Pan American Silver\u00a0(la mayor multinacional de plata del mundo) con el proyecto llamado \u201cNavidad\u201d (en la meseta, centro geogr\u00e1fico de la provincia).<\/p>\n<p>En la provincia patag\u00f3nica est\u00e1 vigente la Ley 5.001, nacida en el marco de la lucha de Esquel (2002-2003) que proh\u00edbe la actividad minera con uso de cianuro.<\/p>\n<p>Desde la asunci\u00f3n de Mauricio Macri se redobl\u00f3 la presi\u00f3n para habilitar la miner\u00eda en Chubut. Las asambleas socioambientales y los pueblos ind\u00edgenas de toda la provincia est\u00e1n movilizadas para defender la Ley 5.001 y rechazar la megaminer\u00eda.<\/p>\n<div id=\"attachment_737162\" class=\"wp-caption alignnone\"><img loading=\"lazy\" decoding=\"async\" aria-describedby=\"caption-attachment-737162\" class=\"size-large wp-image-737162\" src=\"https:\/\/www.pressenza.com\/wp-content\/uploads\/2018\/10\/indigenas2-Reinaldo-Ortega-720x477.jpg\" alt=\"\" width=\"720\" height=\"477\" srcset=\"https:\/\/www.pressenza.com\/wp-content\/uploads\/2018\/10\/indigenas2-Reinaldo-Ortega-720x477.jpg 720w, https:\/\/www.pressenza.com\/wp-content\/uploads\/2018\/10\/indigenas2-Reinaldo-Ortega-300x199.jpg 300w, https:\/\/www.pressenza.com\/wp-content\/uploads\/2018\/10\/indigenas2-Reinaldo-Ortega-768x509.jpg 768w, https:\/\/www.pressenza.com\/wp-content\/uploads\/2018\/10\/indigenas2-Reinaldo-Ortega.jpg 1024w\" sizes=\"auto, (max-width: 720px) 100vw, 720px\" \/><p id=\"caption-attachment-737162\" class=\"wp-caption-text\">Buenos Aires, 12 de octubre 2018. Foto Reinaldo Ortega<\/p><\/div>\n<p>El 29 y 30 de septiembre se realiz\u00f3 en la meseta de Chubut un Trawn (parlamento) Mapuche-Tehuelche. \u201cTierra y territorio fueron las palabras claves de toda la conversaci\u00f3n. La memoria del despojo est\u00e1 muy cercana, la acumulaci\u00f3n terrateniente est\u00e1 presente. Las tierras \u2019aptas y suficientes para el desarrollo humano\u2019 de las que hablan las Constituciones Nacional y Provincial siguen ausentes de la pol\u00edtica p\u00fablica y del reconocimiento real de los derechos ind\u00edgenas\u201d, cuestiona el documento de las comunidades ind\u00edgenas.<\/p>\n<p>Exigieron que se cumpla la Ley 26.160 (que frena los desalojos y ordena relevar los territorios ind\u00edgenas) y el Convenio 169 de la Organizaci\u00f3n Internacional del Trabajo (OIT), que insta a consultar a las comunidades por cualquier actividad que pudiera afectarlas. Todas las comunidades rechazaron la actividad minera.<\/p>\n<p>\u201cLo m\u00e1s profundo, propio y esencial que las comunidades originarias tenemos es la Mapu (tierra), que defenderemos porque ah\u00ed est\u00e1n la identidad y el futuro. Lucharemos con la fuerza de los ancestros, con la claridad y orientaci\u00f3n de los ancianos, con la valent\u00eda de los j\u00f3venes y con el empuje de las mujeres\u201d, afirma el comunicado del Trawn Mapuche-Tehuelche realizado en la comunidad Yala Laubat.<\/p>\n<h4>INAI<\/h4>\n<p>El Instituto Nacional de Asuntos Ind\u00edgenas (INAI) es el \u00e1mbito espec\u00edfico que refiere a pueblos originarios, que debiera dar respuesta a m\u00e1s de mil comunidades de 35 pueblos originarios.<\/p>\n<p>En enero de 2016 el gobierno nacional cumpli\u00f3 con su promesa de trasladarlo del Ministerio de Desarrollo Social al de Justicia y Derechos Humanos. Fue la \u00fanica promesa que cumpli\u00f3 el Gobierno en materia ind\u00edgena.<\/p>\n<p>\u201cEn febrero de ese a\u00f1o despidieron 28 trabajadores, mientras el entonces presidente Ra\u00fal Ruidiaz -cu\u00f1ado y socio del secretario de Derechos Humanos Claudio Avruj- pasaba sus vacaciones en Aspen (Estados Unidos), les trabajadores del INAI comenzaron a sufrir una situaci\u00f3n laboral precaria, afrontando la paralizaci\u00f3n general del organismo y sus pol\u00edticas, lo que repercuti\u00f3 directamente en los derechos de las comunidades ind\u00edgenas de nuestro pa\u00eds. El INAI estuvo administrativamente paralizado durante todo 2016\u201d, afirm\u00f3 Lisandro Arij\u00f3n, delegado gremial de la Asociaci\u00f3n de Trabajadores del Estado (ATE).<\/p>\n<p>Explic\u00f3 que tambi\u00e9n se desmantel\u00f3 la estructura territorial del Instituto, \u201cdejando a les trabajadores que cumplen sus funciones en las provincias en absoluto abandono, sin lugares f\u00edsicos de trabajo, sin vi\u00e1ticos, computadoras o tel\u00e9fonos que les permitan el contacto con las comunidades\u201d.<\/p>\n<p>En 2017, Ruidiaz fue reemplazado por Jimena Psathakis, de la\u00a0Fundaci\u00f3n Cambio Democr\u00e1tica, conocida por sus \u201cmesas de di\u00e1logo\u201d referidas al extractivismo pero siempre con intereses comunes con las empresas.<\/p>\n<div id=\"attachment_737171\" class=\"wp-caption alignnone\"><img loading=\"lazy\" decoding=\"async\" aria-describedby=\"caption-attachment-737171\" class=\"size-large wp-image-737171\" src=\"https:\/\/www.pressenza.com\/wp-content\/uploads\/2018\/10\/indigenas3-Reinaldo-Ortega-720x530.jpg\" alt=\"\" width=\"720\" height=\"530\" srcset=\"https:\/\/www.pressenza.com\/wp-content\/uploads\/2018\/10\/indigenas3-Reinaldo-Ortega-720x530.jpg 720w, https:\/\/www.pressenza.com\/wp-content\/uploads\/2018\/10\/indigenas3-Reinaldo-Ortega-300x221.jpg 300w, https:\/\/www.pressenza.com\/wp-content\/uploads\/2018\/10\/indigenas3-Reinaldo-Ortega-768x565.jpg 768w, https:\/\/www.pressenza.com\/wp-content\/uploads\/2018\/10\/indigenas3-Reinaldo-Ortega.jpg 960w\" sizes=\"auto, (max-width: 720px) 100vw, 720px\" \/><p id=\"caption-attachment-737171\" class=\"wp-caption-text\">Buenos Aires, 12 de octubre 2018. Foto Reinaldo Ortega<\/p><\/div>\n<p>\u201cPsathakis tiene un largo curr\u00edculum dedicado al trabajo en distintas corporaciones mineras, y muy conocida en la ciudad de Esquel por haber representado en mesas de negociaci\u00f3n a las mineras en contra de comunidades originarias de la zona\u201d, record\u00f3 Arij\u00f3n.<\/p>\n<p>Desde ATE aseguran que en diciembre de 2016 ya estaba claro el desfinanciamiento del INAI. \u201cYa se dejaba ver claramente la decisi\u00f3n de correr del territorio la presencia de organismos como el INAI, la Secretar\u00eda de Agricultura Familiar y el INTA, entre otros, para dar curso a la llegada de fuerzas represivas como Gendarmer\u00eda Nacional o Prefectura Naval\u201d, denunci\u00f3.<\/p>\n<p>Los trabajadores del INAI alertaron que, desfinanciamento mediante, el organismo est\u00e1 al borde del \u201cvaciamiento total\u201d. Y alertan por posibles despidos.<\/p>\n<h4>Racismo sistem\u00e1tico<\/h4>\n<p>\u201cEl sector privado act\u00faa en complicidad con los gobiernos para desplazar a los pueblos ind\u00edgenas de sus tierras por cualquier medio necesario para dar paso a proyectos de infraestructura, agricultura, miner\u00eda y de extracci\u00f3n\u201d, denunci\u00f3 la ONU mediante una carta p\u00fabica de la Relatora Especial sobre los Derechos de los Pueblos Ind\u00edgenas Victoria Tauli-Corpuz.<\/p>\n<p>La carta de Naciones Unidas afirma que \u201cen la ra\u00edz de esta crisis mundial est\u00e1 el racismo sistem\u00e1tico y la incapacidad de los gobiernos para reconocer y respetar los derechos ind\u00edgenas territoriales\u201d.<\/p>\n<p>La experta de la ONU remarc\u00f3 que ante la avanzada extractiva, la complicidad judicial y pol\u00edtica \u201cse est\u00e1 desarrollando una crisis global\u201d que afecta a los pueblos ind\u00edgenas y sus territorios.<\/p>\n<p>\u201cLa r\u00e1pida expansi\u00f3n de proyectos de desarrollo sin su consentimiento previo est\u00e1 impulsando un dr\u00e1stico aumento de la violencia y el acoso legal contra los pueblos ind\u00edgenas\u201d, alert\u00f3 Tauli-Corpuz en su carta titulada \u201cDeber\u00edan haberlo sabido\u201d.<\/p>\n<p>Explic\u00f3 que una herramienta fundamental para el despojo de los territorios ind\u00edgenas es la \u201ccriminalizaci\u00f3n en casi todos los rincones\u201d del mundo. \u201cEstos ataques, ya sean f\u00edsicos o legales, son un intento de silenciar a los pueblos ind\u00edgenas que se oponen a proyectos que amenazan sus medios de subsistencia y sus culturas\u201d, denunci\u00f3 la especialista de Naciones Unidas.<\/p>\n<div id=\"attachment_737180\" class=\"wp-caption alignnone\"><img loading=\"lazy\" decoding=\"async\" aria-describedby=\"caption-attachment-737180\" class=\"size-large wp-image-737180\" src=\"https:\/\/www.pressenza.com\/wp-content\/uploads\/2018\/10\/Zurita-por-Reinaldo-Ortega-720x423.jpg\" alt=\"\" width=\"720\" height=\"423\" srcset=\"https:\/\/www.pressenza.com\/wp-content\/uploads\/2018\/10\/Zurita-por-Reinaldo-Ortega-720x423.jpg 720w, https:\/\/www.pressenza.com\/wp-content\/uploads\/2018\/10\/Zurita-por-Reinaldo-Ortega-300x176.jpg 300w, https:\/\/www.pressenza.com\/wp-content\/uploads\/2018\/10\/Zurita-por-Reinaldo-Ortega-768x451.jpg 768w, https:\/\/www.pressenza.com\/wp-content\/uploads\/2018\/10\/Zurita-por-Reinaldo-Ortega.jpg 1024w\" sizes=\"auto, (max-width: 720px) 100vw, 720px\" \/><p id=\"caption-attachment-737180\" class=\"wp-caption-text\">Jose Luis Zurita, 40 d\u00edas\u00a0detenido en una carcel de maxima seguridad por tenencia de hoja de coca. Foto Reinaldo Ortega en Buenos Aires, 12 de octubre 2018.<\/p><\/div>\n<p>Tambi\u00e9n alert\u00f3 que el primer paso contra los pueblos ind\u00edgenas implica \u201ccampa\u00f1as de difamaci\u00f3n y discursos de odio que caracterizan a los pueblos ind\u00edgenas como \u2019obst\u00e1culos para el desarrollo\u2019, o en el peor de los casos, como \u2019terroristas\u2019 o \u2019matones\u2019\u201d. Luego siguen amenazas, \u00f3rdenes de arresto, militarismo, legislaci\u00f3n antiterrorista, violencia, represiones y asesinatos.<\/p>\n<p>Sobre el rol del Poder Judicial, Tauli-Corpuz no tienen dudas: \u201cLos sistemas de justicia se utilizan como \u2019armas\u2019 contra los pueblos ind\u00edgenas que defienden sus derechos\u201d.<\/p>\n<p>A pesar de la violaci\u00f3n de derechos ind\u00edgenas y la violencia que sufren, la Relatora de Naciones Unidas afirm\u00f3 que \u201clos pueblos ind\u00edgenas siguen levantando sus voces, contin\u00faan defendiendo sus formas de vida, sus comunidades y las tierras y bosques de los que depende toda la humanidad\u201d.<\/p>\n","protected":false},"excerpt":{"rendered":"<p>A 526 a\u00f1os de la llegada del colonialismo espa\u00f1ol a Am\u00e9rica, se mantiene la violaci\u00f3n de los derechos ind\u00edgenas y la avanzada empresaria-gubernamental. Pero la lucha de las comunidades contin\u00faa. Diez d\u00edas de caminata en Jujuy, parlamento mapuche en Chubut&hellip;<\/p>\n","protected":false},"author":1210,"featured_media":737140,"comment_status":"closed","ping_status":"closed","sticky":false,"template":"","format":"standard","meta":{"footnotes":""},"categories":[161,80,67],"tags":[20835,26,1544,5323,18759,20348,22210,3098,18507],"class_list":["post-737136","post","type-post","status-publish","format-standard","has-post-thumbnail","hentry","category-opiniones","category-pueblos-originarios","category-sudamerica","tag-12-de-octubre","tag-argentina","tag-extractivismo","tag-indigenas","tag-industrias-extractivas","tag-megamineria","tag-pueblos-originarios","tag-racismo","tag-territorios"],"yoast_head":"<!-- This site is optimized with the Yoast SEO plugin v27.1.1 - https:\/\/yoast.com\/product\/yoast-seo-wordpress\/ -->\n<title>Carabelas del siglo XXI: otro 12 de Octubre y el despojo permanente<\/title>\n<meta name=\"description\" content=\"A 526 a\u00f1os de la llegada del colonialismo espa\u00f1ol a Am\u00e9rica, se mantiene la violaci\u00f3n de los derechos ind\u00edgenas y la avanzada empresaria-gubernamental.\" \/>\n<meta name=\"robots\" content=\"index, follow, max-snippet:-1, max-image-preview:large, max-video-preview:-1\" \/>\n<link rel=\"canonical\" href=\"https:\/\/www.pressenza.com\/es\/2018\/10\/carabelas-del-siglo-xxi-otro-12-de-octubre-y-el-despojo-permanente\/\" \/>\n<meta property=\"og:locale\" content=\"es_ES\" \/>\n<meta property=\"og:type\" content=\"article\" \/>\n<meta property=\"og:title\" content=\"Carabelas del siglo XXI: otro 12 de Octubre y el despojo permanente\" \/>\n<meta property=\"og:description\" content=\"A 526 a\u00f1os de la llegada del colonialismo espa\u00f1ol a Am\u00e9rica, se mantiene la violaci\u00f3n de los derechos ind\u00edgenas y la avanzada empresaria-gubernamental.\" \/>\n<meta property=\"og:url\" content=\"https:\/\/www.pressenza.com\/es\/2018\/10\/carabelas-del-siglo-xxi-otro-12-de-octubre-y-el-despojo-permanente\/\" \/>\n<meta property=\"og:site_name\" content=\"Pressenza\" \/>\n<meta property=\"article:publisher\" content=\"https:\/\/www.facebook.com\/PressenzaItalia\" \/>\n<meta property=\"article:published_time\" content=\"2018-10-13T11:15:26+00:00\" \/>\n<meta property=\"og:image\" content=\"https:\/\/www.pressenza.com\/wp-content\/uploads\/2018\/10\/121018-Reinaldo-Ortega.jpg\" \/>\n\t<meta property=\"og:image:width\" content=\"1918\" \/>\n\t<meta property=\"og:image:height\" content=\"1263\" \/>\n\t<meta property=\"og:image:type\" content=\"image\/jpeg\" \/>\n<meta name=\"author\" content=\"Dar\u00edo Aranda\" \/>\n<meta name=\"twitter:card\" content=\"summary_large_image\" \/>\n<meta name=\"twitter:creator\" content=\"@PressenzaIPA\" \/>\n<meta name=\"twitter:site\" content=\"@PressenzaIPA\" \/>\n<meta name=\"twitter:label1\" content=\"Escrito por\" \/>\n\t<meta name=\"twitter:data1\" content=\"Dar\u00edo Aranda\" \/>\n\t<meta name=\"twitter:label2\" content=\"Tiempo de lectura\" \/>\n\t<meta name=\"twitter:data2\" content=\"9 minutos\" \/>\n<script type=\"application\/ld+json\" class=\"yoast-schema-graph\">{\"@context\":\"https:\/\/schema.org\",\"@graph\":[{\"@type\":\"Article\",\"@id\":\"https:\/\/www.pressenza.com\/es\/2018\/10\/carabelas-del-siglo-xxi-otro-12-de-octubre-y-el-despojo-permanente\/#article\",\"isPartOf\":{\"@id\":\"https:\/\/www.pressenza.com\/es\/2018\/10\/carabelas-del-siglo-xxi-otro-12-de-octubre-y-el-despojo-permanente\/\"},\"author\":{\"name\":\"Dar\u00edo Aranda\",\"@id\":\"https:\/\/www.pressenza.com\/es\/#\/schema\/person\/0e60cd529ef3ecd836a42735fa83478b\"},\"headline\":\"Carabelas del siglo XXI: otro 12 de Octubre y el despojo permanente\",\"datePublished\":\"2018-10-13T11:15:26+00:00\",\"mainEntityOfPage\":{\"@id\":\"https:\/\/www.pressenza.com\/es\/2018\/10\/carabelas-del-siglo-xxi-otro-12-de-octubre-y-el-despojo-permanente\/\"},\"wordCount\":1811,\"publisher\":{\"@id\":\"https:\/\/www.pressenza.com\/es\/#organization\"},\"image\":{\"@id\":\"https:\/\/www.pressenza.com\/es\/2018\/10\/carabelas-del-siglo-xxi-otro-12-de-octubre-y-el-despojo-permanente\/#primaryimage\"},\"thumbnailUrl\":\"https:\/\/www.pressenza.com\/wp-content\/uploads\/2018\/10\/121018-Reinaldo-Ortega.jpg\",\"keywords\":[\"12 de octubre\",\"Argentina\",\"extractivismo\",\"indigenas\",\"industrias extractivas\",\"megaminer\u00eda\",\"Pueblos Originarios\",\"racismo\",\"territorios\"],\"articleSection\":[\"Opiniones\",\"Pueblos Originarios\",\"Sudam\u00e9rica\"],\"inLanguage\":\"es\"},{\"@type\":\"WebPage\",\"@id\":\"https:\/\/www.pressenza.com\/es\/2018\/10\/carabelas-del-siglo-xxi-otro-12-de-octubre-y-el-despojo-permanente\/\",\"url\":\"https:\/\/www.pressenza.com\/es\/2018\/10\/carabelas-del-siglo-xxi-otro-12-de-octubre-y-el-despojo-permanente\/\",\"name\":\"Carabelas del siglo XXI: otro 12 de Octubre y el despojo permanente\",\"isPartOf\":{\"@id\":\"https:\/\/www.pressenza.com\/es\/#website\"},\"primaryImageOfPage\":{\"@id\":\"https:\/\/www.pressenza.com\/es\/2018\/10\/carabelas-del-siglo-xxi-otro-12-de-octubre-y-el-despojo-permanente\/#primaryimage\"},\"image\":{\"@id\":\"https:\/\/www.pressenza.com\/es\/2018\/10\/carabelas-del-siglo-xxi-otro-12-de-octubre-y-el-despojo-permanente\/#primaryimage\"},\"thumbnailUrl\":\"https:\/\/www.pressenza.com\/wp-content\/uploads\/2018\/10\/121018-Reinaldo-Ortega.jpg\",\"datePublished\":\"2018-10-13T11:15:26+00:00\",\"description\":\"A 526 a\u00f1os de la llegada del colonialismo espa\u00f1ol a Am\u00e9rica, se mantiene la violaci\u00f3n de los derechos ind\u00edgenas y la avanzada empresaria-gubernamental.\",\"breadcrumb\":{\"@id\":\"https:\/\/www.pressenza.com\/es\/2018\/10\/carabelas-del-siglo-xxi-otro-12-de-octubre-y-el-despojo-permanente\/#breadcrumb\"},\"inLanguage\":\"es\",\"potentialAction\":[{\"@type\":\"ReadAction\",\"target\":[\"https:\/\/www.pressenza.com\/es\/2018\/10\/carabelas-del-siglo-xxi-otro-12-de-octubre-y-el-despojo-permanente\/\"]}]},{\"@type\":\"ImageObject\",\"inLanguage\":\"es\",\"@id\":\"https:\/\/www.pressenza.com\/es\/2018\/10\/carabelas-del-siglo-xxi-otro-12-de-octubre-y-el-despojo-permanente\/#primaryimage\",\"url\":\"https:\/\/www.pressenza.com\/wp-content\/uploads\/2018\/10\/121018-Reinaldo-Ortega.jpg\",\"contentUrl\":\"https:\/\/www.pressenza.com\/wp-content\/uploads\/2018\/10\/121018-Reinaldo-Ortega.jpg\",\"width\":1918,\"height\":1263},{\"@type\":\"BreadcrumbList\",\"@id\":\"https:\/\/www.pressenza.com\/es\/2018\/10\/carabelas-del-siglo-xxi-otro-12-de-octubre-y-el-despojo-permanente\/#breadcrumb\",\"itemListElement\":[{\"@type\":\"ListItem\",\"position\":1,\"name\":\"Accueil\",\"item\":\"https:\/\/www.pressenza.com\/es\/\"},{\"@type\":\"ListItem\",\"position\":2,\"name\":\"Carabelas del siglo XXI: otro 12 de Octubre y el despojo permanente\"}]},{\"@type\":\"WebSite\",\"@id\":\"https:\/\/www.pressenza.com\/es\/#website\",\"url\":\"https:\/\/www.pressenza.com\/es\/\",\"name\":\"Pressenza\",\"description\":\"International Press Agency\",\"publisher\":{\"@id\":\"https:\/\/www.pressenza.com\/es\/#organization\"},\"potentialAction\":[{\"@type\":\"SearchAction\",\"target\":{\"@type\":\"EntryPoint\",\"urlTemplate\":\"https:\/\/www.pressenza.com\/es\/?s={search_term_string}\"},\"query-input\":{\"@type\":\"PropertyValueSpecification\",\"valueRequired\":true,\"valueName\":\"search_term_string\"}}],\"inLanguage\":\"es\"},{\"@type\":\"Organization\",\"@id\":\"https:\/\/www.pressenza.com\/es\/#organization\",\"name\":\"Pressenza\",\"url\":\"https:\/\/www.pressenza.com\/es\/\",\"logo\":{\"@type\":\"ImageObject\",\"inLanguage\":\"es\",\"@id\":\"https:\/\/www.pressenza.com\/es\/#\/schema\/logo\/image\/\",\"url\":\"https:\/\/www.pressenza.com\/wp-content\/uploads\/2022\/10\/pressenza_logo_200x200.jpg\",\"contentUrl\":\"https:\/\/www.pressenza.com\/wp-content\/uploads\/2022\/10\/pressenza_logo_200x200.jpg\",\"width\":200,\"height\":200,\"caption\":\"Pressenza\"},\"image\":{\"@id\":\"https:\/\/www.pressenza.com\/es\/#\/schema\/logo\/image\/\"},\"sameAs\":[\"https:\/\/www.facebook.com\/PressenzaItalia\",\"https:\/\/x.com\/PressenzaIPA\"]},{\"@type\":\"Person\",\"@id\":\"https:\/\/www.pressenza.com\/es\/#\/schema\/person\/0e60cd529ef3ecd836a42735fa83478b\",\"name\":\"Dar\u00edo Aranda\",\"description\":\"Dar\u00edo Aranda (argentino, 1977) es periodista. Especializado en extractivismo (petr\u00f3leo, miner\u00eda, agronegocios y forestales), escribe sobre el acontecer de los pueblos ind\u00edgenas, organizaciones campesinas y asambleas socioambientales. www.darioaranda.com.ar\",\"url\":\"https:\/\/www.pressenza.com\/es\/author\/dario-aranda\/\"}]}<\/script>\n<!-- \/ Yoast SEO plugin. -->","yoast_head_json":{"title":"Carabelas del siglo XXI: otro 12 de Octubre y el despojo permanente","description":"A 526 a\u00f1os de la llegada del colonialismo espa\u00f1ol a Am\u00e9rica, se mantiene la violaci\u00f3n de los derechos ind\u00edgenas y la avanzada empresaria-gubernamental.","robots":{"index":"index","follow":"follow","max-snippet":"max-snippet:-1","max-image-preview":"max-image-preview:large","max-video-preview":"max-video-preview:-1"},"canonical":"https:\/\/www.pressenza.com\/es\/2018\/10\/carabelas-del-siglo-xxi-otro-12-de-octubre-y-el-despojo-permanente\/","og_locale":"es_ES","og_type":"article","og_title":"Carabelas del siglo XXI: otro 12 de Octubre y el despojo permanente","og_description":"A 526 a\u00f1os de la llegada del colonialismo espa\u00f1ol a Am\u00e9rica, se mantiene la violaci\u00f3n de los derechos ind\u00edgenas y la avanzada empresaria-gubernamental.","og_url":"https:\/\/www.pressenza.com\/es\/2018\/10\/carabelas-del-siglo-xxi-otro-12-de-octubre-y-el-despojo-permanente\/","og_site_name":"Pressenza","article_publisher":"https:\/\/www.facebook.com\/PressenzaItalia","article_published_time":"2018-10-13T11:15:26+00:00","og_image":[{"width":1918,"height":1263,"url":"https:\/\/www.pressenza.com\/wp-content\/uploads\/2018\/10\/121018-Reinaldo-Ortega.jpg","type":"image\/jpeg"}],"author":"Dar\u00edo Aranda","twitter_card":"summary_large_image","twitter_creator":"@PressenzaIPA","twitter_site":"@PressenzaIPA","twitter_misc":{"Escrito por":"Dar\u00edo Aranda","Tiempo de lectura":"9 minutos"},"schema":{"@context":"https:\/\/schema.org","@graph":[{"@type":"Article","@id":"https:\/\/www.pressenza.com\/es\/2018\/10\/carabelas-del-siglo-xxi-otro-12-de-octubre-y-el-despojo-permanente\/#article","isPartOf":{"@id":"https:\/\/www.pressenza.com\/es\/2018\/10\/carabelas-del-siglo-xxi-otro-12-de-octubre-y-el-despojo-permanente\/"},"author":{"name":"Dar\u00edo Aranda","@id":"https:\/\/www.pressenza.com\/es\/#\/schema\/person\/0e60cd529ef3ecd836a42735fa83478b"},"headline":"Carabelas del siglo XXI: otro 12 de Octubre y el despojo permanente","datePublished":"2018-10-13T11:15:26+00:00","mainEntityOfPage":{"@id":"https:\/\/www.pressenza.com\/es\/2018\/10\/carabelas-del-siglo-xxi-otro-12-de-octubre-y-el-despojo-permanente\/"},"wordCount":1811,"publisher":{"@id":"https:\/\/www.pressenza.com\/es\/#organization"},"image":{"@id":"https:\/\/www.pressenza.com\/es\/2018\/10\/carabelas-del-siglo-xxi-otro-12-de-octubre-y-el-despojo-permanente\/#primaryimage"},"thumbnailUrl":"https:\/\/www.pressenza.com\/wp-content\/uploads\/2018\/10\/121018-Reinaldo-Ortega.jpg","keywords":["12 de octubre","Argentina","extractivismo","indigenas","industrias extractivas","megaminer\u00eda","Pueblos Originarios","racismo","territorios"],"articleSection":["Opiniones","Pueblos Originarios","Sudam\u00e9rica"],"inLanguage":"es"},{"@type":"WebPage","@id":"https:\/\/www.pressenza.com\/es\/2018\/10\/carabelas-del-siglo-xxi-otro-12-de-octubre-y-el-despojo-permanente\/","url":"https:\/\/www.pressenza.com\/es\/2018\/10\/carabelas-del-siglo-xxi-otro-12-de-octubre-y-el-despojo-permanente\/","name":"Carabelas del siglo XXI: otro 12 de Octubre y el despojo permanente","isPartOf":{"@id":"https:\/\/www.pressenza.com\/es\/#website"},"primaryImageOfPage":{"@id":"https:\/\/www.pressenza.com\/es\/2018\/10\/carabelas-del-siglo-xxi-otro-12-de-octubre-y-el-despojo-permanente\/#primaryimage"},"image":{"@id":"https:\/\/www.pressenza.com\/es\/2018\/10\/carabelas-del-siglo-xxi-otro-12-de-octubre-y-el-despojo-permanente\/#primaryimage"},"thumbnailUrl":"https:\/\/www.pressenza.com\/wp-content\/uploads\/2018\/10\/121018-Reinaldo-Ortega.jpg","datePublished":"2018-10-13T11:15:26+00:00","description":"A 526 a\u00f1os de la llegada del colonialismo espa\u00f1ol a Am\u00e9rica, se mantiene la violaci\u00f3n de los derechos ind\u00edgenas y la avanzada empresaria-gubernamental.","breadcrumb":{"@id":"https:\/\/www.pressenza.com\/es\/2018\/10\/carabelas-del-siglo-xxi-otro-12-de-octubre-y-el-despojo-permanente\/#breadcrumb"},"inLanguage":"es","potentialAction":[{"@type":"ReadAction","target":["https:\/\/www.pressenza.com\/es\/2018\/10\/carabelas-del-siglo-xxi-otro-12-de-octubre-y-el-despojo-permanente\/"]}]},{"@type":"ImageObject","inLanguage":"es","@id":"https:\/\/www.pressenza.com\/es\/2018\/10\/carabelas-del-siglo-xxi-otro-12-de-octubre-y-el-despojo-permanente\/#primaryimage","url":"https:\/\/www.pressenza.com\/wp-content\/uploads\/2018\/10\/121018-Reinaldo-Ortega.jpg","contentUrl":"https:\/\/www.pressenza.com\/wp-content\/uploads\/2018\/10\/121018-Reinaldo-Ortega.jpg","width":1918,"height":1263},{"@type":"BreadcrumbList","@id":"https:\/\/www.pressenza.com\/es\/2018\/10\/carabelas-del-siglo-xxi-otro-12-de-octubre-y-el-despojo-permanente\/#breadcrumb","itemListElement":[{"@type":"ListItem","position":1,"name":"Accueil","item":"https:\/\/www.pressenza.com\/es\/"},{"@type":"ListItem","position":2,"name":"Carabelas del siglo XXI: otro 12 de Octubre y el despojo permanente"}]},{"@type":"WebSite","@id":"https:\/\/www.pressenza.com\/es\/#website","url":"https:\/\/www.pressenza.com\/es\/","name":"Pressenza","description":"International Press Agency","publisher":{"@id":"https:\/\/www.pressenza.com\/es\/#organization"},"potentialAction":[{"@type":"SearchAction","target":{"@type":"EntryPoint","urlTemplate":"https:\/\/www.pressenza.com\/es\/?s={search_term_string}"},"query-input":{"@type":"PropertyValueSpecification","valueRequired":true,"valueName":"search_term_string"}}],"inLanguage":"es"},{"@type":"Organization","@id":"https:\/\/www.pressenza.com\/es\/#organization","name":"Pressenza","url":"https:\/\/www.pressenza.com\/es\/","logo":{"@type":"ImageObject","inLanguage":"es","@id":"https:\/\/www.pressenza.com\/es\/#\/schema\/logo\/image\/","url":"https:\/\/www.pressenza.com\/wp-content\/uploads\/2022\/10\/pressenza_logo_200x200.jpg","contentUrl":"https:\/\/www.pressenza.com\/wp-content\/uploads\/2022\/10\/pressenza_logo_200x200.jpg","width":200,"height":200,"caption":"Pressenza"},"image":{"@id":"https:\/\/www.pressenza.com\/es\/#\/schema\/logo\/image\/"},"sameAs":["https:\/\/www.facebook.com\/PressenzaItalia","https:\/\/x.com\/PressenzaIPA"]},{"@type":"Person","@id":"https:\/\/www.pressenza.com\/es\/#\/schema\/person\/0e60cd529ef3ecd836a42735fa83478b","name":"Dar\u00edo Aranda","description":"Dar\u00edo Aranda (argentino, 1977) es periodista. Especializado en extractivismo (petr\u00f3leo, miner\u00eda, agronegocios y forestales), escribe sobre el acontecer de los pueblos ind\u00edgenas, organizaciones campesinas y asambleas socioambientales. www.darioaranda.com.ar","url":"https:\/\/www.pressenza.com\/es\/author\/dario-aranda\/"}]}},"place":"Ciudad de Buenos Aires, Argentina","original_article_url":"http:\/\/www.laizquierdadiario.com\/Carabelas-del-siglo-XXI-otro-12-de-Octubre-y-el-despojo-permanente","_links":{"self":[{"href":"https:\/\/www.pressenza.com\/es\/wp-json\/wp\/v2\/posts\/737136","targetHints":{"allow":["GET"]}}],"collection":[{"href":"https:\/\/www.pressenza.com\/es\/wp-json\/wp\/v2\/posts"}],"about":[{"href":"https:\/\/www.pressenza.com\/es\/wp-json\/wp\/v2\/types\/post"}],"author":[{"embeddable":true,"href":"https:\/\/www.pressenza.com\/es\/wp-json\/wp\/v2\/users\/1210"}],"replies":[{"embeddable":true,"href":"https:\/\/www.pressenza.com\/es\/wp-json\/wp\/v2\/comments?post=737136"}],"version-history":[{"count":0,"href":"https:\/\/www.pressenza.com\/es\/wp-json\/wp\/v2\/posts\/737136\/revisions"}],"wp:featuredmedia":[{"embeddable":true,"href":"https:\/\/www.pressenza.com\/es\/wp-json\/wp\/v2\/media\/737140"}],"wp:attachment":[{"href":"https:\/\/www.pressenza.com\/es\/wp-json\/wp\/v2\/media?parent=737136"}],"wp:term":[{"taxonomy":"category","embeddable":true,"href":"https:\/\/www.pressenza.com\/es\/wp-json\/wp\/v2\/categories?post=737136"},{"taxonomy":"post_tag","embeddable":true,"href":"https:\/\/www.pressenza.com\/es\/wp-json\/wp\/v2\/tags?post=737136"}],"curies":[{"name":"wp","href":"https:\/\/api.w.org\/{rel}","templated":true}]}}