{"id":736680,"date":"2018-10-12T18:37:02","date_gmt":"2018-10-12T17:37:02","guid":{"rendered":"https:\/\/www.pressenza.com\/?p=736680"},"modified":"2018-10-12T19:02:01","modified_gmt":"2018-10-12T18:02:01","slug":"1000diapresapolitica-desfile-por-las-calles-de-buenos-aires-argentina-por-milagro-sala-libera","status":"publish","type":"post","link":"https:\/\/www.pressenza.com\/es\/2018\/10\/1000diapresapolitica-desfile-por-las-calles-de-buenos-aires-argentina-por-milagro-sala-libera\/","title":{"rendered":"#1000diaspresapolitica: desfile por las calles de Buenos Aires &#8211; Argentina por Milagro Sala libera"},"content":{"rendered":"<p><span style=\"color: #000000; font-family: Calibri;\">Desde el obelisco hasta la Casa Jujuy una multitud compuesta por muchos sindicatos y organizaciones de base, miles de ciudadanos comunes y corrientes han desfilado de una manera colorida y festiva para decir que mil d\u00edas de tortura f\u00edsica y psicol\u00f3gica contra Milagro Sala y los miembros de Tupac Amaru son suficientes y demasiados.<\/span><\/p>\n<p><span style=\"color: #000000; font-family: Calibri;\">Mil d\u00edas sin que los procesos art\u00edsticamente ensamblados contra una forma diferente, social y limpia de gestionar los contratos salieran a la luz, evidencia consistente de que las ganancias que una gesti\u00f3n prudente dedic\u00f3 a las innumerables obras sociales construidas gratuitamente por Tupac Amaru terminaron en otro lugar.<\/span><\/p>\n<p><span style=\"color: #000000; font-family: Calibri;\">Mil d\u00edas de intentos de borrar pol\u00edtica y humanamente a la \u00fanica l\u00edder social seria de la oposici\u00f3n en Jujuy.<\/span><\/p>\n<p><span style=\"color: #000000; font-family: Calibri;\">Contra todo esto, este evento y toda la campa\u00f1a tomaron las calles, internacionalmente, para decir #LiberenAMilagro<\/span><\/p>\n<p><span style=\"color: #000000; font-family: Calibri;\">\u00a0<\/span><\/p>\n<div class=\"post-gallery\">\n\t\t\t<figure class=\"post-gallery-item\">\n\t\t\t\t<img decoding=\"async\" src=\"https:\/\/www.pressenza.com\/wp-content\/uploads\/2018\/10\/IMG_20181011_234649-720x540.jpg\" loading=\"lazy\">\n\t\t\t\t<figcaption>\n\t\t\t\t\t\n\t\t\t\t<\/figcaption>\n\t\t\t<\/figure>\n\t\t\t<figure class=\"post-gallery-item\">\n\t\t\t\t<img decoding=\"async\" src=\"https:\/\/www.pressenza.com\/wp-content\/uploads\/2018\/10\/IMG_20181011_234732-720x405.jpg\" loading=\"lazy\">\n\t\t\t\t<figcaption>\n\t\t\t\t\t\n\t\t\t\t<\/figcaption>\n\t\t\t<\/figure>\n\t\t\t<figure class=\"post-gallery-item\">\n\t\t\t\t<img decoding=\"async\" src=\"https:\/\/www.pressenza.com\/wp-content\/uploads\/2018\/10\/IMG_20181011_234711-720x405.jpg\" loading=\"lazy\">\n\t\t\t\t<figcaption>\n\t\t\t\t\t\n\t\t\t\t<\/figcaption>\n\t\t\t<\/figure>\n\t\t\t<figure class=\"post-gallery-item\">\n\t\t\t\t<img decoding=\"async\" src=\"https:\/\/www.pressenza.com\/wp-content\/uploads\/2018\/10\/IMG_20181011_234700-720x540.jpg\" loading=\"lazy\">\n\t\t\t\t<figcaption>\n\t\t\t\t\t\n\t\t\t\t<\/figcaption>\n\t\t\t<\/figure>\n\t\t\t<figure class=\"post-gallery-item\">\n\t\t\t\t<img decoding=\"async\" src=\"https:\/\/www.pressenza.com\/wp-content\/uploads\/2018\/10\/IMG_20181011_234639-720x540.jpg\" loading=\"lazy\">\n\t\t\t\t<figcaption>\n\t\t\t\t\t\n\t\t\t\t<\/figcaption>\n\t\t\t<\/figure>\n\t\t\t<figure class=\"post-gallery-item\">\n\t\t\t\t<img decoding=\"async\" src=\"https:\/\/www.pressenza.com\/wp-content\/uploads\/2018\/10\/IMG_20181011_234630-720x540.jpg\" loading=\"lazy\">\n\t\t\t\t<figcaption>\n\t\t\t\t\t\n\t\t\t\t<\/figcaption>\n\t\t\t<\/figure>\n\t\t\t<figure class=\"post-gallery-item\">\n\t\t\t\t<img decoding=\"async\" src=\"https:\/\/www.pressenza.com\/wp-content\/uploads\/2018\/10\/IMG_20181011_234514-720x480.jpg\" loading=\"lazy\">\n\t\t\t\t<figcaption>\n\t\t\t\t\t\n\t\t\t\t<\/figcaption>\n\t\t\t<\/figure>\n\t\t\t<figure class=\"post-gallery-item\">\n\t\t\t\t<img decoding=\"async\" src=\"https:\/\/www.pressenza.com\/wp-content\/uploads\/2018\/10\/IMG_20181011_234506-720x540.jpg\" loading=\"lazy\">\n\t\t\t\t<figcaption>\n\t\t\t\t\t\n\t\t\t\t<\/figcaption>\n\t\t\t<\/figure>\n\t\t\t<figure class=\"post-gallery-item\">\n\t\t\t\t<img decoding=\"async\" src=\"https:\/\/www.pressenza.com\/wp-content\/uploads\/2018\/10\/IMG_20181011_234449-720x695.jpg\" loading=\"lazy\">\n\t\t\t\t<figcaption>\n\t\t\t\t\t\n\t\t\t\t<\/figcaption>\n\t\t\t<\/figure><\/div>\n<p><span style=\"color: #000000; font-family: Calibri;\">Las fotos son de Prensa Tupac<\/span><\/p>\n","protected":false},"excerpt":{"rendered":"<p>Desde el obelisco hasta la Casa Jujuy una multitud compuesta por muchos sindicatos y organizaciones de base, miles de ciudadanos comunes y corrientes han desfilado de una manera colorida y festiva para decir que mil d\u00edas de tortura f\u00edsica y&hellip;<\/p>\n","protected":false},"author":594,"featured_media":736609,"comment_status":"closed","ping_status":"closed","sticky":false,"template":"","format":"standard","meta":{"footnotes":""},"categories":[11389,79,5667,39,67],"tags":[50721,27691,26,4094,1266,1096],"class_list":["post-736680","post","type-post","status-publish","format-standard","has-post-thumbnail","hentry","category-contenido-original","category-derechos-humanos","category-foto-reportajes","category-internacional","category-sudamerica","tag-1000diaspresapolitica","tag-liberenamilagro","tag-argentina","tag-buenos-aires","tag-milagro-sala","tag-tupac-amaru"],"yoast_head":"<!-- This site is optimized with the Yoast SEO plugin v27.1.1 - https:\/\/yoast.com\/product\/yoast-seo-wordpress\/ -->\n<title>#1000diaspresapolitica: desfile por las calles de Buenos Aires - Argentina por Milagro Sala libera<\/title>\n<meta name=\"description\" content=\"Desde el obelisco hasta la Casa Jujuy una multitud compuesta por muchos sindicatos y organizaciones de base, miles de ciudadanos comunes y corrientes han\" \/>\n<meta name=\"robots\" content=\"index, follow, max-snippet:-1, max-image-preview:large, max-video-preview:-1\" \/>\n<link rel=\"canonical\" href=\"https:\/\/www.pressenza.com\/es\/2018\/10\/1000diapresapolitica-desfile-por-las-calles-de-buenos-aires-argentina-por-milagro-sala-libera\/\" \/>\n<meta property=\"og:locale\" content=\"es_ES\" \/>\n<meta property=\"og:type\" content=\"article\" \/>\n<meta property=\"og:title\" content=\"#1000diaspresapolitica: desfile por las calles de Buenos Aires - Argentina por Milagro Sala libera\" \/>\n<meta property=\"og:description\" content=\"Desde el obelisco hasta la Casa Jujuy una multitud compuesta por muchos sindicatos y organizaciones de base, miles de ciudadanos comunes y corrientes han\" \/>\n<meta property=\"og:url\" content=\"https:\/\/www.pressenza.com\/es\/2018\/10\/1000diapresapolitica-desfile-por-las-calles-de-buenos-aires-argentina-por-milagro-sala-libera\/\" \/>\n<meta property=\"og:site_name\" content=\"Pressenza\" \/>\n<meta property=\"article:publisher\" content=\"https:\/\/www.facebook.com\/PressenzaItalia\" \/>\n<meta property=\"article:author\" content=\"https:\/\/www.facebook.com\/PressenzaItalia\" \/>\n<meta property=\"article:published_time\" content=\"2018-10-12T17:37:02+00:00\" \/>\n<meta property=\"article:modified_time\" content=\"2018-10-12T18:02:01+00:00\" \/>\n<meta property=\"og:image\" content=\"https:\/\/www.pressenza.com\/wp-content\/uploads\/2018\/10\/IMG_20181011_234649.jpg\" \/>\n\t<meta property=\"og:image:width\" content=\"1024\" \/>\n\t<meta property=\"og:image:height\" content=\"768\" \/>\n\t<meta property=\"og:image:type\" content=\"image\/jpeg\" \/>\n<meta name=\"author\" content=\"Redazione Italia\" \/>\n<meta name=\"twitter:card\" content=\"summary_large_image\" \/>\n<meta name=\"twitter:creator\" content=\"@pressenza_it\" \/>\n<meta name=\"twitter:site\" content=\"@PressenzaIPA\" \/>\n<meta name=\"twitter:label1\" content=\"Escrito por\" \/>\n\t<meta name=\"twitter:data1\" content=\"Redazione Italia\" \/>\n\t<meta name=\"twitter:label2\" content=\"Tiempo de lectura\" \/>\n\t<meta name=\"twitter:data2\" content=\"1 minuto\" \/>\n<script type=\"application\/ld+json\" class=\"yoast-schema-graph\">{\"@context\":\"https:\/\/schema.org\",\"@graph\":[{\"@type\":\"Article\",\"@id\":\"https:\/\/www.pressenza.com\/es\/2018\/10\/1000diapresapolitica-desfile-por-las-calles-de-buenos-aires-argentina-por-milagro-sala-libera\/#article\",\"isPartOf\":{\"@id\":\"https:\/\/www.pressenza.com\/es\/2018\/10\/1000diapresapolitica-desfile-por-las-calles-de-buenos-aires-argentina-por-milagro-sala-libera\/\"},\"author\":{\"name\":\"Redazione Italia\",\"@id\":\"https:\/\/www.pressenza.com\/es\/#\/schema\/person\/d983e81827ae24f2c7b1a2123d197f8d\"},\"headline\":\"#1000diaspresapolitica: desfile por las calles de Buenos Aires &#8211; Argentina por Milagro Sala libera\",\"datePublished\":\"2018-10-12T17:37:02+00:00\",\"dateModified\":\"2018-10-12T18:02:01+00:00\",\"mainEntityOfPage\":{\"@id\":\"https:\/\/www.pressenza.com\/es\/2018\/10\/1000diapresapolitica-desfile-por-las-calles-de-buenos-aires-argentina-por-milagro-sala-libera\/\"},\"wordCount\":176,\"publisher\":{\"@id\":\"https:\/\/www.pressenza.com\/es\/#organization\"},\"image\":{\"@id\":\"https:\/\/www.pressenza.com\/es\/2018\/10\/1000diapresapolitica-desfile-por-las-calles-de-buenos-aires-argentina-por-milagro-sala-libera\/#primaryimage\"},\"thumbnailUrl\":\"https:\/\/www.pressenza.com\/wp-content\/uploads\/2018\/10\/IMG_20181011_234649.jpg\",\"keywords\":[\"#1000diaspresapolitica\",\"#LiberenAMIlagro\",\"Argentina\",\"Buenos Aires\",\"Milagro Sala\",\"Tupac Amaru\"],\"articleSection\":[\"Contenido Original\",\"Derechos Humanos\",\"Fotorreportajes\",\"Internacional\",\"Sudam\u00e9rica\"],\"inLanguage\":\"es\"},{\"@type\":\"WebPage\",\"@id\":\"https:\/\/www.pressenza.com\/es\/2018\/10\/1000diapresapolitica-desfile-por-las-calles-de-buenos-aires-argentina-por-milagro-sala-libera\/\",\"url\":\"https:\/\/www.pressenza.com\/es\/2018\/10\/1000diapresapolitica-desfile-por-las-calles-de-buenos-aires-argentina-por-milagro-sala-libera\/\",\"name\":\"#1000diaspresapolitica: desfile por las calles de Buenos Aires - Argentina por Milagro Sala libera\",\"isPartOf\":{\"@id\":\"https:\/\/www.pressenza.com\/es\/#website\"},\"primaryImageOfPage\":{\"@id\":\"https:\/\/www.pressenza.com\/es\/2018\/10\/1000diapresapolitica-desfile-por-las-calles-de-buenos-aires-argentina-por-milagro-sala-libera\/#primaryimage\"},\"image\":{\"@id\":\"https:\/\/www.pressenza.com\/es\/2018\/10\/1000diapresapolitica-desfile-por-las-calles-de-buenos-aires-argentina-por-milagro-sala-libera\/#primaryimage\"},\"thumbnailUrl\":\"https:\/\/www.pressenza.com\/wp-content\/uploads\/2018\/10\/IMG_20181011_234649.jpg\",\"datePublished\":\"2018-10-12T17:37:02+00:00\",\"dateModified\":\"2018-10-12T18:02:01+00:00\",\"description\":\"Desde el obelisco hasta la Casa Jujuy una multitud compuesta por muchos sindicatos y organizaciones de base, miles de ciudadanos comunes y corrientes han\",\"breadcrumb\":{\"@id\":\"https:\/\/www.pressenza.com\/es\/2018\/10\/1000diapresapolitica-desfile-por-las-calles-de-buenos-aires-argentina-por-milagro-sala-libera\/#breadcrumb\"},\"inLanguage\":\"es\",\"potentialAction\":[{\"@type\":\"ReadAction\",\"target\":[\"https:\/\/www.pressenza.com\/es\/2018\/10\/1000diapresapolitica-desfile-por-las-calles-de-buenos-aires-argentina-por-milagro-sala-libera\/\"]}]},{\"@type\":\"ImageObject\",\"inLanguage\":\"es\",\"@id\":\"https:\/\/www.pressenza.com\/es\/2018\/10\/1000diapresapolitica-desfile-por-las-calles-de-buenos-aires-argentina-por-milagro-sala-libera\/#primaryimage\",\"url\":\"https:\/\/www.pressenza.com\/wp-content\/uploads\/2018\/10\/IMG_20181011_234649.jpg\",\"contentUrl\":\"https:\/\/www.pressenza.com\/wp-content\/uploads\/2018\/10\/IMG_20181011_234649.jpg\",\"width\":1024,\"height\":768},{\"@type\":\"BreadcrumbList\",\"@id\":\"https:\/\/www.pressenza.com\/es\/2018\/10\/1000diapresapolitica-desfile-por-las-calles-de-buenos-aires-argentina-por-milagro-sala-libera\/#breadcrumb\",\"itemListElement\":[{\"@type\":\"ListItem\",\"position\":1,\"name\":\"Accueil\",\"item\":\"https:\/\/www.pressenza.com\/es\/\"},{\"@type\":\"ListItem\",\"position\":2,\"name\":\"#1000diaspresapolitica: desfile por las calles de Buenos Aires &#8211; Argentina por Milagro Sala libera\"}]},{\"@type\":\"WebSite\",\"@id\":\"https:\/\/www.pressenza.com\/es\/#website\",\"url\":\"https:\/\/www.pressenza.com\/es\/\",\"name\":\"Pressenza\",\"description\":\"International Press Agency\",\"publisher\":{\"@id\":\"https:\/\/www.pressenza.com\/es\/#organization\"},\"potentialAction\":[{\"@type\":\"SearchAction\",\"target\":{\"@type\":\"EntryPoint\",\"urlTemplate\":\"https:\/\/www.pressenza.com\/es\/?s={search_term_string}\"},\"query-input\":{\"@type\":\"PropertyValueSpecification\",\"valueRequired\":true,\"valueName\":\"search_term_string\"}}],\"inLanguage\":\"es\"},{\"@type\":\"Organization\",\"@id\":\"https:\/\/www.pressenza.com\/es\/#organization\",\"name\":\"Pressenza\",\"url\":\"https:\/\/www.pressenza.com\/es\/\",\"logo\":{\"@type\":\"ImageObject\",\"inLanguage\":\"es\",\"@id\":\"https:\/\/www.pressenza.com\/es\/#\/schema\/logo\/image\/\",\"url\":\"https:\/\/www.pressenza.com\/wp-content\/uploads\/2022\/10\/pressenza_logo_200x200.jpg\",\"contentUrl\":\"https:\/\/www.pressenza.com\/wp-content\/uploads\/2022\/10\/pressenza_logo_200x200.jpg\",\"width\":200,\"height\":200,\"caption\":\"Pressenza\"},\"image\":{\"@id\":\"https:\/\/www.pressenza.com\/es\/#\/schema\/logo\/image\/\"},\"sameAs\":[\"https:\/\/www.facebook.com\/PressenzaItalia\",\"https:\/\/x.com\/PressenzaIPA\"]},{\"@type\":\"Person\",\"@id\":\"https:\/\/www.pressenza.com\/es\/#\/schema\/person\/d983e81827ae24f2c7b1a2123d197f8d\",\"name\":\"Redazione Italia\",\"description\":\"News from the Pressenza Bureau in Italy\",\"sameAs\":[\"https:\/\/www.pressenza.com\/it\/author\/redazione-italia\/\",\"https:\/\/www.facebook.com\/PressenzaItalia\",\"https:\/\/www.instagram.com\/pressenza_italia\/\",\"https:\/\/x.com\/pressenza_it\",\"https:\/\/www.youtube.com\/channel\/UCSalEIWjE1RSxkwjfftFuqg\"],\"url\":\"https:\/\/www.pressenza.com\/es\/author\/redazione-italia\/\"}]}<\/script>\n<!-- \/ Yoast SEO plugin. -->","yoast_head_json":{"title":"#1000diaspresapolitica: desfile por las calles de Buenos Aires - Argentina por Milagro Sala libera","description":"Desde el obelisco hasta la Casa Jujuy una multitud compuesta por muchos sindicatos y organizaciones de base, miles de ciudadanos comunes y corrientes han","robots":{"index":"index","follow":"follow","max-snippet":"max-snippet:-1","max-image-preview":"max-image-preview:large","max-video-preview":"max-video-preview:-1"},"canonical":"https:\/\/www.pressenza.com\/es\/2018\/10\/1000diapresapolitica-desfile-por-las-calles-de-buenos-aires-argentina-por-milagro-sala-libera\/","og_locale":"es_ES","og_type":"article","og_title":"#1000diaspresapolitica: desfile por las calles de Buenos Aires - Argentina por Milagro Sala libera","og_description":"Desde el obelisco hasta la Casa Jujuy una multitud compuesta por muchos sindicatos y organizaciones de base, miles de ciudadanos comunes y corrientes han","og_url":"https:\/\/www.pressenza.com\/es\/2018\/10\/1000diapresapolitica-desfile-por-las-calles-de-buenos-aires-argentina-por-milagro-sala-libera\/","og_site_name":"Pressenza","article_publisher":"https:\/\/www.facebook.com\/PressenzaItalia","article_author":"https:\/\/www.facebook.com\/PressenzaItalia","article_published_time":"2018-10-12T17:37:02+00:00","article_modified_time":"2018-10-12T18:02:01+00:00","og_image":[{"width":1024,"height":768,"url":"https:\/\/www.pressenza.com\/wp-content\/uploads\/2018\/10\/IMG_20181011_234649.jpg","type":"image\/jpeg"}],"author":"Redazione Italia","twitter_card":"summary_large_image","twitter_creator":"@pressenza_it","twitter_site":"@PressenzaIPA","twitter_misc":{"Escrito por":"Redazione Italia","Tiempo de lectura":"1 minuto"},"schema":{"@context":"https:\/\/schema.org","@graph":[{"@type":"Article","@id":"https:\/\/www.pressenza.com\/es\/2018\/10\/1000diapresapolitica-desfile-por-las-calles-de-buenos-aires-argentina-por-milagro-sala-libera\/#article","isPartOf":{"@id":"https:\/\/www.pressenza.com\/es\/2018\/10\/1000diapresapolitica-desfile-por-las-calles-de-buenos-aires-argentina-por-milagro-sala-libera\/"},"author":{"name":"Redazione Italia","@id":"https:\/\/www.pressenza.com\/es\/#\/schema\/person\/d983e81827ae24f2c7b1a2123d197f8d"},"headline":"#1000diaspresapolitica: desfile por las calles de Buenos Aires &#8211; Argentina por Milagro Sala libera","datePublished":"2018-10-12T17:37:02+00:00","dateModified":"2018-10-12T18:02:01+00:00","mainEntityOfPage":{"@id":"https:\/\/www.pressenza.com\/es\/2018\/10\/1000diapresapolitica-desfile-por-las-calles-de-buenos-aires-argentina-por-milagro-sala-libera\/"},"wordCount":176,"publisher":{"@id":"https:\/\/www.pressenza.com\/es\/#organization"},"image":{"@id":"https:\/\/www.pressenza.com\/es\/2018\/10\/1000diapresapolitica-desfile-por-las-calles-de-buenos-aires-argentina-por-milagro-sala-libera\/#primaryimage"},"thumbnailUrl":"https:\/\/www.pressenza.com\/wp-content\/uploads\/2018\/10\/IMG_20181011_234649.jpg","keywords":["#1000diaspresapolitica","#LiberenAMIlagro","Argentina","Buenos Aires","Milagro Sala","Tupac Amaru"],"articleSection":["Contenido Original","Derechos Humanos","Fotorreportajes","Internacional","Sudam\u00e9rica"],"inLanguage":"es"},{"@type":"WebPage","@id":"https:\/\/www.pressenza.com\/es\/2018\/10\/1000diapresapolitica-desfile-por-las-calles-de-buenos-aires-argentina-por-milagro-sala-libera\/","url":"https:\/\/www.pressenza.com\/es\/2018\/10\/1000diapresapolitica-desfile-por-las-calles-de-buenos-aires-argentina-por-milagro-sala-libera\/","name":"#1000diaspresapolitica: desfile por las calles de Buenos Aires - Argentina por Milagro Sala libera","isPartOf":{"@id":"https:\/\/www.pressenza.com\/es\/#website"},"primaryImageOfPage":{"@id":"https:\/\/www.pressenza.com\/es\/2018\/10\/1000diapresapolitica-desfile-por-las-calles-de-buenos-aires-argentina-por-milagro-sala-libera\/#primaryimage"},"image":{"@id":"https:\/\/www.pressenza.com\/es\/2018\/10\/1000diapresapolitica-desfile-por-las-calles-de-buenos-aires-argentina-por-milagro-sala-libera\/#primaryimage"},"thumbnailUrl":"https:\/\/www.pressenza.com\/wp-content\/uploads\/2018\/10\/IMG_20181011_234649.jpg","datePublished":"2018-10-12T17:37:02+00:00","dateModified":"2018-10-12T18:02:01+00:00","description":"Desde el obelisco hasta la Casa Jujuy una multitud compuesta por muchos sindicatos y organizaciones de base, miles de ciudadanos comunes y corrientes han","breadcrumb":{"@id":"https:\/\/www.pressenza.com\/es\/2018\/10\/1000diapresapolitica-desfile-por-las-calles-de-buenos-aires-argentina-por-milagro-sala-libera\/#breadcrumb"},"inLanguage":"es","potentialAction":[{"@type":"ReadAction","target":["https:\/\/www.pressenza.com\/es\/2018\/10\/1000diapresapolitica-desfile-por-las-calles-de-buenos-aires-argentina-por-milagro-sala-libera\/"]}]},{"@type":"ImageObject","inLanguage":"es","@id":"https:\/\/www.pressenza.com\/es\/2018\/10\/1000diapresapolitica-desfile-por-las-calles-de-buenos-aires-argentina-por-milagro-sala-libera\/#primaryimage","url":"https:\/\/www.pressenza.com\/wp-content\/uploads\/2018\/10\/IMG_20181011_234649.jpg","contentUrl":"https:\/\/www.pressenza.com\/wp-content\/uploads\/2018\/10\/IMG_20181011_234649.jpg","width":1024,"height":768},{"@type":"BreadcrumbList","@id":"https:\/\/www.pressenza.com\/es\/2018\/10\/1000diapresapolitica-desfile-por-las-calles-de-buenos-aires-argentina-por-milagro-sala-libera\/#breadcrumb","itemListElement":[{"@type":"ListItem","position":1,"name":"Accueil","item":"https:\/\/www.pressenza.com\/es\/"},{"@type":"ListItem","position":2,"name":"#1000diaspresapolitica: desfile por las calles de Buenos Aires &#8211; Argentina por Milagro Sala libera"}]},{"@type":"WebSite","@id":"https:\/\/www.pressenza.com\/es\/#website","url":"https:\/\/www.pressenza.com\/es\/","name":"Pressenza","description":"International Press Agency","publisher":{"@id":"https:\/\/www.pressenza.com\/es\/#organization"},"potentialAction":[{"@type":"SearchAction","target":{"@type":"EntryPoint","urlTemplate":"https:\/\/www.pressenza.com\/es\/?s={search_term_string}"},"query-input":{"@type":"PropertyValueSpecification","valueRequired":true,"valueName":"search_term_string"}}],"inLanguage":"es"},{"@type":"Organization","@id":"https:\/\/www.pressenza.com\/es\/#organization","name":"Pressenza","url":"https:\/\/www.pressenza.com\/es\/","logo":{"@type":"ImageObject","inLanguage":"es","@id":"https:\/\/www.pressenza.com\/es\/#\/schema\/logo\/image\/","url":"https:\/\/www.pressenza.com\/wp-content\/uploads\/2022\/10\/pressenza_logo_200x200.jpg","contentUrl":"https:\/\/www.pressenza.com\/wp-content\/uploads\/2022\/10\/pressenza_logo_200x200.jpg","width":200,"height":200,"caption":"Pressenza"},"image":{"@id":"https:\/\/www.pressenza.com\/es\/#\/schema\/logo\/image\/"},"sameAs":["https:\/\/www.facebook.com\/PressenzaItalia","https:\/\/x.com\/PressenzaIPA"]},{"@type":"Person","@id":"https:\/\/www.pressenza.com\/es\/#\/schema\/person\/d983e81827ae24f2c7b1a2123d197f8d","name":"Redazione Italia","description":"News from the Pressenza Bureau in Italy","sameAs":["https:\/\/www.pressenza.com\/it\/author\/redazione-italia\/","https:\/\/www.facebook.com\/PressenzaItalia","https:\/\/www.instagram.com\/pressenza_italia\/","https:\/\/x.com\/pressenza_it","https:\/\/www.youtube.com\/channel\/UCSalEIWjE1RSxkwjfftFuqg"],"url":"https:\/\/www.pressenza.com\/es\/author\/redazione-italia\/"}]}},"place":"Buenos Aires","original_article_url":"","_links":{"self":[{"href":"https:\/\/www.pressenza.com\/es\/wp-json\/wp\/v2\/posts\/736680","targetHints":{"allow":["GET"]}}],"collection":[{"href":"https:\/\/www.pressenza.com\/es\/wp-json\/wp\/v2\/posts"}],"about":[{"href":"https:\/\/www.pressenza.com\/es\/wp-json\/wp\/v2\/types\/post"}],"author":[{"embeddable":true,"href":"https:\/\/www.pressenza.com\/es\/wp-json\/wp\/v2\/users\/594"}],"replies":[{"embeddable":true,"href":"https:\/\/www.pressenza.com\/es\/wp-json\/wp\/v2\/comments?post=736680"}],"version-history":[{"count":0,"href":"https:\/\/www.pressenza.com\/es\/wp-json\/wp\/v2\/posts\/736680\/revisions"}],"wp:featuredmedia":[{"embeddable":true,"href":"https:\/\/www.pressenza.com\/es\/wp-json\/wp\/v2\/media\/736609"}],"wp:attachment":[{"href":"https:\/\/www.pressenza.com\/es\/wp-json\/wp\/v2\/media?parent=736680"}],"wp:term":[{"taxonomy":"category","embeddable":true,"href":"https:\/\/www.pressenza.com\/es\/wp-json\/wp\/v2\/categories?post=736680"},{"taxonomy":"post_tag","embeddable":true,"href":"https:\/\/www.pressenza.com\/es\/wp-json\/wp\/v2\/tags?post=736680"}],"curies":[{"name":"wp","href":"https:\/\/api.w.org\/{rel}","templated":true}]}}