{"id":736338,"date":"2018-10-12T16:34:59","date_gmt":"2018-10-12T15:34:59","guid":{"rendered":"https:\/\/www.pressenza.com\/?p=736338"},"modified":"2018-10-12T16:37:44","modified_gmt":"2018-10-12T15:37:44","slug":"el-mundo-necesita-paz-y-noviolencia-peru-culmino-su-participacion-en-surco-con-ninos-y-adultos-mayores","status":"publish","type":"post","link":"https:\/\/www.pressenza.com\/es\/2018\/10\/el-mundo-necesita-paz-y-noviolencia-peru-culmino-su-participacion-en-surco-con-ninos-y-adultos-mayores\/","title":{"rendered":"\u00a1El mundo necesita paz y noviolencia! Per\u00fa culmina su participaci\u00f3n en Surco, con ni\u00f1os y adultos mayores"},"content":{"rendered":"<p><em>Por: Judith Purizaga y Miguel Lozada.<\/em><\/p>\n<p>La Primera Marcha Sudamericana por la Paz y la No violencia termina su recorrido ma\u00f1ana, 13 de octubre. A su paso se unieron un sinn\u00famero de mujeres y hombres valientes de toda condici\u00f3n y color, que superando los l\u00edmites y condicionamientos que impone este sistema de vida, enarbolaron las banderas de la Paz, la Libertad y la Justicia con un solo mensaje, hoy m\u00e1s que nunca necesario: \u00a1El mundo necesita paz y noviolencia!<\/p>\n<p>En Per\u00fa, la Primera Marcha Sudamericana culmin\u00f3 sus actividades en el distrito lime\u00f1o de Surco, con una emotiva caminata por las voluntarias del programa del Adulto Mayor, acompa\u00f1adas con la banda de la instituci\u00f3n educativa Los Precursores de Surco, as\u00ed como la banda municipal. Fue un encuentro intergeneracional que a su paso, despert\u00f3 la sensibilidad y apoyo de los vecinos.<\/p>\n<p>La municipalidad de Surco, junto a los organizadores de Mundo sin Guerras y Sin violencia (MsG) brindaron una recepci\u00f3n a los marchantes en el Parque de la Amistad, donde se realizaron presentaciones art\u00edsticas del Grupo Maru, Sergio Ram\u00edrez guitarrista de m\u00fasica peruana e internacional y, la presentaci\u00f3n de poes\u00eda de Elba Ramos y Giorgio.<\/p>\n<p>\u201cEst\u00e1 en nosotros cortar esa cadena de odio y violencia, saber perdonar y as\u00ed evitar que la violencia genere m\u00e1s violencia\u201d se\u00f1al\u00f3 el campe\u00f3n nacional de surf Ram Salinas, uni\u00e9ndose al llamado por un mundo de paz, al que instaron adem\u00e1s Camila Zapata, consejera adolescente de Unicef; y la representante de Mundo sin Guerras y sin violencia (MsG) Mariela Lerzundi.<\/p>\n<p>La Primera Marcha Sudamericana por la Paz y No violencia fue promovida por el organismo humanista Mundo sin Guerras y Sin violencia (MsG) sede Per\u00fa. Este impuls\u00f3 un recorrido por los departamentos de Tumbes, Piura, Lambayeque, Lima, Arequipa, Cusco y Tacna; donde los cinco marchantes de diferentes nacionalidades fueron recibidos por organizaciones sociales, instituciones p\u00fablicas y privadas de cada departamento. Esta primera marcha sudamericana se inici\u00f3 el 16 de setiembre en Venezuela y fue bien recibida en diversas ciudades de ese pa\u00eds hermano, adem\u00e1s de Colombia, Ecuador, Per\u00fa, Argentina y Chile; completando su recorrido este 13 de octubre en una de las ciudades m\u00e1s importantes de nuestra regi\u00f3n, Santiago de Chile.<\/p>\n<p>No son tiempos de parar ya que la violencia a\u00fan no se ha desterrado de la sociedad y de la mente del hombre; por eso desde hoy, ya se viene organizando la Segunda Marcha Mundial por la Paz y la Noviolencia, que dar\u00e1 la vuelta al mundo desde el 2 de octubre de 2019 hasta el 8 de marzo del 2020.<\/p>\n<div class=\"post-gallery\">\n\t\t\t<figure class=\"post-gallery-item\">\n\t\t\t\t<img decoding=\"async\" src=\"https:\/\/www.pressenza.com\/wp-content\/uploads\/2018\/10\/mmp2-720x405.jpg\" loading=\"lazy\">\n\t\t\t\t<figcaption>\n\t\t\t\t\t\n\t\t\t\t<\/figcaption>\n\t\t\t<\/figure>\n\t\t\t<figure class=\"post-gallery-item\">\n\t\t\t\t<img decoding=\"async\" src=\"https:\/\/www.pressenza.com\/wp-content\/uploads\/2018\/10\/mmp3-720x405.jpg\" loading=\"lazy\">\n\t\t\t\t<figcaption>\n\t\t\t\t\t\n\t\t\t\t<\/figcaption>\n\t\t\t<\/figure>\n\t\t\t<figure class=\"post-gallery-item\">\n\t\t\t\t<img decoding=\"async\" src=\"https:\/\/www.pressenza.com\/wp-content\/uploads\/2018\/10\/mmp4-720x405.jpg\" loading=\"lazy\">\n\t\t\t\t<figcaption>\n\t\t\t\t\t\n\t\t\t\t<\/figcaption>\n\t\t\t<\/figure>\n\t\t\t<figure class=\"post-gallery-item\">\n\t\t\t\t<img decoding=\"async\" src=\"https:\/\/www.pressenza.com\/wp-content\/uploads\/2018\/10\/mmp5-720x405.jpg\" loading=\"lazy\">\n\t\t\t\t<figcaption>\n\t\t\t\t\t\n\t\t\t\t<\/figcaption>\n\t\t\t<\/figure>\n\t\t\t<figure class=\"post-gallery-item\">\n\t\t\t\t<img decoding=\"async\" src=\"https:\/\/www.pressenza.com\/wp-content\/uploads\/2018\/10\/mmp6-720x405.jpg\" loading=\"lazy\">\n\t\t\t\t<figcaption>\n\t\t\t\t\t\n\t\t\t\t<\/figcaption>\n\t\t\t<\/figure>\n\t\t\t<figure class=\"post-gallery-item\">\n\t\t\t\t<img decoding=\"async\" src=\"https:\/\/www.pressenza.com\/wp-content\/uploads\/2018\/10\/mmp7-720x405.jpg\" loading=\"lazy\">\n\t\t\t\t<figcaption>\n\t\t\t\t\t\n\t\t\t\t<\/figcaption>\n\t\t\t<\/figure>\n\t\t\t<figure class=\"post-gallery-item\">\n\t\t\t\t<img decoding=\"async\" src=\"https:\/\/www.pressenza.com\/wp-content\/uploads\/2018\/10\/mmp8-720x405.jpg\" loading=\"lazy\">\n\t\t\t\t<figcaption>\n\t\t\t\t\t\n\t\t\t\t<\/figcaption>\n\t\t\t<\/figure>\n\t\t\t<figure class=\"post-gallery-item\">\n\t\t\t\t<img decoding=\"async\" src=\"https:\/\/www.pressenza.com\/wp-content\/uploads\/2018\/10\/mmp9-720x405.jpg\" loading=\"lazy\">\n\t\t\t\t<figcaption>\n\t\t\t\t\t\n\t\t\t\t<\/figcaption>\n\t\t\t<\/figure>\n\t\t\t<figure class=\"post-gallery-item\">\n\t\t\t\t<img decoding=\"async\" src=\"https:\/\/www.pressenza.com\/wp-content\/uploads\/2018\/10\/mmp10-720x405.jpg\" loading=\"lazy\">\n\t\t\t\t<figcaption>\n\t\t\t\t\t\n\t\t\t\t<\/figcaption>\n\t\t\t<\/figure>\n\t\t\t<figure class=\"post-gallery-item\">\n\t\t\t\t<img decoding=\"async\" src=\"https:\/\/www.pressenza.com\/wp-content\/uploads\/2018\/10\/mmp11-720x405.jpg\" loading=\"lazy\">\n\t\t\t\t<figcaption>\n\t\t\t\t\t\n\t\t\t\t<\/figcaption>\n\t\t\t<\/figure>\n\t\t\t<figure class=\"post-gallery-item\">\n\t\t\t\t<img decoding=\"async\" src=\"https:\/\/www.pressenza.com\/wp-content\/uploads\/2018\/10\/mmp12-720x405.jpg\" loading=\"lazy\">\n\t\t\t\t<figcaption>\n\t\t\t\t\t\n\t\t\t\t<\/figcaption>\n\t\t\t<\/figure>\n\t\t\t<figure class=\"post-gallery-item\">\n\t\t\t\t<img decoding=\"async\" src=\"https:\/\/www.pressenza.com\/wp-content\/uploads\/2018\/10\/mmp13-720x99.jpg\" loading=\"lazy\">\n\t\t\t\t<figcaption>\n\t\t\t\t\t\n\t\t\t\t<\/figcaption>\n\t\t\t<\/figure><\/div>\n","protected":false},"excerpt":{"rendered":"<p>Por: Judith Purizaga y Miguel Lozada. La Primera Marcha Sudamericana por la Paz y la No violencia termina su recorrido ma\u00f1ana, 13 de octubre. A su paso se unieron un sinn\u00famero de mujeres y hombres valientes de toda condici\u00f3n y&hellip;<\/p>\n","protected":false},"author":831,"featured_media":736447,"comment_status":"closed","ping_status":"closed","sticky":false,"template":"","format":"standard","meta":{"footnotes":""},"categories":[11389,1242,1243,67],"tags":[7207,23974,3087,1560,50316],"class_list":["post-736338","post","type-post","status-publish","format-standard","has-post-thumbnail","hentry","category-contenido-original","category-noviolencia-tema","category-paz-desarme","category-sudamerica","tag-lima","tag-msg","tag-mundo-sin-guerras-y-sin-violencia","tag-peru","tag-primera-marcha-sudamericana-por-la-paz-y-la-noviolencia"],"yoast_head":"<!-- This site is optimized with the Yoast SEO plugin v27.1.1 - https:\/\/yoast.com\/product\/yoast-seo-wordpress\/ -->\n<title>\u00a1El mundo necesita paz y noviolencia! Per\u00fa culmina su participaci\u00f3n en Surco, con ni\u00f1os y adultos mayores<\/title>\n<meta name=\"description\" content=\"Por: Judith Purizaga y Miguel Lozada. La Primera Marcha Sudamericana por la Paz y la No violencia termina su recorrido ma\u00f1ana, 13 de octubre. A su paso se\" \/>\n<meta name=\"robots\" content=\"index, follow, max-snippet:-1, max-image-preview:large, max-video-preview:-1\" \/>\n<link rel=\"canonical\" href=\"https:\/\/www.pressenza.com\/es\/2018\/10\/el-mundo-necesita-paz-y-noviolencia-peru-culmino-su-participacion-en-surco-con-ninos-y-adultos-mayores\/\" \/>\n<meta property=\"og:locale\" content=\"es_ES\" \/>\n<meta property=\"og:type\" content=\"article\" \/>\n<meta property=\"og:title\" content=\"\u00a1El mundo necesita paz y noviolencia! Per\u00fa culmina su participaci\u00f3n en Surco, con ni\u00f1os y adultos mayores\" \/>\n<meta property=\"og:description\" content=\"Por: Judith Purizaga y Miguel Lozada. La Primera Marcha Sudamericana por la Paz y la No violencia termina su recorrido ma\u00f1ana, 13 de octubre. A su paso se\" \/>\n<meta property=\"og:url\" content=\"https:\/\/www.pressenza.com\/es\/2018\/10\/el-mundo-necesita-paz-y-noviolencia-peru-culmino-su-participacion-en-surco-con-ninos-y-adultos-mayores\/\" \/>\n<meta property=\"og:site_name\" content=\"Pressenza\" \/>\n<meta property=\"article:publisher\" content=\"https:\/\/www.facebook.com\/PressenzaItalia\" \/>\n<meta property=\"article:published_time\" content=\"2018-10-12T15:34:59+00:00\" \/>\n<meta property=\"article:modified_time\" content=\"2018-10-12T15:37:44+00:00\" \/>\n<meta property=\"og:image\" content=\"https:\/\/www.pressenza.com\/wp-content\/uploads\/2018\/10\/mmp1.jpg\" \/>\n\t<meta property=\"og:image:width\" content=\"800\" \/>\n\t<meta property=\"og:image:height\" content=\"450\" \/>\n\t<meta property=\"og:image:type\" content=\"image\/jpeg\" \/>\n<meta name=\"author\" content=\"Redacci\u00f3n Per\u00fa\" \/>\n<meta name=\"twitter:card\" content=\"summary_large_image\" \/>\n<meta name=\"twitter:creator\" content=\"@PressenzaIPA\" \/>\n<meta name=\"twitter:site\" content=\"@PressenzaIPA\" \/>\n<meta name=\"twitter:label1\" content=\"Escrito por\" \/>\n\t<meta name=\"twitter:data1\" content=\"Redacci\u00f3n Per\u00fa\" \/>\n\t<meta name=\"twitter:label2\" content=\"Tiempo de lectura\" \/>\n\t<meta name=\"twitter:data2\" content=\"2 minutos\" \/>\n<script type=\"application\/ld+json\" class=\"yoast-schema-graph\">{\"@context\":\"https:\/\/schema.org\",\"@graph\":[{\"@type\":\"Article\",\"@id\":\"https:\/\/www.pressenza.com\/es\/2018\/10\/el-mundo-necesita-paz-y-noviolencia-peru-culmino-su-participacion-en-surco-con-ninos-y-adultos-mayores\/#article\",\"isPartOf\":{\"@id\":\"https:\/\/www.pressenza.com\/es\/2018\/10\/el-mundo-necesita-paz-y-noviolencia-peru-culmino-su-participacion-en-surco-con-ninos-y-adultos-mayores\/\"},\"author\":{\"name\":\"Redacci\u00f3n Per\u00fa\",\"@id\":\"https:\/\/www.pressenza.com\/es\/#\/schema\/person\/e86c29a41185b85084a478822f5de81b\"},\"headline\":\"\u00a1El mundo necesita paz y noviolencia! Per\u00fa culmina su participaci\u00f3n en Surco, con ni\u00f1os y adultos mayores\",\"datePublished\":\"2018-10-12T15:34:59+00:00\",\"dateModified\":\"2018-10-12T15:37:44+00:00\",\"mainEntityOfPage\":{\"@id\":\"https:\/\/www.pressenza.com\/es\/2018\/10\/el-mundo-necesita-paz-y-noviolencia-peru-culmino-su-participacion-en-surco-con-ninos-y-adultos-mayores\/\"},\"wordCount\":469,\"publisher\":{\"@id\":\"https:\/\/www.pressenza.com\/es\/#organization\"},\"image\":{\"@id\":\"https:\/\/www.pressenza.com\/es\/2018\/10\/el-mundo-necesita-paz-y-noviolencia-peru-culmino-su-participacion-en-surco-con-ninos-y-adultos-mayores\/#primaryimage\"},\"thumbnailUrl\":\"https:\/\/www.pressenza.com\/wp-content\/uploads\/2018\/10\/mmp1.jpg\",\"keywords\":[\"Lima\",\"MSG\",\"Mundo sin Guerras y sin Violencia\",\"Per\u00fa\",\"Primera Marcha Sudamericana por la Paz y la Noviolencia\"],\"articleSection\":[\"Contenido Original\",\"Noviolencia\",\"Paz y Desarme\",\"Sudam\u00e9rica\"],\"inLanguage\":\"es\"},{\"@type\":\"WebPage\",\"@id\":\"https:\/\/www.pressenza.com\/es\/2018\/10\/el-mundo-necesita-paz-y-noviolencia-peru-culmino-su-participacion-en-surco-con-ninos-y-adultos-mayores\/\",\"url\":\"https:\/\/www.pressenza.com\/es\/2018\/10\/el-mundo-necesita-paz-y-noviolencia-peru-culmino-su-participacion-en-surco-con-ninos-y-adultos-mayores\/\",\"name\":\"\u00a1El mundo necesita paz y noviolencia! Per\u00fa culmina su participaci\u00f3n en Surco, con ni\u00f1os y adultos mayores\",\"isPartOf\":{\"@id\":\"https:\/\/www.pressenza.com\/es\/#website\"},\"primaryImageOfPage\":{\"@id\":\"https:\/\/www.pressenza.com\/es\/2018\/10\/el-mundo-necesita-paz-y-noviolencia-peru-culmino-su-participacion-en-surco-con-ninos-y-adultos-mayores\/#primaryimage\"},\"image\":{\"@id\":\"https:\/\/www.pressenza.com\/es\/2018\/10\/el-mundo-necesita-paz-y-noviolencia-peru-culmino-su-participacion-en-surco-con-ninos-y-adultos-mayores\/#primaryimage\"},\"thumbnailUrl\":\"https:\/\/www.pressenza.com\/wp-content\/uploads\/2018\/10\/mmp1.jpg\",\"datePublished\":\"2018-10-12T15:34:59+00:00\",\"dateModified\":\"2018-10-12T15:37:44+00:00\",\"description\":\"Por: Judith Purizaga y Miguel Lozada. La Primera Marcha Sudamericana por la Paz y la No violencia termina su recorrido ma\u00f1ana, 13 de octubre. A su paso se\",\"breadcrumb\":{\"@id\":\"https:\/\/www.pressenza.com\/es\/2018\/10\/el-mundo-necesita-paz-y-noviolencia-peru-culmino-su-participacion-en-surco-con-ninos-y-adultos-mayores\/#breadcrumb\"},\"inLanguage\":\"es\",\"potentialAction\":[{\"@type\":\"ReadAction\",\"target\":[\"https:\/\/www.pressenza.com\/es\/2018\/10\/el-mundo-necesita-paz-y-noviolencia-peru-culmino-su-participacion-en-surco-con-ninos-y-adultos-mayores\/\"]}]},{\"@type\":\"ImageObject\",\"inLanguage\":\"es\",\"@id\":\"https:\/\/www.pressenza.com\/es\/2018\/10\/el-mundo-necesita-paz-y-noviolencia-peru-culmino-su-participacion-en-surco-con-ninos-y-adultos-mayores\/#primaryimage\",\"url\":\"https:\/\/www.pressenza.com\/wp-content\/uploads\/2018\/10\/mmp1.jpg\",\"contentUrl\":\"https:\/\/www.pressenza.com\/wp-content\/uploads\/2018\/10\/mmp1.jpg\",\"width\":800,\"height\":450},{\"@type\":\"BreadcrumbList\",\"@id\":\"https:\/\/www.pressenza.com\/es\/2018\/10\/el-mundo-necesita-paz-y-noviolencia-peru-culmino-su-participacion-en-surco-con-ninos-y-adultos-mayores\/#breadcrumb\",\"itemListElement\":[{\"@type\":\"ListItem\",\"position\":1,\"name\":\"Accueil\",\"item\":\"https:\/\/www.pressenza.com\/es\/\"},{\"@type\":\"ListItem\",\"position\":2,\"name\":\"\u00a1El mundo necesita paz y noviolencia! Per\u00fa culmina su participaci\u00f3n en Surco, con ni\u00f1os y adultos mayores\"}]},{\"@type\":\"WebSite\",\"@id\":\"https:\/\/www.pressenza.com\/es\/#website\",\"url\":\"https:\/\/www.pressenza.com\/es\/\",\"name\":\"Pressenza\",\"description\":\"International Press Agency\",\"publisher\":{\"@id\":\"https:\/\/www.pressenza.com\/es\/#organization\"},\"potentialAction\":[{\"@type\":\"SearchAction\",\"target\":{\"@type\":\"EntryPoint\",\"urlTemplate\":\"https:\/\/www.pressenza.com\/es\/?s={search_term_string}\"},\"query-input\":{\"@type\":\"PropertyValueSpecification\",\"valueRequired\":true,\"valueName\":\"search_term_string\"}}],\"inLanguage\":\"es\"},{\"@type\":\"Organization\",\"@id\":\"https:\/\/www.pressenza.com\/es\/#organization\",\"name\":\"Pressenza\",\"url\":\"https:\/\/www.pressenza.com\/es\/\",\"logo\":{\"@type\":\"ImageObject\",\"inLanguage\":\"es\",\"@id\":\"https:\/\/www.pressenza.com\/es\/#\/schema\/logo\/image\/\",\"url\":\"https:\/\/www.pressenza.com\/wp-content\/uploads\/2022\/10\/pressenza_logo_200x200.jpg\",\"contentUrl\":\"https:\/\/www.pressenza.com\/wp-content\/uploads\/2022\/10\/pressenza_logo_200x200.jpg\",\"width\":200,\"height\":200,\"caption\":\"Pressenza\"},\"image\":{\"@id\":\"https:\/\/www.pressenza.com\/es\/#\/schema\/logo\/image\/\"},\"sameAs\":[\"https:\/\/www.facebook.com\/PressenzaItalia\",\"https:\/\/x.com\/PressenzaIPA\"]},{\"@type\":\"Person\",\"@id\":\"https:\/\/www.pressenza.com\/es\/#\/schema\/person\/e86c29a41185b85084a478822f5de81b\",\"name\":\"Redacci\u00f3n Per\u00fa\",\"description\":\"News published by the Pressenza bureau in Peru\",\"url\":\"https:\/\/www.pressenza.com\/es\/author\/redaccion-peru\/\"}]}<\/script>\n<!-- \/ Yoast SEO plugin. -->","yoast_head_json":{"title":"\u00a1El mundo necesita paz y noviolencia! Per\u00fa culmina su participaci\u00f3n en Surco, con ni\u00f1os y adultos mayores","description":"Por: Judith Purizaga y Miguel Lozada. La Primera Marcha Sudamericana por la Paz y la No violencia termina su recorrido ma\u00f1ana, 13 de octubre. A su paso se","robots":{"index":"index","follow":"follow","max-snippet":"max-snippet:-1","max-image-preview":"max-image-preview:large","max-video-preview":"max-video-preview:-1"},"canonical":"https:\/\/www.pressenza.com\/es\/2018\/10\/el-mundo-necesita-paz-y-noviolencia-peru-culmino-su-participacion-en-surco-con-ninos-y-adultos-mayores\/","og_locale":"es_ES","og_type":"article","og_title":"\u00a1El mundo necesita paz y noviolencia! Per\u00fa culmina su participaci\u00f3n en Surco, con ni\u00f1os y adultos mayores","og_description":"Por: Judith Purizaga y Miguel Lozada. La Primera Marcha Sudamericana por la Paz y la No violencia termina su recorrido ma\u00f1ana, 13 de octubre. A su paso se","og_url":"https:\/\/www.pressenza.com\/es\/2018\/10\/el-mundo-necesita-paz-y-noviolencia-peru-culmino-su-participacion-en-surco-con-ninos-y-adultos-mayores\/","og_site_name":"Pressenza","article_publisher":"https:\/\/www.facebook.com\/PressenzaItalia","article_published_time":"2018-10-12T15:34:59+00:00","article_modified_time":"2018-10-12T15:37:44+00:00","og_image":[{"width":800,"height":450,"url":"https:\/\/www.pressenza.com\/wp-content\/uploads\/2018\/10\/mmp1.jpg","type":"image\/jpeg"}],"author":"Redacci\u00f3n Per\u00fa","twitter_card":"summary_large_image","twitter_creator":"@PressenzaIPA","twitter_site":"@PressenzaIPA","twitter_misc":{"Escrito por":"Redacci\u00f3n Per\u00fa","Tiempo de lectura":"2 minutos"},"schema":{"@context":"https:\/\/schema.org","@graph":[{"@type":"Article","@id":"https:\/\/www.pressenza.com\/es\/2018\/10\/el-mundo-necesita-paz-y-noviolencia-peru-culmino-su-participacion-en-surco-con-ninos-y-adultos-mayores\/#article","isPartOf":{"@id":"https:\/\/www.pressenza.com\/es\/2018\/10\/el-mundo-necesita-paz-y-noviolencia-peru-culmino-su-participacion-en-surco-con-ninos-y-adultos-mayores\/"},"author":{"name":"Redacci\u00f3n Per\u00fa","@id":"https:\/\/www.pressenza.com\/es\/#\/schema\/person\/e86c29a41185b85084a478822f5de81b"},"headline":"\u00a1El mundo necesita paz y noviolencia! Per\u00fa culmina su participaci\u00f3n en Surco, con ni\u00f1os y adultos mayores","datePublished":"2018-10-12T15:34:59+00:00","dateModified":"2018-10-12T15:37:44+00:00","mainEntityOfPage":{"@id":"https:\/\/www.pressenza.com\/es\/2018\/10\/el-mundo-necesita-paz-y-noviolencia-peru-culmino-su-participacion-en-surco-con-ninos-y-adultos-mayores\/"},"wordCount":469,"publisher":{"@id":"https:\/\/www.pressenza.com\/es\/#organization"},"image":{"@id":"https:\/\/www.pressenza.com\/es\/2018\/10\/el-mundo-necesita-paz-y-noviolencia-peru-culmino-su-participacion-en-surco-con-ninos-y-adultos-mayores\/#primaryimage"},"thumbnailUrl":"https:\/\/www.pressenza.com\/wp-content\/uploads\/2018\/10\/mmp1.jpg","keywords":["Lima","MSG","Mundo sin Guerras y sin Violencia","Per\u00fa","Primera Marcha Sudamericana por la Paz y la Noviolencia"],"articleSection":["Contenido Original","Noviolencia","Paz y Desarme","Sudam\u00e9rica"],"inLanguage":"es"},{"@type":"WebPage","@id":"https:\/\/www.pressenza.com\/es\/2018\/10\/el-mundo-necesita-paz-y-noviolencia-peru-culmino-su-participacion-en-surco-con-ninos-y-adultos-mayores\/","url":"https:\/\/www.pressenza.com\/es\/2018\/10\/el-mundo-necesita-paz-y-noviolencia-peru-culmino-su-participacion-en-surco-con-ninos-y-adultos-mayores\/","name":"\u00a1El mundo necesita paz y noviolencia! Per\u00fa culmina su participaci\u00f3n en Surco, con ni\u00f1os y adultos mayores","isPartOf":{"@id":"https:\/\/www.pressenza.com\/es\/#website"},"primaryImageOfPage":{"@id":"https:\/\/www.pressenza.com\/es\/2018\/10\/el-mundo-necesita-paz-y-noviolencia-peru-culmino-su-participacion-en-surco-con-ninos-y-adultos-mayores\/#primaryimage"},"image":{"@id":"https:\/\/www.pressenza.com\/es\/2018\/10\/el-mundo-necesita-paz-y-noviolencia-peru-culmino-su-participacion-en-surco-con-ninos-y-adultos-mayores\/#primaryimage"},"thumbnailUrl":"https:\/\/www.pressenza.com\/wp-content\/uploads\/2018\/10\/mmp1.jpg","datePublished":"2018-10-12T15:34:59+00:00","dateModified":"2018-10-12T15:37:44+00:00","description":"Por: Judith Purizaga y Miguel Lozada. La Primera Marcha Sudamericana por la Paz y la No violencia termina su recorrido ma\u00f1ana, 13 de octubre. A su paso se","breadcrumb":{"@id":"https:\/\/www.pressenza.com\/es\/2018\/10\/el-mundo-necesita-paz-y-noviolencia-peru-culmino-su-participacion-en-surco-con-ninos-y-adultos-mayores\/#breadcrumb"},"inLanguage":"es","potentialAction":[{"@type":"ReadAction","target":["https:\/\/www.pressenza.com\/es\/2018\/10\/el-mundo-necesita-paz-y-noviolencia-peru-culmino-su-participacion-en-surco-con-ninos-y-adultos-mayores\/"]}]},{"@type":"ImageObject","inLanguage":"es","@id":"https:\/\/www.pressenza.com\/es\/2018\/10\/el-mundo-necesita-paz-y-noviolencia-peru-culmino-su-participacion-en-surco-con-ninos-y-adultos-mayores\/#primaryimage","url":"https:\/\/www.pressenza.com\/wp-content\/uploads\/2018\/10\/mmp1.jpg","contentUrl":"https:\/\/www.pressenza.com\/wp-content\/uploads\/2018\/10\/mmp1.jpg","width":800,"height":450},{"@type":"BreadcrumbList","@id":"https:\/\/www.pressenza.com\/es\/2018\/10\/el-mundo-necesita-paz-y-noviolencia-peru-culmino-su-participacion-en-surco-con-ninos-y-adultos-mayores\/#breadcrumb","itemListElement":[{"@type":"ListItem","position":1,"name":"Accueil","item":"https:\/\/www.pressenza.com\/es\/"},{"@type":"ListItem","position":2,"name":"\u00a1El mundo necesita paz y noviolencia! Per\u00fa culmina su participaci\u00f3n en Surco, con ni\u00f1os y adultos mayores"}]},{"@type":"WebSite","@id":"https:\/\/www.pressenza.com\/es\/#website","url":"https:\/\/www.pressenza.com\/es\/","name":"Pressenza","description":"International Press Agency","publisher":{"@id":"https:\/\/www.pressenza.com\/es\/#organization"},"potentialAction":[{"@type":"SearchAction","target":{"@type":"EntryPoint","urlTemplate":"https:\/\/www.pressenza.com\/es\/?s={search_term_string}"},"query-input":{"@type":"PropertyValueSpecification","valueRequired":true,"valueName":"search_term_string"}}],"inLanguage":"es"},{"@type":"Organization","@id":"https:\/\/www.pressenza.com\/es\/#organization","name":"Pressenza","url":"https:\/\/www.pressenza.com\/es\/","logo":{"@type":"ImageObject","inLanguage":"es","@id":"https:\/\/www.pressenza.com\/es\/#\/schema\/logo\/image\/","url":"https:\/\/www.pressenza.com\/wp-content\/uploads\/2022\/10\/pressenza_logo_200x200.jpg","contentUrl":"https:\/\/www.pressenza.com\/wp-content\/uploads\/2022\/10\/pressenza_logo_200x200.jpg","width":200,"height":200,"caption":"Pressenza"},"image":{"@id":"https:\/\/www.pressenza.com\/es\/#\/schema\/logo\/image\/"},"sameAs":["https:\/\/www.facebook.com\/PressenzaItalia","https:\/\/x.com\/PressenzaIPA"]},{"@type":"Person","@id":"https:\/\/www.pressenza.com\/es\/#\/schema\/person\/e86c29a41185b85084a478822f5de81b","name":"Redacci\u00f3n Per\u00fa","description":"News published by the Pressenza bureau in Peru","url":"https:\/\/www.pressenza.com\/es\/author\/redaccion-peru\/"}]}},"place":"Lima","original_article_url":"","_links":{"self":[{"href":"https:\/\/www.pressenza.com\/es\/wp-json\/wp\/v2\/posts\/736338","targetHints":{"allow":["GET"]}}],"collection":[{"href":"https:\/\/www.pressenza.com\/es\/wp-json\/wp\/v2\/posts"}],"about":[{"href":"https:\/\/www.pressenza.com\/es\/wp-json\/wp\/v2\/types\/post"}],"author":[{"embeddable":true,"href":"https:\/\/www.pressenza.com\/es\/wp-json\/wp\/v2\/users\/831"}],"replies":[{"embeddable":true,"href":"https:\/\/www.pressenza.com\/es\/wp-json\/wp\/v2\/comments?post=736338"}],"version-history":[{"count":0,"href":"https:\/\/www.pressenza.com\/es\/wp-json\/wp\/v2\/posts\/736338\/revisions"}],"wp:featuredmedia":[{"embeddable":true,"href":"https:\/\/www.pressenza.com\/es\/wp-json\/wp\/v2\/media\/736447"}],"wp:attachment":[{"href":"https:\/\/www.pressenza.com\/es\/wp-json\/wp\/v2\/media?parent=736338"}],"wp:term":[{"taxonomy":"category","embeddable":true,"href":"https:\/\/www.pressenza.com\/es\/wp-json\/wp\/v2\/categories?post=736338"},{"taxonomy":"post_tag","embeddable":true,"href":"https:\/\/www.pressenza.com\/es\/wp-json\/wp\/v2\/tags?post=736338"}],"curies":[{"name":"wp","href":"https:\/\/api.w.org\/{rel}","templated":true}]}}