{"id":735640,"date":"2018-10-11T15:46:59","date_gmt":"2018-10-11T14:46:59","guid":{"rendered":"https:\/\/www.pressenza.com\/?p=735640"},"modified":"2018-12-28T11:38:01","modified_gmt":"2018-12-28T11:38:01","slug":"fui-esclava-sexual-de-isis-cuento-mi-historia-porque-es-la-mejor-arma-que-tengo","status":"publish","type":"post","link":"https:\/\/www.pressenza.com\/es\/2018\/10\/fui-esclava-sexual-de-isis-cuento-mi-historia-porque-es-la-mejor-arma-que-tengo\/","title":{"rendered":"\u00abFui esclava sexual de ISIS. Cuento mi historia porque es la mejor arma que tengo\u00bb"},"content":{"rendered":"<p><em>Por <strong>Nadia Murad\u00a0<\/strong><\/em><\/p>\n<p><strong>La ganadora del premio Nobel de la Paz, Nadia Murad, relata su extraordinaria traves\u00eda, de esclava del Estado Isl\u00e1mico a activista por los derechos humanos.<\/strong><\/p>\n<p>&nbsp;<\/p>\n<p>El mercado de esclavas abr\u00eda por la noche. Pod\u00edamos o\u00edr el bullicio de los combatientes que estaban en la planta de abajo organizando todo, y cuando el primer hombre entr\u00f3 a la habitaci\u00f3n, todas comenzamos a gritar. Fue como una explosi\u00f3n. Grit\u00e1bamos como si estuvi\u00e9ramos heridas, algunas se retorc\u00edan y vomitaban en el suelo, pero nada de eso detuvo a los combatientes.<\/p>\n<p>Comenzaron a pasearse por la habitaci\u00f3n, mir\u00e1ndonos, mientras nosotras grit\u00e1bamos y les ped\u00edamos compasi\u00f3n. Rodeaban a las j\u00f3venes m\u00e1s bonitas y les preguntaban \u00ab\u00bfCu\u00e1ntos a\u00f1os tienes?\u00bb. Les miraban la boca y el pelo. \u00ab\u00bfSon todas v\u00edrgenes, verdad?\u00bb le preguntaron al guardia, que asinti\u00f3 y dijo \u00ab\u00a1Por supuesto!\u00bb, como un comerciante orgulloso de sus productos. Luego los combatientes comenzaron a tocarnos donde les daba la gana, nos pasaban las manos por los pechos y las piernas, como si fu\u00e9ramos animales.<\/p>\n<p>Mientras los combatientes recorr\u00edan la habitaci\u00f3n, revisando a las chicas y haciendo preguntas en \u00e1rabe o en turcomano, todo fue un caos.<\/p>\n<p>\u00ab\u00a1Tranquilas!\u00bb, nos gritaban los combatientes. \u00ab\u00a1Calladas!\u00bb. Pero sus \u00f3rdenes solo nos hac\u00edan gritar a\u00fan m\u00e1s. Si era inevitable que un combatiente me llevase, no se lo pondr\u00eda f\u00e1cil. Grit\u00e9 y aull\u00e9, abofeteando las manos que me tocaban el cuerpo. Otras chicas hac\u00edan lo mismo, enroll\u00e1ndose como si fueran una bola en el suelo, o lanz\u00e1ndose sobre sus hermanas o amigas para intentar protegerlas.<\/p>\n<p>En un momento, un hombre se detuvo frente a nosotras. Era un combatiente de alto rango llamado Salwan, que hab\u00eda venido con otra muchacha, una joven yazid\u00ed de Hardan que pensaba dejar all\u00ed luego de comprar a su reemplazante. \u00abPonte de pie\u00bb, me dijo. Como no le obedec\u00ed, me pate\u00f3. \u00ab\u00a1T\u00fa! \u00a1La chica con la chaqueta rosa! \u00a1Te he dicho que te pongas de pie!\u00bb<\/p>\n<p>Ten\u00eda los ojos hundidos en la carne de su amplio rostro, que parec\u00eda estar casi completamente cubierto por pelo. No parec\u00eda un hombre. Parec\u00eda un monstruo.<\/p>\n<p>Atacar Sinjar [en el norte de Irak] y llevarse chicas para utilizarlas como esclavas sexuales no era la decisi\u00f3n espont\u00e1nea de un soldado codicioso. ISIS lo ten\u00eda todo planeado: c\u00f3mo entrar\u00edan en nuestras casa, qu\u00e9 chicas ten\u00edan m\u00e1s o menos valor, qu\u00e9 combatientes se merec\u00edan tener una sabaya [esclava sexual] como premio y cu\u00e1les deber\u00edan pagar por una. Incluso hablaban de sabayas en su revista propagand\u00edstica, Dabiq, en un intento por atraer nuevos reclutas. Pero ISIS no es tan original como sus miembros piensan.<\/p>\n<p>A lo largo de la historia, siempre se ha utilizado la violaci\u00f3n como un arma de guerra. Nunca pens\u00e9 que yo tendr\u00eda algo en com\u00fan con mujeres de Ruanda (antes de todo esto, ni siquiera sab\u00eda que exist\u00eda un pa\u00eds llamado Ruanda) y ahora me une a ellas la experiencia m\u00e1s horrorosa, el ser v\u00edctima de un crimen de guerra del que es tan dif\u00edcil hablar que hasta 16 a\u00f1os antes de que ISIS llegara a Sinjar no se hab\u00eda condenado a nadie en el mundo por cometerlo.<\/p>\n<p>En la planta de abajo, un hombre apuntaba las transacciones en un libro, escrib\u00eda nuestros nombres y los nombres de los combatientes que nos escog\u00edan. Me puse a pensar en lo que significaba que me llevara Salwan, en lo fuerte que parec\u00eda y lo f\u00e1cil que ser\u00eda para \u00e9l machacarme simplemente con las manos. Sin importar lo que \u00e9l hiciera, y sin importar con cuanta fuerza yo me resistiese, nunca ser\u00eda capaz de defenderme. \u00c9l ten\u00eda olor a huevos podridos y colonia.<\/p>\n<p>Yo miraba al suelo, a los pies y tobillos de los combatientes y las chicas que pasaban a mi lado. En medio de la multitud, vi un par de sandalias de hombre con unos tobillos delgados, casi como de mujer, y antes de pensar en lo que estaba haciendo, me arroj\u00e9 sobre esos pies. Comenc\u00e9 a implorarle: \u00abPor favor, ll\u00e9vame contigo\u00bb, le dije. \u00abHaz lo que quieras, pero no dejes que me lleve este gigante\u00bb. No s\u00e9 por qu\u00e9 el hombre delgado acept\u00f3.<\/p>\n<p>Me mir\u00f3 de arriba a abajo, se gir\u00f3 hacia Salwan y dijo \u00abEs m\u00eda\u00bb. Salwan no discuti\u00f3. El hombre delgado era un juez de Mosul y nadie lo contradec\u00eda. Segu\u00ed al hombre delgado hasta el escritorio. \u00ab\u00bfC\u00f3mo te llamas?\u00bb, me pregunt\u00f3. Hablaba con una voz suave pero desagradable.\u00bbNadia,\u00bb respond\u00ed, y \u00e9l se gir\u00f3 hacia el hombre que llevaba el registro. El hombre pareci\u00f3 reconocer en seguida al combatiente y comenz\u00f3 a apuntar nuestra informaci\u00f3n. Pronunci\u00f3 nuestros nombres en voz alta mientras los escrib\u00eda. \u00abNadia, Hajji Salman\u00bb, y cuando pronunci\u00f3 el nombre de mi captor, me pareci\u00f3 que la voz le temblaba un poco, como si le diera miedo, y entonces me pregunt\u00e9 si no hab\u00eda cometido un grave error.<\/p>\n<p><em>Finalmente, Nadia Murad logr\u00f3 escapar de sus captores del ISIS. Logr\u00f3 salir de Irak y a principios de 2015 lleg\u00f3 como refugiada a Alemania. Ese mismo a\u00f1o comenz\u00f3 su activismo para despertar conciencia sobre la trata de personas.<\/em><\/p>\n<p>En noviembre de 2015, un a\u00f1o y tres meses despu\u00e9s de que el ISIS entrara a mi aldea llamada Kojo, viaj\u00e9 desde Alemania hacia Suiza para hablar en una conferencia de la ONU sobre problemas de las minor\u00edas \u00e9tnicas. Era la primera vez que iba a relatar mi experiencia delante de una audiencia tan grande. Quer\u00eda hablar de todo: de los ni\u00f1os que murieron deshidratados intentando huir del ISIS, de las familias que quedaron perdidas en las monta\u00f1as, de los miles de mujeres y ni\u00f1os que segu\u00edan en cautiverio, de lo que mis hermanos vieron en el lugar de la masacre.<\/p>\n<p>Yo era solo una de los cientos de miles de v\u00edctimas yazid\u00edes. Mi pueblo se dispers\u00f3, muchos viv\u00edan como refugiados dentro y fuera de Irak, y Kojo segu\u00eda ocupado por ISIS. El mundo necesitaba saber muchas cosas de lo que le estaba sucediendo al pueblo yazid\u00ed.<\/p>\n<p>Quer\u00eda decirles que hab\u00eda mucho por hacer. Era necesario establecer una zona segura para las minor\u00edas religiosas en Irak, juzgar a los combatientes de ISIS \u2013desde los l\u00edderes hasta los ciudadanos que hab\u00edan apoyado sus atrocidades\u2013 por genocidio y cr\u00edmenes de lesa humanidad, y era necesario liberar Sinjar. Tendr\u00eda que hablar frente a la audiencia de Hajji Salman y todas las veces que me viol\u00f3 y todo el abuso del que fui testigo. Hablar con sinceridad fue una de las decisiones m\u00e1s dif\u00edciles que tuve que tomar, y tambi\u00e9n la m\u00e1s importante.<\/p>\n<p>Mientras le\u00eda mi discurso, temblaba. Habl\u00e9 lo m\u00e1s calmadamente posible sobre c\u00f3mo tomaron Kojo y se llevaron a las chicas como yo para convertirlas en sabayas. Les habl\u00e9 de c\u00f3mo me hab\u00edan violado y golpeado una y otra vez, y de c\u00f3mo finalmente logr\u00e9 escapar. Les habl\u00e9 de mis hermanos que fueron asesinados. Nunca es f\u00e1cil contar nuestra propia historia. Cada vez que hablas, lo vuelves a vivir. Cuando explico c\u00f3mo me violaban en cada puesto de control, o la sensaci\u00f3n del l\u00e1tigo de Hajji Salman sobre la manta que me cubr\u00eda, o c\u00f3mo se oscurec\u00eda el cielo de Mosul mientras yo buscaba ayuda, revivo esos momentos y el terror que sent\u00ed. Otros yazid\u00edes tambi\u00e9n son arrastrados por estos recuerdos.<\/p>\n<p>Mi historia, contada de forma honesta y directa, es la mejor arma que tengo contra el terrorismo, y pienso seguir utiliz\u00e1ndola hasta que los terroristas sean juzgados. Todav\u00eda queda mucho por hacer. Los l\u00edderes mundiales, y especialmente los l\u00edderes musulmanes, deben ponerse de pie y proteger a los oprimidos.<\/p>\n<p>Di mi discurso. Cuando termin\u00e9 de contar mi historia, segu\u00ed hablando. Les dije que no me hab\u00edan criado para dar discursos. Les dije que todo el pueblo yazid\u00ed quiere que el ISIS sea juzgado por genocidio y que ellos ten\u00edan el poder de ayudar a proteger a las personas vulnerables del mundo entero. Les dije que quer\u00eda mirar a los hombres que me hab\u00edan violado a los ojos y verlos en el banquillo de los acusados. Pero sobre todo, les dije, quiero ser la \u00faltima chica del mundo con una historia como la m\u00eda.<\/p>\n<p><em>Nadia Murad fue secuestrada junto a otras mujeres yazid\u00edes en agosto de 2014 cuando Kojo, su aldea en Sinjar, en el norte de Irak, fue atacada por el Estado Isl\u00e1mico. Atrapada junto a sus hermanas, perdi\u00f3 a seis hermanos y a su madre. En 2018 le dieron el\u00a0\u00a0Premio Nobel de la Paz\u00a0junto al ginec\u00f3logo congol\u00e9s Denis Mukwege. Este es un extracto de su autobiograf\u00eda, Yo ser\u00e9 la \u00faltima: historia de mi cautiverio y mi lucha contra el Estado Isl\u00e1mico, publicada por Virago.<\/em><\/p>\n","protected":false},"excerpt":{"rendered":"<p>Por Nadia Murad\u00a0 La ganadora del premio Nobel de la Paz, Nadia Murad, relata su extraordinaria traves\u00eda, de esclava del Estado Isl\u00e1mico a activista por los derechos humanos. &nbsp; El mercado de esclavas abr\u00eda por la noche. Pod\u00edamos o\u00edr el&hellip;<\/p>\n","protected":false},"author":1170,"featured_media":735641,"comment_status":"closed","ping_status":"closed","sticky":false,"template":"","format":"standard","meta":{"footnotes":""},"categories":[79,155,66,39],"tags":[503,1025,50549,5976,2508,50715],"class_list":["post-735640","post","type-post","status-publish","format-standard","has-post-thumbnail","hentry","category-derechos-humanos","category-entrevistas","category-europa-es","category-internacional","tag-genero","tag-mujeres","tag-nadia-murad","tag-premio-nobel-de-la-paz","tag-trata-de-personas","tag-violenci-de-genero"],"yoast_head":"<!-- This site is optimized with the Yoast SEO plugin v27.1.1 - https:\/\/yoast.com\/product\/yoast-seo-wordpress\/ -->\n<title>&quot;Fui esclava sexual de ISIS. Cuento mi historia porque es la mejor arma que tengo&quot;<\/title>\n<meta name=\"description\" content=\"Por Nadia Murad\u00a0 La ganadora del premio Nobel de la Paz, Nadia Murad, relata su extraordinaria traves\u00eda, de esclava del Estado Isl\u00e1mico a activista por\" \/>\n<meta name=\"robots\" content=\"index, follow, max-snippet:-1, max-image-preview:large, max-video-preview:-1\" \/>\n<link rel=\"canonical\" href=\"https:\/\/www.pressenza.com\/es\/2018\/10\/fui-esclava-sexual-de-isis-cuento-mi-historia-porque-es-la-mejor-arma-que-tengo\/\" \/>\n<meta property=\"og:locale\" content=\"es_ES\" \/>\n<meta property=\"og:type\" content=\"article\" \/>\n<meta property=\"og:title\" content=\"&quot;Fui esclava sexual de ISIS. Cuento mi historia porque es la mejor arma que tengo&quot;\" \/>\n<meta property=\"og:description\" content=\"Por Nadia Murad\u00a0 La ganadora del premio Nobel de la Paz, Nadia Murad, relata su extraordinaria traves\u00eda, de esclava del Estado Isl\u00e1mico a activista por\" \/>\n<meta property=\"og:url\" content=\"https:\/\/www.pressenza.com\/es\/2018\/10\/fui-esclava-sexual-de-isis-cuento-mi-historia-porque-es-la-mejor-arma-que-tengo\/\" \/>\n<meta property=\"og:site_name\" content=\"Pressenza\" \/>\n<meta property=\"article:publisher\" content=\"https:\/\/www.facebook.com\/PressenzaItalia\" \/>\n<meta property=\"article:published_time\" content=\"2018-10-11T14:46:59+00:00\" \/>\n<meta property=\"article:modified_time\" content=\"2018-12-28T11:38:01+00:00\" \/>\n<meta property=\"og:image\" content=\"https:\/\/www.pressenza.com\/wp-content\/uploads\/2018\/10\/nadia-murad-ONU-Brasil.jpg\" \/>\n\t<meta property=\"og:image:width\" content=\"1024\" \/>\n\t<meta property=\"og:image:height\" content=\"729\" \/>\n\t<meta property=\"og:image:type\" content=\"image\/jpeg\" \/>\n<meta name=\"author\" content=\"eldiario.es\" \/>\n<meta name=\"twitter:card\" content=\"summary_large_image\" \/>\n<meta name=\"twitter:creator\" content=\"@PressenzaIPA\" \/>\n<meta name=\"twitter:site\" content=\"@PressenzaIPA\" \/>\n<meta name=\"twitter:label1\" content=\"Escrito por\" \/>\n\t<meta name=\"twitter:data1\" content=\"eldiario.es\" \/>\n\t<meta name=\"twitter:label2\" content=\"Tiempo de lectura\" \/>\n\t<meta name=\"twitter:data2\" content=\"8 minutos\" \/>\n<script type=\"application\/ld+json\" class=\"yoast-schema-graph\">{\"@context\":\"https:\/\/schema.org\",\"@graph\":[{\"@type\":\"Article\",\"@id\":\"https:\/\/www.pressenza.com\/es\/2018\/10\/fui-esclava-sexual-de-isis-cuento-mi-historia-porque-es-la-mejor-arma-que-tengo\/#article\",\"isPartOf\":{\"@id\":\"https:\/\/www.pressenza.com\/es\/2018\/10\/fui-esclava-sexual-de-isis-cuento-mi-historia-porque-es-la-mejor-arma-que-tengo\/\"},\"author\":{\"name\":\"eldiario.es\",\"@id\":\"https:\/\/www.pressenza.com\/es\/#\/schema\/person\/35221cfd7eeca947b184bfc91172e541\"},\"headline\":\"\u00abFui esclava sexual de ISIS. Cuento mi historia porque es la mejor arma que tengo\u00bb\",\"datePublished\":\"2018-10-11T14:46:59+00:00\",\"dateModified\":\"2018-12-28T11:38:01+00:00\",\"mainEntityOfPage\":{\"@id\":\"https:\/\/www.pressenza.com\/es\/2018\/10\/fui-esclava-sexual-de-isis-cuento-mi-historia-porque-es-la-mejor-arma-que-tengo\/\"},\"wordCount\":1563,\"publisher\":{\"@id\":\"https:\/\/www.pressenza.com\/es\/#organization\"},\"image\":{\"@id\":\"https:\/\/www.pressenza.com\/es\/2018\/10\/fui-esclava-sexual-de-isis-cuento-mi-historia-porque-es-la-mejor-arma-que-tengo\/#primaryimage\"},\"thumbnailUrl\":\"https:\/\/www.pressenza.com\/wp-content\/uploads\/2018\/10\/nadia-murad-ONU-Brasil.jpg\",\"keywords\":[\"G\u00e9nero\",\"Mujeres\",\"Nadia Murad\",\"Premio Nobel de la Paz\",\"trata de personas\",\"violenci de g\u00e9nero\"],\"articleSection\":[\"Derechos Humanos\",\"Entrevistas\",\"Europa\",\"Internacional\"],\"inLanguage\":\"es\"},{\"@type\":\"WebPage\",\"@id\":\"https:\/\/www.pressenza.com\/es\/2018\/10\/fui-esclava-sexual-de-isis-cuento-mi-historia-porque-es-la-mejor-arma-que-tengo\/\",\"url\":\"https:\/\/www.pressenza.com\/es\/2018\/10\/fui-esclava-sexual-de-isis-cuento-mi-historia-porque-es-la-mejor-arma-que-tengo\/\",\"name\":\"\\\"Fui esclava sexual de ISIS. Cuento mi historia porque es la mejor arma que tengo\\\"\",\"isPartOf\":{\"@id\":\"https:\/\/www.pressenza.com\/es\/#website\"},\"primaryImageOfPage\":{\"@id\":\"https:\/\/www.pressenza.com\/es\/2018\/10\/fui-esclava-sexual-de-isis-cuento-mi-historia-porque-es-la-mejor-arma-que-tengo\/#primaryimage\"},\"image\":{\"@id\":\"https:\/\/www.pressenza.com\/es\/2018\/10\/fui-esclava-sexual-de-isis-cuento-mi-historia-porque-es-la-mejor-arma-que-tengo\/#primaryimage\"},\"thumbnailUrl\":\"https:\/\/www.pressenza.com\/wp-content\/uploads\/2018\/10\/nadia-murad-ONU-Brasil.jpg\",\"datePublished\":\"2018-10-11T14:46:59+00:00\",\"dateModified\":\"2018-12-28T11:38:01+00:00\",\"description\":\"Por Nadia Murad\u00a0 La ganadora del premio Nobel de la Paz, Nadia Murad, relata su extraordinaria traves\u00eda, de esclava del Estado Isl\u00e1mico a activista por\",\"breadcrumb\":{\"@id\":\"https:\/\/www.pressenza.com\/es\/2018\/10\/fui-esclava-sexual-de-isis-cuento-mi-historia-porque-es-la-mejor-arma-que-tengo\/#breadcrumb\"},\"inLanguage\":\"es\",\"potentialAction\":[{\"@type\":\"ReadAction\",\"target\":[\"https:\/\/www.pressenza.com\/es\/2018\/10\/fui-esclava-sexual-de-isis-cuento-mi-historia-porque-es-la-mejor-arma-que-tengo\/\"]}]},{\"@type\":\"ImageObject\",\"inLanguage\":\"es\",\"@id\":\"https:\/\/www.pressenza.com\/es\/2018\/10\/fui-esclava-sexual-de-isis-cuento-mi-historia-porque-es-la-mejor-arma-que-tengo\/#primaryimage\",\"url\":\"https:\/\/www.pressenza.com\/wp-content\/uploads\/2018\/10\/nadia-murad-ONU-Brasil.jpg\",\"contentUrl\":\"https:\/\/www.pressenza.com\/wp-content\/uploads\/2018\/10\/nadia-murad-ONU-Brasil.jpg\",\"width\":1024,\"height\":729},{\"@type\":\"BreadcrumbList\",\"@id\":\"https:\/\/www.pressenza.com\/es\/2018\/10\/fui-esclava-sexual-de-isis-cuento-mi-historia-porque-es-la-mejor-arma-que-tengo\/#breadcrumb\",\"itemListElement\":[{\"@type\":\"ListItem\",\"position\":1,\"name\":\"Accueil\",\"item\":\"https:\/\/www.pressenza.com\/es\/\"},{\"@type\":\"ListItem\",\"position\":2,\"name\":\"\u00abFui esclava sexual de ISIS. Cuento mi historia porque es la mejor arma que tengo\u00bb\"}]},{\"@type\":\"WebSite\",\"@id\":\"https:\/\/www.pressenza.com\/es\/#website\",\"url\":\"https:\/\/www.pressenza.com\/es\/\",\"name\":\"Pressenza\",\"description\":\"International Press Agency\",\"publisher\":{\"@id\":\"https:\/\/www.pressenza.com\/es\/#organization\"},\"potentialAction\":[{\"@type\":\"SearchAction\",\"target\":{\"@type\":\"EntryPoint\",\"urlTemplate\":\"https:\/\/www.pressenza.com\/es\/?s={search_term_string}\"},\"query-input\":{\"@type\":\"PropertyValueSpecification\",\"valueRequired\":true,\"valueName\":\"search_term_string\"}}],\"inLanguage\":\"es\"},{\"@type\":\"Organization\",\"@id\":\"https:\/\/www.pressenza.com\/es\/#organization\",\"name\":\"Pressenza\",\"url\":\"https:\/\/www.pressenza.com\/es\/\",\"logo\":{\"@type\":\"ImageObject\",\"inLanguage\":\"es\",\"@id\":\"https:\/\/www.pressenza.com\/es\/#\/schema\/logo\/image\/\",\"url\":\"https:\/\/www.pressenza.com\/wp-content\/uploads\/2022\/10\/pressenza_logo_200x200.jpg\",\"contentUrl\":\"https:\/\/www.pressenza.com\/wp-content\/uploads\/2022\/10\/pressenza_logo_200x200.jpg\",\"width\":200,\"height\":200,\"caption\":\"Pressenza\"},\"image\":{\"@id\":\"https:\/\/www.pressenza.com\/es\/#\/schema\/logo\/image\/\"},\"sameAs\":[\"https:\/\/www.facebook.com\/PressenzaItalia\",\"https:\/\/x.com\/PressenzaIPA\"]},{\"@type\":\"Person\",\"@id\":\"https:\/\/www.pressenza.com\/es\/#\/schema\/person\/35221cfd7eeca947b184bfc91172e541\",\"name\":\"eldiario.es\",\"description\":\"eldiario.es is a new digital media with information and analysis focussing on politics and economics in its broadest sense: what affects people more than parties or markets. eldiario.es\",\"url\":\"https:\/\/www.pressenza.com\/es\/author\/eldiario-es\/\"}]}<\/script>\n<!-- \/ Yoast SEO plugin. -->","yoast_head_json":{"title":"\"Fui esclava sexual de ISIS. Cuento mi historia porque es la mejor arma que tengo\"","description":"Por Nadia Murad\u00a0 La ganadora del premio Nobel de la Paz, Nadia Murad, relata su extraordinaria traves\u00eda, de esclava del Estado Isl\u00e1mico a activista por","robots":{"index":"index","follow":"follow","max-snippet":"max-snippet:-1","max-image-preview":"max-image-preview:large","max-video-preview":"max-video-preview:-1"},"canonical":"https:\/\/www.pressenza.com\/es\/2018\/10\/fui-esclava-sexual-de-isis-cuento-mi-historia-porque-es-la-mejor-arma-que-tengo\/","og_locale":"es_ES","og_type":"article","og_title":"\"Fui esclava sexual de ISIS. Cuento mi historia porque es la mejor arma que tengo\"","og_description":"Por Nadia Murad\u00a0 La ganadora del premio Nobel de la Paz, Nadia Murad, relata su extraordinaria traves\u00eda, de esclava del Estado Isl\u00e1mico a activista por","og_url":"https:\/\/www.pressenza.com\/es\/2018\/10\/fui-esclava-sexual-de-isis-cuento-mi-historia-porque-es-la-mejor-arma-que-tengo\/","og_site_name":"Pressenza","article_publisher":"https:\/\/www.facebook.com\/PressenzaItalia","article_published_time":"2018-10-11T14:46:59+00:00","article_modified_time":"2018-12-28T11:38:01+00:00","og_image":[{"width":1024,"height":729,"url":"https:\/\/www.pressenza.com\/wp-content\/uploads\/2018\/10\/nadia-murad-ONU-Brasil.jpg","type":"image\/jpeg"}],"author":"eldiario.es","twitter_card":"summary_large_image","twitter_creator":"@PressenzaIPA","twitter_site":"@PressenzaIPA","twitter_misc":{"Escrito por":"eldiario.es","Tiempo de lectura":"8 minutos"},"schema":{"@context":"https:\/\/schema.org","@graph":[{"@type":"Article","@id":"https:\/\/www.pressenza.com\/es\/2018\/10\/fui-esclava-sexual-de-isis-cuento-mi-historia-porque-es-la-mejor-arma-que-tengo\/#article","isPartOf":{"@id":"https:\/\/www.pressenza.com\/es\/2018\/10\/fui-esclava-sexual-de-isis-cuento-mi-historia-porque-es-la-mejor-arma-que-tengo\/"},"author":{"name":"eldiario.es","@id":"https:\/\/www.pressenza.com\/es\/#\/schema\/person\/35221cfd7eeca947b184bfc91172e541"},"headline":"\u00abFui esclava sexual de ISIS. Cuento mi historia porque es la mejor arma que tengo\u00bb","datePublished":"2018-10-11T14:46:59+00:00","dateModified":"2018-12-28T11:38:01+00:00","mainEntityOfPage":{"@id":"https:\/\/www.pressenza.com\/es\/2018\/10\/fui-esclava-sexual-de-isis-cuento-mi-historia-porque-es-la-mejor-arma-que-tengo\/"},"wordCount":1563,"publisher":{"@id":"https:\/\/www.pressenza.com\/es\/#organization"},"image":{"@id":"https:\/\/www.pressenza.com\/es\/2018\/10\/fui-esclava-sexual-de-isis-cuento-mi-historia-porque-es-la-mejor-arma-que-tengo\/#primaryimage"},"thumbnailUrl":"https:\/\/www.pressenza.com\/wp-content\/uploads\/2018\/10\/nadia-murad-ONU-Brasil.jpg","keywords":["G\u00e9nero","Mujeres","Nadia Murad","Premio Nobel de la Paz","trata de personas","violenci de g\u00e9nero"],"articleSection":["Derechos Humanos","Entrevistas","Europa","Internacional"],"inLanguage":"es"},{"@type":"WebPage","@id":"https:\/\/www.pressenza.com\/es\/2018\/10\/fui-esclava-sexual-de-isis-cuento-mi-historia-porque-es-la-mejor-arma-que-tengo\/","url":"https:\/\/www.pressenza.com\/es\/2018\/10\/fui-esclava-sexual-de-isis-cuento-mi-historia-porque-es-la-mejor-arma-que-tengo\/","name":"\"Fui esclava sexual de ISIS. Cuento mi historia porque es la mejor arma que tengo\"","isPartOf":{"@id":"https:\/\/www.pressenza.com\/es\/#website"},"primaryImageOfPage":{"@id":"https:\/\/www.pressenza.com\/es\/2018\/10\/fui-esclava-sexual-de-isis-cuento-mi-historia-porque-es-la-mejor-arma-que-tengo\/#primaryimage"},"image":{"@id":"https:\/\/www.pressenza.com\/es\/2018\/10\/fui-esclava-sexual-de-isis-cuento-mi-historia-porque-es-la-mejor-arma-que-tengo\/#primaryimage"},"thumbnailUrl":"https:\/\/www.pressenza.com\/wp-content\/uploads\/2018\/10\/nadia-murad-ONU-Brasil.jpg","datePublished":"2018-10-11T14:46:59+00:00","dateModified":"2018-12-28T11:38:01+00:00","description":"Por Nadia Murad\u00a0 La ganadora del premio Nobel de la Paz, Nadia Murad, relata su extraordinaria traves\u00eda, de esclava del Estado Isl\u00e1mico a activista por","breadcrumb":{"@id":"https:\/\/www.pressenza.com\/es\/2018\/10\/fui-esclava-sexual-de-isis-cuento-mi-historia-porque-es-la-mejor-arma-que-tengo\/#breadcrumb"},"inLanguage":"es","potentialAction":[{"@type":"ReadAction","target":["https:\/\/www.pressenza.com\/es\/2018\/10\/fui-esclava-sexual-de-isis-cuento-mi-historia-porque-es-la-mejor-arma-que-tengo\/"]}]},{"@type":"ImageObject","inLanguage":"es","@id":"https:\/\/www.pressenza.com\/es\/2018\/10\/fui-esclava-sexual-de-isis-cuento-mi-historia-porque-es-la-mejor-arma-que-tengo\/#primaryimage","url":"https:\/\/www.pressenza.com\/wp-content\/uploads\/2018\/10\/nadia-murad-ONU-Brasil.jpg","contentUrl":"https:\/\/www.pressenza.com\/wp-content\/uploads\/2018\/10\/nadia-murad-ONU-Brasil.jpg","width":1024,"height":729},{"@type":"BreadcrumbList","@id":"https:\/\/www.pressenza.com\/es\/2018\/10\/fui-esclava-sexual-de-isis-cuento-mi-historia-porque-es-la-mejor-arma-que-tengo\/#breadcrumb","itemListElement":[{"@type":"ListItem","position":1,"name":"Accueil","item":"https:\/\/www.pressenza.com\/es\/"},{"@type":"ListItem","position":2,"name":"\u00abFui esclava sexual de ISIS. Cuento mi historia porque es la mejor arma que tengo\u00bb"}]},{"@type":"WebSite","@id":"https:\/\/www.pressenza.com\/es\/#website","url":"https:\/\/www.pressenza.com\/es\/","name":"Pressenza","description":"International Press Agency","publisher":{"@id":"https:\/\/www.pressenza.com\/es\/#organization"},"potentialAction":[{"@type":"SearchAction","target":{"@type":"EntryPoint","urlTemplate":"https:\/\/www.pressenza.com\/es\/?s={search_term_string}"},"query-input":{"@type":"PropertyValueSpecification","valueRequired":true,"valueName":"search_term_string"}}],"inLanguage":"es"},{"@type":"Organization","@id":"https:\/\/www.pressenza.com\/es\/#organization","name":"Pressenza","url":"https:\/\/www.pressenza.com\/es\/","logo":{"@type":"ImageObject","inLanguage":"es","@id":"https:\/\/www.pressenza.com\/es\/#\/schema\/logo\/image\/","url":"https:\/\/www.pressenza.com\/wp-content\/uploads\/2022\/10\/pressenza_logo_200x200.jpg","contentUrl":"https:\/\/www.pressenza.com\/wp-content\/uploads\/2022\/10\/pressenza_logo_200x200.jpg","width":200,"height":200,"caption":"Pressenza"},"image":{"@id":"https:\/\/www.pressenza.com\/es\/#\/schema\/logo\/image\/"},"sameAs":["https:\/\/www.facebook.com\/PressenzaItalia","https:\/\/x.com\/PressenzaIPA"]},{"@type":"Person","@id":"https:\/\/www.pressenza.com\/es\/#\/schema\/person\/35221cfd7eeca947b184bfc91172e541","name":"eldiario.es","description":"eldiario.es is a new digital media with information and analysis focussing on politics and economics in its broadest sense: what affects people more than parties or markets. eldiario.es","url":"https:\/\/www.pressenza.com\/es\/author\/eldiario-es\/"}]}},"place":"Madrid, Espa\u00f1a","original_article_url":"https:\/\/www.eldiario.es\/theguardian\/esclava-sexual-ISIS-Cuento-historia_0_823468105.html","_links":{"self":[{"href":"https:\/\/www.pressenza.com\/es\/wp-json\/wp\/v2\/posts\/735640","targetHints":{"allow":["GET"]}}],"collection":[{"href":"https:\/\/www.pressenza.com\/es\/wp-json\/wp\/v2\/posts"}],"about":[{"href":"https:\/\/www.pressenza.com\/es\/wp-json\/wp\/v2\/types\/post"}],"author":[{"embeddable":true,"href":"https:\/\/www.pressenza.com\/es\/wp-json\/wp\/v2\/users\/1170"}],"replies":[{"embeddable":true,"href":"https:\/\/www.pressenza.com\/es\/wp-json\/wp\/v2\/comments?post=735640"}],"version-history":[{"count":0,"href":"https:\/\/www.pressenza.com\/es\/wp-json\/wp\/v2\/posts\/735640\/revisions"}],"wp:featuredmedia":[{"embeddable":true,"href":"https:\/\/www.pressenza.com\/es\/wp-json\/wp\/v2\/media\/735641"}],"wp:attachment":[{"href":"https:\/\/www.pressenza.com\/es\/wp-json\/wp\/v2\/media?parent=735640"}],"wp:term":[{"taxonomy":"category","embeddable":true,"href":"https:\/\/www.pressenza.com\/es\/wp-json\/wp\/v2\/categories?post=735640"},{"taxonomy":"post_tag","embeddable":true,"href":"https:\/\/www.pressenza.com\/es\/wp-json\/wp\/v2\/tags?post=735640"}],"curies":[{"name":"wp","href":"https:\/\/api.w.org\/{rel}","templated":true}]}}