{"id":733848,"date":"2018-10-07T20:34:51","date_gmt":"2018-10-07T19:34:51","guid":{"rendered":"https:\/\/www.pressenza.com\/?p=733848"},"modified":"2018-10-07T20:34:51","modified_gmt":"2018-10-07T19:34:51","slug":"la-dimension-regional-de-las-elecciones","status":"publish","type":"post","link":"https:\/\/www.pressenza.com\/es\/2018\/10\/la-dimension-regional-de-las-elecciones\/","title":{"rendered":"La dimensi\u00f3n regional de las elecciones"},"content":{"rendered":"<p>Por Pedro Brieger, director de NODAL *<\/p>\n<p>Las elecciones presidenciales en Brasil cobran una nueva dimensi\u00f3n regional por el reciente triunfo de Andr\u00e9s Manuel L\u00f3pez Obrador en M\u00e9xico, quien asumir\u00e1 la presidencia el pr\u00f3ximo 1\u00b0 de diciembre.<\/p>\n<p>Un triunfo de Fernando Haddad, del PT (Partido de los Trabajadores), modificar\u00eda nuevamente la relaci\u00f3n de fuerzas entre la corriente progresista y la liberal-conservadora en Am\u00e9rica Latina por la importancia que tienen estos dos pa\u00edses, que junto a la Argentina son hist\u00f3ricamente los m\u00e1s poderosos de la regi\u00f3n.<\/p>\n<p>El d\u00eda que destituyeron a Dilma Rousseff amplios sectores pol\u00edticos y medi\u00e1ticos se apresuraron a sentenciar que el \u201cpopulismo\u201d en sus m\u00faltiples variantes estaba en retirada y que esto anticipaba tambi\u00e9n la pr\u00f3xima y cercana ca\u00edda de Nicol\u00e1s Maduro en Venezuela. El presidente de la Argentina, Mauricio Macri, electo diez meses antes, no s\u00f3lo no critic\u00f3 la destituci\u00f3n de Rousseff sino que fue el primero en reconocer el gobierno de Michel Temer.<\/p>\n<p>Desde los medios de comunicaci\u00f3n m\u00e1s poderosos e influyentes se alentaba una nueva reconfiguraci\u00f3n regional con eje en los dos pa\u00edses m\u00e1s poderosos de Am\u00e9rica del Sur y algunos incluso so\u00f1aron con Macri jugando un importante rol de liderazgo regional. En su momento se\u00f1al\u00e1bamos que no alcanzaba con haber ganado las elecciones en la Argentina para convertirse en l\u00edder regional y que el camino para Macri ser\u00eda largo y deb\u00eda demostrar algo m\u00e1s que un triunfo electoral. El eje de derecha Argentina-Brasil, sin lugar a dudas, ofrece una reconfiguraci\u00f3n regional pero m\u00e1s simb\u00f3lica que real, porque las derechas latinoamericanas carecen de un proyecto regional por su propia historia de dependencia de las pol\u00edticas de los Estados Unidos. Fuera de estos dos pa\u00edses, algunos pensaron que Pedro Pablo Kuczynski podr\u00eda ejercer dicho liderazgo por su trayectoria en diversos organismos internacionales, pero su mandato dur\u00f3 menos de dos a\u00f1os.<\/p>\n<p>Fruto de una visi\u00f3n simplista, muchos comunicadores se apresuraron a enterrar al progresismo sin tomar en cuenta dos factores fundamentales. En primer lugar, que ninguna de las corrientes progresistas sufri\u00f3 una derrota hist\u00f3rica que los marginara de la pol\u00edtica por a\u00f1os, tal cual suced\u00eda en el siglo pasado cuando los golpes de Estado no solamente destitu\u00edan presidentes sino que tambi\u00e9n cerraban los parlamentos, prohib\u00edan partidos y sindicatos, y atestaban derrotas hist\u00f3ricas a los movimientos populares por -al menos- una generaci\u00f3n.<\/p>\n<p>En segundo lugar, las derechas latinoamericanas en sus m\u00faltiples variantes no tienen nada nuevo que ofrecer m\u00e1s que las recetas liberales o neoliberales. Ninguno de los gobiernos de derecha puede mostrar un rosario de \u00e9xitos ni el famoso crecimiento que \u201cderrame\u201d para las mayor\u00edas. Basta mirar los legados de \u00c1lvaro Uribe y Juan Manuel Santos en Colombia o Felipe Calder\u00f3n y Enrique Pe\u00f1a Nieto en M\u00e9xico y se ver\u00e1 que -adem\u00e1s de los altos \u00edndices de pobreza- el narcotr\u00e1fico est\u00e1 enquistado hasta la m\u00e9dula. Michel Temer, quien quer\u00eda presentarse como candidato a las elecciones, tiene un \u00edndice de popularidad tan bajo que tuvo que renunciar a su sue\u00f1o de ser elegido presidente y ni siquiera inscribi\u00f3 su candidatura. Mauricio Macri, que aparec\u00eda como una derecha \u201crenovada\u201d, en sus primeros tres a\u00f1os de gobierno no puede presentarse como un nuevo paradigma a ser imitado con sus pol\u00edticas de ajuste o su reconocimiento expl\u00edcito de que la pobreza crecer\u00e1 en la Argentina.<\/p>\n<p>Por esta raz\u00f3n, las elecciones en M\u00e9xico son tan significativas y modifican el panorama regional. Al frente de una configuraci\u00f3n de fuerzas progresistas y despu\u00e9s de dos intentos fallidos, L\u00f3pez Obrador triunf\u00f3 de manera contundente, tan contundente que sorprendi\u00f3 a propios y ajenos. M\u00e9xico es uno de los pa\u00edses econ\u00f3micamente m\u00e1s poderosos de Am\u00e9rica Latina a pesar de sus altos \u00edndices de pobreza. Junto a la Argentina y Brasil forma parte del G20 y es uno de los principales productores de petr\u00f3leo del mundo.<\/p>\n<p>Si bien es cierto que M\u00e9xico suele mirar m\u00e1s hacia el Norte que hacia el Sur, la existencia de una corriente progresista -que se fortalecer\u00eda nuevamente en caso de un triunfo del PT- puede ser motivo de acercamiento con el \u201cSur\u201d para reconstruir los organismos regionales que los gobiernos de derecha est\u00e1n tratando de destruir en sinton\u00eda con los intereses de Washington. Es as\u00ed que el Mercosur, Unasur o la Celac est\u00e1n virtualmente paralizados, pero no han sido destruidos. El caso de Unasur es emblem\u00e1tico: Brasil fue uno de sus impulsores y hoy el gobierno de Temer junto a Macri en la Argentina, Iv\u00e1n Duque en Colombia, Mart\u00edn Vizcarra en Per\u00fa, Mario Abdo en Paraguay y Sebasti\u00e1n Pi\u00f1era en Chile han suspendido su participaci\u00f3n. Pero la Unasur existe, y un triunfo del PT en Brasil seguramente le insuflar\u00eda nuevos aires a la espera tambi\u00e9n de una cambio de gobierno en la Argentina en 2019 para reconstruir lo que la derecha se empe\u00f1a en destruir.<\/p>\n<p>En este sentido, estas elecciones tienen un car\u00e1cter continental que rebasa la pol\u00edtica interna brasile\u00f1a. En caso de triunfar Jair Bolsonaro se avecina lo imprevisible y un escenario dif\u00edcil de imaginar. Un triunfo del PT, en sinton\u00eda con el gobierno de L\u00f3pez Obrador, le dar\u00eda nuevos br\u00edos a la corriente progresista. En estas elecciones no s\u00f3lo est\u00e1 en juego qui\u00e9n presidir\u00e1 Brasil, sino tambi\u00e9n para d\u00f3nde se inclinar\u00e1 el fiel de la balanza en esta Am\u00e9rica Latina en disputa.<\/p>\n","protected":false},"excerpt":{"rendered":"<p>Por Pedro Brieger, director de NODAL * Las elecciones presidenciales en Brasil cobran una nueva dimensi\u00f3n regional por el reciente triunfo de Andr\u00e9s Manuel L\u00f3pez Obrador en M\u00e9xico, quien asumir\u00e1 la presidencia el pr\u00f3ximo 1\u00b0 de diciembre. Un triunfo de&hellip;<\/p>\n","protected":false},"author":1075,"featured_media":733849,"comment_status":"closed","ping_status":"closed","sticky":false,"template":"","format":"standard","meta":{"footnotes":""},"categories":[161,74,67],"tags":[42960,25028,49880,10771],"class_list":["post-733848","post","type-post","status-publish","format-standard","has-post-thumbnail","hentry","category-opiniones","category-politica-es","category-sudamerica","tag-amlo","tag-bolsonaro","tag-elecciones-brasil","tag-haddad"],"yoast_head":"<!-- This site is optimized with the Yoast SEO plugin v27.1.1 - https:\/\/yoast.com\/product\/yoast-seo-wordpress\/ -->\n<title>La dimensi\u00f3n regional de las elecciones<\/title>\n<meta name=\"description\" content=\"Por Pedro Brieger, director de NODAL * Las elecciones presidenciales en Brasil cobran una nueva dimensi\u00f3n regional por el reciente triunfo de Andr\u00e9s\" \/>\n<meta name=\"robots\" content=\"index, follow, max-snippet:-1, max-image-preview:large, max-video-preview:-1\" \/>\n<link rel=\"canonical\" href=\"https:\/\/www.pressenza.com\/es\/2018\/10\/la-dimension-regional-de-las-elecciones\/\" \/>\n<meta property=\"og:locale\" content=\"es_ES\" \/>\n<meta property=\"og:type\" content=\"article\" \/>\n<meta property=\"og:title\" content=\"La dimensi\u00f3n regional de las elecciones\" \/>\n<meta property=\"og:description\" content=\"Por Pedro Brieger, director de NODAL * Las elecciones presidenciales en Brasil cobran una nueva dimensi\u00f3n regional por el reciente triunfo de Andr\u00e9s\" \/>\n<meta property=\"og:url\" content=\"https:\/\/www.pressenza.com\/es\/2018\/10\/la-dimension-regional-de-las-elecciones\/\" \/>\n<meta property=\"og:site_name\" content=\"Pressenza\" \/>\n<meta property=\"article:publisher\" content=\"https:\/\/www.facebook.com\/PressenzaItalia\" \/>\n<meta property=\"article:author\" content=\"https:\/\/www.facebook.com\/pages\/NODAL\/504497112975235\" \/>\n<meta property=\"article:published_time\" content=\"2018-10-07T19:34:51+00:00\" \/>\n<meta property=\"og:image\" content=\"https:\/\/www.pressenza.com\/wp-content\/uploads\/2018\/10\/elecciones-brasil-1920.jpg\" \/>\n\t<meta property=\"og:image:width\" content=\"600\" \/>\n\t<meta property=\"og:image:height\" content=\"337\" \/>\n\t<meta property=\"og:image:type\" content=\"image\/jpeg\" \/>\n<meta name=\"author\" content=\"Noticias de Am\u00e9rica Latina y el Caribe\" \/>\n<meta name=\"twitter:card\" content=\"summary_large_image\" \/>\n<meta name=\"twitter:creator\" content=\"@infoNodal\" \/>\n<meta name=\"twitter:site\" content=\"@PressenzaIPA\" \/>\n<meta name=\"twitter:label1\" content=\"Escrito por\" \/>\n\t<meta name=\"twitter:data1\" content=\"Noticias de Am\u00e9rica Latina y el Caribe\" \/>\n\t<meta name=\"twitter:label2\" content=\"Tiempo de lectura\" \/>\n\t<meta name=\"twitter:data2\" content=\"5 minutos\" \/>\n<script type=\"application\/ld+json\" class=\"yoast-schema-graph\">{\"@context\":\"https:\/\/schema.org\",\"@graph\":[{\"@type\":\"Article\",\"@id\":\"https:\/\/www.pressenza.com\/es\/2018\/10\/la-dimension-regional-de-las-elecciones\/#article\",\"isPartOf\":{\"@id\":\"https:\/\/www.pressenza.com\/es\/2018\/10\/la-dimension-regional-de-las-elecciones\/\"},\"author\":{\"name\":\"Noticias de Am\u00e9rica Latina y el Caribe\",\"@id\":\"https:\/\/www.pressenza.com\/es\/#\/schema\/person\/2589ceb48064b9d4249652e5d275a2ec\"},\"headline\":\"La dimensi\u00f3n regional de las elecciones\",\"datePublished\":\"2018-10-07T19:34:51+00:00\",\"mainEntityOfPage\":{\"@id\":\"https:\/\/www.pressenza.com\/es\/2018\/10\/la-dimension-regional-de-las-elecciones\/\"},\"wordCount\":981,\"publisher\":{\"@id\":\"https:\/\/www.pressenza.com\/es\/#organization\"},\"image\":{\"@id\":\"https:\/\/www.pressenza.com\/es\/2018\/10\/la-dimension-regional-de-las-elecciones\/#primaryimage\"},\"thumbnailUrl\":\"https:\/\/www.pressenza.com\/wp-content\/uploads\/2018\/10\/elecciones-brasil-1920.jpg\",\"keywords\":[\"AMLO\",\"bolsonaro\",\"Elecciones Brasil\",\"haddad\"],\"articleSection\":[\"Opiniones\",\"Pol\u00edtica\",\"Sudam\u00e9rica\"],\"inLanguage\":\"es\"},{\"@type\":\"WebPage\",\"@id\":\"https:\/\/www.pressenza.com\/es\/2018\/10\/la-dimension-regional-de-las-elecciones\/\",\"url\":\"https:\/\/www.pressenza.com\/es\/2018\/10\/la-dimension-regional-de-las-elecciones\/\",\"name\":\"La dimensi\u00f3n regional de las elecciones\",\"isPartOf\":{\"@id\":\"https:\/\/www.pressenza.com\/es\/#website\"},\"primaryImageOfPage\":{\"@id\":\"https:\/\/www.pressenza.com\/es\/2018\/10\/la-dimension-regional-de-las-elecciones\/#primaryimage\"},\"image\":{\"@id\":\"https:\/\/www.pressenza.com\/es\/2018\/10\/la-dimension-regional-de-las-elecciones\/#primaryimage\"},\"thumbnailUrl\":\"https:\/\/www.pressenza.com\/wp-content\/uploads\/2018\/10\/elecciones-brasil-1920.jpg\",\"datePublished\":\"2018-10-07T19:34:51+00:00\",\"description\":\"Por Pedro Brieger, director de NODAL * Las elecciones presidenciales en Brasil cobran una nueva dimensi\u00f3n regional por el reciente triunfo de Andr\u00e9s\",\"breadcrumb\":{\"@id\":\"https:\/\/www.pressenza.com\/es\/2018\/10\/la-dimension-regional-de-las-elecciones\/#breadcrumb\"},\"inLanguage\":\"es\",\"potentialAction\":[{\"@type\":\"ReadAction\",\"target\":[\"https:\/\/www.pressenza.com\/es\/2018\/10\/la-dimension-regional-de-las-elecciones\/\"]}]},{\"@type\":\"ImageObject\",\"inLanguage\":\"es\",\"@id\":\"https:\/\/www.pressenza.com\/es\/2018\/10\/la-dimension-regional-de-las-elecciones\/#primaryimage\",\"url\":\"https:\/\/www.pressenza.com\/wp-content\/uploads\/2018\/10\/elecciones-brasil-1920.jpg\",\"contentUrl\":\"https:\/\/www.pressenza.com\/wp-content\/uploads\/2018\/10\/elecciones-brasil-1920.jpg\",\"width\":600,\"height\":337},{\"@type\":\"BreadcrumbList\",\"@id\":\"https:\/\/www.pressenza.com\/es\/2018\/10\/la-dimension-regional-de-las-elecciones\/#breadcrumb\",\"itemListElement\":[{\"@type\":\"ListItem\",\"position\":1,\"name\":\"Accueil\",\"item\":\"https:\/\/www.pressenza.com\/es\/\"},{\"@type\":\"ListItem\",\"position\":2,\"name\":\"La dimensi\u00f3n regional de las elecciones\"}]},{\"@type\":\"WebSite\",\"@id\":\"https:\/\/www.pressenza.com\/es\/#website\",\"url\":\"https:\/\/www.pressenza.com\/es\/\",\"name\":\"Pressenza\",\"description\":\"International Press Agency\",\"publisher\":{\"@id\":\"https:\/\/www.pressenza.com\/es\/#organization\"},\"potentialAction\":[{\"@type\":\"SearchAction\",\"target\":{\"@type\":\"EntryPoint\",\"urlTemplate\":\"https:\/\/www.pressenza.com\/es\/?s={search_term_string}\"},\"query-input\":{\"@type\":\"PropertyValueSpecification\",\"valueRequired\":true,\"valueName\":\"search_term_string\"}}],\"inLanguage\":\"es\"},{\"@type\":\"Organization\",\"@id\":\"https:\/\/www.pressenza.com\/es\/#organization\",\"name\":\"Pressenza\",\"url\":\"https:\/\/www.pressenza.com\/es\/\",\"logo\":{\"@type\":\"ImageObject\",\"inLanguage\":\"es\",\"@id\":\"https:\/\/www.pressenza.com\/es\/#\/schema\/logo\/image\/\",\"url\":\"https:\/\/www.pressenza.com\/wp-content\/uploads\/2022\/10\/pressenza_logo_200x200.jpg\",\"contentUrl\":\"https:\/\/www.pressenza.com\/wp-content\/uploads\/2022\/10\/pressenza_logo_200x200.jpg\",\"width\":200,\"height\":200,\"caption\":\"Pressenza\"},\"image\":{\"@id\":\"https:\/\/www.pressenza.com\/es\/#\/schema\/logo\/image\/\"},\"sameAs\":[\"https:\/\/www.facebook.com\/PressenzaItalia\",\"https:\/\/x.com\/PressenzaIPA\"]},{\"@type\":\"Person\",\"@id\":\"https:\/\/www.pressenza.com\/es\/#\/schema\/person\/2589ceb48064b9d4249652e5d275a2ec\",\"name\":\"Noticias de Am\u00e9rica Latina y el Caribe\",\"description\":\"Primer portal de noticias de Am\u00e9rica Latina y el Caribe. Director: Pedro Brieger Con el apoyo de la Fundaci\u00f3n para la Integraci\u00f3n Latinoamericana (FILA) www.nodal.am\",\"sameAs\":[\"https:\/\/www.facebook.com\/pages\/NODAL\/504497112975235\",\"https:\/\/x.com\/infoNodal\"],\"url\":\"https:\/\/www.pressenza.com\/es\/author\/nodal\/\"}]}<\/script>\n<!-- \/ Yoast SEO plugin. -->","yoast_head_json":{"title":"La dimensi\u00f3n regional de las elecciones","description":"Por Pedro Brieger, director de NODAL * Las elecciones presidenciales en Brasil cobran una nueva dimensi\u00f3n regional por el reciente triunfo de Andr\u00e9s","robots":{"index":"index","follow":"follow","max-snippet":"max-snippet:-1","max-image-preview":"max-image-preview:large","max-video-preview":"max-video-preview:-1"},"canonical":"https:\/\/www.pressenza.com\/es\/2018\/10\/la-dimension-regional-de-las-elecciones\/","og_locale":"es_ES","og_type":"article","og_title":"La dimensi\u00f3n regional de las elecciones","og_description":"Por Pedro Brieger, director de NODAL * Las elecciones presidenciales en Brasil cobran una nueva dimensi\u00f3n regional por el reciente triunfo de Andr\u00e9s","og_url":"https:\/\/www.pressenza.com\/es\/2018\/10\/la-dimension-regional-de-las-elecciones\/","og_site_name":"Pressenza","article_publisher":"https:\/\/www.facebook.com\/PressenzaItalia","article_author":"https:\/\/www.facebook.com\/pages\/NODAL\/504497112975235","article_published_time":"2018-10-07T19:34:51+00:00","og_image":[{"width":600,"height":337,"url":"https:\/\/www.pressenza.com\/wp-content\/uploads\/2018\/10\/elecciones-brasil-1920.jpg","type":"image\/jpeg"}],"author":"Noticias de Am\u00e9rica Latina y el Caribe","twitter_card":"summary_large_image","twitter_creator":"@infoNodal","twitter_site":"@PressenzaIPA","twitter_misc":{"Escrito por":"Noticias de Am\u00e9rica Latina y el Caribe","Tiempo de lectura":"5 minutos"},"schema":{"@context":"https:\/\/schema.org","@graph":[{"@type":"Article","@id":"https:\/\/www.pressenza.com\/es\/2018\/10\/la-dimension-regional-de-las-elecciones\/#article","isPartOf":{"@id":"https:\/\/www.pressenza.com\/es\/2018\/10\/la-dimension-regional-de-las-elecciones\/"},"author":{"name":"Noticias de Am\u00e9rica Latina y el Caribe","@id":"https:\/\/www.pressenza.com\/es\/#\/schema\/person\/2589ceb48064b9d4249652e5d275a2ec"},"headline":"La dimensi\u00f3n regional de las elecciones","datePublished":"2018-10-07T19:34:51+00:00","mainEntityOfPage":{"@id":"https:\/\/www.pressenza.com\/es\/2018\/10\/la-dimension-regional-de-las-elecciones\/"},"wordCount":981,"publisher":{"@id":"https:\/\/www.pressenza.com\/es\/#organization"},"image":{"@id":"https:\/\/www.pressenza.com\/es\/2018\/10\/la-dimension-regional-de-las-elecciones\/#primaryimage"},"thumbnailUrl":"https:\/\/www.pressenza.com\/wp-content\/uploads\/2018\/10\/elecciones-brasil-1920.jpg","keywords":["AMLO","bolsonaro","Elecciones Brasil","haddad"],"articleSection":["Opiniones","Pol\u00edtica","Sudam\u00e9rica"],"inLanguage":"es"},{"@type":"WebPage","@id":"https:\/\/www.pressenza.com\/es\/2018\/10\/la-dimension-regional-de-las-elecciones\/","url":"https:\/\/www.pressenza.com\/es\/2018\/10\/la-dimension-regional-de-las-elecciones\/","name":"La dimensi\u00f3n regional de las elecciones","isPartOf":{"@id":"https:\/\/www.pressenza.com\/es\/#website"},"primaryImageOfPage":{"@id":"https:\/\/www.pressenza.com\/es\/2018\/10\/la-dimension-regional-de-las-elecciones\/#primaryimage"},"image":{"@id":"https:\/\/www.pressenza.com\/es\/2018\/10\/la-dimension-regional-de-las-elecciones\/#primaryimage"},"thumbnailUrl":"https:\/\/www.pressenza.com\/wp-content\/uploads\/2018\/10\/elecciones-brasil-1920.jpg","datePublished":"2018-10-07T19:34:51+00:00","description":"Por Pedro Brieger, director de NODAL * Las elecciones presidenciales en Brasil cobran una nueva dimensi\u00f3n regional por el reciente triunfo de Andr\u00e9s","breadcrumb":{"@id":"https:\/\/www.pressenza.com\/es\/2018\/10\/la-dimension-regional-de-las-elecciones\/#breadcrumb"},"inLanguage":"es","potentialAction":[{"@type":"ReadAction","target":["https:\/\/www.pressenza.com\/es\/2018\/10\/la-dimension-regional-de-las-elecciones\/"]}]},{"@type":"ImageObject","inLanguage":"es","@id":"https:\/\/www.pressenza.com\/es\/2018\/10\/la-dimension-regional-de-las-elecciones\/#primaryimage","url":"https:\/\/www.pressenza.com\/wp-content\/uploads\/2018\/10\/elecciones-brasil-1920.jpg","contentUrl":"https:\/\/www.pressenza.com\/wp-content\/uploads\/2018\/10\/elecciones-brasil-1920.jpg","width":600,"height":337},{"@type":"BreadcrumbList","@id":"https:\/\/www.pressenza.com\/es\/2018\/10\/la-dimension-regional-de-las-elecciones\/#breadcrumb","itemListElement":[{"@type":"ListItem","position":1,"name":"Accueil","item":"https:\/\/www.pressenza.com\/es\/"},{"@type":"ListItem","position":2,"name":"La dimensi\u00f3n regional de las elecciones"}]},{"@type":"WebSite","@id":"https:\/\/www.pressenza.com\/es\/#website","url":"https:\/\/www.pressenza.com\/es\/","name":"Pressenza","description":"International Press Agency","publisher":{"@id":"https:\/\/www.pressenza.com\/es\/#organization"},"potentialAction":[{"@type":"SearchAction","target":{"@type":"EntryPoint","urlTemplate":"https:\/\/www.pressenza.com\/es\/?s={search_term_string}"},"query-input":{"@type":"PropertyValueSpecification","valueRequired":true,"valueName":"search_term_string"}}],"inLanguage":"es"},{"@type":"Organization","@id":"https:\/\/www.pressenza.com\/es\/#organization","name":"Pressenza","url":"https:\/\/www.pressenza.com\/es\/","logo":{"@type":"ImageObject","inLanguage":"es","@id":"https:\/\/www.pressenza.com\/es\/#\/schema\/logo\/image\/","url":"https:\/\/www.pressenza.com\/wp-content\/uploads\/2022\/10\/pressenza_logo_200x200.jpg","contentUrl":"https:\/\/www.pressenza.com\/wp-content\/uploads\/2022\/10\/pressenza_logo_200x200.jpg","width":200,"height":200,"caption":"Pressenza"},"image":{"@id":"https:\/\/www.pressenza.com\/es\/#\/schema\/logo\/image\/"},"sameAs":["https:\/\/www.facebook.com\/PressenzaItalia","https:\/\/x.com\/PressenzaIPA"]},{"@type":"Person","@id":"https:\/\/www.pressenza.com\/es\/#\/schema\/person\/2589ceb48064b9d4249652e5d275a2ec","name":"Noticias de Am\u00e9rica Latina y el Caribe","description":"Primer portal de noticias de Am\u00e9rica Latina y el Caribe. Director: Pedro Brieger Con el apoyo de la Fundaci\u00f3n para la Integraci\u00f3n Latinoamericana (FILA) www.nodal.am","sameAs":["https:\/\/www.facebook.com\/pages\/NODAL\/504497112975235","https:\/\/x.com\/infoNodal"],"url":"https:\/\/www.pressenza.com\/es\/author\/nodal\/"}]}},"place":"Sao Paulo, Brasil","original_article_url":"https:\/\/www.nodal.am\/2018\/10\/la-dimension-regional-de-las-elecciones-por-pedro-brieger-director-de-nodal\/","_links":{"self":[{"href":"https:\/\/www.pressenza.com\/es\/wp-json\/wp\/v2\/posts\/733848","targetHints":{"allow":["GET"]}}],"collection":[{"href":"https:\/\/www.pressenza.com\/es\/wp-json\/wp\/v2\/posts"}],"about":[{"href":"https:\/\/www.pressenza.com\/es\/wp-json\/wp\/v2\/types\/post"}],"author":[{"embeddable":true,"href":"https:\/\/www.pressenza.com\/es\/wp-json\/wp\/v2\/users\/1075"}],"replies":[{"embeddable":true,"href":"https:\/\/www.pressenza.com\/es\/wp-json\/wp\/v2\/comments?post=733848"}],"version-history":[{"count":0,"href":"https:\/\/www.pressenza.com\/es\/wp-json\/wp\/v2\/posts\/733848\/revisions"}],"wp:featuredmedia":[{"embeddable":true,"href":"https:\/\/www.pressenza.com\/es\/wp-json\/wp\/v2\/media\/733849"}],"wp:attachment":[{"href":"https:\/\/www.pressenza.com\/es\/wp-json\/wp\/v2\/media?parent=733848"}],"wp:term":[{"taxonomy":"category","embeddable":true,"href":"https:\/\/www.pressenza.com\/es\/wp-json\/wp\/v2\/categories?post=733848"},{"taxonomy":"post_tag","embeddable":true,"href":"https:\/\/www.pressenza.com\/es\/wp-json\/wp\/v2\/tags?post=733848"}],"curies":[{"name":"wp","href":"https:\/\/api.w.org\/{rel}","templated":true}]}}