{"id":732427,"date":"2018-10-05T20:52:29","date_gmt":"2018-10-05T19:52:29","guid":{"rendered":"https:\/\/www.pressenza.com\/?p=732427"},"modified":"2018-10-05T20:54:03","modified_gmt":"2018-10-05T19:54:03","slug":"pressenza-internacional-en-la-oreja-05-10-2018","status":"publish","type":"post","link":"https:\/\/www.pressenza.com\/es\/2018\/10\/pressenza-internacional-en-la-oreja-05-10-2018\/","title":{"rendered":"Pressenza Internacional En La Oreja 05\/10\/2018"},"content":{"rendered":"<p>En esta emisi\u00f3n, luego del recorrido planetario de las noticias m\u00e1s destacadas, contamos con la presencia de Renaud Cachia, investigador del Instituto Transnacional de Holanda residente en Myanmar (Birmania), que nos hace un panorama de la situaci\u00f3n actual de los derechos humanos en el pa\u00eds, en particular con respecto a la persecuci\u00f3n de los musulmanes rohiny\u00e1s; y tambi\u00e9n de Regis Marques, profesor, director de un colegio en la periferia de San Pablo, activista humanista y candidato a diputado estatal, habl\u00e1ndonos del escenario electoral brasile\u00f1o a dos d\u00edas de las importantes elecciones del 7 de octubre.<\/p>\n<!--[if lt IE 9]><script>document.createElement('audio');<\/script><![endif]-->\n<audio class=\"wp-audio-shortcode\" id=\"audio-732427-1\" preload=\"none\" style=\"width: 100%;\" controls=\"controls\"><source type=\"audio\/mpeg\" src=\"https:\/\/cl.ivoox.com\/es\/pressenza-internacional-en-la-oreja-05-10-2018_md_29122451_wp_1.mp3?_=1\" \/><a href=\"https:\/\/cl.ivoox.com\/es\/pressenza-internacional-en-la-oreja-05-10-2018_md_29122451_wp_1.mp3\">https:\/\/cl.ivoox.com\/es\/pressenza-internacional-en-la-oreja-05-10-2018_md_29122451_wp_1.mp3<\/a><\/audio>\n<p><a title=\"Pressenza Internacional En La Oreja 05\/10\/2018\" href=\"https:\/\/cl.ivoox.com\/es\/pressenza-internacional-en-la-oreja-05-10-2018-audios-mp3_rf_29122451_1.html\">Ir a descargar<\/a><\/p>\n<p>Pressenza Internacional En La Oreja es un programa realizado por el equipo de editores de la Agencia internacional de noticias Pressenza, emitido por Radio Pichincha Universal (Quito, Ecuador) y transmitido tambi\u00e9n por Radio Hache (Argentina), Radio Guiniguada (Islas Canarias, Espa\u00f1a) y Radio Temblor Internacional (Panam\u00e1).<\/p>\n","protected":false},"excerpt":{"rendered":"<p>En esta emisi\u00f3n, luego del recorrido planetario de las noticias m\u00e1s destacadas, contamos con la presencia de Renaud Cachia, investigador del Instituto Transnacional de Holanda residente en Myanmar (Birmania), que nos hace un panorama de la situaci\u00f3n actual de los&hellip;<\/p>\n","protected":false},"author":1011,"featured_media":732428,"comment_status":"closed","ping_status":"closed","sticky":false,"template":"","format":"standard","meta":{"footnotes":""},"categories":[65,11389,79,155,74,22754,67],"tags":[50249,16296,13148,25028,2749,441,49833,403,49562,10315,10771,4814,16104,1613,19984,11456,49314,50536,5053],"class_list":["post-732427","post","type-post","status-publish","format-standard","has-post-thumbnail","hentry","category-asia-es","category-contenido-original","category-derechos-humanos","category-entrevistas","category-politica-es","category-radio-es","category-sudamerica","tag-elenao","tag-aung-san-suu-ki","tag-birmania-es","tag-bolsonaro","tag-brasil-es","tag-derechos-humanos","tag-dobradona","tag-elecciones","tag-frentona","tag-genocidio-es","tag-haddad","tag-movimiento-humanista","tag-myanmar-es","tag-politica-es","tag-pressenza-internacional-en-la-oreja","tag-psol","tag-regis-marques","tag-rohinya","tag-sao-paulo"],"yoast_head":"<!-- This site is optimized with the Yoast SEO plugin v27.1.1 - https:\/\/yoast.com\/product\/yoast-seo-wordpress\/ -->\n<title>Pressenza Internacional En La Oreja 05\/10\/2018<\/title>\n<meta name=\"description\" content=\"En esta emisi\u00f3n, luego del recorrido planetario de las noticias m\u00e1s destacadas, contamos con la presencia de Renaud Cachia, investigador del Instituto\" \/>\n<meta name=\"robots\" content=\"index, follow, max-snippet:-1, max-image-preview:large, max-video-preview:-1\" \/>\n<link rel=\"canonical\" href=\"https:\/\/www.pressenza.com\/es\/2018\/10\/pressenza-internacional-en-la-oreja-05-10-2018\/\" \/>\n<meta property=\"og:locale\" content=\"es_ES\" \/>\n<meta property=\"og:type\" content=\"article\" \/>\n<meta property=\"og:title\" content=\"Pressenza Internacional En La Oreja 05\/10\/2018\" \/>\n<meta property=\"og:description\" content=\"En esta emisi\u00f3n, luego del recorrido planetario de las noticias m\u00e1s destacadas, contamos con la presencia de Renaud Cachia, investigador del Instituto\" \/>\n<meta property=\"og:url\" content=\"https:\/\/www.pressenza.com\/es\/2018\/10\/pressenza-internacional-en-la-oreja-05-10-2018\/\" \/>\n<meta property=\"og:site_name\" content=\"Pressenza\" \/>\n<meta property=\"article:publisher\" content=\"https:\/\/www.facebook.com\/PressenzaItalia\" \/>\n<meta property=\"article:published_time\" content=\"2018-10-05T19:52:29+00:00\" \/>\n<meta property=\"article:modified_time\" content=\"2018-10-05T19:54:03+00:00\" \/>\n<meta property=\"og:image\" content=\"https:\/\/www.pressenza.com\/wp-content\/uploads\/2018\/10\/Pressenza-Internacional-En-la-Oreja-05-10-2018.png\" \/>\n\t<meta property=\"og:image:width\" content=\"940\" \/>\n\t<meta property=\"og:image:height\" content=\"788\" \/>\n\t<meta property=\"og:image:type\" content=\"image\/png\" \/>\n<meta name=\"author\" content=\"Redacci\u00f3n Ecuador\" \/>\n<meta name=\"twitter:card\" content=\"summary_large_image\" \/>\n<meta name=\"twitter:creator\" content=\"@PressenzaIPA\" \/>\n<meta name=\"twitter:site\" content=\"@PressenzaIPA\" \/>\n<meta name=\"twitter:label1\" content=\"Escrito por\" \/>\n\t<meta name=\"twitter:data1\" content=\"Redacci\u00f3n Ecuador\" \/>\n\t<meta name=\"twitter:label2\" content=\"Tiempo de lectura\" \/>\n\t<meta name=\"twitter:data2\" content=\"1 minuto\" \/>\n<script type=\"application\/ld+json\" class=\"yoast-schema-graph\">{\"@context\":\"https:\/\/schema.org\",\"@graph\":[{\"@type\":\"Article\",\"@id\":\"https:\/\/www.pressenza.com\/es\/2018\/10\/pressenza-internacional-en-la-oreja-05-10-2018\/#article\",\"isPartOf\":{\"@id\":\"https:\/\/www.pressenza.com\/es\/2018\/10\/pressenza-internacional-en-la-oreja-05-10-2018\/\"},\"author\":{\"name\":\"Redacci\u00f3n Ecuador\",\"@id\":\"https:\/\/www.pressenza.com\/es\/#\/schema\/person\/883a735c40665759bcc6fe0c26bcb46f\"},\"headline\":\"Pressenza Internacional En La Oreja 05\/10\/2018\",\"datePublished\":\"2018-10-05T19:52:29+00:00\",\"dateModified\":\"2018-10-05T19:54:03+00:00\",\"mainEntityOfPage\":{\"@id\":\"https:\/\/www.pressenza.com\/es\/2018\/10\/pressenza-internacional-en-la-oreja-05-10-2018\/\"},\"wordCount\":172,\"publisher\":{\"@id\":\"https:\/\/www.pressenza.com\/es\/#organization\"},\"image\":{\"@id\":\"https:\/\/www.pressenza.com\/es\/2018\/10\/pressenza-internacional-en-la-oreja-05-10-2018\/#primaryimage\"},\"thumbnailUrl\":\"https:\/\/www.pressenza.com\/wp-content\/uploads\/2018\/10\/Pressenza-Internacional-En-la-Oreja-05-10-2018.png\",\"keywords\":[\"#EleNao\",\"Aung San Suu Ki\",\"Birmania\",\"bolsonaro\",\"Brasil\",\"Derechos humanos\",\"Dobradona\",\"elecciones\",\"Frentona\",\"Genocidio\",\"haddad\",\"Movimiento Humanista\",\"Myanmar\",\"pol\u00edtica\",\"Pressenza Internacional En la oreja\",\"psol\",\"R\u00e9gis Marques\",\"rohiny\u00e1\",\"S\u00e3o Paulo\"],\"articleSection\":[\"Asia\",\"Contenido Original\",\"Derechos Humanos\",\"Entrevistas\",\"Pol\u00edtica\",\"Radio\",\"Sudam\u00e9rica\"],\"inLanguage\":\"es\"},{\"@type\":\"WebPage\",\"@id\":\"https:\/\/www.pressenza.com\/es\/2018\/10\/pressenza-internacional-en-la-oreja-05-10-2018\/\",\"url\":\"https:\/\/www.pressenza.com\/es\/2018\/10\/pressenza-internacional-en-la-oreja-05-10-2018\/\",\"name\":\"Pressenza Internacional En La Oreja 05\/10\/2018\",\"isPartOf\":{\"@id\":\"https:\/\/www.pressenza.com\/es\/#website\"},\"primaryImageOfPage\":{\"@id\":\"https:\/\/www.pressenza.com\/es\/2018\/10\/pressenza-internacional-en-la-oreja-05-10-2018\/#primaryimage\"},\"image\":{\"@id\":\"https:\/\/www.pressenza.com\/es\/2018\/10\/pressenza-internacional-en-la-oreja-05-10-2018\/#primaryimage\"},\"thumbnailUrl\":\"https:\/\/www.pressenza.com\/wp-content\/uploads\/2018\/10\/Pressenza-Internacional-En-la-Oreja-05-10-2018.png\",\"datePublished\":\"2018-10-05T19:52:29+00:00\",\"dateModified\":\"2018-10-05T19:54:03+00:00\",\"description\":\"En esta emisi\u00f3n, luego del recorrido planetario de las noticias m\u00e1s destacadas, contamos con la presencia de Renaud Cachia, investigador del Instituto\",\"breadcrumb\":{\"@id\":\"https:\/\/www.pressenza.com\/es\/2018\/10\/pressenza-internacional-en-la-oreja-05-10-2018\/#breadcrumb\"},\"inLanguage\":\"es\",\"potentialAction\":[{\"@type\":\"ReadAction\",\"target\":[\"https:\/\/www.pressenza.com\/es\/2018\/10\/pressenza-internacional-en-la-oreja-05-10-2018\/\"]}]},{\"@type\":\"ImageObject\",\"inLanguage\":\"es\",\"@id\":\"https:\/\/www.pressenza.com\/es\/2018\/10\/pressenza-internacional-en-la-oreja-05-10-2018\/#primaryimage\",\"url\":\"https:\/\/www.pressenza.com\/wp-content\/uploads\/2018\/10\/Pressenza-Internacional-En-la-Oreja-05-10-2018.png\",\"contentUrl\":\"https:\/\/www.pressenza.com\/wp-content\/uploads\/2018\/10\/Pressenza-Internacional-En-la-Oreja-05-10-2018.png\",\"width\":940,\"height\":788,\"caption\":\"pressenza internacional en la oreja brasil myanmar birmania\"},{\"@type\":\"BreadcrumbList\",\"@id\":\"https:\/\/www.pressenza.com\/es\/2018\/10\/pressenza-internacional-en-la-oreja-05-10-2018\/#breadcrumb\",\"itemListElement\":[{\"@type\":\"ListItem\",\"position\":1,\"name\":\"Accueil\",\"item\":\"https:\/\/www.pressenza.com\/es\/\"},{\"@type\":\"ListItem\",\"position\":2,\"name\":\"Pressenza Internacional En La Oreja 05\/10\/2018\"}]},{\"@type\":\"WebSite\",\"@id\":\"https:\/\/www.pressenza.com\/es\/#website\",\"url\":\"https:\/\/www.pressenza.com\/es\/\",\"name\":\"Pressenza\",\"description\":\"International Press Agency\",\"publisher\":{\"@id\":\"https:\/\/www.pressenza.com\/es\/#organization\"},\"potentialAction\":[{\"@type\":\"SearchAction\",\"target\":{\"@type\":\"EntryPoint\",\"urlTemplate\":\"https:\/\/www.pressenza.com\/es\/?s={search_term_string}\"},\"query-input\":{\"@type\":\"PropertyValueSpecification\",\"valueRequired\":true,\"valueName\":\"search_term_string\"}}],\"inLanguage\":\"es\"},{\"@type\":\"Organization\",\"@id\":\"https:\/\/www.pressenza.com\/es\/#organization\",\"name\":\"Pressenza\",\"url\":\"https:\/\/www.pressenza.com\/es\/\",\"logo\":{\"@type\":\"ImageObject\",\"inLanguage\":\"es\",\"@id\":\"https:\/\/www.pressenza.com\/es\/#\/schema\/logo\/image\/\",\"url\":\"https:\/\/www.pressenza.com\/wp-content\/uploads\/2022\/10\/pressenza_logo_200x200.jpg\",\"contentUrl\":\"https:\/\/www.pressenza.com\/wp-content\/uploads\/2022\/10\/pressenza_logo_200x200.jpg\",\"width\":200,\"height\":200,\"caption\":\"Pressenza\"},\"image\":{\"@id\":\"https:\/\/www.pressenza.com\/es\/#\/schema\/logo\/image\/\"},\"sameAs\":[\"https:\/\/www.facebook.com\/PressenzaItalia\",\"https:\/\/x.com\/PressenzaIPA\"]},{\"@type\":\"Person\",\"@id\":\"https:\/\/www.pressenza.com\/es\/#\/schema\/person\/883a735c40665759bcc6fe0c26bcb46f\",\"name\":\"Redacci\u00f3n Ecuador\",\"description\":\"News published by the Pressenza bureau in Quito, Ecuador\",\"url\":\"https:\/\/www.pressenza.com\/es\/author\/redaccion-ecuador\/\"}]}<\/script>\n<!-- \/ Yoast SEO plugin. -->","yoast_head_json":{"title":"Pressenza Internacional En La Oreja 05\/10\/2018","description":"En esta emisi\u00f3n, luego del recorrido planetario de las noticias m\u00e1s destacadas, contamos con la presencia de Renaud Cachia, investigador del Instituto","robots":{"index":"index","follow":"follow","max-snippet":"max-snippet:-1","max-image-preview":"max-image-preview:large","max-video-preview":"max-video-preview:-1"},"canonical":"https:\/\/www.pressenza.com\/es\/2018\/10\/pressenza-internacional-en-la-oreja-05-10-2018\/","og_locale":"es_ES","og_type":"article","og_title":"Pressenza Internacional En La Oreja 05\/10\/2018","og_description":"En esta emisi\u00f3n, luego del recorrido planetario de las noticias m\u00e1s destacadas, contamos con la presencia de Renaud Cachia, investigador del Instituto","og_url":"https:\/\/www.pressenza.com\/es\/2018\/10\/pressenza-internacional-en-la-oreja-05-10-2018\/","og_site_name":"Pressenza","article_publisher":"https:\/\/www.facebook.com\/PressenzaItalia","article_published_time":"2018-10-05T19:52:29+00:00","article_modified_time":"2018-10-05T19:54:03+00:00","og_image":[{"width":940,"height":788,"url":"https:\/\/www.pressenza.com\/wp-content\/uploads\/2018\/10\/Pressenza-Internacional-En-la-Oreja-05-10-2018.png","type":"image\/png"}],"author":"Redacci\u00f3n Ecuador","twitter_card":"summary_large_image","twitter_creator":"@PressenzaIPA","twitter_site":"@PressenzaIPA","twitter_misc":{"Escrito por":"Redacci\u00f3n Ecuador","Tiempo de lectura":"1 minuto"},"schema":{"@context":"https:\/\/schema.org","@graph":[{"@type":"Article","@id":"https:\/\/www.pressenza.com\/es\/2018\/10\/pressenza-internacional-en-la-oreja-05-10-2018\/#article","isPartOf":{"@id":"https:\/\/www.pressenza.com\/es\/2018\/10\/pressenza-internacional-en-la-oreja-05-10-2018\/"},"author":{"name":"Redacci\u00f3n Ecuador","@id":"https:\/\/www.pressenza.com\/es\/#\/schema\/person\/883a735c40665759bcc6fe0c26bcb46f"},"headline":"Pressenza Internacional En La Oreja 05\/10\/2018","datePublished":"2018-10-05T19:52:29+00:00","dateModified":"2018-10-05T19:54:03+00:00","mainEntityOfPage":{"@id":"https:\/\/www.pressenza.com\/es\/2018\/10\/pressenza-internacional-en-la-oreja-05-10-2018\/"},"wordCount":172,"publisher":{"@id":"https:\/\/www.pressenza.com\/es\/#organization"},"image":{"@id":"https:\/\/www.pressenza.com\/es\/2018\/10\/pressenza-internacional-en-la-oreja-05-10-2018\/#primaryimage"},"thumbnailUrl":"https:\/\/www.pressenza.com\/wp-content\/uploads\/2018\/10\/Pressenza-Internacional-En-la-Oreja-05-10-2018.png","keywords":["#EleNao","Aung San Suu Ki","Birmania","bolsonaro","Brasil","Derechos humanos","Dobradona","elecciones","Frentona","Genocidio","haddad","Movimiento Humanista","Myanmar","pol\u00edtica","Pressenza Internacional En la oreja","psol","R\u00e9gis Marques","rohiny\u00e1","S\u00e3o Paulo"],"articleSection":["Asia","Contenido Original","Derechos Humanos","Entrevistas","Pol\u00edtica","Radio","Sudam\u00e9rica"],"inLanguage":"es"},{"@type":"WebPage","@id":"https:\/\/www.pressenza.com\/es\/2018\/10\/pressenza-internacional-en-la-oreja-05-10-2018\/","url":"https:\/\/www.pressenza.com\/es\/2018\/10\/pressenza-internacional-en-la-oreja-05-10-2018\/","name":"Pressenza Internacional En La Oreja 05\/10\/2018","isPartOf":{"@id":"https:\/\/www.pressenza.com\/es\/#website"},"primaryImageOfPage":{"@id":"https:\/\/www.pressenza.com\/es\/2018\/10\/pressenza-internacional-en-la-oreja-05-10-2018\/#primaryimage"},"image":{"@id":"https:\/\/www.pressenza.com\/es\/2018\/10\/pressenza-internacional-en-la-oreja-05-10-2018\/#primaryimage"},"thumbnailUrl":"https:\/\/www.pressenza.com\/wp-content\/uploads\/2018\/10\/Pressenza-Internacional-En-la-Oreja-05-10-2018.png","datePublished":"2018-10-05T19:52:29+00:00","dateModified":"2018-10-05T19:54:03+00:00","description":"En esta emisi\u00f3n, luego del recorrido planetario de las noticias m\u00e1s destacadas, contamos con la presencia de Renaud Cachia, investigador del Instituto","breadcrumb":{"@id":"https:\/\/www.pressenza.com\/es\/2018\/10\/pressenza-internacional-en-la-oreja-05-10-2018\/#breadcrumb"},"inLanguage":"es","potentialAction":[{"@type":"ReadAction","target":["https:\/\/www.pressenza.com\/es\/2018\/10\/pressenza-internacional-en-la-oreja-05-10-2018\/"]}]},{"@type":"ImageObject","inLanguage":"es","@id":"https:\/\/www.pressenza.com\/es\/2018\/10\/pressenza-internacional-en-la-oreja-05-10-2018\/#primaryimage","url":"https:\/\/www.pressenza.com\/wp-content\/uploads\/2018\/10\/Pressenza-Internacional-En-la-Oreja-05-10-2018.png","contentUrl":"https:\/\/www.pressenza.com\/wp-content\/uploads\/2018\/10\/Pressenza-Internacional-En-la-Oreja-05-10-2018.png","width":940,"height":788,"caption":"pressenza internacional en la oreja brasil myanmar birmania"},{"@type":"BreadcrumbList","@id":"https:\/\/www.pressenza.com\/es\/2018\/10\/pressenza-internacional-en-la-oreja-05-10-2018\/#breadcrumb","itemListElement":[{"@type":"ListItem","position":1,"name":"Accueil","item":"https:\/\/www.pressenza.com\/es\/"},{"@type":"ListItem","position":2,"name":"Pressenza Internacional En La Oreja 05\/10\/2018"}]},{"@type":"WebSite","@id":"https:\/\/www.pressenza.com\/es\/#website","url":"https:\/\/www.pressenza.com\/es\/","name":"Pressenza","description":"International Press Agency","publisher":{"@id":"https:\/\/www.pressenza.com\/es\/#organization"},"potentialAction":[{"@type":"SearchAction","target":{"@type":"EntryPoint","urlTemplate":"https:\/\/www.pressenza.com\/es\/?s={search_term_string}"},"query-input":{"@type":"PropertyValueSpecification","valueRequired":true,"valueName":"search_term_string"}}],"inLanguage":"es"},{"@type":"Organization","@id":"https:\/\/www.pressenza.com\/es\/#organization","name":"Pressenza","url":"https:\/\/www.pressenza.com\/es\/","logo":{"@type":"ImageObject","inLanguage":"es","@id":"https:\/\/www.pressenza.com\/es\/#\/schema\/logo\/image\/","url":"https:\/\/www.pressenza.com\/wp-content\/uploads\/2022\/10\/pressenza_logo_200x200.jpg","contentUrl":"https:\/\/www.pressenza.com\/wp-content\/uploads\/2022\/10\/pressenza_logo_200x200.jpg","width":200,"height":200,"caption":"Pressenza"},"image":{"@id":"https:\/\/www.pressenza.com\/es\/#\/schema\/logo\/image\/"},"sameAs":["https:\/\/www.facebook.com\/PressenzaItalia","https:\/\/x.com\/PressenzaIPA"]},{"@type":"Person","@id":"https:\/\/www.pressenza.com\/es\/#\/schema\/person\/883a735c40665759bcc6fe0c26bcb46f","name":"Redacci\u00f3n Ecuador","description":"News published by the Pressenza bureau in Quito, Ecuador","url":"https:\/\/www.pressenza.com\/es\/author\/redaccion-ecuador\/"}]}},"place":"Quito, Buenos Aires, Santiago de Chile, San Pablo, Myanmar","original_article_url":"","_links":{"self":[{"href":"https:\/\/www.pressenza.com\/es\/wp-json\/wp\/v2\/posts\/732427","targetHints":{"allow":["GET"]}}],"collection":[{"href":"https:\/\/www.pressenza.com\/es\/wp-json\/wp\/v2\/posts"}],"about":[{"href":"https:\/\/www.pressenza.com\/es\/wp-json\/wp\/v2\/types\/post"}],"author":[{"embeddable":true,"href":"https:\/\/www.pressenza.com\/es\/wp-json\/wp\/v2\/users\/1011"}],"replies":[{"embeddable":true,"href":"https:\/\/www.pressenza.com\/es\/wp-json\/wp\/v2\/comments?post=732427"}],"version-history":[{"count":0,"href":"https:\/\/www.pressenza.com\/es\/wp-json\/wp\/v2\/posts\/732427\/revisions"}],"wp:featuredmedia":[{"embeddable":true,"href":"https:\/\/www.pressenza.com\/es\/wp-json\/wp\/v2\/media\/732428"}],"wp:attachment":[{"href":"https:\/\/www.pressenza.com\/es\/wp-json\/wp\/v2\/media?parent=732427"}],"wp:term":[{"taxonomy":"category","embeddable":true,"href":"https:\/\/www.pressenza.com\/es\/wp-json\/wp\/v2\/categories?post=732427"},{"taxonomy":"post_tag","embeddable":true,"href":"https:\/\/www.pressenza.com\/es\/wp-json\/wp\/v2\/tags?post=732427"}],"curies":[{"name":"wp","href":"https:\/\/api.w.org\/{rel}","templated":true}]}}