{"id":732331,"date":"2018-10-05T17:55:38","date_gmt":"2018-10-05T16:55:38","guid":{"rendered":"https:\/\/www.pressenza.com\/?p=732331"},"modified":"2018-10-05T17:55:38","modified_gmt":"2018-10-05T16:55:38","slug":"la-verdad-de-venezuela-se-despliega-por-el-mundo","status":"publish","type":"post","link":"https:\/\/www.pressenza.com\/es\/2018\/10\/la-verdad-de-venezuela-se-despliega-por-el-mundo\/","title":{"rendered":"La verdad de Venezuela se despliega por el mundo"},"content":{"rendered":"<p style=\"text-align: right;\"><em>\u201cEs la hora de los hornos<\/em><br \/>\n<em>y no se ha de ver m\u00e1s que la luz\u201d<\/em><br \/>\nJos\u00e9 Mart\u00ed<\/p>\n<p>Cada d\u00eda queda m\u00e1s claro que la reelecci\u00f3n del presidente Nicol\u00e1s Maduro por un nuevo mandato de 6 a\u00f1os (2019-2025) ganando con un contundente 68% de los votos, asest\u00f3 un golpe de gracia a todos los partidos pol\u00edticos de la oposici\u00f3n han quedado reducidos a la insignificancia; sus reiterados desaciertos los han llevado ahora al preg\u00f3n de la intervenci\u00f3n extranjera, es decir que otros hagan por ellos lo que no pudieron conquistar con los votos; sin proyecto que presentar al pa\u00eds m\u00e1s all\u00e1 que derrocar al gobierno, su poder de convocatoria hoy no alcanza ni para elegir a una junta de condominio; muchos de sus fervientes partidarios, frustrados y decepcionados, emigraron y los que no, les manifiestan un profundo rechazo.<\/p>\n<p>Como resultado, la oposici\u00f3n local ha quedado en manos de los empresarios privados quienes usan su poder para desestabilizar, induciendo la inflaci\u00f3n y culpando de ella al presidente. Poderoso don dinero, que no conoce fronteras ni banderas.<\/p>\n<p>Sin embargo, el pueblo ya est\u00e1 claro, seg\u00fan una reciente encuesta publicada por la empresa Hinterlaces y difundida por Jos\u00e9 Vicente Rangel en su programa de televisi\u00f3n dominical: el 62% de los venezolanos prefiere que el presidente de la Rep\u00fablica, Nicol\u00e1s Maduro, resuelva los problemas econ\u00f3micos del pa\u00eds, y un \u00a061% atribuye los problemas econ\u00f3micos a agentes externos al gobierno como la guerra econ\u00f3mica, ca\u00edda del precio del petr\u00f3leo, especulaci\u00f3n y sanciones financieras de EEUU.<\/p>\n<p>Por tanto, los actores m\u00e1s altisonantes en este momento provienen del extranjero, muchos de los otrora l\u00edderes de la oposici\u00f3n nacional han emigrado y contin\u00faan con su rol de marionetas de quienes por siempre han sido y siguen siendo sus amos: los se\u00f1ores del dinero, quienes gustan ejercer su poder en las sombras. La situaci\u00f3n se ha sincerado, como corresponde al momento que estamos viviendo, lo que Jos\u00e9 Mart\u00ed llam\u00f3 \u201cLa hora de los hornos, y no se ha de ver m\u00e1s que la luz\u201d: la hora de la Verdad.<\/p>\n<p>Desde que el gobierno venezolano dio inicio a su Plan de Recuperaci\u00f3n Econ\u00f3mica y Prosperidad, lleva adelante una ofensiva diplom\u00e1tica y pol\u00edtica con un intenso despliegue de altos funcionarios por el mundo, incluido el presidente, en varios frentes simult\u00e1neos, en especial China, Rusia, India y Turqu\u00eda para contener las pretensiones de los coyotes de invadir el pa\u00eds. Visibilizar la agresi\u00f3n externa es el objetivo de la diplomacia venezolana, contrarrestar la inquisici\u00f3n medi\u00e1tica contra la revoluci\u00f3n bolivariana, explicar a cada Estado la situaci\u00f3n que se vive a nivel nacional, llevar a o\u00eddos receptivos la Verdad de Venezuela.<\/p>\n<p>No obstante el reciente intento frustrado de magnicidio planificado desde Estados Unidos, amenazas contra su integridad f\u00edsica, planes belicistas\u00a0pregonados por Donald Trump y la intensa campa\u00f1a internacional para desconocer su legitimidad, el presidente Maduro sorprendi\u00f3 a todo el mundo, con su valiente presencia en la 73\u00aa sesi\u00f3n de la Asamblea General de la ONU en New York, en la propia boca del lobo. En su discurso el presidente llev\u00f3 \u201cla voz de un pueblo luchador, heroico, revolucionario, que se ha negado a rendirse a lo largo de su historia que ha sido testigo de una de las arremetidas m\u00e1s infames y bochornosas que se conozca en los \u00faltimos a\u00f1os\u201d. Y a pesar de estas agresiones, se mostr\u00f3 dispuesto a dialogar con el mandatario estadounidense Donald Trump, \u201ca agenda abierta\u201d sobre todos los temas que quiera el Gobierno de los Estados Unidos.<\/p>\n<p>El presidente en su discurso, revel\u00f3 que \u201cdurante los dos \u00faltimos a\u00f1os, el pa\u00eds fue sometido a medidas unilaterales ilegales de bloqueo econ\u00f3mico como el impedirles el uso del d\u00f3lar a trav\u00e9s de posiciones de uso de dominio por parte de las autoridades de la secretar\u00eda del tesoro estadounidense\u201d. As\u00ed mismo denunci\u00f3, \u201cque se ha construido a nivel medi\u00e1tico mundial un expediente contra nuestro pa\u00eds para pretender una crisis humanitaria, que utilice los conceptos de Naciones Unidas para justificar una coalici\u00f3n de pa\u00edses, encabezados por el Gobierno de Estados Unidos y sus gobiernos sat\u00e9lites en Am\u00e9rica Latina, que le ponga la mano a nuestro pa\u00eds\u201d.<\/p>\n<p>Explic\u00f3 que la situaci\u00f3n de acoso y agresi\u00f3n tienen como objetivo apropiarse, a como d\u00e9 lugar, de las inmensas riquezas naturales del pa\u00eds, el petr\u00f3leo principalmente, y adem\u00e1s, como lo resaltara el presidente en su alocuci\u00f3n: \u201cse est\u00e1 certificando la m\u00e1s grande reserva de oro en el mundo y la cuarta reserva de gas en el planeta\u201d.<\/p>\n<p>En medio de esta dif\u00edcil situaci\u00f3n, la invitaci\u00f3n a una visita de estado del mandatario de China Xi Jinping al presidente Maduro, realizada entre el 13 y el 16 de septiembre, ha sido la noticia de mayor impacto en estos d\u00edas, no solo por la firma de importantes acuerdos bilaterales en diversas \u00e1reas, sino por el significado estrat\u00e9gico que representa el respaldo de una gran potencia en este momento, un espaldarazo que se agradece. Por otra parte, es una demostraci\u00f3n de confianza al liderazgo del presidente que ha sabido revertir crisis internas muy complejas y presentar un plan s\u00f3lido de recuperaci\u00f3n econ\u00f3mica, una alternativa al d\u00f3lar evitando el bloqueo, situaci\u00f3n con la que China tambi\u00e9n tiene que lidiar.<\/p>\n<p>En una rueda de prensa internacional convocada a la llegada de esta visita, se dieron a conocer los 28 acuerdos firmados, \u00a0que se suman a los 700 proyectos de desarrollo ya en marcha con la naci\u00f3n asi\u00e1tica. Quiz\u00e1s el m\u00e1s considerable firmado en esta visita es el financiamiento estimado en 5.000 millones de d\u00f3lares, para doblar la producci\u00f3n petrolera actual y poder surtir a China un mill\u00f3n de barriles de petr\u00f3leo adicionales por d\u00eda. Por lo que se prev\u00e9 que en el corto plazo podr\u00eda desplazar a Estados Unidos como principal cliente del crudo venezolano.<\/p>\n<p>Ante las cr\u00edticas que el pa\u00eds est\u00e1 siendo hipotecado, entregado a una potencia extranjera, el presidente aclar\u00f3: \u201cLos esquemas de financiamiento que tenemos con China no generan deuda, todo el dinero que China ha financiado\u00a0se ha pagado con petr\u00f3leo. \u00a0No ha generado ni deuda ni hipoteca, sino desarrollo. China no nos impone condiciones como hace el Fondo Monetario Internacional con Argentina.\u00a0China se relaciona en t\u00e9rminos de igualdad y respeto con los pa\u00edses hermanos del sur;\u00a0 no busca cambios de gobierno, busca un mundo de destino com\u00fan\u00bb.<\/p>\n<p>Quienes profieren estos comentarios pecan de mala intenci\u00f3n o de ignorancia; invisibilizan o desconocen el hecho que por la pol\u00edtica soberana establecida por el Comandante Ch\u00e1vez y ha continuado el presidente Maduro, se estructur\u00f3 un complejo ajedrez geopol\u00edtico para proteger las reservas de crudo del pa\u00eds, mediante la asociaci\u00f3n y constituci\u00f3n de empresas mixtas con Rusia, China, India, Espa\u00f1a, Francia, Reino Unido, EEUU, Brasil, Jap\u00f3n, entre otros pa\u00edses; y con el fin de impedir su privatizaci\u00f3n se estableci\u00f3 en la Constituci\u00f3n que el estado debe mantener un porcentaje accionario mayor al 50% en todas las empresas en \u00e1reas estrat\u00e9gicas, entre ellas y una de las m\u00e1s importantes Petr\u00f3leos de Venezuela.<\/p>\n<p>Como parte de este despliegue de Venezuela por el mundo, el pasado 23 de septiembre el Ministro de Petr\u00f3leo, particip\u00f3 en la D\u00e9cima \u00a0Reuni\u00f3n\u00a0del\u00a0 Comit\u00e9 de Monitoreo\u00a0conjunto de los pa\u00edses productores OPEP y no OPEP, \u00a0que se celebr\u00f3 en Argelia en la que se acord\u00f3 no elevar la producci\u00f3n al haber alcanzado el mercado del crudo niveles satisfactorios de estabilizaci\u00f3n. Tres d\u00edas antes de esta reuni\u00f3n, el presidente Donald Trump envi\u00f3 un tuit en estos t\u00e9rminos: \u201cProtegemos a los pa\u00edses del Medio Oriente, quienes no estar\u00edan seguros por mucho tiempo sin nosotros, \u00a1y sin embargo contin\u00faan presionando por precios del petr\u00f3leo cada vez m\u00e1s altos! Lo tendremos en cuenta. \u00a1El monopolio de la OPEP debe bajar los precios Ya! Los asistentes al encuentro consideraron este mensaje insultante e hicieron caso omiso a sus \u201cordenes\u201d.<\/p>\n<p>\u00bfSer\u00e1 posible que el Sr. Trump est\u00e9 cobrando por su \u201cprotecci\u00f3n\u201d al mejor estilo de Don Corleone? El polit\u00f3logo norteamericano Noam Chomsky, describe a la perfecci\u00f3n esta conducta de los Estados Unidos en sus relaciones internacionales manejadas con una l\u00f3gica mafiosa: el Padrino no tolera la desobediencia, \u00a0si un peque\u00f1o comerciante en alg\u00fan lugar, por ejemplo, no paga por protecci\u00f3n, el Don no lo acepta. Env\u00eda sus matones a pegarle hasta hacerlo pasta, incluso si no necesita el dinero, porque otros pueden seguir su ejemplo y el virus puede propagarse por todo el mundo, entonces las cosas empiezan a deteriorarse. Este es un principio dominante de los Estados Unidos en su forma de relacionarse con los pa\u00edses que no son complacientes con \u201csus intereses\u201d.<\/p>\n<p>Quiz\u00e1s muchas personas no hayan escuchado los discursos de los mandatarios que participaron en la 73\u00aa sesi\u00f3n de la Asamblea General de la ONU, pero un hecho inusual se viraliz\u00f3 por el mundo, al comienzo de la intervenci\u00f3n de Donald Trump, al escucharlo decir que \u201cen menos de dos a\u00f1os, mi gobierno ha logrado m\u00e1s que cualquier gobierno en la historia de nuestro pa\u00eds\u201d, los m\u00e1s de cien l\u00edderes mundiales y las delegaciones presentes no pudieron contener una espont\u00e1nea y sonora carcajada. Algo impensable hace muy pocos a\u00f1os atr\u00e1s, dentro de la solemnidad y respeto que se supone debe inspirar ese recinto, mucho menos cuando quien habla, no es un buf\u00f3n o un showman, sino quien se supone es el representante de la naci\u00f3n m\u00e1s poderosa del mundo. Luego en una conferencia de prensa, al querer minimizar el hecho afirm\u00f3: \u00abNo se re\u00edan de m\u00ed, se re\u00edan conmigo. Lo est\u00e1bamos pasando muy bien\u201d. No aclares que oscureces, dice un refr\u00e1n popular venezolano.<\/p>\n<p>El hecho de que la ONU en pleno se riera de Trump no una ni dos, sino tres veces, es llamativo, dado que una de las frases que m\u00e1s emple\u00f3 el presidente estadounidense en la campa\u00f1a electoral fue\u00a0\u00absomos el hazmerre\u00edr del mundo\u00bb. Aun cuando sus predecesores en las intervenciones en la ONU siempre se han erigido como los amos del mundo a\u00f1o tras a\u00f1o, al igual que Trump, haciendo uso de sus innegables dotes histri\u00f3nicas, lo hizo esta vez, en esta ocasi\u00f3n quien estaba hablando all\u00ed fue percibido en forma un\u00e1nime como un comediante. La Verdad tiene formas inesperadas de manifestarse en la realidad y lo ocurrido, seg\u00fan mi percepci\u00f3n y anhelo, espero sea el preludio de lo que los viejos fil\u00f3sofos\u00a0Hegel y Marx afirmaran en su tiempo: \u201cLa historia se repite dos veces, primero como tragedia y despu\u00e9s como comedia. \u00bfY por qu\u00e9 va la historia a ese paso? Para que la humanidad pueda separarse,\u00a0riendo, de su pasado\u201d.<\/p>\n","protected":false},"excerpt":{"rendered":"<p>\u201cEs la hora de los hornos y no se ha de ver m\u00e1s que la luz\u201d Jos\u00e9 Mart\u00ed Cada d\u00eda queda m\u00e1s claro que la reelecci\u00f3n del presidente Nicol\u00e1s Maduro por un nuevo mandato de 6 a\u00f1os (2019-2025) ganando con&hellip;<\/p>\n","protected":false},"author":1501,"featured_media":732363,"comment_status":"closed","ping_status":"closed","sticky":false,"template":"","format":"standard","meta":{"footnotes":""},"categories":[11389,161,74,67],"tags":[9230,3883],"class_list":["post-732331","post","type-post","status-publish","format-standard","has-post-thumbnail","hentry","category-contenido-original","category-opiniones","category-politica-es","category-sudamerica","tag-nicolas-maduro-es-en-es","tag-venezuela-es"],"yoast_head":"<!-- This site is optimized with the Yoast SEO plugin v27.1.1 - https:\/\/yoast.com\/product\/yoast-seo-wordpress\/ -->\n<title>La verdad de Venezuela se despliega por el mundo<\/title>\n<meta name=\"description\" content=\"\u201cEs la hora de los hornos y no se ha de ver m\u00e1s que la luz\u201d Jos\u00e9 Mart\u00ed Cada d\u00eda queda m\u00e1s claro que la reelecci\u00f3n del presidente Nicol\u00e1s Maduro por un\" \/>\n<meta name=\"robots\" content=\"index, follow, max-snippet:-1, max-image-preview:large, max-video-preview:-1\" \/>\n<link rel=\"canonical\" href=\"https:\/\/www.pressenza.com\/es\/2018\/10\/la-verdad-de-venezuela-se-despliega-por-el-mundo\/\" \/>\n<meta property=\"og:locale\" content=\"es_ES\" \/>\n<meta property=\"og:type\" content=\"article\" \/>\n<meta property=\"og:title\" content=\"La verdad de Venezuela se despliega por el mundo\" \/>\n<meta property=\"og:description\" content=\"\u201cEs la hora de los hornos y no se ha de ver m\u00e1s que la luz\u201d Jos\u00e9 Mart\u00ed Cada d\u00eda queda m\u00e1s claro que la reelecci\u00f3n del presidente Nicol\u00e1s Maduro por un\" \/>\n<meta property=\"og:url\" content=\"https:\/\/www.pressenza.com\/es\/2018\/10\/la-verdad-de-venezuela-se-despliega-por-el-mundo\/\" \/>\n<meta property=\"og:site_name\" content=\"Pressenza\" \/>\n<meta property=\"article:publisher\" content=\"https:\/\/www.facebook.com\/PressenzaItalia\" \/>\n<meta property=\"article:published_time\" content=\"2018-10-05T16:55:38+00:00\" \/>\n<meta property=\"og:image\" content=\"https:\/\/www.pressenza.com\/wp-content\/uploads\/2018\/10\/9438076805_cfe7ca656b_z.jpg\" \/>\n\t<meta property=\"og:image:width\" content=\"640\" \/>\n\t<meta property=\"og:image:height\" content=\"529\" \/>\n\t<meta property=\"og:image:type\" content=\"image\/jpeg\" \/>\n<meta name=\"author\" content=\"Rosi Bar\u00f3\" \/>\n<meta name=\"twitter:card\" content=\"summary_large_image\" \/>\n<meta name=\"twitter:creator\" content=\"@PressenzaIPA\" \/>\n<meta name=\"twitter:site\" content=\"@PressenzaIPA\" \/>\n<meta name=\"twitter:label1\" content=\"Escrito por\" \/>\n\t<meta name=\"twitter:data1\" content=\"Rosi Bar\u00f3\" \/>\n\t<meta name=\"twitter:label2\" content=\"Tiempo de lectura\" \/>\n\t<meta name=\"twitter:data2\" content=\"9 minutos\" \/>\n<script type=\"application\/ld+json\" class=\"yoast-schema-graph\">{\"@context\":\"https:\/\/schema.org\",\"@graph\":[{\"@type\":\"Article\",\"@id\":\"https:\/\/www.pressenza.com\/es\/2018\/10\/la-verdad-de-venezuela-se-despliega-por-el-mundo\/#article\",\"isPartOf\":{\"@id\":\"https:\/\/www.pressenza.com\/es\/2018\/10\/la-verdad-de-venezuela-se-despliega-por-el-mundo\/\"},\"author\":{\"name\":\"Rosi Bar\u00f3\",\"@id\":\"https:\/\/www.pressenza.com\/es\/#\/schema\/person\/564c0f4eee6bd521f5bf34f94dd4f4c6\"},\"headline\":\"La verdad de Venezuela se despliega por el mundo\",\"datePublished\":\"2018-10-05T16:55:38+00:00\",\"mainEntityOfPage\":{\"@id\":\"https:\/\/www.pressenza.com\/es\/2018\/10\/la-verdad-de-venezuela-se-despliega-por-el-mundo\/\"},\"wordCount\":1897,\"publisher\":{\"@id\":\"https:\/\/www.pressenza.com\/es\/#organization\"},\"image\":{\"@id\":\"https:\/\/www.pressenza.com\/es\/2018\/10\/la-verdad-de-venezuela-se-despliega-por-el-mundo\/#primaryimage\"},\"thumbnailUrl\":\"https:\/\/www.pressenza.com\/wp-content\/uploads\/2018\/10\/9438076805_cfe7ca656b_z.jpg\",\"keywords\":[\"Nicol\u00e1s Maduro\",\"Venezuela\"],\"articleSection\":[\"Contenido Original\",\"Opiniones\",\"Pol\u00edtica\",\"Sudam\u00e9rica\"],\"inLanguage\":\"es\"},{\"@type\":\"WebPage\",\"@id\":\"https:\/\/www.pressenza.com\/es\/2018\/10\/la-verdad-de-venezuela-se-despliega-por-el-mundo\/\",\"url\":\"https:\/\/www.pressenza.com\/es\/2018\/10\/la-verdad-de-venezuela-se-despliega-por-el-mundo\/\",\"name\":\"La verdad de Venezuela se despliega por el mundo\",\"isPartOf\":{\"@id\":\"https:\/\/www.pressenza.com\/es\/#website\"},\"primaryImageOfPage\":{\"@id\":\"https:\/\/www.pressenza.com\/es\/2018\/10\/la-verdad-de-venezuela-se-despliega-por-el-mundo\/#primaryimage\"},\"image\":{\"@id\":\"https:\/\/www.pressenza.com\/es\/2018\/10\/la-verdad-de-venezuela-se-despliega-por-el-mundo\/#primaryimage\"},\"thumbnailUrl\":\"https:\/\/www.pressenza.com\/wp-content\/uploads\/2018\/10\/9438076805_cfe7ca656b_z.jpg\",\"datePublished\":\"2018-10-05T16:55:38+00:00\",\"description\":\"\u201cEs la hora de los hornos y no se ha de ver m\u00e1s que la luz\u201d Jos\u00e9 Mart\u00ed Cada d\u00eda queda m\u00e1s claro que la reelecci\u00f3n del presidente Nicol\u00e1s Maduro por un\",\"breadcrumb\":{\"@id\":\"https:\/\/www.pressenza.com\/es\/2018\/10\/la-verdad-de-venezuela-se-despliega-por-el-mundo\/#breadcrumb\"},\"inLanguage\":\"es\",\"potentialAction\":[{\"@type\":\"ReadAction\",\"target\":[\"https:\/\/www.pressenza.com\/es\/2018\/10\/la-verdad-de-venezuela-se-despliega-por-el-mundo\/\"]}]},{\"@type\":\"ImageObject\",\"inLanguage\":\"es\",\"@id\":\"https:\/\/www.pressenza.com\/es\/2018\/10\/la-verdad-de-venezuela-se-despliega-por-el-mundo\/#primaryimage\",\"url\":\"https:\/\/www.pressenza.com\/wp-content\/uploads\/2018\/10\/9438076805_cfe7ca656b_z.jpg\",\"contentUrl\":\"https:\/\/www.pressenza.com\/wp-content\/uploads\/2018\/10\/9438076805_cfe7ca656b_z.jpg\",\"width\":640,\"height\":529},{\"@type\":\"BreadcrumbList\",\"@id\":\"https:\/\/www.pressenza.com\/es\/2018\/10\/la-verdad-de-venezuela-se-despliega-por-el-mundo\/#breadcrumb\",\"itemListElement\":[{\"@type\":\"ListItem\",\"position\":1,\"name\":\"Accueil\",\"item\":\"https:\/\/www.pressenza.com\/es\/\"},{\"@type\":\"ListItem\",\"position\":2,\"name\":\"La verdad de Venezuela se despliega por el mundo\"}]},{\"@type\":\"WebSite\",\"@id\":\"https:\/\/www.pressenza.com\/es\/#website\",\"url\":\"https:\/\/www.pressenza.com\/es\/\",\"name\":\"Pressenza\",\"description\":\"International Press Agency\",\"publisher\":{\"@id\":\"https:\/\/www.pressenza.com\/es\/#organization\"},\"potentialAction\":[{\"@type\":\"SearchAction\",\"target\":{\"@type\":\"EntryPoint\",\"urlTemplate\":\"https:\/\/www.pressenza.com\/es\/?s={search_term_string}\"},\"query-input\":{\"@type\":\"PropertyValueSpecification\",\"valueRequired\":true,\"valueName\":\"search_term_string\"}}],\"inLanguage\":\"es\"},{\"@type\":\"Organization\",\"@id\":\"https:\/\/www.pressenza.com\/es\/#organization\",\"name\":\"Pressenza\",\"url\":\"https:\/\/www.pressenza.com\/es\/\",\"logo\":{\"@type\":\"ImageObject\",\"inLanguage\":\"es\",\"@id\":\"https:\/\/www.pressenza.com\/es\/#\/schema\/logo\/image\/\",\"url\":\"https:\/\/www.pressenza.com\/wp-content\/uploads\/2022\/10\/pressenza_logo_200x200.jpg\",\"contentUrl\":\"https:\/\/www.pressenza.com\/wp-content\/uploads\/2022\/10\/pressenza_logo_200x200.jpg\",\"width\":200,\"height\":200,\"caption\":\"Pressenza\"},\"image\":{\"@id\":\"https:\/\/www.pressenza.com\/es\/#\/schema\/logo\/image\/\"},\"sameAs\":[\"https:\/\/www.facebook.com\/PressenzaItalia\",\"https:\/\/x.com\/PressenzaIPA\"]},{\"@type\":\"Person\",\"@id\":\"https:\/\/www.pressenza.com\/es\/#\/schema\/person\/564c0f4eee6bd521f5bf34f94dd4f4c6\",\"name\":\"Rosi Bar\u00f3\",\"description\":\"Radicada en Venezuela, de formaci\u00f3n Silo\u00edsta y Humanista, ha vivido y apoya el proceso de la Revoluci\u00f3n Bolivariana desde su comienzo. Actualmente participa en el Consejo Local de Abastecimiento y Producci\u00f3n (CLAP) de su zona.\",\"url\":\"https:\/\/www.pressenza.com\/es\/author\/rosi-baro\/\"}]}<\/script>\n<!-- \/ Yoast SEO plugin. -->","yoast_head_json":{"title":"La verdad de Venezuela se despliega por el mundo","description":"\u201cEs la hora de los hornos y no se ha de ver m\u00e1s que la luz\u201d Jos\u00e9 Mart\u00ed Cada d\u00eda queda m\u00e1s claro que la reelecci\u00f3n del presidente Nicol\u00e1s Maduro por un","robots":{"index":"index","follow":"follow","max-snippet":"max-snippet:-1","max-image-preview":"max-image-preview:large","max-video-preview":"max-video-preview:-1"},"canonical":"https:\/\/www.pressenza.com\/es\/2018\/10\/la-verdad-de-venezuela-se-despliega-por-el-mundo\/","og_locale":"es_ES","og_type":"article","og_title":"La verdad de Venezuela se despliega por el mundo","og_description":"\u201cEs la hora de los hornos y no se ha de ver m\u00e1s que la luz\u201d Jos\u00e9 Mart\u00ed Cada d\u00eda queda m\u00e1s claro que la reelecci\u00f3n del presidente Nicol\u00e1s Maduro por un","og_url":"https:\/\/www.pressenza.com\/es\/2018\/10\/la-verdad-de-venezuela-se-despliega-por-el-mundo\/","og_site_name":"Pressenza","article_publisher":"https:\/\/www.facebook.com\/PressenzaItalia","article_published_time":"2018-10-05T16:55:38+00:00","og_image":[{"width":640,"height":529,"url":"https:\/\/www.pressenza.com\/wp-content\/uploads\/2018\/10\/9438076805_cfe7ca656b_z.jpg","type":"image\/jpeg"}],"author":"Rosi Bar\u00f3","twitter_card":"summary_large_image","twitter_creator":"@PressenzaIPA","twitter_site":"@PressenzaIPA","twitter_misc":{"Escrito por":"Rosi Bar\u00f3","Tiempo de lectura":"9 minutos"},"schema":{"@context":"https:\/\/schema.org","@graph":[{"@type":"Article","@id":"https:\/\/www.pressenza.com\/es\/2018\/10\/la-verdad-de-venezuela-se-despliega-por-el-mundo\/#article","isPartOf":{"@id":"https:\/\/www.pressenza.com\/es\/2018\/10\/la-verdad-de-venezuela-se-despliega-por-el-mundo\/"},"author":{"name":"Rosi Bar\u00f3","@id":"https:\/\/www.pressenza.com\/es\/#\/schema\/person\/564c0f4eee6bd521f5bf34f94dd4f4c6"},"headline":"La verdad de Venezuela se despliega por el mundo","datePublished":"2018-10-05T16:55:38+00:00","mainEntityOfPage":{"@id":"https:\/\/www.pressenza.com\/es\/2018\/10\/la-verdad-de-venezuela-se-despliega-por-el-mundo\/"},"wordCount":1897,"publisher":{"@id":"https:\/\/www.pressenza.com\/es\/#organization"},"image":{"@id":"https:\/\/www.pressenza.com\/es\/2018\/10\/la-verdad-de-venezuela-se-despliega-por-el-mundo\/#primaryimage"},"thumbnailUrl":"https:\/\/www.pressenza.com\/wp-content\/uploads\/2018\/10\/9438076805_cfe7ca656b_z.jpg","keywords":["Nicol\u00e1s Maduro","Venezuela"],"articleSection":["Contenido Original","Opiniones","Pol\u00edtica","Sudam\u00e9rica"],"inLanguage":"es"},{"@type":"WebPage","@id":"https:\/\/www.pressenza.com\/es\/2018\/10\/la-verdad-de-venezuela-se-despliega-por-el-mundo\/","url":"https:\/\/www.pressenza.com\/es\/2018\/10\/la-verdad-de-venezuela-se-despliega-por-el-mundo\/","name":"La verdad de Venezuela se despliega por el mundo","isPartOf":{"@id":"https:\/\/www.pressenza.com\/es\/#website"},"primaryImageOfPage":{"@id":"https:\/\/www.pressenza.com\/es\/2018\/10\/la-verdad-de-venezuela-se-despliega-por-el-mundo\/#primaryimage"},"image":{"@id":"https:\/\/www.pressenza.com\/es\/2018\/10\/la-verdad-de-venezuela-se-despliega-por-el-mundo\/#primaryimage"},"thumbnailUrl":"https:\/\/www.pressenza.com\/wp-content\/uploads\/2018\/10\/9438076805_cfe7ca656b_z.jpg","datePublished":"2018-10-05T16:55:38+00:00","description":"\u201cEs la hora de los hornos y no se ha de ver m\u00e1s que la luz\u201d Jos\u00e9 Mart\u00ed Cada d\u00eda queda m\u00e1s claro que la reelecci\u00f3n del presidente Nicol\u00e1s Maduro por un","breadcrumb":{"@id":"https:\/\/www.pressenza.com\/es\/2018\/10\/la-verdad-de-venezuela-se-despliega-por-el-mundo\/#breadcrumb"},"inLanguage":"es","potentialAction":[{"@type":"ReadAction","target":["https:\/\/www.pressenza.com\/es\/2018\/10\/la-verdad-de-venezuela-se-despliega-por-el-mundo\/"]}]},{"@type":"ImageObject","inLanguage":"es","@id":"https:\/\/www.pressenza.com\/es\/2018\/10\/la-verdad-de-venezuela-se-despliega-por-el-mundo\/#primaryimage","url":"https:\/\/www.pressenza.com\/wp-content\/uploads\/2018\/10\/9438076805_cfe7ca656b_z.jpg","contentUrl":"https:\/\/www.pressenza.com\/wp-content\/uploads\/2018\/10\/9438076805_cfe7ca656b_z.jpg","width":640,"height":529},{"@type":"BreadcrumbList","@id":"https:\/\/www.pressenza.com\/es\/2018\/10\/la-verdad-de-venezuela-se-despliega-por-el-mundo\/#breadcrumb","itemListElement":[{"@type":"ListItem","position":1,"name":"Accueil","item":"https:\/\/www.pressenza.com\/es\/"},{"@type":"ListItem","position":2,"name":"La verdad de Venezuela se despliega por el mundo"}]},{"@type":"WebSite","@id":"https:\/\/www.pressenza.com\/es\/#website","url":"https:\/\/www.pressenza.com\/es\/","name":"Pressenza","description":"International Press Agency","publisher":{"@id":"https:\/\/www.pressenza.com\/es\/#organization"},"potentialAction":[{"@type":"SearchAction","target":{"@type":"EntryPoint","urlTemplate":"https:\/\/www.pressenza.com\/es\/?s={search_term_string}"},"query-input":{"@type":"PropertyValueSpecification","valueRequired":true,"valueName":"search_term_string"}}],"inLanguage":"es"},{"@type":"Organization","@id":"https:\/\/www.pressenza.com\/es\/#organization","name":"Pressenza","url":"https:\/\/www.pressenza.com\/es\/","logo":{"@type":"ImageObject","inLanguage":"es","@id":"https:\/\/www.pressenza.com\/es\/#\/schema\/logo\/image\/","url":"https:\/\/www.pressenza.com\/wp-content\/uploads\/2022\/10\/pressenza_logo_200x200.jpg","contentUrl":"https:\/\/www.pressenza.com\/wp-content\/uploads\/2022\/10\/pressenza_logo_200x200.jpg","width":200,"height":200,"caption":"Pressenza"},"image":{"@id":"https:\/\/www.pressenza.com\/es\/#\/schema\/logo\/image\/"},"sameAs":["https:\/\/www.facebook.com\/PressenzaItalia","https:\/\/x.com\/PressenzaIPA"]},{"@type":"Person","@id":"https:\/\/www.pressenza.com\/es\/#\/schema\/person\/564c0f4eee6bd521f5bf34f94dd4f4c6","name":"Rosi Bar\u00f3","description":"Radicada en Venezuela, de formaci\u00f3n Silo\u00edsta y Humanista, ha vivido y apoya el proceso de la Revoluci\u00f3n Bolivariana desde su comienzo. Actualmente participa en el Consejo Local de Abastecimiento y Producci\u00f3n (CLAP) de su zona.","url":"https:\/\/www.pressenza.com\/es\/author\/rosi-baro\/"}]}},"place":"Caracas, Venezuela","original_article_url":"","_links":{"self":[{"href":"https:\/\/www.pressenza.com\/es\/wp-json\/wp\/v2\/posts\/732331","targetHints":{"allow":["GET"]}}],"collection":[{"href":"https:\/\/www.pressenza.com\/es\/wp-json\/wp\/v2\/posts"}],"about":[{"href":"https:\/\/www.pressenza.com\/es\/wp-json\/wp\/v2\/types\/post"}],"author":[{"embeddable":true,"href":"https:\/\/www.pressenza.com\/es\/wp-json\/wp\/v2\/users\/1501"}],"replies":[{"embeddable":true,"href":"https:\/\/www.pressenza.com\/es\/wp-json\/wp\/v2\/comments?post=732331"}],"version-history":[{"count":0,"href":"https:\/\/www.pressenza.com\/es\/wp-json\/wp\/v2\/posts\/732331\/revisions"}],"wp:featuredmedia":[{"embeddable":true,"href":"https:\/\/www.pressenza.com\/es\/wp-json\/wp\/v2\/media\/732363"}],"wp:attachment":[{"href":"https:\/\/www.pressenza.com\/es\/wp-json\/wp\/v2\/media?parent=732331"}],"wp:term":[{"taxonomy":"category","embeddable":true,"href":"https:\/\/www.pressenza.com\/es\/wp-json\/wp\/v2\/categories?post=732331"},{"taxonomy":"post_tag","embeddable":true,"href":"https:\/\/www.pressenza.com\/es\/wp-json\/wp\/v2\/tags?post=732331"}],"curies":[{"name":"wp","href":"https:\/\/api.w.org\/{rel}","templated":true}]}}