{"id":732117,"date":"2018-10-05T07:56:14","date_gmt":"2018-10-05T06:56:14","guid":{"rendered":"https:\/\/www.pressenza.com\/?p=732117"},"modified":"2018-10-05T07:57:25","modified_gmt":"2018-10-05T06:57:25","slug":"comienza-el-foro-de-movimientos-sociales-de-madrid-2018","status":"publish","type":"post","link":"https:\/\/www.pressenza.com\/es\/2018\/10\/comienza-el-foro-de-movimientos-sociales-de-madrid-2018\/","title":{"rendered":"Comienza el Foro de Movimientos Sociales de Madrid 2018"},"content":{"rendered":"<blockquote><p>Tendr\u00e1 lugar entre el 5 y el 7 de octubre en el CSA La Tabacalera y participar\u00e1n cerca de 60 colectivos de los movimientos sociales madrile\u00f1os agrupados en siete Ejes tem\u00e1ticos. El lema general escogido para este a\u00f1o es: <strong>Derechos para todas, abriendo caminos sin fronteras<\/strong><\/p><\/blockquote>\n<p>El\u00a0 Foro de Movimientos Sociales de Madrid 2018, que ser\u00e1 el 11\u00ba de los realizados hasta la fecha, lleva prepar\u00e1ndose durante todo este a\u00f1o. En su asamblea la existencia de una propuesta como el Foro se sigui\u00f3 viendo necesaria: un Foro construido de forma asamblearia, plural e independiente, sin liderazgos ni dependencias, donde la voluntad de los movimientos que quieran participar sea lo \u00fanico que cuente.<\/p>\n<p>El Foro de MMSS de Madrid 2018 est\u00e1 configurado en torno a siete Ejes, distribuidos entre el viernes por la tarde, el s\u00e1bado ma\u00f1ana y tarde y el domingo por la ma\u00f1ana. El feminismo y la problem\u00e1tica de las mujeres se tratar\u00e1, no en un Eje determinado, sino que tendr\u00e1 presencia en todos. El domingo por la ma\u00f1ana ser\u00e1 la asamblea de puesta en com\u00fan y cierre del Foro 2018.<\/p>\n<p>A continuaci\u00f3n un <strong>resumen del programa<\/strong>:<\/p>\n<p><strong>Viernes 5 <\/strong><\/p>\n<p>Eje <strong>Por nuestros derechos (18:00 a 21:00). <\/strong>Se tratar\u00e1 de la p\u00e9rdida de derechos relacionada con la Globalizaci\u00f3n Neoliberal y la priorizaci\u00f3n del pago de la deuda. <strong>Participan:<\/strong> Audita Sanidad. Marea B\u00e1sica. Som Energ\u00eda Madrid. Espacio Independiente. Servicio Dom\u00e9stico Activo. Humanistas por la Renta B\u00e1sica Universal e Incondicional. Plataforma 7N contra las violencias machistas-Madrid. F\u00f3rum Feminista Madrid. Familias para la sociedad del siglo XXI. Por la Democracia Directa. Las Kellys Madrid. Asteroid Cultural. Asoc. de Investigaci\u00f3n y Especializaci\u00f3n sobre Temas Latinoamericanos.<\/p>\n<p>Eje <strong>Represi\u00f3n, consecuencias sobre las personas y respuestas organizadas (18:00 a 21:00)<\/strong>. Denunciar la represi\u00f3n sistem\u00e1tica del sistema, la repercusi\u00f3n de esta represi\u00f3n en la vida de las personas afectadas y las respuestas personales y colectivas que se pueden dar. <strong>Participan:<\/strong> Isa Tetu\u00e1n. Tetu\u00e1n Resiste\/Antidesahucios 15M Tetu\u00e1n. Comisi\u00f3n Legal Sol. No Somos Delito. Greenpeace. Defender a quien defiende. Amec\/FAC. Arte Total.<\/p>\n<p>Eje <strong>El Arte como reivindicaci\u00f3n social.<\/strong> Actuaciones reivindicando el papel del arte en el activismo social. <strong>Participan: <\/strong><strong>Teatreras feministas 21:15<\/strong><strong>. <\/strong><strong>Teatro del Abrazo 21:30<\/strong><strong><br \/>\n<\/strong><br \/>\n<strong>S\u00e1bado 6 <\/strong><\/p>\n<p>Eje<strong> Memoria hist\u00f3rica, memoria del pueblo (11:00 a 14:00).<\/strong> Relatos que el\u00a0 pueblo trae desde su memoria colectiva e individual. Se tratar\u00e1n el colonialismo, el franquismo y procesos como la gentrificaci\u00f3n. <strong>Participan:<\/strong> Plataforma contra la impunidad de los cr\u00edmenes del franquismo. Todos los ni\u00f1os robados son tambi\u00e9n mis ni\u00f1os. Fundaci\u00f3n Salvador Segu\u00ed. Iniciativa por el Resurgimiento del movimiento por la Abolici\u00f3n de la esclavitud. Plaza de los Pueblos. Postory.<\/p>\n<p>Eje<strong> Abriendo caminos para sostener la vida (11:00 a 14:00).<\/strong> Debates y propuestas de Econom\u00eda Feminista, Econom\u00eda Solidaria, Sostenibilidad Energ\u00e9tica, Soberan\u00eda Alimentaria, Renta B\u00e1sica, Movimiento en Transici\u00f3n, Decrecimiento, Alternativas monetarias,\u2026 <strong>Participan: <\/strong>Red de Huertos urbanos Comunitarios de Madrid. Som Energ\u00eda Madrid. Transformando. Marea B\u00e1sica. Esto es una plaza. Salm\u00f3n Contracorriente. Plataforma por un nuevo modelo energ\u00e9tico. Faircoop. Asoc. de Investigaci\u00f3n y Especializaci\u00f3n sobre Temas Latinoamericanos.<\/p>\n<p><strong>Comida y v\u00eddeos (14:00 a 17:00) <\/strong><\/p>\n<p>Eje<strong> Medios de comunicaci\u00f3n alternativos (17:00 a 20:00).<\/strong> La informaci\u00f3n, sobre todo la referente al activismo social, es clave para conocer las alternativas que poco a poco se van gestando en las actividades de los movimientos sociales.<br \/>\n<strong>Participan:<\/strong> El Salto. Sato D\u00edaz (Cuarto Poder). Peri\u00f3dico Vallecas VA. \u00c1gora Sol Radio. Onpublico Espa\u00f1a. B\u00e1sicamente Precarias. Programa Solidarias. Radio Vallekas. Radio Encuentro (Sucre, Bolivia).<\/p>\n<p>Eje<strong> Resistencias a las fronteras y a las guerras (17:00 a 20:00).<\/strong> Alternativas sociales al gasto militar, iniciativas noviolentas, estrategias de desobediencia, la construcci\u00f3n del\/ la enemiga\/o, la jerarquizaci\u00f3n de las diferencias. <strong>Participan:<\/strong> Campa\u00f1a Noviolencia 2018. Tierra y Cultura. Madrid solidaria con Palestina. Mujeres de Negro contra la guerra de Madrid. Iniciativa por el Resurgimiento del movimiento por la Abolici\u00f3n de\u00a0 la esclavitud. Karibu. Observatorio de Racismo Institucional. Cambalache. Mundo Sin Guerras. BDS Madrid.<\/p>\n<p>Eje<strong> El arte como reivindicaci\u00f3n social (20:15 a 22:00).<\/strong> Actuaciones reivindicando el papel del arte en el activismo social e integrando diferentes sensibilidades y expresiones art\u00edsticas: poes\u00eda, m\u00fasica, teatro, danza. <strong>Participan: <\/strong><strong>Asteroid Cultural (Baile Flashmob) 20:15<\/strong><strong>. <\/strong><strong>Arte Total (M\u00fasica y Poes\u00eda) 20:30<\/strong><strong>. <\/strong><strong>Magali Revollar (M\u00fasica-Per\u00fa) 21:30<\/strong><strong>. <\/strong><strong>Econoplastas-El Rinc\u00f3n Lento: La Taberna Fant\u00e1stica (21:45)<\/strong><strong><br \/>\n<\/strong><br \/>\n<strong>Domingo 7 <\/strong><\/p>\n<p><strong>Asamblea de puesta en com\u00fan (11:30)<\/strong> con res\u00famenes de los debates, propuestas de cada Eje y micro abierto.<\/p>\n<p>Cerrar\u00e1 el Foro de MMSS de Madrid 2018 la actuaci\u00f3n de <strong>La Solf\u00f3nica (13:45 a 14:15)<\/strong><\/p>\n<p>&nbsp;<\/p>\n","protected":false},"excerpt":{"rendered":"<p>Tendr\u00e1 lugar entre el 5 y el 7 de octubre en el CSA La Tabacalera y participar\u00e1n cerca de 60 colectivos de los movimientos sociales madrile\u00f1os agrupados en siete Ejes tem\u00e1ticos. El lema general escogido para este a\u00f1o es: Derechos&hellip;<\/p>\n","protected":false},"author":94,"featured_media":732127,"comment_status":"closed","ping_status":"closed","sticky":false,"template":"","format":"standard","meta":{"footnotes":""},"categories":[149,79,66,63],"tags":[441,27097,21493,50509,1014,27815,16832,50508],"class_list":["post-732117","post","type-post","status-publish","format-standard","has-post-thumbnail","hentry","category-comunicados-de-prensa","category-derechos-humanos","category-europa-es","category-region-es","tag-derechos-humanos","tag-foro-social-de-madrid","tag-humanistas-por-la-renta-basica-universal","tag-la-solfonica","tag-migraciones","tag-mujer","tag-periodismo","tag-tabacalera"],"yoast_head":"<!-- This site is optimized with the Yoast SEO plugin v27.1.1 - https:\/\/yoast.com\/product\/yoast-seo-wordpress\/ -->\n<title>Comienza el Foro de Movimientos Sociales de Madrid 2018<\/title>\n<meta name=\"description\" content=\"Tendr\u00e1 lugar entre el 5 y el 7 de octubre en el CSA La Tabacalera y participar\u00e1n cerca de 60 colectivos de los movimientos sociales madrile\u00f1os agrupados\" \/>\n<meta name=\"robots\" content=\"index, follow, max-snippet:-1, max-image-preview:large, max-video-preview:-1\" \/>\n<link rel=\"canonical\" href=\"https:\/\/www.pressenza.com\/es\/2018\/10\/comienza-el-foro-de-movimientos-sociales-de-madrid-2018\/\" \/>\n<meta property=\"og:locale\" content=\"es_ES\" \/>\n<meta property=\"og:type\" content=\"article\" \/>\n<meta property=\"og:title\" content=\"Comienza el Foro de Movimientos Sociales de Madrid 2018\" \/>\n<meta property=\"og:description\" content=\"Tendr\u00e1 lugar entre el 5 y el 7 de octubre en el CSA La Tabacalera y participar\u00e1n cerca de 60 colectivos de los movimientos sociales madrile\u00f1os agrupados\" \/>\n<meta property=\"og:url\" content=\"https:\/\/www.pressenza.com\/es\/2018\/10\/comienza-el-foro-de-movimientos-sociales-de-madrid-2018\/\" \/>\n<meta property=\"og:site_name\" content=\"Pressenza\" \/>\n<meta property=\"article:publisher\" content=\"https:\/\/www.facebook.com\/PressenzaItalia\" \/>\n<meta property=\"article:author\" content=\"https:\/\/www.facebook.com\/pressenza\" \/>\n<meta property=\"article:published_time\" content=\"2018-10-05T06:56:14+00:00\" \/>\n<meta property=\"article:modified_time\" content=\"2018-10-05T06:57:25+00:00\" \/>\n<meta property=\"og:image\" content=\"https:\/\/www.pressenza.com\/wp-content\/uploads\/2018\/10\/foro-social-madrid-2018.jpg\" \/>\n\t<meta property=\"og:image:width\" content=\"400\" \/>\n\t<meta property=\"og:image:height\" content=\"274\" \/>\n\t<meta property=\"og:image:type\" content=\"image\/jpeg\" \/>\n<meta name=\"author\" content=\"Redacci\u00f3n Madrid\" \/>\n<meta name=\"twitter:card\" content=\"summary_large_image\" \/>\n<meta name=\"twitter:creator\" content=\"@pressenza\" \/>\n<meta name=\"twitter:site\" content=\"@PressenzaIPA\" \/>\n<meta name=\"twitter:label1\" content=\"Escrito por\" \/>\n\t<meta name=\"twitter:data1\" content=\"Redacci\u00f3n Madrid\" \/>\n\t<meta name=\"twitter:label2\" content=\"Tiempo de lectura\" \/>\n\t<meta name=\"twitter:data2\" content=\"4 minutos\" \/>\n<script type=\"application\/ld+json\" class=\"yoast-schema-graph\">{\"@context\":\"https:\/\/schema.org\",\"@graph\":[{\"@type\":\"Article\",\"@id\":\"https:\/\/www.pressenza.com\/es\/2018\/10\/comienza-el-foro-de-movimientos-sociales-de-madrid-2018\/#article\",\"isPartOf\":{\"@id\":\"https:\/\/www.pressenza.com\/es\/2018\/10\/comienza-el-foro-de-movimientos-sociales-de-madrid-2018\/\"},\"author\":{\"name\":\"Redacci\u00f3n Madrid\",\"@id\":\"https:\/\/www.pressenza.com\/es\/#\/schema\/person\/828fc40eeca2ad7be3630e5a46adba94\"},\"headline\":\"Comienza el Foro de Movimientos Sociales de Madrid 2018\",\"datePublished\":\"2018-10-05T06:56:14+00:00\",\"dateModified\":\"2018-10-05T06:57:25+00:00\",\"mainEntityOfPage\":{\"@id\":\"https:\/\/www.pressenza.com\/es\/2018\/10\/comienza-el-foro-de-movimientos-sociales-de-madrid-2018\/\"},\"wordCount\":777,\"publisher\":{\"@id\":\"https:\/\/www.pressenza.com\/es\/#organization\"},\"image\":{\"@id\":\"https:\/\/www.pressenza.com\/es\/2018\/10\/comienza-el-foro-de-movimientos-sociales-de-madrid-2018\/#primaryimage\"},\"thumbnailUrl\":\"https:\/\/www.pressenza.com\/wp-content\/uploads\/2018\/10\/foro-social-madrid-2018.jpg\",\"keywords\":[\"Derechos humanos\",\"Foro Social de Madrid\",\"Humanistas por la Renta B\u00e1sica Universal\",\"La Solf\u00f3nica\",\"migraciones\",\"mujer\",\"periodismo\",\"Tabacalera\"],\"articleSection\":[\"Comunicados de Prensa\",\"Derechos Humanos\",\"Europa\",\"Regi\u00f3n\"],\"inLanguage\":\"es\"},{\"@type\":\"WebPage\",\"@id\":\"https:\/\/www.pressenza.com\/es\/2018\/10\/comienza-el-foro-de-movimientos-sociales-de-madrid-2018\/\",\"url\":\"https:\/\/www.pressenza.com\/es\/2018\/10\/comienza-el-foro-de-movimientos-sociales-de-madrid-2018\/\",\"name\":\"Comienza el Foro de Movimientos Sociales de Madrid 2018\",\"isPartOf\":{\"@id\":\"https:\/\/www.pressenza.com\/es\/#website\"},\"primaryImageOfPage\":{\"@id\":\"https:\/\/www.pressenza.com\/es\/2018\/10\/comienza-el-foro-de-movimientos-sociales-de-madrid-2018\/#primaryimage\"},\"image\":{\"@id\":\"https:\/\/www.pressenza.com\/es\/2018\/10\/comienza-el-foro-de-movimientos-sociales-de-madrid-2018\/#primaryimage\"},\"thumbnailUrl\":\"https:\/\/www.pressenza.com\/wp-content\/uploads\/2018\/10\/foro-social-madrid-2018.jpg\",\"datePublished\":\"2018-10-05T06:56:14+00:00\",\"dateModified\":\"2018-10-05T06:57:25+00:00\",\"description\":\"Tendr\u00e1 lugar entre el 5 y el 7 de octubre en el CSA La Tabacalera y participar\u00e1n cerca de 60 colectivos de los movimientos sociales madrile\u00f1os agrupados\",\"breadcrumb\":{\"@id\":\"https:\/\/www.pressenza.com\/es\/2018\/10\/comienza-el-foro-de-movimientos-sociales-de-madrid-2018\/#breadcrumb\"},\"inLanguage\":\"es\",\"potentialAction\":[{\"@type\":\"ReadAction\",\"target\":[\"https:\/\/www.pressenza.com\/es\/2018\/10\/comienza-el-foro-de-movimientos-sociales-de-madrid-2018\/\"]}]},{\"@type\":\"ImageObject\",\"inLanguage\":\"es\",\"@id\":\"https:\/\/www.pressenza.com\/es\/2018\/10\/comienza-el-foro-de-movimientos-sociales-de-madrid-2018\/#primaryimage\",\"url\":\"https:\/\/www.pressenza.com\/wp-content\/uploads\/2018\/10\/foro-social-madrid-2018.jpg\",\"contentUrl\":\"https:\/\/www.pressenza.com\/wp-content\/uploads\/2018\/10\/foro-social-madrid-2018.jpg\",\"width\":400,\"height\":274},{\"@type\":\"BreadcrumbList\",\"@id\":\"https:\/\/www.pressenza.com\/es\/2018\/10\/comienza-el-foro-de-movimientos-sociales-de-madrid-2018\/#breadcrumb\",\"itemListElement\":[{\"@type\":\"ListItem\",\"position\":1,\"name\":\"Accueil\",\"item\":\"https:\/\/www.pressenza.com\/es\/\"},{\"@type\":\"ListItem\",\"position\":2,\"name\":\"Comienza el Foro de Movimientos Sociales de Madrid 2018\"}]},{\"@type\":\"WebSite\",\"@id\":\"https:\/\/www.pressenza.com\/es\/#website\",\"url\":\"https:\/\/www.pressenza.com\/es\/\",\"name\":\"Pressenza\",\"description\":\"International Press Agency\",\"publisher\":{\"@id\":\"https:\/\/www.pressenza.com\/es\/#organization\"},\"potentialAction\":[{\"@type\":\"SearchAction\",\"target\":{\"@type\":\"EntryPoint\",\"urlTemplate\":\"https:\/\/www.pressenza.com\/es\/?s={search_term_string}\"},\"query-input\":{\"@type\":\"PropertyValueSpecification\",\"valueRequired\":true,\"valueName\":\"search_term_string\"}}],\"inLanguage\":\"es\"},{\"@type\":\"Organization\",\"@id\":\"https:\/\/www.pressenza.com\/es\/#organization\",\"name\":\"Pressenza\",\"url\":\"https:\/\/www.pressenza.com\/es\/\",\"logo\":{\"@type\":\"ImageObject\",\"inLanguage\":\"es\",\"@id\":\"https:\/\/www.pressenza.com\/es\/#\/schema\/logo\/image\/\",\"url\":\"https:\/\/www.pressenza.com\/wp-content\/uploads\/2022\/10\/pressenza_logo_200x200.jpg\",\"contentUrl\":\"https:\/\/www.pressenza.com\/wp-content\/uploads\/2022\/10\/pressenza_logo_200x200.jpg\",\"width\":200,\"height\":200,\"caption\":\"Pressenza\"},\"image\":{\"@id\":\"https:\/\/www.pressenza.com\/es\/#\/schema\/logo\/image\/\"},\"sameAs\":[\"https:\/\/www.facebook.com\/PressenzaItalia\",\"https:\/\/x.com\/PressenzaIPA\"]},{\"@type\":\"Person\",\"@id\":\"https:\/\/www.pressenza.com\/es\/#\/schema\/person\/828fc40eeca2ad7be3630e5a46adba94\",\"name\":\"Redacci\u00f3n Madrid\",\"description\":\"News from the Pressenza Bureau in Madrid, Spain\",\"sameAs\":[\"https:\/\/www.facebook.com\/pressenza\",\"https:\/\/x.com\/pressenza\"],\"url\":\"https:\/\/www.pressenza.com\/es\/author\/redaccion-madrid\/\"}]}<\/script>\n<!-- \/ Yoast SEO plugin. -->","yoast_head_json":{"title":"Comienza el Foro de Movimientos Sociales de Madrid 2018","description":"Tendr\u00e1 lugar entre el 5 y el 7 de octubre en el CSA La Tabacalera y participar\u00e1n cerca de 60 colectivos de los movimientos sociales madrile\u00f1os agrupados","robots":{"index":"index","follow":"follow","max-snippet":"max-snippet:-1","max-image-preview":"max-image-preview:large","max-video-preview":"max-video-preview:-1"},"canonical":"https:\/\/www.pressenza.com\/es\/2018\/10\/comienza-el-foro-de-movimientos-sociales-de-madrid-2018\/","og_locale":"es_ES","og_type":"article","og_title":"Comienza el Foro de Movimientos Sociales de Madrid 2018","og_description":"Tendr\u00e1 lugar entre el 5 y el 7 de octubre en el CSA La Tabacalera y participar\u00e1n cerca de 60 colectivos de los movimientos sociales madrile\u00f1os agrupados","og_url":"https:\/\/www.pressenza.com\/es\/2018\/10\/comienza-el-foro-de-movimientos-sociales-de-madrid-2018\/","og_site_name":"Pressenza","article_publisher":"https:\/\/www.facebook.com\/PressenzaItalia","article_author":"https:\/\/www.facebook.com\/pressenza","article_published_time":"2018-10-05T06:56:14+00:00","article_modified_time":"2018-10-05T06:57:25+00:00","og_image":[{"width":400,"height":274,"url":"https:\/\/www.pressenza.com\/wp-content\/uploads\/2018\/10\/foro-social-madrid-2018.jpg","type":"image\/jpeg"}],"author":"Redacci\u00f3n Madrid","twitter_card":"summary_large_image","twitter_creator":"@pressenza","twitter_site":"@PressenzaIPA","twitter_misc":{"Escrito por":"Redacci\u00f3n Madrid","Tiempo de lectura":"4 minutos"},"schema":{"@context":"https:\/\/schema.org","@graph":[{"@type":"Article","@id":"https:\/\/www.pressenza.com\/es\/2018\/10\/comienza-el-foro-de-movimientos-sociales-de-madrid-2018\/#article","isPartOf":{"@id":"https:\/\/www.pressenza.com\/es\/2018\/10\/comienza-el-foro-de-movimientos-sociales-de-madrid-2018\/"},"author":{"name":"Redacci\u00f3n Madrid","@id":"https:\/\/www.pressenza.com\/es\/#\/schema\/person\/828fc40eeca2ad7be3630e5a46adba94"},"headline":"Comienza el Foro de Movimientos Sociales de Madrid 2018","datePublished":"2018-10-05T06:56:14+00:00","dateModified":"2018-10-05T06:57:25+00:00","mainEntityOfPage":{"@id":"https:\/\/www.pressenza.com\/es\/2018\/10\/comienza-el-foro-de-movimientos-sociales-de-madrid-2018\/"},"wordCount":777,"publisher":{"@id":"https:\/\/www.pressenza.com\/es\/#organization"},"image":{"@id":"https:\/\/www.pressenza.com\/es\/2018\/10\/comienza-el-foro-de-movimientos-sociales-de-madrid-2018\/#primaryimage"},"thumbnailUrl":"https:\/\/www.pressenza.com\/wp-content\/uploads\/2018\/10\/foro-social-madrid-2018.jpg","keywords":["Derechos humanos","Foro Social de Madrid","Humanistas por la Renta B\u00e1sica Universal","La Solf\u00f3nica","migraciones","mujer","periodismo","Tabacalera"],"articleSection":["Comunicados de Prensa","Derechos Humanos","Europa","Regi\u00f3n"],"inLanguage":"es"},{"@type":"WebPage","@id":"https:\/\/www.pressenza.com\/es\/2018\/10\/comienza-el-foro-de-movimientos-sociales-de-madrid-2018\/","url":"https:\/\/www.pressenza.com\/es\/2018\/10\/comienza-el-foro-de-movimientos-sociales-de-madrid-2018\/","name":"Comienza el Foro de Movimientos Sociales de Madrid 2018","isPartOf":{"@id":"https:\/\/www.pressenza.com\/es\/#website"},"primaryImageOfPage":{"@id":"https:\/\/www.pressenza.com\/es\/2018\/10\/comienza-el-foro-de-movimientos-sociales-de-madrid-2018\/#primaryimage"},"image":{"@id":"https:\/\/www.pressenza.com\/es\/2018\/10\/comienza-el-foro-de-movimientos-sociales-de-madrid-2018\/#primaryimage"},"thumbnailUrl":"https:\/\/www.pressenza.com\/wp-content\/uploads\/2018\/10\/foro-social-madrid-2018.jpg","datePublished":"2018-10-05T06:56:14+00:00","dateModified":"2018-10-05T06:57:25+00:00","description":"Tendr\u00e1 lugar entre el 5 y el 7 de octubre en el CSA La Tabacalera y participar\u00e1n cerca de 60 colectivos de los movimientos sociales madrile\u00f1os agrupados","breadcrumb":{"@id":"https:\/\/www.pressenza.com\/es\/2018\/10\/comienza-el-foro-de-movimientos-sociales-de-madrid-2018\/#breadcrumb"},"inLanguage":"es","potentialAction":[{"@type":"ReadAction","target":["https:\/\/www.pressenza.com\/es\/2018\/10\/comienza-el-foro-de-movimientos-sociales-de-madrid-2018\/"]}]},{"@type":"ImageObject","inLanguage":"es","@id":"https:\/\/www.pressenza.com\/es\/2018\/10\/comienza-el-foro-de-movimientos-sociales-de-madrid-2018\/#primaryimage","url":"https:\/\/www.pressenza.com\/wp-content\/uploads\/2018\/10\/foro-social-madrid-2018.jpg","contentUrl":"https:\/\/www.pressenza.com\/wp-content\/uploads\/2018\/10\/foro-social-madrid-2018.jpg","width":400,"height":274},{"@type":"BreadcrumbList","@id":"https:\/\/www.pressenza.com\/es\/2018\/10\/comienza-el-foro-de-movimientos-sociales-de-madrid-2018\/#breadcrumb","itemListElement":[{"@type":"ListItem","position":1,"name":"Accueil","item":"https:\/\/www.pressenza.com\/es\/"},{"@type":"ListItem","position":2,"name":"Comienza el Foro de Movimientos Sociales de Madrid 2018"}]},{"@type":"WebSite","@id":"https:\/\/www.pressenza.com\/es\/#website","url":"https:\/\/www.pressenza.com\/es\/","name":"Pressenza","description":"International Press Agency","publisher":{"@id":"https:\/\/www.pressenza.com\/es\/#organization"},"potentialAction":[{"@type":"SearchAction","target":{"@type":"EntryPoint","urlTemplate":"https:\/\/www.pressenza.com\/es\/?s={search_term_string}"},"query-input":{"@type":"PropertyValueSpecification","valueRequired":true,"valueName":"search_term_string"}}],"inLanguage":"es"},{"@type":"Organization","@id":"https:\/\/www.pressenza.com\/es\/#organization","name":"Pressenza","url":"https:\/\/www.pressenza.com\/es\/","logo":{"@type":"ImageObject","inLanguage":"es","@id":"https:\/\/www.pressenza.com\/es\/#\/schema\/logo\/image\/","url":"https:\/\/www.pressenza.com\/wp-content\/uploads\/2022\/10\/pressenza_logo_200x200.jpg","contentUrl":"https:\/\/www.pressenza.com\/wp-content\/uploads\/2022\/10\/pressenza_logo_200x200.jpg","width":200,"height":200,"caption":"Pressenza"},"image":{"@id":"https:\/\/www.pressenza.com\/es\/#\/schema\/logo\/image\/"},"sameAs":["https:\/\/www.facebook.com\/PressenzaItalia","https:\/\/x.com\/PressenzaIPA"]},{"@type":"Person","@id":"https:\/\/www.pressenza.com\/es\/#\/schema\/person\/828fc40eeca2ad7be3630e5a46adba94","name":"Redacci\u00f3n Madrid","description":"News from the Pressenza Bureau in Madrid, Spain","sameAs":["https:\/\/www.facebook.com\/pressenza","https:\/\/x.com\/pressenza"],"url":"https:\/\/www.pressenza.com\/es\/author\/redaccion-madrid\/"}]}},"place":"Madrid","original_article_url":"","_links":{"self":[{"href":"https:\/\/www.pressenza.com\/es\/wp-json\/wp\/v2\/posts\/732117","targetHints":{"allow":["GET"]}}],"collection":[{"href":"https:\/\/www.pressenza.com\/es\/wp-json\/wp\/v2\/posts"}],"about":[{"href":"https:\/\/www.pressenza.com\/es\/wp-json\/wp\/v2\/types\/post"}],"author":[{"embeddable":true,"href":"https:\/\/www.pressenza.com\/es\/wp-json\/wp\/v2\/users\/94"}],"replies":[{"embeddable":true,"href":"https:\/\/www.pressenza.com\/es\/wp-json\/wp\/v2\/comments?post=732117"}],"version-history":[{"count":0,"href":"https:\/\/www.pressenza.com\/es\/wp-json\/wp\/v2\/posts\/732117\/revisions"}],"wp:featuredmedia":[{"embeddable":true,"href":"https:\/\/www.pressenza.com\/es\/wp-json\/wp\/v2\/media\/732127"}],"wp:attachment":[{"href":"https:\/\/www.pressenza.com\/es\/wp-json\/wp\/v2\/media?parent=732117"}],"wp:term":[{"taxonomy":"category","embeddable":true,"href":"https:\/\/www.pressenza.com\/es\/wp-json\/wp\/v2\/categories?post=732117"},{"taxonomy":"post_tag","embeddable":true,"href":"https:\/\/www.pressenza.com\/es\/wp-json\/wp\/v2\/tags?post=732117"}],"curies":[{"name":"wp","href":"https:\/\/api.w.org\/{rel}","templated":true}]}}