{"id":731970,"date":"2018-10-04T22:51:11","date_gmt":"2018-10-04T21:51:11","guid":{"rendered":"https:\/\/www.pressenza.com\/?p=731970"},"modified":"2019-02-06T19:06:51","modified_gmt":"2019-02-06T19:06:51","slug":"desde-sao-paulo-andrea-carabantes-mh-las-mujeres-somos-las-que-nos-organizamos-y-logramos-parar-los-retrocesos","status":"publish","type":"post","link":"https:\/\/www.pressenza.com\/es\/2018\/10\/desde-sao-paulo-andrea-carabantes-mh-las-mujeres-somos-las-que-nos-organizamos-y-logramos-parar-los-retrocesos\/","title":{"rendered":"Andrea Carabantes (MH) en \u00abRegional y Popular\u00bb desde S\u00e3o Paulo: \u00abLas mujeres somos las que nos organizamos y logramos parar los retrocesos\u00bb"},"content":{"rendered":"<p>Regional y Popular, el programa realizado por Pressenza en colaboraci\u00f3n con Radio La Ranchada de C\u00f3rdoba, cont\u00f3 en la emisi\u00f3n del pasado martes con la participaci\u00f3n de Andrea Carabantes, activista de Convergencia de las Culturas en S\u00e3o Paulo, Brasil.<\/p>\n<p>Se refiri\u00f3 al clima no violento de las imponentes movilizaciones convocadas por mujeres en rechazo al candidato de extrema derecha Bolsonaro y c\u00f3mo \u00e9ste permea m\u00e1s all\u00e1 de los eventos en s\u00ed.<\/p>\n<p>Se\u00f1al\u00f3 el miedo de mucha gente ante la posibilidad de que triunfe el representante fascista. Muchos est\u00e1n pensando en irse del pa\u00eds, se esconden, no salen a la calle. \u00abBolsonaro es como Trump, pero peor\u00bb, puntualiz\u00f3.<\/p>\n<p>La militante humanista coment\u00f3 que hay un peligro cierto de que avance la teologizaci\u00f3n del Estado, en raz\u00f3n del apoyo de las iglesias evang\u00e9licas al ex militar. El panorama est\u00e1 dif\u00edcil y la gente con angustia.<\/p>\n<p>Al mismo tiempo, se enfatiz\u00f3 en la importancia de la elecci\u00f3n legislativa, ya que un gobierno no puede gobernar sin un parlamento que lo apoye. Destac\u00f3 como fen\u00f3meno nuevo las candidaturas colectivas de activistas, que desde la misma base social buscan lograr bancas de diputados y senadores. Entre ellas, en Sao Paulo, la de <a href=\"http:\/\/www.dobradona.org\/\">Dobradona<\/a>, una candidatura colectiva inspirada en el ejemplo del Frente Amplio chileno de convergencia en la diversidad.<\/p>\n<p>Coment\u00f3 tambi\u00e9n que cunde cierta desesperanza por la certeza de que, a\u00fan en el caso de triunfar Fernando Haddad &#8211; el candidato del PT &#8211; o Ciro Gomes &#8211; del PDT, habr\u00eda impedimentos severos a su gesti\u00f3n, incluso la amenaza abierta de no reconocer los resultados por parte del candidato impulsado por los militares. As\u00ed, ante cualquier escenario, parecer\u00eda imponerse la violencia.<\/p>\n<p>Carabantes cont\u00f3 que, a diferencia de otras elecciones, no hay publicidad electoral en las calles y c\u00f3mo esta falta de presencia despolitiza el escenario.<\/p>\n<p>Concluy\u00f3 finalmente con un dejo de esperanza, al manifestar como el ser humano siempre busca una salida y en el caso particular del pueblo brasile\u00f1o,\u00a0 record\u00f3 \u00abque \u00e9sta sigue siendo la tierra del carnaval, la tierra de la alegr\u00eda\u00bb y que la gente sabr\u00e1 sobreponerse al oscuro panorama actual.<\/p>\n<p>Aqu\u00ed la entrevista completa<\/p>\n<!--[if lt IE 9]><script>document.createElement('audio');<\/script><![endif]-->\n<audio class=\"wp-audio-shortcode\" id=\"audio-731970-1\" preload=\"none\" style=\"width: 100%;\" controls=\"controls\"><source type=\"audio\/mpeg\" src=\"https:\/\/www.pressenza.com\/wp-content\/uploads\/2018\/10\/Programa2-10-AndreaCarabantes-mp3cut.net_.mp3?_=1\" \/><a href=\"https:\/\/www.pressenza.com\/wp-content\/uploads\/2018\/10\/Programa2-10-AndreaCarabantes-mp3cut.net_.mp3\">https:\/\/www.pressenza.com\/wp-content\/uploads\/2018\/10\/Programa2-10-AndreaCarabantes-mp3cut.net_.mp3<\/a><\/audio>\n<p>&nbsp;<\/p>\n<p>&nbsp;<\/p>\n","protected":false},"excerpt":{"rendered":"<p>Regional y Popular, el programa realizado por Pressenza en colaboraci\u00f3n con Radio La Ranchada de C\u00f3rdoba, cont\u00f3 en la emisi\u00f3n del pasado martes con la participaci\u00f3n de Andrea Carabantes, activista de Convergencia de las Culturas en S\u00e3o Paulo, Brasil. Se&hellip;<\/p>\n","protected":false},"author":87,"featured_media":338723,"comment_status":"closed","ping_status":"closed","sticky":false,"template":"","format":"standard","meta":{"footnotes":""},"categories":[11389,54515,74,22754,67],"tags":[50249,50455,54648,19289],"class_list":["post-731970","post","type-post","status-publish","format-standard","has-post-thumbnail","hentry","category-contenido-original","category-genero-y-feminismos","category-politica-es","category-radio-es","category-sudamerica","tag-elenao","tag-elecciones-brasil-2018","tag-fernando-haddad-es-2","tag-neofascismo"],"yoast_head":"<!-- This site is optimized with the Yoast SEO plugin v27.1.1 - https:\/\/yoast.com\/product\/yoast-seo-wordpress\/ -->\n<title>Andrea Carabantes (MH) en &quot;Regional y Popular&quot; desde S\u00e3o Paulo: &quot;Las mujeres somos las que nos organizamos y logramos parar los retrocesos&quot;<\/title>\n<meta name=\"description\" content=\"Regional y Popular, el programa realizado por Pressenza en colaboraci\u00f3n con Radio La Ranchada de C\u00f3rdoba, cont\u00f3 en la emisi\u00f3n del pasado martes con la\" \/>\n<meta name=\"robots\" content=\"index, follow, max-snippet:-1, max-image-preview:large, max-video-preview:-1\" \/>\n<link rel=\"canonical\" href=\"https:\/\/www.pressenza.com\/es\/2018\/10\/desde-sao-paulo-andrea-carabantes-mh-las-mujeres-somos-las-que-nos-organizamos-y-logramos-parar-los-retrocesos\/\" \/>\n<meta property=\"og:locale\" content=\"es_ES\" \/>\n<meta property=\"og:type\" content=\"article\" \/>\n<meta property=\"og:title\" content=\"Andrea Carabantes (MH) en &quot;Regional y Popular&quot; desde S\u00e3o Paulo: &quot;Las mujeres somos las que nos organizamos y logramos parar los retrocesos&quot;\" \/>\n<meta property=\"og:description\" content=\"Regional y Popular, el programa realizado por Pressenza en colaboraci\u00f3n con Radio La Ranchada de C\u00f3rdoba, cont\u00f3 en la emisi\u00f3n del pasado martes con la\" \/>\n<meta property=\"og:url\" content=\"https:\/\/www.pressenza.com\/es\/2018\/10\/desde-sao-paulo-andrea-carabantes-mh-las-mujeres-somos-las-que-nos-organizamos-y-logramos-parar-los-retrocesos\/\" \/>\n<meta property=\"og:site_name\" content=\"Pressenza\" \/>\n<meta property=\"article:publisher\" content=\"https:\/\/www.facebook.com\/PressenzaItalia\" \/>\n<meta property=\"article:published_time\" content=\"2018-10-04T21:51:11+00:00\" \/>\n<meta property=\"article:modified_time\" content=\"2019-02-06T19:06:51+00:00\" \/>\n<meta property=\"og:image\" content=\"https:\/\/www.pressenza.com\/wp-content\/uploads\/2016\/07\/andrea-carabantes.jpg\" \/>\n\t<meta property=\"og:image:width\" content=\"864\" \/>\n\t<meta property=\"og:image:height\" content=\"864\" \/>\n\t<meta property=\"og:image:type\" content=\"image\/jpeg\" \/>\n<meta name=\"author\" content=\"Redacci\u00f3n Argentina\" \/>\n<meta name=\"twitter:card\" content=\"summary_large_image\" \/>\n<meta name=\"twitter:creator\" content=\"@pressenza\" \/>\n<meta name=\"twitter:site\" content=\"@PressenzaIPA\" \/>\n<meta name=\"twitter:label1\" content=\"Escrito por\" \/>\n\t<meta name=\"twitter:data1\" content=\"Redacci\u00f3n Argentina\" \/>\n\t<meta name=\"twitter:label2\" content=\"Tiempo de lectura\" \/>\n\t<meta name=\"twitter:data2\" content=\"2 minutos\" \/>\n<script type=\"application\/ld+json\" class=\"yoast-schema-graph\">{\"@context\":\"https:\/\/schema.org\",\"@graph\":[{\"@type\":\"Article\",\"@id\":\"https:\/\/www.pressenza.com\/es\/2018\/10\/desde-sao-paulo-andrea-carabantes-mh-las-mujeres-somos-las-que-nos-organizamos-y-logramos-parar-los-retrocesos\/#article\",\"isPartOf\":{\"@id\":\"https:\/\/www.pressenza.com\/es\/2018\/10\/desde-sao-paulo-andrea-carabantes-mh-las-mujeres-somos-las-que-nos-organizamos-y-logramos-parar-los-retrocesos\/\"},\"author\":{\"name\":\"Redacci\u00f3n Argentina\",\"@id\":\"https:\/\/www.pressenza.com\/es\/#\/schema\/person\/0dda7d1b68267ad95b1e1d83abc98c89\"},\"headline\":\"Andrea Carabantes (MH) en \u00abRegional y Popular\u00bb desde S\u00e3o Paulo: \u00abLas mujeres somos las que nos organizamos y logramos parar los retrocesos\u00bb\",\"datePublished\":\"2018-10-04T21:51:11+00:00\",\"dateModified\":\"2019-02-06T19:06:51+00:00\",\"mainEntityOfPage\":{\"@id\":\"https:\/\/www.pressenza.com\/es\/2018\/10\/desde-sao-paulo-andrea-carabantes-mh-las-mujeres-somos-las-que-nos-organizamos-y-logramos-parar-los-retrocesos\/\"},\"wordCount\":417,\"publisher\":{\"@id\":\"https:\/\/www.pressenza.com\/es\/#organization\"},\"image\":{\"@id\":\"https:\/\/www.pressenza.com\/es\/2018\/10\/desde-sao-paulo-andrea-carabantes-mh-las-mujeres-somos-las-que-nos-organizamos-y-logramos-parar-los-retrocesos\/#primaryimage\"},\"thumbnailUrl\":\"https:\/\/www.pressenza.com\/wp-content\/uploads\/2016\/07\/andrea-carabantes.jpg\",\"keywords\":[\"#EleNao\",\"Elecciones Brasil 2018\",\"Fernando Haddad\",\"Neofascismo\"],\"articleSection\":[\"Contenido Original\",\"G\u00e9nero y Feminismos\",\"Pol\u00edtica\",\"Radio\",\"Sudam\u00e9rica\"],\"inLanguage\":\"es\"},{\"@type\":\"WebPage\",\"@id\":\"https:\/\/www.pressenza.com\/es\/2018\/10\/desde-sao-paulo-andrea-carabantes-mh-las-mujeres-somos-las-que-nos-organizamos-y-logramos-parar-los-retrocesos\/\",\"url\":\"https:\/\/www.pressenza.com\/es\/2018\/10\/desde-sao-paulo-andrea-carabantes-mh-las-mujeres-somos-las-que-nos-organizamos-y-logramos-parar-los-retrocesos\/\",\"name\":\"Andrea Carabantes (MH) en \\\"Regional y Popular\\\" desde S\u00e3o Paulo: \\\"Las mujeres somos las que nos organizamos y logramos parar los retrocesos\\\"\",\"isPartOf\":{\"@id\":\"https:\/\/www.pressenza.com\/es\/#website\"},\"primaryImageOfPage\":{\"@id\":\"https:\/\/www.pressenza.com\/es\/2018\/10\/desde-sao-paulo-andrea-carabantes-mh-las-mujeres-somos-las-que-nos-organizamos-y-logramos-parar-los-retrocesos\/#primaryimage\"},\"image\":{\"@id\":\"https:\/\/www.pressenza.com\/es\/2018\/10\/desde-sao-paulo-andrea-carabantes-mh-las-mujeres-somos-las-que-nos-organizamos-y-logramos-parar-los-retrocesos\/#primaryimage\"},\"thumbnailUrl\":\"https:\/\/www.pressenza.com\/wp-content\/uploads\/2016\/07\/andrea-carabantes.jpg\",\"datePublished\":\"2018-10-04T21:51:11+00:00\",\"dateModified\":\"2019-02-06T19:06:51+00:00\",\"description\":\"Regional y Popular, el programa realizado por Pressenza en colaboraci\u00f3n con Radio La Ranchada de C\u00f3rdoba, cont\u00f3 en la emisi\u00f3n del pasado martes con la\",\"breadcrumb\":{\"@id\":\"https:\/\/www.pressenza.com\/es\/2018\/10\/desde-sao-paulo-andrea-carabantes-mh-las-mujeres-somos-las-que-nos-organizamos-y-logramos-parar-los-retrocesos\/#breadcrumb\"},\"inLanguage\":\"es\",\"potentialAction\":[{\"@type\":\"ReadAction\",\"target\":[\"https:\/\/www.pressenza.com\/es\/2018\/10\/desde-sao-paulo-andrea-carabantes-mh-las-mujeres-somos-las-que-nos-organizamos-y-logramos-parar-los-retrocesos\/\"]}]},{\"@type\":\"ImageObject\",\"inLanguage\":\"es\",\"@id\":\"https:\/\/www.pressenza.com\/es\/2018\/10\/desde-sao-paulo-andrea-carabantes-mh-las-mujeres-somos-las-que-nos-organizamos-y-logramos-parar-los-retrocesos\/#primaryimage\",\"url\":\"https:\/\/www.pressenza.com\/wp-content\/uploads\/2016\/07\/andrea-carabantes.jpg\",\"contentUrl\":\"https:\/\/www.pressenza.com\/wp-content\/uploads\/2016\/07\/andrea-carabantes.jpg\",\"width\":864,\"height\":864},{\"@type\":\"BreadcrumbList\",\"@id\":\"https:\/\/www.pressenza.com\/es\/2018\/10\/desde-sao-paulo-andrea-carabantes-mh-las-mujeres-somos-las-que-nos-organizamos-y-logramos-parar-los-retrocesos\/#breadcrumb\",\"itemListElement\":[{\"@type\":\"ListItem\",\"position\":1,\"name\":\"Accueil\",\"item\":\"https:\/\/www.pressenza.com\/es\/\"},{\"@type\":\"ListItem\",\"position\":2,\"name\":\"Andrea Carabantes (MH) en \u00abRegional y Popular\u00bb desde S\u00e3o Paulo: \u00abLas mujeres somos las que nos organizamos y logramos parar los retrocesos\u00bb\"}]},{\"@type\":\"WebSite\",\"@id\":\"https:\/\/www.pressenza.com\/es\/#website\",\"url\":\"https:\/\/www.pressenza.com\/es\/\",\"name\":\"Pressenza\",\"description\":\"International Press Agency\",\"publisher\":{\"@id\":\"https:\/\/www.pressenza.com\/es\/#organization\"},\"potentialAction\":[{\"@type\":\"SearchAction\",\"target\":{\"@type\":\"EntryPoint\",\"urlTemplate\":\"https:\/\/www.pressenza.com\/es\/?s={search_term_string}\"},\"query-input\":{\"@type\":\"PropertyValueSpecification\",\"valueRequired\":true,\"valueName\":\"search_term_string\"}}],\"inLanguage\":\"es\"},{\"@type\":\"Organization\",\"@id\":\"https:\/\/www.pressenza.com\/es\/#organization\",\"name\":\"Pressenza\",\"url\":\"https:\/\/www.pressenza.com\/es\/\",\"logo\":{\"@type\":\"ImageObject\",\"inLanguage\":\"es\",\"@id\":\"https:\/\/www.pressenza.com\/es\/#\/schema\/logo\/image\/\",\"url\":\"https:\/\/www.pressenza.com\/wp-content\/uploads\/2022\/10\/pressenza_logo_200x200.jpg\",\"contentUrl\":\"https:\/\/www.pressenza.com\/wp-content\/uploads\/2022\/10\/pressenza_logo_200x200.jpg\",\"width\":200,\"height\":200,\"caption\":\"Pressenza\"},\"image\":{\"@id\":\"https:\/\/www.pressenza.com\/es\/#\/schema\/logo\/image\/\"},\"sameAs\":[\"https:\/\/www.facebook.com\/PressenzaItalia\",\"https:\/\/x.com\/PressenzaIPA\"]},{\"@type\":\"Person\",\"@id\":\"https:\/\/www.pressenza.com\/es\/#\/schema\/person\/0dda7d1b68267ad95b1e1d83abc98c89\",\"name\":\"Redacci\u00f3n Argentina\",\"description\":\"News from the Pressenza Bureau in Argentina.\",\"sameAs\":[\"https:\/\/x.com\/pressenza\"],\"url\":\"https:\/\/www.pressenza.com\/es\/author\/redaccion-argentina\/\"}]}<\/script>\n<!-- \/ Yoast SEO plugin. -->","yoast_head_json":{"title":"Andrea Carabantes (MH) en \"Regional y Popular\" desde S\u00e3o Paulo: \"Las mujeres somos las que nos organizamos y logramos parar los retrocesos\"","description":"Regional y Popular, el programa realizado por Pressenza en colaboraci\u00f3n con Radio La Ranchada de C\u00f3rdoba, cont\u00f3 en la emisi\u00f3n del pasado martes con la","robots":{"index":"index","follow":"follow","max-snippet":"max-snippet:-1","max-image-preview":"max-image-preview:large","max-video-preview":"max-video-preview:-1"},"canonical":"https:\/\/www.pressenza.com\/es\/2018\/10\/desde-sao-paulo-andrea-carabantes-mh-las-mujeres-somos-las-que-nos-organizamos-y-logramos-parar-los-retrocesos\/","og_locale":"es_ES","og_type":"article","og_title":"Andrea Carabantes (MH) en \"Regional y Popular\" desde S\u00e3o Paulo: \"Las mujeres somos las que nos organizamos y logramos parar los retrocesos\"","og_description":"Regional y Popular, el programa realizado por Pressenza en colaboraci\u00f3n con Radio La Ranchada de C\u00f3rdoba, cont\u00f3 en la emisi\u00f3n del pasado martes con la","og_url":"https:\/\/www.pressenza.com\/es\/2018\/10\/desde-sao-paulo-andrea-carabantes-mh-las-mujeres-somos-las-que-nos-organizamos-y-logramos-parar-los-retrocesos\/","og_site_name":"Pressenza","article_publisher":"https:\/\/www.facebook.com\/PressenzaItalia","article_published_time":"2018-10-04T21:51:11+00:00","article_modified_time":"2019-02-06T19:06:51+00:00","og_image":[{"width":864,"height":864,"url":"https:\/\/www.pressenza.com\/wp-content\/uploads\/2016\/07\/andrea-carabantes.jpg","type":"image\/jpeg"}],"author":"Redacci\u00f3n Argentina","twitter_card":"summary_large_image","twitter_creator":"@pressenza","twitter_site":"@PressenzaIPA","twitter_misc":{"Escrito por":"Redacci\u00f3n Argentina","Tiempo de lectura":"2 minutos"},"schema":{"@context":"https:\/\/schema.org","@graph":[{"@type":"Article","@id":"https:\/\/www.pressenza.com\/es\/2018\/10\/desde-sao-paulo-andrea-carabantes-mh-las-mujeres-somos-las-que-nos-organizamos-y-logramos-parar-los-retrocesos\/#article","isPartOf":{"@id":"https:\/\/www.pressenza.com\/es\/2018\/10\/desde-sao-paulo-andrea-carabantes-mh-las-mujeres-somos-las-que-nos-organizamos-y-logramos-parar-los-retrocesos\/"},"author":{"name":"Redacci\u00f3n Argentina","@id":"https:\/\/www.pressenza.com\/es\/#\/schema\/person\/0dda7d1b68267ad95b1e1d83abc98c89"},"headline":"Andrea Carabantes (MH) en \u00abRegional y Popular\u00bb desde S\u00e3o Paulo: \u00abLas mujeres somos las que nos organizamos y logramos parar los retrocesos\u00bb","datePublished":"2018-10-04T21:51:11+00:00","dateModified":"2019-02-06T19:06:51+00:00","mainEntityOfPage":{"@id":"https:\/\/www.pressenza.com\/es\/2018\/10\/desde-sao-paulo-andrea-carabantes-mh-las-mujeres-somos-las-que-nos-organizamos-y-logramos-parar-los-retrocesos\/"},"wordCount":417,"publisher":{"@id":"https:\/\/www.pressenza.com\/es\/#organization"},"image":{"@id":"https:\/\/www.pressenza.com\/es\/2018\/10\/desde-sao-paulo-andrea-carabantes-mh-las-mujeres-somos-las-que-nos-organizamos-y-logramos-parar-los-retrocesos\/#primaryimage"},"thumbnailUrl":"https:\/\/www.pressenza.com\/wp-content\/uploads\/2016\/07\/andrea-carabantes.jpg","keywords":["#EleNao","Elecciones Brasil 2018","Fernando Haddad","Neofascismo"],"articleSection":["Contenido Original","G\u00e9nero y Feminismos","Pol\u00edtica","Radio","Sudam\u00e9rica"],"inLanguage":"es"},{"@type":"WebPage","@id":"https:\/\/www.pressenza.com\/es\/2018\/10\/desde-sao-paulo-andrea-carabantes-mh-las-mujeres-somos-las-que-nos-organizamos-y-logramos-parar-los-retrocesos\/","url":"https:\/\/www.pressenza.com\/es\/2018\/10\/desde-sao-paulo-andrea-carabantes-mh-las-mujeres-somos-las-que-nos-organizamos-y-logramos-parar-los-retrocesos\/","name":"Andrea Carabantes (MH) en \"Regional y Popular\" desde S\u00e3o Paulo: \"Las mujeres somos las que nos organizamos y logramos parar los retrocesos\"","isPartOf":{"@id":"https:\/\/www.pressenza.com\/es\/#website"},"primaryImageOfPage":{"@id":"https:\/\/www.pressenza.com\/es\/2018\/10\/desde-sao-paulo-andrea-carabantes-mh-las-mujeres-somos-las-que-nos-organizamos-y-logramos-parar-los-retrocesos\/#primaryimage"},"image":{"@id":"https:\/\/www.pressenza.com\/es\/2018\/10\/desde-sao-paulo-andrea-carabantes-mh-las-mujeres-somos-las-que-nos-organizamos-y-logramos-parar-los-retrocesos\/#primaryimage"},"thumbnailUrl":"https:\/\/www.pressenza.com\/wp-content\/uploads\/2016\/07\/andrea-carabantes.jpg","datePublished":"2018-10-04T21:51:11+00:00","dateModified":"2019-02-06T19:06:51+00:00","description":"Regional y Popular, el programa realizado por Pressenza en colaboraci\u00f3n con Radio La Ranchada de C\u00f3rdoba, cont\u00f3 en la emisi\u00f3n del pasado martes con la","breadcrumb":{"@id":"https:\/\/www.pressenza.com\/es\/2018\/10\/desde-sao-paulo-andrea-carabantes-mh-las-mujeres-somos-las-que-nos-organizamos-y-logramos-parar-los-retrocesos\/#breadcrumb"},"inLanguage":"es","potentialAction":[{"@type":"ReadAction","target":["https:\/\/www.pressenza.com\/es\/2018\/10\/desde-sao-paulo-andrea-carabantes-mh-las-mujeres-somos-las-que-nos-organizamos-y-logramos-parar-los-retrocesos\/"]}]},{"@type":"ImageObject","inLanguage":"es","@id":"https:\/\/www.pressenza.com\/es\/2018\/10\/desde-sao-paulo-andrea-carabantes-mh-las-mujeres-somos-las-que-nos-organizamos-y-logramos-parar-los-retrocesos\/#primaryimage","url":"https:\/\/www.pressenza.com\/wp-content\/uploads\/2016\/07\/andrea-carabantes.jpg","contentUrl":"https:\/\/www.pressenza.com\/wp-content\/uploads\/2016\/07\/andrea-carabantes.jpg","width":864,"height":864},{"@type":"BreadcrumbList","@id":"https:\/\/www.pressenza.com\/es\/2018\/10\/desde-sao-paulo-andrea-carabantes-mh-las-mujeres-somos-las-que-nos-organizamos-y-logramos-parar-los-retrocesos\/#breadcrumb","itemListElement":[{"@type":"ListItem","position":1,"name":"Accueil","item":"https:\/\/www.pressenza.com\/es\/"},{"@type":"ListItem","position":2,"name":"Andrea Carabantes (MH) en \u00abRegional y Popular\u00bb desde S\u00e3o Paulo: \u00abLas mujeres somos las que nos organizamos y logramos parar los retrocesos\u00bb"}]},{"@type":"WebSite","@id":"https:\/\/www.pressenza.com\/es\/#website","url":"https:\/\/www.pressenza.com\/es\/","name":"Pressenza","description":"International Press Agency","publisher":{"@id":"https:\/\/www.pressenza.com\/es\/#organization"},"potentialAction":[{"@type":"SearchAction","target":{"@type":"EntryPoint","urlTemplate":"https:\/\/www.pressenza.com\/es\/?s={search_term_string}"},"query-input":{"@type":"PropertyValueSpecification","valueRequired":true,"valueName":"search_term_string"}}],"inLanguage":"es"},{"@type":"Organization","@id":"https:\/\/www.pressenza.com\/es\/#organization","name":"Pressenza","url":"https:\/\/www.pressenza.com\/es\/","logo":{"@type":"ImageObject","inLanguage":"es","@id":"https:\/\/www.pressenza.com\/es\/#\/schema\/logo\/image\/","url":"https:\/\/www.pressenza.com\/wp-content\/uploads\/2022\/10\/pressenza_logo_200x200.jpg","contentUrl":"https:\/\/www.pressenza.com\/wp-content\/uploads\/2022\/10\/pressenza_logo_200x200.jpg","width":200,"height":200,"caption":"Pressenza"},"image":{"@id":"https:\/\/www.pressenza.com\/es\/#\/schema\/logo\/image\/"},"sameAs":["https:\/\/www.facebook.com\/PressenzaItalia","https:\/\/x.com\/PressenzaIPA"]},{"@type":"Person","@id":"https:\/\/www.pressenza.com\/es\/#\/schema\/person\/0dda7d1b68267ad95b1e1d83abc98c89","name":"Redacci\u00f3n Argentina","description":"News from the Pressenza Bureau in Argentina.","sameAs":["https:\/\/x.com\/pressenza"],"url":"https:\/\/www.pressenza.com\/es\/author\/redaccion-argentina\/"}]}},"place":"C\u00f3rdoba, Argentina-Sao Paulo, Brasil","original_article_url":"","_links":{"self":[{"href":"https:\/\/www.pressenza.com\/es\/wp-json\/wp\/v2\/posts\/731970","targetHints":{"allow":["GET"]}}],"collection":[{"href":"https:\/\/www.pressenza.com\/es\/wp-json\/wp\/v2\/posts"}],"about":[{"href":"https:\/\/www.pressenza.com\/es\/wp-json\/wp\/v2\/types\/post"}],"author":[{"embeddable":true,"href":"https:\/\/www.pressenza.com\/es\/wp-json\/wp\/v2\/users\/87"}],"replies":[{"embeddable":true,"href":"https:\/\/www.pressenza.com\/es\/wp-json\/wp\/v2\/comments?post=731970"}],"version-history":[{"count":0,"href":"https:\/\/www.pressenza.com\/es\/wp-json\/wp\/v2\/posts\/731970\/revisions"}],"wp:featuredmedia":[{"embeddable":true,"href":"https:\/\/www.pressenza.com\/es\/wp-json\/wp\/v2\/media\/338723"}],"wp:attachment":[{"href":"https:\/\/www.pressenza.com\/es\/wp-json\/wp\/v2\/media?parent=731970"}],"wp:term":[{"taxonomy":"category","embeddable":true,"href":"https:\/\/www.pressenza.com\/es\/wp-json\/wp\/v2\/categories?post=731970"},{"taxonomy":"post_tag","embeddable":true,"href":"https:\/\/www.pressenza.com\/es\/wp-json\/wp\/v2\/tags?post=731970"}],"curies":[{"name":"wp","href":"https:\/\/api.w.org\/{rel}","templated":true}]}}