{"id":73179,"date":"2013-10-17T05:01:33","date_gmt":"2013-10-17T04:01:33","guid":{"rendered":"http:\/\/www.pressenza.com\/?p=73179"},"modified":"2019-02-06T20:40:21","modified_gmt":"2019-02-06T20:40:21","slug":"la-marcha-de-las-mujeres-amazonica-llego-hoy-quito","status":"publish","type":"post","link":"https:\/\/www.pressenza.com\/es\/2013\/10\/la-marcha-de-las-mujeres-amazonica-llego-hoy-quito\/","title":{"rendered":"La marcha de las mujeres amaz\u00f3nica lleg\u00f3 hoy a Quito"},"content":{"rendered":"<p>Quito, la capital del Ecuador, recibi\u00f3 hoy \u00a0a las mujeres Amaz\u00f3nicas que desde el s\u00e1bado anterior marchan desde el Puyo al centro de poder pol\u00edtico y legislativo. La \u00abMarcha por la vida\u00bb es en rechazo a la extracci\u00f3n petrolera en el Parque Nacional Yasun\u00ed.<\/p>\n<div><\/div>\n<div>\n<div>Las mujeres buscan que el Gobierno y la Asamblea escuchen su descontento adem\u00e1s de despertar conciencia en la poblaci\u00f3n a nivel nacional sobre la importancia de defender vida amenazada por la actividad extractivista en la amazon\u00eda ecuatoriana. Tienen previsto entregar las resoluciones tomadas en el XIV congreso de la GONOAE y el I Encuentro de Mujeres de las Organizaciones Ind\u00edgenas Amaz\u00f3nicas, por Defensa de la Vida, Territorio y el Buen Vivir.<\/div>\n<div><\/div>\n<div>Patricia Gualinga una de las manifestantes se\u00f1alo que los pueblos y nacionalidades ind\u00edgenas del sur y las mujeres amaz\u00f3nicas demandan a su vez, la derogatoria del decreto 1247, con el cual el gobierno esta tratando de desmembrar a los pueblos y nacionalidades ind\u00edgenas. Adem\u00e1s, rechazan la XI ronda de explotaci\u00f3n; la nueva ampliaci\u00f3n del bloque X, y las concesiones directas que ha hecho el Estado ecuatoriano en territorios ind\u00edgenas.<\/div>\n<div><\/div>\n<div>En otro momento, las mujeres amaz\u00f3nicas responsabilizaron al gobierno nacional de cualquier ataque hacia Alicia Kawira quien el pasado 3 de octubre, expuso a la Asamblea nacional el peligro y afectaci\u00f3n que va provocar la explotaci\u00f3n petrolera en el Yasun\u00ed Kawira viene siendo v\u00edctima de amenazas e intimidaciones, dijeron.<\/div>\n<div><\/div>\n<div>Las mujeres amaz\u00f3nicas como parte de las nacionalidades ind\u00edgenas realizan una campa\u00f1a que busca visibilizar y socializar el modelo comunitario de vida \u00abkawsak Sacha\u00bb, la Selva Viva. Es el concepto integral del sumak kawsay con respeto a todos los seres de la naturaleza, sus guardianes y amos en convivencia con el ser humano de la selva de manera pacifica y cordial.<\/div>\n<div><\/div>\n<div>Fuente: ALER<\/div>\n<\/div>\n<p>&nbsp;<\/p>\n","protected":false},"excerpt":{"rendered":"<p>Quito, la capital del Ecuador, recibi\u00f3 hoy \u00a0a las mujeres Amaz\u00f3nicas que desde el s\u00e1bado anterior marchan desde el Puyo al centro de poder pol\u00edtico y legislativo. La \u00abMarcha por la vida\u00bb es en rechazo a la extracci\u00f3n petrolera en&hellip;<\/p>\n","protected":false},"author":1011,"featured_media":73224,"comment_status":"closed","ping_status":"open","sticky":false,"template":"","format":"standard","meta":{"footnotes":""},"categories":[79,54515,80,67],"tags":[],"class_list":["post-73179","post","type-post","status-publish","format-standard","has-post-thumbnail","hentry","category-derechos-humanos","category-genero-y-feminismos","category-pueblos-originarios","category-sudamerica"],"yoast_head":"<!-- This site is optimized with the Yoast SEO plugin v27.1.1 - https:\/\/yoast.com\/product\/yoast-seo-wordpress\/ -->\n<title>La marcha de las mujeres amaz\u00f3nica lleg\u00f3 hoy a Quito<\/title>\n<meta name=\"description\" content=\"Quito, la capital del Ecuador, recibi\u00f3 hoy \u00a0a las mujeres Amaz\u00f3nicas que desde el s\u00e1bado anterior marchan desde el Puyo al centro de poder pol\u00edtico y\" \/>\n<meta name=\"robots\" content=\"index, follow, max-snippet:-1, max-image-preview:large, max-video-preview:-1\" \/>\n<link rel=\"canonical\" href=\"https:\/\/www.pressenza.com\/es\/2013\/10\/la-marcha-de-las-mujeres-amazonica-llego-hoy-quito\/\" \/>\n<meta property=\"og:locale\" content=\"es_ES\" \/>\n<meta property=\"og:type\" content=\"article\" \/>\n<meta property=\"og:title\" content=\"La marcha de las mujeres amaz\u00f3nica lleg\u00f3 hoy a Quito\" \/>\n<meta property=\"og:description\" content=\"Quito, la capital del Ecuador, recibi\u00f3 hoy \u00a0a las mujeres Amaz\u00f3nicas que desde el s\u00e1bado anterior marchan desde el Puyo al centro de poder pol\u00edtico y\" \/>\n<meta property=\"og:url\" content=\"https:\/\/www.pressenza.com\/es\/2013\/10\/la-marcha-de-las-mujeres-amazonica-llego-hoy-quito\/\" \/>\n<meta property=\"og:site_name\" content=\"Pressenza\" \/>\n<meta property=\"article:publisher\" content=\"https:\/\/www.facebook.com\/PressenzaItalia\" \/>\n<meta property=\"article:published_time\" content=\"2013-10-17T04:01:33+00:00\" \/>\n<meta property=\"article:modified_time\" content=\"2019-02-06T20:40:21+00:00\" \/>\n<meta property=\"og:image\" content=\"https:\/\/www.pressenza.com\/wp-content\/uploads\/2013\/10\/amazonicas-600x336.jpg\" \/>\n\t<meta property=\"og:image:width\" content=\"600\" \/>\n\t<meta property=\"og:image:height\" content=\"336\" \/>\n\t<meta property=\"og:image:type\" content=\"image\/jpeg\" \/>\n<meta name=\"author\" content=\"Redacci\u00f3n Ecuador\" \/>\n<meta name=\"twitter:card\" content=\"summary_large_image\" \/>\n<meta name=\"twitter:creator\" content=\"@PressenzaIPA\" \/>\n<meta name=\"twitter:site\" content=\"@PressenzaIPA\" \/>\n<meta name=\"twitter:label1\" content=\"Escrito por\" \/>\n\t<meta name=\"twitter:data1\" content=\"Redacci\u00f3n Ecuador\" \/>\n\t<meta name=\"twitter:label2\" content=\"Tiempo de lectura\" \/>\n\t<meta name=\"twitter:data2\" content=\"2 minutos\" \/>\n<script type=\"application\/ld+json\" class=\"yoast-schema-graph\">{\"@context\":\"https:\/\/schema.org\",\"@graph\":[{\"@type\":\"Article\",\"@id\":\"https:\/\/www.pressenza.com\/es\/2013\/10\/la-marcha-de-las-mujeres-amazonica-llego-hoy-quito\/#article\",\"isPartOf\":{\"@id\":\"https:\/\/www.pressenza.com\/es\/2013\/10\/la-marcha-de-las-mujeres-amazonica-llego-hoy-quito\/\"},\"author\":{\"name\":\"Redacci\u00f3n Ecuador\",\"@id\":\"https:\/\/www.pressenza.com\/es\/#\/schema\/person\/883a735c40665759bcc6fe0c26bcb46f\"},\"headline\":\"La marcha de las mujeres amaz\u00f3nica lleg\u00f3 hoy a Quito\",\"datePublished\":\"2013-10-17T04:01:33+00:00\",\"dateModified\":\"2019-02-06T20:40:21+00:00\",\"mainEntityOfPage\":{\"@id\":\"https:\/\/www.pressenza.com\/es\/2013\/10\/la-marcha-de-las-mujeres-amazonica-llego-hoy-quito\/\"},\"wordCount\":330,\"publisher\":{\"@id\":\"https:\/\/www.pressenza.com\/es\/#organization\"},\"image\":{\"@id\":\"https:\/\/www.pressenza.com\/es\/2013\/10\/la-marcha-de-las-mujeres-amazonica-llego-hoy-quito\/#primaryimage\"},\"thumbnailUrl\":\"https:\/\/www.pressenza.com\/wp-content\/uploads\/2013\/10\/amazonicas-600x336.jpg\",\"articleSection\":[\"Derechos Humanos\",\"G\u00e9nero y Feminismos\",\"Pueblos Originarios\",\"Sudam\u00e9rica\"],\"inLanguage\":\"es\"},{\"@type\":\"WebPage\",\"@id\":\"https:\/\/www.pressenza.com\/es\/2013\/10\/la-marcha-de-las-mujeres-amazonica-llego-hoy-quito\/\",\"url\":\"https:\/\/www.pressenza.com\/es\/2013\/10\/la-marcha-de-las-mujeres-amazonica-llego-hoy-quito\/\",\"name\":\"La marcha de las mujeres amaz\u00f3nica lleg\u00f3 hoy a Quito\",\"isPartOf\":{\"@id\":\"https:\/\/www.pressenza.com\/es\/#website\"},\"primaryImageOfPage\":{\"@id\":\"https:\/\/www.pressenza.com\/es\/2013\/10\/la-marcha-de-las-mujeres-amazonica-llego-hoy-quito\/#primaryimage\"},\"image\":{\"@id\":\"https:\/\/www.pressenza.com\/es\/2013\/10\/la-marcha-de-las-mujeres-amazonica-llego-hoy-quito\/#primaryimage\"},\"thumbnailUrl\":\"https:\/\/www.pressenza.com\/wp-content\/uploads\/2013\/10\/amazonicas-600x336.jpg\",\"datePublished\":\"2013-10-17T04:01:33+00:00\",\"dateModified\":\"2019-02-06T20:40:21+00:00\",\"description\":\"Quito, la capital del Ecuador, recibi\u00f3 hoy \u00a0a las mujeres Amaz\u00f3nicas que desde el s\u00e1bado anterior marchan desde el Puyo al centro de poder pol\u00edtico y\",\"breadcrumb\":{\"@id\":\"https:\/\/www.pressenza.com\/es\/2013\/10\/la-marcha-de-las-mujeres-amazonica-llego-hoy-quito\/#breadcrumb\"},\"inLanguage\":\"es\",\"potentialAction\":[{\"@type\":\"ReadAction\",\"target\":[\"https:\/\/www.pressenza.com\/es\/2013\/10\/la-marcha-de-las-mujeres-amazonica-llego-hoy-quito\/\"]}]},{\"@type\":\"ImageObject\",\"inLanguage\":\"es\",\"@id\":\"https:\/\/www.pressenza.com\/es\/2013\/10\/la-marcha-de-las-mujeres-amazonica-llego-hoy-quito\/#primaryimage\",\"url\":\"https:\/\/www.pressenza.com\/wp-content\/uploads\/2013\/10\/amazonicas-600x336.jpg\",\"contentUrl\":\"https:\/\/www.pressenza.com\/wp-content\/uploads\/2013\/10\/amazonicas-600x336.jpg\",\"width\":600,\"height\":336},{\"@type\":\"BreadcrumbList\",\"@id\":\"https:\/\/www.pressenza.com\/es\/2013\/10\/la-marcha-de-las-mujeres-amazonica-llego-hoy-quito\/#breadcrumb\",\"itemListElement\":[{\"@type\":\"ListItem\",\"position\":1,\"name\":\"Accueil\",\"item\":\"https:\/\/www.pressenza.com\/es\/\"},{\"@type\":\"ListItem\",\"position\":2,\"name\":\"La marcha de las mujeres amaz\u00f3nica lleg\u00f3 hoy a Quito\"}]},{\"@type\":\"WebSite\",\"@id\":\"https:\/\/www.pressenza.com\/es\/#website\",\"url\":\"https:\/\/www.pressenza.com\/es\/\",\"name\":\"Pressenza\",\"description\":\"International Press Agency\",\"publisher\":{\"@id\":\"https:\/\/www.pressenza.com\/es\/#organization\"},\"potentialAction\":[{\"@type\":\"SearchAction\",\"target\":{\"@type\":\"EntryPoint\",\"urlTemplate\":\"https:\/\/www.pressenza.com\/es\/?s={search_term_string}\"},\"query-input\":{\"@type\":\"PropertyValueSpecification\",\"valueRequired\":true,\"valueName\":\"search_term_string\"}}],\"inLanguage\":\"es\"},{\"@type\":\"Organization\",\"@id\":\"https:\/\/www.pressenza.com\/es\/#organization\",\"name\":\"Pressenza\",\"url\":\"https:\/\/www.pressenza.com\/es\/\",\"logo\":{\"@type\":\"ImageObject\",\"inLanguage\":\"es\",\"@id\":\"https:\/\/www.pressenza.com\/es\/#\/schema\/logo\/image\/\",\"url\":\"https:\/\/www.pressenza.com\/wp-content\/uploads\/2022\/10\/pressenza_logo_200x200.jpg\",\"contentUrl\":\"https:\/\/www.pressenza.com\/wp-content\/uploads\/2022\/10\/pressenza_logo_200x200.jpg\",\"width\":200,\"height\":200,\"caption\":\"Pressenza\"},\"image\":{\"@id\":\"https:\/\/www.pressenza.com\/es\/#\/schema\/logo\/image\/\"},\"sameAs\":[\"https:\/\/www.facebook.com\/PressenzaItalia\",\"https:\/\/x.com\/PressenzaIPA\"]},{\"@type\":\"Person\",\"@id\":\"https:\/\/www.pressenza.com\/es\/#\/schema\/person\/883a735c40665759bcc6fe0c26bcb46f\",\"name\":\"Redacci\u00f3n Ecuador\",\"description\":\"News published by the Pressenza bureau in Quito, Ecuador\",\"url\":\"https:\/\/www.pressenza.com\/es\/author\/redaccion-ecuador\/\"}]}<\/script>\n<!-- \/ Yoast SEO plugin. -->","yoast_head_json":{"title":"La marcha de las mujeres amaz\u00f3nica lleg\u00f3 hoy a Quito","description":"Quito, la capital del Ecuador, recibi\u00f3 hoy \u00a0a las mujeres Amaz\u00f3nicas que desde el s\u00e1bado anterior marchan desde el Puyo al centro de poder pol\u00edtico y","robots":{"index":"index","follow":"follow","max-snippet":"max-snippet:-1","max-image-preview":"max-image-preview:large","max-video-preview":"max-video-preview:-1"},"canonical":"https:\/\/www.pressenza.com\/es\/2013\/10\/la-marcha-de-las-mujeres-amazonica-llego-hoy-quito\/","og_locale":"es_ES","og_type":"article","og_title":"La marcha de las mujeres amaz\u00f3nica lleg\u00f3 hoy a Quito","og_description":"Quito, la capital del Ecuador, recibi\u00f3 hoy \u00a0a las mujeres Amaz\u00f3nicas que desde el s\u00e1bado anterior marchan desde el Puyo al centro de poder pol\u00edtico y","og_url":"https:\/\/www.pressenza.com\/es\/2013\/10\/la-marcha-de-las-mujeres-amazonica-llego-hoy-quito\/","og_site_name":"Pressenza","article_publisher":"https:\/\/www.facebook.com\/PressenzaItalia","article_published_time":"2013-10-17T04:01:33+00:00","article_modified_time":"2019-02-06T20:40:21+00:00","og_image":[{"width":600,"height":336,"url":"https:\/\/www.pressenza.com\/wp-content\/uploads\/2013\/10\/amazonicas-600x336.jpg","type":"image\/jpeg"}],"author":"Redacci\u00f3n Ecuador","twitter_card":"summary_large_image","twitter_creator":"@PressenzaIPA","twitter_site":"@PressenzaIPA","twitter_misc":{"Escrito por":"Redacci\u00f3n Ecuador","Tiempo de lectura":"2 minutos"},"schema":{"@context":"https:\/\/schema.org","@graph":[{"@type":"Article","@id":"https:\/\/www.pressenza.com\/es\/2013\/10\/la-marcha-de-las-mujeres-amazonica-llego-hoy-quito\/#article","isPartOf":{"@id":"https:\/\/www.pressenza.com\/es\/2013\/10\/la-marcha-de-las-mujeres-amazonica-llego-hoy-quito\/"},"author":{"name":"Redacci\u00f3n Ecuador","@id":"https:\/\/www.pressenza.com\/es\/#\/schema\/person\/883a735c40665759bcc6fe0c26bcb46f"},"headline":"La marcha de las mujeres amaz\u00f3nica lleg\u00f3 hoy a Quito","datePublished":"2013-10-17T04:01:33+00:00","dateModified":"2019-02-06T20:40:21+00:00","mainEntityOfPage":{"@id":"https:\/\/www.pressenza.com\/es\/2013\/10\/la-marcha-de-las-mujeres-amazonica-llego-hoy-quito\/"},"wordCount":330,"publisher":{"@id":"https:\/\/www.pressenza.com\/es\/#organization"},"image":{"@id":"https:\/\/www.pressenza.com\/es\/2013\/10\/la-marcha-de-las-mujeres-amazonica-llego-hoy-quito\/#primaryimage"},"thumbnailUrl":"https:\/\/www.pressenza.com\/wp-content\/uploads\/2013\/10\/amazonicas-600x336.jpg","articleSection":["Derechos Humanos","G\u00e9nero y Feminismos","Pueblos Originarios","Sudam\u00e9rica"],"inLanguage":"es"},{"@type":"WebPage","@id":"https:\/\/www.pressenza.com\/es\/2013\/10\/la-marcha-de-las-mujeres-amazonica-llego-hoy-quito\/","url":"https:\/\/www.pressenza.com\/es\/2013\/10\/la-marcha-de-las-mujeres-amazonica-llego-hoy-quito\/","name":"La marcha de las mujeres amaz\u00f3nica lleg\u00f3 hoy a Quito","isPartOf":{"@id":"https:\/\/www.pressenza.com\/es\/#website"},"primaryImageOfPage":{"@id":"https:\/\/www.pressenza.com\/es\/2013\/10\/la-marcha-de-las-mujeres-amazonica-llego-hoy-quito\/#primaryimage"},"image":{"@id":"https:\/\/www.pressenza.com\/es\/2013\/10\/la-marcha-de-las-mujeres-amazonica-llego-hoy-quito\/#primaryimage"},"thumbnailUrl":"https:\/\/www.pressenza.com\/wp-content\/uploads\/2013\/10\/amazonicas-600x336.jpg","datePublished":"2013-10-17T04:01:33+00:00","dateModified":"2019-02-06T20:40:21+00:00","description":"Quito, la capital del Ecuador, recibi\u00f3 hoy \u00a0a las mujeres Amaz\u00f3nicas que desde el s\u00e1bado anterior marchan desde el Puyo al centro de poder pol\u00edtico y","breadcrumb":{"@id":"https:\/\/www.pressenza.com\/es\/2013\/10\/la-marcha-de-las-mujeres-amazonica-llego-hoy-quito\/#breadcrumb"},"inLanguage":"es","potentialAction":[{"@type":"ReadAction","target":["https:\/\/www.pressenza.com\/es\/2013\/10\/la-marcha-de-las-mujeres-amazonica-llego-hoy-quito\/"]}]},{"@type":"ImageObject","inLanguage":"es","@id":"https:\/\/www.pressenza.com\/es\/2013\/10\/la-marcha-de-las-mujeres-amazonica-llego-hoy-quito\/#primaryimage","url":"https:\/\/www.pressenza.com\/wp-content\/uploads\/2013\/10\/amazonicas-600x336.jpg","contentUrl":"https:\/\/www.pressenza.com\/wp-content\/uploads\/2013\/10\/amazonicas-600x336.jpg","width":600,"height":336},{"@type":"BreadcrumbList","@id":"https:\/\/www.pressenza.com\/es\/2013\/10\/la-marcha-de-las-mujeres-amazonica-llego-hoy-quito\/#breadcrumb","itemListElement":[{"@type":"ListItem","position":1,"name":"Accueil","item":"https:\/\/www.pressenza.com\/es\/"},{"@type":"ListItem","position":2,"name":"La marcha de las mujeres amaz\u00f3nica lleg\u00f3 hoy a Quito"}]},{"@type":"WebSite","@id":"https:\/\/www.pressenza.com\/es\/#website","url":"https:\/\/www.pressenza.com\/es\/","name":"Pressenza","description":"International Press Agency","publisher":{"@id":"https:\/\/www.pressenza.com\/es\/#organization"},"potentialAction":[{"@type":"SearchAction","target":{"@type":"EntryPoint","urlTemplate":"https:\/\/www.pressenza.com\/es\/?s={search_term_string}"},"query-input":{"@type":"PropertyValueSpecification","valueRequired":true,"valueName":"search_term_string"}}],"inLanguage":"es"},{"@type":"Organization","@id":"https:\/\/www.pressenza.com\/es\/#organization","name":"Pressenza","url":"https:\/\/www.pressenza.com\/es\/","logo":{"@type":"ImageObject","inLanguage":"es","@id":"https:\/\/www.pressenza.com\/es\/#\/schema\/logo\/image\/","url":"https:\/\/www.pressenza.com\/wp-content\/uploads\/2022\/10\/pressenza_logo_200x200.jpg","contentUrl":"https:\/\/www.pressenza.com\/wp-content\/uploads\/2022\/10\/pressenza_logo_200x200.jpg","width":200,"height":200,"caption":"Pressenza"},"image":{"@id":"https:\/\/www.pressenza.com\/es\/#\/schema\/logo\/image\/"},"sameAs":["https:\/\/www.facebook.com\/PressenzaItalia","https:\/\/x.com\/PressenzaIPA"]},{"@type":"Person","@id":"https:\/\/www.pressenza.com\/es\/#\/schema\/person\/883a735c40665759bcc6fe0c26bcb46f","name":"Redacci\u00f3n Ecuador","description":"News published by the Pressenza bureau in Quito, Ecuador","url":"https:\/\/www.pressenza.com\/es\/author\/redaccion-ecuador\/"}]}},"place":"","original_article_url":"","_links":{"self":[{"href":"https:\/\/www.pressenza.com\/es\/wp-json\/wp\/v2\/posts\/73179","targetHints":{"allow":["GET"]}}],"collection":[{"href":"https:\/\/www.pressenza.com\/es\/wp-json\/wp\/v2\/posts"}],"about":[{"href":"https:\/\/www.pressenza.com\/es\/wp-json\/wp\/v2\/types\/post"}],"author":[{"embeddable":true,"href":"https:\/\/www.pressenza.com\/es\/wp-json\/wp\/v2\/users\/1011"}],"replies":[{"embeddable":true,"href":"https:\/\/www.pressenza.com\/es\/wp-json\/wp\/v2\/comments?post=73179"}],"version-history":[{"count":0,"href":"https:\/\/www.pressenza.com\/es\/wp-json\/wp\/v2\/posts\/73179\/revisions"}],"wp:featuredmedia":[{"embeddable":true,"href":"https:\/\/www.pressenza.com\/es\/wp-json\/wp\/v2\/media\/73224"}],"wp:attachment":[{"href":"https:\/\/www.pressenza.com\/es\/wp-json\/wp\/v2\/media?parent=73179"}],"wp:term":[{"taxonomy":"category","embeddable":true,"href":"https:\/\/www.pressenza.com\/es\/wp-json\/wp\/v2\/categories?post=73179"},{"taxonomy":"post_tag","embeddable":true,"href":"https:\/\/www.pressenza.com\/es\/wp-json\/wp\/v2\/tags?post=73179"}],"curies":[{"name":"wp","href":"https:\/\/api.w.org\/{rel}","templated":true}]}}