{"id":730670,"date":"2018-10-04T00:27:23","date_gmt":"2018-10-03T23:27:23","guid":{"rendered":"https:\/\/www.pressenza.com\/?p=730670"},"modified":"2018-10-04T00:41:47","modified_gmt":"2018-10-03T23:41:47","slug":"ayuntamiento-de-valencia-la-no-violencia-es-la-fuerza-que-transformara-el-mundo","status":"publish","type":"post","link":"https:\/\/www.pressenza.com\/es\/2018\/10\/ayuntamiento-de-valencia-la-no-violencia-es-la-fuerza-que-transformara-el-mundo\/","title":{"rendered":"Ayuntamiento de Valencia: \u00abla no violencia es la fuerza que transformar\u00e1 el mundo\u00bb"},"content":{"rendered":"<blockquote><p>Un a\u00f1o m\u00e1s, con motivo de la celebraci\u00f3n el 2 de octubre del D\u00eda Internacional de la No violencia, el Ayuntamiento de Valencia (Espa\u00f1a) ha lucido en un balc\u00f3n una pancarta en la que se pod\u00eda leer \u00abla no violencia es la fuerza que transformar\u00e1 el mundo\u00bb. <strong><br \/>\n<\/strong><\/p><\/blockquote>\n<p>El d\u00eda dos de octubre, D\u00eda Internacional de la No violencia, Mundo sin Guerras y Sin Violencia junto a Comunidades del Mensaje de Silo en la Ciudad de Valencia, Espa\u00f1a, celebramos este d\u00eda con un acto p\u00fablico realizado en la Plaza de la Virgen, centro de la ciudad. Por la ma\u00f1ana temprano se colg\u00f3 en el balc\u00f3n de la fachada del Ayuntamiento una pancarta que anunciaba este d\u00eda internacional y la idea fuerza \u201cLa No Violencia es la fuerza que transformar\u00e1 al mundo\u201d.<\/p>\n<p>Posteriormente se realiz\u00f3 el acto desde las 18 a las 21H al cual asistieron diversas asociaciones, colectivos, amigos y p\u00fablico. El acto se desarroll\u00f3 con una bienvenida y posteriores intervenciones de las asociaciones, colectivos asistentes y de los organizadores.<\/p>\n<p>Destacamos algunos aspectos comunes e importantes de estas intervenciones:<\/p>\n<ul>\n<li>La No Violencia como m\u00e9todo para resolver cualquier tipo de conflicto.<\/li>\n<li>Rechazo y denuncia p\u00fablica de toda injusticia y situaci\u00f3n de violencia.<\/li>\n<li>El rechazo a todo tipo de violencia moral, religiosa, f\u00edsica, de g\u00e9nero, sexual, econ\u00f3mica y sicol\u00f3gica.<\/li>\n<li>La importancia de una conducta personal guiada por principios \u00e9ticos que vayan influyendo en lo personal y lo social.<\/li>\n<li>El incorporar a nuestras vidas el principio moral que dice \u201cTrata a los dem\u00e1s como quisieras que te traten a ti\u201d como fuerza principal en la construcci\u00f3n de la futura Naci\u00f3n Humana Universal.<\/li>\n<\/ul>\n<p>Luego de las intervenciones se realiz\u00f3 un pedido conjunto por la Paz en el Mundo, destacando aqu\u00ed la conexi\u00f3n emotiva entre las personas participantes.<\/p>\n<p>Concluy\u00f3 el acto con una parte festiva interpretando los presentes la canci\u00f3n &#8216;Imagine&#8217; de John Lennon en un Karaoke.<\/p>\n<p>Terminar\u00e1 esta celebraci\u00f3n del D\u00eda Internacional de la No Violencia el 4 de octubre a las 17H con un acto en la Biblioteca P\u00fablica Pilar Faus en la sala Fons Local (Calle Hospital n\u00ba 13, Valencia). Este acto consistir\u00e1 en el visionado del documental \u201cM\u00e1s all\u00e1 de la venganza\u201d y un taller sobre el tema de la venganza, la violencia y la reconciliaci\u00f3n.<\/p>\n<div class=\"post-gallery\">\n\t\t\t<figure class=\"post-gallery-item\">\n\t\t\t\t<img decoding=\"async\" src=\"https:\/\/www.pressenza.com\/wp-content\/uploads\/2018\/10\/IMG-20181003-WA0006-720x404.jpg\" loading=\"lazy\">\n\t\t\t\t<figcaption>\n\t\t\t\t\t\n\t\t\t\t<\/figcaption>\n\t\t\t<\/figure>\n\t\t\t<figure class=\"post-gallery-item\">\n\t\t\t\t<img decoding=\"async\" src=\"https:\/\/www.pressenza.com\/wp-content\/uploads\/2018\/10\/IMG-20181003-WA0011-720x540.jpg\" loading=\"lazy\">\n\t\t\t\t<figcaption>\n\t\t\t\t\t\n\t\t\t\t<\/figcaption>\n\t\t\t<\/figure>\n\t\t\t<figure class=\"post-gallery-item\">\n\t\t\t\t<img decoding=\"async\" src=\"https:\/\/www.pressenza.com\/wp-content\/uploads\/2018\/10\/IMG-20181003-WA0017-720x404.jpg\" loading=\"lazy\">\n\t\t\t\t<figcaption>\n\t\t\t\t\t\n\t\t\t\t<\/figcaption>\n\t\t\t<\/figure><\/div>\n","protected":false},"excerpt":{"rendered":"<p>Un a\u00f1o m\u00e1s, con motivo de la celebraci\u00f3n el 2 de octubre del D\u00eda Internacional de la No violencia, el Ayuntamiento de Valencia (Espa\u00f1a) ha lucido en un balc\u00f3n una pancarta en la que se pod\u00eda leer \u00abla no violencia&hellip;<\/p>\n","protected":false},"author":1477,"featured_media":730682,"comment_status":"closed","ping_status":"closed","sticky":false,"template":"","format":"standard","meta":{"footnotes":""},"categories":[11389,1241,1240],"tags":[50468,7046,546,1065,11727,3087,40671],"class_list":["post-730670","post","type-post","status-publish","format-standard","has-post-thumbnail","hentry","category-contenido-original","category-diversidad","category-humanismo-espiritualidad","tag-2octubre","tag-dia-internacional-de-la-no-violencia","tag-el-mensaje-de-silo","tag-espana","tag-gandhi-es","tag-mundo-sin-guerras-y-sin-violencia","tag-valencia"],"yoast_head":"<!-- This site is optimized with the Yoast SEO plugin v27.1.1 - https:\/\/yoast.com\/product\/yoast-seo-wordpress\/ -->\n<title>Ayuntamiento de Valencia: &quot;la no violencia es la fuerza que transformar\u00e1 el mundo&quot;<\/title>\n<meta name=\"description\" content=\"Un a\u00f1o m\u00e1s, con motivo de la celebraci\u00f3n el 2 de octubre del D\u00eda Internacional de la No violencia, el Ayuntamiento de Valencia (Espa\u00f1a) ha lucido en un\" \/>\n<meta name=\"robots\" content=\"index, follow, max-snippet:-1, max-image-preview:large, max-video-preview:-1\" \/>\n<link rel=\"canonical\" href=\"https:\/\/www.pressenza.com\/es\/2018\/10\/ayuntamiento-de-valencia-la-no-violencia-es-la-fuerza-que-transformara-el-mundo\/\" \/>\n<meta property=\"og:locale\" content=\"es_ES\" \/>\n<meta property=\"og:type\" content=\"article\" \/>\n<meta property=\"og:title\" content=\"Ayuntamiento de Valencia: &quot;la no violencia es la fuerza que transformar\u00e1 el mundo&quot;\" \/>\n<meta property=\"og:description\" content=\"Un a\u00f1o m\u00e1s, con motivo de la celebraci\u00f3n el 2 de octubre del D\u00eda Internacional de la No violencia, el Ayuntamiento de Valencia (Espa\u00f1a) ha lucido en un\" \/>\n<meta property=\"og:url\" content=\"https:\/\/www.pressenza.com\/es\/2018\/10\/ayuntamiento-de-valencia-la-no-violencia-es-la-fuerza-que-transformara-el-mundo\/\" \/>\n<meta property=\"og:site_name\" content=\"Pressenza\" \/>\n<meta property=\"article:publisher\" content=\"https:\/\/www.facebook.com\/PressenzaItalia\" \/>\n<meta property=\"article:published_time\" content=\"2018-10-03T23:27:23+00:00\" \/>\n<meta property=\"article:modified_time\" content=\"2018-10-03T23:41:47+00:00\" \/>\n<meta property=\"og:image\" content=\"https:\/\/www.pressenza.com\/wp-content\/uploads\/2018\/10\/42930643_2321073297907791_194336966517456896_n.jpg\" \/>\n\t<meta property=\"og:image:width\" content=\"960\" \/>\n\t<meta property=\"og:image:height\" content=\"541\" \/>\n\t<meta property=\"og:image:type\" content=\"image\/jpeg\" \/>\n<meta name=\"author\" content=\"Redacci\u00f3n Valencia\" \/>\n<meta name=\"twitter:card\" content=\"summary_large_image\" \/>\n<meta name=\"twitter:creator\" content=\"@PressenzaIPA\" \/>\n<meta name=\"twitter:site\" content=\"@PressenzaIPA\" \/>\n<meta name=\"twitter:label1\" content=\"Escrito por\" \/>\n\t<meta name=\"twitter:data1\" content=\"Redacci\u00f3n Valencia\" \/>\n\t<meta name=\"twitter:label2\" content=\"Tiempo de lectura\" \/>\n\t<meta name=\"twitter:data2\" content=\"2 minutos\" \/>\n<script type=\"application\/ld+json\" class=\"yoast-schema-graph\">{\"@context\":\"https:\/\/schema.org\",\"@graph\":[{\"@type\":\"Article\",\"@id\":\"https:\/\/www.pressenza.com\/es\/2018\/10\/ayuntamiento-de-valencia-la-no-violencia-es-la-fuerza-que-transformara-el-mundo\/#article\",\"isPartOf\":{\"@id\":\"https:\/\/www.pressenza.com\/es\/2018\/10\/ayuntamiento-de-valencia-la-no-violencia-es-la-fuerza-que-transformara-el-mundo\/\"},\"author\":{\"name\":\"Redacci\u00f3n Valencia\",\"@id\":\"https:\/\/www.pressenza.com\/es\/#\/schema\/person\/aa3d21376f2252067f85becc1a893cc4\"},\"headline\":\"Ayuntamiento de Valencia: \u00abla no violencia es la fuerza que transformar\u00e1 el mundo\u00bb\",\"datePublished\":\"2018-10-03T23:27:23+00:00\",\"dateModified\":\"2018-10-03T23:41:47+00:00\",\"mainEntityOfPage\":{\"@id\":\"https:\/\/www.pressenza.com\/es\/2018\/10\/ayuntamiento-de-valencia-la-no-violencia-es-la-fuerza-que-transformara-el-mundo\/\"},\"wordCount\":418,\"publisher\":{\"@id\":\"https:\/\/www.pressenza.com\/es\/#organization\"},\"image\":{\"@id\":\"https:\/\/www.pressenza.com\/es\/2018\/10\/ayuntamiento-de-valencia-la-no-violencia-es-la-fuerza-que-transformara-el-mundo\/#primaryimage\"},\"thumbnailUrl\":\"https:\/\/www.pressenza.com\/wp-content\/uploads\/2018\/10\/42930643_2321073297907791_194336966517456896_n.jpg\",\"keywords\":[\"2Octubre\",\"D\u00eda Internacional de la Noviolencia\",\"El Mensaje de Silo\",\"Espa\u00f1a\",\"Gandhi\",\"Mundo sin Guerras y sin Violencia\",\"Valencia\"],\"articleSection\":[\"Contenido Original\",\"Diversidad\",\"Humanismo y Espiritualidad\"],\"inLanguage\":\"es\"},{\"@type\":\"WebPage\",\"@id\":\"https:\/\/www.pressenza.com\/es\/2018\/10\/ayuntamiento-de-valencia-la-no-violencia-es-la-fuerza-que-transformara-el-mundo\/\",\"url\":\"https:\/\/www.pressenza.com\/es\/2018\/10\/ayuntamiento-de-valencia-la-no-violencia-es-la-fuerza-que-transformara-el-mundo\/\",\"name\":\"Ayuntamiento de Valencia: \\\"la no violencia es la fuerza que transformar\u00e1 el mundo\\\"\",\"isPartOf\":{\"@id\":\"https:\/\/www.pressenza.com\/es\/#website\"},\"primaryImageOfPage\":{\"@id\":\"https:\/\/www.pressenza.com\/es\/2018\/10\/ayuntamiento-de-valencia-la-no-violencia-es-la-fuerza-que-transformara-el-mundo\/#primaryimage\"},\"image\":{\"@id\":\"https:\/\/www.pressenza.com\/es\/2018\/10\/ayuntamiento-de-valencia-la-no-violencia-es-la-fuerza-que-transformara-el-mundo\/#primaryimage\"},\"thumbnailUrl\":\"https:\/\/www.pressenza.com\/wp-content\/uploads\/2018\/10\/42930643_2321073297907791_194336966517456896_n.jpg\",\"datePublished\":\"2018-10-03T23:27:23+00:00\",\"dateModified\":\"2018-10-03T23:41:47+00:00\",\"description\":\"Un a\u00f1o m\u00e1s, con motivo de la celebraci\u00f3n el 2 de octubre del D\u00eda Internacional de la No violencia, el Ayuntamiento de Valencia (Espa\u00f1a) ha lucido en un\",\"breadcrumb\":{\"@id\":\"https:\/\/www.pressenza.com\/es\/2018\/10\/ayuntamiento-de-valencia-la-no-violencia-es-la-fuerza-que-transformara-el-mundo\/#breadcrumb\"},\"inLanguage\":\"es\",\"potentialAction\":[{\"@type\":\"ReadAction\",\"target\":[\"https:\/\/www.pressenza.com\/es\/2018\/10\/ayuntamiento-de-valencia-la-no-violencia-es-la-fuerza-que-transformara-el-mundo\/\"]}]},{\"@type\":\"ImageObject\",\"inLanguage\":\"es\",\"@id\":\"https:\/\/www.pressenza.com\/es\/2018\/10\/ayuntamiento-de-valencia-la-no-violencia-es-la-fuerza-que-transformara-el-mundo\/#primaryimage\",\"url\":\"https:\/\/www.pressenza.com\/wp-content\/uploads\/2018\/10\/42930643_2321073297907791_194336966517456896_n.jpg\",\"contentUrl\":\"https:\/\/www.pressenza.com\/wp-content\/uploads\/2018\/10\/42930643_2321073297907791_194336966517456896_n.jpg\",\"width\":960,\"height\":541},{\"@type\":\"BreadcrumbList\",\"@id\":\"https:\/\/www.pressenza.com\/es\/2018\/10\/ayuntamiento-de-valencia-la-no-violencia-es-la-fuerza-que-transformara-el-mundo\/#breadcrumb\",\"itemListElement\":[{\"@type\":\"ListItem\",\"position\":1,\"name\":\"Accueil\",\"item\":\"https:\/\/www.pressenza.com\/es\/\"},{\"@type\":\"ListItem\",\"position\":2,\"name\":\"Ayuntamiento de Valencia: \u00abla no violencia es la fuerza que transformar\u00e1 el mundo\u00bb\"}]},{\"@type\":\"WebSite\",\"@id\":\"https:\/\/www.pressenza.com\/es\/#website\",\"url\":\"https:\/\/www.pressenza.com\/es\/\",\"name\":\"Pressenza\",\"description\":\"International Press Agency\",\"publisher\":{\"@id\":\"https:\/\/www.pressenza.com\/es\/#organization\"},\"potentialAction\":[{\"@type\":\"SearchAction\",\"target\":{\"@type\":\"EntryPoint\",\"urlTemplate\":\"https:\/\/www.pressenza.com\/es\/?s={search_term_string}\"},\"query-input\":{\"@type\":\"PropertyValueSpecification\",\"valueRequired\":true,\"valueName\":\"search_term_string\"}}],\"inLanguage\":\"es\"},{\"@type\":\"Organization\",\"@id\":\"https:\/\/www.pressenza.com\/es\/#organization\",\"name\":\"Pressenza\",\"url\":\"https:\/\/www.pressenza.com\/es\/\",\"logo\":{\"@type\":\"ImageObject\",\"inLanguage\":\"es\",\"@id\":\"https:\/\/www.pressenza.com\/es\/#\/schema\/logo\/image\/\",\"url\":\"https:\/\/www.pressenza.com\/wp-content\/uploads\/2022\/10\/pressenza_logo_200x200.jpg\",\"contentUrl\":\"https:\/\/www.pressenza.com\/wp-content\/uploads\/2022\/10\/pressenza_logo_200x200.jpg\",\"width\":200,\"height\":200,\"caption\":\"Pressenza\"},\"image\":{\"@id\":\"https:\/\/www.pressenza.com\/es\/#\/schema\/logo\/image\/\"},\"sameAs\":[\"https:\/\/www.facebook.com\/PressenzaItalia\",\"https:\/\/x.com\/PressenzaIPA\"]},{\"@type\":\"Person\",\"@id\":\"https:\/\/www.pressenza.com\/es\/#\/schema\/person\/aa3d21376f2252067f85becc1a893cc4\",\"name\":\"Redacci\u00f3n Valencia\",\"description\":\"News from the Pressenza bureau in Valencia, Spain\",\"url\":\"https:\/\/www.pressenza.com\/es\/author\/redaccion-valencia\/\"}]}<\/script>\n<!-- \/ Yoast SEO plugin. -->","yoast_head_json":{"title":"Ayuntamiento de Valencia: \"la no violencia es la fuerza que transformar\u00e1 el mundo\"","description":"Un a\u00f1o m\u00e1s, con motivo de la celebraci\u00f3n el 2 de octubre del D\u00eda Internacional de la No violencia, el Ayuntamiento de Valencia (Espa\u00f1a) ha lucido en un","robots":{"index":"index","follow":"follow","max-snippet":"max-snippet:-1","max-image-preview":"max-image-preview:large","max-video-preview":"max-video-preview:-1"},"canonical":"https:\/\/www.pressenza.com\/es\/2018\/10\/ayuntamiento-de-valencia-la-no-violencia-es-la-fuerza-que-transformara-el-mundo\/","og_locale":"es_ES","og_type":"article","og_title":"Ayuntamiento de Valencia: \"la no violencia es la fuerza que transformar\u00e1 el mundo\"","og_description":"Un a\u00f1o m\u00e1s, con motivo de la celebraci\u00f3n el 2 de octubre del D\u00eda Internacional de la No violencia, el Ayuntamiento de Valencia (Espa\u00f1a) ha lucido en un","og_url":"https:\/\/www.pressenza.com\/es\/2018\/10\/ayuntamiento-de-valencia-la-no-violencia-es-la-fuerza-que-transformara-el-mundo\/","og_site_name":"Pressenza","article_publisher":"https:\/\/www.facebook.com\/PressenzaItalia","article_published_time":"2018-10-03T23:27:23+00:00","article_modified_time":"2018-10-03T23:41:47+00:00","og_image":[{"width":960,"height":541,"url":"https:\/\/www.pressenza.com\/wp-content\/uploads\/2018\/10\/42930643_2321073297907791_194336966517456896_n.jpg","type":"image\/jpeg"}],"author":"Redacci\u00f3n Valencia","twitter_card":"summary_large_image","twitter_creator":"@PressenzaIPA","twitter_site":"@PressenzaIPA","twitter_misc":{"Escrito por":"Redacci\u00f3n Valencia","Tiempo de lectura":"2 minutos"},"schema":{"@context":"https:\/\/schema.org","@graph":[{"@type":"Article","@id":"https:\/\/www.pressenza.com\/es\/2018\/10\/ayuntamiento-de-valencia-la-no-violencia-es-la-fuerza-que-transformara-el-mundo\/#article","isPartOf":{"@id":"https:\/\/www.pressenza.com\/es\/2018\/10\/ayuntamiento-de-valencia-la-no-violencia-es-la-fuerza-que-transformara-el-mundo\/"},"author":{"name":"Redacci\u00f3n Valencia","@id":"https:\/\/www.pressenza.com\/es\/#\/schema\/person\/aa3d21376f2252067f85becc1a893cc4"},"headline":"Ayuntamiento de Valencia: \u00abla no violencia es la fuerza que transformar\u00e1 el mundo\u00bb","datePublished":"2018-10-03T23:27:23+00:00","dateModified":"2018-10-03T23:41:47+00:00","mainEntityOfPage":{"@id":"https:\/\/www.pressenza.com\/es\/2018\/10\/ayuntamiento-de-valencia-la-no-violencia-es-la-fuerza-que-transformara-el-mundo\/"},"wordCount":418,"publisher":{"@id":"https:\/\/www.pressenza.com\/es\/#organization"},"image":{"@id":"https:\/\/www.pressenza.com\/es\/2018\/10\/ayuntamiento-de-valencia-la-no-violencia-es-la-fuerza-que-transformara-el-mundo\/#primaryimage"},"thumbnailUrl":"https:\/\/www.pressenza.com\/wp-content\/uploads\/2018\/10\/42930643_2321073297907791_194336966517456896_n.jpg","keywords":["2Octubre","D\u00eda Internacional de la Noviolencia","El Mensaje de Silo","Espa\u00f1a","Gandhi","Mundo sin Guerras y sin Violencia","Valencia"],"articleSection":["Contenido Original","Diversidad","Humanismo y Espiritualidad"],"inLanguage":"es"},{"@type":"WebPage","@id":"https:\/\/www.pressenza.com\/es\/2018\/10\/ayuntamiento-de-valencia-la-no-violencia-es-la-fuerza-que-transformara-el-mundo\/","url":"https:\/\/www.pressenza.com\/es\/2018\/10\/ayuntamiento-de-valencia-la-no-violencia-es-la-fuerza-que-transformara-el-mundo\/","name":"Ayuntamiento de Valencia: \"la no violencia es la fuerza que transformar\u00e1 el mundo\"","isPartOf":{"@id":"https:\/\/www.pressenza.com\/es\/#website"},"primaryImageOfPage":{"@id":"https:\/\/www.pressenza.com\/es\/2018\/10\/ayuntamiento-de-valencia-la-no-violencia-es-la-fuerza-que-transformara-el-mundo\/#primaryimage"},"image":{"@id":"https:\/\/www.pressenza.com\/es\/2018\/10\/ayuntamiento-de-valencia-la-no-violencia-es-la-fuerza-que-transformara-el-mundo\/#primaryimage"},"thumbnailUrl":"https:\/\/www.pressenza.com\/wp-content\/uploads\/2018\/10\/42930643_2321073297907791_194336966517456896_n.jpg","datePublished":"2018-10-03T23:27:23+00:00","dateModified":"2018-10-03T23:41:47+00:00","description":"Un a\u00f1o m\u00e1s, con motivo de la celebraci\u00f3n el 2 de octubre del D\u00eda Internacional de la No violencia, el Ayuntamiento de Valencia (Espa\u00f1a) ha lucido en un","breadcrumb":{"@id":"https:\/\/www.pressenza.com\/es\/2018\/10\/ayuntamiento-de-valencia-la-no-violencia-es-la-fuerza-que-transformara-el-mundo\/#breadcrumb"},"inLanguage":"es","potentialAction":[{"@type":"ReadAction","target":["https:\/\/www.pressenza.com\/es\/2018\/10\/ayuntamiento-de-valencia-la-no-violencia-es-la-fuerza-que-transformara-el-mundo\/"]}]},{"@type":"ImageObject","inLanguage":"es","@id":"https:\/\/www.pressenza.com\/es\/2018\/10\/ayuntamiento-de-valencia-la-no-violencia-es-la-fuerza-que-transformara-el-mundo\/#primaryimage","url":"https:\/\/www.pressenza.com\/wp-content\/uploads\/2018\/10\/42930643_2321073297907791_194336966517456896_n.jpg","contentUrl":"https:\/\/www.pressenza.com\/wp-content\/uploads\/2018\/10\/42930643_2321073297907791_194336966517456896_n.jpg","width":960,"height":541},{"@type":"BreadcrumbList","@id":"https:\/\/www.pressenza.com\/es\/2018\/10\/ayuntamiento-de-valencia-la-no-violencia-es-la-fuerza-que-transformara-el-mundo\/#breadcrumb","itemListElement":[{"@type":"ListItem","position":1,"name":"Accueil","item":"https:\/\/www.pressenza.com\/es\/"},{"@type":"ListItem","position":2,"name":"Ayuntamiento de Valencia: \u00abla no violencia es la fuerza que transformar\u00e1 el mundo\u00bb"}]},{"@type":"WebSite","@id":"https:\/\/www.pressenza.com\/es\/#website","url":"https:\/\/www.pressenza.com\/es\/","name":"Pressenza","description":"International Press Agency","publisher":{"@id":"https:\/\/www.pressenza.com\/es\/#organization"},"potentialAction":[{"@type":"SearchAction","target":{"@type":"EntryPoint","urlTemplate":"https:\/\/www.pressenza.com\/es\/?s={search_term_string}"},"query-input":{"@type":"PropertyValueSpecification","valueRequired":true,"valueName":"search_term_string"}}],"inLanguage":"es"},{"@type":"Organization","@id":"https:\/\/www.pressenza.com\/es\/#organization","name":"Pressenza","url":"https:\/\/www.pressenza.com\/es\/","logo":{"@type":"ImageObject","inLanguage":"es","@id":"https:\/\/www.pressenza.com\/es\/#\/schema\/logo\/image\/","url":"https:\/\/www.pressenza.com\/wp-content\/uploads\/2022\/10\/pressenza_logo_200x200.jpg","contentUrl":"https:\/\/www.pressenza.com\/wp-content\/uploads\/2022\/10\/pressenza_logo_200x200.jpg","width":200,"height":200,"caption":"Pressenza"},"image":{"@id":"https:\/\/www.pressenza.com\/es\/#\/schema\/logo\/image\/"},"sameAs":["https:\/\/www.facebook.com\/PressenzaItalia","https:\/\/x.com\/PressenzaIPA"]},{"@type":"Person","@id":"https:\/\/www.pressenza.com\/es\/#\/schema\/person\/aa3d21376f2252067f85becc1a893cc4","name":"Redacci\u00f3n Valencia","description":"News from the Pressenza bureau in Valencia, Spain","url":"https:\/\/www.pressenza.com\/es\/author\/redaccion-valencia\/"}]}},"place":"Valencia","original_article_url":"","_links":{"self":[{"href":"https:\/\/www.pressenza.com\/es\/wp-json\/wp\/v2\/posts\/730670","targetHints":{"allow":["GET"]}}],"collection":[{"href":"https:\/\/www.pressenza.com\/es\/wp-json\/wp\/v2\/posts"}],"about":[{"href":"https:\/\/www.pressenza.com\/es\/wp-json\/wp\/v2\/types\/post"}],"author":[{"embeddable":true,"href":"https:\/\/www.pressenza.com\/es\/wp-json\/wp\/v2\/users\/1477"}],"replies":[{"embeddable":true,"href":"https:\/\/www.pressenza.com\/es\/wp-json\/wp\/v2\/comments?post=730670"}],"version-history":[{"count":0,"href":"https:\/\/www.pressenza.com\/es\/wp-json\/wp\/v2\/posts\/730670\/revisions"}],"wp:featuredmedia":[{"embeddable":true,"href":"https:\/\/www.pressenza.com\/es\/wp-json\/wp\/v2\/media\/730682"}],"wp:attachment":[{"href":"https:\/\/www.pressenza.com\/es\/wp-json\/wp\/v2\/media?parent=730670"}],"wp:term":[{"taxonomy":"category","embeddable":true,"href":"https:\/\/www.pressenza.com\/es\/wp-json\/wp\/v2\/categories?post=730670"},{"taxonomy":"post_tag","embeddable":true,"href":"https:\/\/www.pressenza.com\/es\/wp-json\/wp\/v2\/tags?post=730670"}],"curies":[{"name":"wp","href":"https:\/\/api.w.org\/{rel}","templated":true}]}}