{"id":730515,"date":"2018-10-03T19:13:33","date_gmt":"2018-10-03T18:13:33","guid":{"rendered":"https:\/\/www.pressenza.com\/?p=730515"},"modified":"2018-10-03T19:13:33","modified_gmt":"2018-10-03T18:13:33","slug":"la-no-obligacion-juridica-no-exime-de-la-responsabilidad-del-dialogo","status":"publish","type":"post","link":"https:\/\/www.pressenza.com\/es\/2018\/10\/la-no-obligacion-juridica-no-exime-de-la-responsabilidad-del-dialogo\/","title":{"rendered":"La no obligaci\u00f3n jur\u00eddica no exime de la responsabilidad del di\u00e1logo"},"content":{"rendered":"<blockquote><p>Declaraci\u00f3n P\u00fablica del Partido Humanista despu\u00e9s de la resoluci\u00f3n de la Corte Internacional de Justicia de La Haya.<\/p><\/blockquote>\n<p>Cinco a\u00f1os transcurrieron desde que la demanda que buscaba obligar a Chile a un di\u00e1logo sobre el acceso soberano al mar reclamado por Bolivia fuera interpuesta por este pa\u00eds el 24 de abril del 2013. Entre el 19 y el 28 de marzo del 2018 se desarrollaron los alegatos orales. Este primero de octubre, qued\u00f3 sellado el destino de este cap\u00edtulo desarrollado en la Corte Internacional de Justicia de La Haya en relaci\u00f3n a la hist\u00f3rica demanda boliviana.<\/p>\n<p>Por 12 votos contra 3 el tribunal determin\u00f3 que la Rep\u00fablica de Chile no contrajo la necesidad de negociar una salida soberana al mar para el Estado Plurinacional de Bolivia y as\u00ed lo declar\u00f3 el presidente de la Corte, Abdulqawi Ahmed Yusuf.<\/p>\n<p>\u00bfUn triunfo para Chile? Podr\u00edamos decir que s\u00ed, solo en cuanto a que es muy distinto tener que actuar obligadamente a hacerlo voluntariamente. Si el fallo hubiese dado la raz\u00f3n a Bolivia, se habr\u00eda perdido la oportunidad de poner una condici\u00f3n favorable al di\u00e1logo acord\u00e1ndolo como una decisi\u00f3n voluntaria de ambas partes.<\/p>\n<p>Ya terminado este proceso, ambos gobiernos tienen la oportunidad de establecer una nueva condici\u00f3n que permita avanzar en una soluci\u00f3n, pol\u00edtica y diplom\u00e1tica, que establezca relaciones beneficiosas para ambos pueblos. Esta claro que la condici\u00f3n de vecinos la mantendremos por siempre, pero adem\u00e1s nos son comunes nuestros desaf\u00edos y compromiso con nuestros pueblos, en temas como educaci\u00f3n, salud, pensiones, superaci\u00f3n de la pobreza y calidad de vida. Nuestro futuro est\u00e1 indefectiblemente ligado.<\/p>\n<p>La demanda boliviana por acceso soberano al mar tiene ra\u00edces hist\u00f3ricas que, mas all\u00e1 de los tratados firmados en su momento y tambi\u00e9n de acuerdo a este \u00faltimo fallo, Chile no tiene obligaci\u00f3n jur\u00eddica de resolver, pero esto no es soluci\u00f3n al registro de un pueblo que experimenta la situaci\u00f3n como injusta. En este sentido afirmamos que la no obligaci\u00f3n jur\u00eddica, no exime de la responsabilidad de un di\u00e1logo que permita cerrar definitivamente las heridas de una guerra de hace mas de un siglo, que respondi\u00f3 sobre todo a los intereses de pol\u00edticos e inversionistas de ese momento, respaldados por el colonialismo ingl\u00e9s.<\/p>\n<p>Este di\u00e1logo no s\u00f3lo requiere ser entre gobiernos. Aspiramos a un di\u00e1logo profundo entre nuestros pueblos, entre trabajadores, estudiantes, mujeres, acad\u00e9micos. Vemos necesario \u201cdemocratizar\u201d el di\u00e1logo, hacerlo mas horizontal, amplio y diverso.<\/p>\n<p>Por otra parte, durante estos cinco a\u00f1os se suspendi\u00f3 toda conversaci\u00f3n sobre otros temas de gran importancia en la relaci\u00f3n entre ambos pa\u00edses, incluidos en su momento en la agenda de los 13 puntos: Desarrollo de la confianza mutua; Integraci\u00f3n fronteriza; Libre tr\u00e1nsito; Integraci\u00f3n f\u00edsica; Complementaci\u00f3n econ\u00f3mica; Silala y recursos h\u00eddricos; Instrumentos de lucha contra la pobreza; Seguridad y defensa; Cooperaci\u00f3n para el control de tr\u00e1fico il\u00edcito de drogas y productos qu\u00edmicos esenciales y precursores; Educaci\u00f3n, ciencia y tecnolog\u00eda; Culturas y tambi\u00e9n, por supuesto, el Tema Mar\u00edtimo.<\/p>\n<p>Lleg\u00f3 la hora de asumir con decisi\u00f3n la b\u00fasqueda de una soluci\u00f3n pol\u00edtica y diplom\u00e1tica que nos lleve a enfrentar conjuntamente el futuro. Ojal\u00e1 lo comprendan y act\u00faen en consecuencia los gobiernos, las dirigencias y los pueblos de ambos pa\u00edses.<\/p>\n<p><strong>Equipo de Coordinaci\u00f3n Nacional<\/strong><\/p>\n","protected":false},"excerpt":{"rendered":"<p>Declaraci\u00f3n P\u00fablica del Partido Humanista despu\u00e9s de la resoluci\u00f3n de la Corte Internacional de Justicia de La Haya. Cinco a\u00f1os transcurrieron desde que la demanda que buscaba obligar a Chile a un di\u00e1logo sobre el acceso soberano al mar reclamado&hellip;<\/p>\n","protected":false},"author":386,"featured_media":730525,"comment_status":"closed","ping_status":"closed","sticky":false,"template":"","format":"standard","meta":{"footnotes":""},"categories":[76,149,67],"tags":[1646,29,20361,1703,20453],"class_list":["post-730515","post","type-post","status-publish","format-standard","has-post-thumbnail","hentry","category-relaciones-exteriores","category-comunicados-de-prensa","category-sudamerica","tag-bolivia","tag-chile","tag-fallo-tribunal-internacional-de-la-haya","tag-mar-para-bolivia","tag-partido-humanista-de-chile"],"yoast_head":"<!-- This site is optimized with the Yoast SEO plugin v27.1.1 - https:\/\/yoast.com\/product\/yoast-seo-wordpress\/ -->\n<title>La no obligaci\u00f3n jur\u00eddica no exime de la responsabilidad del di\u00e1logo<\/title>\n<meta name=\"description\" content=\"Declaraci\u00f3n P\u00fablica del Partido Humanista despu\u00e9s de la resoluci\u00f3n de la Corte Internacional de Justicia de La Haya. Cinco a\u00f1os transcurrieron desde que\" \/>\n<meta name=\"robots\" content=\"index, follow, max-snippet:-1, max-image-preview:large, max-video-preview:-1\" \/>\n<link rel=\"canonical\" href=\"https:\/\/www.pressenza.com\/es\/2018\/10\/la-no-obligacion-juridica-no-exime-de-la-responsabilidad-del-dialogo\/\" \/>\n<meta property=\"og:locale\" content=\"es_ES\" \/>\n<meta property=\"og:type\" content=\"article\" \/>\n<meta property=\"og:title\" content=\"La no obligaci\u00f3n jur\u00eddica no exime de la responsabilidad del di\u00e1logo\" \/>\n<meta property=\"og:description\" content=\"Declaraci\u00f3n P\u00fablica del Partido Humanista despu\u00e9s de la resoluci\u00f3n de la Corte Internacional de Justicia de La Haya. Cinco a\u00f1os transcurrieron desde que\" \/>\n<meta property=\"og:url\" content=\"https:\/\/www.pressenza.com\/es\/2018\/10\/la-no-obligacion-juridica-no-exime-de-la-responsabilidad-del-dialogo\/\" \/>\n<meta property=\"og:site_name\" content=\"Pressenza\" \/>\n<meta property=\"article:publisher\" content=\"https:\/\/www.facebook.com\/PressenzaItalia\" \/>\n<meta property=\"article:author\" content=\"https:\/\/www.facebook.com\/PartidoHumanistaChile?fref=ts\" \/>\n<meta property=\"article:published_time\" content=\"2018-10-03T18:13:33+00:00\" \/>\n<meta property=\"og:image\" content=\"https:\/\/www.pressenza.com\/wp-content\/uploads\/2018\/10\/wfwqffwqfw.jpg\" \/>\n\t<meta property=\"og:image:width\" content=\"900\" \/>\n\t<meta property=\"og:image:height\" content=\"727\" \/>\n\t<meta property=\"og:image:type\" content=\"image\/jpeg\" \/>\n<meta name=\"author\" content=\"Partido Humanista de Chile\" \/>\n<meta name=\"twitter:card\" content=\"summary_large_image\" \/>\n<meta name=\"twitter:creator\" content=\"@phumanista\" \/>\n<meta name=\"twitter:site\" content=\"@PressenzaIPA\" \/>\n<meta name=\"twitter:label1\" content=\"Escrito por\" \/>\n\t<meta name=\"twitter:data1\" content=\"Partido Humanista de Chile\" \/>\n\t<meta name=\"twitter:label2\" content=\"Tiempo de lectura\" \/>\n\t<meta name=\"twitter:data2\" content=\"3 minutos\" \/>\n<script type=\"application\/ld+json\" class=\"yoast-schema-graph\">{\"@context\":\"https:\/\/schema.org\",\"@graph\":[{\"@type\":\"Article\",\"@id\":\"https:\/\/www.pressenza.com\/es\/2018\/10\/la-no-obligacion-juridica-no-exime-de-la-responsabilidad-del-dialogo\/#article\",\"isPartOf\":{\"@id\":\"https:\/\/www.pressenza.com\/es\/2018\/10\/la-no-obligacion-juridica-no-exime-de-la-responsabilidad-del-dialogo\/\"},\"author\":{\"name\":\"Partido Humanista de Chile\",\"@id\":\"https:\/\/www.pressenza.com\/es\/#\/schema\/person\/21472c42980bab786ff5a256b8239bf5\"},\"headline\":\"La no obligaci\u00f3n jur\u00eddica no exime de la responsabilidad del di\u00e1logo\",\"datePublished\":\"2018-10-03T18:13:33+00:00\",\"mainEntityOfPage\":{\"@id\":\"https:\/\/www.pressenza.com\/es\/2018\/10\/la-no-obligacion-juridica-no-exime-de-la-responsabilidad-del-dialogo\/\"},\"wordCount\":605,\"publisher\":{\"@id\":\"https:\/\/www.pressenza.com\/es\/#organization\"},\"image\":{\"@id\":\"https:\/\/www.pressenza.com\/es\/2018\/10\/la-no-obligacion-juridica-no-exime-de-la-responsabilidad-del-dialogo\/#primaryimage\"},\"thumbnailUrl\":\"https:\/\/www.pressenza.com\/wp-content\/uploads\/2018\/10\/wfwqffwqfw.jpg\",\"keywords\":[\"Bolivia\",\"Chile\",\"Fallo Tribunal Internacional de La Haya\",\"Mar para Bolivia\",\"Partido Humanista de Chile\"],\"articleSection\":[\"Asuntos internacionales\",\"Comunicados de Prensa\",\"Sudam\u00e9rica\"],\"inLanguage\":\"es\"},{\"@type\":\"WebPage\",\"@id\":\"https:\/\/www.pressenza.com\/es\/2018\/10\/la-no-obligacion-juridica-no-exime-de-la-responsabilidad-del-dialogo\/\",\"url\":\"https:\/\/www.pressenza.com\/es\/2018\/10\/la-no-obligacion-juridica-no-exime-de-la-responsabilidad-del-dialogo\/\",\"name\":\"La no obligaci\u00f3n jur\u00eddica no exime de la responsabilidad del di\u00e1logo\",\"isPartOf\":{\"@id\":\"https:\/\/www.pressenza.com\/es\/#website\"},\"primaryImageOfPage\":{\"@id\":\"https:\/\/www.pressenza.com\/es\/2018\/10\/la-no-obligacion-juridica-no-exime-de-la-responsabilidad-del-dialogo\/#primaryimage\"},\"image\":{\"@id\":\"https:\/\/www.pressenza.com\/es\/2018\/10\/la-no-obligacion-juridica-no-exime-de-la-responsabilidad-del-dialogo\/#primaryimage\"},\"thumbnailUrl\":\"https:\/\/www.pressenza.com\/wp-content\/uploads\/2018\/10\/wfwqffwqfw.jpg\",\"datePublished\":\"2018-10-03T18:13:33+00:00\",\"description\":\"Declaraci\u00f3n P\u00fablica del Partido Humanista despu\u00e9s de la resoluci\u00f3n de la Corte Internacional de Justicia de La Haya. Cinco a\u00f1os transcurrieron desde que\",\"breadcrumb\":{\"@id\":\"https:\/\/www.pressenza.com\/es\/2018\/10\/la-no-obligacion-juridica-no-exime-de-la-responsabilidad-del-dialogo\/#breadcrumb\"},\"inLanguage\":\"es\",\"potentialAction\":[{\"@type\":\"ReadAction\",\"target\":[\"https:\/\/www.pressenza.com\/es\/2018\/10\/la-no-obligacion-juridica-no-exime-de-la-responsabilidad-del-dialogo\/\"]}]},{\"@type\":\"ImageObject\",\"inLanguage\":\"es\",\"@id\":\"https:\/\/www.pressenza.com\/es\/2018\/10\/la-no-obligacion-juridica-no-exime-de-la-responsabilidad-del-dialogo\/#primaryimage\",\"url\":\"https:\/\/www.pressenza.com\/wp-content\/uploads\/2018\/10\/wfwqffwqfw.jpg\",\"contentUrl\":\"https:\/\/www.pressenza.com\/wp-content\/uploads\/2018\/10\/wfwqffwqfw.jpg\",\"width\":900,\"height\":727},{\"@type\":\"BreadcrumbList\",\"@id\":\"https:\/\/www.pressenza.com\/es\/2018\/10\/la-no-obligacion-juridica-no-exime-de-la-responsabilidad-del-dialogo\/#breadcrumb\",\"itemListElement\":[{\"@type\":\"ListItem\",\"position\":1,\"name\":\"Accueil\",\"item\":\"https:\/\/www.pressenza.com\/es\/\"},{\"@type\":\"ListItem\",\"position\":2,\"name\":\"La no obligaci\u00f3n jur\u00eddica no exime de la responsabilidad del di\u00e1logo\"}]},{\"@type\":\"WebSite\",\"@id\":\"https:\/\/www.pressenza.com\/es\/#website\",\"url\":\"https:\/\/www.pressenza.com\/es\/\",\"name\":\"Pressenza\",\"description\":\"International Press Agency\",\"publisher\":{\"@id\":\"https:\/\/www.pressenza.com\/es\/#organization\"},\"potentialAction\":[{\"@type\":\"SearchAction\",\"target\":{\"@type\":\"EntryPoint\",\"urlTemplate\":\"https:\/\/www.pressenza.com\/es\/?s={search_term_string}\"},\"query-input\":{\"@type\":\"PropertyValueSpecification\",\"valueRequired\":true,\"valueName\":\"search_term_string\"}}],\"inLanguage\":\"es\"},{\"@type\":\"Organization\",\"@id\":\"https:\/\/www.pressenza.com\/es\/#organization\",\"name\":\"Pressenza\",\"url\":\"https:\/\/www.pressenza.com\/es\/\",\"logo\":{\"@type\":\"ImageObject\",\"inLanguage\":\"es\",\"@id\":\"https:\/\/www.pressenza.com\/es\/#\/schema\/logo\/image\/\",\"url\":\"https:\/\/www.pressenza.com\/wp-content\/uploads\/2022\/10\/pressenza_logo_200x200.jpg\",\"contentUrl\":\"https:\/\/www.pressenza.com\/wp-content\/uploads\/2022\/10\/pressenza_logo_200x200.jpg\",\"width\":200,\"height\":200,\"caption\":\"Pressenza\"},\"image\":{\"@id\":\"https:\/\/www.pressenza.com\/es\/#\/schema\/logo\/image\/\"},\"sameAs\":[\"https:\/\/www.facebook.com\/PressenzaItalia\",\"https:\/\/x.com\/PressenzaIPA\"]},{\"@type\":\"Person\",\"@id\":\"https:\/\/www.pressenza.com\/es\/#\/schema\/person\/21472c42980bab786ff5a256b8239bf5\",\"name\":\"Partido Humanista de Chile\",\"description\":\"www.partidohumanista.cl\",\"sameAs\":[\"https:\/\/www.facebook.com\/PartidoHumanistaChile?fref=ts\",\"https:\/\/x.com\/phumanista\"],\"url\":\"https:\/\/www.pressenza.com\/es\/author\/partido-humanista-de-chile\/\"}]}<\/script>\n<!-- \/ Yoast SEO plugin. -->","yoast_head_json":{"title":"La no obligaci\u00f3n jur\u00eddica no exime de la responsabilidad del di\u00e1logo","description":"Declaraci\u00f3n P\u00fablica del Partido Humanista despu\u00e9s de la resoluci\u00f3n de la Corte Internacional de Justicia de La Haya. Cinco a\u00f1os transcurrieron desde que","robots":{"index":"index","follow":"follow","max-snippet":"max-snippet:-1","max-image-preview":"max-image-preview:large","max-video-preview":"max-video-preview:-1"},"canonical":"https:\/\/www.pressenza.com\/es\/2018\/10\/la-no-obligacion-juridica-no-exime-de-la-responsabilidad-del-dialogo\/","og_locale":"es_ES","og_type":"article","og_title":"La no obligaci\u00f3n jur\u00eddica no exime de la responsabilidad del di\u00e1logo","og_description":"Declaraci\u00f3n P\u00fablica del Partido Humanista despu\u00e9s de la resoluci\u00f3n de la Corte Internacional de Justicia de La Haya. Cinco a\u00f1os transcurrieron desde que","og_url":"https:\/\/www.pressenza.com\/es\/2018\/10\/la-no-obligacion-juridica-no-exime-de-la-responsabilidad-del-dialogo\/","og_site_name":"Pressenza","article_publisher":"https:\/\/www.facebook.com\/PressenzaItalia","article_author":"https:\/\/www.facebook.com\/PartidoHumanistaChile?fref=ts","article_published_time":"2018-10-03T18:13:33+00:00","og_image":[{"width":900,"height":727,"url":"https:\/\/www.pressenza.com\/wp-content\/uploads\/2018\/10\/wfwqffwqfw.jpg","type":"image\/jpeg"}],"author":"Partido Humanista de Chile","twitter_card":"summary_large_image","twitter_creator":"@phumanista","twitter_site":"@PressenzaIPA","twitter_misc":{"Escrito por":"Partido Humanista de Chile","Tiempo de lectura":"3 minutos"},"schema":{"@context":"https:\/\/schema.org","@graph":[{"@type":"Article","@id":"https:\/\/www.pressenza.com\/es\/2018\/10\/la-no-obligacion-juridica-no-exime-de-la-responsabilidad-del-dialogo\/#article","isPartOf":{"@id":"https:\/\/www.pressenza.com\/es\/2018\/10\/la-no-obligacion-juridica-no-exime-de-la-responsabilidad-del-dialogo\/"},"author":{"name":"Partido Humanista de Chile","@id":"https:\/\/www.pressenza.com\/es\/#\/schema\/person\/21472c42980bab786ff5a256b8239bf5"},"headline":"La no obligaci\u00f3n jur\u00eddica no exime de la responsabilidad del di\u00e1logo","datePublished":"2018-10-03T18:13:33+00:00","mainEntityOfPage":{"@id":"https:\/\/www.pressenza.com\/es\/2018\/10\/la-no-obligacion-juridica-no-exime-de-la-responsabilidad-del-dialogo\/"},"wordCount":605,"publisher":{"@id":"https:\/\/www.pressenza.com\/es\/#organization"},"image":{"@id":"https:\/\/www.pressenza.com\/es\/2018\/10\/la-no-obligacion-juridica-no-exime-de-la-responsabilidad-del-dialogo\/#primaryimage"},"thumbnailUrl":"https:\/\/www.pressenza.com\/wp-content\/uploads\/2018\/10\/wfwqffwqfw.jpg","keywords":["Bolivia","Chile","Fallo Tribunal Internacional de La Haya","Mar para Bolivia","Partido Humanista de Chile"],"articleSection":["Asuntos internacionales","Comunicados de Prensa","Sudam\u00e9rica"],"inLanguage":"es"},{"@type":"WebPage","@id":"https:\/\/www.pressenza.com\/es\/2018\/10\/la-no-obligacion-juridica-no-exime-de-la-responsabilidad-del-dialogo\/","url":"https:\/\/www.pressenza.com\/es\/2018\/10\/la-no-obligacion-juridica-no-exime-de-la-responsabilidad-del-dialogo\/","name":"La no obligaci\u00f3n jur\u00eddica no exime de la responsabilidad del di\u00e1logo","isPartOf":{"@id":"https:\/\/www.pressenza.com\/es\/#website"},"primaryImageOfPage":{"@id":"https:\/\/www.pressenza.com\/es\/2018\/10\/la-no-obligacion-juridica-no-exime-de-la-responsabilidad-del-dialogo\/#primaryimage"},"image":{"@id":"https:\/\/www.pressenza.com\/es\/2018\/10\/la-no-obligacion-juridica-no-exime-de-la-responsabilidad-del-dialogo\/#primaryimage"},"thumbnailUrl":"https:\/\/www.pressenza.com\/wp-content\/uploads\/2018\/10\/wfwqffwqfw.jpg","datePublished":"2018-10-03T18:13:33+00:00","description":"Declaraci\u00f3n P\u00fablica del Partido Humanista despu\u00e9s de la resoluci\u00f3n de la Corte Internacional de Justicia de La Haya. Cinco a\u00f1os transcurrieron desde que","breadcrumb":{"@id":"https:\/\/www.pressenza.com\/es\/2018\/10\/la-no-obligacion-juridica-no-exime-de-la-responsabilidad-del-dialogo\/#breadcrumb"},"inLanguage":"es","potentialAction":[{"@type":"ReadAction","target":["https:\/\/www.pressenza.com\/es\/2018\/10\/la-no-obligacion-juridica-no-exime-de-la-responsabilidad-del-dialogo\/"]}]},{"@type":"ImageObject","inLanguage":"es","@id":"https:\/\/www.pressenza.com\/es\/2018\/10\/la-no-obligacion-juridica-no-exime-de-la-responsabilidad-del-dialogo\/#primaryimage","url":"https:\/\/www.pressenza.com\/wp-content\/uploads\/2018\/10\/wfwqffwqfw.jpg","contentUrl":"https:\/\/www.pressenza.com\/wp-content\/uploads\/2018\/10\/wfwqffwqfw.jpg","width":900,"height":727},{"@type":"BreadcrumbList","@id":"https:\/\/www.pressenza.com\/es\/2018\/10\/la-no-obligacion-juridica-no-exime-de-la-responsabilidad-del-dialogo\/#breadcrumb","itemListElement":[{"@type":"ListItem","position":1,"name":"Accueil","item":"https:\/\/www.pressenza.com\/es\/"},{"@type":"ListItem","position":2,"name":"La no obligaci\u00f3n jur\u00eddica no exime de la responsabilidad del di\u00e1logo"}]},{"@type":"WebSite","@id":"https:\/\/www.pressenza.com\/es\/#website","url":"https:\/\/www.pressenza.com\/es\/","name":"Pressenza","description":"International Press Agency","publisher":{"@id":"https:\/\/www.pressenza.com\/es\/#organization"},"potentialAction":[{"@type":"SearchAction","target":{"@type":"EntryPoint","urlTemplate":"https:\/\/www.pressenza.com\/es\/?s={search_term_string}"},"query-input":{"@type":"PropertyValueSpecification","valueRequired":true,"valueName":"search_term_string"}}],"inLanguage":"es"},{"@type":"Organization","@id":"https:\/\/www.pressenza.com\/es\/#organization","name":"Pressenza","url":"https:\/\/www.pressenza.com\/es\/","logo":{"@type":"ImageObject","inLanguage":"es","@id":"https:\/\/www.pressenza.com\/es\/#\/schema\/logo\/image\/","url":"https:\/\/www.pressenza.com\/wp-content\/uploads\/2022\/10\/pressenza_logo_200x200.jpg","contentUrl":"https:\/\/www.pressenza.com\/wp-content\/uploads\/2022\/10\/pressenza_logo_200x200.jpg","width":200,"height":200,"caption":"Pressenza"},"image":{"@id":"https:\/\/www.pressenza.com\/es\/#\/schema\/logo\/image\/"},"sameAs":["https:\/\/www.facebook.com\/PressenzaItalia","https:\/\/x.com\/PressenzaIPA"]},{"@type":"Person","@id":"https:\/\/www.pressenza.com\/es\/#\/schema\/person\/21472c42980bab786ff5a256b8239bf5","name":"Partido Humanista de Chile","description":"www.partidohumanista.cl","sameAs":["https:\/\/www.facebook.com\/PartidoHumanistaChile?fref=ts","https:\/\/x.com\/phumanista"],"url":"https:\/\/www.pressenza.com\/es\/author\/partido-humanista-de-chile\/"}]}},"place":"Santiago de Chile","original_article_url":"","_links":{"self":[{"href":"https:\/\/www.pressenza.com\/es\/wp-json\/wp\/v2\/posts\/730515","targetHints":{"allow":["GET"]}}],"collection":[{"href":"https:\/\/www.pressenza.com\/es\/wp-json\/wp\/v2\/posts"}],"about":[{"href":"https:\/\/www.pressenza.com\/es\/wp-json\/wp\/v2\/types\/post"}],"author":[{"embeddable":true,"href":"https:\/\/www.pressenza.com\/es\/wp-json\/wp\/v2\/users\/386"}],"replies":[{"embeddable":true,"href":"https:\/\/www.pressenza.com\/es\/wp-json\/wp\/v2\/comments?post=730515"}],"version-history":[{"count":0,"href":"https:\/\/www.pressenza.com\/es\/wp-json\/wp\/v2\/posts\/730515\/revisions"}],"wp:featuredmedia":[{"embeddable":true,"href":"https:\/\/www.pressenza.com\/es\/wp-json\/wp\/v2\/media\/730525"}],"wp:attachment":[{"href":"https:\/\/www.pressenza.com\/es\/wp-json\/wp\/v2\/media?parent=730515"}],"wp:term":[{"taxonomy":"category","embeddable":true,"href":"https:\/\/www.pressenza.com\/es\/wp-json\/wp\/v2\/categories?post=730515"},{"taxonomy":"post_tag","embeddable":true,"href":"https:\/\/www.pressenza.com\/es\/wp-json\/wp\/v2\/tags?post=730515"}],"curies":[{"name":"wp","href":"https:\/\/api.w.org\/{rel}","templated":true}]}}