{"id":73032,"date":"2013-10-15T21:42:29","date_gmt":"2013-10-15T20:42:29","guid":{"rendered":"http:\/\/www.pressenza.com\/?p=73032"},"modified":"2013-10-15T21:46:40","modified_gmt":"2013-10-15T20:46:40","slug":"los-dialogos-en-el-senado-llegaron-la-legislatura-de-tucuman","status":"publish","type":"post","link":"https:\/\/www.pressenza.com\/es\/2013\/10\/los-dialogos-en-el-senado-llegaron-la-legislatura-de-tucuman\/","title":{"rendered":"Los Di\u00e1logos en el Senado llegaron a la Legislatura de Tucum\u00e1n"},"content":{"rendered":"<p>En una jornada impulsada por el Presidente subrogante a cargo de la Presidencia de la Legislatura de Tucum\u00e1n, Regino Nestor Amado, y organizada conjuntamente entre el Senado de la Naci\u00f3n, la Legislatura y la Defensor\u00eda del Pueblo de esa provincia se realiz\u00f3 la presentaci\u00f3n del ciclo Di\u00e1logos en el Senado que llevamos adelante desde la Direcci\u00f3n General de Relaciones Institucionales. Estuvimos muy bien acompa\u00f1ados por los amigos humanistas y las organizaciones del humanismo de Tucum\u00e1n.<\/p>\n<div class=\"mceMediaCredit mceTemp\" draggable=\"\"><span class=\"media-credit-mce alignleft\" id=\"\" style=\"width: 310px;\"><span class=\"media-credit-dt\"><a href=\"http:\/\/www.pressenza.com\/wp-content\/uploads\/2013\/10\/1375687_736612929686732_1685898616_n.jpg\"><img loading=\"lazy\" decoding=\"async\" class=\"size-medium wp-image-73035\" alt=\"1375687_736612929686732_1685898616_n\" src=\"http:\/\/www.pressenza.com\/wp-content\/uploads\/2013\/10\/1375687_736612929686732_1685898616_n-300x225.jpg\" width=\"300\" height=\"225\" srcset=\"https:\/\/www.pressenza.com\/wp-content\/uploads\/2013\/10\/1375687_736612929686732_1685898616_n-300x225.jpg 300w, https:\/\/www.pressenza.com\/wp-content\/uploads\/2013\/10\/1375687_736612929686732_1685898616_n-600x450.jpg 600w, https:\/\/www.pressenza.com\/wp-content\/uploads\/2013\/10\/1375687_736612929686732_1685898616_n.jpg 960w\" sizes=\"auto, (max-width: 300px) 100vw, 300px\" \/><\/a><\/span><span class=\"media-credit-dd\">Legislatura de Tucum\u00e1n<\/span><\/span><\/div>\n<p>\u201cHacia una cultura no-violenta\u201d fue la consigna del encuentro, que se realiz\u00f3 el pasado el mi\u00e9rcoles 9 de octubre en el sal\u00f3n Auditorio de la legislatura tucumana. La apertura estuvo a cargo del legislador provincial Gregorio Garc\u00eda Biagosh, en tanto que en el panel expusimos junto al Defensor del Pueblo de Tucum\u00e1n, el arquitecto Hugo Cabral.<\/p>\n<p>&nbsp;<\/p>\n<p>&nbsp;<\/p>\n<p>&nbsp;<\/p>\n<p>&nbsp;<\/p>\n<p>&nbsp;<\/p>\n<p>&nbsp;<\/p>\n<p>El eje de Di\u00e1logos en el Senado est\u00e1 dado por la participaci\u00f3n de las organizaciones que valoran al Estado y en su acci\u00f3n tienden a transformarlo para fortalecerlo. De una perspectiva de derechos en la concepci\u00f3n de la pol\u00edtica p\u00fablica, de considerar a la participaci\u00f3n ciudadana como un derecho humano, donde su componente b\u00e1sico es la libertad, y del intento de construir una cultura no violenta parte todo nuestro accionar en Di\u00e1logos.<\/p>\n<p>&nbsp;<\/p>\n<div class=\"mceMediaCredit mceTemp\" draggable=\"\"><span class=\"media-credit-mce alignleft\" id=\"\" style=\"width: 310px;\"><span class=\"media-credit-dt\"><a href=\"http:\/\/www.pressenza.com\/wp-content\/uploads\/2013\/10\/1393774_736622903019068_1057735504_n.jpg\"><img loading=\"lazy\" decoding=\"async\" class=\"size-medium wp-image-73039\" alt=\"1393774_736622903019068_1057735504_n\" src=\"http:\/\/www.pressenza.com\/wp-content\/uploads\/2013\/10\/1393774_736622903019068_1057735504_n-300x225.jpg\" width=\"300\" height=\"225\" srcset=\"https:\/\/www.pressenza.com\/wp-content\/uploads\/2013\/10\/1393774_736622903019068_1057735504_n-300x225.jpg 300w, https:\/\/www.pressenza.com\/wp-content\/uploads\/2013\/10\/1393774_736622903019068_1057735504_n-600x450.jpg 600w, https:\/\/www.pressenza.com\/wp-content\/uploads\/2013\/10\/1393774_736622903019068_1057735504_n.jpg 960w\" sizes=\"auto, (max-width: 300px) 100vw, 300px\" \/><\/a><\/span><span class=\"media-credit-dd\">Legislatura de Tucum\u00e1n<\/span><\/span><\/div>\n<p>&nbsp;<\/p>\n<p>&nbsp;<\/p>\n<p>&nbsp;<\/p>\n<p>&nbsp;<\/p>\n<p>&nbsp;<\/p>\n<p>&nbsp;<\/p>\n<p>&nbsp;<\/p>\n<p>&nbsp;<\/p>\n<p>&nbsp;<\/p>\n<p>Si aspiramos a una transformaci\u00f3n social superadora de la violencia, a una cultura de la no violencia, es necesario tomar conciencia y crear conciencia, y esto pasa necesariamente por el reconocimiento de la propia violencia y por la decisi\u00f3n de transformar la propia vida.\u00a0<span style=\"font-family: Helvetica, Tahoma, Verdana, Arial, sans-serif; font-size: 11px;\"><br \/>\n<\/span><\/p>\n<div class=\"mceMediaCredit mceTemp\" draggable=\"\"><\/div>\n","protected":false},"excerpt":{"rendered":"<p>En una jornada impulsada por el Presidente subrogante a cargo de la Presidencia de la Legislatura de Tucum\u00e1n, Regino Nestor Amado, y organizada conjuntamente entre el Senado de la Naci\u00f3n, la Legislatura y la Defensor\u00eda del Pueblo de esa provincia&hellip;<\/p>\n","protected":false},"author":414,"featured_media":0,"comment_status":"closed","ping_status":"open","sticky":false,"template":"","format":"standard","meta":{"footnotes":""},"categories":[1242,67],"tags":[],"class_list":["post-73032","post","type-post","status-publish","format-standard","hentry","category-noviolencia-tema","category-sudamerica"],"yoast_head":"<!-- This site is optimized with the Yoast SEO plugin v27.1.1 - https:\/\/yoast.com\/product\/yoast-seo-wordpress\/ -->\n<title>Los Di\u00e1logos en el Senado llegaron a la Legislatura de Tucum\u00e1n<\/title>\n<meta name=\"description\" content=\"En una jornada impulsada por el Presidente subrogante a cargo de la Presidencia de la Legislatura de Tucum\u00e1n, Regino Nestor Amado, y organizada\" \/>\n<meta name=\"robots\" content=\"index, follow, max-snippet:-1, max-image-preview:large, max-video-preview:-1\" \/>\n<link rel=\"canonical\" href=\"https:\/\/www.pressenza.com\/es\/2013\/10\/los-dialogos-en-el-senado-llegaron-la-legislatura-de-tucuman\/\" \/>\n<meta property=\"og:locale\" content=\"es_ES\" \/>\n<meta property=\"og:type\" content=\"article\" \/>\n<meta property=\"og:title\" content=\"Los Di\u00e1logos en el Senado llegaron a la Legislatura de Tucum\u00e1n\" \/>\n<meta property=\"og:description\" content=\"En una jornada impulsada por el Presidente subrogante a cargo de la Presidencia de la Legislatura de Tucum\u00e1n, Regino Nestor Amado, y organizada\" \/>\n<meta property=\"og:url\" content=\"https:\/\/www.pressenza.com\/es\/2013\/10\/los-dialogos-en-el-senado-llegaron-la-legislatura-de-tucuman\/\" \/>\n<meta property=\"og:site_name\" content=\"Pressenza\" \/>\n<meta property=\"article:publisher\" content=\"https:\/\/www.facebook.com\/PressenzaItalia\" \/>\n<meta property=\"article:published_time\" content=\"2013-10-15T20:42:29+00:00\" \/>\n<meta property=\"article:modified_time\" content=\"2013-10-15T20:46:40+00:00\" \/>\n<meta property=\"og:image\" content=\"https:\/\/www.pressenza.com\/wp-content\/uploads\/2013\/10\/1375687_736612929686732_1685898616_n.jpg\" \/>\n\t<meta property=\"og:image:width\" content=\"960\" \/>\n\t<meta property=\"og:image:height\" content=\"720\" \/>\n\t<meta property=\"og:image:type\" content=\"image\/jpeg\" \/>\n<meta name=\"author\" content=\"Lia Mendez\" \/>\n<meta name=\"twitter:card\" content=\"summary_large_image\" \/>\n<meta name=\"twitter:creator\" content=\"@PressenzaIPA\" \/>\n<meta name=\"twitter:site\" content=\"@PressenzaIPA\" \/>\n<meta name=\"twitter:label1\" content=\"Escrito por\" \/>\n\t<meta name=\"twitter:data1\" content=\"Lia Mendez\" \/>\n\t<meta name=\"twitter:label2\" content=\"Tiempo de lectura\" \/>\n\t<meta name=\"twitter:data2\" content=\"1 minuto\" \/>\n<script type=\"application\/ld+json\" class=\"yoast-schema-graph\">{\"@context\":\"https:\/\/schema.org\",\"@graph\":[{\"@type\":\"Article\",\"@id\":\"https:\/\/www.pressenza.com\/es\/2013\/10\/los-dialogos-en-el-senado-llegaron-la-legislatura-de-tucuman\/#article\",\"isPartOf\":{\"@id\":\"https:\/\/www.pressenza.com\/es\/2013\/10\/los-dialogos-en-el-senado-llegaron-la-legislatura-de-tucuman\/\"},\"author\":{\"name\":\"Lia Mendez\",\"@id\":\"https:\/\/www.pressenza.com\/es\/#\/schema\/person\/9fea5dbc82f452cbcedb26f1bf72748d\"},\"headline\":\"Los Di\u00e1logos en el Senado llegaron a la Legislatura de Tucum\u00e1n\",\"datePublished\":\"2013-10-15T20:42:29+00:00\",\"dateModified\":\"2013-10-15T20:46:40+00:00\",\"mainEntityOfPage\":{\"@id\":\"https:\/\/www.pressenza.com\/es\/2013\/10\/los-dialogos-en-el-senado-llegaron-la-legislatura-de-tucuman\/\"},\"wordCount\":306,\"publisher\":{\"@id\":\"https:\/\/www.pressenza.com\/es\/#organization\"},\"image\":{\"@id\":\"https:\/\/www.pressenza.com\/es\/2013\/10\/los-dialogos-en-el-senado-llegaron-la-legislatura-de-tucuman\/#primaryimage\"},\"thumbnailUrl\":\"http:\/\/www.pressenza.com\/wp-content\/uploads\/2013\/10\/1375687_736612929686732_1685898616_n-300x225.jpg\",\"articleSection\":[\"Noviolencia\",\"Sudam\u00e9rica\"],\"inLanguage\":\"es\"},{\"@type\":\"WebPage\",\"@id\":\"https:\/\/www.pressenza.com\/es\/2013\/10\/los-dialogos-en-el-senado-llegaron-la-legislatura-de-tucuman\/\",\"url\":\"https:\/\/www.pressenza.com\/es\/2013\/10\/los-dialogos-en-el-senado-llegaron-la-legislatura-de-tucuman\/\",\"name\":\"Los Di\u00e1logos en el Senado llegaron a la Legislatura de Tucum\u00e1n\",\"isPartOf\":{\"@id\":\"https:\/\/www.pressenza.com\/es\/#website\"},\"primaryImageOfPage\":{\"@id\":\"https:\/\/www.pressenza.com\/es\/2013\/10\/los-dialogos-en-el-senado-llegaron-la-legislatura-de-tucuman\/#primaryimage\"},\"image\":{\"@id\":\"https:\/\/www.pressenza.com\/es\/2013\/10\/los-dialogos-en-el-senado-llegaron-la-legislatura-de-tucuman\/#primaryimage\"},\"thumbnailUrl\":\"http:\/\/www.pressenza.com\/wp-content\/uploads\/2013\/10\/1375687_736612929686732_1685898616_n-300x225.jpg\",\"datePublished\":\"2013-10-15T20:42:29+00:00\",\"dateModified\":\"2013-10-15T20:46:40+00:00\",\"description\":\"En una jornada impulsada por el Presidente subrogante a cargo de la Presidencia de la Legislatura de Tucum\u00e1n, Regino Nestor Amado, y organizada\",\"breadcrumb\":{\"@id\":\"https:\/\/www.pressenza.com\/es\/2013\/10\/los-dialogos-en-el-senado-llegaron-la-legislatura-de-tucuman\/#breadcrumb\"},\"inLanguage\":\"es\",\"potentialAction\":[{\"@type\":\"ReadAction\",\"target\":[\"https:\/\/www.pressenza.com\/es\/2013\/10\/los-dialogos-en-el-senado-llegaron-la-legislatura-de-tucuman\/\"]}]},{\"@type\":\"ImageObject\",\"inLanguage\":\"es\",\"@id\":\"https:\/\/www.pressenza.com\/es\/2013\/10\/los-dialogos-en-el-senado-llegaron-la-legislatura-de-tucuman\/#primaryimage\",\"url\":\"http:\/\/www.pressenza.com\/wp-content\/uploads\/2013\/10\/1375687_736612929686732_1685898616_n-300x225.jpg\",\"contentUrl\":\"http:\/\/www.pressenza.com\/wp-content\/uploads\/2013\/10\/1375687_736612929686732_1685898616_n-300x225.jpg\"},{\"@type\":\"BreadcrumbList\",\"@id\":\"https:\/\/www.pressenza.com\/es\/2013\/10\/los-dialogos-en-el-senado-llegaron-la-legislatura-de-tucuman\/#breadcrumb\",\"itemListElement\":[{\"@type\":\"ListItem\",\"position\":1,\"name\":\"Accueil\",\"item\":\"https:\/\/www.pressenza.com\/es\/\"},{\"@type\":\"ListItem\",\"position\":2,\"name\":\"Los Di\u00e1logos en el Senado llegaron a la Legislatura de Tucum\u00e1n\"}]},{\"@type\":\"WebSite\",\"@id\":\"https:\/\/www.pressenza.com\/es\/#website\",\"url\":\"https:\/\/www.pressenza.com\/es\/\",\"name\":\"Pressenza\",\"description\":\"International Press Agency\",\"publisher\":{\"@id\":\"https:\/\/www.pressenza.com\/es\/#organization\"},\"potentialAction\":[{\"@type\":\"SearchAction\",\"target\":{\"@type\":\"EntryPoint\",\"urlTemplate\":\"https:\/\/www.pressenza.com\/es\/?s={search_term_string}\"},\"query-input\":{\"@type\":\"PropertyValueSpecification\",\"valueRequired\":true,\"valueName\":\"search_term_string\"}}],\"inLanguage\":\"es\"},{\"@type\":\"Organization\",\"@id\":\"https:\/\/www.pressenza.com\/es\/#organization\",\"name\":\"Pressenza\",\"url\":\"https:\/\/www.pressenza.com\/es\/\",\"logo\":{\"@type\":\"ImageObject\",\"inLanguage\":\"es\",\"@id\":\"https:\/\/www.pressenza.com\/es\/#\/schema\/logo\/image\/\",\"url\":\"https:\/\/www.pressenza.com\/wp-content\/uploads\/2022\/10\/pressenza_logo_200x200.jpg\",\"contentUrl\":\"https:\/\/www.pressenza.com\/wp-content\/uploads\/2022\/10\/pressenza_logo_200x200.jpg\",\"width\":200,\"height\":200,\"caption\":\"Pressenza\"},\"image\":{\"@id\":\"https:\/\/www.pressenza.com\/es\/#\/schema\/logo\/image\/\"},\"sameAs\":[\"https:\/\/www.facebook.com\/PressenzaItalia\",\"https:\/\/x.com\/PressenzaIPA\"]},{\"@type\":\"Person\",\"@id\":\"https:\/\/www.pressenza.com\/es\/#\/schema\/person\/9fea5dbc82f452cbcedb26f1bf72748d\",\"name\":\"Lia Mendez\",\"description\":\"Ex-Diputada de Capital Federal y ex-candidata a la Presidencia de la Rep\u00fablica por el Partido Humanista de Argentina.\",\"url\":\"https:\/\/www.pressenza.com\/es\/author\/lia-mendez\/\"}]}<\/script>\n<!-- \/ Yoast SEO plugin. -->","yoast_head_json":{"title":"Los Di\u00e1logos en el Senado llegaron a la Legislatura de Tucum\u00e1n","description":"En una jornada impulsada por el Presidente subrogante a cargo de la Presidencia de la Legislatura de Tucum\u00e1n, Regino Nestor Amado, y organizada","robots":{"index":"index","follow":"follow","max-snippet":"max-snippet:-1","max-image-preview":"max-image-preview:large","max-video-preview":"max-video-preview:-1"},"canonical":"https:\/\/www.pressenza.com\/es\/2013\/10\/los-dialogos-en-el-senado-llegaron-la-legislatura-de-tucuman\/","og_locale":"es_ES","og_type":"article","og_title":"Los Di\u00e1logos en el Senado llegaron a la Legislatura de Tucum\u00e1n","og_description":"En una jornada impulsada por el Presidente subrogante a cargo de la Presidencia de la Legislatura de Tucum\u00e1n, Regino Nestor Amado, y organizada","og_url":"https:\/\/www.pressenza.com\/es\/2013\/10\/los-dialogos-en-el-senado-llegaron-la-legislatura-de-tucuman\/","og_site_name":"Pressenza","article_publisher":"https:\/\/www.facebook.com\/PressenzaItalia","article_published_time":"2013-10-15T20:42:29+00:00","article_modified_time":"2013-10-15T20:46:40+00:00","og_image":[{"width":960,"height":720,"url":"https:\/\/www.pressenza.com\/wp-content\/uploads\/2013\/10\/1375687_736612929686732_1685898616_n.jpg","type":"image\/jpeg"}],"author":"Lia Mendez","twitter_card":"summary_large_image","twitter_creator":"@PressenzaIPA","twitter_site":"@PressenzaIPA","twitter_misc":{"Escrito por":"Lia Mendez","Tiempo de lectura":"1 minuto"},"schema":{"@context":"https:\/\/schema.org","@graph":[{"@type":"Article","@id":"https:\/\/www.pressenza.com\/es\/2013\/10\/los-dialogos-en-el-senado-llegaron-la-legislatura-de-tucuman\/#article","isPartOf":{"@id":"https:\/\/www.pressenza.com\/es\/2013\/10\/los-dialogos-en-el-senado-llegaron-la-legislatura-de-tucuman\/"},"author":{"name":"Lia Mendez","@id":"https:\/\/www.pressenza.com\/es\/#\/schema\/person\/9fea5dbc82f452cbcedb26f1bf72748d"},"headline":"Los Di\u00e1logos en el Senado llegaron a la Legislatura de Tucum\u00e1n","datePublished":"2013-10-15T20:42:29+00:00","dateModified":"2013-10-15T20:46:40+00:00","mainEntityOfPage":{"@id":"https:\/\/www.pressenza.com\/es\/2013\/10\/los-dialogos-en-el-senado-llegaron-la-legislatura-de-tucuman\/"},"wordCount":306,"publisher":{"@id":"https:\/\/www.pressenza.com\/es\/#organization"},"image":{"@id":"https:\/\/www.pressenza.com\/es\/2013\/10\/los-dialogos-en-el-senado-llegaron-la-legislatura-de-tucuman\/#primaryimage"},"thumbnailUrl":"http:\/\/www.pressenza.com\/wp-content\/uploads\/2013\/10\/1375687_736612929686732_1685898616_n-300x225.jpg","articleSection":["Noviolencia","Sudam\u00e9rica"],"inLanguage":"es"},{"@type":"WebPage","@id":"https:\/\/www.pressenza.com\/es\/2013\/10\/los-dialogos-en-el-senado-llegaron-la-legislatura-de-tucuman\/","url":"https:\/\/www.pressenza.com\/es\/2013\/10\/los-dialogos-en-el-senado-llegaron-la-legislatura-de-tucuman\/","name":"Los Di\u00e1logos en el Senado llegaron a la Legislatura de Tucum\u00e1n","isPartOf":{"@id":"https:\/\/www.pressenza.com\/es\/#website"},"primaryImageOfPage":{"@id":"https:\/\/www.pressenza.com\/es\/2013\/10\/los-dialogos-en-el-senado-llegaron-la-legislatura-de-tucuman\/#primaryimage"},"image":{"@id":"https:\/\/www.pressenza.com\/es\/2013\/10\/los-dialogos-en-el-senado-llegaron-la-legislatura-de-tucuman\/#primaryimage"},"thumbnailUrl":"http:\/\/www.pressenza.com\/wp-content\/uploads\/2013\/10\/1375687_736612929686732_1685898616_n-300x225.jpg","datePublished":"2013-10-15T20:42:29+00:00","dateModified":"2013-10-15T20:46:40+00:00","description":"En una jornada impulsada por el Presidente subrogante a cargo de la Presidencia de la Legislatura de Tucum\u00e1n, Regino Nestor Amado, y organizada","breadcrumb":{"@id":"https:\/\/www.pressenza.com\/es\/2013\/10\/los-dialogos-en-el-senado-llegaron-la-legislatura-de-tucuman\/#breadcrumb"},"inLanguage":"es","potentialAction":[{"@type":"ReadAction","target":["https:\/\/www.pressenza.com\/es\/2013\/10\/los-dialogos-en-el-senado-llegaron-la-legislatura-de-tucuman\/"]}]},{"@type":"ImageObject","inLanguage":"es","@id":"https:\/\/www.pressenza.com\/es\/2013\/10\/los-dialogos-en-el-senado-llegaron-la-legislatura-de-tucuman\/#primaryimage","url":"http:\/\/www.pressenza.com\/wp-content\/uploads\/2013\/10\/1375687_736612929686732_1685898616_n-300x225.jpg","contentUrl":"http:\/\/www.pressenza.com\/wp-content\/uploads\/2013\/10\/1375687_736612929686732_1685898616_n-300x225.jpg"},{"@type":"BreadcrumbList","@id":"https:\/\/www.pressenza.com\/es\/2013\/10\/los-dialogos-en-el-senado-llegaron-la-legislatura-de-tucuman\/#breadcrumb","itemListElement":[{"@type":"ListItem","position":1,"name":"Accueil","item":"https:\/\/www.pressenza.com\/es\/"},{"@type":"ListItem","position":2,"name":"Los Di\u00e1logos en el Senado llegaron a la Legislatura de Tucum\u00e1n"}]},{"@type":"WebSite","@id":"https:\/\/www.pressenza.com\/es\/#website","url":"https:\/\/www.pressenza.com\/es\/","name":"Pressenza","description":"International Press Agency","publisher":{"@id":"https:\/\/www.pressenza.com\/es\/#organization"},"potentialAction":[{"@type":"SearchAction","target":{"@type":"EntryPoint","urlTemplate":"https:\/\/www.pressenza.com\/es\/?s={search_term_string}"},"query-input":{"@type":"PropertyValueSpecification","valueRequired":true,"valueName":"search_term_string"}}],"inLanguage":"es"},{"@type":"Organization","@id":"https:\/\/www.pressenza.com\/es\/#organization","name":"Pressenza","url":"https:\/\/www.pressenza.com\/es\/","logo":{"@type":"ImageObject","inLanguage":"es","@id":"https:\/\/www.pressenza.com\/es\/#\/schema\/logo\/image\/","url":"https:\/\/www.pressenza.com\/wp-content\/uploads\/2022\/10\/pressenza_logo_200x200.jpg","contentUrl":"https:\/\/www.pressenza.com\/wp-content\/uploads\/2022\/10\/pressenza_logo_200x200.jpg","width":200,"height":200,"caption":"Pressenza"},"image":{"@id":"https:\/\/www.pressenza.com\/es\/#\/schema\/logo\/image\/"},"sameAs":["https:\/\/www.facebook.com\/PressenzaItalia","https:\/\/x.com\/PressenzaIPA"]},{"@type":"Person","@id":"https:\/\/www.pressenza.com\/es\/#\/schema\/person\/9fea5dbc82f452cbcedb26f1bf72748d","name":"Lia Mendez","description":"Ex-Diputada de Capital Federal y ex-candidata a la Presidencia de la Rep\u00fablica por el Partido Humanista de Argentina.","url":"https:\/\/www.pressenza.com\/es\/author\/lia-mendez\/"}]}},"place":"","original_article_url":"","_links":{"self":[{"href":"https:\/\/www.pressenza.com\/es\/wp-json\/wp\/v2\/posts\/73032","targetHints":{"allow":["GET"]}}],"collection":[{"href":"https:\/\/www.pressenza.com\/es\/wp-json\/wp\/v2\/posts"}],"about":[{"href":"https:\/\/www.pressenza.com\/es\/wp-json\/wp\/v2\/types\/post"}],"author":[{"embeddable":true,"href":"https:\/\/www.pressenza.com\/es\/wp-json\/wp\/v2\/users\/414"}],"replies":[{"embeddable":true,"href":"https:\/\/www.pressenza.com\/es\/wp-json\/wp\/v2\/comments?post=73032"}],"version-history":[{"count":0,"href":"https:\/\/www.pressenza.com\/es\/wp-json\/wp\/v2\/posts\/73032\/revisions"}],"wp:attachment":[{"href":"https:\/\/www.pressenza.com\/es\/wp-json\/wp\/v2\/media?parent=73032"}],"wp:term":[{"taxonomy":"category","embeddable":true,"href":"https:\/\/www.pressenza.com\/es\/wp-json\/wp\/v2\/categories?post=73032"},{"taxonomy":"post_tag","embeddable":true,"href":"https:\/\/www.pressenza.com\/es\/wp-json\/wp\/v2\/tags?post=73032"}],"curies":[{"name":"wp","href":"https:\/\/api.w.org\/{rel}","templated":true}]}}