{"id":728684,"date":"2018-10-01T20:13:35","date_gmt":"2018-10-01T19:13:35","guid":{"rendered":"https:\/\/www.pressenza.com\/?p=728684"},"modified":"2018-10-01T20:13:35","modified_gmt":"2018-10-01T19:13:35","slug":"actores-sociales-critican-que-chile-abandone-su-propio-acuerdo","status":"publish","type":"post","link":"https:\/\/www.pressenza.com\/es\/2018\/10\/actores-sociales-critican-que-chile-abandone-su-propio-acuerdo\/","title":{"rendered":"Actores sociales critican que Chile abandone su propio Acuerdo"},"content":{"rendered":"<blockquote><p>Parlamentarios y representantes de la sociedad civil cuestionan decisi\u00f3n del gobierno de aplazar firma del Acuerdo de Escaz\u00fa y lo llaman a cumplir su compromiso de firmar lo antes posible.<\/p><\/blockquote>\n<p><strong>Fundaci\u00f3n Terram<\/strong><\/p>\n<p>En el marco de la Asamblea General de la Organizaci\u00f3n de las Naciones Unidas (ONU), este 27 de septiembre 15 pa\u00edses de Am\u00e9rica Latina y el Caribe han firmado el Acuerdo Regional sobre Acceso a la Informaci\u00f3n, la Participaci\u00f3n P\u00fablica y el Acceso a la Justicia en Asuntos Ambientales \u2013m\u00e1s conocido como Acuerdo de Escaz\u00fa-, instancia de la que el Gobierno chileno decidi\u00f3 restarse por razones que el pa\u00eds a\u00fan desconoce.<\/p>\n<p>Por este motivo, las ONG\u2019s Fundaci\u00f3n Terram, ONG FIMA, Codeff, Observatorio Ciudadano y la Amnist\u00eda Internacional; el senador Alfonso De Urresti y la diputada Catalina P\u00e9rez, expresaron su molestia en una conferencia de prensa realizada esta ma\u00f1ana en el ex Congreso Nacional.<\/p>\n<p>Las organizaciones y parlamentarios presentaron los principales puntos de la declaraci\u00f3n p\u00fablica, que entre ayer y hoy han firmado m\u00e1s de 2000 personas y organizaciones, para expresar su inconformidad y preocupaci\u00f3n por la p\u00e9sima se\u00f1al que significa no firmar el acuerdo que desde el a\u00f1o 2012 nuestro pa\u00eds impuls\u00f3 y lider\u00f3, advirtiendo que \u201cmientras m\u00e1s se demore el Gobierno (en suscribir), m\u00e1s adhesiones vamos a tener\u201d, enfatiz\u00f3 Ximena Salinas, Presidenta de Codeff.<\/p>\n<p><strong>Chile posterga firma a Escaz\u00fa<\/strong><br \/>\nLa decisi\u00f3n de postergar la firma del Acuerdo fue anunciada este lunes por la Ministra de Medio Ambiente, Carolina Schmidt, sorprendiendo a toda la ciudadan\u00eda involucrada en el proceso, ya que el reci\u00e9n pasado 7 de junio Chile junto a Costa Rica, como co-presidentes de la negociaci\u00f3n del acuerdo, hicieron un llamado al resto de las naciones de la regi\u00f3n para una pronta firma del acuerdo, acci\u00f3n que, tal como lo hab\u00edan comprometido, 12 pa\u00edses llevaron a cabo esta ma\u00f1ana en el marco de la Asamblea General de Naciones Unidas.<\/p>\n<p>Al respecto, Ezio Costa, director ejecutivo de ONG FIMA, se\u00f1al\u00f3 que la decisi\u00f3n del Gobierno \u201cnos parece profundamente preocupante, sobre todo frente a la contingencia en la que nos encontramos, donde los conflictos socio-ambientales son una de las preocupaciones principales que debiera tener\u201d.<\/p>\n<p>Por su parte, el senador De Urresti se\u00f1al\u00f3 que es \u201cinadmisible\u201d que el Estado de Chile se reste de este tratado en \u00faltimo minuto, ya que el impulso de este acuerdo es fruto de un esfuerzo realizado desde 2012 \u2013durante el primer gobierno de Sebasti\u00e1n Pi\u00f1era, seguido por la administraci\u00f3n de Bachelet y este a\u00f1o por la nueva administraci\u00f3n Pi\u00f1era-, \u201csiguiendo una l\u00ednea de continuidad por parte de Canciller\u00eda y los propios ministerios (\u2026) Creo que Chile no solo pierde una oportunidad, si no que el Estado de Chile y sus instituciones quedan totalmente desacreditadas a nivel internacional y creo que en eso la canciller\u00eda tiene que dar una explicaci\u00f3n\u201d, finaliz\u00f3 el parlamentario.<\/p>\n<p><strong>Una falta a los derechos humanos y al medio ambiente<\/strong><br \/>\nEl objetivo principal del Acuerdo de Escaz\u00fa es abogar por los derechos de acceso \u2013a la informaci\u00f3n, participaci\u00f3n y la justicia en asuntos ambientales-, garantizando as\u00ed la Democracia Ambiental en los pa\u00edses de Latinoam\u00e9rica y el Caribe.<\/p>\n<p>Ana Piquer de Amnist\u00eda Internacional resalt\u00f3 que \u201ceste tratado no est\u00e1 creando derechos nuevos, sino que lo que est\u00e1 haciendo es reconocer derechos b\u00e1sicos: el derecho a la informaci\u00f3n, a la participaci\u00f3n pol\u00edtica, al acceso a la justicia, d\u00e1ndole una especificidad a los temas ambientales en un contexto mundial en que la defensa y la protecci\u00f3n del medio ambiente es un asunto de urgencia\u201d.<\/p>\n<p>Paulina Acevedo, coordinadora del Programa Ciudadan\u00eda e Interculturalidad del Observatorio Ciudadano, puso el foco en la contradicci\u00f3n del Gobierno de Chile al manifestar \u201csu convicci\u00f3n de mantener y garantizar los derechos que est\u00e1n en el convenio 169 de la OIT y que, por otro lado, niegue un tratado (Acuerdo de Escaz\u00fa) que refuerza estos derechos y que igualmente mencione a este tratado internacional de la OIT\u201d.<\/p>\n<p>Esto debido a que este acuerdo destaca, entre otros temas, por ser el primer tratado internacional que busca dar protecci\u00f3n oportuna a grupos y personas que defienden el medio ambiente. Dejar de firmar el tratado, seg\u00fan Acevedo es \u201cpreocupante ante la situaci\u00f3n de los defensores\/as ambientales vinculados\/as a pueblos ind\u00edgenas. Tenemos la reciente aprobaci\u00f3n del recurso de amparo a la abogada Karina Riquelme, tenemos la situaci\u00f3n de Macarena Vald\u00e9s que debe ser aclarada, casos de personas no ind\u00edgenas como los defensores del agua de Modatima\u201d quienes han sido amenazados por desempe\u00f1ar sus respectivos roles ambientales en Chile.<\/p>\n<p><strong>Las Zonas de Sacrificio y el acceso a la Justicia Ambiental en Chile<\/strong><br \/>\nPara Flavia Liberona, directora ejecutiva de Fundaci\u00f3n Terram, la crisis ambiental vivida en la Bah\u00eda de Quintero durante el \u00faltimo mes demuestra porqu\u00e9 es necesario seguir avanzando en los derechos de acceso que busca garantizar este tratado, ya que \u201cla gente de esa zona hace m\u00e1s de un mes que vive episodios cr\u00edticos de contaminaci\u00f3n y eso es nocivo para sus derechos humanos\u201d. Seg\u00fan Liberona este acuerdo \u201csi bien no tiene un efecto inmediato en la zona, s\u00ed es un acuerdo que permite ir construyendo m\u00e1s democracia, Justicia Ambiental y no discriminaci\u00f3n que es lo que hoy d\u00eda vemos en las zonas de sacrificio\u201d.<\/p>\n","protected":false},"excerpt":{"rendered":"<p>Parlamentarios y representantes de la sociedad civil cuestionan decisi\u00f3n del gobierno de aplazar firma del Acuerdo de Escaz\u00fa y lo llaman a cumplir su compromiso de firmar lo antes posible. Fundaci\u00f3n Terram En el marco de la Asamblea General de&hellip;<\/p>\n","protected":false},"author":43,"featured_media":728686,"comment_status":"closed","ping_status":"closed","sticky":false,"template":"","format":"standard","meta":{"footnotes":""},"categories":[149,78,67],"tags":[50349,29,726],"class_list":["post-728684","post","type-post","status-publish","format-standard","has-post-thumbnail","hentry","category-comunicados-de-prensa","category-medio-ambiente-ecologia","category-sudamerica","tag-acuerdo-de-escazu","tag-chile","tag-organizaciones-sociales"],"yoast_head":"<!-- This site is optimized with the Yoast SEO plugin v27.1.1 - https:\/\/yoast.com\/product\/yoast-seo-wordpress\/ -->\n<title>Actores sociales critican que Chile abandone su propio Acuerdo<\/title>\n<meta name=\"description\" content=\"Parlamentarios y representantes de la sociedad civil cuestionan decisi\u00f3n del gobierno de aplazar firma del Acuerdo de Escaz\u00fa y lo llaman a cumplir su\" \/>\n<meta name=\"robots\" content=\"index, follow, max-snippet:-1, max-image-preview:large, max-video-preview:-1\" \/>\n<link rel=\"canonical\" href=\"https:\/\/www.pressenza.com\/es\/2018\/10\/actores-sociales-critican-que-chile-abandone-su-propio-acuerdo\/\" \/>\n<meta property=\"og:locale\" content=\"es_ES\" \/>\n<meta property=\"og:type\" content=\"article\" \/>\n<meta property=\"og:title\" content=\"Actores sociales critican que Chile abandone su propio Acuerdo\" \/>\n<meta property=\"og:description\" content=\"Parlamentarios y representantes de la sociedad civil cuestionan decisi\u00f3n del gobierno de aplazar firma del Acuerdo de Escaz\u00fa y lo llaman a cumplir su\" \/>\n<meta property=\"og:url\" content=\"https:\/\/www.pressenza.com\/es\/2018\/10\/actores-sociales-critican-que-chile-abandone-su-propio-acuerdo\/\" \/>\n<meta property=\"og:site_name\" content=\"Pressenza\" \/>\n<meta property=\"article:publisher\" content=\"https:\/\/www.facebook.com\/PressenzaItalia\" \/>\n<meta property=\"article:author\" content=\"https:\/\/www.facebook.com\/pressenza\" \/>\n<meta property=\"article:published_time\" content=\"2018-10-01T19:13:35+00:00\" \/>\n<meta property=\"og:image\" content=\"https:\/\/www.pressenza.com\/wp-content\/uploads\/2018\/10\/Escazu.jpg\" \/>\n\t<meta property=\"og:image:width\" content=\"1200\" \/>\n\t<meta property=\"og:image:height\" content=\"480\" \/>\n\t<meta property=\"og:image:type\" content=\"image\/jpeg\" \/>\n<meta name=\"author\" content=\"Redacci\u00f3n Chile\" \/>\n<meta name=\"twitter:card\" content=\"summary_large_image\" \/>\n<meta name=\"twitter:creator\" content=\"@pressenza\" \/>\n<meta name=\"twitter:site\" content=\"@PressenzaIPA\" \/>\n<meta name=\"twitter:label1\" content=\"Escrito por\" \/>\n\t<meta name=\"twitter:data1\" content=\"Redacci\u00f3n Chile\" \/>\n\t<meta name=\"twitter:label2\" content=\"Tiempo de lectura\" \/>\n\t<meta name=\"twitter:data2\" content=\"5 minutos\" \/>\n<script type=\"application\/ld+json\" class=\"yoast-schema-graph\">{\"@context\":\"https:\/\/schema.org\",\"@graph\":[{\"@type\":\"Article\",\"@id\":\"https:\/\/www.pressenza.com\/es\/2018\/10\/actores-sociales-critican-que-chile-abandone-su-propio-acuerdo\/#article\",\"isPartOf\":{\"@id\":\"https:\/\/www.pressenza.com\/es\/2018\/10\/actores-sociales-critican-que-chile-abandone-su-propio-acuerdo\/\"},\"author\":{\"name\":\"Redacci\u00f3n Chile\",\"@id\":\"https:\/\/www.pressenza.com\/es\/#\/schema\/person\/d7db40df35d6698ba69ba9ee260944ed\"},\"headline\":\"Actores sociales critican que Chile abandone su propio Acuerdo\",\"datePublished\":\"2018-10-01T19:13:35+00:00\",\"mainEntityOfPage\":{\"@id\":\"https:\/\/www.pressenza.com\/es\/2018\/10\/actores-sociales-critican-que-chile-abandone-su-propio-acuerdo\/\"},\"wordCount\":943,\"publisher\":{\"@id\":\"https:\/\/www.pressenza.com\/es\/#organization\"},\"image\":{\"@id\":\"https:\/\/www.pressenza.com\/es\/2018\/10\/actores-sociales-critican-que-chile-abandone-su-propio-acuerdo\/#primaryimage\"},\"thumbnailUrl\":\"https:\/\/www.pressenza.com\/wp-content\/uploads\/2018\/10\/Escazu.jpg\",\"keywords\":[\"Acuerdo de Escaz\u00fa\",\"Chile\",\"Organizaciones sociales\"],\"articleSection\":[\"Comunicados de Prensa\",\"Ecolog\u00eda y Medio Ambiente\",\"Sudam\u00e9rica\"],\"inLanguage\":\"es\"},{\"@type\":\"WebPage\",\"@id\":\"https:\/\/www.pressenza.com\/es\/2018\/10\/actores-sociales-critican-que-chile-abandone-su-propio-acuerdo\/\",\"url\":\"https:\/\/www.pressenza.com\/es\/2018\/10\/actores-sociales-critican-que-chile-abandone-su-propio-acuerdo\/\",\"name\":\"Actores sociales critican que Chile abandone su propio Acuerdo\",\"isPartOf\":{\"@id\":\"https:\/\/www.pressenza.com\/es\/#website\"},\"primaryImageOfPage\":{\"@id\":\"https:\/\/www.pressenza.com\/es\/2018\/10\/actores-sociales-critican-que-chile-abandone-su-propio-acuerdo\/#primaryimage\"},\"image\":{\"@id\":\"https:\/\/www.pressenza.com\/es\/2018\/10\/actores-sociales-critican-que-chile-abandone-su-propio-acuerdo\/#primaryimage\"},\"thumbnailUrl\":\"https:\/\/www.pressenza.com\/wp-content\/uploads\/2018\/10\/Escazu.jpg\",\"datePublished\":\"2018-10-01T19:13:35+00:00\",\"description\":\"Parlamentarios y representantes de la sociedad civil cuestionan decisi\u00f3n del gobierno de aplazar firma del Acuerdo de Escaz\u00fa y lo llaman a cumplir su\",\"breadcrumb\":{\"@id\":\"https:\/\/www.pressenza.com\/es\/2018\/10\/actores-sociales-critican-que-chile-abandone-su-propio-acuerdo\/#breadcrumb\"},\"inLanguage\":\"es\",\"potentialAction\":[{\"@type\":\"ReadAction\",\"target\":[\"https:\/\/www.pressenza.com\/es\/2018\/10\/actores-sociales-critican-que-chile-abandone-su-propio-acuerdo\/\"]}]},{\"@type\":\"ImageObject\",\"inLanguage\":\"es\",\"@id\":\"https:\/\/www.pressenza.com\/es\/2018\/10\/actores-sociales-critican-que-chile-abandone-su-propio-acuerdo\/#primaryimage\",\"url\":\"https:\/\/www.pressenza.com\/wp-content\/uploads\/2018\/10\/Escazu.jpg\",\"contentUrl\":\"https:\/\/www.pressenza.com\/wp-content\/uploads\/2018\/10\/Escazu.jpg\",\"width\":1200,\"height\":480},{\"@type\":\"BreadcrumbList\",\"@id\":\"https:\/\/www.pressenza.com\/es\/2018\/10\/actores-sociales-critican-que-chile-abandone-su-propio-acuerdo\/#breadcrumb\",\"itemListElement\":[{\"@type\":\"ListItem\",\"position\":1,\"name\":\"Accueil\",\"item\":\"https:\/\/www.pressenza.com\/es\/\"},{\"@type\":\"ListItem\",\"position\":2,\"name\":\"Actores sociales critican que Chile abandone su propio Acuerdo\"}]},{\"@type\":\"WebSite\",\"@id\":\"https:\/\/www.pressenza.com\/es\/#website\",\"url\":\"https:\/\/www.pressenza.com\/es\/\",\"name\":\"Pressenza\",\"description\":\"International Press Agency\",\"publisher\":{\"@id\":\"https:\/\/www.pressenza.com\/es\/#organization\"},\"potentialAction\":[{\"@type\":\"SearchAction\",\"target\":{\"@type\":\"EntryPoint\",\"urlTemplate\":\"https:\/\/www.pressenza.com\/es\/?s={search_term_string}\"},\"query-input\":{\"@type\":\"PropertyValueSpecification\",\"valueRequired\":true,\"valueName\":\"search_term_string\"}}],\"inLanguage\":\"es\"},{\"@type\":\"Organization\",\"@id\":\"https:\/\/www.pressenza.com\/es\/#organization\",\"name\":\"Pressenza\",\"url\":\"https:\/\/www.pressenza.com\/es\/\",\"logo\":{\"@type\":\"ImageObject\",\"inLanguage\":\"es\",\"@id\":\"https:\/\/www.pressenza.com\/es\/#\/schema\/logo\/image\/\",\"url\":\"https:\/\/www.pressenza.com\/wp-content\/uploads\/2022\/10\/pressenza_logo_200x200.jpg\",\"contentUrl\":\"https:\/\/www.pressenza.com\/wp-content\/uploads\/2022\/10\/pressenza_logo_200x200.jpg\",\"width\":200,\"height\":200,\"caption\":\"Pressenza\"},\"image\":{\"@id\":\"https:\/\/www.pressenza.com\/es\/#\/schema\/logo\/image\/\"},\"sameAs\":[\"https:\/\/www.facebook.com\/PressenzaItalia\",\"https:\/\/x.com\/PressenzaIPA\"]},{\"@type\":\"Person\",\"@id\":\"https:\/\/www.pressenza.com\/es\/#\/schema\/person\/d7db40df35d6698ba69ba9ee260944ed\",\"name\":\"Redacci\u00f3n Chile\",\"description\":\"News from the Pressenza Bureau in Chile\",\"sameAs\":[\"https:\/\/www.facebook.com\/pressenza\",\"https:\/\/x.com\/pressenza\"],\"url\":\"https:\/\/www.pressenza.com\/es\/author\/redaccion-chile\/\"}]}<\/script>\n<!-- \/ Yoast SEO plugin. -->","yoast_head_json":{"title":"Actores sociales critican que Chile abandone su propio Acuerdo","description":"Parlamentarios y representantes de la sociedad civil cuestionan decisi\u00f3n del gobierno de aplazar firma del Acuerdo de Escaz\u00fa y lo llaman a cumplir su","robots":{"index":"index","follow":"follow","max-snippet":"max-snippet:-1","max-image-preview":"max-image-preview:large","max-video-preview":"max-video-preview:-1"},"canonical":"https:\/\/www.pressenza.com\/es\/2018\/10\/actores-sociales-critican-que-chile-abandone-su-propio-acuerdo\/","og_locale":"es_ES","og_type":"article","og_title":"Actores sociales critican que Chile abandone su propio Acuerdo","og_description":"Parlamentarios y representantes de la sociedad civil cuestionan decisi\u00f3n del gobierno de aplazar firma del Acuerdo de Escaz\u00fa y lo llaman a cumplir su","og_url":"https:\/\/www.pressenza.com\/es\/2018\/10\/actores-sociales-critican-que-chile-abandone-su-propio-acuerdo\/","og_site_name":"Pressenza","article_publisher":"https:\/\/www.facebook.com\/PressenzaItalia","article_author":"https:\/\/www.facebook.com\/pressenza","article_published_time":"2018-10-01T19:13:35+00:00","og_image":[{"width":1200,"height":480,"url":"https:\/\/www.pressenza.com\/wp-content\/uploads\/2018\/10\/Escazu.jpg","type":"image\/jpeg"}],"author":"Redacci\u00f3n Chile","twitter_card":"summary_large_image","twitter_creator":"@pressenza","twitter_site":"@PressenzaIPA","twitter_misc":{"Escrito por":"Redacci\u00f3n Chile","Tiempo de lectura":"5 minutos"},"schema":{"@context":"https:\/\/schema.org","@graph":[{"@type":"Article","@id":"https:\/\/www.pressenza.com\/es\/2018\/10\/actores-sociales-critican-que-chile-abandone-su-propio-acuerdo\/#article","isPartOf":{"@id":"https:\/\/www.pressenza.com\/es\/2018\/10\/actores-sociales-critican-que-chile-abandone-su-propio-acuerdo\/"},"author":{"name":"Redacci\u00f3n Chile","@id":"https:\/\/www.pressenza.com\/es\/#\/schema\/person\/d7db40df35d6698ba69ba9ee260944ed"},"headline":"Actores sociales critican que Chile abandone su propio Acuerdo","datePublished":"2018-10-01T19:13:35+00:00","mainEntityOfPage":{"@id":"https:\/\/www.pressenza.com\/es\/2018\/10\/actores-sociales-critican-que-chile-abandone-su-propio-acuerdo\/"},"wordCount":943,"publisher":{"@id":"https:\/\/www.pressenza.com\/es\/#organization"},"image":{"@id":"https:\/\/www.pressenza.com\/es\/2018\/10\/actores-sociales-critican-que-chile-abandone-su-propio-acuerdo\/#primaryimage"},"thumbnailUrl":"https:\/\/www.pressenza.com\/wp-content\/uploads\/2018\/10\/Escazu.jpg","keywords":["Acuerdo de Escaz\u00fa","Chile","Organizaciones sociales"],"articleSection":["Comunicados de Prensa","Ecolog\u00eda y Medio Ambiente","Sudam\u00e9rica"],"inLanguage":"es"},{"@type":"WebPage","@id":"https:\/\/www.pressenza.com\/es\/2018\/10\/actores-sociales-critican-que-chile-abandone-su-propio-acuerdo\/","url":"https:\/\/www.pressenza.com\/es\/2018\/10\/actores-sociales-critican-que-chile-abandone-su-propio-acuerdo\/","name":"Actores sociales critican que Chile abandone su propio Acuerdo","isPartOf":{"@id":"https:\/\/www.pressenza.com\/es\/#website"},"primaryImageOfPage":{"@id":"https:\/\/www.pressenza.com\/es\/2018\/10\/actores-sociales-critican-que-chile-abandone-su-propio-acuerdo\/#primaryimage"},"image":{"@id":"https:\/\/www.pressenza.com\/es\/2018\/10\/actores-sociales-critican-que-chile-abandone-su-propio-acuerdo\/#primaryimage"},"thumbnailUrl":"https:\/\/www.pressenza.com\/wp-content\/uploads\/2018\/10\/Escazu.jpg","datePublished":"2018-10-01T19:13:35+00:00","description":"Parlamentarios y representantes de la sociedad civil cuestionan decisi\u00f3n del gobierno de aplazar firma del Acuerdo de Escaz\u00fa y lo llaman a cumplir su","breadcrumb":{"@id":"https:\/\/www.pressenza.com\/es\/2018\/10\/actores-sociales-critican-que-chile-abandone-su-propio-acuerdo\/#breadcrumb"},"inLanguage":"es","potentialAction":[{"@type":"ReadAction","target":["https:\/\/www.pressenza.com\/es\/2018\/10\/actores-sociales-critican-que-chile-abandone-su-propio-acuerdo\/"]}]},{"@type":"ImageObject","inLanguage":"es","@id":"https:\/\/www.pressenza.com\/es\/2018\/10\/actores-sociales-critican-que-chile-abandone-su-propio-acuerdo\/#primaryimage","url":"https:\/\/www.pressenza.com\/wp-content\/uploads\/2018\/10\/Escazu.jpg","contentUrl":"https:\/\/www.pressenza.com\/wp-content\/uploads\/2018\/10\/Escazu.jpg","width":1200,"height":480},{"@type":"BreadcrumbList","@id":"https:\/\/www.pressenza.com\/es\/2018\/10\/actores-sociales-critican-que-chile-abandone-su-propio-acuerdo\/#breadcrumb","itemListElement":[{"@type":"ListItem","position":1,"name":"Accueil","item":"https:\/\/www.pressenza.com\/es\/"},{"@type":"ListItem","position":2,"name":"Actores sociales critican que Chile abandone su propio Acuerdo"}]},{"@type":"WebSite","@id":"https:\/\/www.pressenza.com\/es\/#website","url":"https:\/\/www.pressenza.com\/es\/","name":"Pressenza","description":"International Press Agency","publisher":{"@id":"https:\/\/www.pressenza.com\/es\/#organization"},"potentialAction":[{"@type":"SearchAction","target":{"@type":"EntryPoint","urlTemplate":"https:\/\/www.pressenza.com\/es\/?s={search_term_string}"},"query-input":{"@type":"PropertyValueSpecification","valueRequired":true,"valueName":"search_term_string"}}],"inLanguage":"es"},{"@type":"Organization","@id":"https:\/\/www.pressenza.com\/es\/#organization","name":"Pressenza","url":"https:\/\/www.pressenza.com\/es\/","logo":{"@type":"ImageObject","inLanguage":"es","@id":"https:\/\/www.pressenza.com\/es\/#\/schema\/logo\/image\/","url":"https:\/\/www.pressenza.com\/wp-content\/uploads\/2022\/10\/pressenza_logo_200x200.jpg","contentUrl":"https:\/\/www.pressenza.com\/wp-content\/uploads\/2022\/10\/pressenza_logo_200x200.jpg","width":200,"height":200,"caption":"Pressenza"},"image":{"@id":"https:\/\/www.pressenza.com\/es\/#\/schema\/logo\/image\/"},"sameAs":["https:\/\/www.facebook.com\/PressenzaItalia","https:\/\/x.com\/PressenzaIPA"]},{"@type":"Person","@id":"https:\/\/www.pressenza.com\/es\/#\/schema\/person\/d7db40df35d6698ba69ba9ee260944ed","name":"Redacci\u00f3n Chile","description":"News from the Pressenza Bureau in Chile","sameAs":["https:\/\/www.facebook.com\/pressenza","https:\/\/x.com\/pressenza"],"url":"https:\/\/www.pressenza.com\/es\/author\/redaccion-chile\/"}]}},"place":"Santiago de Chile","original_article_url":"","_links":{"self":[{"href":"https:\/\/www.pressenza.com\/es\/wp-json\/wp\/v2\/posts\/728684","targetHints":{"allow":["GET"]}}],"collection":[{"href":"https:\/\/www.pressenza.com\/es\/wp-json\/wp\/v2\/posts"}],"about":[{"href":"https:\/\/www.pressenza.com\/es\/wp-json\/wp\/v2\/types\/post"}],"author":[{"embeddable":true,"href":"https:\/\/www.pressenza.com\/es\/wp-json\/wp\/v2\/users\/43"}],"replies":[{"embeddable":true,"href":"https:\/\/www.pressenza.com\/es\/wp-json\/wp\/v2\/comments?post=728684"}],"version-history":[{"count":0,"href":"https:\/\/www.pressenza.com\/es\/wp-json\/wp\/v2\/posts\/728684\/revisions"}],"wp:featuredmedia":[{"embeddable":true,"href":"https:\/\/www.pressenza.com\/es\/wp-json\/wp\/v2\/media\/728686"}],"wp:attachment":[{"href":"https:\/\/www.pressenza.com\/es\/wp-json\/wp\/v2\/media?parent=728684"}],"wp:term":[{"taxonomy":"category","embeddable":true,"href":"https:\/\/www.pressenza.com\/es\/wp-json\/wp\/v2\/categories?post=728684"},{"taxonomy":"post_tag","embeddable":true,"href":"https:\/\/www.pressenza.com\/es\/wp-json\/wp\/v2\/tags?post=728684"}],"curies":[{"name":"wp","href":"https:\/\/api.w.org\/{rel}","templated":true}]}}