{"id":727226,"date":"2018-09-30T03:46:49","date_gmt":"2018-09-30T02:46:49","guid":{"rendered":"https:\/\/www.pressenza.com\/?p=727226"},"modified":"2018-09-30T03:46:49","modified_gmt":"2018-09-30T02:46:49","slug":"una-marea-verde-por-el-aborto-libre-crece-en-ecuador","status":"publish","type":"post","link":"https:\/\/www.pressenza.com\/es\/2018\/09\/una-marea-verde-por-el-aborto-libre-crece-en-ecuador\/","title":{"rendered":"Una marea verde por el aborto libre crece en Ecuador"},"content":{"rendered":"<p><em>Por Esteban Zapata (texto y fotos)<\/em><\/p>\n<p>Con la consigna \u201ceducaci\u00f3n sexual para prevenir, anticonceptivos para disfrutar, aborto libre para no morir\u201d, colectivos en defensa de los derechos de las mujeres y las personas gestantes, y la ciudadan\u00eda en general, se convocaron este viernes 28 de septiembre para exigir el aborto libre en Ecuador.<\/p>\n<p><img loading=\"lazy\" decoding=\"async\" class=\"aligncenter size-large wp-image-727236\" src=\"https:\/\/www.pressenza.com\/wp-content\/uploads\/2018\/09\/1-3-720x482.jpg\" alt=\"\" width=\"720\" height=\"482\" srcset=\"https:\/\/www.pressenza.com\/wp-content\/uploads\/2018\/09\/1-3-720x482.jpg 720w, https:\/\/www.pressenza.com\/wp-content\/uploads\/2018\/09\/1-3-300x201.jpg 300w, https:\/\/www.pressenza.com\/wp-content\/uploads\/2018\/09\/1-3-768x514.jpg 768w, https:\/\/www.pressenza.com\/wp-content\/uploads\/2018\/09\/1-3.jpg 2048w\" sizes=\"auto, (max-width: 720px) 100vw, 720px\" \/><\/p>\n<p>Desde las cinco de la tarde una lluvia de color verde que no tard\u00f3 en convertirse en marea, se organiz\u00f3 fuera de la Fiscal\u00eda General del Estado para ultimar detalles y emprender el recorrido hacia el Palacio de Carondelet. Con una sensaci\u00f3n generalizada de alegr\u00eda, ni\u00f1as, j\u00f3venes y adultas preparan sus carteles, se pintan la cara y amarran los pa\u00f1uelos verdes que se han convertido en el s\u00edmbolo de la lucha en favor del aborto a nivel mundial. Tambi\u00e9n reparten las consignas y recomendaciones para permanecer cuidadas durante toda la marcha.<\/p>\n<p><img loading=\"lazy\" decoding=\"async\" class=\"aligncenter size-large wp-image-727245\" src=\"https:\/\/www.pressenza.com\/wp-content\/uploads\/2018\/09\/2-2-720x482.jpg\" alt=\"\" width=\"720\" height=\"482\" srcset=\"https:\/\/www.pressenza.com\/wp-content\/uploads\/2018\/09\/2-2-720x482.jpg 720w, https:\/\/www.pressenza.com\/wp-content\/uploads\/2018\/09\/2-2-300x201.jpg 300w, https:\/\/www.pressenza.com\/wp-content\/uploads\/2018\/09\/2-2-768x514.jpg 768w, https:\/\/www.pressenza.com\/wp-content\/uploads\/2018\/09\/2-2.jpg 2048w\" sizes=\"auto, (max-width: 720px) 100vw, 720px\" \/><\/p>\n<p><img loading=\"lazy\" decoding=\"async\" class=\"aligncenter size-large wp-image-727254\" src=\"https:\/\/www.pressenza.com\/wp-content\/uploads\/2018\/09\/3-2-720x482.jpg\" alt=\"\" width=\"720\" height=\"482\" srcset=\"https:\/\/www.pressenza.com\/wp-content\/uploads\/2018\/09\/3-2-720x482.jpg 720w, https:\/\/www.pressenza.com\/wp-content\/uploads\/2018\/09\/3-2-300x201.jpg 300w, https:\/\/www.pressenza.com\/wp-content\/uploads\/2018\/09\/3-2-768x514.jpg 768w, https:\/\/www.pressenza.com\/wp-content\/uploads\/2018\/09\/3-2.jpg 2048w\" sizes=\"auto, (max-width: 720px) 100vw, 720px\" \/><\/p>\n<p>En el manifiesto del D\u00eda de lucha por la despenalizaci\u00f3n y legalizaci\u00f3n del aborto en Am\u00e9rica Latina, el colectivo organizador menciona que las actuales leyes que penalizan el aborto solo han servido para criminalizar la pr\u00e1ctica sin generar mejores condiciones de vida para las mujeres y personas en capacidad de gestar, golpeando sobre todo a las mujeres m\u00e1s empobrecidas. Por esto, \u201cpenalizar el aborto es penalizar la pobreza\u201d.<\/p>\n<p><img loading=\"lazy\" decoding=\"async\" class=\"aligncenter size-large wp-image-727263\" src=\"https:\/\/www.pressenza.com\/wp-content\/uploads\/2018\/09\/5-720x482.jpg\" alt=\"\" width=\"720\" height=\"482\" srcset=\"https:\/\/www.pressenza.com\/wp-content\/uploads\/2018\/09\/5-720x482.jpg 720w, https:\/\/www.pressenza.com\/wp-content\/uploads\/2018\/09\/5-300x201.jpg 300w, https:\/\/www.pressenza.com\/wp-content\/uploads\/2018\/09\/5-768x514.jpg 768w, https:\/\/www.pressenza.com\/wp-content\/uploads\/2018\/09\/5.jpg 2048w\" sizes=\"auto, (max-width: 720px) 100vw, 720px\" \/><\/p>\n<p><img loading=\"lazy\" decoding=\"async\" class=\"aligncenter size-large wp-image-727272\" src=\"https:\/\/www.pressenza.com\/wp-content\/uploads\/2018\/09\/6-720x482.jpg\" alt=\"\" width=\"720\" height=\"482\" srcset=\"https:\/\/www.pressenza.com\/wp-content\/uploads\/2018\/09\/6-720x482.jpg 720w, https:\/\/www.pressenza.com\/wp-content\/uploads\/2018\/09\/6-300x201.jpg 300w, https:\/\/www.pressenza.com\/wp-content\/uploads\/2018\/09\/6-768x514.jpg 768w, https:\/\/www.pressenza.com\/wp-content\/uploads\/2018\/09\/6.jpg 2048w\" sizes=\"auto, (max-width: 720px) 100vw, 720px\" \/><\/p>\n<p>Las mujeres inician el recorrido al son de los tambores y con canciones que llaman a enfrentar un sistema manejado y controlado por el machismo en todas sus escalas. \u201cHay que abortar, hay que abortar, hay que abortar este sistema patriarcal\u201d, se escucha en toda la columna de la gente que avanza por la avenida 12 de octubre hacia la Asamblea Nacional, y tambi\u00e9n \u201csi el Papa fuera mujer el aborto seria ley\u201d al ritmo del carnavalito.<\/p>\n<p><img loading=\"lazy\" decoding=\"async\" class=\"aligncenter size-large wp-image-727308\" src=\"https:\/\/www.pressenza.com\/wp-content\/uploads\/2018\/09\/10-720x482.jpg\" alt=\"\" width=\"720\" height=\"482\" srcset=\"https:\/\/www.pressenza.com\/wp-content\/uploads\/2018\/09\/10-720x482.jpg 720w, https:\/\/www.pressenza.com\/wp-content\/uploads\/2018\/09\/10-300x201.jpg 300w, https:\/\/www.pressenza.com\/wp-content\/uploads\/2018\/09\/10-768x514.jpg 768w, https:\/\/www.pressenza.com\/wp-content\/uploads\/2018\/09\/10.jpg 2048w\" sizes=\"auto, (max-width: 720px) 100vw, 720px\" \/><\/p>\n<p><img loading=\"lazy\" decoding=\"async\" class=\"aligncenter size-large wp-image-727290\" src=\"https:\/\/www.pressenza.com\/wp-content\/uploads\/2018\/09\/8-720x482.jpg\" alt=\"\" width=\"720\" height=\"482\" srcset=\"https:\/\/www.pressenza.com\/wp-content\/uploads\/2018\/09\/8-720x482.jpg 720w, https:\/\/www.pressenza.com\/wp-content\/uploads\/2018\/09\/8-300x201.jpg 300w, https:\/\/www.pressenza.com\/wp-content\/uploads\/2018\/09\/8-768x514.jpg 768w, https:\/\/www.pressenza.com\/wp-content\/uploads\/2018\/09\/8.jpg 2048w\" sizes=\"auto, (max-width: 720px) 100vw, 720px\" \/><\/p>\n<p>Los \u00faltimos rayos de sol desaparecen pero las bengalas de humo verde marcan el camino para continuar. Despu\u00e9s de una breve escala en la Maternidad Isidro Ayora, la ola verde que sigue creciendo avanza por el parque de la alameda para ingresar en el centro hist\u00f3rico de Quito. Nada detiene la caminata de emancipaci\u00f3n.<\/p>\n<p><img loading=\"lazy\" decoding=\"async\" class=\"aligncenter size-large wp-image-727335\" src=\"https:\/\/www.pressenza.com\/wp-content\/uploads\/2018\/09\/13-1-720x567.jpg\" alt=\"\" width=\"720\" height=\"567\" srcset=\"https:\/\/www.pressenza.com\/wp-content\/uploads\/2018\/09\/13-1-720x567.jpg 720w, https:\/\/www.pressenza.com\/wp-content\/uploads\/2018\/09\/13-1-300x236.jpg 300w, https:\/\/www.pressenza.com\/wp-content\/uploads\/2018\/09\/13-1-768x605.jpg 768w, https:\/\/www.pressenza.com\/wp-content\/uploads\/2018\/09\/13-1.jpg 1659w\" sizes=\"auto, (max-width: 720px) 100vw, 720px\" \/><\/p>\n<p>\u201cEl miedo nunca conquist\u00f3 derechos\u201d dice el cartel de una de las manifestantes, mientras otro cartel recuerda que \u201clegalizar el aborto no obliga a abortar a nadie\u201d. Seg\u00fan los datos de la comisi\u00f3n organizadora de la marcha, en el pa\u00eds m\u00e1s de 300 mujeres han sido enjuiciadas en los \u00faltimos a\u00f1os por haber abortado\u201d, ejerciendo poder y violencia sobre aquellas mujeres que toman esta decisi\u00f3n. Por eso exigen que la Fiscal\u00eda \u201ccese la persecuci\u00f3n sobre quienes decidimos por nuestros cuerpos\u201d.<\/p>\n<p><img loading=\"lazy\" decoding=\"async\" class=\"aligncenter size-large wp-image-727281\" src=\"https:\/\/www.pressenza.com\/wp-content\/uploads\/2018\/09\/7-720x482.jpg\" alt=\"\" width=\"720\" height=\"482\" srcset=\"https:\/\/www.pressenza.com\/wp-content\/uploads\/2018\/09\/7-720x482.jpg 720w, https:\/\/www.pressenza.com\/wp-content\/uploads\/2018\/09\/7-300x201.jpg 300w, https:\/\/www.pressenza.com\/wp-content\/uploads\/2018\/09\/7-768x514.jpg 768w, https:\/\/www.pressenza.com\/wp-content\/uploads\/2018\/09\/7.jpg 2048w\" sizes=\"auto, (max-width: 720px) 100vw, 720px\" \/><\/p>\n<p><img loading=\"lazy\" decoding=\"async\" class=\"aligncenter size-large wp-image-727299\" src=\"https:\/\/www.pressenza.com\/wp-content\/uploads\/2018\/09\/9-720x482.jpg\" alt=\"\" width=\"720\" height=\"482\" srcset=\"https:\/\/www.pressenza.com\/wp-content\/uploads\/2018\/09\/9-720x482.jpg 720w, https:\/\/www.pressenza.com\/wp-content\/uploads\/2018\/09\/9-300x201.jpg 300w, https:\/\/www.pressenza.com\/wp-content\/uploads\/2018\/09\/9-768x514.jpg 768w, https:\/\/www.pressenza.com\/wp-content\/uploads\/2018\/09\/9.jpg 2048w\" sizes=\"auto, (max-width: 720px) 100vw, 720px\" \/><\/p>\n<p>Llega la noche y la marcha contin\u00faa, la marea verde avanza por el centro de Quito y seguir\u00e1 avanzando hasta lograr que el Estado ecuatoriano y el resto de pa\u00edses de la regi\u00f3n comprendan que legalizar el aborto es un tema de salud p\u00fablica prioritario y urgente, que debe facilitar el acceso de las mujeres y personas con posibilidad de gestar a servicios de salud integrales, oportunos y amigables. Este 28 de septiembre fue un d\u00eda de lucha en Am\u00e9rica Latina y el Caribe que recuerda -y es un homenaje absolutamente premeditado- al final de la esclavitud.<\/p>\n<p><img loading=\"lazy\" decoding=\"async\" class=\"aligncenter size-large wp-image-727326\" src=\"https:\/\/www.pressenza.com\/wp-content\/uploads\/2018\/09\/12-1-720x482.jpg\" alt=\"\" width=\"720\" height=\"482\" srcset=\"https:\/\/www.pressenza.com\/wp-content\/uploads\/2018\/09\/12-1-720x482.jpg 720w, https:\/\/www.pressenza.com\/wp-content\/uploads\/2018\/09\/12-1-300x201.jpg 300w, https:\/\/www.pressenza.com\/wp-content\/uploads\/2018\/09\/12-1-768x514.jpg 768w, https:\/\/www.pressenza.com\/wp-content\/uploads\/2018\/09\/12-1.jpg 2048w\" sizes=\"auto, (max-width: 720px) 100vw, 720px\" \/><\/p>\n<p><img loading=\"lazy\" decoding=\"async\" class=\"aligncenter size-large wp-image-727317\" src=\"https:\/\/www.pressenza.com\/wp-content\/uploads\/2018\/09\/11-1-720x482.jpg\" alt=\"\" width=\"720\" height=\"482\" srcset=\"https:\/\/www.pressenza.com\/wp-content\/uploads\/2018\/09\/11-1-720x482.jpg 720w, https:\/\/www.pressenza.com\/wp-content\/uploads\/2018\/09\/11-1-300x201.jpg 300w, https:\/\/www.pressenza.com\/wp-content\/uploads\/2018\/09\/11-1-768x514.jpg 768w, https:\/\/www.pressenza.com\/wp-content\/uploads\/2018\/09\/11-1.jpg 2048w\" sizes=\"auto, (max-width: 720px) 100vw, 720px\" \/><\/p>\n","protected":false},"excerpt":{"rendered":"<p>Por Esteban Zapata (texto y fotos) Con la consigna \u201ceducaci\u00f3n sexual para prevenir, anticonceptivos para disfrutar, aborto libre para no morir\u201d, colectivos en defensa de los derechos de las mujeres y las personas gestantes, y la ciudadan\u00eda en general, se&hellip;<\/p>\n","protected":false},"author":1011,"featured_media":727227,"comment_status":"closed","ping_status":"closed","sticky":false,"template":"","format":"standard","meta":{"footnotes":""},"categories":[11389,79,1241,1230,5667,46976,1242,74,1239,67],"tags":[48749,50350,16464],"class_list":["post-727226","post","type-post","status-publish","format-standard","has-post-thumbnail","hentry","category-contenido-original","category-derechos-humanos","category-diversidad","category-educacion-tema","category-foto-reportajes","category-jovenes","category-noviolencia-tema","category-politica-es","category-salud","category-sudamerica","tag-aborto-libre","tag-despenalizar-el-aborto","tag-marea-verde"],"yoast_head":"<!-- This site is optimized with the Yoast SEO plugin v27.1.1 - https:\/\/yoast.com\/product\/yoast-seo-wordpress\/ -->\n<title>Una marea verde por el aborto libre crece en Ecuador<\/title>\n<meta name=\"description\" content=\"Por Esteban Zapata (texto y fotos) Con la consigna \u201ceducaci\u00f3n sexual para prevenir, anticonceptivos para disfrutar, aborto libre para no morir\u201d,\" \/>\n<meta name=\"robots\" content=\"index, follow, max-snippet:-1, max-image-preview:large, max-video-preview:-1\" \/>\n<link rel=\"canonical\" href=\"https:\/\/www.pressenza.com\/es\/2018\/09\/una-marea-verde-por-el-aborto-libre-crece-en-ecuador\/\" \/>\n<meta property=\"og:locale\" content=\"es_ES\" \/>\n<meta property=\"og:type\" content=\"article\" \/>\n<meta property=\"og:title\" content=\"Una marea verde por el aborto libre crece en Ecuador\" \/>\n<meta property=\"og:description\" content=\"Por Esteban Zapata (texto y fotos) Con la consigna \u201ceducaci\u00f3n sexual para prevenir, anticonceptivos para disfrutar, aborto libre para no morir\u201d,\" \/>\n<meta property=\"og:url\" content=\"https:\/\/www.pressenza.com\/es\/2018\/09\/una-marea-verde-por-el-aborto-libre-crece-en-ecuador\/\" \/>\n<meta property=\"og:site_name\" content=\"Pressenza\" \/>\n<meta property=\"article:publisher\" content=\"https:\/\/www.facebook.com\/PressenzaItalia\" \/>\n<meta property=\"article:published_time\" content=\"2018-09-30T02:46:49+00:00\" \/>\n<meta property=\"og:image\" content=\"https:\/\/www.pressenza.com\/wp-content\/uploads\/2018\/09\/Port-4.jpg\" \/>\n\t<meta property=\"og:image:width\" content=\"2048\" \/>\n\t<meta property=\"og:image:height\" content=\"1371\" \/>\n\t<meta property=\"og:image:type\" content=\"image\/jpeg\" \/>\n<meta name=\"author\" content=\"Redacci\u00f3n Ecuador\" \/>\n<meta name=\"twitter:card\" content=\"summary_large_image\" \/>\n<meta name=\"twitter:creator\" content=\"@PressenzaIPA\" \/>\n<meta name=\"twitter:site\" content=\"@PressenzaIPA\" \/>\n<meta name=\"twitter:label1\" content=\"Escrito por\" \/>\n\t<meta name=\"twitter:data1\" content=\"Redacci\u00f3n Ecuador\" \/>\n\t<meta name=\"twitter:label2\" content=\"Tiempo de lectura\" \/>\n\t<meta name=\"twitter:data2\" content=\"3 minutos\" \/>\n<script type=\"application\/ld+json\" class=\"yoast-schema-graph\">{\"@context\":\"https:\/\/schema.org\",\"@graph\":[{\"@type\":\"Article\",\"@id\":\"https:\/\/www.pressenza.com\/es\/2018\/09\/una-marea-verde-por-el-aborto-libre-crece-en-ecuador\/#article\",\"isPartOf\":{\"@id\":\"https:\/\/www.pressenza.com\/es\/2018\/09\/una-marea-verde-por-el-aborto-libre-crece-en-ecuador\/\"},\"author\":{\"name\":\"Redacci\u00f3n Ecuador\",\"@id\":\"https:\/\/www.pressenza.com\/es\/#\/schema\/person\/883a735c40665759bcc6fe0c26bcb46f\"},\"headline\":\"Una marea verde por el aborto libre crece en Ecuador\",\"datePublished\":\"2018-09-30T02:46:49+00:00\",\"mainEntityOfPage\":{\"@id\":\"https:\/\/www.pressenza.com\/es\/2018\/09\/una-marea-verde-por-el-aborto-libre-crece-en-ecuador\/\"},\"wordCount\":560,\"publisher\":{\"@id\":\"https:\/\/www.pressenza.com\/es\/#organization\"},\"image\":{\"@id\":\"https:\/\/www.pressenza.com\/es\/2018\/09\/una-marea-verde-por-el-aborto-libre-crece-en-ecuador\/#primaryimage\"},\"thumbnailUrl\":\"https:\/\/www.pressenza.com\/wp-content\/uploads\/2018\/09\/Port-4.jpg\",\"keywords\":[\"aborto libre\",\"despenalizar el aborto\",\"Marea Verde\"],\"articleSection\":[\"Contenido Original\",\"Derechos Humanos\",\"Diversidad\",\"Educaci\u00f3n\",\"Fotorreportajes\",\"J\u00f3venes\",\"Noviolencia\",\"Pol\u00edtica\",\"Salud\",\"Sudam\u00e9rica\"],\"inLanguage\":\"es\"},{\"@type\":\"WebPage\",\"@id\":\"https:\/\/www.pressenza.com\/es\/2018\/09\/una-marea-verde-por-el-aborto-libre-crece-en-ecuador\/\",\"url\":\"https:\/\/www.pressenza.com\/es\/2018\/09\/una-marea-verde-por-el-aborto-libre-crece-en-ecuador\/\",\"name\":\"Una marea verde por el aborto libre crece en Ecuador\",\"isPartOf\":{\"@id\":\"https:\/\/www.pressenza.com\/es\/#website\"},\"primaryImageOfPage\":{\"@id\":\"https:\/\/www.pressenza.com\/es\/2018\/09\/una-marea-verde-por-el-aborto-libre-crece-en-ecuador\/#primaryimage\"},\"image\":{\"@id\":\"https:\/\/www.pressenza.com\/es\/2018\/09\/una-marea-verde-por-el-aborto-libre-crece-en-ecuador\/#primaryimage\"},\"thumbnailUrl\":\"https:\/\/www.pressenza.com\/wp-content\/uploads\/2018\/09\/Port-4.jpg\",\"datePublished\":\"2018-09-30T02:46:49+00:00\",\"description\":\"Por Esteban Zapata (texto y fotos) Con la consigna \u201ceducaci\u00f3n sexual para prevenir, anticonceptivos para disfrutar, aborto libre para no morir\u201d,\",\"breadcrumb\":{\"@id\":\"https:\/\/www.pressenza.com\/es\/2018\/09\/una-marea-verde-por-el-aborto-libre-crece-en-ecuador\/#breadcrumb\"},\"inLanguage\":\"es\",\"potentialAction\":[{\"@type\":\"ReadAction\",\"target\":[\"https:\/\/www.pressenza.com\/es\/2018\/09\/una-marea-verde-por-el-aborto-libre-crece-en-ecuador\/\"]}]},{\"@type\":\"ImageObject\",\"inLanguage\":\"es\",\"@id\":\"https:\/\/www.pressenza.com\/es\/2018\/09\/una-marea-verde-por-el-aborto-libre-crece-en-ecuador\/#primaryimage\",\"url\":\"https:\/\/www.pressenza.com\/wp-content\/uploads\/2018\/09\/Port-4.jpg\",\"contentUrl\":\"https:\/\/www.pressenza.com\/wp-content\/uploads\/2018\/09\/Port-4.jpg\",\"width\":2048,\"height\":1371,\"caption\":\"Marea verde en Quito\"},{\"@type\":\"BreadcrumbList\",\"@id\":\"https:\/\/www.pressenza.com\/es\/2018\/09\/una-marea-verde-por-el-aborto-libre-crece-en-ecuador\/#breadcrumb\",\"itemListElement\":[{\"@type\":\"ListItem\",\"position\":1,\"name\":\"Accueil\",\"item\":\"https:\/\/www.pressenza.com\/es\/\"},{\"@type\":\"ListItem\",\"position\":2,\"name\":\"Una marea verde por el aborto libre crece en Ecuador\"}]},{\"@type\":\"WebSite\",\"@id\":\"https:\/\/www.pressenza.com\/es\/#website\",\"url\":\"https:\/\/www.pressenza.com\/es\/\",\"name\":\"Pressenza\",\"description\":\"International Press Agency\",\"publisher\":{\"@id\":\"https:\/\/www.pressenza.com\/es\/#organization\"},\"potentialAction\":[{\"@type\":\"SearchAction\",\"target\":{\"@type\":\"EntryPoint\",\"urlTemplate\":\"https:\/\/www.pressenza.com\/es\/?s={search_term_string}\"},\"query-input\":{\"@type\":\"PropertyValueSpecification\",\"valueRequired\":true,\"valueName\":\"search_term_string\"}}],\"inLanguage\":\"es\"},{\"@type\":\"Organization\",\"@id\":\"https:\/\/www.pressenza.com\/es\/#organization\",\"name\":\"Pressenza\",\"url\":\"https:\/\/www.pressenza.com\/es\/\",\"logo\":{\"@type\":\"ImageObject\",\"inLanguage\":\"es\",\"@id\":\"https:\/\/www.pressenza.com\/es\/#\/schema\/logo\/image\/\",\"url\":\"https:\/\/www.pressenza.com\/wp-content\/uploads\/2022\/10\/pressenza_logo_200x200.jpg\",\"contentUrl\":\"https:\/\/www.pressenza.com\/wp-content\/uploads\/2022\/10\/pressenza_logo_200x200.jpg\",\"width\":200,\"height\":200,\"caption\":\"Pressenza\"},\"image\":{\"@id\":\"https:\/\/www.pressenza.com\/es\/#\/schema\/logo\/image\/\"},\"sameAs\":[\"https:\/\/www.facebook.com\/PressenzaItalia\",\"https:\/\/x.com\/PressenzaIPA\"]},{\"@type\":\"Person\",\"@id\":\"https:\/\/www.pressenza.com\/es\/#\/schema\/person\/883a735c40665759bcc6fe0c26bcb46f\",\"name\":\"Redacci\u00f3n Ecuador\",\"description\":\"News published by the Pressenza bureau in Quito, Ecuador\",\"url\":\"https:\/\/www.pressenza.com\/es\/author\/redaccion-ecuador\/\"}]}<\/script>\n<!-- \/ Yoast SEO plugin. -->","yoast_head_json":{"title":"Una marea verde por el aborto libre crece en Ecuador","description":"Por Esteban Zapata (texto y fotos) Con la consigna \u201ceducaci\u00f3n sexual para prevenir, anticonceptivos para disfrutar, aborto libre para no morir\u201d,","robots":{"index":"index","follow":"follow","max-snippet":"max-snippet:-1","max-image-preview":"max-image-preview:large","max-video-preview":"max-video-preview:-1"},"canonical":"https:\/\/www.pressenza.com\/es\/2018\/09\/una-marea-verde-por-el-aborto-libre-crece-en-ecuador\/","og_locale":"es_ES","og_type":"article","og_title":"Una marea verde por el aborto libre crece en Ecuador","og_description":"Por Esteban Zapata (texto y fotos) Con la consigna \u201ceducaci\u00f3n sexual para prevenir, anticonceptivos para disfrutar, aborto libre para no morir\u201d,","og_url":"https:\/\/www.pressenza.com\/es\/2018\/09\/una-marea-verde-por-el-aborto-libre-crece-en-ecuador\/","og_site_name":"Pressenza","article_publisher":"https:\/\/www.facebook.com\/PressenzaItalia","article_published_time":"2018-09-30T02:46:49+00:00","og_image":[{"width":2048,"height":1371,"url":"https:\/\/www.pressenza.com\/wp-content\/uploads\/2018\/09\/Port-4.jpg","type":"image\/jpeg"}],"author":"Redacci\u00f3n Ecuador","twitter_card":"summary_large_image","twitter_creator":"@PressenzaIPA","twitter_site":"@PressenzaIPA","twitter_misc":{"Escrito por":"Redacci\u00f3n Ecuador","Tiempo de lectura":"3 minutos"},"schema":{"@context":"https:\/\/schema.org","@graph":[{"@type":"Article","@id":"https:\/\/www.pressenza.com\/es\/2018\/09\/una-marea-verde-por-el-aborto-libre-crece-en-ecuador\/#article","isPartOf":{"@id":"https:\/\/www.pressenza.com\/es\/2018\/09\/una-marea-verde-por-el-aborto-libre-crece-en-ecuador\/"},"author":{"name":"Redacci\u00f3n Ecuador","@id":"https:\/\/www.pressenza.com\/es\/#\/schema\/person\/883a735c40665759bcc6fe0c26bcb46f"},"headline":"Una marea verde por el aborto libre crece en Ecuador","datePublished":"2018-09-30T02:46:49+00:00","mainEntityOfPage":{"@id":"https:\/\/www.pressenza.com\/es\/2018\/09\/una-marea-verde-por-el-aborto-libre-crece-en-ecuador\/"},"wordCount":560,"publisher":{"@id":"https:\/\/www.pressenza.com\/es\/#organization"},"image":{"@id":"https:\/\/www.pressenza.com\/es\/2018\/09\/una-marea-verde-por-el-aborto-libre-crece-en-ecuador\/#primaryimage"},"thumbnailUrl":"https:\/\/www.pressenza.com\/wp-content\/uploads\/2018\/09\/Port-4.jpg","keywords":["aborto libre","despenalizar el aborto","Marea Verde"],"articleSection":["Contenido Original","Derechos Humanos","Diversidad","Educaci\u00f3n","Fotorreportajes","J\u00f3venes","Noviolencia","Pol\u00edtica","Salud","Sudam\u00e9rica"],"inLanguage":"es"},{"@type":"WebPage","@id":"https:\/\/www.pressenza.com\/es\/2018\/09\/una-marea-verde-por-el-aborto-libre-crece-en-ecuador\/","url":"https:\/\/www.pressenza.com\/es\/2018\/09\/una-marea-verde-por-el-aborto-libre-crece-en-ecuador\/","name":"Una marea verde por el aborto libre crece en Ecuador","isPartOf":{"@id":"https:\/\/www.pressenza.com\/es\/#website"},"primaryImageOfPage":{"@id":"https:\/\/www.pressenza.com\/es\/2018\/09\/una-marea-verde-por-el-aborto-libre-crece-en-ecuador\/#primaryimage"},"image":{"@id":"https:\/\/www.pressenza.com\/es\/2018\/09\/una-marea-verde-por-el-aborto-libre-crece-en-ecuador\/#primaryimage"},"thumbnailUrl":"https:\/\/www.pressenza.com\/wp-content\/uploads\/2018\/09\/Port-4.jpg","datePublished":"2018-09-30T02:46:49+00:00","description":"Por Esteban Zapata (texto y fotos) Con la consigna \u201ceducaci\u00f3n sexual para prevenir, anticonceptivos para disfrutar, aborto libre para no morir\u201d,","breadcrumb":{"@id":"https:\/\/www.pressenza.com\/es\/2018\/09\/una-marea-verde-por-el-aborto-libre-crece-en-ecuador\/#breadcrumb"},"inLanguage":"es","potentialAction":[{"@type":"ReadAction","target":["https:\/\/www.pressenza.com\/es\/2018\/09\/una-marea-verde-por-el-aborto-libre-crece-en-ecuador\/"]}]},{"@type":"ImageObject","inLanguage":"es","@id":"https:\/\/www.pressenza.com\/es\/2018\/09\/una-marea-verde-por-el-aborto-libre-crece-en-ecuador\/#primaryimage","url":"https:\/\/www.pressenza.com\/wp-content\/uploads\/2018\/09\/Port-4.jpg","contentUrl":"https:\/\/www.pressenza.com\/wp-content\/uploads\/2018\/09\/Port-4.jpg","width":2048,"height":1371,"caption":"Marea verde en Quito"},{"@type":"BreadcrumbList","@id":"https:\/\/www.pressenza.com\/es\/2018\/09\/una-marea-verde-por-el-aborto-libre-crece-en-ecuador\/#breadcrumb","itemListElement":[{"@type":"ListItem","position":1,"name":"Accueil","item":"https:\/\/www.pressenza.com\/es\/"},{"@type":"ListItem","position":2,"name":"Una marea verde por el aborto libre crece en Ecuador"}]},{"@type":"WebSite","@id":"https:\/\/www.pressenza.com\/es\/#website","url":"https:\/\/www.pressenza.com\/es\/","name":"Pressenza","description":"International Press Agency","publisher":{"@id":"https:\/\/www.pressenza.com\/es\/#organization"},"potentialAction":[{"@type":"SearchAction","target":{"@type":"EntryPoint","urlTemplate":"https:\/\/www.pressenza.com\/es\/?s={search_term_string}"},"query-input":{"@type":"PropertyValueSpecification","valueRequired":true,"valueName":"search_term_string"}}],"inLanguage":"es"},{"@type":"Organization","@id":"https:\/\/www.pressenza.com\/es\/#organization","name":"Pressenza","url":"https:\/\/www.pressenza.com\/es\/","logo":{"@type":"ImageObject","inLanguage":"es","@id":"https:\/\/www.pressenza.com\/es\/#\/schema\/logo\/image\/","url":"https:\/\/www.pressenza.com\/wp-content\/uploads\/2022\/10\/pressenza_logo_200x200.jpg","contentUrl":"https:\/\/www.pressenza.com\/wp-content\/uploads\/2022\/10\/pressenza_logo_200x200.jpg","width":200,"height":200,"caption":"Pressenza"},"image":{"@id":"https:\/\/www.pressenza.com\/es\/#\/schema\/logo\/image\/"},"sameAs":["https:\/\/www.facebook.com\/PressenzaItalia","https:\/\/x.com\/PressenzaIPA"]},{"@type":"Person","@id":"https:\/\/www.pressenza.com\/es\/#\/schema\/person\/883a735c40665759bcc6fe0c26bcb46f","name":"Redacci\u00f3n Ecuador","description":"News published by the Pressenza bureau in Quito, Ecuador","url":"https:\/\/www.pressenza.com\/es\/author\/redaccion-ecuador\/"}]}},"place":"Quito, Ecuador","original_article_url":"","_links":{"self":[{"href":"https:\/\/www.pressenza.com\/es\/wp-json\/wp\/v2\/posts\/727226","targetHints":{"allow":["GET"]}}],"collection":[{"href":"https:\/\/www.pressenza.com\/es\/wp-json\/wp\/v2\/posts"}],"about":[{"href":"https:\/\/www.pressenza.com\/es\/wp-json\/wp\/v2\/types\/post"}],"author":[{"embeddable":true,"href":"https:\/\/www.pressenza.com\/es\/wp-json\/wp\/v2\/users\/1011"}],"replies":[{"embeddable":true,"href":"https:\/\/www.pressenza.com\/es\/wp-json\/wp\/v2\/comments?post=727226"}],"version-history":[{"count":0,"href":"https:\/\/www.pressenza.com\/es\/wp-json\/wp\/v2\/posts\/727226\/revisions"}],"wp:featuredmedia":[{"embeddable":true,"href":"https:\/\/www.pressenza.com\/es\/wp-json\/wp\/v2\/media\/727227"}],"wp:attachment":[{"href":"https:\/\/www.pressenza.com\/es\/wp-json\/wp\/v2\/media?parent=727226"}],"wp:term":[{"taxonomy":"category","embeddable":true,"href":"https:\/\/www.pressenza.com\/es\/wp-json\/wp\/v2\/categories?post=727226"},{"taxonomy":"post_tag","embeddable":true,"href":"https:\/\/www.pressenza.com\/es\/wp-json\/wp\/v2\/tags?post=727226"}],"curies":[{"name":"wp","href":"https:\/\/api.w.org\/{rel}","templated":true}]}}