{"id":725311,"date":"2018-09-26T23:02:11","date_gmt":"2018-09-26T22:02:11","guid":{"rendered":"https:\/\/www.pressenza.com\/?p=725311"},"modified":"2018-09-26T23:03:39","modified_gmt":"2018-09-26T22:03:39","slug":"haddad-consolida-su-favoritismo","status":"publish","type":"post","link":"https:\/\/www.pressenza.com\/es\/2018\/09\/haddad-consolida-su-favoritismo\/","title":{"rendered":"Elecciones en Brasil: Haddad consolida su favoritismo"},"content":{"rendered":"<p>por Emir Sader<\/p>\n<p>En la encuesta de Ibope para la\u00a0 Red Globo de esta semana, por primera vez Haddad supera a Bolsonaro en la segunda vuelta, con 43 por ciento en contra de 37 del candidato de la derecha. Se confirma entonces la tendencia que se hab\u00eda dibujado desde cuando Lula, hace menos de dos semanas, lanz\u00f3 a Haddad como su candidato.<\/p>\n<p>Desde entonces el panorama electoral gan\u00f3 nuevos contornos. Haddad tuvo que salir de los \u00edndices bajos, mientras Bolsonaro asum\u00eda el liderazgo de las encuestas. Todo tipo de especulaci\u00f3n se hac\u00eda en los medios de informaci\u00f3n: desde que Bolsonaro podr\u00eda ganar en primera vuelta, hasta que Ciro Gomes podr\u00eda disputar con \u00e9l en segunda vuelta, dejando fuera al candidato del PT y de Lula. El extra\u00f1o atentado a Bolsonaro alimentaba especulaciones de su eventual victoria.<\/p>\n<p>Pero mientras tanto Haddad ha hecho una notable campa\u00f1a de masas, viajando por todo Brasil varias veces, con manifestaciones populares dignas de las de Lula, como representante del ex-presidente. Las im\u00e1genes, censuradas por los medios, circulaban r\u00e1pidamente por los medios alternativos. Haddad asumi\u00f3 un discurso basado en el programa elaborado directamente por \u00e9l y por Lula, de profundas e inmediatas reformas \u2013 como la bancaria, la tributaria, la de los medios\u00a0 -, sumado a la cancelaci\u00f3n de las leyes aprobadas por el gobierno de Temer, que fueron cautivando r\u00e1pidamente al pueblo.<\/p>\n<p>Haddad ya hab\u00eda superado las reservas que hab\u00eda respecto a \u00e9l en el PT, con un desempe\u00f1o irreprochable en las entrevistas p\u00fablicas, en los discursos y en los debates. Fue tambi\u00e9n conquistando a los movimientos sociales y a la opini\u00f3n publica, con serenidad, firmeza y competencia.<\/p>\n<p>El fin de semana pasado,\u00a0 Haddad protagoniz\u00f3 las escenas m\u00e1s espectaculares de la campa\u00f1a,\u00a0 hasta aqu\u00ed, en el nordeste, en particular en Pernambuco, la provincia donde naci\u00f3 Lula, con cientos de miles de personas por las calles. Un viaje que no ha tenido todav\u00eda tiempo de reflejarse en las encuestas, pero que va a garantizar para \u00e9l,\u00a0 la adhesi\u00f3n de votos del PT en la regi\u00f3n, siempre arriba del 70% en la segunda vuelta.<\/p>\n<p>En todas las\u00a0 provincias del nordeste, \u00a0los candidatos del PT o apoyados por el PT lideran en las encuestas, para ganar en primera vuelta, consolidando la regi\u00f3n como la m\u00e1s roja de Brasil.\u00a0 La regi\u00f3n de la cual emergi\u00f3 Lula y que ha sido la que m\u00e1s cambios ha experimentado en los gobiernos del PT.<\/p>\n<p>A menos de dos semanas de la primera vuelta, el escenario electoral se va aclarando. Las encuestas siguen dando a Bolsonaro el liderazgo en la primera vuelta, con Haddad cada vez m\u00e1s cercano de \u00e9l y m\u00e1s distanciado de Ciro Gomes, proyectando una segunda vuelta entre Bolsonaro y Haddad.<\/p>\n<p>Mientras tanto, se ha ido difundiendo por todo el pa\u00eds una campa\u00f1a llamada #El No. \u00c9l es Bolsonaro, que, \u00a0con sus brutales declaraciones, ha ido generando reacciones de los m\u00e1s diversos sectores de la sociedad, pero especialmente de las mujeres, donde \u00e9l tiene un alt\u00edsimo nivel de rechazo. Un manifiesto de las mujeres r\u00e1pidamente alcanz\u00f3 3 millones de adhesiones, hasta que la misma campa\u00f1a de Bolsonaro invadi\u00f3 la p\u00e1gina de ellas, causando todav\u00eda m\u00e1s rechazo. El pr\u00f3ximo s\u00e1bado se efectuar\u00e1 la m\u00e1s grande de las manifestaciones de toda la campa\u00f1a, unificada por el rechazo a Bolsonaro, en todo Brasil.<\/p>\n<p>Desde hace alg\u00fan tiempo he ido previendo ese viraje y la victoria del PT, con Lula o con quien \u00e9l indicara. Muchos amigos me escrib\u00edan, extra\u00f1ados de esa previsi\u00f3n, con la cual se identificaba de coraz\u00f3n, pero que no pod\u00edan creer, racionalmente, que se volviera realidad. La atribuyan a mi conocido optimismo.<\/p>\n<p>Ahora ese escenario favorable a que Brasil pueda revertir la grave derrota que sac\u00f3 a Dilma de la Presidencia y \u00a0que puso preso a Lula, se va volviendo realidad. Se acerca la situaci\u00f3n incre\u00edble de que Lula, preso y condenado por un proceso sin pruebas, despu\u00e9s de liderar todas las encuestas, y sin poder ser candidato, designe a su ex-ministro de Educaci\u00f3n y lo va a elegir presidente de Brasil.<\/p>\n<p>Y Haddad, hijo de inmigrantes libaneses, que trabaj\u00f3 durante 10 a\u00f1os en el comercio con su padre, egresado de cursos de derecho y econom\u00eda, con posgrado en ciencia pol\u00edtica y filosof\u00eda \u2013 donde fue mi alumno \u2013 est\u00e1 cerca de convertirse presidente de Brasil. Se mantiene tranquilo, absolutamente fiel a Lula, a quien visita varias veces a la semana, confiando que su victoria ser\u00e1 tambi\u00e9n\u00a0 el marco que permitir\u00e1 liberar a Lula y tenerlo a su lado en la reconstrucci\u00f3n de Brasil.<\/p>\n<p>&nbsp;<\/p>\n<p>&#8211;\u00a0<strong><em>Emir Sader,<\/em><\/strong>\u00a0soci\u00f3logo y cient\u00edfico pol\u00edtico brasile\u00f1o, es coordinador del Laboratorio de Pol\u00edticas P\u00fablicas de la Universidad Estadual de Rio de Janeiro (UERJ).<\/p>\n<p>&nbsp;<\/p>\n","protected":false},"excerpt":{"rendered":"<p>por Emir Sader En la encuesta de Ibope para la\u00a0 Red Globo de esta semana, por primera vez Haddad supera a Bolsonaro en la segunda vuelta, con 43 por ciento en contra de 37 del candidato de la derecha. Se&hellip;<\/p>\n","protected":false},"author":1318,"featured_media":725331,"comment_status":"closed","ping_status":"closed","sticky":false,"template":"","format":"standard","meta":{"footnotes":""},"categories":[161,74,67],"tags":[50249,49880,28599,2975],"class_list":["post-725311","post","type-post","status-publish","format-standard","has-post-thumbnail","hentry","category-opiniones","category-politica-es","category-sudamerica","tag-elenao","tag-elecciones-brasil","tag-fernando-haddad","tag-lula-da-silva"],"yoast_head":"<!-- This site is optimized with the Yoast SEO plugin v27.1.1 - https:\/\/yoast.com\/product\/yoast-seo-wordpress\/ -->\n<title>Elecciones en Brasil: Haddad consolida su favoritismo<\/title>\n<meta name=\"description\" content=\"por Emir Sader En la encuesta de Ibope para la\u00a0 Red Globo de esta semana, por primera vez Haddad supera a Bolsonaro en la segunda vuelta, con 43 por\" \/>\n<meta name=\"robots\" content=\"index, follow, max-snippet:-1, max-image-preview:large, max-video-preview:-1\" \/>\n<link rel=\"canonical\" href=\"https:\/\/www.pressenza.com\/es\/2018\/09\/haddad-consolida-su-favoritismo\/\" \/>\n<meta property=\"og:locale\" content=\"es_ES\" \/>\n<meta property=\"og:type\" content=\"article\" \/>\n<meta property=\"og:title\" content=\"Elecciones en Brasil: Haddad consolida su favoritismo\" \/>\n<meta property=\"og:description\" content=\"por Emir Sader En la encuesta de Ibope para la\u00a0 Red Globo de esta semana, por primera vez Haddad supera a Bolsonaro en la segunda vuelta, con 43 por\" \/>\n<meta property=\"og:url\" content=\"https:\/\/www.pressenza.com\/es\/2018\/09\/haddad-consolida-su-favoritismo\/\" \/>\n<meta property=\"og:site_name\" content=\"Pressenza\" \/>\n<meta property=\"article:publisher\" content=\"https:\/\/www.facebook.com\/PressenzaItalia\" \/>\n<meta property=\"article:author\" content=\"https:\/\/www.facebook.com\/America.Latina.en.Movimiento\/\" \/>\n<meta property=\"article:published_time\" content=\"2018-09-26T22:02:11+00:00\" \/>\n<meta property=\"article:modified_time\" content=\"2018-09-26T22:03:39+00:00\" \/>\n<meta property=\"og:image\" content=\"https:\/\/www.pressenza.com\/wp-content\/uploads\/2018\/09\/fernando_haddad_pt.png\" \/>\n\t<meta property=\"og:image:width\" content=\"500\" \/>\n\t<meta property=\"og:image:height\" content=\"243\" \/>\n\t<meta property=\"og:image:type\" content=\"image\/png\" \/>\n<meta name=\"author\" content=\"ALAI\" \/>\n<meta name=\"twitter:card\" content=\"summary_large_image\" \/>\n<meta name=\"twitter:creator\" content=\"@ALAIinfo\" \/>\n<meta name=\"twitter:site\" content=\"@PressenzaIPA\" \/>\n<meta name=\"twitter:label1\" content=\"Escrito por\" \/>\n\t<meta name=\"twitter:data1\" content=\"ALAI\" \/>\n\t<meta name=\"twitter:label2\" content=\"Tiempo de lectura\" \/>\n\t<meta name=\"twitter:data2\" content=\"4 minutos\" \/>\n<script type=\"application\/ld+json\" class=\"yoast-schema-graph\">{\"@context\":\"https:\/\/schema.org\",\"@graph\":[{\"@type\":\"Article\",\"@id\":\"https:\/\/www.pressenza.com\/es\/2018\/09\/haddad-consolida-su-favoritismo\/#article\",\"isPartOf\":{\"@id\":\"https:\/\/www.pressenza.com\/es\/2018\/09\/haddad-consolida-su-favoritismo\/\"},\"author\":{\"name\":\"ALAI\",\"@id\":\"https:\/\/www.pressenza.com\/es\/#\/schema\/person\/a1395dba0b1a6de6c1b7fa778b3ca4af\"},\"headline\":\"Elecciones en Brasil: Haddad consolida su favoritismo\",\"datePublished\":\"2018-09-26T22:02:11+00:00\",\"dateModified\":\"2018-09-26T22:03:39+00:00\",\"mainEntityOfPage\":{\"@id\":\"https:\/\/www.pressenza.com\/es\/2018\/09\/haddad-consolida-su-favoritismo\/\"},\"wordCount\":844,\"publisher\":{\"@id\":\"https:\/\/www.pressenza.com\/es\/#organization\"},\"image\":{\"@id\":\"https:\/\/www.pressenza.com\/es\/2018\/09\/haddad-consolida-su-favoritismo\/#primaryimage\"},\"thumbnailUrl\":\"https:\/\/www.pressenza.com\/wp-content\/uploads\/2018\/09\/fernando_haddad_pt.png\",\"keywords\":[\"#EleNao\",\"Elecciones Brasil\",\"Fernando Haddad\",\"Lula Da Silva\"],\"articleSection\":[\"Opiniones\",\"Pol\u00edtica\",\"Sudam\u00e9rica\"],\"inLanguage\":\"es\"},{\"@type\":\"WebPage\",\"@id\":\"https:\/\/www.pressenza.com\/es\/2018\/09\/haddad-consolida-su-favoritismo\/\",\"url\":\"https:\/\/www.pressenza.com\/es\/2018\/09\/haddad-consolida-su-favoritismo\/\",\"name\":\"Elecciones en Brasil: Haddad consolida su favoritismo\",\"isPartOf\":{\"@id\":\"https:\/\/www.pressenza.com\/es\/#website\"},\"primaryImageOfPage\":{\"@id\":\"https:\/\/www.pressenza.com\/es\/2018\/09\/haddad-consolida-su-favoritismo\/#primaryimage\"},\"image\":{\"@id\":\"https:\/\/www.pressenza.com\/es\/2018\/09\/haddad-consolida-su-favoritismo\/#primaryimage\"},\"thumbnailUrl\":\"https:\/\/www.pressenza.com\/wp-content\/uploads\/2018\/09\/fernando_haddad_pt.png\",\"datePublished\":\"2018-09-26T22:02:11+00:00\",\"dateModified\":\"2018-09-26T22:03:39+00:00\",\"description\":\"por Emir Sader En la encuesta de Ibope para la\u00a0 Red Globo de esta semana, por primera vez Haddad supera a Bolsonaro en la segunda vuelta, con 43 por\",\"breadcrumb\":{\"@id\":\"https:\/\/www.pressenza.com\/es\/2018\/09\/haddad-consolida-su-favoritismo\/#breadcrumb\"},\"inLanguage\":\"es\",\"potentialAction\":[{\"@type\":\"ReadAction\",\"target\":[\"https:\/\/www.pressenza.com\/es\/2018\/09\/haddad-consolida-su-favoritismo\/\"]}]},{\"@type\":\"ImageObject\",\"inLanguage\":\"es\",\"@id\":\"https:\/\/www.pressenza.com\/es\/2018\/09\/haddad-consolida-su-favoritismo\/#primaryimage\",\"url\":\"https:\/\/www.pressenza.com\/wp-content\/uploads\/2018\/09\/fernando_haddad_pt.png\",\"contentUrl\":\"https:\/\/www.pressenza.com\/wp-content\/uploads\/2018\/09\/fernando_haddad_pt.png\",\"width\":500,\"height\":243},{\"@type\":\"BreadcrumbList\",\"@id\":\"https:\/\/www.pressenza.com\/es\/2018\/09\/haddad-consolida-su-favoritismo\/#breadcrumb\",\"itemListElement\":[{\"@type\":\"ListItem\",\"position\":1,\"name\":\"Accueil\",\"item\":\"https:\/\/www.pressenza.com\/es\/\"},{\"@type\":\"ListItem\",\"position\":2,\"name\":\"Elecciones en Brasil: Haddad consolida su favoritismo\"}]},{\"@type\":\"WebSite\",\"@id\":\"https:\/\/www.pressenza.com\/es\/#website\",\"url\":\"https:\/\/www.pressenza.com\/es\/\",\"name\":\"Pressenza\",\"description\":\"International Press Agency\",\"publisher\":{\"@id\":\"https:\/\/www.pressenza.com\/es\/#organization\"},\"potentialAction\":[{\"@type\":\"SearchAction\",\"target\":{\"@type\":\"EntryPoint\",\"urlTemplate\":\"https:\/\/www.pressenza.com\/es\/?s={search_term_string}\"},\"query-input\":{\"@type\":\"PropertyValueSpecification\",\"valueRequired\":true,\"valueName\":\"search_term_string\"}}],\"inLanguage\":\"es\"},{\"@type\":\"Organization\",\"@id\":\"https:\/\/www.pressenza.com\/es\/#organization\",\"name\":\"Pressenza\",\"url\":\"https:\/\/www.pressenza.com\/es\/\",\"logo\":{\"@type\":\"ImageObject\",\"inLanguage\":\"es\",\"@id\":\"https:\/\/www.pressenza.com\/es\/#\/schema\/logo\/image\/\",\"url\":\"https:\/\/www.pressenza.com\/wp-content\/uploads\/2022\/10\/pressenza_logo_200x200.jpg\",\"contentUrl\":\"https:\/\/www.pressenza.com\/wp-content\/uploads\/2022\/10\/pressenza_logo_200x200.jpg\",\"width\":200,\"height\":200,\"caption\":\"Pressenza\"},\"image\":{\"@id\":\"https:\/\/www.pressenza.com\/es\/#\/schema\/logo\/image\/\"},\"sameAs\":[\"https:\/\/www.facebook.com\/PressenzaItalia\",\"https:\/\/x.com\/PressenzaIPA\"]},{\"@type\":\"Person\",\"@id\":\"https:\/\/www.pressenza.com\/es\/#\/schema\/person\/a1395dba0b1a6de6c1b7fa778b3ca4af\",\"name\":\"ALAI\",\"description\":\"The Latin-American Information Agency (ALAI in it's Spanish initials) is an international communication organ committed to the full achievement of human rights, gender equality and citizen participation in the development of Latin-America. www.alainet.org\",\"sameAs\":[\"http:\/\/www.alainet.org\",\"https:\/\/www.facebook.com\/America.Latina.en.Movimiento\/\",\"https:\/\/x.com\/ALAIinfo\"],\"url\":\"https:\/\/www.pressenza.com\/es\/author\/alai\/\"}]}<\/script>\n<!-- \/ Yoast SEO plugin. -->","yoast_head_json":{"title":"Elecciones en Brasil: Haddad consolida su favoritismo","description":"por Emir Sader En la encuesta de Ibope para la\u00a0 Red Globo de esta semana, por primera vez Haddad supera a Bolsonaro en la segunda vuelta, con 43 por","robots":{"index":"index","follow":"follow","max-snippet":"max-snippet:-1","max-image-preview":"max-image-preview:large","max-video-preview":"max-video-preview:-1"},"canonical":"https:\/\/www.pressenza.com\/es\/2018\/09\/haddad-consolida-su-favoritismo\/","og_locale":"es_ES","og_type":"article","og_title":"Elecciones en Brasil: Haddad consolida su favoritismo","og_description":"por Emir Sader En la encuesta de Ibope para la\u00a0 Red Globo de esta semana, por primera vez Haddad supera a Bolsonaro en la segunda vuelta, con 43 por","og_url":"https:\/\/www.pressenza.com\/es\/2018\/09\/haddad-consolida-su-favoritismo\/","og_site_name":"Pressenza","article_publisher":"https:\/\/www.facebook.com\/PressenzaItalia","article_author":"https:\/\/www.facebook.com\/America.Latina.en.Movimiento\/","article_published_time":"2018-09-26T22:02:11+00:00","article_modified_time":"2018-09-26T22:03:39+00:00","og_image":[{"width":500,"height":243,"url":"https:\/\/www.pressenza.com\/wp-content\/uploads\/2018\/09\/fernando_haddad_pt.png","type":"image\/png"}],"author":"ALAI","twitter_card":"summary_large_image","twitter_creator":"@ALAIinfo","twitter_site":"@PressenzaIPA","twitter_misc":{"Escrito por":"ALAI","Tiempo de lectura":"4 minutos"},"schema":{"@context":"https:\/\/schema.org","@graph":[{"@type":"Article","@id":"https:\/\/www.pressenza.com\/es\/2018\/09\/haddad-consolida-su-favoritismo\/#article","isPartOf":{"@id":"https:\/\/www.pressenza.com\/es\/2018\/09\/haddad-consolida-su-favoritismo\/"},"author":{"name":"ALAI","@id":"https:\/\/www.pressenza.com\/es\/#\/schema\/person\/a1395dba0b1a6de6c1b7fa778b3ca4af"},"headline":"Elecciones en Brasil: Haddad consolida su favoritismo","datePublished":"2018-09-26T22:02:11+00:00","dateModified":"2018-09-26T22:03:39+00:00","mainEntityOfPage":{"@id":"https:\/\/www.pressenza.com\/es\/2018\/09\/haddad-consolida-su-favoritismo\/"},"wordCount":844,"publisher":{"@id":"https:\/\/www.pressenza.com\/es\/#organization"},"image":{"@id":"https:\/\/www.pressenza.com\/es\/2018\/09\/haddad-consolida-su-favoritismo\/#primaryimage"},"thumbnailUrl":"https:\/\/www.pressenza.com\/wp-content\/uploads\/2018\/09\/fernando_haddad_pt.png","keywords":["#EleNao","Elecciones Brasil","Fernando Haddad","Lula Da Silva"],"articleSection":["Opiniones","Pol\u00edtica","Sudam\u00e9rica"],"inLanguage":"es"},{"@type":"WebPage","@id":"https:\/\/www.pressenza.com\/es\/2018\/09\/haddad-consolida-su-favoritismo\/","url":"https:\/\/www.pressenza.com\/es\/2018\/09\/haddad-consolida-su-favoritismo\/","name":"Elecciones en Brasil: Haddad consolida su favoritismo","isPartOf":{"@id":"https:\/\/www.pressenza.com\/es\/#website"},"primaryImageOfPage":{"@id":"https:\/\/www.pressenza.com\/es\/2018\/09\/haddad-consolida-su-favoritismo\/#primaryimage"},"image":{"@id":"https:\/\/www.pressenza.com\/es\/2018\/09\/haddad-consolida-su-favoritismo\/#primaryimage"},"thumbnailUrl":"https:\/\/www.pressenza.com\/wp-content\/uploads\/2018\/09\/fernando_haddad_pt.png","datePublished":"2018-09-26T22:02:11+00:00","dateModified":"2018-09-26T22:03:39+00:00","description":"por Emir Sader En la encuesta de Ibope para la\u00a0 Red Globo de esta semana, por primera vez Haddad supera a Bolsonaro en la segunda vuelta, con 43 por","breadcrumb":{"@id":"https:\/\/www.pressenza.com\/es\/2018\/09\/haddad-consolida-su-favoritismo\/#breadcrumb"},"inLanguage":"es","potentialAction":[{"@type":"ReadAction","target":["https:\/\/www.pressenza.com\/es\/2018\/09\/haddad-consolida-su-favoritismo\/"]}]},{"@type":"ImageObject","inLanguage":"es","@id":"https:\/\/www.pressenza.com\/es\/2018\/09\/haddad-consolida-su-favoritismo\/#primaryimage","url":"https:\/\/www.pressenza.com\/wp-content\/uploads\/2018\/09\/fernando_haddad_pt.png","contentUrl":"https:\/\/www.pressenza.com\/wp-content\/uploads\/2018\/09\/fernando_haddad_pt.png","width":500,"height":243},{"@type":"BreadcrumbList","@id":"https:\/\/www.pressenza.com\/es\/2018\/09\/haddad-consolida-su-favoritismo\/#breadcrumb","itemListElement":[{"@type":"ListItem","position":1,"name":"Accueil","item":"https:\/\/www.pressenza.com\/es\/"},{"@type":"ListItem","position":2,"name":"Elecciones en Brasil: Haddad consolida su favoritismo"}]},{"@type":"WebSite","@id":"https:\/\/www.pressenza.com\/es\/#website","url":"https:\/\/www.pressenza.com\/es\/","name":"Pressenza","description":"International Press Agency","publisher":{"@id":"https:\/\/www.pressenza.com\/es\/#organization"},"potentialAction":[{"@type":"SearchAction","target":{"@type":"EntryPoint","urlTemplate":"https:\/\/www.pressenza.com\/es\/?s={search_term_string}"},"query-input":{"@type":"PropertyValueSpecification","valueRequired":true,"valueName":"search_term_string"}}],"inLanguage":"es"},{"@type":"Organization","@id":"https:\/\/www.pressenza.com\/es\/#organization","name":"Pressenza","url":"https:\/\/www.pressenza.com\/es\/","logo":{"@type":"ImageObject","inLanguage":"es","@id":"https:\/\/www.pressenza.com\/es\/#\/schema\/logo\/image\/","url":"https:\/\/www.pressenza.com\/wp-content\/uploads\/2022\/10\/pressenza_logo_200x200.jpg","contentUrl":"https:\/\/www.pressenza.com\/wp-content\/uploads\/2022\/10\/pressenza_logo_200x200.jpg","width":200,"height":200,"caption":"Pressenza"},"image":{"@id":"https:\/\/www.pressenza.com\/es\/#\/schema\/logo\/image\/"},"sameAs":["https:\/\/www.facebook.com\/PressenzaItalia","https:\/\/x.com\/PressenzaIPA"]},{"@type":"Person","@id":"https:\/\/www.pressenza.com\/es\/#\/schema\/person\/a1395dba0b1a6de6c1b7fa778b3ca4af","name":"ALAI","description":"The Latin-American Information Agency (ALAI in it's Spanish initials) is an international communication organ committed to the full achievement of human rights, gender equality and citizen participation in the development of Latin-America. www.alainet.org","sameAs":["http:\/\/www.alainet.org","https:\/\/www.facebook.com\/America.Latina.en.Movimiento\/","https:\/\/x.com\/ALAIinfo"],"url":"https:\/\/www.pressenza.com\/es\/author\/alai\/"}]}},"place":"Brasil","original_article_url":"https:\/\/www.alainet.org\/es\/articulo\/195535","_links":{"self":[{"href":"https:\/\/www.pressenza.com\/es\/wp-json\/wp\/v2\/posts\/725311","targetHints":{"allow":["GET"]}}],"collection":[{"href":"https:\/\/www.pressenza.com\/es\/wp-json\/wp\/v2\/posts"}],"about":[{"href":"https:\/\/www.pressenza.com\/es\/wp-json\/wp\/v2\/types\/post"}],"author":[{"embeddable":true,"href":"https:\/\/www.pressenza.com\/es\/wp-json\/wp\/v2\/users\/1318"}],"replies":[{"embeddable":true,"href":"https:\/\/www.pressenza.com\/es\/wp-json\/wp\/v2\/comments?post=725311"}],"version-history":[{"count":0,"href":"https:\/\/www.pressenza.com\/es\/wp-json\/wp\/v2\/posts\/725311\/revisions"}],"wp:featuredmedia":[{"embeddable":true,"href":"https:\/\/www.pressenza.com\/es\/wp-json\/wp\/v2\/media\/725331"}],"wp:attachment":[{"href":"https:\/\/www.pressenza.com\/es\/wp-json\/wp\/v2\/media?parent=725311"}],"wp:term":[{"taxonomy":"category","embeddable":true,"href":"https:\/\/www.pressenza.com\/es\/wp-json\/wp\/v2\/categories?post=725311"},{"taxonomy":"post_tag","embeddable":true,"href":"https:\/\/www.pressenza.com\/es\/wp-json\/wp\/v2\/tags?post=725311"}],"curies":[{"name":"wp","href":"https:\/\/api.w.org\/{rel}","templated":true}]}}