{"id":724283,"date":"2018-09-24T21:32:51","date_gmt":"2018-09-24T20:32:51","guid":{"rendered":"https:\/\/www.pressenza.com\/?p=724283"},"modified":"2018-09-24T21:32:51","modified_gmt":"2018-09-24T20:32:51","slug":"obra-acustica-de-andreas-bodenhofer-sobre-pueblo-selknam-llega-al-museo-de-la-memoria","status":"publish","type":"post","link":"https:\/\/www.pressenza.com\/es\/2018\/09\/obra-acustica-de-andreas-bodenhofer-sobre-pueblo-selknam-llega-al-museo-de-la-memoria\/","title":{"rendered":"Obra ac\u00fastica de Andreas Bodenh\u00f6fer sobre pueblo Selk\u2019nam llega al Museo de la Memoria"},"content":{"rendered":"<p><em>Al final del Mundo<\/em>\u2026, los Selk\u2019nam es una obra ac\u00fastica del artista Andreas Bodenh\u00f6fer que aborda\u00a0 diferentes ritos y aspectos hist\u00f3ricos\u00a0 del pueblo Selk\u2019nam, en especial de una de las \u00faltimas sobrevivientes, Lola Kiepja, cuyos cantos fueron grabados por la antrop\u00f3loga Anne Chapman en 1966. La exhibici\u00f3n podr\u00e1 ser visitada en el Museo de la Memoria y los Derechos Humanos (Matucana 501) desde este martes 25 de septiembre hasta el 25 de octubre.<\/p>\n<p>Esta experiencia, que viene acompa\u00f1ada de im\u00e1genes del vide\u00edsta Alexis Moreno Burgos, busca crear una ilusi\u00f3n apasionante del paisaje sonoro de la \u00e9poca del paleol\u00edtico, puesto que los cantos de Lola Kiepja suenan muy parecidos a como sonaban hace ocho o diez mil a\u00f1os atr\u00e1s, tambi\u00e9n porque las sonoridades de la naturaleza sobre la Isla Grande de Tierra del Fuego rescatan el sonido de los bosques, lagos, vientos, p\u00e1jaros, ballenas o el mar, por nombrar algunos de los elementos que constituyen la obra ac\u00fastica de Bodenh\u00f6fer.<\/p>\n<p><em>Al Final del Mundo<\/em>\u2026, los Selk\u2019nam se presenta como un \u201ccuento sonoro\u201d que parte de hechos reales que ya no existen, como los ritos para mejorar el tiempo, y que son transformados en un relato sonoro subjetivo. En palabras del artista, \u201ces como musicalizar un poema: una vez hecha la canci\u00f3n, el\u00a0 poema ya no es el mismo, a pesar de que el texto no ha variado\u201d.<\/p>\n<p>Son tres los elementos centrales de la obra: la amistad de Lola Kiepja con la antrop\u00f3loga Anne Chapman; el mundo cham\u00e1nico, como los ritos de iniciaci\u00f3n de los selk\u2019nam; y la fatal llegada de los blancos a Tierra del Fuego.<\/p>\n<p><em>Al Final del Mundo<\/em>\u2026, los Selk\u2019nam\u00a0 fue un\u00a0 encargo del departamento\u00a0 de Arte Ac\u00fastico de la Radio WDR de Colonia, Alemania, en el 2009, y en esta nueva versi\u00f3n, para su reestreno en el Museo de la Memoria, las voces volvieron a ser grabadas, esta vez en espa\u00f1ol, y la obra re-mezclada y re-masterizada.<\/p>\n<p>Esta exhibici\u00f3n llega al museo en el marco de Memorias Ind\u00edgenas, eje tem\u00e1tico que la instituci\u00f3n relev\u00f3 este 2018 con el objeto visibilizar las violaciones a los derechos humanos cometidas por el Estado de Chile contra los pueblos ind\u00edgenas durante la dictadura militar, as\u00ed como hechos previos y posteriores a dicho per\u00edodo que han significado un especial impacto para estos pueblos.<\/p>\n<p>La exhibici\u00f3n podr\u00e1 ser visitada hasta el 28 de octubre, de martes a domingo entre las 10:00 y las 18:00 horas en la Sala Audiovisual del Museo de la Memoria y los Derechos Humanos (Matucana 501).<\/p>\n","protected":false},"excerpt":{"rendered":"<p>Al final del Mundo\u2026, los Selk\u2019nam es una obra ac\u00fastica del artista Andreas Bodenh\u00f6fer que aborda\u00a0 diferentes ritos y aspectos hist\u00f3ricos\u00a0 del pueblo Selk\u2019nam, en especial de una de las \u00faltimas sobrevivientes, Lola Kiepja, cuyos cantos fueron grabados por la&hellip;<\/p>\n","protected":false},"author":43,"featured_media":724293,"comment_status":"closed","ping_status":"closed","sticky":false,"template":"","format":"standard","meta":{"footnotes":""},"categories":[149,75,80,67],"tags":[50172,36472,21286],"class_list":["post-724283","post","type-post","status-publish","format-standard","has-post-thumbnail","hentry","category-comunicados-de-prensa","category-cultura-es","category-pueblos-originarios","category-sudamerica","tag-andreas-bodenhofer","tag-museo-de-la-memoria-y-los-derechos-humanos","tag-selknam"],"yoast_head":"<!-- This site is optimized with the Yoast SEO plugin v27.1.1 - https:\/\/yoast.com\/product\/yoast-seo-wordpress\/ -->\n<title>Obra ac\u00fastica de Andreas Bodenh\u00f6fer sobre pueblo Selk\u2019nam llega al Museo de la Memoria<\/title>\n<meta name=\"description\" content=\"Al final del Mundo\u2026, los Selk\u2019nam es una obra ac\u00fastica del artista Andreas Bodenh\u00f6fer que aborda\u00a0 diferentes ritos y aspectos hist\u00f3ricos\u00a0 del pueblo\" \/>\n<meta name=\"robots\" content=\"index, follow, max-snippet:-1, max-image-preview:large, max-video-preview:-1\" \/>\n<link rel=\"canonical\" href=\"https:\/\/www.pressenza.com\/es\/2018\/09\/obra-acustica-de-andreas-bodenhofer-sobre-pueblo-selknam-llega-al-museo-de-la-memoria\/\" \/>\n<meta property=\"og:locale\" content=\"es_ES\" \/>\n<meta property=\"og:type\" content=\"article\" \/>\n<meta property=\"og:title\" content=\"Obra ac\u00fastica de Andreas Bodenh\u00f6fer sobre pueblo Selk\u2019nam llega al Museo de la Memoria\" \/>\n<meta property=\"og:description\" content=\"Al final del Mundo\u2026, los Selk\u2019nam es una obra ac\u00fastica del artista Andreas Bodenh\u00f6fer que aborda\u00a0 diferentes ritos y aspectos hist\u00f3ricos\u00a0 del pueblo\" \/>\n<meta property=\"og:url\" content=\"https:\/\/www.pressenza.com\/es\/2018\/09\/obra-acustica-de-andreas-bodenhofer-sobre-pueblo-selknam-llega-al-museo-de-la-memoria\/\" \/>\n<meta property=\"og:site_name\" content=\"Pressenza\" \/>\n<meta property=\"article:publisher\" content=\"https:\/\/www.facebook.com\/PressenzaItalia\" \/>\n<meta property=\"article:author\" content=\"https:\/\/www.facebook.com\/pressenza\" \/>\n<meta property=\"article:published_time\" content=\"2018-09-24T20:32:51+00:00\" \/>\n<meta property=\"og:image\" content=\"https:\/\/www.pressenza.com\/wp-content\/uploads\/2018\/09\/image006.jpg\" \/>\n\t<meta property=\"og:image:width\" content=\"661\" \/>\n\t<meta property=\"og:image:height\" content=\"496\" \/>\n\t<meta property=\"og:image:type\" content=\"image\/jpeg\" \/>\n<meta name=\"author\" content=\"Redacci\u00f3n Chile\" \/>\n<meta name=\"twitter:card\" content=\"summary_large_image\" \/>\n<meta name=\"twitter:creator\" content=\"@pressenza\" \/>\n<meta name=\"twitter:site\" content=\"@PressenzaIPA\" \/>\n<meta name=\"twitter:label1\" content=\"Escrito por\" \/>\n\t<meta name=\"twitter:data1\" content=\"Redacci\u00f3n Chile\" \/>\n\t<meta name=\"twitter:label2\" content=\"Tiempo de lectura\" \/>\n\t<meta name=\"twitter:data2\" content=\"2 minutos\" \/>\n<script type=\"application\/ld+json\" class=\"yoast-schema-graph\">{\"@context\":\"https:\/\/schema.org\",\"@graph\":[{\"@type\":\"Article\",\"@id\":\"https:\/\/www.pressenza.com\/es\/2018\/09\/obra-acustica-de-andreas-bodenhofer-sobre-pueblo-selknam-llega-al-museo-de-la-memoria\/#article\",\"isPartOf\":{\"@id\":\"https:\/\/www.pressenza.com\/es\/2018\/09\/obra-acustica-de-andreas-bodenhofer-sobre-pueblo-selknam-llega-al-museo-de-la-memoria\/\"},\"author\":{\"name\":\"Redacci\u00f3n Chile\",\"@id\":\"https:\/\/www.pressenza.com\/es\/#\/schema\/person\/d7db40df35d6698ba69ba9ee260944ed\"},\"headline\":\"Obra ac\u00fastica de Andreas Bodenh\u00f6fer sobre pueblo Selk\u2019nam llega al Museo de la Memoria\",\"datePublished\":\"2018-09-24T20:32:51+00:00\",\"mainEntityOfPage\":{\"@id\":\"https:\/\/www.pressenza.com\/es\/2018\/09\/obra-acustica-de-andreas-bodenhofer-sobre-pueblo-selknam-llega-al-museo-de-la-memoria\/\"},\"wordCount\":459,\"publisher\":{\"@id\":\"https:\/\/www.pressenza.com\/es\/#organization\"},\"image\":{\"@id\":\"https:\/\/www.pressenza.com\/es\/2018\/09\/obra-acustica-de-andreas-bodenhofer-sobre-pueblo-selknam-llega-al-museo-de-la-memoria\/#primaryimage\"},\"thumbnailUrl\":\"https:\/\/www.pressenza.com\/wp-content\/uploads\/2018\/09\/image006.jpg\",\"keywords\":[\"Andreas Bodenh\u00f6fer\",\"Museo de la Memoria y los Derechos Humanos\",\"Selk\u2019nam\"],\"articleSection\":[\"Comunicados de Prensa\",\"Cultura y Medios\",\"Pueblos Originarios\",\"Sudam\u00e9rica\"],\"inLanguage\":\"es\"},{\"@type\":\"WebPage\",\"@id\":\"https:\/\/www.pressenza.com\/es\/2018\/09\/obra-acustica-de-andreas-bodenhofer-sobre-pueblo-selknam-llega-al-museo-de-la-memoria\/\",\"url\":\"https:\/\/www.pressenza.com\/es\/2018\/09\/obra-acustica-de-andreas-bodenhofer-sobre-pueblo-selknam-llega-al-museo-de-la-memoria\/\",\"name\":\"Obra ac\u00fastica de Andreas Bodenh\u00f6fer sobre pueblo Selk\u2019nam llega al Museo de la Memoria\",\"isPartOf\":{\"@id\":\"https:\/\/www.pressenza.com\/es\/#website\"},\"primaryImageOfPage\":{\"@id\":\"https:\/\/www.pressenza.com\/es\/2018\/09\/obra-acustica-de-andreas-bodenhofer-sobre-pueblo-selknam-llega-al-museo-de-la-memoria\/#primaryimage\"},\"image\":{\"@id\":\"https:\/\/www.pressenza.com\/es\/2018\/09\/obra-acustica-de-andreas-bodenhofer-sobre-pueblo-selknam-llega-al-museo-de-la-memoria\/#primaryimage\"},\"thumbnailUrl\":\"https:\/\/www.pressenza.com\/wp-content\/uploads\/2018\/09\/image006.jpg\",\"datePublished\":\"2018-09-24T20:32:51+00:00\",\"description\":\"Al final del Mundo\u2026, los Selk\u2019nam es una obra ac\u00fastica del artista Andreas Bodenh\u00f6fer que aborda\u00a0 diferentes ritos y aspectos hist\u00f3ricos\u00a0 del pueblo\",\"breadcrumb\":{\"@id\":\"https:\/\/www.pressenza.com\/es\/2018\/09\/obra-acustica-de-andreas-bodenhofer-sobre-pueblo-selknam-llega-al-museo-de-la-memoria\/#breadcrumb\"},\"inLanguage\":\"es\",\"potentialAction\":[{\"@type\":\"ReadAction\",\"target\":[\"https:\/\/www.pressenza.com\/es\/2018\/09\/obra-acustica-de-andreas-bodenhofer-sobre-pueblo-selknam-llega-al-museo-de-la-memoria\/\"]}]},{\"@type\":\"ImageObject\",\"inLanguage\":\"es\",\"@id\":\"https:\/\/www.pressenza.com\/es\/2018\/09\/obra-acustica-de-andreas-bodenhofer-sobre-pueblo-selknam-llega-al-museo-de-la-memoria\/#primaryimage\",\"url\":\"https:\/\/www.pressenza.com\/wp-content\/uploads\/2018\/09\/image006.jpg\",\"contentUrl\":\"https:\/\/www.pressenza.com\/wp-content\/uploads\/2018\/09\/image006.jpg\",\"width\":661,\"height\":496},{\"@type\":\"BreadcrumbList\",\"@id\":\"https:\/\/www.pressenza.com\/es\/2018\/09\/obra-acustica-de-andreas-bodenhofer-sobre-pueblo-selknam-llega-al-museo-de-la-memoria\/#breadcrumb\",\"itemListElement\":[{\"@type\":\"ListItem\",\"position\":1,\"name\":\"Accueil\",\"item\":\"https:\/\/www.pressenza.com\/es\/\"},{\"@type\":\"ListItem\",\"position\":2,\"name\":\"Obra ac\u00fastica de Andreas Bodenh\u00f6fer sobre pueblo Selk\u2019nam llega al Museo de la Memoria\"}]},{\"@type\":\"WebSite\",\"@id\":\"https:\/\/www.pressenza.com\/es\/#website\",\"url\":\"https:\/\/www.pressenza.com\/es\/\",\"name\":\"Pressenza\",\"description\":\"International Press Agency\",\"publisher\":{\"@id\":\"https:\/\/www.pressenza.com\/es\/#organization\"},\"potentialAction\":[{\"@type\":\"SearchAction\",\"target\":{\"@type\":\"EntryPoint\",\"urlTemplate\":\"https:\/\/www.pressenza.com\/es\/?s={search_term_string}\"},\"query-input\":{\"@type\":\"PropertyValueSpecification\",\"valueRequired\":true,\"valueName\":\"search_term_string\"}}],\"inLanguage\":\"es\"},{\"@type\":\"Organization\",\"@id\":\"https:\/\/www.pressenza.com\/es\/#organization\",\"name\":\"Pressenza\",\"url\":\"https:\/\/www.pressenza.com\/es\/\",\"logo\":{\"@type\":\"ImageObject\",\"inLanguage\":\"es\",\"@id\":\"https:\/\/www.pressenza.com\/es\/#\/schema\/logo\/image\/\",\"url\":\"https:\/\/www.pressenza.com\/wp-content\/uploads\/2022\/10\/pressenza_logo_200x200.jpg\",\"contentUrl\":\"https:\/\/www.pressenza.com\/wp-content\/uploads\/2022\/10\/pressenza_logo_200x200.jpg\",\"width\":200,\"height\":200,\"caption\":\"Pressenza\"},\"image\":{\"@id\":\"https:\/\/www.pressenza.com\/es\/#\/schema\/logo\/image\/\"},\"sameAs\":[\"https:\/\/www.facebook.com\/PressenzaItalia\",\"https:\/\/x.com\/PressenzaIPA\"]},{\"@type\":\"Person\",\"@id\":\"https:\/\/www.pressenza.com\/es\/#\/schema\/person\/d7db40df35d6698ba69ba9ee260944ed\",\"name\":\"Redacci\u00f3n Chile\",\"description\":\"News from the Pressenza Bureau in Chile\",\"sameAs\":[\"https:\/\/www.facebook.com\/pressenza\",\"https:\/\/x.com\/pressenza\"],\"url\":\"https:\/\/www.pressenza.com\/es\/author\/redaccion-chile\/\"}]}<\/script>\n<!-- \/ Yoast SEO plugin. -->","yoast_head_json":{"title":"Obra ac\u00fastica de Andreas Bodenh\u00f6fer sobre pueblo Selk\u2019nam llega al Museo de la Memoria","description":"Al final del Mundo\u2026, los Selk\u2019nam es una obra ac\u00fastica del artista Andreas Bodenh\u00f6fer que aborda\u00a0 diferentes ritos y aspectos hist\u00f3ricos\u00a0 del pueblo","robots":{"index":"index","follow":"follow","max-snippet":"max-snippet:-1","max-image-preview":"max-image-preview:large","max-video-preview":"max-video-preview:-1"},"canonical":"https:\/\/www.pressenza.com\/es\/2018\/09\/obra-acustica-de-andreas-bodenhofer-sobre-pueblo-selknam-llega-al-museo-de-la-memoria\/","og_locale":"es_ES","og_type":"article","og_title":"Obra ac\u00fastica de Andreas Bodenh\u00f6fer sobre pueblo Selk\u2019nam llega al Museo de la Memoria","og_description":"Al final del Mundo\u2026, los Selk\u2019nam es una obra ac\u00fastica del artista Andreas Bodenh\u00f6fer que aborda\u00a0 diferentes ritos y aspectos hist\u00f3ricos\u00a0 del pueblo","og_url":"https:\/\/www.pressenza.com\/es\/2018\/09\/obra-acustica-de-andreas-bodenhofer-sobre-pueblo-selknam-llega-al-museo-de-la-memoria\/","og_site_name":"Pressenza","article_publisher":"https:\/\/www.facebook.com\/PressenzaItalia","article_author":"https:\/\/www.facebook.com\/pressenza","article_published_time":"2018-09-24T20:32:51+00:00","og_image":[{"width":661,"height":496,"url":"https:\/\/www.pressenza.com\/wp-content\/uploads\/2018\/09\/image006.jpg","type":"image\/jpeg"}],"author":"Redacci\u00f3n Chile","twitter_card":"summary_large_image","twitter_creator":"@pressenza","twitter_site":"@PressenzaIPA","twitter_misc":{"Escrito por":"Redacci\u00f3n Chile","Tiempo de lectura":"2 minutos"},"schema":{"@context":"https:\/\/schema.org","@graph":[{"@type":"Article","@id":"https:\/\/www.pressenza.com\/es\/2018\/09\/obra-acustica-de-andreas-bodenhofer-sobre-pueblo-selknam-llega-al-museo-de-la-memoria\/#article","isPartOf":{"@id":"https:\/\/www.pressenza.com\/es\/2018\/09\/obra-acustica-de-andreas-bodenhofer-sobre-pueblo-selknam-llega-al-museo-de-la-memoria\/"},"author":{"name":"Redacci\u00f3n Chile","@id":"https:\/\/www.pressenza.com\/es\/#\/schema\/person\/d7db40df35d6698ba69ba9ee260944ed"},"headline":"Obra ac\u00fastica de Andreas Bodenh\u00f6fer sobre pueblo Selk\u2019nam llega al Museo de la Memoria","datePublished":"2018-09-24T20:32:51+00:00","mainEntityOfPage":{"@id":"https:\/\/www.pressenza.com\/es\/2018\/09\/obra-acustica-de-andreas-bodenhofer-sobre-pueblo-selknam-llega-al-museo-de-la-memoria\/"},"wordCount":459,"publisher":{"@id":"https:\/\/www.pressenza.com\/es\/#organization"},"image":{"@id":"https:\/\/www.pressenza.com\/es\/2018\/09\/obra-acustica-de-andreas-bodenhofer-sobre-pueblo-selknam-llega-al-museo-de-la-memoria\/#primaryimage"},"thumbnailUrl":"https:\/\/www.pressenza.com\/wp-content\/uploads\/2018\/09\/image006.jpg","keywords":["Andreas Bodenh\u00f6fer","Museo de la Memoria y los Derechos Humanos","Selk\u2019nam"],"articleSection":["Comunicados de Prensa","Cultura y Medios","Pueblos Originarios","Sudam\u00e9rica"],"inLanguage":"es"},{"@type":"WebPage","@id":"https:\/\/www.pressenza.com\/es\/2018\/09\/obra-acustica-de-andreas-bodenhofer-sobre-pueblo-selknam-llega-al-museo-de-la-memoria\/","url":"https:\/\/www.pressenza.com\/es\/2018\/09\/obra-acustica-de-andreas-bodenhofer-sobre-pueblo-selknam-llega-al-museo-de-la-memoria\/","name":"Obra ac\u00fastica de Andreas Bodenh\u00f6fer sobre pueblo Selk\u2019nam llega al Museo de la Memoria","isPartOf":{"@id":"https:\/\/www.pressenza.com\/es\/#website"},"primaryImageOfPage":{"@id":"https:\/\/www.pressenza.com\/es\/2018\/09\/obra-acustica-de-andreas-bodenhofer-sobre-pueblo-selknam-llega-al-museo-de-la-memoria\/#primaryimage"},"image":{"@id":"https:\/\/www.pressenza.com\/es\/2018\/09\/obra-acustica-de-andreas-bodenhofer-sobre-pueblo-selknam-llega-al-museo-de-la-memoria\/#primaryimage"},"thumbnailUrl":"https:\/\/www.pressenza.com\/wp-content\/uploads\/2018\/09\/image006.jpg","datePublished":"2018-09-24T20:32:51+00:00","description":"Al final del Mundo\u2026, los Selk\u2019nam es una obra ac\u00fastica del artista Andreas Bodenh\u00f6fer que aborda\u00a0 diferentes ritos y aspectos hist\u00f3ricos\u00a0 del pueblo","breadcrumb":{"@id":"https:\/\/www.pressenza.com\/es\/2018\/09\/obra-acustica-de-andreas-bodenhofer-sobre-pueblo-selknam-llega-al-museo-de-la-memoria\/#breadcrumb"},"inLanguage":"es","potentialAction":[{"@type":"ReadAction","target":["https:\/\/www.pressenza.com\/es\/2018\/09\/obra-acustica-de-andreas-bodenhofer-sobre-pueblo-selknam-llega-al-museo-de-la-memoria\/"]}]},{"@type":"ImageObject","inLanguage":"es","@id":"https:\/\/www.pressenza.com\/es\/2018\/09\/obra-acustica-de-andreas-bodenhofer-sobre-pueblo-selknam-llega-al-museo-de-la-memoria\/#primaryimage","url":"https:\/\/www.pressenza.com\/wp-content\/uploads\/2018\/09\/image006.jpg","contentUrl":"https:\/\/www.pressenza.com\/wp-content\/uploads\/2018\/09\/image006.jpg","width":661,"height":496},{"@type":"BreadcrumbList","@id":"https:\/\/www.pressenza.com\/es\/2018\/09\/obra-acustica-de-andreas-bodenhofer-sobre-pueblo-selknam-llega-al-museo-de-la-memoria\/#breadcrumb","itemListElement":[{"@type":"ListItem","position":1,"name":"Accueil","item":"https:\/\/www.pressenza.com\/es\/"},{"@type":"ListItem","position":2,"name":"Obra ac\u00fastica de Andreas Bodenh\u00f6fer sobre pueblo Selk\u2019nam llega al Museo de la Memoria"}]},{"@type":"WebSite","@id":"https:\/\/www.pressenza.com\/es\/#website","url":"https:\/\/www.pressenza.com\/es\/","name":"Pressenza","description":"International Press Agency","publisher":{"@id":"https:\/\/www.pressenza.com\/es\/#organization"},"potentialAction":[{"@type":"SearchAction","target":{"@type":"EntryPoint","urlTemplate":"https:\/\/www.pressenza.com\/es\/?s={search_term_string}"},"query-input":{"@type":"PropertyValueSpecification","valueRequired":true,"valueName":"search_term_string"}}],"inLanguage":"es"},{"@type":"Organization","@id":"https:\/\/www.pressenza.com\/es\/#organization","name":"Pressenza","url":"https:\/\/www.pressenza.com\/es\/","logo":{"@type":"ImageObject","inLanguage":"es","@id":"https:\/\/www.pressenza.com\/es\/#\/schema\/logo\/image\/","url":"https:\/\/www.pressenza.com\/wp-content\/uploads\/2022\/10\/pressenza_logo_200x200.jpg","contentUrl":"https:\/\/www.pressenza.com\/wp-content\/uploads\/2022\/10\/pressenza_logo_200x200.jpg","width":200,"height":200,"caption":"Pressenza"},"image":{"@id":"https:\/\/www.pressenza.com\/es\/#\/schema\/logo\/image\/"},"sameAs":["https:\/\/www.facebook.com\/PressenzaItalia","https:\/\/x.com\/PressenzaIPA"]},{"@type":"Person","@id":"https:\/\/www.pressenza.com\/es\/#\/schema\/person\/d7db40df35d6698ba69ba9ee260944ed","name":"Redacci\u00f3n Chile","description":"News from the Pressenza Bureau in Chile","sameAs":["https:\/\/www.facebook.com\/pressenza","https:\/\/x.com\/pressenza"],"url":"https:\/\/www.pressenza.com\/es\/author\/redaccion-chile\/"}]}},"place":"Santiago de Chile","original_article_url":"","_links":{"self":[{"href":"https:\/\/www.pressenza.com\/es\/wp-json\/wp\/v2\/posts\/724283","targetHints":{"allow":["GET"]}}],"collection":[{"href":"https:\/\/www.pressenza.com\/es\/wp-json\/wp\/v2\/posts"}],"about":[{"href":"https:\/\/www.pressenza.com\/es\/wp-json\/wp\/v2\/types\/post"}],"author":[{"embeddable":true,"href":"https:\/\/www.pressenza.com\/es\/wp-json\/wp\/v2\/users\/43"}],"replies":[{"embeddable":true,"href":"https:\/\/www.pressenza.com\/es\/wp-json\/wp\/v2\/comments?post=724283"}],"version-history":[{"count":0,"href":"https:\/\/www.pressenza.com\/es\/wp-json\/wp\/v2\/posts\/724283\/revisions"}],"wp:featuredmedia":[{"embeddable":true,"href":"https:\/\/www.pressenza.com\/es\/wp-json\/wp\/v2\/media\/724293"}],"wp:attachment":[{"href":"https:\/\/www.pressenza.com\/es\/wp-json\/wp\/v2\/media?parent=724283"}],"wp:term":[{"taxonomy":"category","embeddable":true,"href":"https:\/\/www.pressenza.com\/es\/wp-json\/wp\/v2\/categories?post=724283"},{"taxonomy":"post_tag","embeddable":true,"href":"https:\/\/www.pressenza.com\/es\/wp-json\/wp\/v2\/tags?post=724283"}],"curies":[{"name":"wp","href":"https:\/\/api.w.org\/{rel}","templated":true}]}}