{"id":724228,"date":"2018-09-24T19:09:54","date_gmt":"2018-09-24T18:09:54","guid":{"rendered":"https:\/\/www.pressenza.com\/?p=724228"},"modified":"2018-09-24T19:09:54","modified_gmt":"2018-09-24T18:09:54","slug":"la-distopia-del-master-casado","status":"publish","type":"post","link":"https:\/\/www.pressenza.com\/es\/2018\/09\/la-distopia-del-master-casado\/","title":{"rendered":"La distop\u00eda del M\u00e1ster Casado"},"content":{"rendered":"<p>La cartograf\u00eda de la corrupci\u00f3n abarcar\u00eda a todas las Comunidades Aut\u00f3nomas estando los pol\u00edticos presuntamente implicados en casos de corrupci\u00f3n, nepotismo y tr\u00e1fico de influencias protegidos en un primer estadio por el status de \u201caforado\u201d y en segunda estancia por la benignidad de los magistrados del Supremo a la hora dictar sentencias condenatorias, de lo que ser\u00eda paradigma el llamado \u201cMaster Casado\u201d.\u00a0Asistir\u00edamos pues a la escenificaci\u00f3n de una lucha enconada entre un Tribunal Supremo, devenido en garante y tabla de salvaci\u00f3n de las \u00e9lites pol\u00edtico-financieras del establishment inmersas en el top-ten de la corrupci\u00f3n, el nepotismo y el tr\u00e1fico de influencias y el Tribunal Constitucional convertido en el \u00faltimo reducto de la resistencia democr\u00e1tica ante la progresiva implementaci\u00f3n del nuevo Estado Tardofranquista.<\/p>\n<p>El Tardofranquismo ser\u00eda hijo del Tejerazo o golpe blando de 1981 en el que los l\u00edderes pol\u00edticos confinados en el Congreso fueron \u201cinvitados\u201d a aceptar un acuerdo t\u00e1cito por el que se declaraban intocables el establishment asociado al sistema mon\u00e1rquico, al sistema pol\u00edtico bipartidista y a la \u201cunidad indisoluble de la naci\u00f3n espa\u00f1ola\u201d y estar\u00eda plasmado en la todav\u00eda vigente Constituci\u00f3n de 1978, Carta Magna que estar\u00eda blindada ante cualquier cambio institucional que se pueda producir en el Estado espa\u00f1ol con lo que se cumplir\u00eda una vez m\u00e1s la profec\u00eda : \u201cTodo est\u00e1 atado y bien atado\u201d. Dicho Tardofranquismo ser\u00eda un anacronismo pol\u00edtico que beber\u00eda de las fuentes del centralismo jacobino franc\u00e9s y del paternalismo de las dictaduras blandas y que incluir\u00e1 en su cartograf\u00eda la llamada \u201cDoctrina Aznar\u201d, distop\u00eda que tendr\u00eda como ejes principales la culminaci\u00f3n de la \u201cderrota institucional de ETA para impedir que el terrorismo encuentre en sus socios pol\u00edticos el ox\u00edgeno que le permita sobrevivir a su derrota operativa\u201d y el mantenimiento de la \u201cunidad indisoluble de Espa\u00f1a \u201c.<\/p>\n<p>Sin embargo, la agudizaci\u00f3n de la crisis econ\u00f3mica, la desafecci\u00f3n pol\u00edtica de la sociedad espa\u00f1ola motivada por los sangrantes casos de corrupci\u00f3n de la \u00e9lite pol\u00edtico-econ\u00f3mica y el endemismo de una Catalu\u00f1a invertebrada, har\u00e1n revisar la vigencia de la Constituci\u00f3n del 78 en la que se sustenta el actual status quo y tras un proceso que se antoja inevitable de catarsis y posterior metanoia colectiva en el conjunto del Estado espa\u00f1ol, no ser\u00eda descartable la instauraci\u00f3n de la III Rep\u00fablica en el horizonte del 2021, escenario en el que se proceder\u00e1 al dise\u00f1o de una nueva cartograf\u00eda del Estado espa\u00f1ol con la implementaci\u00f3n de un Estado Confederal.<\/p>\n","protected":false},"excerpt":{"rendered":"<p>La cartograf\u00eda de la corrupci\u00f3n abarcar\u00eda a todas las Comunidades Aut\u00f3nomas estando los pol\u00edticos presuntamente implicados en casos de corrupci\u00f3n, nepotismo y tr\u00e1fico de influencias protegidos en un primer estadio por el status de \u201caforado\u201d y en segunda estancia por&hellip;<\/p>\n","protected":false},"author":1505,"featured_media":724231,"comment_status":"closed","ping_status":"closed","sticky":false,"template":"","format":"standard","meta":{"footnotes":""},"categories":[11389,66,161,74],"tags":[773,1065,33850,50166,50165],"class_list":["post-724228","post","type-post","status-publish","format-standard","has-post-thumbnail","hentry","category-contenido-original","category-europa-es","category-opiniones","category-politica-es","tag-corrupcion","tag-espana","tag-nepotismo","tag-tardofranquismo","tag-trafico-de-influencias"],"yoast_head":"<!-- This site is optimized with the Yoast SEO plugin v27.1.1 - https:\/\/yoast.com\/product\/yoast-seo-wordpress\/ -->\n<title>La distop\u00eda del M\u00e1ster Casado<\/title>\n<meta name=\"description\" content=\"La cartograf\u00eda de la corrupci\u00f3n abarcar\u00eda a todas las Comunidades Aut\u00f3nomas estando los pol\u00edticos presuntamente implicados en casos de corrupci\u00f3n,\" \/>\n<meta name=\"robots\" content=\"index, follow, max-snippet:-1, max-image-preview:large, max-video-preview:-1\" \/>\n<link rel=\"canonical\" href=\"https:\/\/www.pressenza.com\/es\/2018\/09\/la-distopia-del-master-casado\/\" \/>\n<meta property=\"og:locale\" content=\"es_ES\" \/>\n<meta property=\"og:type\" content=\"article\" \/>\n<meta property=\"og:title\" content=\"La distop\u00eda del M\u00e1ster Casado\" \/>\n<meta property=\"og:description\" content=\"La cartograf\u00eda de la corrupci\u00f3n abarcar\u00eda a todas las Comunidades Aut\u00f3nomas estando los pol\u00edticos presuntamente implicados en casos de corrupci\u00f3n,\" \/>\n<meta property=\"og:url\" content=\"https:\/\/www.pressenza.com\/es\/2018\/09\/la-distopia-del-master-casado\/\" \/>\n<meta property=\"og:site_name\" content=\"Pressenza\" \/>\n<meta property=\"article:publisher\" content=\"https:\/\/www.facebook.com\/PressenzaItalia\" \/>\n<meta property=\"article:published_time\" content=\"2018-09-24T18:09:54+00:00\" \/>\n<meta property=\"og:image\" content=\"https:\/\/www.pressenza.com\/wp-content\/uploads\/2018\/09\/francisco_franco_bahamonde_y_carmen_polo_de_franco_1975.jpg\" \/>\n\t<meta property=\"og:image:width\" content=\"900\" \/>\n\t<meta property=\"og:image:height\" content=\"599\" \/>\n\t<meta property=\"og:image:type\" content=\"image\/jpeg\" \/>\n<meta name=\"author\" content=\"Germ\u00e1n Gorraiz L\u00f3pez\" \/>\n<meta name=\"twitter:card\" content=\"summary_large_image\" \/>\n<meta name=\"twitter:creator\" content=\"@PressenzaIPA\" \/>\n<meta name=\"twitter:site\" content=\"@PressenzaIPA\" \/>\n<meta name=\"twitter:label1\" content=\"Escrito por\" \/>\n\t<meta name=\"twitter:data1\" content=\"Germ\u00e1n Gorraiz L\u00f3pez\" \/>\n\t<meta name=\"twitter:label2\" content=\"Tiempo de lectura\" \/>\n\t<meta name=\"twitter:data2\" content=\"2 minutos\" \/>\n<script type=\"application\/ld+json\" class=\"yoast-schema-graph\">{\"@context\":\"https:\/\/schema.org\",\"@graph\":[{\"@type\":\"Article\",\"@id\":\"https:\/\/www.pressenza.com\/es\/2018\/09\/la-distopia-del-master-casado\/#article\",\"isPartOf\":{\"@id\":\"https:\/\/www.pressenza.com\/es\/2018\/09\/la-distopia-del-master-casado\/\"},\"author\":{\"name\":\"Germ\u00e1n Gorraiz L\u00f3pez\",\"@id\":\"https:\/\/www.pressenza.com\/es\/#\/schema\/person\/57dba2cbf155df3e3656a436abe74b1b\"},\"headline\":\"La distop\u00eda del M\u00e1ster Casado\",\"datePublished\":\"2018-09-24T18:09:54+00:00\",\"mainEntityOfPage\":{\"@id\":\"https:\/\/www.pressenza.com\/es\/2018\/09\/la-distopia-del-master-casado\/\"},\"wordCount\":466,\"publisher\":{\"@id\":\"https:\/\/www.pressenza.com\/es\/#organization\"},\"image\":{\"@id\":\"https:\/\/www.pressenza.com\/es\/2018\/09\/la-distopia-del-master-casado\/#primaryimage\"},\"thumbnailUrl\":\"https:\/\/www.pressenza.com\/wp-content\/uploads\/2018\/09\/francisco_franco_bahamonde_y_carmen_polo_de_franco_1975.jpg\",\"keywords\":[\"corrupci\u00f3n\",\"Espa\u00f1a\",\"nepotismo\",\"Tardofranquismo\",\"tr\u00e1fico de influencias\"],\"articleSection\":[\"Contenido Original\",\"Europa\",\"Opiniones\",\"Pol\u00edtica\"],\"inLanguage\":\"es\"},{\"@type\":\"WebPage\",\"@id\":\"https:\/\/www.pressenza.com\/es\/2018\/09\/la-distopia-del-master-casado\/\",\"url\":\"https:\/\/www.pressenza.com\/es\/2018\/09\/la-distopia-del-master-casado\/\",\"name\":\"La distop\u00eda del M\u00e1ster Casado\",\"isPartOf\":{\"@id\":\"https:\/\/www.pressenza.com\/es\/#website\"},\"primaryImageOfPage\":{\"@id\":\"https:\/\/www.pressenza.com\/es\/2018\/09\/la-distopia-del-master-casado\/#primaryimage\"},\"image\":{\"@id\":\"https:\/\/www.pressenza.com\/es\/2018\/09\/la-distopia-del-master-casado\/#primaryimage\"},\"thumbnailUrl\":\"https:\/\/www.pressenza.com\/wp-content\/uploads\/2018\/09\/francisco_franco_bahamonde_y_carmen_polo_de_franco_1975.jpg\",\"datePublished\":\"2018-09-24T18:09:54+00:00\",\"description\":\"La cartograf\u00eda de la corrupci\u00f3n abarcar\u00eda a todas las Comunidades Aut\u00f3nomas estando los pol\u00edticos presuntamente implicados en casos de corrupci\u00f3n,\",\"breadcrumb\":{\"@id\":\"https:\/\/www.pressenza.com\/es\/2018\/09\/la-distopia-del-master-casado\/#breadcrumb\"},\"inLanguage\":\"es\",\"potentialAction\":[{\"@type\":\"ReadAction\",\"target\":[\"https:\/\/www.pressenza.com\/es\/2018\/09\/la-distopia-del-master-casado\/\"]}]},{\"@type\":\"ImageObject\",\"inLanguage\":\"es\",\"@id\":\"https:\/\/www.pressenza.com\/es\/2018\/09\/la-distopia-del-master-casado\/#primaryimage\",\"url\":\"https:\/\/www.pressenza.com\/wp-content\/uploads\/2018\/09\/francisco_franco_bahamonde_y_carmen_polo_de_franco_1975.jpg\",\"contentUrl\":\"https:\/\/www.pressenza.com\/wp-content\/uploads\/2018\/09\/francisco_franco_bahamonde_y_carmen_polo_de_franco_1975.jpg\",\"width\":900,\"height\":599,\"caption\":\"Franco y se\u00f1ora - sinpermiso.info\"},{\"@type\":\"BreadcrumbList\",\"@id\":\"https:\/\/www.pressenza.com\/es\/2018\/09\/la-distopia-del-master-casado\/#breadcrumb\",\"itemListElement\":[{\"@type\":\"ListItem\",\"position\":1,\"name\":\"Accueil\",\"item\":\"https:\/\/www.pressenza.com\/es\/\"},{\"@type\":\"ListItem\",\"position\":2,\"name\":\"La distop\u00eda del M\u00e1ster Casado\"}]},{\"@type\":\"WebSite\",\"@id\":\"https:\/\/www.pressenza.com\/es\/#website\",\"url\":\"https:\/\/www.pressenza.com\/es\/\",\"name\":\"Pressenza\",\"description\":\"International Press Agency\",\"publisher\":{\"@id\":\"https:\/\/www.pressenza.com\/es\/#organization\"},\"potentialAction\":[{\"@type\":\"SearchAction\",\"target\":{\"@type\":\"EntryPoint\",\"urlTemplate\":\"https:\/\/www.pressenza.com\/es\/?s={search_term_string}\"},\"query-input\":{\"@type\":\"PropertyValueSpecification\",\"valueRequired\":true,\"valueName\":\"search_term_string\"}}],\"inLanguage\":\"es\"},{\"@type\":\"Organization\",\"@id\":\"https:\/\/www.pressenza.com\/es\/#organization\",\"name\":\"Pressenza\",\"url\":\"https:\/\/www.pressenza.com\/es\/\",\"logo\":{\"@type\":\"ImageObject\",\"inLanguage\":\"es\",\"@id\":\"https:\/\/www.pressenza.com\/es\/#\/schema\/logo\/image\/\",\"url\":\"https:\/\/www.pressenza.com\/wp-content\/uploads\/2022\/10\/pressenza_logo_200x200.jpg\",\"contentUrl\":\"https:\/\/www.pressenza.com\/wp-content\/uploads\/2022\/10\/pressenza_logo_200x200.jpg\",\"width\":200,\"height\":200,\"caption\":\"Pressenza\"},\"image\":{\"@id\":\"https:\/\/www.pressenza.com\/es\/#\/schema\/logo\/image\/\"},\"sameAs\":[\"https:\/\/www.facebook.com\/PressenzaItalia\",\"https:\/\/x.com\/PressenzaIPA\"]},{\"@type\":\"Person\",\"@id\":\"https:\/\/www.pressenza.com\/es\/#\/schema\/person\/57dba2cbf155df3e3656a436abe74b1b\",\"name\":\"Germ\u00e1n Gorraiz L\u00f3pez\",\"description\":\"Germ\u00e1n Gorraiz L\u00f3pez (Navarra-Espa\u00f1a, 1957). Analista econ\u00f3mico y geopol\u00edtico, colabora habitualmente en varias publicaciones digitales e impresas espa\u00f1olas y latinoamericanas.\",\"url\":\"https:\/\/www.pressenza.com\/es\/author\/german-gorraiz-lopez\/\"}]}<\/script>\n<!-- \/ Yoast SEO plugin. -->","yoast_head_json":{"title":"La distop\u00eda del M\u00e1ster Casado","description":"La cartograf\u00eda de la corrupci\u00f3n abarcar\u00eda a todas las Comunidades Aut\u00f3nomas estando los pol\u00edticos presuntamente implicados en casos de corrupci\u00f3n,","robots":{"index":"index","follow":"follow","max-snippet":"max-snippet:-1","max-image-preview":"max-image-preview:large","max-video-preview":"max-video-preview:-1"},"canonical":"https:\/\/www.pressenza.com\/es\/2018\/09\/la-distopia-del-master-casado\/","og_locale":"es_ES","og_type":"article","og_title":"La distop\u00eda del M\u00e1ster Casado","og_description":"La cartograf\u00eda de la corrupci\u00f3n abarcar\u00eda a todas las Comunidades Aut\u00f3nomas estando los pol\u00edticos presuntamente implicados en casos de corrupci\u00f3n,","og_url":"https:\/\/www.pressenza.com\/es\/2018\/09\/la-distopia-del-master-casado\/","og_site_name":"Pressenza","article_publisher":"https:\/\/www.facebook.com\/PressenzaItalia","article_published_time":"2018-09-24T18:09:54+00:00","og_image":[{"width":900,"height":599,"url":"https:\/\/www.pressenza.com\/wp-content\/uploads\/2018\/09\/francisco_franco_bahamonde_y_carmen_polo_de_franco_1975.jpg","type":"image\/jpeg"}],"author":"Germ\u00e1n Gorraiz L\u00f3pez","twitter_card":"summary_large_image","twitter_creator":"@PressenzaIPA","twitter_site":"@PressenzaIPA","twitter_misc":{"Escrito por":"Germ\u00e1n Gorraiz L\u00f3pez","Tiempo de lectura":"2 minutos"},"schema":{"@context":"https:\/\/schema.org","@graph":[{"@type":"Article","@id":"https:\/\/www.pressenza.com\/es\/2018\/09\/la-distopia-del-master-casado\/#article","isPartOf":{"@id":"https:\/\/www.pressenza.com\/es\/2018\/09\/la-distopia-del-master-casado\/"},"author":{"name":"Germ\u00e1n Gorraiz L\u00f3pez","@id":"https:\/\/www.pressenza.com\/es\/#\/schema\/person\/57dba2cbf155df3e3656a436abe74b1b"},"headline":"La distop\u00eda del M\u00e1ster Casado","datePublished":"2018-09-24T18:09:54+00:00","mainEntityOfPage":{"@id":"https:\/\/www.pressenza.com\/es\/2018\/09\/la-distopia-del-master-casado\/"},"wordCount":466,"publisher":{"@id":"https:\/\/www.pressenza.com\/es\/#organization"},"image":{"@id":"https:\/\/www.pressenza.com\/es\/2018\/09\/la-distopia-del-master-casado\/#primaryimage"},"thumbnailUrl":"https:\/\/www.pressenza.com\/wp-content\/uploads\/2018\/09\/francisco_franco_bahamonde_y_carmen_polo_de_franco_1975.jpg","keywords":["corrupci\u00f3n","Espa\u00f1a","nepotismo","Tardofranquismo","tr\u00e1fico de influencias"],"articleSection":["Contenido Original","Europa","Opiniones","Pol\u00edtica"],"inLanguage":"es"},{"@type":"WebPage","@id":"https:\/\/www.pressenza.com\/es\/2018\/09\/la-distopia-del-master-casado\/","url":"https:\/\/www.pressenza.com\/es\/2018\/09\/la-distopia-del-master-casado\/","name":"La distop\u00eda del M\u00e1ster Casado","isPartOf":{"@id":"https:\/\/www.pressenza.com\/es\/#website"},"primaryImageOfPage":{"@id":"https:\/\/www.pressenza.com\/es\/2018\/09\/la-distopia-del-master-casado\/#primaryimage"},"image":{"@id":"https:\/\/www.pressenza.com\/es\/2018\/09\/la-distopia-del-master-casado\/#primaryimage"},"thumbnailUrl":"https:\/\/www.pressenza.com\/wp-content\/uploads\/2018\/09\/francisco_franco_bahamonde_y_carmen_polo_de_franco_1975.jpg","datePublished":"2018-09-24T18:09:54+00:00","description":"La cartograf\u00eda de la corrupci\u00f3n abarcar\u00eda a todas las Comunidades Aut\u00f3nomas estando los pol\u00edticos presuntamente implicados en casos de corrupci\u00f3n,","breadcrumb":{"@id":"https:\/\/www.pressenza.com\/es\/2018\/09\/la-distopia-del-master-casado\/#breadcrumb"},"inLanguage":"es","potentialAction":[{"@type":"ReadAction","target":["https:\/\/www.pressenza.com\/es\/2018\/09\/la-distopia-del-master-casado\/"]}]},{"@type":"ImageObject","inLanguage":"es","@id":"https:\/\/www.pressenza.com\/es\/2018\/09\/la-distopia-del-master-casado\/#primaryimage","url":"https:\/\/www.pressenza.com\/wp-content\/uploads\/2018\/09\/francisco_franco_bahamonde_y_carmen_polo_de_franco_1975.jpg","contentUrl":"https:\/\/www.pressenza.com\/wp-content\/uploads\/2018\/09\/francisco_franco_bahamonde_y_carmen_polo_de_franco_1975.jpg","width":900,"height":599,"caption":"Franco y se\u00f1ora - sinpermiso.info"},{"@type":"BreadcrumbList","@id":"https:\/\/www.pressenza.com\/es\/2018\/09\/la-distopia-del-master-casado\/#breadcrumb","itemListElement":[{"@type":"ListItem","position":1,"name":"Accueil","item":"https:\/\/www.pressenza.com\/es\/"},{"@type":"ListItem","position":2,"name":"La distop\u00eda del M\u00e1ster Casado"}]},{"@type":"WebSite","@id":"https:\/\/www.pressenza.com\/es\/#website","url":"https:\/\/www.pressenza.com\/es\/","name":"Pressenza","description":"International Press Agency","publisher":{"@id":"https:\/\/www.pressenza.com\/es\/#organization"},"potentialAction":[{"@type":"SearchAction","target":{"@type":"EntryPoint","urlTemplate":"https:\/\/www.pressenza.com\/es\/?s={search_term_string}"},"query-input":{"@type":"PropertyValueSpecification","valueRequired":true,"valueName":"search_term_string"}}],"inLanguage":"es"},{"@type":"Organization","@id":"https:\/\/www.pressenza.com\/es\/#organization","name":"Pressenza","url":"https:\/\/www.pressenza.com\/es\/","logo":{"@type":"ImageObject","inLanguage":"es","@id":"https:\/\/www.pressenza.com\/es\/#\/schema\/logo\/image\/","url":"https:\/\/www.pressenza.com\/wp-content\/uploads\/2022\/10\/pressenza_logo_200x200.jpg","contentUrl":"https:\/\/www.pressenza.com\/wp-content\/uploads\/2022\/10\/pressenza_logo_200x200.jpg","width":200,"height":200,"caption":"Pressenza"},"image":{"@id":"https:\/\/www.pressenza.com\/es\/#\/schema\/logo\/image\/"},"sameAs":["https:\/\/www.facebook.com\/PressenzaItalia","https:\/\/x.com\/PressenzaIPA"]},{"@type":"Person","@id":"https:\/\/www.pressenza.com\/es\/#\/schema\/person\/57dba2cbf155df3e3656a436abe74b1b","name":"Germ\u00e1n Gorraiz L\u00f3pez","description":"Germ\u00e1n Gorraiz L\u00f3pez (Navarra-Espa\u00f1a, 1957). Analista econ\u00f3mico y geopol\u00edtico, colabora habitualmente en varias publicaciones digitales e impresas espa\u00f1olas y latinoamericanas.","url":"https:\/\/www.pressenza.com\/es\/author\/german-gorraiz-lopez\/"}]}},"place":"Madrid, Espa\u00f1a","original_article_url":"","_links":{"self":[{"href":"https:\/\/www.pressenza.com\/es\/wp-json\/wp\/v2\/posts\/724228","targetHints":{"allow":["GET"]}}],"collection":[{"href":"https:\/\/www.pressenza.com\/es\/wp-json\/wp\/v2\/posts"}],"about":[{"href":"https:\/\/www.pressenza.com\/es\/wp-json\/wp\/v2\/types\/post"}],"author":[{"embeddable":true,"href":"https:\/\/www.pressenza.com\/es\/wp-json\/wp\/v2\/users\/1505"}],"replies":[{"embeddable":true,"href":"https:\/\/www.pressenza.com\/es\/wp-json\/wp\/v2\/comments?post=724228"}],"version-history":[{"count":0,"href":"https:\/\/www.pressenza.com\/es\/wp-json\/wp\/v2\/posts\/724228\/revisions"}],"wp:featuredmedia":[{"embeddable":true,"href":"https:\/\/www.pressenza.com\/es\/wp-json\/wp\/v2\/media\/724231"}],"wp:attachment":[{"href":"https:\/\/www.pressenza.com\/es\/wp-json\/wp\/v2\/media?parent=724228"}],"wp:term":[{"taxonomy":"category","embeddable":true,"href":"https:\/\/www.pressenza.com\/es\/wp-json\/wp\/v2\/categories?post=724228"},{"taxonomy":"post_tag","embeddable":true,"href":"https:\/\/www.pressenza.com\/es\/wp-json\/wp\/v2\/tags?post=724228"}],"curies":[{"name":"wp","href":"https:\/\/api.w.org\/{rel}","templated":true}]}}