{"id":723068,"date":"2018-09-21T12:28:32","date_gmt":"2018-09-21T11:28:32","guid":{"rendered":"https:\/\/www.pressenza.com\/?p=723068"},"modified":"2018-09-21T12:28:32","modified_gmt":"2018-09-21T11:28:32","slug":"movilizaciones-en-espana-para-defender-las-pensiones-publicas","status":"publish","type":"post","link":"https:\/\/www.pressenza.com\/es\/2018\/09\/movilizaciones-en-espana-para-defender-las-pensiones-publicas\/","title":{"rendered":"Movilizaciones en Espa\u00f1a para defender las pensiones p\u00fablicas"},"content":{"rendered":"<blockquote><p>El s\u00e1bado 22, a las 19 horas, est\u00e1 convocada una manifestaci\u00f3n estatal en Madrid por la defensa del sistema p\u00fablico de pensiones. Ir\u00e1 de Atocha a Sol.<\/p>\n<p>Distintos colectivos se han movilizado desde hace meses en todo el estado espa\u00f1ol contra el peligro de desaparici\u00f3n de las pensiones p\u00fablicas en Espa\u00f1a.<\/p><\/blockquote>\n<p>El inter\u00e9s de distintos gobiernos por privatizar las pensiones, siguiendo dictados externos y de grupos econ\u00f3micos privados, se ha manifestado en diferentes medidas que\u00a0 han ido tomando a lo largo de los a\u00f1os y que han llevado a que hoy est\u00e9 vac\u00eda la caja de pensiones p\u00fablica espa\u00f1ola. Las m\u00e1s escandalosas y que, tal vez, ha llevado a movilizarse a amplios sectores de la poblaci\u00f3n, han sido el rescate de ciertos bancos y de las empresas que han construido carreteras, por las que estaba previsto apenas habr\u00eda tr\u00e1fico, adem\u00e1s de la subida irrisoria del 0,25 % de las pensiones para este a\u00f1o.<\/p>\n<p>Ante esta situaci\u00f3n, desde la Coordinadora en <span class=\"highlightNode\">Defensa del Sistema P\u00fablico de Pensiones, se ha convocado este s\u00e1bado 22 a una manifestaci\u00f3n <\/span>estatal en <span class=\"highlightNode\">Madrid<\/span> a las 19 horas, que ir\u00e1 desde Atocha hasta Sol para defender que <span class=\"highlightNode\">la<\/span> revalorizaci\u00f3n <span class=\"highlightNode\">de<\/span> las <span class=\"highlightNode\">pensiones<\/span> se haga acorde al IPC y <span class=\"highlightNode\">por<\/span> Ley, y que se garanticen unas <span class=\"highlightNode\">pensiones<\/span> p\u00fablicas dignas para las generaciones presentes y futuras.<\/p>\n<p>Esta convocatoria est\u00e1 dentro de una campa\u00f1a m\u00e1s amplia y permanente y, adem\u00e1s, es la reacci\u00f3n de los pensionistas ante lo sucedido el pasado mi\u00e9rcoles en el Congreso <span class=\"highlightNode\">de<\/span> los Diputados, donde fueron recibidos por la polic\u00eda, en aplicaci\u00f3n de la llamada Ley Mordaza, para acallar sus<span class=\"text_exposed_show\"> reivindicaciones y donde se sumaron algunos diputados de Unidos Podemos -que salieron del Hemiciclo- para sumarse a los pensionistas e interceder ante la polic\u00eda.<br \/>\n<\/span><\/p>\n<div class=\"text_exposed_show\">\n<p>El objetivo <span class=\"highlightNode\">de<\/span> esta campa\u00f1a es hacer un llamamiento a j\u00f3venes, gente trabajadora, pensionistas y a <span class=\"highlightNode\">la<\/span> ciudadan\u00eda en general.<\/p>\n<p>&nbsp;<\/p>\n<\/div>\n","protected":false},"excerpt":{"rendered":"<p>El s\u00e1bado 22, a las 19 horas, est\u00e1 convocada una manifestaci\u00f3n estatal en Madrid por la defensa del sistema p\u00fablico de pensiones. Ir\u00e1 de Atocha a Sol. Distintos colectivos se han movilizado desde hace meses en todo el estado espa\u00f1ol&hellip;<\/p>\n","protected":false},"author":94,"featured_media":723069,"comment_status":"closed","ping_status":"closed","sticky":false,"template":"","format":"standard","meta":{"footnotes":""},"categories":[11389,79,66,74,63],"tags":[50077,32044,12313,512],"class_list":["post-723068","post","type-post","status-publish","format-standard","has-post-thumbnail","hentry","category-contenido-original","category-derechos-humanos","category-europa-es","category-politica-es","category-region-es","tag-coordinadora-estatal-por-la-defensa-del-sistema-publico-de-pensiones","tag-pensiones-publicas","tag-privatizacion-servicios-publicos","tag-recortes"],"yoast_head":"<!-- This site is optimized with the Yoast SEO plugin v27.1.1 - https:\/\/yoast.com\/product\/yoast-seo-wordpress\/ -->\n<title>Movilizaciones en Espa\u00f1a para defender las pensiones p\u00fablicas<\/title>\n<meta name=\"description\" content=\"El s\u00e1bado 22, a las 19 horas, est\u00e1 convocada una manifestaci\u00f3n estatal en Madrid por la defensa del sistema p\u00fablico de pensiones. Ir\u00e1 de Atocha a Sol.\" \/>\n<meta name=\"robots\" content=\"index, follow, max-snippet:-1, max-image-preview:large, max-video-preview:-1\" \/>\n<link rel=\"canonical\" href=\"https:\/\/www.pressenza.com\/es\/2018\/09\/movilizaciones-en-espana-para-defender-las-pensiones-publicas\/\" \/>\n<meta property=\"og:locale\" content=\"es_ES\" \/>\n<meta property=\"og:type\" content=\"article\" \/>\n<meta property=\"og:title\" content=\"Movilizaciones en Espa\u00f1a para defender las pensiones p\u00fablicas\" \/>\n<meta property=\"og:description\" content=\"El s\u00e1bado 22, a las 19 horas, est\u00e1 convocada una manifestaci\u00f3n estatal en Madrid por la defensa del sistema p\u00fablico de pensiones. Ir\u00e1 de Atocha a Sol.\" \/>\n<meta property=\"og:url\" content=\"https:\/\/www.pressenza.com\/es\/2018\/09\/movilizaciones-en-espana-para-defender-las-pensiones-publicas\/\" \/>\n<meta property=\"og:site_name\" content=\"Pressenza\" \/>\n<meta property=\"article:publisher\" content=\"https:\/\/www.facebook.com\/PressenzaItalia\" \/>\n<meta property=\"article:author\" content=\"https:\/\/www.facebook.com\/pressenza\" \/>\n<meta property=\"article:published_time\" content=\"2018-09-21T11:28:32+00:00\" \/>\n<meta property=\"og:image\" content=\"https:\/\/www.pressenza.com\/wp-content\/uploads\/2018\/09\/Pensiones-publicas-Madrid.jpg\" \/>\n\t<meta property=\"og:image:width\" content=\"1920\" \/>\n\t<meta property=\"og:image:height\" content=\"1120\" \/>\n\t<meta property=\"og:image:type\" content=\"image\/jpeg\" \/>\n<meta name=\"author\" content=\"Redacci\u00f3n Madrid\" \/>\n<meta name=\"twitter:card\" content=\"summary_large_image\" \/>\n<meta name=\"twitter:creator\" content=\"@pressenza\" \/>\n<meta name=\"twitter:site\" content=\"@PressenzaIPA\" \/>\n<meta name=\"twitter:label1\" content=\"Escrito por\" \/>\n\t<meta name=\"twitter:data1\" content=\"Redacci\u00f3n Madrid\" \/>\n\t<meta name=\"twitter:label2\" content=\"Tiempo de lectura\" \/>\n\t<meta name=\"twitter:data2\" content=\"2 minutos\" \/>\n<script type=\"application\/ld+json\" class=\"yoast-schema-graph\">{\"@context\":\"https:\/\/schema.org\",\"@graph\":[{\"@type\":\"Article\",\"@id\":\"https:\/\/www.pressenza.com\/es\/2018\/09\/movilizaciones-en-espana-para-defender-las-pensiones-publicas\/#article\",\"isPartOf\":{\"@id\":\"https:\/\/www.pressenza.com\/es\/2018\/09\/movilizaciones-en-espana-para-defender-las-pensiones-publicas\/\"},\"author\":{\"name\":\"Redacci\u00f3n Madrid\",\"@id\":\"https:\/\/www.pressenza.com\/es\/#\/schema\/person\/828fc40eeca2ad7be3630e5a46adba94\"},\"headline\":\"Movilizaciones en Espa\u00f1a para defender las pensiones p\u00fablicas\",\"datePublished\":\"2018-09-21T11:28:32+00:00\",\"mainEntityOfPage\":{\"@id\":\"https:\/\/www.pressenza.com\/es\/2018\/09\/movilizaciones-en-espana-para-defender-las-pensiones-publicas\/\"},\"wordCount\":350,\"publisher\":{\"@id\":\"https:\/\/www.pressenza.com\/es\/#organization\"},\"image\":{\"@id\":\"https:\/\/www.pressenza.com\/es\/2018\/09\/movilizaciones-en-espana-para-defender-las-pensiones-publicas\/#primaryimage\"},\"thumbnailUrl\":\"https:\/\/www.pressenza.com\/wp-content\/uploads\/2018\/09\/Pensiones-publicas-Madrid.jpg\",\"keywords\":[\"Coordinadora Estatal por la Defensa del Sistema P\u00fablico de Pensiones\",\"pensiones p\u00fablicas\",\"Privatizaci\u00f3n servicios p\u00fablicos\",\"recortes\"],\"articleSection\":[\"Contenido Original\",\"Derechos Humanos\",\"Europa\",\"Pol\u00edtica\",\"Regi\u00f3n\"],\"inLanguage\":\"es\"},{\"@type\":\"WebPage\",\"@id\":\"https:\/\/www.pressenza.com\/es\/2018\/09\/movilizaciones-en-espana-para-defender-las-pensiones-publicas\/\",\"url\":\"https:\/\/www.pressenza.com\/es\/2018\/09\/movilizaciones-en-espana-para-defender-las-pensiones-publicas\/\",\"name\":\"Movilizaciones en Espa\u00f1a para defender las pensiones p\u00fablicas\",\"isPartOf\":{\"@id\":\"https:\/\/www.pressenza.com\/es\/#website\"},\"primaryImageOfPage\":{\"@id\":\"https:\/\/www.pressenza.com\/es\/2018\/09\/movilizaciones-en-espana-para-defender-las-pensiones-publicas\/#primaryimage\"},\"image\":{\"@id\":\"https:\/\/www.pressenza.com\/es\/2018\/09\/movilizaciones-en-espana-para-defender-las-pensiones-publicas\/#primaryimage\"},\"thumbnailUrl\":\"https:\/\/www.pressenza.com\/wp-content\/uploads\/2018\/09\/Pensiones-publicas-Madrid.jpg\",\"datePublished\":\"2018-09-21T11:28:32+00:00\",\"description\":\"El s\u00e1bado 22, a las 19 horas, est\u00e1 convocada una manifestaci\u00f3n estatal en Madrid por la defensa del sistema p\u00fablico de pensiones. Ir\u00e1 de Atocha a Sol.\",\"breadcrumb\":{\"@id\":\"https:\/\/www.pressenza.com\/es\/2018\/09\/movilizaciones-en-espana-para-defender-las-pensiones-publicas\/#breadcrumb\"},\"inLanguage\":\"es\",\"potentialAction\":[{\"@type\":\"ReadAction\",\"target\":[\"https:\/\/www.pressenza.com\/es\/2018\/09\/movilizaciones-en-espana-para-defender-las-pensiones-publicas\/\"]}]},{\"@type\":\"ImageObject\",\"inLanguage\":\"es\",\"@id\":\"https:\/\/www.pressenza.com\/es\/2018\/09\/movilizaciones-en-espana-para-defender-las-pensiones-publicas\/#primaryimage\",\"url\":\"https:\/\/www.pressenza.com\/wp-content\/uploads\/2018\/09\/Pensiones-publicas-Madrid.jpg\",\"contentUrl\":\"https:\/\/www.pressenza.com\/wp-content\/uploads\/2018\/09\/Pensiones-publicas-Madrid.jpg\",\"width\":1920,\"height\":1120},{\"@type\":\"BreadcrumbList\",\"@id\":\"https:\/\/www.pressenza.com\/es\/2018\/09\/movilizaciones-en-espana-para-defender-las-pensiones-publicas\/#breadcrumb\",\"itemListElement\":[{\"@type\":\"ListItem\",\"position\":1,\"name\":\"Accueil\",\"item\":\"https:\/\/www.pressenza.com\/es\/\"},{\"@type\":\"ListItem\",\"position\":2,\"name\":\"Movilizaciones en Espa\u00f1a para defender las pensiones p\u00fablicas\"}]},{\"@type\":\"WebSite\",\"@id\":\"https:\/\/www.pressenza.com\/es\/#website\",\"url\":\"https:\/\/www.pressenza.com\/es\/\",\"name\":\"Pressenza\",\"description\":\"International Press Agency\",\"publisher\":{\"@id\":\"https:\/\/www.pressenza.com\/es\/#organization\"},\"potentialAction\":[{\"@type\":\"SearchAction\",\"target\":{\"@type\":\"EntryPoint\",\"urlTemplate\":\"https:\/\/www.pressenza.com\/es\/?s={search_term_string}\"},\"query-input\":{\"@type\":\"PropertyValueSpecification\",\"valueRequired\":true,\"valueName\":\"search_term_string\"}}],\"inLanguage\":\"es\"},{\"@type\":\"Organization\",\"@id\":\"https:\/\/www.pressenza.com\/es\/#organization\",\"name\":\"Pressenza\",\"url\":\"https:\/\/www.pressenza.com\/es\/\",\"logo\":{\"@type\":\"ImageObject\",\"inLanguage\":\"es\",\"@id\":\"https:\/\/www.pressenza.com\/es\/#\/schema\/logo\/image\/\",\"url\":\"https:\/\/www.pressenza.com\/wp-content\/uploads\/2022\/10\/pressenza_logo_200x200.jpg\",\"contentUrl\":\"https:\/\/www.pressenza.com\/wp-content\/uploads\/2022\/10\/pressenza_logo_200x200.jpg\",\"width\":200,\"height\":200,\"caption\":\"Pressenza\"},\"image\":{\"@id\":\"https:\/\/www.pressenza.com\/es\/#\/schema\/logo\/image\/\"},\"sameAs\":[\"https:\/\/www.facebook.com\/PressenzaItalia\",\"https:\/\/x.com\/PressenzaIPA\"]},{\"@type\":\"Person\",\"@id\":\"https:\/\/www.pressenza.com\/es\/#\/schema\/person\/828fc40eeca2ad7be3630e5a46adba94\",\"name\":\"Redacci\u00f3n Madrid\",\"description\":\"News from the Pressenza Bureau in Madrid, Spain\",\"sameAs\":[\"https:\/\/www.facebook.com\/pressenza\",\"https:\/\/x.com\/pressenza\"],\"url\":\"https:\/\/www.pressenza.com\/es\/author\/redaccion-madrid\/\"}]}<\/script>\n<!-- \/ Yoast SEO plugin. -->","yoast_head_json":{"title":"Movilizaciones en Espa\u00f1a para defender las pensiones p\u00fablicas","description":"El s\u00e1bado 22, a las 19 horas, est\u00e1 convocada una manifestaci\u00f3n estatal en Madrid por la defensa del sistema p\u00fablico de pensiones. Ir\u00e1 de Atocha a Sol.","robots":{"index":"index","follow":"follow","max-snippet":"max-snippet:-1","max-image-preview":"max-image-preview:large","max-video-preview":"max-video-preview:-1"},"canonical":"https:\/\/www.pressenza.com\/es\/2018\/09\/movilizaciones-en-espana-para-defender-las-pensiones-publicas\/","og_locale":"es_ES","og_type":"article","og_title":"Movilizaciones en Espa\u00f1a para defender las pensiones p\u00fablicas","og_description":"El s\u00e1bado 22, a las 19 horas, est\u00e1 convocada una manifestaci\u00f3n estatal en Madrid por la defensa del sistema p\u00fablico de pensiones. Ir\u00e1 de Atocha a Sol.","og_url":"https:\/\/www.pressenza.com\/es\/2018\/09\/movilizaciones-en-espana-para-defender-las-pensiones-publicas\/","og_site_name":"Pressenza","article_publisher":"https:\/\/www.facebook.com\/PressenzaItalia","article_author":"https:\/\/www.facebook.com\/pressenza","article_published_time":"2018-09-21T11:28:32+00:00","og_image":[{"width":1920,"height":1120,"url":"https:\/\/www.pressenza.com\/wp-content\/uploads\/2018\/09\/Pensiones-publicas-Madrid.jpg","type":"image\/jpeg"}],"author":"Redacci\u00f3n Madrid","twitter_card":"summary_large_image","twitter_creator":"@pressenza","twitter_site":"@PressenzaIPA","twitter_misc":{"Escrito por":"Redacci\u00f3n Madrid","Tiempo de lectura":"2 minutos"},"schema":{"@context":"https:\/\/schema.org","@graph":[{"@type":"Article","@id":"https:\/\/www.pressenza.com\/es\/2018\/09\/movilizaciones-en-espana-para-defender-las-pensiones-publicas\/#article","isPartOf":{"@id":"https:\/\/www.pressenza.com\/es\/2018\/09\/movilizaciones-en-espana-para-defender-las-pensiones-publicas\/"},"author":{"name":"Redacci\u00f3n Madrid","@id":"https:\/\/www.pressenza.com\/es\/#\/schema\/person\/828fc40eeca2ad7be3630e5a46adba94"},"headline":"Movilizaciones en Espa\u00f1a para defender las pensiones p\u00fablicas","datePublished":"2018-09-21T11:28:32+00:00","mainEntityOfPage":{"@id":"https:\/\/www.pressenza.com\/es\/2018\/09\/movilizaciones-en-espana-para-defender-las-pensiones-publicas\/"},"wordCount":350,"publisher":{"@id":"https:\/\/www.pressenza.com\/es\/#organization"},"image":{"@id":"https:\/\/www.pressenza.com\/es\/2018\/09\/movilizaciones-en-espana-para-defender-las-pensiones-publicas\/#primaryimage"},"thumbnailUrl":"https:\/\/www.pressenza.com\/wp-content\/uploads\/2018\/09\/Pensiones-publicas-Madrid.jpg","keywords":["Coordinadora Estatal por la Defensa del Sistema P\u00fablico de Pensiones","pensiones p\u00fablicas","Privatizaci\u00f3n servicios p\u00fablicos","recortes"],"articleSection":["Contenido Original","Derechos Humanos","Europa","Pol\u00edtica","Regi\u00f3n"],"inLanguage":"es"},{"@type":"WebPage","@id":"https:\/\/www.pressenza.com\/es\/2018\/09\/movilizaciones-en-espana-para-defender-las-pensiones-publicas\/","url":"https:\/\/www.pressenza.com\/es\/2018\/09\/movilizaciones-en-espana-para-defender-las-pensiones-publicas\/","name":"Movilizaciones en Espa\u00f1a para defender las pensiones p\u00fablicas","isPartOf":{"@id":"https:\/\/www.pressenza.com\/es\/#website"},"primaryImageOfPage":{"@id":"https:\/\/www.pressenza.com\/es\/2018\/09\/movilizaciones-en-espana-para-defender-las-pensiones-publicas\/#primaryimage"},"image":{"@id":"https:\/\/www.pressenza.com\/es\/2018\/09\/movilizaciones-en-espana-para-defender-las-pensiones-publicas\/#primaryimage"},"thumbnailUrl":"https:\/\/www.pressenza.com\/wp-content\/uploads\/2018\/09\/Pensiones-publicas-Madrid.jpg","datePublished":"2018-09-21T11:28:32+00:00","description":"El s\u00e1bado 22, a las 19 horas, est\u00e1 convocada una manifestaci\u00f3n estatal en Madrid por la defensa del sistema p\u00fablico de pensiones. Ir\u00e1 de Atocha a Sol.","breadcrumb":{"@id":"https:\/\/www.pressenza.com\/es\/2018\/09\/movilizaciones-en-espana-para-defender-las-pensiones-publicas\/#breadcrumb"},"inLanguage":"es","potentialAction":[{"@type":"ReadAction","target":["https:\/\/www.pressenza.com\/es\/2018\/09\/movilizaciones-en-espana-para-defender-las-pensiones-publicas\/"]}]},{"@type":"ImageObject","inLanguage":"es","@id":"https:\/\/www.pressenza.com\/es\/2018\/09\/movilizaciones-en-espana-para-defender-las-pensiones-publicas\/#primaryimage","url":"https:\/\/www.pressenza.com\/wp-content\/uploads\/2018\/09\/Pensiones-publicas-Madrid.jpg","contentUrl":"https:\/\/www.pressenza.com\/wp-content\/uploads\/2018\/09\/Pensiones-publicas-Madrid.jpg","width":1920,"height":1120},{"@type":"BreadcrumbList","@id":"https:\/\/www.pressenza.com\/es\/2018\/09\/movilizaciones-en-espana-para-defender-las-pensiones-publicas\/#breadcrumb","itemListElement":[{"@type":"ListItem","position":1,"name":"Accueil","item":"https:\/\/www.pressenza.com\/es\/"},{"@type":"ListItem","position":2,"name":"Movilizaciones en Espa\u00f1a para defender las pensiones p\u00fablicas"}]},{"@type":"WebSite","@id":"https:\/\/www.pressenza.com\/es\/#website","url":"https:\/\/www.pressenza.com\/es\/","name":"Pressenza","description":"International Press Agency","publisher":{"@id":"https:\/\/www.pressenza.com\/es\/#organization"},"potentialAction":[{"@type":"SearchAction","target":{"@type":"EntryPoint","urlTemplate":"https:\/\/www.pressenza.com\/es\/?s={search_term_string}"},"query-input":{"@type":"PropertyValueSpecification","valueRequired":true,"valueName":"search_term_string"}}],"inLanguage":"es"},{"@type":"Organization","@id":"https:\/\/www.pressenza.com\/es\/#organization","name":"Pressenza","url":"https:\/\/www.pressenza.com\/es\/","logo":{"@type":"ImageObject","inLanguage":"es","@id":"https:\/\/www.pressenza.com\/es\/#\/schema\/logo\/image\/","url":"https:\/\/www.pressenza.com\/wp-content\/uploads\/2022\/10\/pressenza_logo_200x200.jpg","contentUrl":"https:\/\/www.pressenza.com\/wp-content\/uploads\/2022\/10\/pressenza_logo_200x200.jpg","width":200,"height":200,"caption":"Pressenza"},"image":{"@id":"https:\/\/www.pressenza.com\/es\/#\/schema\/logo\/image\/"},"sameAs":["https:\/\/www.facebook.com\/PressenzaItalia","https:\/\/x.com\/PressenzaIPA"]},{"@type":"Person","@id":"https:\/\/www.pressenza.com\/es\/#\/schema\/person\/828fc40eeca2ad7be3630e5a46adba94","name":"Redacci\u00f3n Madrid","description":"News from the Pressenza Bureau in Madrid, Spain","sameAs":["https:\/\/www.facebook.com\/pressenza","https:\/\/x.com\/pressenza"],"url":"https:\/\/www.pressenza.com\/es\/author\/redaccion-madrid\/"}]}},"place":"Madrid","original_article_url":"","_links":{"self":[{"href":"https:\/\/www.pressenza.com\/es\/wp-json\/wp\/v2\/posts\/723068","targetHints":{"allow":["GET"]}}],"collection":[{"href":"https:\/\/www.pressenza.com\/es\/wp-json\/wp\/v2\/posts"}],"about":[{"href":"https:\/\/www.pressenza.com\/es\/wp-json\/wp\/v2\/types\/post"}],"author":[{"embeddable":true,"href":"https:\/\/www.pressenza.com\/es\/wp-json\/wp\/v2\/users\/94"}],"replies":[{"embeddable":true,"href":"https:\/\/www.pressenza.com\/es\/wp-json\/wp\/v2\/comments?post=723068"}],"version-history":[{"count":0,"href":"https:\/\/www.pressenza.com\/es\/wp-json\/wp\/v2\/posts\/723068\/revisions"}],"wp:featuredmedia":[{"embeddable":true,"href":"https:\/\/www.pressenza.com\/es\/wp-json\/wp\/v2\/media\/723069"}],"wp:attachment":[{"href":"https:\/\/www.pressenza.com\/es\/wp-json\/wp\/v2\/media?parent=723068"}],"wp:term":[{"taxonomy":"category","embeddable":true,"href":"https:\/\/www.pressenza.com\/es\/wp-json\/wp\/v2\/categories?post=723068"},{"taxonomy":"post_tag","embeddable":true,"href":"https:\/\/www.pressenza.com\/es\/wp-json\/wp\/v2\/tags?post=723068"}],"curies":[{"name":"wp","href":"https:\/\/api.w.org\/{rel}","templated":true}]}}