{"id":721553,"date":"2018-09-17T23:43:50","date_gmt":"2018-09-17T22:43:50","guid":{"rendered":"https:\/\/www.pressenza.com\/?p=721553"},"modified":"2018-09-17T23:43:50","modified_gmt":"2018-09-17T22:43:50","slug":"como-es-posible-que-miles-de-repatriados-venezolanos-regresen-a-una-atroz-dictadura","status":"publish","type":"post","link":"https:\/\/www.pressenza.com\/es\/2018\/09\/como-es-posible-que-miles-de-repatriados-venezolanos-regresen-a-una-atroz-dictadura\/","title":{"rendered":"\u00bfC\u00f3mo es posible que miles de repatriados venezolanos regresen a una atroz dictadura?"},"content":{"rendered":"<p>Quiero resaltar algunas noticias que se han producido en estos primeros d\u00edas del mes de Septiembre con alta repercusi\u00f3n nacional y que probablemente no hayan sido informadas por los medios internacionales: La reuni\u00f3n de la OEA del 5 de Septiembre cuyo \u00fanico punto en agenda fue la \u201ccrisis migratoria\u201d originada por la situaci\u00f3n del pa\u00eds; el desarrollo del plan \u201cVuelta a la Patria\u201d recientemente creado por el presidente Maduro; y el 39\u00ba per\u00edodo de sesiones del Consejo de los Derechos Humanos de la ONU con la asistencia del canciller de Venezuela, y la novedad del estreno de la ex-presidenta de Chile, Michelle Bachelet como Nueva Alta Comisionada de los DDHH que se estar\u00e1 realizando desde el 10 al 28 de Septiembre, en Ginebra, Suiza.<\/p>\n<p>La reuni\u00f3n realizada en la OEA convocada por el Secretario General no comenz\u00f3 con buen pie, seg\u00fan dio a conocer el \u00a0Embajador de Venezuela ante la OEA, Samuel Moncada, no tienen los votos necesarios para aplicar la Carta Democr\u00e1tica Interamericana a Venezuela, es decir, la tan ansiada \u201cbendici\u00f3n\u201d de la OEA que el almirante estadounidense Kurt Tidd espera para invadir Venezuela no llega y en septiembre, tampoco lleg\u00f3. En vista de este fracaso, han comenzado a preparar el terreno para detonar un conflicto b\u00e9lico. El Sr. Moncada revel\u00f3 que el embajador de Estados Unidos ante la OEA, Carlos Castillo (vocero del senador estadounidense Marcos Rubio), pidi\u00f3 abiertamente a Brasil, Chile,\u00a0 Per\u00fa y Colombia que tomen la dif\u00edcil decisi\u00f3n de atacar militarmente a Venezuela, convirtiendo el asunto de las migraciones en una amenaza a la seguridad regional para crear la tan ansiada \u201ccrisis humanitaria\u201d que justifique una intervenci\u00f3n armada. En palabras menos elegantes, el plan es ponernos a pelear entre nosotros, utilizar a los pa\u00edses suramericanos como carne de ca\u00f1\u00f3n y destruir el pa\u00eds, y luego aparecer ellos como salvadores, \u00a0con su delirante \u201cayuda humanitaria\u201d al igual que lo hicieron en Irak, Libia y Afganist\u00e1n.<\/p>\n<p>El Secretario General de la OEA, Luis Almagro, durante esta reuni\u00f3n, acord\u00f3 crear un grupo de trabajo que visitar\u00e1 los pa\u00edses supuestamente afectados \u00a0para elaborar un informe sobre la \u201cola\u201d migratoria sin precedentes de Venezuela; adem\u00e1s, y como no pod\u00eda faltar, el grupo se encargar\u00e1 de captar m\u00e1s fondos internacionales\u00a0 para financiar la asistencia a los \u201cmillones de venezolanos\u201d que huyendo de la ahora llamada \u201cnarco-dictadura\u201d han llegado a Brasil, Colombia, Per\u00fa y Ecuador. El Sr. Almagro comenz\u00f3 su recorrido visitando la frontera colombo-venezolana este fin de semana y durante una conferencia de prensa en C\u00facuta declar\u00f3: \u201cEn cuanto a una intervenci\u00f3n militar para derrocar al r\u00e9gimen de Nicol\u00e1s Maduro creo que no debemos descartar ninguna opci\u00f3n\u201d. Estas palabras desataron una tormenta pol\u00edtica continental.<\/p>\n<p>Inmediatamente 11 de los 14 pa\u00edses integrantes del Grupo de Lima, expresaron, \u201cSu preocupaci\u00f3n y su rechazo a cualquier curso de acci\u00f3n o declaraci\u00f3n que implique una intervenci\u00f3n militar o ejercicio de la violencia, amenaza o uso de la fuerza en Venezuela\u201d, seg\u00fan un comunicado divulgado por la Canciller\u00eda brasile\u00f1a. La misiva est\u00e1 refrendada por Argentina, Brasil, Chile, Costa Rica, Guatemala, Honduras, M\u00e9xico, Panam\u00e1, Paraguay, Per\u00fa y Santa Luc\u00eda. . \u00a0Esta es la primera vez que el Grupo de Lima y Almagro discrepan p\u00fablicamente sobre Venezuela.\u00a0 Colombia, Canad\u00e1 y Guyana pese a ser miembros, no adhirieron al pronunciamiento. Vaya ba\u00f1o de agua fr\u00eda para quienes han comenzado a batir los tambores de guerra.<\/p>\n<p>La respuesta de Venezuela no se hizo esperar y la vicepresidenta de Venezuela Delcy Rodr\u00edguez, inform\u00f3 que denunciar\u00e1 ante la ONU y otras instancias internacionales a Luis Almagro \u201cPor promover la intervenci\u00f3n militar en nuestra Patria y atentar contra la Paz de Am\u00e9rica Latina y el Caribe. Se quieren revivir los peores expedientes de las injerencias militares en Am\u00e9rica Latina: La estabilidad est\u00e1 seriamente amenazada por la demencial actuaci\u00f3n de quien usurpa de forma desviada y abusiva la secretar\u00eda general de la OEA\u201d.<\/p>\n<p>Mientras todo esto ocurre en la OEA, el presidente Maduro ha elevado el Plan \u201cVuelta a la Patria\u201d a pol\u00edtica de Estado\u00a0 y ha abierto un\u00a0puente a\u00e9reo para facilitar el retorno gratuito de los emigrantes que se encuentren en situaci\u00f3n precaria. Mediante esta iniciativa, ya son m\u00e1s de 3.000 venezolanos que han regresado al pa\u00eds \u00a0procedentes de Brasil, Argentina, Ecuador, Per\u00fa y Colombia.<\/p>\n<p>El Gobierno inform\u00f3 que la lista de los que quieren volver es extensa y hasta el momento se han registrado m\u00e1s de 16.000 personas para\u00a0 retornar al pa\u00eds. M\u00e1s de 11.000 en Per\u00fa, 3.000 en Panam\u00e1, 1.500 en Ecuador y 500 en Argentina y el censo continuar\u00e1 hasta llegar a todos los pa\u00edses donde haya emigrantes venezolanos en situaci\u00f3n de vulnerabilidad. El castillo de naipes que intentan montar con la crisis de los refugiados se comienza a derrumbar con las im\u00e1genes de colas de venezolanos en las puertas de las embajadas. \u00bfC\u00f3mo es posible que los repatriados regresen a esta atroz dictadura?<\/p>\n<p>Salir de Venezuela donde la gasolina es casi gratuita, donde los servicios p\u00fablicos, agua, electricidad, tel\u00e9fono, internet, gas, no han sido privatizados, donde existe la gratuidad en la educaci\u00f3n y salud, donde la alimentaci\u00f3n, vivienda, pensiones, son derechos fundamentales a los que se tiene acceso a trav\u00e9s de los programas sociales; emigrar, dejando atr\u00e1s no solo a la familia, sino estas condiciones econ\u00f3micas y sociales para irse a vivir en pa\u00edses con sistemas neoliberales, no es f\u00e1cil. Lo que evidencia el retorno de los emigrantes es que a\u00fan con la crisis econ\u00f3mica inducida existente en Venezuela se vive mucho mejor.<\/p>\n<p>Hay cientos de testimonios que relatan c\u00f3mo muchos fueron enga\u00f1ados y estafados, por el pago de 10 a 12 mil d\u00f3lares les ofrecieron villas y castillos, espejitos de colores: ser empresarios, pasaje en avi\u00f3n o autob\u00fas, un lugar de residencia donde llegar, trabajo, les pintaron un para\u00edso. Al llegar nada de eso exist\u00eda, eran alojados en apartamentos de una habitaci\u00f3n junto con 16 personas, mal pagados, con trabajos esclavos de 16 a 20 horas diarias, de lunes a lunes y luego s\u00e1lvese quien pueda.<\/p>\n<p>Lo positivo a rescatar de esta contingencia es que independientemente que creamos o no que es el resultado de su propia decisi\u00f3n, no se los est\u00e1 juzgando, no importa cu\u00e1l sea su orientaci\u00f3n pol\u00edtica, nos duelen a todos. Los han ido a buscar. Y tal como he le\u00eddo en muchos mensajes en las redes sociales, les doy la bienvenida, me alegra verlos volver.<\/p>\n<p>La periodista de Telesur, Madelein Garc\u00eda, ha realizado un amplio reportaje en Boa Vista ciudad la fronteriza con Brasil, denunciando que para que les den permiso para pasar a Brasil los migrantes tienen que llenar un formulario que les da ACNUR (Alto Comisionado de las Naciones Unidas para los Refugiados) en el que queda firmada la solicitud de \u201crefugio como perseguido pol\u00edtico\u201d, aun cuando argumentan que sus razones para migrar son econ\u00f3micas y no pol\u00edticas; luego los instalan en unas carpas y est\u00e1n viviendo en las calles en condiciones infrahumanas. \u00a0Los testimonios y videos de los campamentos, se pueden encontrar en la cuenta twitter de la periodista: @madeleintlSur.\u00a0 Duele escuchar sus experiencias, maltratos f\u00edsicos, expresiones de odio, explotaci\u00f3n y xenofobia.\u00a0 Lo que m\u00e1s deber\u00eda preocuparle a los gobiernos de estos pa\u00edses es que con el plan Vuelta a la Patria, \u00a0se est\u00e1 visibilizando el maltrato que han recibido los venezolanos y que los millones de d\u00f3lares que hasta ahora han recibido para atender sus necesidades, lo m\u00e1s probable es que \u00a0han ido a parar a los bolsillos de estos fervientes defensores de la libertad y la democracia.<\/p>\n<p>Seg\u00fan reporta el portal de noticias Venepress durante el a\u00f1o fiscal 2017 y lo que va de 2018, Washington ha dado m\u00e1s de 50 millones de d\u00f3lares a los pa\u00edses que acogen a venezolanos. Martha Youth, directora del Bur\u00f3 de Poblaci\u00f3n, Refugiados y Migraci\u00f3n de Estados Unidos,\u00a0present\u00f3 un balance de la ayuda brindada por su pa\u00eds a aquellas naciones latinoamericanas que han recibido a los migrantes venezolanos.\u00a0\u00a0De esa cifra,\u00a0m\u00e1s de 30 millones fueron entregados durante al a\u00f1o fiscal 2017,\u00a0mientras que en lo que va de 2018 se ha colaborado con m\u00e1s de 20 millones de d\u00f3lares. Buena parte de los fondos se han entregado a Colombia y a Brasil Quiz\u00e1s esta informaci\u00f3n nos ayude a entender la motivaci\u00f3n para manipular y exagerar el n\u00famero de emigrantes que por lo visto se han convertido en un negocio muy rentable.<\/p>\n<p>El ministro de Comunicaci\u00f3n de\u00a0Venezuela Jorge Rodr\u00edguez, \u00a0dijo en rueda de prensa, que el gobierno est\u00e1 preparando una \u00abacci\u00f3n internacional\u00bb por los maltratos que han sufrido los venezolanos que han emigrado dirigida principalmente a tres eventos que ya est\u00e1n plenamente demostrados. Uno: el trabajo esclavo. Dos: la xenofobia y los delitos de odio y tres; el maltrato brutal en contra de mujeres y ni\u00f1os venezolanos\u00bb.<\/p>\n<p>\u00bfY qu\u00e9 habr\u00e1 suscitado esta reacci\u00f3n de rechazo hacia los emigrantes venezolanos? Las grandes transnacionales que controlan la informaci\u00f3n convertida en arma y campo de batalla, que monopolizan los grandes medios como Reuters, Associated Press (AP), ABC News, Agencie France-Presse (AFP) tienen una gran cuota de responsabilidad; han demonizado el pa\u00eds, alarmando y exagerando el fen\u00f3meno casi como una invasi\u00f3n a los pa\u00edses receptores.\u00a0 Para referirse a ciudadanos de cualquier otro pa\u00eds la palabra es emigrar, para los venezolanos es \u201cabandono del pa\u00eds\u201d, \u201chuida\u201d, \u201cescape\u201d del dictador al que hay que \u201ctirar del gobierno\u201d como desaforadamente gritaba el Sr Almagro,\u00a0 en una de sus recientes alocuciones en Miami.<\/p>\n<p>Otro gran aporte en la inoculaci\u00f3n de este virus mental para caracterizar a los venezolanos como una plaga lo hizo el Sr. Julio Borges, pol\u00edtico opositor, quien en su periplo por el mundo haciendo lobby para lograr m\u00e1s sanciones\u00a0 contra su propio pa\u00eds, y ahora pr\u00f3fugo de la justicia por su participaci\u00f3n en el intento de magnicidio, declar\u00f3 a los medios internacionales que la emigraci\u00f3n venezolana era un grave \u201cproblema social\u201d, \u00a0una \u201cenfermedad contagiosa\u201d que\u00a0se hab\u00eda expandido a toda la regi\u00f3n,\u00a0 y \u00a0que\u00a0 los venezolanos emigrantes eran terroristas, narcotraficantes y paramilitares.<\/p>\n<p>Otro tanto ha hecho la prensa local. El vicepresidente de Comunicaci\u00f3n, Cultura y Turismo, Jorge Rodr\u00edguez, dio\u00a0 un ejemplo de lo bajo que\u00a0 pueden\u00a0 llegar\u00a0 los\u00a0 medios;\u00a0 recientemente\u00a0 el\u00a0 peri\u00f3dico\u00a0 venezolano\u00a0 El\u00a0 Nacional,\u00a0 rese\u00f1\u00f3\u00a0 en un gran\u00a0 titular la siguiente noticia : \u201cAseguran que infidelidad en Colombia aument\u00f3 por llegada de venezolanas\u201d, es decir los castos varones colombianos, que llevan 60 a\u00f1os en guerra civil\u00a0 y son los mayores productores de desplazados y refugiados a nivel mundial,\u00a0 sucumbieron a la diab\u00f3lica influencia de las bellas mujeres venezolanas, el viejo cuento de la manzana, que todo el mundo sabe que es un\u00a0 fake news desde el tiempo de Ad\u00e1n y Eva.<\/p>\n<p>Venezuela hist\u00f3ricamente ha sido receptora de \u00a0emigrantes y es uno de los pa\u00edses que m\u00e1s personas de otros pa\u00edses tiene. El presidente Maduro recientemente inform\u00f3: \u201cVenezuela sabe lo que es la migraci\u00f3n porque es un pa\u00eds receptor y adem\u00e1s es el segundo pa\u00eds del continente que mayor cantidad de inmigrantes recibe. Casi el 30% de la poblaci\u00f3n son migrantes: de Colombia 5 millones 600 mil,\u00a0 de Ecuador 500 mil, de Per\u00fa 500 mil, de Portugal 400 mil, de Italia, 200 mil, de Espa\u00f1a 250 mil, del mundo \u00e1rabe un mill\u00f3n aproximadamente, y de la China 500 mil\u201d. \u00a0El presidente ir\u00f3nicamente declar\u00f3 que \u00a0Venezuela pedir\u00e1 a Bogot\u00e1 indemnizaci\u00f3n por los colombianos que se encuentran viviendo en Venezuela recibiendo empleo, salario, salud, educaci\u00f3n y vivienda. \u201cNo nos hemos quejado y no salimos por el mundo a decir: \u00a1La migraci\u00f3n colombiana! \u00a1Necesitamos ayuda!\u00bb<\/p>\n<p>En el\u00a039\u00b0 per\u00edodo de sesiones del Consejo de Derechos Humanos de la ONU, que se est\u00e1 realizando \u00a0en\u00a0Ginebra, Suiza, particip\u00f3 una amplia delegaci\u00f3n del pa\u00eds. Su misi\u00f3n es expresar\u00a0la verdad de Venezuela\u00a0y \u00a0desmontar las mentiras que existen en materia migratoria y de derechos humanos. El canciller\u00a0Jorge Arreaza se reuni\u00f3 con la reci\u00e9n nombrada alta comisionada,\u00a0Michelle Bachelet, y abri\u00f3 un canal de comunicaci\u00f3n para responder al\u00a0informe criminalizado\u00a0que su predecesor el pr\u00edncipe jordano, Zeid Ra&#8217;ad al Hussein hab\u00eda generado contra\u00a0Venezuela. El canciller declar\u00f3 que esperaba que en su gesti\u00f3n la Sra. Bachelet mantuviera una actitud de equilibrio y tenga la voluntad de comenzar una nueva etapa de cooperaci\u00f3n. Venezuela est\u00e1 dispuesta a pasar la p\u00e1gina de lo vivido con el anterior funcionario, quien actu\u00f3 siempre asumiendo una posici\u00f3n pol\u00edtica parcializada en contra de Venezuela. \u00a0As\u00ed mismo extendi\u00f3 una invitaci\u00f3n al Relator de la ONU para Medidas Coercitivas Unilaterales a visitar Venezuela para \u201cconstatar en el terreno los efectos de la guerra econ\u00f3mica sobre el pueblo venezolano\u201d.<\/p>\n<p>La Sra. Michelle Bachelet, en su discurso inaugural, se refiri\u00f3 al fen\u00f3meno migratorio venezolano, lamentablemente repitiendo el mismo guion alineado con los intereses de Estados Unidos en la regi\u00f3n. Solo unos peque\u00f1os extractos para ilustrar el rumbo de sus palabras: \u201c\u2026\/Se calcula que 2,3 millones de personas han abandonado el pa\u00eds, \u00a0 debido sobre todo a la escasez de alimentos o de acceso a los medicamentos y cuidados sanitarios\u2026\/ \u00a0Esta corriente migratoria se est\u00e1 acelerando\u2026 \/Los movimientos transfronterizos de esta magnitud constituyen un hecho sin precedentes en la historia reciente del continente americano\u2026 \/Desde la publicaci\u00f3n de nuestro \u00faltimo informe sobre Venezuela, en junio pasado, la Oficina ha seguido recibiendo informaci\u00f3n sobre vulneraciones de derechos sociales y econ\u00f3micos \u2013tales como casos de muertes por desnutrici\u00f3n o enfermedades prevenibles\u201d.<\/p>\n<p>La Sra. Bachelet no menciona en su discurso que la causa directa de la emigraci\u00f3n de venezolanos, de la escasez de alimentos y medicamentos, \u00a0es el p\u00fablico, notorio y feroz bloqueo econ\u00f3mico y sanciones impuestas al pa\u00eds, el bloqueo de fondos venezolanos que impide el acceso a medicamentos y alimentos, lo cual constituye un delito de lesa humanidad y una flagrante violaci\u00f3n de los derechos humanos de todo un pa\u00eds: los que emigran y los que permanecen resistiendo un bizantino asedio al mejor estilo de la Edad Media. Mal comienzo el de la Sra. Bachelet con este notorio sesgo en su discurso inaugural sobre la situaci\u00f3n de Venezuela.<\/p>\n<p>El canciller Arreaza, \u00a0tuvo el derecho de palabra durante la presentaci\u00f3n del informe del Sr. Alfred De Zayas, Alto Comisionado de las Naciones Unidas para el Desarrollo Sustentable, quien estuvo en Venezuela enviado por la ONU, se reuni\u00f3 con el gobierno, con todos los sectores de la vida pol\u00edtica, econ\u00f3mica y social del pa\u00eds y en su informe concluye que Venezuela tiene problemas pero lo que m\u00e1s est\u00e1 afectando la vida diaria, es una guerra contra la econom\u00eda venezolana que \u201cafectan y contravienen la letra y el esp\u00edritu de la Carta de las Naciones Unidas, pues destruyen a poblaciones inocentes. Este tipo de sanciones est\u00e1n orientadas al fracaso de los pa\u00edses que proponen un nuevo paradigma socio-econ\u00f3mico distinto al capitalismo,\u00a0cuesti\u00f3n que conlleva a la imposici\u00f3n de medidas coercitivas y unilaterales para lograr el fracaso de esas econom\u00edas y a su vez justificar el cambio de gobierno\u201d.<\/p>\n<p>Quiz\u00e1s tenga Venezuela demasiado petr\u00f3leo, demasiado gas, demasiadas riquezas, y eso la pone en el objetivo de los grandes intereses capitalistas del mundo, denunci\u00f3 el ministro de Relaciones Exteriores.<\/p>\n<p>En este enlace se encuentra la intervenci\u00f3n del Canciller en la reuni\u00f3n de la ONU:<\/p>\n<p><a href=\"http:\/\/mppre.gob.ve\/discurso\/ intervencion-del-canciller- jorge-arreaza-en-el-39- periodo-de-sesiones-del- consejo-de-derechos-humanos\/\">http:\/\/mppre.gob.ve\/discurso\/ intervencion-del-canciller- jorge-arreaza-en-el-39- periodo-de-sesiones-del- consejo-de-derechos-humanos\/<\/a><\/p>\n<p>&nbsp;<\/p>\n<p>&nbsp;<\/p>\n<p>&nbsp;<\/p>\n","protected":false},"excerpt":{"rendered":"<p>Quiero resaltar algunas noticias que se han producido en estos primeros d\u00edas del mes de Septiembre con alta repercusi\u00f3n nacional y que probablemente no hayan sido informadas por los medios internacionales: La reuni\u00f3n de la OEA del 5 de Septiembre&hellip;<\/p>\n","protected":false},"author":1501,"featured_media":721564,"comment_status":"closed","ping_status":"closed","sticky":false,"template":"","format":"standard","meta":{"footnotes":""},"categories":[11389,161,74,67],"tags":[9230,49979,3883],"class_list":["post-721553","post","type-post","status-publish","format-standard","has-post-thumbnail","hentry","category-contenido-original","category-opiniones","category-politica-es","category-sudamerica","tag-nicolas-maduro-es-en-es","tag-retorno","tag-venezuela-es"],"yoast_head":"<!-- This site is optimized with the Yoast SEO plugin v27.1.1 - https:\/\/yoast.com\/product\/yoast-seo-wordpress\/ -->\n<title>\u00bfC\u00f3mo es posible que miles de repatriados venezolanos regresen a una atroz dictadura?<\/title>\n<meta name=\"description\" content=\"Quiero resaltar algunas noticias que se han producido en estos primeros d\u00edas del mes de Septiembre con alta repercusi\u00f3n nacional y que probablemente no\" \/>\n<meta name=\"robots\" content=\"index, follow, max-snippet:-1, max-image-preview:large, max-video-preview:-1\" \/>\n<link rel=\"canonical\" href=\"https:\/\/www.pressenza.com\/es\/2018\/09\/como-es-posible-que-miles-de-repatriados-venezolanos-regresen-a-una-atroz-dictadura\/\" \/>\n<meta property=\"og:locale\" content=\"es_ES\" \/>\n<meta property=\"og:type\" content=\"article\" \/>\n<meta property=\"og:title\" content=\"\u00bfC\u00f3mo es posible que miles de repatriados venezolanos regresen a una atroz dictadura?\" \/>\n<meta property=\"og:description\" content=\"Quiero resaltar algunas noticias que se han producido en estos primeros d\u00edas del mes de Septiembre con alta repercusi\u00f3n nacional y que probablemente no\" \/>\n<meta property=\"og:url\" content=\"https:\/\/www.pressenza.com\/es\/2018\/09\/como-es-posible-que-miles-de-repatriados-venezolanos-regresen-a-una-atroz-dictadura\/\" \/>\n<meta property=\"og:site_name\" content=\"Pressenza\" \/>\n<meta property=\"article:publisher\" content=\"https:\/\/www.facebook.com\/PressenzaItalia\" \/>\n<meta property=\"article:published_time\" content=\"2018-09-17T22:43:50+00:00\" \/>\n<meta property=\"og:image\" content=\"https:\/\/www.pressenza.com\/wp-content\/uploads\/2018\/09\/venezuelaretornanmigrantesargentina-a04dcd70c9cd108ab446ded19b9decdc-1200x600.jpg\" \/>\n\t<meta property=\"og:image:width\" content=\"1200\" \/>\n\t<meta property=\"og:image:height\" content=\"600\" \/>\n\t<meta property=\"og:image:type\" content=\"image\/jpeg\" \/>\n<meta name=\"author\" content=\"Rosi Bar\u00f3\" \/>\n<meta name=\"twitter:card\" content=\"summary_large_image\" \/>\n<meta name=\"twitter:creator\" content=\"@PressenzaIPA\" \/>\n<meta name=\"twitter:site\" content=\"@PressenzaIPA\" \/>\n<meta name=\"twitter:label1\" content=\"Escrito por\" \/>\n\t<meta name=\"twitter:data1\" content=\"Rosi Bar\u00f3\" \/>\n\t<meta name=\"twitter:label2\" content=\"Tiempo de lectura\" \/>\n\t<meta name=\"twitter:data2\" content=\"13 minutos\" \/>\n<script type=\"application\/ld+json\" class=\"yoast-schema-graph\">{\"@context\":\"https:\/\/schema.org\",\"@graph\":[{\"@type\":\"Article\",\"@id\":\"https:\/\/www.pressenza.com\/es\/2018\/09\/como-es-posible-que-miles-de-repatriados-venezolanos-regresen-a-una-atroz-dictadura\/#article\",\"isPartOf\":{\"@id\":\"https:\/\/www.pressenza.com\/es\/2018\/09\/como-es-posible-que-miles-de-repatriados-venezolanos-regresen-a-una-atroz-dictadura\/\"},\"author\":{\"name\":\"Rosi Bar\u00f3\",\"@id\":\"https:\/\/www.pressenza.com\/es\/#\/schema\/person\/564c0f4eee6bd521f5bf34f94dd4f4c6\"},\"headline\":\"\u00bfC\u00f3mo es posible que miles de repatriados venezolanos regresen a una atroz dictadura?\",\"datePublished\":\"2018-09-17T22:43:50+00:00\",\"mainEntityOfPage\":{\"@id\":\"https:\/\/www.pressenza.com\/es\/2018\/09\/como-es-posible-que-miles-de-repatriados-venezolanos-regresen-a-una-atroz-dictadura\/\"},\"wordCount\":2688,\"publisher\":{\"@id\":\"https:\/\/www.pressenza.com\/es\/#organization\"},\"image\":{\"@id\":\"https:\/\/www.pressenza.com\/es\/2018\/09\/como-es-posible-que-miles-de-repatriados-venezolanos-regresen-a-una-atroz-dictadura\/#primaryimage\"},\"thumbnailUrl\":\"https:\/\/www.pressenza.com\/wp-content\/uploads\/2018\/09\/venezuelaretornanmigrantesargentina-a04dcd70c9cd108ab446ded19b9decdc-1200x600.jpg\",\"keywords\":[\"Nicol\u00e1s Maduro\",\"retorno\",\"Venezuela\"],\"articleSection\":[\"Contenido Original\",\"Opiniones\",\"Pol\u00edtica\",\"Sudam\u00e9rica\"],\"inLanguage\":\"es\"},{\"@type\":\"WebPage\",\"@id\":\"https:\/\/www.pressenza.com\/es\/2018\/09\/como-es-posible-que-miles-de-repatriados-venezolanos-regresen-a-una-atroz-dictadura\/\",\"url\":\"https:\/\/www.pressenza.com\/es\/2018\/09\/como-es-posible-que-miles-de-repatriados-venezolanos-regresen-a-una-atroz-dictadura\/\",\"name\":\"\u00bfC\u00f3mo es posible que miles de repatriados venezolanos regresen a una atroz dictadura?\",\"isPartOf\":{\"@id\":\"https:\/\/www.pressenza.com\/es\/#website\"},\"primaryImageOfPage\":{\"@id\":\"https:\/\/www.pressenza.com\/es\/2018\/09\/como-es-posible-que-miles-de-repatriados-venezolanos-regresen-a-una-atroz-dictadura\/#primaryimage\"},\"image\":{\"@id\":\"https:\/\/www.pressenza.com\/es\/2018\/09\/como-es-posible-que-miles-de-repatriados-venezolanos-regresen-a-una-atroz-dictadura\/#primaryimage\"},\"thumbnailUrl\":\"https:\/\/www.pressenza.com\/wp-content\/uploads\/2018\/09\/venezuelaretornanmigrantesargentina-a04dcd70c9cd108ab446ded19b9decdc-1200x600.jpg\",\"datePublished\":\"2018-09-17T22:43:50+00:00\",\"description\":\"Quiero resaltar algunas noticias que se han producido en estos primeros d\u00edas del mes de Septiembre con alta repercusi\u00f3n nacional y que probablemente no\",\"breadcrumb\":{\"@id\":\"https:\/\/www.pressenza.com\/es\/2018\/09\/como-es-posible-que-miles-de-repatriados-venezolanos-regresen-a-una-atroz-dictadura\/#breadcrumb\"},\"inLanguage\":\"es\",\"potentialAction\":[{\"@type\":\"ReadAction\",\"target\":[\"https:\/\/www.pressenza.com\/es\/2018\/09\/como-es-posible-que-miles-de-repatriados-venezolanos-regresen-a-una-atroz-dictadura\/\"]}]},{\"@type\":\"ImageObject\",\"inLanguage\":\"es\",\"@id\":\"https:\/\/www.pressenza.com\/es\/2018\/09\/como-es-posible-que-miles-de-repatriados-venezolanos-regresen-a-una-atroz-dictadura\/#primaryimage\",\"url\":\"https:\/\/www.pressenza.com\/wp-content\/uploads\/2018\/09\/venezuelaretornanmigrantesargentina-a04dcd70c9cd108ab446ded19b9decdc-1200x600.jpg\",\"contentUrl\":\"https:\/\/www.pressenza.com\/wp-content\/uploads\/2018\/09\/venezuelaretornanmigrantesargentina-a04dcd70c9cd108ab446ded19b9decdc-1200x600.jpg\",\"width\":1200,\"height\":600},{\"@type\":\"BreadcrumbList\",\"@id\":\"https:\/\/www.pressenza.com\/es\/2018\/09\/como-es-posible-que-miles-de-repatriados-venezolanos-regresen-a-una-atroz-dictadura\/#breadcrumb\",\"itemListElement\":[{\"@type\":\"ListItem\",\"position\":1,\"name\":\"Accueil\",\"item\":\"https:\/\/www.pressenza.com\/es\/\"},{\"@type\":\"ListItem\",\"position\":2,\"name\":\"\u00bfC\u00f3mo es posible que miles de repatriados venezolanos regresen a una atroz dictadura?\"}]},{\"@type\":\"WebSite\",\"@id\":\"https:\/\/www.pressenza.com\/es\/#website\",\"url\":\"https:\/\/www.pressenza.com\/es\/\",\"name\":\"Pressenza\",\"description\":\"International Press Agency\",\"publisher\":{\"@id\":\"https:\/\/www.pressenza.com\/es\/#organization\"},\"potentialAction\":[{\"@type\":\"SearchAction\",\"target\":{\"@type\":\"EntryPoint\",\"urlTemplate\":\"https:\/\/www.pressenza.com\/es\/?s={search_term_string}\"},\"query-input\":{\"@type\":\"PropertyValueSpecification\",\"valueRequired\":true,\"valueName\":\"search_term_string\"}}],\"inLanguage\":\"es\"},{\"@type\":\"Organization\",\"@id\":\"https:\/\/www.pressenza.com\/es\/#organization\",\"name\":\"Pressenza\",\"url\":\"https:\/\/www.pressenza.com\/es\/\",\"logo\":{\"@type\":\"ImageObject\",\"inLanguage\":\"es\",\"@id\":\"https:\/\/www.pressenza.com\/es\/#\/schema\/logo\/image\/\",\"url\":\"https:\/\/www.pressenza.com\/wp-content\/uploads\/2022\/10\/pressenza_logo_200x200.jpg\",\"contentUrl\":\"https:\/\/www.pressenza.com\/wp-content\/uploads\/2022\/10\/pressenza_logo_200x200.jpg\",\"width\":200,\"height\":200,\"caption\":\"Pressenza\"},\"image\":{\"@id\":\"https:\/\/www.pressenza.com\/es\/#\/schema\/logo\/image\/\"},\"sameAs\":[\"https:\/\/www.facebook.com\/PressenzaItalia\",\"https:\/\/x.com\/PressenzaIPA\"]},{\"@type\":\"Person\",\"@id\":\"https:\/\/www.pressenza.com\/es\/#\/schema\/person\/564c0f4eee6bd521f5bf34f94dd4f4c6\",\"name\":\"Rosi Bar\u00f3\",\"description\":\"Radicada en Venezuela, de formaci\u00f3n Silo\u00edsta y Humanista, ha vivido y apoya el proceso de la Revoluci\u00f3n Bolivariana desde su comienzo. Actualmente participa en el Consejo Local de Abastecimiento y Producci\u00f3n (CLAP) de su zona.\",\"url\":\"https:\/\/www.pressenza.com\/es\/author\/rosi-baro\/\"}]}<\/script>\n<!-- \/ Yoast SEO plugin. -->","yoast_head_json":{"title":"\u00bfC\u00f3mo es posible que miles de repatriados venezolanos regresen a una atroz dictadura?","description":"Quiero resaltar algunas noticias que se han producido en estos primeros d\u00edas del mes de Septiembre con alta repercusi\u00f3n nacional y que probablemente no","robots":{"index":"index","follow":"follow","max-snippet":"max-snippet:-1","max-image-preview":"max-image-preview:large","max-video-preview":"max-video-preview:-1"},"canonical":"https:\/\/www.pressenza.com\/es\/2018\/09\/como-es-posible-que-miles-de-repatriados-venezolanos-regresen-a-una-atroz-dictadura\/","og_locale":"es_ES","og_type":"article","og_title":"\u00bfC\u00f3mo es posible que miles de repatriados venezolanos regresen a una atroz dictadura?","og_description":"Quiero resaltar algunas noticias que se han producido en estos primeros d\u00edas del mes de Septiembre con alta repercusi\u00f3n nacional y que probablemente no","og_url":"https:\/\/www.pressenza.com\/es\/2018\/09\/como-es-posible-que-miles-de-repatriados-venezolanos-regresen-a-una-atroz-dictadura\/","og_site_name":"Pressenza","article_publisher":"https:\/\/www.facebook.com\/PressenzaItalia","article_published_time":"2018-09-17T22:43:50+00:00","og_image":[{"width":1200,"height":600,"url":"https:\/\/www.pressenza.com\/wp-content\/uploads\/2018\/09\/venezuelaretornanmigrantesargentina-a04dcd70c9cd108ab446ded19b9decdc-1200x600.jpg","type":"image\/jpeg"}],"author":"Rosi Bar\u00f3","twitter_card":"summary_large_image","twitter_creator":"@PressenzaIPA","twitter_site":"@PressenzaIPA","twitter_misc":{"Escrito por":"Rosi Bar\u00f3","Tiempo de lectura":"13 minutos"},"schema":{"@context":"https:\/\/schema.org","@graph":[{"@type":"Article","@id":"https:\/\/www.pressenza.com\/es\/2018\/09\/como-es-posible-que-miles-de-repatriados-venezolanos-regresen-a-una-atroz-dictadura\/#article","isPartOf":{"@id":"https:\/\/www.pressenza.com\/es\/2018\/09\/como-es-posible-que-miles-de-repatriados-venezolanos-regresen-a-una-atroz-dictadura\/"},"author":{"name":"Rosi Bar\u00f3","@id":"https:\/\/www.pressenza.com\/es\/#\/schema\/person\/564c0f4eee6bd521f5bf34f94dd4f4c6"},"headline":"\u00bfC\u00f3mo es posible que miles de repatriados venezolanos regresen a una atroz dictadura?","datePublished":"2018-09-17T22:43:50+00:00","mainEntityOfPage":{"@id":"https:\/\/www.pressenza.com\/es\/2018\/09\/como-es-posible-que-miles-de-repatriados-venezolanos-regresen-a-una-atroz-dictadura\/"},"wordCount":2688,"publisher":{"@id":"https:\/\/www.pressenza.com\/es\/#organization"},"image":{"@id":"https:\/\/www.pressenza.com\/es\/2018\/09\/como-es-posible-que-miles-de-repatriados-venezolanos-regresen-a-una-atroz-dictadura\/#primaryimage"},"thumbnailUrl":"https:\/\/www.pressenza.com\/wp-content\/uploads\/2018\/09\/venezuelaretornanmigrantesargentina-a04dcd70c9cd108ab446ded19b9decdc-1200x600.jpg","keywords":["Nicol\u00e1s Maduro","retorno","Venezuela"],"articleSection":["Contenido Original","Opiniones","Pol\u00edtica","Sudam\u00e9rica"],"inLanguage":"es"},{"@type":"WebPage","@id":"https:\/\/www.pressenza.com\/es\/2018\/09\/como-es-posible-que-miles-de-repatriados-venezolanos-regresen-a-una-atroz-dictadura\/","url":"https:\/\/www.pressenza.com\/es\/2018\/09\/como-es-posible-que-miles-de-repatriados-venezolanos-regresen-a-una-atroz-dictadura\/","name":"\u00bfC\u00f3mo es posible que miles de repatriados venezolanos regresen a una atroz dictadura?","isPartOf":{"@id":"https:\/\/www.pressenza.com\/es\/#website"},"primaryImageOfPage":{"@id":"https:\/\/www.pressenza.com\/es\/2018\/09\/como-es-posible-que-miles-de-repatriados-venezolanos-regresen-a-una-atroz-dictadura\/#primaryimage"},"image":{"@id":"https:\/\/www.pressenza.com\/es\/2018\/09\/como-es-posible-que-miles-de-repatriados-venezolanos-regresen-a-una-atroz-dictadura\/#primaryimage"},"thumbnailUrl":"https:\/\/www.pressenza.com\/wp-content\/uploads\/2018\/09\/venezuelaretornanmigrantesargentina-a04dcd70c9cd108ab446ded19b9decdc-1200x600.jpg","datePublished":"2018-09-17T22:43:50+00:00","description":"Quiero resaltar algunas noticias que se han producido en estos primeros d\u00edas del mes de Septiembre con alta repercusi\u00f3n nacional y que probablemente no","breadcrumb":{"@id":"https:\/\/www.pressenza.com\/es\/2018\/09\/como-es-posible-que-miles-de-repatriados-venezolanos-regresen-a-una-atroz-dictadura\/#breadcrumb"},"inLanguage":"es","potentialAction":[{"@type":"ReadAction","target":["https:\/\/www.pressenza.com\/es\/2018\/09\/como-es-posible-que-miles-de-repatriados-venezolanos-regresen-a-una-atroz-dictadura\/"]}]},{"@type":"ImageObject","inLanguage":"es","@id":"https:\/\/www.pressenza.com\/es\/2018\/09\/como-es-posible-que-miles-de-repatriados-venezolanos-regresen-a-una-atroz-dictadura\/#primaryimage","url":"https:\/\/www.pressenza.com\/wp-content\/uploads\/2018\/09\/venezuelaretornanmigrantesargentina-a04dcd70c9cd108ab446ded19b9decdc-1200x600.jpg","contentUrl":"https:\/\/www.pressenza.com\/wp-content\/uploads\/2018\/09\/venezuelaretornanmigrantesargentina-a04dcd70c9cd108ab446ded19b9decdc-1200x600.jpg","width":1200,"height":600},{"@type":"BreadcrumbList","@id":"https:\/\/www.pressenza.com\/es\/2018\/09\/como-es-posible-que-miles-de-repatriados-venezolanos-regresen-a-una-atroz-dictadura\/#breadcrumb","itemListElement":[{"@type":"ListItem","position":1,"name":"Accueil","item":"https:\/\/www.pressenza.com\/es\/"},{"@type":"ListItem","position":2,"name":"\u00bfC\u00f3mo es posible que miles de repatriados venezolanos regresen a una atroz dictadura?"}]},{"@type":"WebSite","@id":"https:\/\/www.pressenza.com\/es\/#website","url":"https:\/\/www.pressenza.com\/es\/","name":"Pressenza","description":"International Press Agency","publisher":{"@id":"https:\/\/www.pressenza.com\/es\/#organization"},"potentialAction":[{"@type":"SearchAction","target":{"@type":"EntryPoint","urlTemplate":"https:\/\/www.pressenza.com\/es\/?s={search_term_string}"},"query-input":{"@type":"PropertyValueSpecification","valueRequired":true,"valueName":"search_term_string"}}],"inLanguage":"es"},{"@type":"Organization","@id":"https:\/\/www.pressenza.com\/es\/#organization","name":"Pressenza","url":"https:\/\/www.pressenza.com\/es\/","logo":{"@type":"ImageObject","inLanguage":"es","@id":"https:\/\/www.pressenza.com\/es\/#\/schema\/logo\/image\/","url":"https:\/\/www.pressenza.com\/wp-content\/uploads\/2022\/10\/pressenza_logo_200x200.jpg","contentUrl":"https:\/\/www.pressenza.com\/wp-content\/uploads\/2022\/10\/pressenza_logo_200x200.jpg","width":200,"height":200,"caption":"Pressenza"},"image":{"@id":"https:\/\/www.pressenza.com\/es\/#\/schema\/logo\/image\/"},"sameAs":["https:\/\/www.facebook.com\/PressenzaItalia","https:\/\/x.com\/PressenzaIPA"]},{"@type":"Person","@id":"https:\/\/www.pressenza.com\/es\/#\/schema\/person\/564c0f4eee6bd521f5bf34f94dd4f4c6","name":"Rosi Bar\u00f3","description":"Radicada en Venezuela, de formaci\u00f3n Silo\u00edsta y Humanista, ha vivido y apoya el proceso de la Revoluci\u00f3n Bolivariana desde su comienzo. Actualmente participa en el Consejo Local de Abastecimiento y Producci\u00f3n (CLAP) de su zona.","url":"https:\/\/www.pressenza.com\/es\/author\/rosi-baro\/"}]}},"place":"Caracas, Venezuela","original_article_url":"","_links":{"self":[{"href":"https:\/\/www.pressenza.com\/es\/wp-json\/wp\/v2\/posts\/721553","targetHints":{"allow":["GET"]}}],"collection":[{"href":"https:\/\/www.pressenza.com\/es\/wp-json\/wp\/v2\/posts"}],"about":[{"href":"https:\/\/www.pressenza.com\/es\/wp-json\/wp\/v2\/types\/post"}],"author":[{"embeddable":true,"href":"https:\/\/www.pressenza.com\/es\/wp-json\/wp\/v2\/users\/1501"}],"replies":[{"embeddable":true,"href":"https:\/\/www.pressenza.com\/es\/wp-json\/wp\/v2\/comments?post=721553"}],"version-history":[{"count":0,"href":"https:\/\/www.pressenza.com\/es\/wp-json\/wp\/v2\/posts\/721553\/revisions"}],"wp:featuredmedia":[{"embeddable":true,"href":"https:\/\/www.pressenza.com\/es\/wp-json\/wp\/v2\/media\/721564"}],"wp:attachment":[{"href":"https:\/\/www.pressenza.com\/es\/wp-json\/wp\/v2\/media?parent=721553"}],"wp:term":[{"taxonomy":"category","embeddable":true,"href":"https:\/\/www.pressenza.com\/es\/wp-json\/wp\/v2\/categories?post=721553"},{"taxonomy":"post_tag","embeddable":true,"href":"https:\/\/www.pressenza.com\/es\/wp-json\/wp\/v2\/tags?post=721553"}],"curies":[{"name":"wp","href":"https:\/\/api.w.org\/{rel}","templated":true}]}}