{"id":721529,"date":"2018-09-17T23:23:13","date_gmt":"2018-09-17T22:23:13","guid":{"rendered":"https:\/\/www.pressenza.com\/?p=721529"},"modified":"2018-09-17T23:36:19","modified_gmt":"2018-09-17T22:36:19","slug":"ordenan-el-desalojo-de-otra-comunidad-indigena","status":"publish","type":"post","link":"https:\/\/www.pressenza.com\/es\/2018\/09\/ordenan-el-desalojo-de-otra-comunidad-indigena\/","title":{"rendered":"Ordenan el desalojo de otra comunidad ind\u00edgena"},"content":{"rendered":"<p><em><strong>\u201c(El) Juez Subrogante Sr. Jorge Novarino ordena el desalojo de las personas de la Comunidad Sacamata Liempich\u00fan y autoriza a la Juez de Paz de la localidad de Alto Rio Senguer (\u2026) a hacer uso de la fuerza p\u00fablica, allanar domicilios y violentar cerraduras.\u201d<\/strong><\/em><\/p>\n<p>El breve p\u00e1rrafo anterior expresa la \u00faltima respuesta de la <em>\u201cjusticia\u201d<\/em> al conflicto que la comunidad tehuelche-mapuche Sacamata Liempich\u00fan sostiene con los invasores de sus tierras.<\/p>\n<p>El comunicado que la comunidad hizo p\u00fablico hace unos d\u00edas, detalla el largo historial que precede a esa respuesta. Resumidamente:<\/p>\n<ul>\n<li>en 1906, la gente del cacique Juan Sacamata ya se hab\u00eda establecido en la zona;<\/li>\n<li>\u00a0en 1925 a trav\u00e9s de un decreto del Poder Ejecutivo, se les reconocen 10.000 hect\u00e1reas de tierra;<\/li>\n<li>desde entonces, una parte de esas tierras ser\u00edan paulatinamente usurpadas por privados con el consentimiento de funcionarios pol\u00edticos y judiciales de turno y otra parte por el mismo Estado;<\/li>\n<li>desde la d\u00e9cada del 40 la comunidad reclama sus derechos sin lograr ning\u00fan reconocimiento (tampoco se logr\u00f3 el cumplimiento del relevamiento previsto en la ley 26160);<\/li>\n<li>finalmente, en diciembre de 2010, sus miembros deciden ejercer los derechos que se le niegan y recuperan una peque\u00f1a parte (300 hect\u00e1reas) del territorio usurpado.<\/li>\n<\/ul>\n<p><em>\u201cA partir de ese momento (\u2026) \u00a0volvimos a ejercer control territorial y a desarrollar all\u00ed nuestras actividades tradicionales; ceremonias ancestrales y distintos lugares sagrados como los son nuestro Eltun (cementerios sagrados) y nuestro rewe (lugar ceremonial).\u201d<\/em><\/p>\n<p>Ahora la <em>\u201cjusticia\u201d<\/em> desconoce una vez m\u00e1s la legislaci\u00f3n vigente, falla en su contra y ordena el \u00a0desalojo.<\/p>\n<div id=\"attachment_721541\" class=\"wp-caption alignnone\"><img loading=\"lazy\" decoding=\"async\" aria-describedby=\"caption-attachment-721541\" class=\"wp-image-721541 size-large\" src=\"https:\/\/www.pressenza.com\/wp-content\/uploads\/2018\/09\/Familia-Sacamata-Liempichun-720x326.jpg\" alt=\"\" width=\"720\" height=\"326\" srcset=\"https:\/\/www.pressenza.com\/wp-content\/uploads\/2018\/09\/Familia-Sacamata-Liempichun-720x326.jpg 720w, https:\/\/www.pressenza.com\/wp-content\/uploads\/2018\/09\/Familia-Sacamata-Liempichun-300x136.jpg 300w, https:\/\/www.pressenza.com\/wp-content\/uploads\/2018\/09\/Familia-Sacamata-Liempichun-768x348.jpg 768w, https:\/\/www.pressenza.com\/wp-content\/uploads\/2018\/09\/Familia-Sacamata-Liempichun.jpg 1163w\" sizes=\"auto, (max-width: 720px) 100vw, 720px\" \/><p id=\"caption-attachment-721541\" class=\"wp-caption-text\">Antigua imagen de la familia Sacamata Liempichun.<\/p><\/div>\n<h4>\u201c\u00bfA qui\u00e9nes vamos a recurrir?\u201d<\/h4>\n<p><em>\u201cLa historia de esta comunidad \u2013sobre el despojo sufrido a fines de siglo y nuevamente en los a\u00f1os \u201840\u2013\u00a0 es el relato que se repite incansablemente en distintos lugares del Puelmapu\u201d<\/em>, dice el longko Mauro Mill\u00e1n en un comunicado desde su comunidad Pilla\u00f1 Mawiza.<\/p>\n<p>Y agrega: \u201c<em>Si esas son las \u00fanicas respuestas del poder estatal ante nuestros derechos como pueblos ind\u00edgenas, si esa es la \u00fanica \u201cjusticia\u201d a la que podemos recurrir, el desenlace ser\u00e1 el mismo que vivieron nuestros antepasados. \u00bfA qui\u00e9nes vamos a recurrir? \u00bfQui\u00e9nes pueden ser garantes de la integridad f\u00edsica de un pueblo que est\u00e1 decidido a no ceder m\u00e1s?\u201d<\/em><\/p>\n<p>Desde la comunidad Sacamata-Liempichun, esperan poder contar con el apoyo de sus propios hermanos, organismos de derechos humanos, organizaciones sociales y \u2013agregan\u2013<em>\u201cllamamos a todos aquellos que se sientan identificados con nuestra lucha a movilizarse, acercarse a nuestra Comunidad sobretodo y difundir nuestra situaci\u00f3n.\u201d<\/em><\/p>\n<p>El llamado resulta comprensible y urgente cuando se recuerdan los casos del Lof en resistencia Cushamen y de Lago Mascardi, que costaron la vida de Santiago Maldonado y Rafael Nahuel. Y porque conoce los antecedentes, la comunidad hace responsables al Estado \u2013en sus distintos niveles\u2013, al Juez Novarino, a las autoridades de aplicaci\u00f3n<em> \u201cy a los terratenientes usurpadores \u00ad\u2013los hermanos Al\u00ed\u2013 por cualquier incidente que ocurra en el territorio, que ponga en peligro, y que atente contra la vida e integridad f\u00edsica de cada uno de nuestros integrantes, bienes, etc\u201d.<\/em><\/p>\n<p>Tambi\u00e9n confirman su determinaci\u00f3n de defender sus derechos: <em>\u201cHoy seguimos con la firme convicci\u00f3n y determinaci\u00f3n de luchar por lo que nos pertenece y demandamos justicia y reparaci\u00f3n hist\u00f3rica, por la restituci\u00f3n de todo lo que nos quitaron.\u201d<\/em><\/p>\n<p>Mientras tanto Mauro Mill\u00e1n reflexiona y refuerza la convocatoria:<\/p>\n<p><em>\u201cquienes atentan permanentemente contra la libertad de decidir y planificar nuestro futuro como Pueblo son unos pocos, hay una gran mayor\u00eda de espectadores pasivos. Y siempre, en todas las historias de la humanidad, en cualquier parte del mundo donde se le puso l\u00edmite a la tiran\u00eda, fue una mayor\u00eda consciente la que decide actuar y virar la historia. Por eso, a esa mayor\u00eda, le pedimos una intervenci\u00f3n directa y concreta.\u00a0 Es necesario, mujeres y hombres de buena voluntad, que se acerquen a la comunidad Sacamata-Liempichun de R\u00edo Senguer para acompa\u00f1ar, para apoyar, para levantar ese esp\u00edritu de resistencia. Y sabr\u00e1n, quienes lean en un futuro esta cr\u00f3nica, que la mayor\u00eda, consciente de su historia, nuevamente le puso l\u00edmite a la tiran\u00eda.\u201d<\/em><\/p>\n<hr \/>\n<p><strong>Contactos<\/strong><br \/>\nWaldo Liempich\u00fan, werken, 2974353268<br \/>\nCristina Liempichun, werken, comunidad Sacamata-Liempichun, cel: 2945683019<br \/>\nYamila Liempichun, comunidad Sacamata-Liempichun, cel: 2945582084<br \/>\nMauro Millan, longko de la comunidad Pilla\u00f1 Mawiza, cel: 2945587317<\/p>\n","protected":false},"excerpt":{"rendered":"<p>\u201c(El) Juez Subrogante Sr. Jorge Novarino ordena el desalojo de las personas de la Comunidad Sacamata Liempich\u00fan y autoriza a la Juez de Paz de la localidad de Alto Rio Senguer (\u2026) a hacer uso de la fuerza p\u00fablica, allanar&hellip;<\/p>\n","protected":false},"author":1187,"featured_media":721532,"comment_status":"closed","ping_status":"closed","sticky":false,"template":"","format":"standard","meta":{"footnotes":""},"categories":[11389,80,67],"tags":[26,13589,5323,49978,26584,936,49976,22210,49975,49977,32714,18507],"class_list":["post-721529","post","type-post","status-publish","format-standard","has-post-thumbnail","hentry","category-contenido-original","category-pueblos-originarios","category-sudamerica","tag-argentina","tag-chubut","tag-indigenas","tag-liempichun","tag-mapuce","tag-mapuche-es","tag-mauro-millan","tag-pueblos-originarios","tag-rio-senguer","tag-sacamata","tag-tehuelche","tag-territorios"],"yoast_head":"<!-- This site is optimized with the Yoast SEO plugin v27.1.1 - https:\/\/yoast.com\/product\/yoast-seo-wordpress\/ -->\n<title>Ordenan el desalojo de otra comunidad ind\u00edgena<\/title>\n<meta name=\"description\" content=\"\u201c(El) Juez Subrogante Sr. Jorge Novarino ordena el desalojo de las personas de la Comunidad Sacamata Liempich\u00fan y autoriza a la Juez de Paz de la\" \/>\n<meta name=\"robots\" content=\"index, follow, max-snippet:-1, max-image-preview:large, max-video-preview:-1\" \/>\n<link rel=\"canonical\" href=\"https:\/\/www.pressenza.com\/es\/2018\/09\/ordenan-el-desalojo-de-otra-comunidad-indigena\/\" \/>\n<meta property=\"og:locale\" content=\"es_ES\" \/>\n<meta property=\"og:type\" content=\"article\" \/>\n<meta property=\"og:title\" content=\"Ordenan el desalojo de otra comunidad ind\u00edgena\" \/>\n<meta property=\"og:description\" content=\"\u201c(El) Juez Subrogante Sr. Jorge Novarino ordena el desalojo de las personas de la Comunidad Sacamata Liempich\u00fan y autoriza a la Juez de Paz de la\" \/>\n<meta property=\"og:url\" content=\"https:\/\/www.pressenza.com\/es\/2018\/09\/ordenan-el-desalojo-de-otra-comunidad-indigena\/\" \/>\n<meta property=\"og:site_name\" content=\"Pressenza\" \/>\n<meta property=\"article:publisher\" content=\"https:\/\/www.facebook.com\/PressenzaItalia\" \/>\n<meta property=\"article:author\" content=\"Alicia Blanco\" \/>\n<meta property=\"article:published_time\" content=\"2018-09-17T22:23:13+00:00\" \/>\n<meta property=\"article:modified_time\" content=\"2018-09-17T22:36:19+00:00\" \/>\n<meta property=\"og:image\" content=\"https:\/\/www.pressenza.com\/wp-content\/uploads\/2018\/09\/Lof-Sacamata-Liempichun.jpg\" \/>\n\t<meta property=\"og:image:width\" content=\"960\" \/>\n\t<meta property=\"og:image:height\" content=\"628\" \/>\n\t<meta property=\"og:image:type\" content=\"image\/jpeg\" \/>\n<meta name=\"author\" content=\"Alicia Blanco\" \/>\n<meta name=\"twitter:card\" content=\"summary_large_image\" \/>\n<meta name=\"twitter:creator\" content=\"@aliciablancoar\" \/>\n<meta name=\"twitter:site\" content=\"@PressenzaIPA\" \/>\n<meta name=\"twitter:label1\" content=\"Escrito por\" \/>\n\t<meta name=\"twitter:data1\" content=\"Alicia Blanco\" \/>\n\t<meta name=\"twitter:label2\" content=\"Tiempo de lectura\" \/>\n\t<meta name=\"twitter:data2\" content=\"4 minutos\" \/>\n<script type=\"application\/ld+json\" class=\"yoast-schema-graph\">{\"@context\":\"https:\/\/schema.org\",\"@graph\":[{\"@type\":\"Article\",\"@id\":\"https:\/\/www.pressenza.com\/es\/2018\/09\/ordenan-el-desalojo-de-otra-comunidad-indigena\/#article\",\"isPartOf\":{\"@id\":\"https:\/\/www.pressenza.com\/es\/2018\/09\/ordenan-el-desalojo-de-otra-comunidad-indigena\/\"},\"author\":{\"name\":\"Alicia Blanco\",\"@id\":\"https:\/\/www.pressenza.com\/es\/#\/schema\/person\/cd1c733ed7825bc0f36b165c74e256a3\"},\"headline\":\"Ordenan el desalojo de otra comunidad ind\u00edgena\",\"datePublished\":\"2018-09-17T22:23:13+00:00\",\"dateModified\":\"2018-09-17T22:36:19+00:00\",\"mainEntityOfPage\":{\"@id\":\"https:\/\/www.pressenza.com\/es\/2018\/09\/ordenan-el-desalojo-de-otra-comunidad-indigena\/\"},\"wordCount\":754,\"publisher\":{\"@id\":\"https:\/\/www.pressenza.com\/es\/#organization\"},\"image\":{\"@id\":\"https:\/\/www.pressenza.com\/es\/2018\/09\/ordenan-el-desalojo-de-otra-comunidad-indigena\/#primaryimage\"},\"thumbnailUrl\":\"https:\/\/www.pressenza.com\/wp-content\/uploads\/2018\/09\/Lof-Sacamata-Liempichun.jpg\",\"keywords\":[\"Argentina\",\"Chubut\",\"indigenas\",\"Liempichun\",\"mapuce\",\"mapuche\",\"Mauro Mill\u00e1n\",\"Pueblos Originarios\",\"Rio Senguer\",\"Sacamata\",\"tehuelche\",\"territorios\"],\"articleSection\":[\"Contenido Original\",\"Pueblos Originarios\",\"Sudam\u00e9rica\"],\"inLanguage\":\"es\"},{\"@type\":\"WebPage\",\"@id\":\"https:\/\/www.pressenza.com\/es\/2018\/09\/ordenan-el-desalojo-de-otra-comunidad-indigena\/\",\"url\":\"https:\/\/www.pressenza.com\/es\/2018\/09\/ordenan-el-desalojo-de-otra-comunidad-indigena\/\",\"name\":\"Ordenan el desalojo de otra comunidad ind\u00edgena\",\"isPartOf\":{\"@id\":\"https:\/\/www.pressenza.com\/es\/#website\"},\"primaryImageOfPage\":{\"@id\":\"https:\/\/www.pressenza.com\/es\/2018\/09\/ordenan-el-desalojo-de-otra-comunidad-indigena\/#primaryimage\"},\"image\":{\"@id\":\"https:\/\/www.pressenza.com\/es\/2018\/09\/ordenan-el-desalojo-de-otra-comunidad-indigena\/#primaryimage\"},\"thumbnailUrl\":\"https:\/\/www.pressenza.com\/wp-content\/uploads\/2018\/09\/Lof-Sacamata-Liempichun.jpg\",\"datePublished\":\"2018-09-17T22:23:13+00:00\",\"dateModified\":\"2018-09-17T22:36:19+00:00\",\"description\":\"\u201c(El) Juez Subrogante Sr. Jorge Novarino ordena el desalojo de las personas de la Comunidad Sacamata Liempich\u00fan y autoriza a la Juez de Paz de la\",\"breadcrumb\":{\"@id\":\"https:\/\/www.pressenza.com\/es\/2018\/09\/ordenan-el-desalojo-de-otra-comunidad-indigena\/#breadcrumb\"},\"inLanguage\":\"es\",\"potentialAction\":[{\"@type\":\"ReadAction\",\"target\":[\"https:\/\/www.pressenza.com\/es\/2018\/09\/ordenan-el-desalojo-de-otra-comunidad-indigena\/\"]}]},{\"@type\":\"ImageObject\",\"inLanguage\":\"es\",\"@id\":\"https:\/\/www.pressenza.com\/es\/2018\/09\/ordenan-el-desalojo-de-otra-comunidad-indigena\/#primaryimage\",\"url\":\"https:\/\/www.pressenza.com\/wp-content\/uploads\/2018\/09\/Lof-Sacamata-Liempichun.jpg\",\"contentUrl\":\"https:\/\/www.pressenza.com\/wp-content\/uploads\/2018\/09\/Lof-Sacamata-Liempichun.jpg\",\"width\":960,\"height\":628,\"caption\":\"\"},{\"@type\":\"BreadcrumbList\",\"@id\":\"https:\/\/www.pressenza.com\/es\/2018\/09\/ordenan-el-desalojo-de-otra-comunidad-indigena\/#breadcrumb\",\"itemListElement\":[{\"@type\":\"ListItem\",\"position\":1,\"name\":\"Accueil\",\"item\":\"https:\/\/www.pressenza.com\/es\/\"},{\"@type\":\"ListItem\",\"position\":2,\"name\":\"Ordenan el desalojo de otra comunidad ind\u00edgena\"}]},{\"@type\":\"WebSite\",\"@id\":\"https:\/\/www.pressenza.com\/es\/#website\",\"url\":\"https:\/\/www.pressenza.com\/es\/\",\"name\":\"Pressenza\",\"description\":\"International Press Agency\",\"publisher\":{\"@id\":\"https:\/\/www.pressenza.com\/es\/#organization\"},\"potentialAction\":[{\"@type\":\"SearchAction\",\"target\":{\"@type\":\"EntryPoint\",\"urlTemplate\":\"https:\/\/www.pressenza.com\/es\/?s={search_term_string}\"},\"query-input\":{\"@type\":\"PropertyValueSpecification\",\"valueRequired\":true,\"valueName\":\"search_term_string\"}}],\"inLanguage\":\"es\"},{\"@type\":\"Organization\",\"@id\":\"https:\/\/www.pressenza.com\/es\/#organization\",\"name\":\"Pressenza\",\"url\":\"https:\/\/www.pressenza.com\/es\/\",\"logo\":{\"@type\":\"ImageObject\",\"inLanguage\":\"es\",\"@id\":\"https:\/\/www.pressenza.com\/es\/#\/schema\/logo\/image\/\",\"url\":\"https:\/\/www.pressenza.com\/wp-content\/uploads\/2022\/10\/pressenza_logo_200x200.jpg\",\"contentUrl\":\"https:\/\/www.pressenza.com\/wp-content\/uploads\/2022\/10\/pressenza_logo_200x200.jpg\",\"width\":200,\"height\":200,\"caption\":\"Pressenza\"},\"image\":{\"@id\":\"https:\/\/www.pressenza.com\/es\/#\/schema\/logo\/image\/\"},\"sameAs\":[\"https:\/\/www.facebook.com\/PressenzaItalia\",\"https:\/\/x.com\/PressenzaIPA\"]},{\"@type\":\"Person\",\"@id\":\"https:\/\/www.pressenza.com\/es\/#\/schema\/person\/cd1c733ed7825bc0f36b165c74e256a3\",\"name\":\"Alicia Blanco\",\"description\":\"Humanista, co-directora de Pressenza.\",\"sameAs\":[\"Alicia Blanco\",\"https:\/\/x.com\/aliciablancoar\"],\"url\":\"https:\/\/www.pressenza.com\/es\/author\/alicia-blanco\/\"}]}<\/script>\n<!-- \/ Yoast SEO plugin. -->","yoast_head_json":{"title":"Ordenan el desalojo de otra comunidad ind\u00edgena","description":"\u201c(El) Juez Subrogante Sr. Jorge Novarino ordena el desalojo de las personas de la Comunidad Sacamata Liempich\u00fan y autoriza a la Juez de Paz de la","robots":{"index":"index","follow":"follow","max-snippet":"max-snippet:-1","max-image-preview":"max-image-preview:large","max-video-preview":"max-video-preview:-1"},"canonical":"https:\/\/www.pressenza.com\/es\/2018\/09\/ordenan-el-desalojo-de-otra-comunidad-indigena\/","og_locale":"es_ES","og_type":"article","og_title":"Ordenan el desalojo de otra comunidad ind\u00edgena","og_description":"\u201c(El) Juez Subrogante Sr. Jorge Novarino ordena el desalojo de las personas de la Comunidad Sacamata Liempich\u00fan y autoriza a la Juez de Paz de la","og_url":"https:\/\/www.pressenza.com\/es\/2018\/09\/ordenan-el-desalojo-de-otra-comunidad-indigena\/","og_site_name":"Pressenza","article_publisher":"https:\/\/www.facebook.com\/PressenzaItalia","article_author":"Alicia Blanco","article_published_time":"2018-09-17T22:23:13+00:00","article_modified_time":"2018-09-17T22:36:19+00:00","og_image":[{"width":960,"height":628,"url":"https:\/\/www.pressenza.com\/wp-content\/uploads\/2018\/09\/Lof-Sacamata-Liempichun.jpg","type":"image\/jpeg"}],"author":"Alicia Blanco","twitter_card":"summary_large_image","twitter_creator":"@aliciablancoar","twitter_site":"@PressenzaIPA","twitter_misc":{"Escrito por":"Alicia Blanco","Tiempo de lectura":"4 minutos"},"schema":{"@context":"https:\/\/schema.org","@graph":[{"@type":"Article","@id":"https:\/\/www.pressenza.com\/es\/2018\/09\/ordenan-el-desalojo-de-otra-comunidad-indigena\/#article","isPartOf":{"@id":"https:\/\/www.pressenza.com\/es\/2018\/09\/ordenan-el-desalojo-de-otra-comunidad-indigena\/"},"author":{"name":"Alicia Blanco","@id":"https:\/\/www.pressenza.com\/es\/#\/schema\/person\/cd1c733ed7825bc0f36b165c74e256a3"},"headline":"Ordenan el desalojo de otra comunidad ind\u00edgena","datePublished":"2018-09-17T22:23:13+00:00","dateModified":"2018-09-17T22:36:19+00:00","mainEntityOfPage":{"@id":"https:\/\/www.pressenza.com\/es\/2018\/09\/ordenan-el-desalojo-de-otra-comunidad-indigena\/"},"wordCount":754,"publisher":{"@id":"https:\/\/www.pressenza.com\/es\/#organization"},"image":{"@id":"https:\/\/www.pressenza.com\/es\/2018\/09\/ordenan-el-desalojo-de-otra-comunidad-indigena\/#primaryimage"},"thumbnailUrl":"https:\/\/www.pressenza.com\/wp-content\/uploads\/2018\/09\/Lof-Sacamata-Liempichun.jpg","keywords":["Argentina","Chubut","indigenas","Liempichun","mapuce","mapuche","Mauro Mill\u00e1n","Pueblos Originarios","Rio Senguer","Sacamata","tehuelche","territorios"],"articleSection":["Contenido Original","Pueblos Originarios","Sudam\u00e9rica"],"inLanguage":"es"},{"@type":"WebPage","@id":"https:\/\/www.pressenza.com\/es\/2018\/09\/ordenan-el-desalojo-de-otra-comunidad-indigena\/","url":"https:\/\/www.pressenza.com\/es\/2018\/09\/ordenan-el-desalojo-de-otra-comunidad-indigena\/","name":"Ordenan el desalojo de otra comunidad ind\u00edgena","isPartOf":{"@id":"https:\/\/www.pressenza.com\/es\/#website"},"primaryImageOfPage":{"@id":"https:\/\/www.pressenza.com\/es\/2018\/09\/ordenan-el-desalojo-de-otra-comunidad-indigena\/#primaryimage"},"image":{"@id":"https:\/\/www.pressenza.com\/es\/2018\/09\/ordenan-el-desalojo-de-otra-comunidad-indigena\/#primaryimage"},"thumbnailUrl":"https:\/\/www.pressenza.com\/wp-content\/uploads\/2018\/09\/Lof-Sacamata-Liempichun.jpg","datePublished":"2018-09-17T22:23:13+00:00","dateModified":"2018-09-17T22:36:19+00:00","description":"\u201c(El) Juez Subrogante Sr. Jorge Novarino ordena el desalojo de las personas de la Comunidad Sacamata Liempich\u00fan y autoriza a la Juez de Paz de la","breadcrumb":{"@id":"https:\/\/www.pressenza.com\/es\/2018\/09\/ordenan-el-desalojo-de-otra-comunidad-indigena\/#breadcrumb"},"inLanguage":"es","potentialAction":[{"@type":"ReadAction","target":["https:\/\/www.pressenza.com\/es\/2018\/09\/ordenan-el-desalojo-de-otra-comunidad-indigena\/"]}]},{"@type":"ImageObject","inLanguage":"es","@id":"https:\/\/www.pressenza.com\/es\/2018\/09\/ordenan-el-desalojo-de-otra-comunidad-indigena\/#primaryimage","url":"https:\/\/www.pressenza.com\/wp-content\/uploads\/2018\/09\/Lof-Sacamata-Liempichun.jpg","contentUrl":"https:\/\/www.pressenza.com\/wp-content\/uploads\/2018\/09\/Lof-Sacamata-Liempichun.jpg","width":960,"height":628,"caption":""},{"@type":"BreadcrumbList","@id":"https:\/\/www.pressenza.com\/es\/2018\/09\/ordenan-el-desalojo-de-otra-comunidad-indigena\/#breadcrumb","itemListElement":[{"@type":"ListItem","position":1,"name":"Accueil","item":"https:\/\/www.pressenza.com\/es\/"},{"@type":"ListItem","position":2,"name":"Ordenan el desalojo de otra comunidad ind\u00edgena"}]},{"@type":"WebSite","@id":"https:\/\/www.pressenza.com\/es\/#website","url":"https:\/\/www.pressenza.com\/es\/","name":"Pressenza","description":"International Press Agency","publisher":{"@id":"https:\/\/www.pressenza.com\/es\/#organization"},"potentialAction":[{"@type":"SearchAction","target":{"@type":"EntryPoint","urlTemplate":"https:\/\/www.pressenza.com\/es\/?s={search_term_string}"},"query-input":{"@type":"PropertyValueSpecification","valueRequired":true,"valueName":"search_term_string"}}],"inLanguage":"es"},{"@type":"Organization","@id":"https:\/\/www.pressenza.com\/es\/#organization","name":"Pressenza","url":"https:\/\/www.pressenza.com\/es\/","logo":{"@type":"ImageObject","inLanguage":"es","@id":"https:\/\/www.pressenza.com\/es\/#\/schema\/logo\/image\/","url":"https:\/\/www.pressenza.com\/wp-content\/uploads\/2022\/10\/pressenza_logo_200x200.jpg","contentUrl":"https:\/\/www.pressenza.com\/wp-content\/uploads\/2022\/10\/pressenza_logo_200x200.jpg","width":200,"height":200,"caption":"Pressenza"},"image":{"@id":"https:\/\/www.pressenza.com\/es\/#\/schema\/logo\/image\/"},"sameAs":["https:\/\/www.facebook.com\/PressenzaItalia","https:\/\/x.com\/PressenzaIPA"]},{"@type":"Person","@id":"https:\/\/www.pressenza.com\/es\/#\/schema\/person\/cd1c733ed7825bc0f36b165c74e256a3","name":"Alicia Blanco","description":"Humanista, co-directora de Pressenza.","sameAs":["Alicia Blanco","https:\/\/x.com\/aliciablancoar"],"url":"https:\/\/www.pressenza.com\/es\/author\/alicia-blanco\/"}]}},"place":"Chubut, Argentina","original_article_url":"","_links":{"self":[{"href":"https:\/\/www.pressenza.com\/es\/wp-json\/wp\/v2\/posts\/721529","targetHints":{"allow":["GET"]}}],"collection":[{"href":"https:\/\/www.pressenza.com\/es\/wp-json\/wp\/v2\/posts"}],"about":[{"href":"https:\/\/www.pressenza.com\/es\/wp-json\/wp\/v2\/types\/post"}],"author":[{"embeddable":true,"href":"https:\/\/www.pressenza.com\/es\/wp-json\/wp\/v2\/users\/1187"}],"replies":[{"embeddable":true,"href":"https:\/\/www.pressenza.com\/es\/wp-json\/wp\/v2\/comments?post=721529"}],"version-history":[{"count":0,"href":"https:\/\/www.pressenza.com\/es\/wp-json\/wp\/v2\/posts\/721529\/revisions"}],"wp:featuredmedia":[{"embeddable":true,"href":"https:\/\/www.pressenza.com\/es\/wp-json\/wp\/v2\/media\/721532"}],"wp:attachment":[{"href":"https:\/\/www.pressenza.com\/es\/wp-json\/wp\/v2\/media?parent=721529"}],"wp:term":[{"taxonomy":"category","embeddable":true,"href":"https:\/\/www.pressenza.com\/es\/wp-json\/wp\/v2\/categories?post=721529"},{"taxonomy":"post_tag","embeddable":true,"href":"https:\/\/www.pressenza.com\/es\/wp-json\/wp\/v2\/tags?post=721529"}],"curies":[{"name":"wp","href":"https:\/\/api.w.org\/{rel}","templated":true}]}}