{"id":719878,"date":"2018-09-13T19:32:38","date_gmt":"2018-09-13T18:32:38","guid":{"rendered":"https:\/\/www.pressenza.com\/?p=719878"},"modified":"2018-09-13T19:32:38","modified_gmt":"2018-09-13T18:32:38","slug":"copehu-repudia-secuestro-y-tortura-a-docente-de-moreno","status":"publish","type":"post","link":"https:\/\/www.pressenza.com\/es\/2018\/09\/copehu-repudia-secuestro-y-tortura-a-docente-de-moreno\/","title":{"rendered":"Copehu repudia secuestro y tortura a docente de Moreno"},"content":{"rendered":"<p>Repudiamos el secuestro y posterior tortura de la docente Corina de Bonis del Centro Educativo Complementario 801 de Moreno,  atacada por participar en una olla popular para las y los alumnos.<br \/>\nNos solidarizamos con Corina y exigimos a las autoridades provinciales y nacionales el urgente esclarecimiento del hecho.<\/p>\n<p>Esta tremenda situaci\u00f3n se enmarca en la falencia edilicia y presupuestaria de los establecimientos educativos de Moreno, en los cuales desde el 2 de agosto no hay clases en ninguno de los casi 350 centros educativos de ese Partido de la Provincia de Buenos Aires, luego del fallecimiento de una vicedirectora y un trabajador debido a una explosi\u00f3n por p\u00e9rdida de gas en un colegio. En este lapso los y las docentes junto con muchas familias de casi 40 colegios organizaron ollas populares para no suspender el servicio del comedor, porque para muchos chicos y chicas es la \u00fanica comida del d\u00eda. Por eso atacan a Corina y a muchos docentes, por ser solidarios y defender la educaci\u00f3n p\u00fablica.<\/p>\n<p>\u00a1No m\u00e1s violencia contra docentes! \u00a1Seguiremos defendiendo la educaci\u00f3n p\u00fablica y exigiendo un presupuesto que garantice condiciones dignas de aprendizaje!<\/p>\n","protected":false},"excerpt":{"rendered":"<p>Repudiamos el secuestro y posterior tortura de la docente Corina de Bonis del Centro Educativo Complementario 801 de Moreno, atacada por participar en una olla popular para las y los alumnos. Nos solidarizamos con Corina y exigimos a las autoridades&hellip;<\/p>\n","protected":false},"author":1046,"featured_media":719879,"comment_status":"closed","ping_status":"closed","sticky":false,"template":"","format":"standard","meta":{"footnotes":""},"categories":[149,1230],"tags":[6255,393,623],"class_list":["post-719878","post","type-post","status-publish","format-standard","has-post-thumbnail","hentry","category-comunicados-de-prensa","category-educacion-tema","tag-docentes","tag-educacion","tag-violencia"],"yoast_head":"<!-- This site is optimized with the Yoast SEO plugin v27.1.1 - https:\/\/yoast.com\/product\/yoast-seo-wordpress\/ -->\n<title>Copehu repudia secuestro y tortura a docente de Moreno<\/title>\n<meta name=\"description\" content=\"Repudiamos el secuestro y posterior tortura de la docente Corina de Bonis del Centro Educativo Complementario 801 de Moreno, atacada por participar en una\" \/>\n<meta name=\"robots\" content=\"index, follow, max-snippet:-1, max-image-preview:large, max-video-preview:-1\" \/>\n<link rel=\"canonical\" href=\"https:\/\/www.pressenza.com\/es\/2018\/09\/copehu-repudia-secuestro-y-tortura-a-docente-de-moreno\/\" \/>\n<meta property=\"og:locale\" content=\"es_ES\" \/>\n<meta property=\"og:type\" content=\"article\" \/>\n<meta property=\"og:title\" content=\"Copehu repudia secuestro y tortura a docente de Moreno\" \/>\n<meta property=\"og:description\" content=\"Repudiamos el secuestro y posterior tortura de la docente Corina de Bonis del Centro Educativo Complementario 801 de Moreno, atacada por participar en una\" \/>\n<meta property=\"og:url\" content=\"https:\/\/www.pressenza.com\/es\/2018\/09\/copehu-repudia-secuestro-y-tortura-a-docente-de-moreno\/\" \/>\n<meta property=\"og:site_name\" content=\"Pressenza\" \/>\n<meta property=\"article:publisher\" content=\"https:\/\/www.facebook.com\/PressenzaItalia\" \/>\n<meta property=\"article:author\" content=\"https:\/\/www.facebook.com\/Copehu\/\" \/>\n<meta property=\"article:published_time\" content=\"2018-09-13T18:32:38+00:00\" \/>\n<meta property=\"og:image\" content=\"https:\/\/www.pressenza.com\/wp-content\/uploads\/2018\/09\/FB_IMG_1536863330242.jpg\" \/>\n\t<meta property=\"og:image:width\" content=\"810\" \/>\n\t<meta property=\"og:image:height\" content=\"540\" \/>\n\t<meta property=\"og:image:type\" content=\"image\/jpeg\" \/>\n<meta name=\"author\" content=\"COPEHU\" \/>\n<meta name=\"twitter:card\" content=\"summary_large_image\" \/>\n<meta name=\"twitter:creator\" content=\"@COPEHU1\" \/>\n<meta name=\"twitter:site\" content=\"@PressenzaIPA\" \/>\n<meta name=\"twitter:label1\" content=\"Escrito por\" \/>\n\t<meta name=\"twitter:data1\" content=\"COPEHU\" \/>\n\t<meta name=\"twitter:label2\" content=\"Tiempo de lectura\" \/>\n\t<meta name=\"twitter:data2\" content=\"1 minuto\" \/>\n<script type=\"application\/ld+json\" class=\"yoast-schema-graph\">{\"@context\":\"https:\/\/schema.org\",\"@graph\":[{\"@type\":\"Article\",\"@id\":\"https:\/\/www.pressenza.com\/es\/2018\/09\/copehu-repudia-secuestro-y-tortura-a-docente-de-moreno\/#article\",\"isPartOf\":{\"@id\":\"https:\/\/www.pressenza.com\/es\/2018\/09\/copehu-repudia-secuestro-y-tortura-a-docente-de-moreno\/\"},\"author\":{\"name\":\"COPEHU\",\"@id\":\"https:\/\/www.pressenza.com\/es\/#\/schema\/person\/385bea3cd2facc332ff1bd91c50d777a\"},\"headline\":\"Copehu repudia secuestro y tortura a docente de Moreno\",\"datePublished\":\"2018-09-13T18:32:38+00:00\",\"mainEntityOfPage\":{\"@id\":\"https:\/\/www.pressenza.com\/es\/2018\/09\/copehu-repudia-secuestro-y-tortura-a-docente-de-moreno\/\"},\"wordCount\":201,\"publisher\":{\"@id\":\"https:\/\/www.pressenza.com\/es\/#organization\"},\"image\":{\"@id\":\"https:\/\/www.pressenza.com\/es\/2018\/09\/copehu-repudia-secuestro-y-tortura-a-docente-de-moreno\/#primaryimage\"},\"thumbnailUrl\":\"https:\/\/www.pressenza.com\/wp-content\/uploads\/2018\/09\/FB_IMG_1536863330242.jpg\",\"keywords\":[\"docentes\",\"Educaci\u00f3n\",\"Violencia\"],\"articleSection\":[\"Comunicados de Prensa\",\"Educaci\u00f3n\"],\"inLanguage\":\"es\"},{\"@type\":\"WebPage\",\"@id\":\"https:\/\/www.pressenza.com\/es\/2018\/09\/copehu-repudia-secuestro-y-tortura-a-docente-de-moreno\/\",\"url\":\"https:\/\/www.pressenza.com\/es\/2018\/09\/copehu-repudia-secuestro-y-tortura-a-docente-de-moreno\/\",\"name\":\"Copehu repudia secuestro y tortura a docente de Moreno\",\"isPartOf\":{\"@id\":\"https:\/\/www.pressenza.com\/es\/#website\"},\"primaryImageOfPage\":{\"@id\":\"https:\/\/www.pressenza.com\/es\/2018\/09\/copehu-repudia-secuestro-y-tortura-a-docente-de-moreno\/#primaryimage\"},\"image\":{\"@id\":\"https:\/\/www.pressenza.com\/es\/2018\/09\/copehu-repudia-secuestro-y-tortura-a-docente-de-moreno\/#primaryimage\"},\"thumbnailUrl\":\"https:\/\/www.pressenza.com\/wp-content\/uploads\/2018\/09\/FB_IMG_1536863330242.jpg\",\"datePublished\":\"2018-09-13T18:32:38+00:00\",\"description\":\"Repudiamos el secuestro y posterior tortura de la docente Corina de Bonis del Centro Educativo Complementario 801 de Moreno, atacada por participar en una\",\"breadcrumb\":{\"@id\":\"https:\/\/www.pressenza.com\/es\/2018\/09\/copehu-repudia-secuestro-y-tortura-a-docente-de-moreno\/#breadcrumb\"},\"inLanguage\":\"es\",\"potentialAction\":[{\"@type\":\"ReadAction\",\"target\":[\"https:\/\/www.pressenza.com\/es\/2018\/09\/copehu-repudia-secuestro-y-tortura-a-docente-de-moreno\/\"]}]},{\"@type\":\"ImageObject\",\"inLanguage\":\"es\",\"@id\":\"https:\/\/www.pressenza.com\/es\/2018\/09\/copehu-repudia-secuestro-y-tortura-a-docente-de-moreno\/#primaryimage\",\"url\":\"https:\/\/www.pressenza.com\/wp-content\/uploads\/2018\/09\/FB_IMG_1536863330242.jpg\",\"contentUrl\":\"https:\/\/www.pressenza.com\/wp-content\/uploads\/2018\/09\/FB_IMG_1536863330242.jpg\",\"width\":810,\"height\":540},{\"@type\":\"BreadcrumbList\",\"@id\":\"https:\/\/www.pressenza.com\/es\/2018\/09\/copehu-repudia-secuestro-y-tortura-a-docente-de-moreno\/#breadcrumb\",\"itemListElement\":[{\"@type\":\"ListItem\",\"position\":1,\"name\":\"Accueil\",\"item\":\"https:\/\/www.pressenza.com\/es\/\"},{\"@type\":\"ListItem\",\"position\":2,\"name\":\"Copehu repudia secuestro y tortura a docente de Moreno\"}]},{\"@type\":\"WebSite\",\"@id\":\"https:\/\/www.pressenza.com\/es\/#website\",\"url\":\"https:\/\/www.pressenza.com\/es\/\",\"name\":\"Pressenza\",\"description\":\"International Press Agency\",\"publisher\":{\"@id\":\"https:\/\/www.pressenza.com\/es\/#organization\"},\"potentialAction\":[{\"@type\":\"SearchAction\",\"target\":{\"@type\":\"EntryPoint\",\"urlTemplate\":\"https:\/\/www.pressenza.com\/es\/?s={search_term_string}\"},\"query-input\":{\"@type\":\"PropertyValueSpecification\",\"valueRequired\":true,\"valueName\":\"search_term_string\"}}],\"inLanguage\":\"es\"},{\"@type\":\"Organization\",\"@id\":\"https:\/\/www.pressenza.com\/es\/#organization\",\"name\":\"Pressenza\",\"url\":\"https:\/\/www.pressenza.com\/es\/\",\"logo\":{\"@type\":\"ImageObject\",\"inLanguage\":\"es\",\"@id\":\"https:\/\/www.pressenza.com\/es\/#\/schema\/logo\/image\/\",\"url\":\"https:\/\/www.pressenza.com\/wp-content\/uploads\/2022\/10\/pressenza_logo_200x200.jpg\",\"contentUrl\":\"https:\/\/www.pressenza.com\/wp-content\/uploads\/2022\/10\/pressenza_logo_200x200.jpg\",\"width\":200,\"height\":200,\"caption\":\"Pressenza\"},\"image\":{\"@id\":\"https:\/\/www.pressenza.com\/es\/#\/schema\/logo\/image\/\"},\"sameAs\":[\"https:\/\/www.facebook.com\/PressenzaItalia\",\"https:\/\/x.com\/PressenzaIPA\"]},{\"@type\":\"Person\",\"@id\":\"https:\/\/www.pressenza.com\/es\/#\/schema\/person\/385bea3cd2facc332ff1bd91c50d777a\",\"name\":\"COPEHU\",\"description\":\"Corriente Pedagogica Humanista Universalista - Courant Pedagogique Humaniste Universaliste - Corrente Pedagogica Umanista Universalista - Universalist Humanist Pedagogical Current www.copehu.net\",\"sameAs\":[\"https:\/\/www.copehu.org\/\",\"https:\/\/www.facebook.com\/Copehu\/\",\"https:\/\/x.com\/COPEHU1\"],\"url\":\"https:\/\/www.pressenza.com\/es\/author\/copehu\/\"}]}<\/script>\n<!-- \/ Yoast SEO plugin. -->","yoast_head_json":{"title":"Copehu repudia secuestro y tortura a docente de Moreno","description":"Repudiamos el secuestro y posterior tortura de la docente Corina de Bonis del Centro Educativo Complementario 801 de Moreno, atacada por participar en una","robots":{"index":"index","follow":"follow","max-snippet":"max-snippet:-1","max-image-preview":"max-image-preview:large","max-video-preview":"max-video-preview:-1"},"canonical":"https:\/\/www.pressenza.com\/es\/2018\/09\/copehu-repudia-secuestro-y-tortura-a-docente-de-moreno\/","og_locale":"es_ES","og_type":"article","og_title":"Copehu repudia secuestro y tortura a docente de Moreno","og_description":"Repudiamos el secuestro y posterior tortura de la docente Corina de Bonis del Centro Educativo Complementario 801 de Moreno, atacada por participar en una","og_url":"https:\/\/www.pressenza.com\/es\/2018\/09\/copehu-repudia-secuestro-y-tortura-a-docente-de-moreno\/","og_site_name":"Pressenza","article_publisher":"https:\/\/www.facebook.com\/PressenzaItalia","article_author":"https:\/\/www.facebook.com\/Copehu\/","article_published_time":"2018-09-13T18:32:38+00:00","og_image":[{"width":810,"height":540,"url":"https:\/\/www.pressenza.com\/wp-content\/uploads\/2018\/09\/FB_IMG_1536863330242.jpg","type":"image\/jpeg"}],"author":"COPEHU","twitter_card":"summary_large_image","twitter_creator":"@COPEHU1","twitter_site":"@PressenzaIPA","twitter_misc":{"Escrito por":"COPEHU","Tiempo de lectura":"1 minuto"},"schema":{"@context":"https:\/\/schema.org","@graph":[{"@type":"Article","@id":"https:\/\/www.pressenza.com\/es\/2018\/09\/copehu-repudia-secuestro-y-tortura-a-docente-de-moreno\/#article","isPartOf":{"@id":"https:\/\/www.pressenza.com\/es\/2018\/09\/copehu-repudia-secuestro-y-tortura-a-docente-de-moreno\/"},"author":{"name":"COPEHU","@id":"https:\/\/www.pressenza.com\/es\/#\/schema\/person\/385bea3cd2facc332ff1bd91c50d777a"},"headline":"Copehu repudia secuestro y tortura a docente de Moreno","datePublished":"2018-09-13T18:32:38+00:00","mainEntityOfPage":{"@id":"https:\/\/www.pressenza.com\/es\/2018\/09\/copehu-repudia-secuestro-y-tortura-a-docente-de-moreno\/"},"wordCount":201,"publisher":{"@id":"https:\/\/www.pressenza.com\/es\/#organization"},"image":{"@id":"https:\/\/www.pressenza.com\/es\/2018\/09\/copehu-repudia-secuestro-y-tortura-a-docente-de-moreno\/#primaryimage"},"thumbnailUrl":"https:\/\/www.pressenza.com\/wp-content\/uploads\/2018\/09\/FB_IMG_1536863330242.jpg","keywords":["docentes","Educaci\u00f3n","Violencia"],"articleSection":["Comunicados de Prensa","Educaci\u00f3n"],"inLanguage":"es"},{"@type":"WebPage","@id":"https:\/\/www.pressenza.com\/es\/2018\/09\/copehu-repudia-secuestro-y-tortura-a-docente-de-moreno\/","url":"https:\/\/www.pressenza.com\/es\/2018\/09\/copehu-repudia-secuestro-y-tortura-a-docente-de-moreno\/","name":"Copehu repudia secuestro y tortura a docente de Moreno","isPartOf":{"@id":"https:\/\/www.pressenza.com\/es\/#website"},"primaryImageOfPage":{"@id":"https:\/\/www.pressenza.com\/es\/2018\/09\/copehu-repudia-secuestro-y-tortura-a-docente-de-moreno\/#primaryimage"},"image":{"@id":"https:\/\/www.pressenza.com\/es\/2018\/09\/copehu-repudia-secuestro-y-tortura-a-docente-de-moreno\/#primaryimage"},"thumbnailUrl":"https:\/\/www.pressenza.com\/wp-content\/uploads\/2018\/09\/FB_IMG_1536863330242.jpg","datePublished":"2018-09-13T18:32:38+00:00","description":"Repudiamos el secuestro y posterior tortura de la docente Corina de Bonis del Centro Educativo Complementario 801 de Moreno, atacada por participar en una","breadcrumb":{"@id":"https:\/\/www.pressenza.com\/es\/2018\/09\/copehu-repudia-secuestro-y-tortura-a-docente-de-moreno\/#breadcrumb"},"inLanguage":"es","potentialAction":[{"@type":"ReadAction","target":["https:\/\/www.pressenza.com\/es\/2018\/09\/copehu-repudia-secuestro-y-tortura-a-docente-de-moreno\/"]}]},{"@type":"ImageObject","inLanguage":"es","@id":"https:\/\/www.pressenza.com\/es\/2018\/09\/copehu-repudia-secuestro-y-tortura-a-docente-de-moreno\/#primaryimage","url":"https:\/\/www.pressenza.com\/wp-content\/uploads\/2018\/09\/FB_IMG_1536863330242.jpg","contentUrl":"https:\/\/www.pressenza.com\/wp-content\/uploads\/2018\/09\/FB_IMG_1536863330242.jpg","width":810,"height":540},{"@type":"BreadcrumbList","@id":"https:\/\/www.pressenza.com\/es\/2018\/09\/copehu-repudia-secuestro-y-tortura-a-docente-de-moreno\/#breadcrumb","itemListElement":[{"@type":"ListItem","position":1,"name":"Accueil","item":"https:\/\/www.pressenza.com\/es\/"},{"@type":"ListItem","position":2,"name":"Copehu repudia secuestro y tortura a docente de Moreno"}]},{"@type":"WebSite","@id":"https:\/\/www.pressenza.com\/es\/#website","url":"https:\/\/www.pressenza.com\/es\/","name":"Pressenza","description":"International Press Agency","publisher":{"@id":"https:\/\/www.pressenza.com\/es\/#organization"},"potentialAction":[{"@type":"SearchAction","target":{"@type":"EntryPoint","urlTemplate":"https:\/\/www.pressenza.com\/es\/?s={search_term_string}"},"query-input":{"@type":"PropertyValueSpecification","valueRequired":true,"valueName":"search_term_string"}}],"inLanguage":"es"},{"@type":"Organization","@id":"https:\/\/www.pressenza.com\/es\/#organization","name":"Pressenza","url":"https:\/\/www.pressenza.com\/es\/","logo":{"@type":"ImageObject","inLanguage":"es","@id":"https:\/\/www.pressenza.com\/es\/#\/schema\/logo\/image\/","url":"https:\/\/www.pressenza.com\/wp-content\/uploads\/2022\/10\/pressenza_logo_200x200.jpg","contentUrl":"https:\/\/www.pressenza.com\/wp-content\/uploads\/2022\/10\/pressenza_logo_200x200.jpg","width":200,"height":200,"caption":"Pressenza"},"image":{"@id":"https:\/\/www.pressenza.com\/es\/#\/schema\/logo\/image\/"},"sameAs":["https:\/\/www.facebook.com\/PressenzaItalia","https:\/\/x.com\/PressenzaIPA"]},{"@type":"Person","@id":"https:\/\/www.pressenza.com\/es\/#\/schema\/person\/385bea3cd2facc332ff1bd91c50d777a","name":"COPEHU","description":"Corriente Pedagogica Humanista Universalista - Courant Pedagogique Humaniste Universaliste - Corrente Pedagogica Umanista Universalista - Universalist Humanist Pedagogical Current www.copehu.net","sameAs":["https:\/\/www.copehu.org\/","https:\/\/www.facebook.com\/Copehu\/","https:\/\/x.com\/COPEHU1"],"url":"https:\/\/www.pressenza.com\/es\/author\/copehu\/"}]}},"place":"Moreno, Provincia de Buenos Aires","original_article_url":"","_links":{"self":[{"href":"https:\/\/www.pressenza.com\/es\/wp-json\/wp\/v2\/posts\/719878","targetHints":{"allow":["GET"]}}],"collection":[{"href":"https:\/\/www.pressenza.com\/es\/wp-json\/wp\/v2\/posts"}],"about":[{"href":"https:\/\/www.pressenza.com\/es\/wp-json\/wp\/v2\/types\/post"}],"author":[{"embeddable":true,"href":"https:\/\/www.pressenza.com\/es\/wp-json\/wp\/v2\/users\/1046"}],"replies":[{"embeddable":true,"href":"https:\/\/www.pressenza.com\/es\/wp-json\/wp\/v2\/comments?post=719878"}],"version-history":[{"count":0,"href":"https:\/\/www.pressenza.com\/es\/wp-json\/wp\/v2\/posts\/719878\/revisions"}],"wp:featuredmedia":[{"embeddable":true,"href":"https:\/\/www.pressenza.com\/es\/wp-json\/wp\/v2\/media\/719879"}],"wp:attachment":[{"href":"https:\/\/www.pressenza.com\/es\/wp-json\/wp\/v2\/media?parent=719878"}],"wp:term":[{"taxonomy":"category","embeddable":true,"href":"https:\/\/www.pressenza.com\/es\/wp-json\/wp\/v2\/categories?post=719878"},{"taxonomy":"post_tag","embeddable":true,"href":"https:\/\/www.pressenza.com\/es\/wp-json\/wp\/v2\/tags?post=719878"}],"curies":[{"name":"wp","href":"https:\/\/api.w.org\/{rel}","templated":true}]}}