{"id":717751,"date":"2018-09-10T19:11:16","date_gmt":"2018-09-10T18:11:16","guid":{"rendered":"https:\/\/www.pressenza.com\/?p=717751"},"modified":"2018-09-10T19:11:16","modified_gmt":"2018-09-10T18:11:16","slug":"antes-de-la-paz-la-justicia","status":"publish","type":"post","link":"https:\/\/www.pressenza.com\/es\/2018\/09\/antes-de-la-paz-la-justicia\/","title":{"rendered":"Antes de la paz, la justicia"},"content":{"rendered":"<p>Cuando la justicia les pisa los talones buscan el refugio de un acuerdo de paz.<\/p>\n<p>Es la historia recurrente de quienes abusan del poder contra una ciudadan\u00eda cuyo pecado capital ha sido dejar el espacio p\u00fablico permitiendo a pol\u00edticos, empresarios, jueces y militares corruptos apoderarse del control en todas las instancias, de un modo casi absoluto. La corrupci\u00f3n es letal y en pa\u00edses como los nuestros ha sido doblemente devastadora cuando desde el exterior y simulando \u201casistencia econ\u00f3mica y\/o militar\u201d otros gobiernos deciden sobre el futuro de la naci\u00f3n y el destino de sus habitantes.<\/p>\n<p>En este juego de poderes -y considerando la habilidad de las estrategias empleadas para hacer creer a las mayor\u00edas que su m\u00e1s grande enemigo es un comunismo inexistente- las sociedades alcanzan un punto de saturaci\u00f3n y eso las lleva a preferir cualquier pacto de paz mal perge\u00f1ado antes de proseguir una lucha agotadora y est\u00e9ril por consolidar el imperio de la justicia. Entonces es cuando terminan por declarar vencedores a quienes las enga\u00f1an y quienes empe\u00f1an el futuro de las generaciones por venir por medio de pactos clandestinos con los enemigos de la ley.<\/p>\n<p>Esos acuerdos de paz propuestos por quienes abusan del poder, esos espejos falsos en los cuales se miran los incautos, representan una historia de larga data en pa\u00edses cuyas ciudadan\u00edas vienen ya debilitadas por pol\u00edticas educativas tendentes a impedirles el entrenamiento y aprendizaje del an\u00e1lisis y la reflexi\u00f3n profundas, informadas y libres. La educaci\u00f3n no es para todos y tampoco es totalmente libre. Los sistemas educativos en pa\u00edses sometidos a la influencia del sistema econ\u00f3mico m\u00e1s depredador de la historia de la Humanidad vienen dise\u00f1ados para reafirmar el poder sobre quienes en realidad producen la riqueza, convenci\u00e9ndolos de que esa riqueza pertenece a otros.<\/p>\n<p>De ah\u00ed viene tambi\u00e9n la invasi\u00f3n de doctrinas religiosas enviadas desde el coraz\u00f3n del capitalismo, cuyo trabajo sobre pueblos privados de educaci\u00f3n facilita la persuasi\u00f3n, el adoctrinamiento civil e impone sus par\u00e1metros de conducta basados en la sumisi\u00f3n, la misoginia y la resignaci\u00f3n como valores espirituales. Es la suprema mentira vestida de amor a dios cuya influencia en nuestros pueblos empobrecidos y abusados representa un importante freno a las esperanzas de desarrollo de nuestros pa\u00edses.<\/p>\n<p>La palabra paz es hermosa, siempre y cuando sea verdadera y refleje las intenciones leg\u00edtimas de alcanzar un estado de hermandad, en un ambiente de respeto por los derechos humanos, con libertad de vivir una democracia funcional y con capacidad de incidir sobre el destino com\u00fan. Pero tambi\u00e9n es enga\u00f1osa cuando pretende arrojar un velo de silencio sobre la podredumbre, la falsedad del sistema imperante o los cr\u00edmenes cometidos por quienes, en control del poder perpetran sobre la ciudadan\u00eda de manera flagrante y con garant\u00eda de impunidad. Es preciso mantenerse alerta para detectar cu\u00e1ndo la paz viene envuelta en enga\u00f1osas intenciones; ya una vez bajas las defensas, quienes proponen los pactos desde su posici\u00f3n de privilegio f\u00e1cilmente asestar\u00e1n otro golpe certero contra la confianza popular.<\/p>\n<p>La historia de nuestros pueblos ha demostrado su tremenda vulnerabilidad ante la fuerza y el poder impuestos desde otros centros de poder econ\u00f3mico y pol\u00edtico. Nos han impedido progresar y nos han doblegado ante el capital internacional. De paso, han cercenado todo intento de independencia pol\u00edtica. Por eso es importante exigir justicia; recuperar la memoria y no permitir jam\u00e1s el establecimiento de acuerdos ni pactos cuya intenci\u00f3n sea acallar esas demandas. La paz sin justicia no es \u2013y nunca ser\u00e1- una verdadera paz.<\/p>\n","protected":false},"excerpt":{"rendered":"<p>Cuando la justicia les pisa los talones buscan el refugio de un acuerdo de paz. Es la historia recurrente de quienes abusan del poder contra una ciudadan\u00eda cuyo pecado capital ha sido dejar el espacio p\u00fablico permitiendo a pol\u00edticos, empresarios,&hellip;<\/p>\n","protected":false},"author":1296,"featured_media":717753,"comment_status":"closed","ping_status":"closed","sticky":false,"template":"","format":"standard","meta":{"footnotes":""},"categories":[11389,161,1243,67],"tags":[19409,398],"class_list":["post-717751","post","type-post","status-publish","format-standard","has-post-thumbnail","hentry","category-contenido-original","category-opiniones","category-paz-desarme","category-sudamerica","tag-acuerdo-de-paz","tag-justicia"],"yoast_head":"<!-- This site is optimized with the Yoast SEO plugin v27.1.1 - https:\/\/yoast.com\/product\/yoast-seo-wordpress\/ -->\n<title>Antes de la paz, la justicia<\/title>\n<meta name=\"description\" content=\"Cuando la justicia les pisa los talones buscan el refugio de un acuerdo de paz. Es la historia recurrente de quienes abusan del poder contra una\" \/>\n<meta name=\"robots\" content=\"index, follow, max-snippet:-1, max-image-preview:large, max-video-preview:-1\" \/>\n<link rel=\"canonical\" href=\"https:\/\/www.pressenza.com\/es\/2018\/09\/antes-de-la-paz-la-justicia\/\" \/>\n<meta property=\"og:locale\" content=\"es_ES\" \/>\n<meta property=\"og:type\" content=\"article\" \/>\n<meta property=\"og:title\" content=\"Antes de la paz, la justicia\" \/>\n<meta property=\"og:description\" content=\"Cuando la justicia les pisa los talones buscan el refugio de un acuerdo de paz. Es la historia recurrente de quienes abusan del poder contra una\" \/>\n<meta property=\"og:url\" content=\"https:\/\/www.pressenza.com\/es\/2018\/09\/antes-de-la-paz-la-justicia\/\" \/>\n<meta property=\"og:site_name\" content=\"Pressenza\" \/>\n<meta property=\"article:publisher\" content=\"https:\/\/www.facebook.com\/PressenzaItalia\" \/>\n<meta property=\"article:author\" content=\"https:\/\/www.facebook.com\/pages\/Carolina-V\u00e1squez-Araya\/241844515845237?fref=ts\" \/>\n<meta property=\"article:published_time\" content=\"2018-09-10T18:11:16+00:00\" \/>\n<meta property=\"og:image\" content=\"https:\/\/www.pressenza.com\/wp-content\/uploads\/2018\/09\/MG_3353_2592x1728.jpg\" \/>\n\t<meta property=\"og:image:width\" content=\"2048\" \/>\n\t<meta property=\"og:image:height\" content=\"1365\" \/>\n\t<meta property=\"og:image:type\" content=\"image\/jpeg\" \/>\n<meta name=\"author\" content=\"Carolina V\u00e1squez Araya\" \/>\n<meta name=\"twitter:card\" content=\"summary_large_image\" \/>\n<meta name=\"twitter:creator\" content=\"@carvasar\" \/>\n<meta name=\"twitter:site\" content=\"@PressenzaIPA\" \/>\n<meta name=\"twitter:label1\" content=\"Escrito por\" \/>\n\t<meta name=\"twitter:data1\" content=\"Carolina V\u00e1squez Araya\" \/>\n\t<meta name=\"twitter:label2\" content=\"Tiempo de lectura\" \/>\n\t<meta name=\"twitter:data2\" content=\"3 minutos\" \/>\n<script type=\"application\/ld+json\" class=\"yoast-schema-graph\">{\"@context\":\"https:\/\/schema.org\",\"@graph\":[{\"@type\":\"Article\",\"@id\":\"https:\/\/www.pressenza.com\/es\/2018\/09\/antes-de-la-paz-la-justicia\/#article\",\"isPartOf\":{\"@id\":\"https:\/\/www.pressenza.com\/es\/2018\/09\/antes-de-la-paz-la-justicia\/\"},\"author\":{\"name\":\"Carolina V\u00e1squez Araya\",\"@id\":\"https:\/\/www.pressenza.com\/es\/#\/schema\/person\/6936ca3bb8dee618b5cdfd0e4427cdd6\"},\"headline\":\"Antes de la paz, la justicia\",\"datePublished\":\"2018-09-10T18:11:16+00:00\",\"mainEntityOfPage\":{\"@id\":\"https:\/\/www.pressenza.com\/es\/2018\/09\/antes-de-la-paz-la-justicia\/\"},\"wordCount\":635,\"publisher\":{\"@id\":\"https:\/\/www.pressenza.com\/es\/#organization\"},\"image\":{\"@id\":\"https:\/\/www.pressenza.com\/es\/2018\/09\/antes-de-la-paz-la-justicia\/#primaryimage\"},\"thumbnailUrl\":\"https:\/\/www.pressenza.com\/wp-content\/uploads\/2018\/09\/MG_3353_2592x1728.jpg\",\"keywords\":[\"Acuerdo de paz\",\"justicia\"],\"articleSection\":[\"Contenido Original\",\"Opiniones\",\"Paz y Desarme\",\"Sudam\u00e9rica\"],\"inLanguage\":\"es\"},{\"@type\":\"WebPage\",\"@id\":\"https:\/\/www.pressenza.com\/es\/2018\/09\/antes-de-la-paz-la-justicia\/\",\"url\":\"https:\/\/www.pressenza.com\/es\/2018\/09\/antes-de-la-paz-la-justicia\/\",\"name\":\"Antes de la paz, la justicia\",\"isPartOf\":{\"@id\":\"https:\/\/www.pressenza.com\/es\/#website\"},\"primaryImageOfPage\":{\"@id\":\"https:\/\/www.pressenza.com\/es\/2018\/09\/antes-de-la-paz-la-justicia\/#primaryimage\"},\"image\":{\"@id\":\"https:\/\/www.pressenza.com\/es\/2018\/09\/antes-de-la-paz-la-justicia\/#primaryimage\"},\"thumbnailUrl\":\"https:\/\/www.pressenza.com\/wp-content\/uploads\/2018\/09\/MG_3353_2592x1728.jpg\",\"datePublished\":\"2018-09-10T18:11:16+00:00\",\"description\":\"Cuando la justicia les pisa los talones buscan el refugio de un acuerdo de paz. Es la historia recurrente de quienes abusan del poder contra una\",\"breadcrumb\":{\"@id\":\"https:\/\/www.pressenza.com\/es\/2018\/09\/antes-de-la-paz-la-justicia\/#breadcrumb\"},\"inLanguage\":\"es\",\"potentialAction\":[{\"@type\":\"ReadAction\",\"target\":[\"https:\/\/www.pressenza.com\/es\/2018\/09\/antes-de-la-paz-la-justicia\/\"]}]},{\"@type\":\"ImageObject\",\"inLanguage\":\"es\",\"@id\":\"https:\/\/www.pressenza.com\/es\/2018\/09\/antes-de-la-paz-la-justicia\/#primaryimage\",\"url\":\"https:\/\/www.pressenza.com\/wp-content\/uploads\/2018\/09\/MG_3353_2592x1728.jpg\",\"contentUrl\":\"https:\/\/www.pressenza.com\/wp-content\/uploads\/2018\/09\/MG_3353_2592x1728.jpg\",\"width\":2048,\"height\":1365},{\"@type\":\"BreadcrumbList\",\"@id\":\"https:\/\/www.pressenza.com\/es\/2018\/09\/antes-de-la-paz-la-justicia\/#breadcrumb\",\"itemListElement\":[{\"@type\":\"ListItem\",\"position\":1,\"name\":\"Accueil\",\"item\":\"https:\/\/www.pressenza.com\/es\/\"},{\"@type\":\"ListItem\",\"position\":2,\"name\":\"Antes de la paz, la justicia\"}]},{\"@type\":\"WebSite\",\"@id\":\"https:\/\/www.pressenza.com\/es\/#website\",\"url\":\"https:\/\/www.pressenza.com\/es\/\",\"name\":\"Pressenza\",\"description\":\"International Press Agency\",\"publisher\":{\"@id\":\"https:\/\/www.pressenza.com\/es\/#organization\"},\"potentialAction\":[{\"@type\":\"SearchAction\",\"target\":{\"@type\":\"EntryPoint\",\"urlTemplate\":\"https:\/\/www.pressenza.com\/es\/?s={search_term_string}\"},\"query-input\":{\"@type\":\"PropertyValueSpecification\",\"valueRequired\":true,\"valueName\":\"search_term_string\"}}],\"inLanguage\":\"es\"},{\"@type\":\"Organization\",\"@id\":\"https:\/\/www.pressenza.com\/es\/#organization\",\"name\":\"Pressenza\",\"url\":\"https:\/\/www.pressenza.com\/es\/\",\"logo\":{\"@type\":\"ImageObject\",\"inLanguage\":\"es\",\"@id\":\"https:\/\/www.pressenza.com\/es\/#\/schema\/logo\/image\/\",\"url\":\"https:\/\/www.pressenza.com\/wp-content\/uploads\/2022\/10\/pressenza_logo_200x200.jpg\",\"contentUrl\":\"https:\/\/www.pressenza.com\/wp-content\/uploads\/2022\/10\/pressenza_logo_200x200.jpg\",\"width\":200,\"height\":200,\"caption\":\"Pressenza\"},\"image\":{\"@id\":\"https:\/\/www.pressenza.com\/es\/#\/schema\/logo\/image\/\"},\"sameAs\":[\"https:\/\/www.facebook.com\/PressenzaItalia\",\"https:\/\/x.com\/PressenzaIPA\"]},{\"@type\":\"Person\",\"@id\":\"https:\/\/www.pressenza.com\/es\/#\/schema\/person\/6936ca3bb8dee618b5cdfd0e4427cdd6\",\"name\":\"Carolina V\u00e1squez Araya\",\"description\":\"Periodista y editora con m\u00e1s de 30 a\u00f1os de experiencia, cuyos logros profesionales en el desarrollo de proyectos de gran \u00e9xito avalan sus cualidades de liderazgo, creatividad y relaciones p\u00fablicas. Ha aportado sus conocimientos en proyectos de organizaciones con intereses orientados al desarrollo social, cultural y econ\u00f3mico del pa\u00eds, con especial \u00e9nfasis en el sector de cultura y educaci\u00f3n, emprendimiento, derechos humanos, justicia, ambiente, mujeres y ni\u00f1ez. Chilena en Guatemala. elquintopatio.wordpress.com\",\"sameAs\":[\"https:\/\/www.facebook.com\/pages\/Carolina-V\u00e1squez-Araya\/241844515845237?fref=ts\",\"https:\/\/x.com\/carvasar\"],\"url\":\"https:\/\/www.pressenza.com\/es\/author\/carolina-vasquez-araya\/\"}]}<\/script>\n<!-- \/ Yoast SEO plugin. -->","yoast_head_json":{"title":"Antes de la paz, la justicia","description":"Cuando la justicia les pisa los talones buscan el refugio de un acuerdo de paz. Es la historia recurrente de quienes abusan del poder contra una","robots":{"index":"index","follow":"follow","max-snippet":"max-snippet:-1","max-image-preview":"max-image-preview:large","max-video-preview":"max-video-preview:-1"},"canonical":"https:\/\/www.pressenza.com\/es\/2018\/09\/antes-de-la-paz-la-justicia\/","og_locale":"es_ES","og_type":"article","og_title":"Antes de la paz, la justicia","og_description":"Cuando la justicia les pisa los talones buscan el refugio de un acuerdo de paz. Es la historia recurrente de quienes abusan del poder contra una","og_url":"https:\/\/www.pressenza.com\/es\/2018\/09\/antes-de-la-paz-la-justicia\/","og_site_name":"Pressenza","article_publisher":"https:\/\/www.facebook.com\/PressenzaItalia","article_author":"https:\/\/www.facebook.com\/pages\/Carolina-V\u00e1squez-Araya\/241844515845237?fref=ts","article_published_time":"2018-09-10T18:11:16+00:00","og_image":[{"width":2048,"height":1365,"url":"https:\/\/www.pressenza.com\/wp-content\/uploads\/2018\/09\/MG_3353_2592x1728.jpg","type":"image\/jpeg"}],"author":"Carolina V\u00e1squez Araya","twitter_card":"summary_large_image","twitter_creator":"@carvasar","twitter_site":"@PressenzaIPA","twitter_misc":{"Escrito por":"Carolina V\u00e1squez Araya","Tiempo de lectura":"3 minutos"},"schema":{"@context":"https:\/\/schema.org","@graph":[{"@type":"Article","@id":"https:\/\/www.pressenza.com\/es\/2018\/09\/antes-de-la-paz-la-justicia\/#article","isPartOf":{"@id":"https:\/\/www.pressenza.com\/es\/2018\/09\/antes-de-la-paz-la-justicia\/"},"author":{"name":"Carolina V\u00e1squez Araya","@id":"https:\/\/www.pressenza.com\/es\/#\/schema\/person\/6936ca3bb8dee618b5cdfd0e4427cdd6"},"headline":"Antes de la paz, la justicia","datePublished":"2018-09-10T18:11:16+00:00","mainEntityOfPage":{"@id":"https:\/\/www.pressenza.com\/es\/2018\/09\/antes-de-la-paz-la-justicia\/"},"wordCount":635,"publisher":{"@id":"https:\/\/www.pressenza.com\/es\/#organization"},"image":{"@id":"https:\/\/www.pressenza.com\/es\/2018\/09\/antes-de-la-paz-la-justicia\/#primaryimage"},"thumbnailUrl":"https:\/\/www.pressenza.com\/wp-content\/uploads\/2018\/09\/MG_3353_2592x1728.jpg","keywords":["Acuerdo de paz","justicia"],"articleSection":["Contenido Original","Opiniones","Paz y Desarme","Sudam\u00e9rica"],"inLanguage":"es"},{"@type":"WebPage","@id":"https:\/\/www.pressenza.com\/es\/2018\/09\/antes-de-la-paz-la-justicia\/","url":"https:\/\/www.pressenza.com\/es\/2018\/09\/antes-de-la-paz-la-justicia\/","name":"Antes de la paz, la justicia","isPartOf":{"@id":"https:\/\/www.pressenza.com\/es\/#website"},"primaryImageOfPage":{"@id":"https:\/\/www.pressenza.com\/es\/2018\/09\/antes-de-la-paz-la-justicia\/#primaryimage"},"image":{"@id":"https:\/\/www.pressenza.com\/es\/2018\/09\/antes-de-la-paz-la-justicia\/#primaryimage"},"thumbnailUrl":"https:\/\/www.pressenza.com\/wp-content\/uploads\/2018\/09\/MG_3353_2592x1728.jpg","datePublished":"2018-09-10T18:11:16+00:00","description":"Cuando la justicia les pisa los talones buscan el refugio de un acuerdo de paz. Es la historia recurrente de quienes abusan del poder contra una","breadcrumb":{"@id":"https:\/\/www.pressenza.com\/es\/2018\/09\/antes-de-la-paz-la-justicia\/#breadcrumb"},"inLanguage":"es","potentialAction":[{"@type":"ReadAction","target":["https:\/\/www.pressenza.com\/es\/2018\/09\/antes-de-la-paz-la-justicia\/"]}]},{"@type":"ImageObject","inLanguage":"es","@id":"https:\/\/www.pressenza.com\/es\/2018\/09\/antes-de-la-paz-la-justicia\/#primaryimage","url":"https:\/\/www.pressenza.com\/wp-content\/uploads\/2018\/09\/MG_3353_2592x1728.jpg","contentUrl":"https:\/\/www.pressenza.com\/wp-content\/uploads\/2018\/09\/MG_3353_2592x1728.jpg","width":2048,"height":1365},{"@type":"BreadcrumbList","@id":"https:\/\/www.pressenza.com\/es\/2018\/09\/antes-de-la-paz-la-justicia\/#breadcrumb","itemListElement":[{"@type":"ListItem","position":1,"name":"Accueil","item":"https:\/\/www.pressenza.com\/es\/"},{"@type":"ListItem","position":2,"name":"Antes de la paz, la justicia"}]},{"@type":"WebSite","@id":"https:\/\/www.pressenza.com\/es\/#website","url":"https:\/\/www.pressenza.com\/es\/","name":"Pressenza","description":"International Press Agency","publisher":{"@id":"https:\/\/www.pressenza.com\/es\/#organization"},"potentialAction":[{"@type":"SearchAction","target":{"@type":"EntryPoint","urlTemplate":"https:\/\/www.pressenza.com\/es\/?s={search_term_string}"},"query-input":{"@type":"PropertyValueSpecification","valueRequired":true,"valueName":"search_term_string"}}],"inLanguage":"es"},{"@type":"Organization","@id":"https:\/\/www.pressenza.com\/es\/#organization","name":"Pressenza","url":"https:\/\/www.pressenza.com\/es\/","logo":{"@type":"ImageObject","inLanguage":"es","@id":"https:\/\/www.pressenza.com\/es\/#\/schema\/logo\/image\/","url":"https:\/\/www.pressenza.com\/wp-content\/uploads\/2022\/10\/pressenza_logo_200x200.jpg","contentUrl":"https:\/\/www.pressenza.com\/wp-content\/uploads\/2022\/10\/pressenza_logo_200x200.jpg","width":200,"height":200,"caption":"Pressenza"},"image":{"@id":"https:\/\/www.pressenza.com\/es\/#\/schema\/logo\/image\/"},"sameAs":["https:\/\/www.facebook.com\/PressenzaItalia","https:\/\/x.com\/PressenzaIPA"]},{"@type":"Person","@id":"https:\/\/www.pressenza.com\/es\/#\/schema\/person\/6936ca3bb8dee618b5cdfd0e4427cdd6","name":"Carolina V\u00e1squez Araya","description":"Periodista y editora con m\u00e1s de 30 a\u00f1os de experiencia, cuyos logros profesionales en el desarrollo de proyectos de gran \u00e9xito avalan sus cualidades de liderazgo, creatividad y relaciones p\u00fablicas. Ha aportado sus conocimientos en proyectos de organizaciones con intereses orientados al desarrollo social, cultural y econ\u00f3mico del pa\u00eds, con especial \u00e9nfasis en el sector de cultura y educaci\u00f3n, emprendimiento, derechos humanos, justicia, ambiente, mujeres y ni\u00f1ez. Chilena en Guatemala. elquintopatio.wordpress.com","sameAs":["https:\/\/www.facebook.com\/pages\/Carolina-V\u00e1squez-Araya\/241844515845237?fref=ts","https:\/\/x.com\/carvasar"],"url":"https:\/\/www.pressenza.com\/es\/author\/carolina-vasquez-araya\/"}]}},"place":"Cuenca, Ecuador","original_article_url":"","_links":{"self":[{"href":"https:\/\/www.pressenza.com\/es\/wp-json\/wp\/v2\/posts\/717751","targetHints":{"allow":["GET"]}}],"collection":[{"href":"https:\/\/www.pressenza.com\/es\/wp-json\/wp\/v2\/posts"}],"about":[{"href":"https:\/\/www.pressenza.com\/es\/wp-json\/wp\/v2\/types\/post"}],"author":[{"embeddable":true,"href":"https:\/\/www.pressenza.com\/es\/wp-json\/wp\/v2\/users\/1296"}],"replies":[{"embeddable":true,"href":"https:\/\/www.pressenza.com\/es\/wp-json\/wp\/v2\/comments?post=717751"}],"version-history":[{"count":0,"href":"https:\/\/www.pressenza.com\/es\/wp-json\/wp\/v2\/posts\/717751\/revisions"}],"wp:featuredmedia":[{"embeddable":true,"href":"https:\/\/www.pressenza.com\/es\/wp-json\/wp\/v2\/media\/717753"}],"wp:attachment":[{"href":"https:\/\/www.pressenza.com\/es\/wp-json\/wp\/v2\/media?parent=717751"}],"wp:term":[{"taxonomy":"category","embeddable":true,"href":"https:\/\/www.pressenza.com\/es\/wp-json\/wp\/v2\/categories?post=717751"},{"taxonomy":"post_tag","embeddable":true,"href":"https:\/\/www.pressenza.com\/es\/wp-json\/wp\/v2\/tags?post=717751"}],"curies":[{"name":"wp","href":"https:\/\/api.w.org\/{rel}","templated":true}]}}