{"id":713941,"date":"2018-09-01T23:25:23","date_gmt":"2018-09-01T22:25:23","guid":{"rendered":"https:\/\/www.pressenza.com\/?p=713941"},"modified":"2018-09-01T23:25:23","modified_gmt":"2018-09-01T22:25:23","slug":"tribunal-decidio-que-lula-da-silva-no-sea-candidato","status":"publish","type":"post","link":"https:\/\/www.pressenza.com\/es\/2018\/09\/tribunal-decidio-que-lula-da-silva-no-sea-candidato\/","title":{"rendered":"Tribunal decidi\u00f3 que Lula da Silva no sea candidato"},"content":{"rendered":"<p>Finalmente, el Tribunal Supremo Electoral brasile\u00f1o decidi\u00f3 en la madrugada del s\u00e1bado impedir que el expresidente Luiz In\u00e1cio Lula da Silva, pueda participar de las elecciones presidenciales del 7 de octubre.<\/p>\n<p>Este 1 de septiembre comienzan a desarrollarse las campa\u00f1as electorales y el Partido de los Trabajadores se encuentran en esta situaci\u00f3n de indefensi\u00f3n, ya que cada d\u00eda que pasa sin tener un candidato confirmado, es un d\u00eda menos de campa\u00f1a.<\/p>\n<p>Seis votos contra uno, decidieron que Lula no pudo revertir todas las impugnaciones que hab\u00edan aparecido, cuando se acept\u00f3 su candidatura. Por ello, el Tribunal debi\u00f3 expedirse para ponerle fin a la discusi\u00f3n judicial.<\/p>\n<p>Al tener sentencia en segunda instancia, se puede entender que no cumple las condiciones que impone la Ley de la Ficha Limpia para poder ser candidato. Las endebles pruebas utilizadas para su condena y el hecho de que quede una \u00faltima instancia que puede declararlo inocente, no fueron suficientes argumentos para el Tribunal. La defensa tambi\u00e9n utiliz\u00f3 la decisi\u00f3n del Comit\u00e9 de Derechos Humanos de la ONU que le ordenaba al estado brasile\u00f1o que \u201ctome todas las medidas para asegurar el derecho de Lula a ser candidato en las elecciones presidenciales de 2018, incluyendo el acceso a la prensa, su libre participaci\u00f3n en los debates presidenciales y a participar en el horario electoral y, por \u00faltimo, la garant\u00eda de tener su nombre en las urnas en las elecciones del 7 de octubre\u201d.<\/p>\n<p>El Ministro Instructor, Luis Roberto Barroso, manifest\u00f3 que el Comit\u00e9 de la ONU tom\u00f3 la determinaci\u00f3n a favor de Lula, sin haber considerado los argumentos de Brasil antes de su conclusi\u00f3n y que esto cuestionaba el derecho a la amplia defensa, destacaba el portal Infobae.<\/p>\n<p>El PT ahora tiene diez d\u00edas para confirmar qui\u00e9n ser\u00e1 el reemplazo de Lula da Silva en la candidatura, algo que complica las apelaciones para reclamar que el candidato siga siendo el expresidente, pero que tambi\u00e9n complica a los propios candidatos, que perder\u00edan d\u00edas preciosos, teniendo en cuenta que la fecha de las elecciones es el cercano 7 de octubre.<\/p>\n<p>Fernando Haddad y Manuela D\u2019Avila deber\u00edan ser los candidatos que reemplacen al exsindicalista, seg\u00fan lo acordado en el congreso del PT realizado en agosto.<\/p>\n<p>El TSE en su fallo ordena que Lula no figure en las boletas de votaci\u00f3n, ni su foto pueda ser usada en campa\u00f1a, lo que le da al fallo un claro rasgo de proscripci\u00f3n.<\/p>\n","protected":false},"excerpt":{"rendered":"<p>Finalmente, el Tribunal Supremo Electoral brasile\u00f1o decidi\u00f3 en la madrugada del s\u00e1bado impedir que el expresidente Luiz In\u00e1cio Lula da Silva, pueda participar de las elecciones presidenciales del 7 de octubre. Este 1 de septiembre comienzan a desarrollarse las campa\u00f1as&hellip;<\/p>\n","protected":false},"author":96,"featured_media":713942,"comment_status":"closed","ping_status":"closed","sticky":false,"template":"","format":"standard","meta":{"footnotes":""},"categories":[11389,74,67],"tags":[2749,403,28599,2975,25280,49467,11118,49468],"class_list":["post-713941","post","type-post","status-publish","format-standard","has-post-thumbnail","hentry","category-contenido-original","category-politica-es","category-sudamerica","tag-brasil-es","tag-elecciones","tag-fernando-haddad","tag-lula-da-silva","tag-partido-de-los-trabajadores","tag-proscripcion","tag-pt-es","tag-tribunal-superior-electoral"],"yoast_head":"<!-- This site is optimized with the Yoast SEO plugin v27.1.1 - https:\/\/yoast.com\/product\/yoast-seo-wordpress\/ -->\n<title>Tribunal decidi\u00f3 que Lula da Silva no sea candidato<\/title>\n<meta name=\"description\" content=\"Finalmente, el Tribunal Supremo Electoral brasile\u00f1o decidi\u00f3 en la madrugada del s\u00e1bado impedir que el expresidente Luiz In\u00e1cio Lula da Silva, pueda\" \/>\n<meta name=\"robots\" content=\"index, follow, max-snippet:-1, max-image-preview:large, max-video-preview:-1\" \/>\n<link rel=\"canonical\" href=\"https:\/\/www.pressenza.com\/es\/2018\/09\/tribunal-decidio-que-lula-da-silva-no-sea-candidato\/\" \/>\n<meta property=\"og:locale\" content=\"es_ES\" \/>\n<meta property=\"og:type\" content=\"article\" \/>\n<meta property=\"og:title\" content=\"Tribunal decidi\u00f3 que Lula da Silva no sea candidato\" \/>\n<meta property=\"og:description\" content=\"Finalmente, el Tribunal Supremo Electoral brasile\u00f1o decidi\u00f3 en la madrugada del s\u00e1bado impedir que el expresidente Luiz In\u00e1cio Lula da Silva, pueda\" \/>\n<meta property=\"og:url\" content=\"https:\/\/www.pressenza.com\/es\/2018\/09\/tribunal-decidio-que-lula-da-silva-no-sea-candidato\/\" \/>\n<meta property=\"og:site_name\" content=\"Pressenza\" \/>\n<meta property=\"article:publisher\" content=\"https:\/\/www.facebook.com\/PressenzaItalia\" \/>\n<meta property=\"article:author\" content=\"https:\/\/www.facebook.com\/mariano.quiroga.779\" \/>\n<meta property=\"article:published_time\" content=\"2018-09-01T22:25:23+00:00\" \/>\n<meta property=\"og:image\" content=\"https:\/\/www.pressenza.com\/wp-content\/uploads\/2018\/09\/haddad.png\" \/>\n\t<meta property=\"og:image:width\" content=\"806\" \/>\n\t<meta property=\"og:image:height\" content=\"492\" \/>\n\t<meta property=\"og:image:type\" content=\"image\/png\" \/>\n<meta name=\"author\" content=\"Mariano Quiroga\" \/>\n<meta name=\"twitter:card\" content=\"summary_large_image\" \/>\n<meta name=\"twitter:creator\" content=\"@MaruchoQuiroga\" \/>\n<meta name=\"twitter:site\" content=\"@PressenzaIPA\" \/>\n<meta name=\"twitter:label1\" content=\"Escrito por\" \/>\n\t<meta name=\"twitter:data1\" content=\"Mariano Quiroga\" \/>\n\t<meta name=\"twitter:label2\" content=\"Tiempo de lectura\" \/>\n\t<meta name=\"twitter:data2\" content=\"2 minutos\" \/>\n<script type=\"application\/ld+json\" class=\"yoast-schema-graph\">{\"@context\":\"https:\/\/schema.org\",\"@graph\":[{\"@type\":\"Article\",\"@id\":\"https:\/\/www.pressenza.com\/es\/2018\/09\/tribunal-decidio-que-lula-da-silva-no-sea-candidato\/#article\",\"isPartOf\":{\"@id\":\"https:\/\/www.pressenza.com\/es\/2018\/09\/tribunal-decidio-que-lula-da-silva-no-sea-candidato\/\"},\"author\":{\"name\":\"Mariano Quiroga\",\"@id\":\"https:\/\/www.pressenza.com\/es\/#\/schema\/person\/a0856fe41d8234b92503e6b28dc2585e\"},\"headline\":\"Tribunal decidi\u00f3 que Lula da Silva no sea candidato\",\"datePublished\":\"2018-09-01T22:25:23+00:00\",\"mainEntityOfPage\":{\"@id\":\"https:\/\/www.pressenza.com\/es\/2018\/09\/tribunal-decidio-que-lula-da-silva-no-sea-candidato\/\"},\"wordCount\":433,\"publisher\":{\"@id\":\"https:\/\/www.pressenza.com\/es\/#organization\"},\"image\":{\"@id\":\"https:\/\/www.pressenza.com\/es\/2018\/09\/tribunal-decidio-que-lula-da-silva-no-sea-candidato\/#primaryimage\"},\"thumbnailUrl\":\"https:\/\/www.pressenza.com\/wp-content\/uploads\/2018\/09\/haddad.png\",\"keywords\":[\"Brasil\",\"elecciones\",\"Fernando Haddad\",\"Lula Da Silva\",\"Partido de los Trabajadores\",\"proscripci\u00f3n\",\"PT\",\"Tribunal Superior Electoral\"],\"articleSection\":[\"Contenido Original\",\"Pol\u00edtica\",\"Sudam\u00e9rica\"],\"inLanguage\":\"es\"},{\"@type\":\"WebPage\",\"@id\":\"https:\/\/www.pressenza.com\/es\/2018\/09\/tribunal-decidio-que-lula-da-silva-no-sea-candidato\/\",\"url\":\"https:\/\/www.pressenza.com\/es\/2018\/09\/tribunal-decidio-que-lula-da-silva-no-sea-candidato\/\",\"name\":\"Tribunal decidi\u00f3 que Lula da Silva no sea candidato\",\"isPartOf\":{\"@id\":\"https:\/\/www.pressenza.com\/es\/#website\"},\"primaryImageOfPage\":{\"@id\":\"https:\/\/www.pressenza.com\/es\/2018\/09\/tribunal-decidio-que-lula-da-silva-no-sea-candidato\/#primaryimage\"},\"image\":{\"@id\":\"https:\/\/www.pressenza.com\/es\/2018\/09\/tribunal-decidio-que-lula-da-silva-no-sea-candidato\/#primaryimage\"},\"thumbnailUrl\":\"https:\/\/www.pressenza.com\/wp-content\/uploads\/2018\/09\/haddad.png\",\"datePublished\":\"2018-09-01T22:25:23+00:00\",\"description\":\"Finalmente, el Tribunal Supremo Electoral brasile\u00f1o decidi\u00f3 en la madrugada del s\u00e1bado impedir que el expresidente Luiz In\u00e1cio Lula da Silva, pueda\",\"breadcrumb\":{\"@id\":\"https:\/\/www.pressenza.com\/es\/2018\/09\/tribunal-decidio-que-lula-da-silva-no-sea-candidato\/#breadcrumb\"},\"inLanguage\":\"es\",\"potentialAction\":[{\"@type\":\"ReadAction\",\"target\":[\"https:\/\/www.pressenza.com\/es\/2018\/09\/tribunal-decidio-que-lula-da-silva-no-sea-candidato\/\"]}]},{\"@type\":\"ImageObject\",\"inLanguage\":\"es\",\"@id\":\"https:\/\/www.pressenza.com\/es\/2018\/09\/tribunal-decidio-que-lula-da-silva-no-sea-candidato\/#primaryimage\",\"url\":\"https:\/\/www.pressenza.com\/wp-content\/uploads\/2018\/09\/haddad.png\",\"contentUrl\":\"https:\/\/www.pressenza.com\/wp-content\/uploads\/2018\/09\/haddad.png\",\"width\":806,\"height\":492},{\"@type\":\"BreadcrumbList\",\"@id\":\"https:\/\/www.pressenza.com\/es\/2018\/09\/tribunal-decidio-que-lula-da-silva-no-sea-candidato\/#breadcrumb\",\"itemListElement\":[{\"@type\":\"ListItem\",\"position\":1,\"name\":\"Accueil\",\"item\":\"https:\/\/www.pressenza.com\/es\/\"},{\"@type\":\"ListItem\",\"position\":2,\"name\":\"Tribunal decidi\u00f3 que Lula da Silva no sea candidato\"}]},{\"@type\":\"WebSite\",\"@id\":\"https:\/\/www.pressenza.com\/es\/#website\",\"url\":\"https:\/\/www.pressenza.com\/es\/\",\"name\":\"Pressenza\",\"description\":\"International Press Agency\",\"publisher\":{\"@id\":\"https:\/\/www.pressenza.com\/es\/#organization\"},\"potentialAction\":[{\"@type\":\"SearchAction\",\"target\":{\"@type\":\"EntryPoint\",\"urlTemplate\":\"https:\/\/www.pressenza.com\/es\/?s={search_term_string}\"},\"query-input\":{\"@type\":\"PropertyValueSpecification\",\"valueRequired\":true,\"valueName\":\"search_term_string\"}}],\"inLanguage\":\"es\"},{\"@type\":\"Organization\",\"@id\":\"https:\/\/www.pressenza.com\/es\/#organization\",\"name\":\"Pressenza\",\"url\":\"https:\/\/www.pressenza.com\/es\/\",\"logo\":{\"@type\":\"ImageObject\",\"inLanguage\":\"es\",\"@id\":\"https:\/\/www.pressenza.com\/es\/#\/schema\/logo\/image\/\",\"url\":\"https:\/\/www.pressenza.com\/wp-content\/uploads\/2022\/10\/pressenza_logo_200x200.jpg\",\"contentUrl\":\"https:\/\/www.pressenza.com\/wp-content\/uploads\/2022\/10\/pressenza_logo_200x200.jpg\",\"width\":200,\"height\":200,\"caption\":\"Pressenza\"},\"image\":{\"@id\":\"https:\/\/www.pressenza.com\/es\/#\/schema\/logo\/image\/\"},\"sameAs\":[\"https:\/\/www.facebook.com\/PressenzaItalia\",\"https:\/\/x.com\/PressenzaIPA\"]},{\"@type\":\"Person\",\"@id\":\"https:\/\/www.pressenza.com\/es\/#\/schema\/person\/a0856fe41d8234b92503e6b28dc2585e\",\"name\":\"Mariano Quiroga\",\"description\":\"Born in Buenos Aires, Argentina, in 1976, Mariano is a journalist, poet and international editor for Pressenza. His career includes publications in different countries and languages. Currently he is presenter on radio programmes in Ecuador and Argentina. A humanist communicator specialising in international politics, his vocation has led him to seek to build bridges that allow relationships to be made between data, events, people and contexts in order to create an inclusive look that synthesises the noblest searches for social justice and humanisation of the planet.\",\"sameAs\":[\"https:\/\/www.facebook.com\/mariano.quiroga.779\",\"https:\/\/x.com\/MaruchoQuiroga\"],\"url\":\"https:\/\/www.pressenza.com\/es\/author\/mariano-quiroga\/\"}]}<\/script>\n<!-- \/ Yoast SEO plugin. -->","yoast_head_json":{"title":"Tribunal decidi\u00f3 que Lula da Silva no sea candidato","description":"Finalmente, el Tribunal Supremo Electoral brasile\u00f1o decidi\u00f3 en la madrugada del s\u00e1bado impedir que el expresidente Luiz In\u00e1cio Lula da Silva, pueda","robots":{"index":"index","follow":"follow","max-snippet":"max-snippet:-1","max-image-preview":"max-image-preview:large","max-video-preview":"max-video-preview:-1"},"canonical":"https:\/\/www.pressenza.com\/es\/2018\/09\/tribunal-decidio-que-lula-da-silva-no-sea-candidato\/","og_locale":"es_ES","og_type":"article","og_title":"Tribunal decidi\u00f3 que Lula da Silva no sea candidato","og_description":"Finalmente, el Tribunal Supremo Electoral brasile\u00f1o decidi\u00f3 en la madrugada del s\u00e1bado impedir que el expresidente Luiz In\u00e1cio Lula da Silva, pueda","og_url":"https:\/\/www.pressenza.com\/es\/2018\/09\/tribunal-decidio-que-lula-da-silva-no-sea-candidato\/","og_site_name":"Pressenza","article_publisher":"https:\/\/www.facebook.com\/PressenzaItalia","article_author":"https:\/\/www.facebook.com\/mariano.quiroga.779","article_published_time":"2018-09-01T22:25:23+00:00","og_image":[{"width":806,"height":492,"url":"https:\/\/www.pressenza.com\/wp-content\/uploads\/2018\/09\/haddad.png","type":"image\/png"}],"author":"Mariano Quiroga","twitter_card":"summary_large_image","twitter_creator":"@MaruchoQuiroga","twitter_site":"@PressenzaIPA","twitter_misc":{"Escrito por":"Mariano Quiroga","Tiempo de lectura":"2 minutos"},"schema":{"@context":"https:\/\/schema.org","@graph":[{"@type":"Article","@id":"https:\/\/www.pressenza.com\/es\/2018\/09\/tribunal-decidio-que-lula-da-silva-no-sea-candidato\/#article","isPartOf":{"@id":"https:\/\/www.pressenza.com\/es\/2018\/09\/tribunal-decidio-que-lula-da-silva-no-sea-candidato\/"},"author":{"name":"Mariano Quiroga","@id":"https:\/\/www.pressenza.com\/es\/#\/schema\/person\/a0856fe41d8234b92503e6b28dc2585e"},"headline":"Tribunal decidi\u00f3 que Lula da Silva no sea candidato","datePublished":"2018-09-01T22:25:23+00:00","mainEntityOfPage":{"@id":"https:\/\/www.pressenza.com\/es\/2018\/09\/tribunal-decidio-que-lula-da-silva-no-sea-candidato\/"},"wordCount":433,"publisher":{"@id":"https:\/\/www.pressenza.com\/es\/#organization"},"image":{"@id":"https:\/\/www.pressenza.com\/es\/2018\/09\/tribunal-decidio-que-lula-da-silva-no-sea-candidato\/#primaryimage"},"thumbnailUrl":"https:\/\/www.pressenza.com\/wp-content\/uploads\/2018\/09\/haddad.png","keywords":["Brasil","elecciones","Fernando Haddad","Lula Da Silva","Partido de los Trabajadores","proscripci\u00f3n","PT","Tribunal Superior Electoral"],"articleSection":["Contenido Original","Pol\u00edtica","Sudam\u00e9rica"],"inLanguage":"es"},{"@type":"WebPage","@id":"https:\/\/www.pressenza.com\/es\/2018\/09\/tribunal-decidio-que-lula-da-silva-no-sea-candidato\/","url":"https:\/\/www.pressenza.com\/es\/2018\/09\/tribunal-decidio-que-lula-da-silva-no-sea-candidato\/","name":"Tribunal decidi\u00f3 que Lula da Silva no sea candidato","isPartOf":{"@id":"https:\/\/www.pressenza.com\/es\/#website"},"primaryImageOfPage":{"@id":"https:\/\/www.pressenza.com\/es\/2018\/09\/tribunal-decidio-que-lula-da-silva-no-sea-candidato\/#primaryimage"},"image":{"@id":"https:\/\/www.pressenza.com\/es\/2018\/09\/tribunal-decidio-que-lula-da-silva-no-sea-candidato\/#primaryimage"},"thumbnailUrl":"https:\/\/www.pressenza.com\/wp-content\/uploads\/2018\/09\/haddad.png","datePublished":"2018-09-01T22:25:23+00:00","description":"Finalmente, el Tribunal Supremo Electoral brasile\u00f1o decidi\u00f3 en la madrugada del s\u00e1bado impedir que el expresidente Luiz In\u00e1cio Lula da Silva, pueda","breadcrumb":{"@id":"https:\/\/www.pressenza.com\/es\/2018\/09\/tribunal-decidio-que-lula-da-silva-no-sea-candidato\/#breadcrumb"},"inLanguage":"es","potentialAction":[{"@type":"ReadAction","target":["https:\/\/www.pressenza.com\/es\/2018\/09\/tribunal-decidio-que-lula-da-silva-no-sea-candidato\/"]}]},{"@type":"ImageObject","inLanguage":"es","@id":"https:\/\/www.pressenza.com\/es\/2018\/09\/tribunal-decidio-que-lula-da-silva-no-sea-candidato\/#primaryimage","url":"https:\/\/www.pressenza.com\/wp-content\/uploads\/2018\/09\/haddad.png","contentUrl":"https:\/\/www.pressenza.com\/wp-content\/uploads\/2018\/09\/haddad.png","width":806,"height":492},{"@type":"BreadcrumbList","@id":"https:\/\/www.pressenza.com\/es\/2018\/09\/tribunal-decidio-que-lula-da-silva-no-sea-candidato\/#breadcrumb","itemListElement":[{"@type":"ListItem","position":1,"name":"Accueil","item":"https:\/\/www.pressenza.com\/es\/"},{"@type":"ListItem","position":2,"name":"Tribunal decidi\u00f3 que Lula da Silva no sea candidato"}]},{"@type":"WebSite","@id":"https:\/\/www.pressenza.com\/es\/#website","url":"https:\/\/www.pressenza.com\/es\/","name":"Pressenza","description":"International Press Agency","publisher":{"@id":"https:\/\/www.pressenza.com\/es\/#organization"},"potentialAction":[{"@type":"SearchAction","target":{"@type":"EntryPoint","urlTemplate":"https:\/\/www.pressenza.com\/es\/?s={search_term_string}"},"query-input":{"@type":"PropertyValueSpecification","valueRequired":true,"valueName":"search_term_string"}}],"inLanguage":"es"},{"@type":"Organization","@id":"https:\/\/www.pressenza.com\/es\/#organization","name":"Pressenza","url":"https:\/\/www.pressenza.com\/es\/","logo":{"@type":"ImageObject","inLanguage":"es","@id":"https:\/\/www.pressenza.com\/es\/#\/schema\/logo\/image\/","url":"https:\/\/www.pressenza.com\/wp-content\/uploads\/2022\/10\/pressenza_logo_200x200.jpg","contentUrl":"https:\/\/www.pressenza.com\/wp-content\/uploads\/2022\/10\/pressenza_logo_200x200.jpg","width":200,"height":200,"caption":"Pressenza"},"image":{"@id":"https:\/\/www.pressenza.com\/es\/#\/schema\/logo\/image\/"},"sameAs":["https:\/\/www.facebook.com\/PressenzaItalia","https:\/\/x.com\/PressenzaIPA"]},{"@type":"Person","@id":"https:\/\/www.pressenza.com\/es\/#\/schema\/person\/a0856fe41d8234b92503e6b28dc2585e","name":"Mariano Quiroga","description":"Born in Buenos Aires, Argentina, in 1976, Mariano is a journalist, poet and international editor for Pressenza. His career includes publications in different countries and languages. Currently he is presenter on radio programmes in Ecuador and Argentina. A humanist communicator specialising in international politics, his vocation has led him to seek to build bridges that allow relationships to be made between data, events, people and contexts in order to create an inclusive look that synthesises the noblest searches for social justice and humanisation of the planet.","sameAs":["https:\/\/www.facebook.com\/mariano.quiroga.779","https:\/\/x.com\/MaruchoQuiroga"],"url":"https:\/\/www.pressenza.com\/es\/author\/mariano-quiroga\/"}]}},"place":"Ciudad de Buenos Aires, Argentina","original_article_url":"http:\/\/www.pichinchauniversal.com.ec\/tribunal-decidio-que-lula-da-silva-no-sea-candidato\/","_links":{"self":[{"href":"https:\/\/www.pressenza.com\/es\/wp-json\/wp\/v2\/posts\/713941","targetHints":{"allow":["GET"]}}],"collection":[{"href":"https:\/\/www.pressenza.com\/es\/wp-json\/wp\/v2\/posts"}],"about":[{"href":"https:\/\/www.pressenza.com\/es\/wp-json\/wp\/v2\/types\/post"}],"author":[{"embeddable":true,"href":"https:\/\/www.pressenza.com\/es\/wp-json\/wp\/v2\/users\/96"}],"replies":[{"embeddable":true,"href":"https:\/\/www.pressenza.com\/es\/wp-json\/wp\/v2\/comments?post=713941"}],"version-history":[{"count":0,"href":"https:\/\/www.pressenza.com\/es\/wp-json\/wp\/v2\/posts\/713941\/revisions"}],"wp:featuredmedia":[{"embeddable":true,"href":"https:\/\/www.pressenza.com\/es\/wp-json\/wp\/v2\/media\/713942"}],"wp:attachment":[{"href":"https:\/\/www.pressenza.com\/es\/wp-json\/wp\/v2\/media?parent=713941"}],"wp:term":[{"taxonomy":"category","embeddable":true,"href":"https:\/\/www.pressenza.com\/es\/wp-json\/wp\/v2\/categories?post=713941"},{"taxonomy":"post_tag","embeddable":true,"href":"https:\/\/www.pressenza.com\/es\/wp-json\/wp\/v2\/tags?post=713941"}],"curies":[{"name":"wp","href":"https:\/\/api.w.org\/{rel}","templated":true}]}}