{"id":713819,"date":"2018-09-01T20:29:01","date_gmt":"2018-09-01T19:29:01","guid":{"rendered":"https:\/\/www.pressenza.com\/?p=713819"},"modified":"2018-09-02T01:29:50","modified_gmt":"2018-09-02T00:29:50","slug":"se-crea-la-subsecretaria-de-no-violencia-y-desarrollo-humano-en-moreno","status":"publish","type":"post","link":"https:\/\/www.pressenza.com\/es\/2018\/09\/se-crea-la-subsecretaria-de-no-violencia-y-desarrollo-humano-en-moreno\/","title":{"rendered":"Se crea la subsecretar\u00eda de no violencia y desarrollo humano en Moreno"},"content":{"rendered":"<p><em>Por<strong> Gabriel Bulgach<\/strong><\/em><\/p>\n<p>A principios de agosto, Walter Festa, intendente de Moreno*, firm\u00f3 el decreto por el cual se pone en funciones la Subsecretaria de no violencia y desarrollo humano. Esta ser\u00e1 una experiencia in\u00e9dita en Argentina, en particular por la designaci\u00f3n de un humanista para el desarrollo de su funci\u00f3n. Transcribimos la conversaci\u00f3n que tuvimos con Alejandro Roger, flamante titular del novedoso espacio institucional.<\/p>\n<p><strong>\u2013\u00bfC\u00f3mo surge el proyecto de un espacio institucional orientado a la promoci\u00f3n de la no violencia y el desarrollo humano?<\/strong><\/p>\n<p>\u2013Luego de la experiencia que nos llev\u00f3 en Moreno, a la expresi\u00f3n de la Primer Marcha mundial por la paz y la no violencia, quienes participamos en distintas actividades referidas al humanismo y el Mensaje de Silo, nos propusimos dar vida al Consejo por la paz y la no violencia, en conjunto con numerosos actores sociales (grupos docentes, participantes de \u00e1reas de la salud, militantes sociales, grupos de vecinos). Un punto excluyente que marc\u00f3 y marca las actividades de este espacio, es que la no violencia sea pol\u00edtica de Estado, no s\u00f3lo en este municipio sino en la Provincia de Buenos Aires y en nuestro pa\u00eds. Todas las actividades que se desarrollaron a partir de esa construcci\u00f3n, estuvieron dedicadas a brindar herramientas a toda organizaci\u00f3n, grupos vecinales e instituci\u00f3n educativa, social, pol\u00edtica y cultural, que van desde la toma de contacto con nuestra interioridad y pr\u00e1cticas de autoconocimiento, hacia la toma de conciencia de las propias acciones, el despertar conciencia sobre la necesidad pr\u00e1ctica de las herramientas de la democracia directa y participativa a fin de que el poder de decisi\u00f3n est\u00e9 en manos del conjunto social, en lo referido a la direcci\u00f3n de nuestro destino como sociedad, nuestro presente y futuro.<\/p>\n<p>La experiencia de la multiplicidad de talleres, jornadas, actividades desarrolladas y la necesidad de avanzar en las propuestas de socializaci\u00f3n de las herramientas, llev\u00f3 a la creaci\u00f3n de una herramienta pol\u00edtica que nos permitiera avanzar localmente a fin de poder hacer un aporte a la pol\u00edtica por medio de la teor\u00eda y pr\u00e1ctica de la no violencia en todo \u00e1mbito. As\u00ed surge el <em>Movimiento Vecinal Humanista (MoVeH)<\/em> que se apoya en su andamiaje central, en la puesta en marcha del Plan humanista municipal, tomando el aporte realizado por Silo en su libro Cartas a mis amigos, Carta 10, punto 3. El MoVeH, en franco proceso de adaptaci\u00f3n creciente, se desarroll\u00f3 desde su origen en contacto con la diversidad pol\u00edtica llev\u00e1ndonos a participar en distintos espacios pol\u00edticos orientados a la construcci\u00f3n de la Unidad en la diversidad, en la acci\u00f3n y en la lucha, en contextos de nuestro pa\u00eds donde un modelo pol\u00edtico ego\u00edsta, violento y anti humanista logra hacer pie, no s\u00f3lo en la pol\u00edtica local, sino en que en Latinoam\u00e9rica, destruyendo todo avance logrado por gobiernos sensibles socialmente y acelerando velozmente las condiciones hacia la destrucci\u00f3n del tejido social, \u00a0hasta el momento actual. \u00a0En esta construcci\u00f3n, se va avanzando en la creaci\u00f3n de campa\u00f1as en conjunto con numerosas organizaciones, orientadas a un <em>Plan de lucha no violento en defensa de la democracia y derechos adquiridos<\/em>, haciendo hincapi\u00e9 en la desobediencia civil como instrumento de autodefensa ante el monopolio institucional de la Violencia.<\/p>\n<p>Estos son los contextos donde se dan conversaciones con actores del gobierno local de marcada construcci\u00f3n nacional y popular y participativo, teniendo una serie de charlas en profundidad con el jefe de gobierno local, sobre la necesidad de que la no violencia (f\u00edsica, econ\u00f3mica, \u00e9tnica, psicol\u00f3gica, institucional, sexual, de g\u00e9nero, simb\u00f3lica) sea pol\u00edtica de Estado, implementado las medidas institucionales necesarias para que se pueda actuar pol\u00edticamente en esa direcci\u00f3n de manera decidida. Es en este punto donde se crea a trav\u00e9s de un decreto del intendente de la municipalidad de Moreno, refrendado por la Secretar\u00eda de gobierno: la Subsecretar\u00eda de no violencia y desarrollo humano. Dando inicio por primera vez en el organigrama de un municipio a un \u00e1rea orientada a que la no violencia se constituya en pol\u00edtica de estado.<\/p>\n<p><strong>\u2013\u00bfCu\u00e1les van a ser las l\u00edneas de trabajo y los objetivos m\u00e1s generales de la Subsecretaria de no violencia y desarrollo humano?<\/strong><\/p>\n<p>Las l\u00edneas de trabajo van a ser las siguientes:<\/p>\n<ul>\n<li>Llevar a cabo pol\u00edticas de Estado hacia la prevenci\u00f3n y superaci\u00f3n de la violencia personal y social manifiesta en todas sus formas.<\/li>\n<li>Coordinar, crear pol\u00edticas de implementaci\u00f3n amplias sobre las tem\u00e1ticas que generan violencia.<\/li>\n<li>Llevar a cabo un trabajo estructural pluralista e interconectado y de dise\u00f1o de implementaciones coordinada de manera conjunta con toda organizaci\u00f3n, Asociaci\u00f3n civil e instituci\u00f3n pol\u00edtica, religiosa, cultural, deportiva y educativa que est\u00e9n trabajando o en cuyos objetivos este impl\u00edcita la tarea de la superaci\u00f3n de toda forma de violencia, discriminaci\u00f3n y\/o sufrimiento personal y social.<\/li>\n<li>Formar, capacitar y promover herramientas claras para el ejercicio de la no violencia\u00a0como una nueva cultura en marcha, insertando una pol\u00edtica de Estado no violenta, en direcci\u00f3n de superaci\u00f3n\u00a0 del colonialismo cultural violento en el cual hemos sido formados, promoviendo la reconstrucci\u00f3n del tejido social.<\/li>\n<\/ul>\n<div id=\"attachment_713862\" class=\"wp-caption alignnone\"><img loading=\"lazy\" decoding=\"async\" aria-describedby=\"caption-attachment-713862\" class=\"size-large wp-image-713862\" src=\"https:\/\/www.pressenza.com\/wp-content\/uploads\/2018\/09\/equipo1-720x425.jpg\" alt=\"\" width=\"720\" height=\"425\" srcset=\"https:\/\/www.pressenza.com\/wp-content\/uploads\/2018\/09\/equipo1-720x425.jpg 720w, https:\/\/www.pressenza.com\/wp-content\/uploads\/2018\/09\/equipo1-300x177.jpg 300w, https:\/\/www.pressenza.com\/wp-content\/uploads\/2018\/09\/equipo1-768x454.jpg 768w, https:\/\/www.pressenza.com\/wp-content\/uploads\/2018\/09\/equipo1.jpg 946w\" sizes=\"auto, (max-width: 720px) 100vw, 720px\" \/><p id=\"caption-attachment-713862\" class=\"wp-caption-text\">Foto Gabriel Bulgach<\/p><\/div>\n<p><strong>\u2013\u00bfCu\u00e1ndo se pone en marcha y d\u00f3nde va a funcionar la subsecretar\u00eda?<\/strong><\/p>\n<p>\u2013La gesti\u00f3n ya est\u00e1 en marcha. El 2 de agosto pasado, en una explosi\u00f3n por fuga de gas ocurrida en la escuela 49 del barrio San Carlos de Moreno, murieron la Vice directora Sandra Calamano y su compa\u00f1ero auxiliar Rub\u00e9n Rodriguez. La violencia institucional queda en evidencia a causa del des compromiso de los gobiernos nacional y provincial y de un consejo escolar local intervenido desde hac\u00eda ya 1 a\u00f1o por el gobierno provincial, quitando control de la gesti\u00f3n a quienes hab\u00edan sido electos a trav\u00e9s del voto popular.<\/p>\n<p>En este contexto, que afect\u00f3 a toda la comunidad local, se desarroll\u00f3 un equipo de contenci\u00f3n municipal, del cual formamos parte ya desde el inicio. Desde nuestra funci\u00f3n nos hemos puesto a disposici\u00f3n de la gesti\u00f3n y de la comunidad, logrando articular respuestas conjuntas con las madres de los alumnos y docentes, que quedaron sin edificio donde dar sus clases y recibir el plan alimentario, ayudando a la coordinaci\u00f3n de estos primeros pasos. Colaboramos en la articulaci\u00f3n de una respuesta conjunta con distintas \u00e1reas de asistencia social y psicol\u00f3gica, gabinete de \u00e1rea educaci\u00f3n, salud mental y territorio con lo referido a derechos. Pusimos en marcha talleres cotidianos con las herramientas de distensi\u00f3n y experiencias de paz. Coordinamos una pr\u00f3xima jornada con docentes de escuelas de la zona. Acompa\u00f1amos con mediaciones al conflicto docente y su profundizaci\u00f3n en b\u00fasqueda de soluciones. Comenzamos a dise\u00f1ar una estrategia que lleve a una transferencia colectiva posterior a la explosi\u00f3n y sus consecuencias, a partir del desarrollo de un mural de creaci\u00f3n colectiva por medio de la t\u00e9cnica de mosaiquismo, con participaci\u00f3n de docentes, padres, alumnos y miembros de la comunidad, a fin de producir una creaci\u00f3n colectiva de significados. Tambi\u00e9n se desarroll\u00f3 en otras escuelas por medio de voluntarios con quienes compartimos sensibilidad y estrategia de gesti\u00f3n. Pusimos a disposici\u00f3n de distintos actores sociales, el Parque de estudio y reflexi\u00f3n La Reja, a fin de acompa\u00f1ar intercambios que lleven a la resoluci\u00f3n de los conflictos desatados.<\/p>\n<p>Esta experiencia, nos ha puesto en situaci\u00f3n de llevar adelante nuestra gesti\u00f3n en la pr\u00e1ctica, en el territorio y sobre un conflicto concreto.<\/p>\n<p>Por otra parte, la Direcci\u00f3n de Museos propuso la generaci\u00f3n de un corredor cultural de Moreno, donde se toma al Parque de estudio y reflexi\u00f3n la Reja, uno de los puntos culturales, como un centro inspirador de la no violencia dentro de la cultura popular local. Desde ese concepto, hemos participado en encuentros junto al Consejo por la paz y la no violencia (asociaci\u00f3n civil sin fines de lucro), la Subsecretar\u00eda de cultura y la Direcci\u00f3n general de museos, se desarrollar\u00e1n visitas guiadas con alumnos de las Escuelas, donde se prev\u00e9n experiencias en los s\u00edmbolos del Parque (portal, monolito, fuente, sala),\u00a0 de entrada a espacios de la interioridad, contacto con lo humano en uno y en los dem\u00e1s, experiencias de inspiraci\u00f3n art\u00edstica en la Sala e intercambios sobre experiencias de la visita experiencial, en sal\u00f3n Multiuso.<\/p>\n<p>El funcionamiento de la gesti\u00f3n no violenta es b\u00e1sicamente en los distintos \u00e1mbitos del quehacer social, cultural, pol\u00edtico, educativo, espiritual, barrial, institucional. Somos conscientes de las limitaciones presupuestales de nuestro municipio y decidimos un acompa\u00f1amiento que implica compromiso y militancia real teniendo en cuenta el contexto econ\u00f3mico que hoy vivimos, dando lo mejor de cada uno de nosotros.<\/p>\n<p><strong>\u2013\u00bfC\u00f3mo pueden contactarse los vecinos y organizaciones sociales con la subsecretar\u00eda?<\/strong><\/p>\n<p>\u2013Este ha sido nuestro primer mes de gesti\u00f3n y de creaci\u00f3n del \u00e1rea que depende de la Secretar\u00eda de gobierno. Al ser nueva dentro del organigrama municipal, son numerosas las conectivas y relaciones que faltan realizar, tanto como espacios f\u00edsicos de gesti\u00f3n, etc. Hoy, cualquier vecino, organizaci\u00f3n o instituci\u00f3n puede tomar contacto con nosotros acerc\u00e1ndose a la sede municipal central o a sus delegaciones. Tambi\u00e9n a trav\u00e9s del mail: subsecretarianoviolencia@moreno.gov.ar<\/p>\n<p><strong>\u2013\u00bfQu\u00e9 tipo de programas y\/o servicios van a poner a disposici\u00f3n?<\/strong><\/p>\n<p>\u2013En nuestra agenda de trabajo contamos con objetivos a corto, mediano y largo plazo, siendo conscientes que las aspiraciones trazantes son complejas, ya que van hacia la reconstrucci\u00f3n del tejido social y el crear conciencia sobre la necesidad de materializaci\u00f3n de una nueva cultura, la de la No Violencia, como paisaje esencial donde se forman las nuevas generaciones.<\/p>\n<p>&nbsp;<\/p>\n<p>En los diferentes pasos que nos hemos propuesto, est\u00e1 impl\u00edcita la creaci\u00f3n del primer Observatorio de la violencia compuesto por miradas de diferentes \u00e1reas: salud, educaci\u00f3n, cultura, desarrollo social, organizaciones sociales; implementaci\u00f3n de los capacitadores en no violencia a nivel municipal (capacitaci\u00f3n adoptada ya por la UTN); desarrollar la diplomatura en no violencia (que hoy se brinda en la Universidad popular de Escobar y comienzan los contactos en la UNM); creaci\u00f3n del Programa mediadores para la paz social; puesta en marcha del Programa de acompa\u00f1amiento en cuidados paliativos, el arte de Acompa\u00f1ar (puesto en marcha por el equipo de voluntarios en cuidados paliativos del Hospital Torn\u00fa); creaci\u00f3n del Consejo municipal de la no violencia (conformado por organizaciones, instituciones, \u00e1reas institucionales y municipio); talleres sobre herramientas de la no violencia y t\u00e9cnicas de autoconocimiento, como as\u00ed tambi\u00e9n sobre la pr\u00e1ctica y estrategia de la lucha no violenta a todo grupo de vecinos, organizaci\u00f3n o instituci\u00f3n que lo solicite. Intencionar la creaci\u00f3n de centros de comunicaci\u00f3n directa, en los diferentes barrios de Moreno.<\/p>\n<p><em>Hoy contamos con 2 Direcciones Generales:<\/em><\/p>\n<p>Direcci\u00f3n general de gesti\u00f3n para la no violencia, cuyos ejes centrales son:<\/p>\n<p style=\"padding-left: 30px;\">a. Llevar a cabo un plan sistem\u00e1tico global, formal e informal para la implementaci\u00f3n de la formaci\u00f3n y creaci\u00f3n de la conciencia no violenta, en toda \u00e1rea, en las organizaciones intermedias y barriales.<br \/>\nb. Implementar herramientas accesibles a todo vecino del \u00e1mbito municipal desde todas las delegaciones municipales (manual para la formaci\u00f3n de individuos, organizaciones y redes solidarias con la metodolog\u00eda de la no violencia activa).<br \/>\nc. Coordinar jornadas de capacitaci\u00f3n permanente en metodolog\u00eda\u00a0 de la no violencia activa y brindar informaci\u00f3n para las organizaciones sociales sobre autodefensa no violenta. Aplicaci\u00f3n de programas existentes curriculares y no curriculares. Promoci\u00f3n y apertura de centros de comunicaci\u00f3n directa.<\/p>\n<p>Y la Direcci\u00f3n general de desarrollo e integraci\u00f3n humana cuyos ejes principales son:<\/p>\n<p style=\"padding-left: 30px;\">a. Desarrollar pol\u00edticas participativas que se encarguen de estudiar las formas de implementaci\u00f3n de democracia directa que posibilite la mayor participaci\u00f3n vecinal en la toma de decisiones.<br \/>\nb. Asesorar y actuar sobre la detecci\u00f3n de riesgo de conflicto social, estudiando y dando herramientas democr\u00e1ticas y no violentas para la resoluci\u00f3n de los mismos: refer\u00e9ndum, plebiscitos, consultas populares vinculantes entre otras herramientas de la pol\u00edtica de estado no violenta.<\/p>\n<p>Consideramos que estos primeros pasos en la implementaci\u00f3n de una pol\u00edtica de estado no violenta en el municipio, son condici\u00f3n de origen para su multiplicaci\u00f3n en otros niveles de estado, tanto municipales, provinciales y nacional. Tal consolidaci\u00f3n en cuanto a la direcci\u00f3n de esta gran obra necesita de much\u00edsimo apoyo de todo ser humano que se sienta identificado con este horizonte de cosas. La nuestra es una gesti\u00f3n abierta a recibir el aporte y la mirada de todo aquel que se sienta comprometido desde cualquier \u00e1mbito con estos objetivos. Aspiramos a que tanto en nuestro municipio, como en nuestra provincia y en nuestro pa\u00eds, los temas centrales en las agendas de gobierno, sea aquello que genera sufrimiento y violencia en nuestro pueblo y la generaci\u00f3n de pol\u00edticas que lleven a su superaci\u00f3n.<\/p>\n<hr \/>\n<p>*Moreno, ubicado al oeste de la capital argentina, es uno de los partidos m\u00e1s populosos en que se divide la provincia de Buenos Aires.<\/p>\n","protected":false},"excerpt":{"rendered":"<p>Por Gabriel Bulgach A principios de agosto, Walter Festa, intendente de Moreno*, firm\u00f3 el decreto por el cual se pone en funciones la Subsecretaria de no violencia y desarrollo humano. Esta ser\u00e1 una experiencia in\u00e9dita en Argentina, en particular por&hellip;<\/p>\n","protected":false},"author":87,"featured_media":713871,"comment_status":"closed","ping_status":"closed","sticky":false,"template":"","format":"standard","meta":{"footnotes":""},"categories":[11389,155,1242,67],"tags":[26,441,45947,26299,20954],"class_list":["post-713819","post","type-post","status-publish","format-standard","has-post-thumbnail","hentry","category-contenido-original","category-entrevistas","category-noviolencia-tema","category-sudamerica","tag-argentina","tag-derechos-humanos","tag-moreno","tag-no-violencia","tag-provincia-de-buenos-aires"],"yoast_head":"<!-- This site is optimized with the Yoast SEO plugin v27.1.1 - https:\/\/yoast.com\/product\/yoast-seo-wordpress\/ -->\n<title>Se crea la subsecretar\u00eda de no violencia y desarrollo humano en Moreno<\/title>\n<meta name=\"description\" content=\"Por Gabriel Bulgach A principios de agosto, Walter Festa, intendente de Moreno*, firm\u00f3 el decreto por el cual se pone en funciones la Subsecretaria de no\" \/>\n<meta name=\"robots\" content=\"index, follow, max-snippet:-1, max-image-preview:large, max-video-preview:-1\" \/>\n<link rel=\"canonical\" href=\"https:\/\/www.pressenza.com\/es\/2018\/09\/se-crea-la-subsecretaria-de-no-violencia-y-desarrollo-humano-en-moreno\/\" \/>\n<meta property=\"og:locale\" content=\"es_ES\" \/>\n<meta property=\"og:type\" content=\"article\" \/>\n<meta property=\"og:title\" content=\"Se crea la subsecretar\u00eda de no violencia y desarrollo humano en Moreno\" \/>\n<meta property=\"og:description\" content=\"Por Gabriel Bulgach A principios de agosto, Walter Festa, intendente de Moreno*, firm\u00f3 el decreto por el cual se pone en funciones la Subsecretaria de no\" \/>\n<meta property=\"og:url\" content=\"https:\/\/www.pressenza.com\/es\/2018\/09\/se-crea-la-subsecretaria-de-no-violencia-y-desarrollo-humano-en-moreno\/\" \/>\n<meta property=\"og:site_name\" content=\"Pressenza\" \/>\n<meta property=\"article:publisher\" content=\"https:\/\/www.facebook.com\/PressenzaItalia\" \/>\n<meta property=\"article:published_time\" content=\"2018-09-01T19:29:01+00:00\" \/>\n<meta property=\"article:modified_time\" content=\"2018-09-02T00:29:50+00:00\" \/>\n<meta property=\"og:image\" content=\"https:\/\/www.pressenza.com\/wp-content\/uploads\/2018\/09\/equipo2.jpg\" \/>\n\t<meta property=\"og:image:width\" content=\"845\" \/>\n\t<meta property=\"og:image:height\" content=\"534\" \/>\n\t<meta property=\"og:image:type\" content=\"image\/jpeg\" \/>\n<meta name=\"author\" content=\"Redacci\u00f3n Argentina\" \/>\n<meta name=\"twitter:card\" content=\"summary_large_image\" \/>\n<meta name=\"twitter:creator\" content=\"@pressenza\" \/>\n<meta name=\"twitter:site\" content=\"@PressenzaIPA\" \/>\n<meta name=\"twitter:label1\" content=\"Escrito por\" \/>\n\t<meta name=\"twitter:data1\" content=\"Redacci\u00f3n Argentina\" \/>\n\t<meta name=\"twitter:label2\" content=\"Tiempo de lectura\" \/>\n\t<meta name=\"twitter:data2\" content=\"11 minutos\" \/>\n<script type=\"application\/ld+json\" class=\"yoast-schema-graph\">{\"@context\":\"https:\/\/schema.org\",\"@graph\":[{\"@type\":\"Article\",\"@id\":\"https:\/\/www.pressenza.com\/es\/2018\/09\/se-crea-la-subsecretaria-de-no-violencia-y-desarrollo-humano-en-moreno\/#article\",\"isPartOf\":{\"@id\":\"https:\/\/www.pressenza.com\/es\/2018\/09\/se-crea-la-subsecretaria-de-no-violencia-y-desarrollo-humano-en-moreno\/\"},\"author\":{\"name\":\"Redacci\u00f3n Argentina\",\"@id\":\"https:\/\/www.pressenza.com\/es\/#\/schema\/person\/0dda7d1b68267ad95b1e1d83abc98c89\"},\"headline\":\"Se crea la subsecretar\u00eda de no violencia y desarrollo humano en Moreno\",\"datePublished\":\"2018-09-01T19:29:01+00:00\",\"dateModified\":\"2018-09-02T00:29:50+00:00\",\"mainEntityOfPage\":{\"@id\":\"https:\/\/www.pressenza.com\/es\/2018\/09\/se-crea-la-subsecretaria-de-no-violencia-y-desarrollo-humano-en-moreno\/\"},\"wordCount\":2295,\"publisher\":{\"@id\":\"https:\/\/www.pressenza.com\/es\/#organization\"},\"image\":{\"@id\":\"https:\/\/www.pressenza.com\/es\/2018\/09\/se-crea-la-subsecretaria-de-no-violencia-y-desarrollo-humano-en-moreno\/#primaryimage\"},\"thumbnailUrl\":\"https:\/\/www.pressenza.com\/wp-content\/uploads\/2018\/09\/equipo2.jpg\",\"keywords\":[\"Argentina\",\"Derechos humanos\",\"Moreno\",\"No violencia\",\"Provincia de Buenos Aires\"],\"articleSection\":[\"Contenido Original\",\"Entrevistas\",\"Noviolencia\",\"Sudam\u00e9rica\"],\"inLanguage\":\"es\"},{\"@type\":\"WebPage\",\"@id\":\"https:\/\/www.pressenza.com\/es\/2018\/09\/se-crea-la-subsecretaria-de-no-violencia-y-desarrollo-humano-en-moreno\/\",\"url\":\"https:\/\/www.pressenza.com\/es\/2018\/09\/se-crea-la-subsecretaria-de-no-violencia-y-desarrollo-humano-en-moreno\/\",\"name\":\"Se crea la subsecretar\u00eda de no violencia y desarrollo humano en Moreno\",\"isPartOf\":{\"@id\":\"https:\/\/www.pressenza.com\/es\/#website\"},\"primaryImageOfPage\":{\"@id\":\"https:\/\/www.pressenza.com\/es\/2018\/09\/se-crea-la-subsecretaria-de-no-violencia-y-desarrollo-humano-en-moreno\/#primaryimage\"},\"image\":{\"@id\":\"https:\/\/www.pressenza.com\/es\/2018\/09\/se-crea-la-subsecretaria-de-no-violencia-y-desarrollo-humano-en-moreno\/#primaryimage\"},\"thumbnailUrl\":\"https:\/\/www.pressenza.com\/wp-content\/uploads\/2018\/09\/equipo2.jpg\",\"datePublished\":\"2018-09-01T19:29:01+00:00\",\"dateModified\":\"2018-09-02T00:29:50+00:00\",\"description\":\"Por Gabriel Bulgach A principios de agosto, Walter Festa, intendente de Moreno*, firm\u00f3 el decreto por el cual se pone en funciones la Subsecretaria de no\",\"breadcrumb\":{\"@id\":\"https:\/\/www.pressenza.com\/es\/2018\/09\/se-crea-la-subsecretaria-de-no-violencia-y-desarrollo-humano-en-moreno\/#breadcrumb\"},\"inLanguage\":\"es\",\"potentialAction\":[{\"@type\":\"ReadAction\",\"target\":[\"https:\/\/www.pressenza.com\/es\/2018\/09\/se-crea-la-subsecretaria-de-no-violencia-y-desarrollo-humano-en-moreno\/\"]}]},{\"@type\":\"ImageObject\",\"inLanguage\":\"es\",\"@id\":\"https:\/\/www.pressenza.com\/es\/2018\/09\/se-crea-la-subsecretaria-de-no-violencia-y-desarrollo-humano-en-moreno\/#primaryimage\",\"url\":\"https:\/\/www.pressenza.com\/wp-content\/uploads\/2018\/09\/equipo2.jpg\",\"contentUrl\":\"https:\/\/www.pressenza.com\/wp-content\/uploads\/2018\/09\/equipo2.jpg\",\"width\":845,\"height\":534},{\"@type\":\"BreadcrumbList\",\"@id\":\"https:\/\/www.pressenza.com\/es\/2018\/09\/se-crea-la-subsecretaria-de-no-violencia-y-desarrollo-humano-en-moreno\/#breadcrumb\",\"itemListElement\":[{\"@type\":\"ListItem\",\"position\":1,\"name\":\"Accueil\",\"item\":\"https:\/\/www.pressenza.com\/es\/\"},{\"@type\":\"ListItem\",\"position\":2,\"name\":\"Se crea la subsecretar\u00eda de no violencia y desarrollo humano en Moreno\"}]},{\"@type\":\"WebSite\",\"@id\":\"https:\/\/www.pressenza.com\/es\/#website\",\"url\":\"https:\/\/www.pressenza.com\/es\/\",\"name\":\"Pressenza\",\"description\":\"International Press Agency\",\"publisher\":{\"@id\":\"https:\/\/www.pressenza.com\/es\/#organization\"},\"potentialAction\":[{\"@type\":\"SearchAction\",\"target\":{\"@type\":\"EntryPoint\",\"urlTemplate\":\"https:\/\/www.pressenza.com\/es\/?s={search_term_string}\"},\"query-input\":{\"@type\":\"PropertyValueSpecification\",\"valueRequired\":true,\"valueName\":\"search_term_string\"}}],\"inLanguage\":\"es\"},{\"@type\":\"Organization\",\"@id\":\"https:\/\/www.pressenza.com\/es\/#organization\",\"name\":\"Pressenza\",\"url\":\"https:\/\/www.pressenza.com\/es\/\",\"logo\":{\"@type\":\"ImageObject\",\"inLanguage\":\"es\",\"@id\":\"https:\/\/www.pressenza.com\/es\/#\/schema\/logo\/image\/\",\"url\":\"https:\/\/www.pressenza.com\/wp-content\/uploads\/2022\/10\/pressenza_logo_200x200.jpg\",\"contentUrl\":\"https:\/\/www.pressenza.com\/wp-content\/uploads\/2022\/10\/pressenza_logo_200x200.jpg\",\"width\":200,\"height\":200,\"caption\":\"Pressenza\"},\"image\":{\"@id\":\"https:\/\/www.pressenza.com\/es\/#\/schema\/logo\/image\/\"},\"sameAs\":[\"https:\/\/www.facebook.com\/PressenzaItalia\",\"https:\/\/x.com\/PressenzaIPA\"]},{\"@type\":\"Person\",\"@id\":\"https:\/\/www.pressenza.com\/es\/#\/schema\/person\/0dda7d1b68267ad95b1e1d83abc98c89\",\"name\":\"Redacci\u00f3n Argentina\",\"description\":\"News from the Pressenza Bureau in Argentina.\",\"sameAs\":[\"https:\/\/x.com\/pressenza\"],\"url\":\"https:\/\/www.pressenza.com\/es\/author\/redaccion-argentina\/\"}]}<\/script>\n<!-- \/ Yoast SEO plugin. -->","yoast_head_json":{"title":"Se crea la subsecretar\u00eda de no violencia y desarrollo humano en Moreno","description":"Por Gabriel Bulgach A principios de agosto, Walter Festa, intendente de Moreno*, firm\u00f3 el decreto por el cual se pone en funciones la Subsecretaria de no","robots":{"index":"index","follow":"follow","max-snippet":"max-snippet:-1","max-image-preview":"max-image-preview:large","max-video-preview":"max-video-preview:-1"},"canonical":"https:\/\/www.pressenza.com\/es\/2018\/09\/se-crea-la-subsecretaria-de-no-violencia-y-desarrollo-humano-en-moreno\/","og_locale":"es_ES","og_type":"article","og_title":"Se crea la subsecretar\u00eda de no violencia y desarrollo humano en Moreno","og_description":"Por Gabriel Bulgach A principios de agosto, Walter Festa, intendente de Moreno*, firm\u00f3 el decreto por el cual se pone en funciones la Subsecretaria de no","og_url":"https:\/\/www.pressenza.com\/es\/2018\/09\/se-crea-la-subsecretaria-de-no-violencia-y-desarrollo-humano-en-moreno\/","og_site_name":"Pressenza","article_publisher":"https:\/\/www.facebook.com\/PressenzaItalia","article_published_time":"2018-09-01T19:29:01+00:00","article_modified_time":"2018-09-02T00:29:50+00:00","og_image":[{"width":845,"height":534,"url":"https:\/\/www.pressenza.com\/wp-content\/uploads\/2018\/09\/equipo2.jpg","type":"image\/jpeg"}],"author":"Redacci\u00f3n Argentina","twitter_card":"summary_large_image","twitter_creator":"@pressenza","twitter_site":"@PressenzaIPA","twitter_misc":{"Escrito por":"Redacci\u00f3n Argentina","Tiempo de lectura":"11 minutos"},"schema":{"@context":"https:\/\/schema.org","@graph":[{"@type":"Article","@id":"https:\/\/www.pressenza.com\/es\/2018\/09\/se-crea-la-subsecretaria-de-no-violencia-y-desarrollo-humano-en-moreno\/#article","isPartOf":{"@id":"https:\/\/www.pressenza.com\/es\/2018\/09\/se-crea-la-subsecretaria-de-no-violencia-y-desarrollo-humano-en-moreno\/"},"author":{"name":"Redacci\u00f3n Argentina","@id":"https:\/\/www.pressenza.com\/es\/#\/schema\/person\/0dda7d1b68267ad95b1e1d83abc98c89"},"headline":"Se crea la subsecretar\u00eda de no violencia y desarrollo humano en Moreno","datePublished":"2018-09-01T19:29:01+00:00","dateModified":"2018-09-02T00:29:50+00:00","mainEntityOfPage":{"@id":"https:\/\/www.pressenza.com\/es\/2018\/09\/se-crea-la-subsecretaria-de-no-violencia-y-desarrollo-humano-en-moreno\/"},"wordCount":2295,"publisher":{"@id":"https:\/\/www.pressenza.com\/es\/#organization"},"image":{"@id":"https:\/\/www.pressenza.com\/es\/2018\/09\/se-crea-la-subsecretaria-de-no-violencia-y-desarrollo-humano-en-moreno\/#primaryimage"},"thumbnailUrl":"https:\/\/www.pressenza.com\/wp-content\/uploads\/2018\/09\/equipo2.jpg","keywords":["Argentina","Derechos humanos","Moreno","No violencia","Provincia de Buenos Aires"],"articleSection":["Contenido Original","Entrevistas","Noviolencia","Sudam\u00e9rica"],"inLanguage":"es"},{"@type":"WebPage","@id":"https:\/\/www.pressenza.com\/es\/2018\/09\/se-crea-la-subsecretaria-de-no-violencia-y-desarrollo-humano-en-moreno\/","url":"https:\/\/www.pressenza.com\/es\/2018\/09\/se-crea-la-subsecretaria-de-no-violencia-y-desarrollo-humano-en-moreno\/","name":"Se crea la subsecretar\u00eda de no violencia y desarrollo humano en Moreno","isPartOf":{"@id":"https:\/\/www.pressenza.com\/es\/#website"},"primaryImageOfPage":{"@id":"https:\/\/www.pressenza.com\/es\/2018\/09\/se-crea-la-subsecretaria-de-no-violencia-y-desarrollo-humano-en-moreno\/#primaryimage"},"image":{"@id":"https:\/\/www.pressenza.com\/es\/2018\/09\/se-crea-la-subsecretaria-de-no-violencia-y-desarrollo-humano-en-moreno\/#primaryimage"},"thumbnailUrl":"https:\/\/www.pressenza.com\/wp-content\/uploads\/2018\/09\/equipo2.jpg","datePublished":"2018-09-01T19:29:01+00:00","dateModified":"2018-09-02T00:29:50+00:00","description":"Por Gabriel Bulgach A principios de agosto, Walter Festa, intendente de Moreno*, firm\u00f3 el decreto por el cual se pone en funciones la Subsecretaria de no","breadcrumb":{"@id":"https:\/\/www.pressenza.com\/es\/2018\/09\/se-crea-la-subsecretaria-de-no-violencia-y-desarrollo-humano-en-moreno\/#breadcrumb"},"inLanguage":"es","potentialAction":[{"@type":"ReadAction","target":["https:\/\/www.pressenza.com\/es\/2018\/09\/se-crea-la-subsecretaria-de-no-violencia-y-desarrollo-humano-en-moreno\/"]}]},{"@type":"ImageObject","inLanguage":"es","@id":"https:\/\/www.pressenza.com\/es\/2018\/09\/se-crea-la-subsecretaria-de-no-violencia-y-desarrollo-humano-en-moreno\/#primaryimage","url":"https:\/\/www.pressenza.com\/wp-content\/uploads\/2018\/09\/equipo2.jpg","contentUrl":"https:\/\/www.pressenza.com\/wp-content\/uploads\/2018\/09\/equipo2.jpg","width":845,"height":534},{"@type":"BreadcrumbList","@id":"https:\/\/www.pressenza.com\/es\/2018\/09\/se-crea-la-subsecretaria-de-no-violencia-y-desarrollo-humano-en-moreno\/#breadcrumb","itemListElement":[{"@type":"ListItem","position":1,"name":"Accueil","item":"https:\/\/www.pressenza.com\/es\/"},{"@type":"ListItem","position":2,"name":"Se crea la subsecretar\u00eda de no violencia y desarrollo humano en Moreno"}]},{"@type":"WebSite","@id":"https:\/\/www.pressenza.com\/es\/#website","url":"https:\/\/www.pressenza.com\/es\/","name":"Pressenza","description":"International Press Agency","publisher":{"@id":"https:\/\/www.pressenza.com\/es\/#organization"},"potentialAction":[{"@type":"SearchAction","target":{"@type":"EntryPoint","urlTemplate":"https:\/\/www.pressenza.com\/es\/?s={search_term_string}"},"query-input":{"@type":"PropertyValueSpecification","valueRequired":true,"valueName":"search_term_string"}}],"inLanguage":"es"},{"@type":"Organization","@id":"https:\/\/www.pressenza.com\/es\/#organization","name":"Pressenza","url":"https:\/\/www.pressenza.com\/es\/","logo":{"@type":"ImageObject","inLanguage":"es","@id":"https:\/\/www.pressenza.com\/es\/#\/schema\/logo\/image\/","url":"https:\/\/www.pressenza.com\/wp-content\/uploads\/2022\/10\/pressenza_logo_200x200.jpg","contentUrl":"https:\/\/www.pressenza.com\/wp-content\/uploads\/2022\/10\/pressenza_logo_200x200.jpg","width":200,"height":200,"caption":"Pressenza"},"image":{"@id":"https:\/\/www.pressenza.com\/es\/#\/schema\/logo\/image\/"},"sameAs":["https:\/\/www.facebook.com\/PressenzaItalia","https:\/\/x.com\/PressenzaIPA"]},{"@type":"Person","@id":"https:\/\/www.pressenza.com\/es\/#\/schema\/person\/0dda7d1b68267ad95b1e1d83abc98c89","name":"Redacci\u00f3n Argentina","description":"News from the Pressenza Bureau in Argentina.","sameAs":["https:\/\/x.com\/pressenza"],"url":"https:\/\/www.pressenza.com\/es\/author\/redaccion-argentina\/"}]}},"place":"Moreno, Argentina","original_article_url":"","_links":{"self":[{"href":"https:\/\/www.pressenza.com\/es\/wp-json\/wp\/v2\/posts\/713819","targetHints":{"allow":["GET"]}}],"collection":[{"href":"https:\/\/www.pressenza.com\/es\/wp-json\/wp\/v2\/posts"}],"about":[{"href":"https:\/\/www.pressenza.com\/es\/wp-json\/wp\/v2\/types\/post"}],"author":[{"embeddable":true,"href":"https:\/\/www.pressenza.com\/es\/wp-json\/wp\/v2\/users\/87"}],"replies":[{"embeddable":true,"href":"https:\/\/www.pressenza.com\/es\/wp-json\/wp\/v2\/comments?post=713819"}],"version-history":[{"count":0,"href":"https:\/\/www.pressenza.com\/es\/wp-json\/wp\/v2\/posts\/713819\/revisions"}],"wp:featuredmedia":[{"embeddable":true,"href":"https:\/\/www.pressenza.com\/es\/wp-json\/wp\/v2\/media\/713871"}],"wp:attachment":[{"href":"https:\/\/www.pressenza.com\/es\/wp-json\/wp\/v2\/media?parent=713819"}],"wp:term":[{"taxonomy":"category","embeddable":true,"href":"https:\/\/www.pressenza.com\/es\/wp-json\/wp\/v2\/categories?post=713819"},{"taxonomy":"post_tag","embeddable":true,"href":"https:\/\/www.pressenza.com\/es\/wp-json\/wp\/v2\/tags?post=713819"}],"curies":[{"name":"wp","href":"https:\/\/api.w.org\/{rel}","templated":true}]}}