{"id":712,"date":"2009-07-17T00:00:00","date_gmt":"2009-07-17T00:00:00","guid":{"rendered":""},"modified":"2009-07-17T07:32:05","modified_gmt":"2009-07-17T07:32:05","slug":"pasajeros-de-peace-boat-encuentran-con-miembros-de-la-marcha-mundial-por-la-paz-en-costa-rica","status":"publish","type":"post","link":"https:\/\/www.pressenza.com\/es\/2009\/07\/pasajeros-de-peace-boat-encuentran-con-miembros-de-la-marcha-mundial-por-la-paz-en-costa-rica\/","title":{"rendered":"Pasajeros de Peace Boat encuentran con miembros de la Marcha Mundial por la Paz en Costa Rica"},"content":{"rendered":"<p>Un total de 30 pasajeros de nacionalidad japonesa de la organizaci\u00f3n \u00abPeace Boat\u00bb participaron en un encuentro en el Centro de Amigos para la Paz, en San Jos\u00e9, con miembros del equipo promotor de la Marcha Mundial por la Paz y la No Violencia. Durante la charla se proyecto el video \u00abEstamos Enamorados de la Palabra Paz\u00bb.  Los participantes pidieron al equipo promotor de la Marcha Mundial que se les ayude a denunciar la intenci\u00f3n del gobierno japon\u00e9s de modificar el art\u00edculo 9 de la Constituci\u00f3n del Jap\u00f3n. Este art\u00edculo ha sido considerado como la base para la seguridad de Asia nororiental, gracias a sus principios fundamentales como el de la renuncia a la guerra y  el derecho de las personas a vivir en paz.<\/p>\n<p>Sin embargo, durante d\u00e9cadas Jap\u00f3n ha dejado de cumplir con sus obligaciones constitucionales, poniendo, por ejemplo, sus Fuerzas de Defensa en cooperaci\u00f3n militar con los EE.UU. Hoy en d\u00eda, el art\u00edculo 9, est\u00e1 bajo amenaza, al proponer el gobierno cambios constitucionales utilizando, entre otras excusas la crisis de Corea del Norte. Solicitan que los gobiernos de distintas naciones presionen al gobierno japon\u00e9s para que se abstenga de realizar tal modificaci\u00f3n.<\/p>\n","protected":false},"excerpt":{"rendered":"<p>Los participantes pidieron al equipo de la Marcha Mundial que denuncien la intenci\u00f3n del gobierno japon\u00e9s de modificar la Constituci\u00f3n de Jap\u00f3n, que renuncia el derecho a la guerra. <\/p>\n","protected":false},"author":19,"featured_media":0,"comment_status":"closed","ping_status":"open","sticky":false,"template":"","format":"standard","meta":{"footnotes":""},"categories":[69,76,39],"tags":[],"class_list":["post-712","post","type-post","status-publish","format-standard","hentry","category-america-central","category-relaciones-exteriores","category-internacional"],"yoast_head":"<!-- This site is optimized with the Yoast SEO plugin v27.1.1 - https:\/\/yoast.com\/product\/yoast-seo-wordpress\/ -->\n<title>Pasajeros de Peace Boat encuentran con miembros de la Marcha Mundial por la Paz en Costa Rica<\/title>\n<meta name=\"description\" content=\"Los participantes pidieron al equipo de la Marcha Mundial que denuncien la intenci\u00f3n del gobierno japon\u00e9s de modificar la Constituci\u00f3n de Jap\u00f3n, que renuncia el derecho a la guerra.\" \/>\n<meta name=\"robots\" content=\"index, follow, max-snippet:-1, max-image-preview:large, max-video-preview:-1\" \/>\n<link rel=\"canonical\" href=\"https:\/\/www.pressenza.com\/es\/2009\/07\/pasajeros-de-peace-boat-encuentran-con-miembros-de-la-marcha-mundial-por-la-paz-en-costa-rica\/\" \/>\n<meta property=\"og:locale\" content=\"es_ES\" \/>\n<meta property=\"og:type\" content=\"article\" \/>\n<meta property=\"og:title\" content=\"Pasajeros de Peace Boat encuentran con miembros de la Marcha Mundial por la Paz en Costa Rica\" \/>\n<meta property=\"og:description\" content=\"Los participantes pidieron al equipo de la Marcha Mundial que denuncien la intenci\u00f3n del gobierno japon\u00e9s de modificar la Constituci\u00f3n de Jap\u00f3n, que renuncia el derecho a la guerra.\" \/>\n<meta property=\"og:url\" content=\"https:\/\/www.pressenza.com\/es\/2009\/07\/pasajeros-de-peace-boat-encuentran-con-miembros-de-la-marcha-mundial-por-la-paz-en-costa-rica\/\" \/>\n<meta property=\"og:site_name\" content=\"Pressenza\" \/>\n<meta property=\"article:publisher\" content=\"https:\/\/www.facebook.com\/PressenzaItalia\" \/>\n<meta property=\"article:author\" content=\"https:\/\/www.facebook.com\/pressenza\" \/>\n<meta property=\"article:published_time\" content=\"2009-07-17T00:00:00+00:00\" \/>\n<meta property=\"article:modified_time\" content=\"2009-07-17T07:32:05+00:00\" \/>\n<meta name=\"author\" content=\"Pressenza IPA\" \/>\n<meta name=\"twitter:card\" content=\"summary_large_image\" \/>\n<meta name=\"twitter:creator\" content=\"@PressenzaIPA\" \/>\n<meta name=\"twitter:site\" content=\"@PressenzaIPA\" \/>\n<meta name=\"twitter:label1\" content=\"Escrito por\" \/>\n\t<meta name=\"twitter:data1\" content=\"Pressenza IPA\" \/>\n\t<meta name=\"twitter:label2\" content=\"Tiempo de lectura\" \/>\n\t<meta name=\"twitter:data2\" content=\"1 minuto\" \/>\n<script type=\"application\/ld+json\" class=\"yoast-schema-graph\">{\"@context\":\"https:\/\/schema.org\",\"@graph\":[{\"@type\":\"Article\",\"@id\":\"https:\/\/www.pressenza.com\/es\/2009\/07\/pasajeros-de-peace-boat-encuentran-con-miembros-de-la-marcha-mundial-por-la-paz-en-costa-rica\/#article\",\"isPartOf\":{\"@id\":\"https:\/\/www.pressenza.com\/es\/2009\/07\/pasajeros-de-peace-boat-encuentran-con-miembros-de-la-marcha-mundial-por-la-paz-en-costa-rica\/\"},\"author\":{\"name\":\"Pressenza IPA\",\"@id\":\"https:\/\/www.pressenza.com\/es\/#\/schema\/person\/010e5d02bcf40965427a1289a4cc8d75\"},\"headline\":\"Pasajeros de Peace Boat encuentran con miembros de la Marcha Mundial por la Paz en Costa Rica\",\"datePublished\":\"2009-07-17T00:00:00+00:00\",\"dateModified\":\"2009-07-17T07:32:05+00:00\",\"mainEntityOfPage\":{\"@id\":\"https:\/\/www.pressenza.com\/es\/2009\/07\/pasajeros-de-peace-boat-encuentran-con-miembros-de-la-marcha-mundial-por-la-paz-en-costa-rica\/\"},\"wordCount\":224,\"publisher\":{\"@id\":\"https:\/\/www.pressenza.com\/es\/#organization\"},\"articleSection\":[\"Am\u00e9rica Central\",\"Asuntos internacionales\",\"Internacional\"],\"inLanguage\":\"es\"},{\"@type\":\"WebPage\",\"@id\":\"https:\/\/www.pressenza.com\/es\/2009\/07\/pasajeros-de-peace-boat-encuentran-con-miembros-de-la-marcha-mundial-por-la-paz-en-costa-rica\/\",\"url\":\"https:\/\/www.pressenza.com\/es\/2009\/07\/pasajeros-de-peace-boat-encuentran-con-miembros-de-la-marcha-mundial-por-la-paz-en-costa-rica\/\",\"name\":\"Pasajeros de Peace Boat encuentran con miembros de la Marcha Mundial por la Paz en Costa Rica\",\"isPartOf\":{\"@id\":\"https:\/\/www.pressenza.com\/es\/#website\"},\"datePublished\":\"2009-07-17T00:00:00+00:00\",\"dateModified\":\"2009-07-17T07:32:05+00:00\",\"description\":\"Los participantes pidieron al equipo de la Marcha Mundial que denuncien la intenci\u00f3n del gobierno japon\u00e9s de modificar la Constituci\u00f3n de Jap\u00f3n, que renuncia el derecho a la guerra.\",\"breadcrumb\":{\"@id\":\"https:\/\/www.pressenza.com\/es\/2009\/07\/pasajeros-de-peace-boat-encuentran-con-miembros-de-la-marcha-mundial-por-la-paz-en-costa-rica\/#breadcrumb\"},\"inLanguage\":\"es\",\"potentialAction\":[{\"@type\":\"ReadAction\",\"target\":[\"https:\/\/www.pressenza.com\/es\/2009\/07\/pasajeros-de-peace-boat-encuentran-con-miembros-de-la-marcha-mundial-por-la-paz-en-costa-rica\/\"]}]},{\"@type\":\"BreadcrumbList\",\"@id\":\"https:\/\/www.pressenza.com\/es\/2009\/07\/pasajeros-de-peace-boat-encuentran-con-miembros-de-la-marcha-mundial-por-la-paz-en-costa-rica\/#breadcrumb\",\"itemListElement\":[{\"@type\":\"ListItem\",\"position\":1,\"name\":\"Accueil\",\"item\":\"https:\/\/www.pressenza.com\/es\/\"},{\"@type\":\"ListItem\",\"position\":2,\"name\":\"Pasajeros de Peace Boat encuentran con miembros de la Marcha Mundial por la Paz en Costa Rica\"}]},{\"@type\":\"WebSite\",\"@id\":\"https:\/\/www.pressenza.com\/es\/#website\",\"url\":\"https:\/\/www.pressenza.com\/es\/\",\"name\":\"Pressenza\",\"description\":\"International Press Agency\",\"publisher\":{\"@id\":\"https:\/\/www.pressenza.com\/es\/#organization\"},\"potentialAction\":[{\"@type\":\"SearchAction\",\"target\":{\"@type\":\"EntryPoint\",\"urlTemplate\":\"https:\/\/www.pressenza.com\/es\/?s={search_term_string}\"},\"query-input\":{\"@type\":\"PropertyValueSpecification\",\"valueRequired\":true,\"valueName\":\"search_term_string\"}}],\"inLanguage\":\"es\"},{\"@type\":\"Organization\",\"@id\":\"https:\/\/www.pressenza.com\/es\/#organization\",\"name\":\"Pressenza\",\"url\":\"https:\/\/www.pressenza.com\/es\/\",\"logo\":{\"@type\":\"ImageObject\",\"inLanguage\":\"es\",\"@id\":\"https:\/\/www.pressenza.com\/es\/#\/schema\/logo\/image\/\",\"url\":\"https:\/\/www.pressenza.com\/wp-content\/uploads\/2022\/10\/pressenza_logo_200x200.jpg\",\"contentUrl\":\"https:\/\/www.pressenza.com\/wp-content\/uploads\/2022\/10\/pressenza_logo_200x200.jpg\",\"width\":200,\"height\":200,\"caption\":\"Pressenza\"},\"image\":{\"@id\":\"https:\/\/www.pressenza.com\/es\/#\/schema\/logo\/image\/\"},\"sameAs\":[\"https:\/\/www.facebook.com\/PressenzaItalia\",\"https:\/\/x.com\/PressenzaIPA\"]},{\"@type\":\"Person\",\"@id\":\"https:\/\/www.pressenza.com\/es\/#\/schema\/person\/010e5d02bcf40965427a1289a4cc8d75\",\"name\":\"Pressenza IPA\",\"description\":\"News from Pressenza IPA correspondents\",\"sameAs\":[\"https:\/\/www.facebook.com\/pressenza\",\"https:\/\/x.com\/PressenzaIPA\"],\"url\":\"https:\/\/www.pressenza.com\/es\/author\/pressenza-ipa\/\"}]}<\/script>\n<!-- \/ Yoast SEO plugin. -->","yoast_head_json":{"title":"Pasajeros de Peace Boat encuentran con miembros de la Marcha Mundial por la Paz en Costa Rica","description":"Los participantes pidieron al equipo de la Marcha Mundial que denuncien la intenci\u00f3n del gobierno japon\u00e9s de modificar la Constituci\u00f3n de Jap\u00f3n, que renuncia el derecho a la guerra.","robots":{"index":"index","follow":"follow","max-snippet":"max-snippet:-1","max-image-preview":"max-image-preview:large","max-video-preview":"max-video-preview:-1"},"canonical":"https:\/\/www.pressenza.com\/es\/2009\/07\/pasajeros-de-peace-boat-encuentran-con-miembros-de-la-marcha-mundial-por-la-paz-en-costa-rica\/","og_locale":"es_ES","og_type":"article","og_title":"Pasajeros de Peace Boat encuentran con miembros de la Marcha Mundial por la Paz en Costa Rica","og_description":"Los participantes pidieron al equipo de la Marcha Mundial que denuncien la intenci\u00f3n del gobierno japon\u00e9s de modificar la Constituci\u00f3n de Jap\u00f3n, que renuncia el derecho a la guerra.","og_url":"https:\/\/www.pressenza.com\/es\/2009\/07\/pasajeros-de-peace-boat-encuentran-con-miembros-de-la-marcha-mundial-por-la-paz-en-costa-rica\/","og_site_name":"Pressenza","article_publisher":"https:\/\/www.facebook.com\/PressenzaItalia","article_author":"https:\/\/www.facebook.com\/pressenza","article_published_time":"2009-07-17T00:00:00+00:00","article_modified_time":"2009-07-17T07:32:05+00:00","author":"Pressenza IPA","twitter_card":"summary_large_image","twitter_creator":"@PressenzaIPA","twitter_site":"@PressenzaIPA","twitter_misc":{"Escrito por":"Pressenza IPA","Tiempo de lectura":"1 minuto"},"schema":{"@context":"https:\/\/schema.org","@graph":[{"@type":"Article","@id":"https:\/\/www.pressenza.com\/es\/2009\/07\/pasajeros-de-peace-boat-encuentran-con-miembros-de-la-marcha-mundial-por-la-paz-en-costa-rica\/#article","isPartOf":{"@id":"https:\/\/www.pressenza.com\/es\/2009\/07\/pasajeros-de-peace-boat-encuentran-con-miembros-de-la-marcha-mundial-por-la-paz-en-costa-rica\/"},"author":{"name":"Pressenza IPA","@id":"https:\/\/www.pressenza.com\/es\/#\/schema\/person\/010e5d02bcf40965427a1289a4cc8d75"},"headline":"Pasajeros de Peace Boat encuentran con miembros de la Marcha Mundial por la Paz en Costa Rica","datePublished":"2009-07-17T00:00:00+00:00","dateModified":"2009-07-17T07:32:05+00:00","mainEntityOfPage":{"@id":"https:\/\/www.pressenza.com\/es\/2009\/07\/pasajeros-de-peace-boat-encuentran-con-miembros-de-la-marcha-mundial-por-la-paz-en-costa-rica\/"},"wordCount":224,"publisher":{"@id":"https:\/\/www.pressenza.com\/es\/#organization"},"articleSection":["Am\u00e9rica Central","Asuntos internacionales","Internacional"],"inLanguage":"es"},{"@type":"WebPage","@id":"https:\/\/www.pressenza.com\/es\/2009\/07\/pasajeros-de-peace-boat-encuentran-con-miembros-de-la-marcha-mundial-por-la-paz-en-costa-rica\/","url":"https:\/\/www.pressenza.com\/es\/2009\/07\/pasajeros-de-peace-boat-encuentran-con-miembros-de-la-marcha-mundial-por-la-paz-en-costa-rica\/","name":"Pasajeros de Peace Boat encuentran con miembros de la Marcha Mundial por la Paz en Costa Rica","isPartOf":{"@id":"https:\/\/www.pressenza.com\/es\/#website"},"datePublished":"2009-07-17T00:00:00+00:00","dateModified":"2009-07-17T07:32:05+00:00","description":"Los participantes pidieron al equipo de la Marcha Mundial que denuncien la intenci\u00f3n del gobierno japon\u00e9s de modificar la Constituci\u00f3n de Jap\u00f3n, que renuncia el derecho a la guerra.","breadcrumb":{"@id":"https:\/\/www.pressenza.com\/es\/2009\/07\/pasajeros-de-peace-boat-encuentran-con-miembros-de-la-marcha-mundial-por-la-paz-en-costa-rica\/#breadcrumb"},"inLanguage":"es","potentialAction":[{"@type":"ReadAction","target":["https:\/\/www.pressenza.com\/es\/2009\/07\/pasajeros-de-peace-boat-encuentran-con-miembros-de-la-marcha-mundial-por-la-paz-en-costa-rica\/"]}]},{"@type":"BreadcrumbList","@id":"https:\/\/www.pressenza.com\/es\/2009\/07\/pasajeros-de-peace-boat-encuentran-con-miembros-de-la-marcha-mundial-por-la-paz-en-costa-rica\/#breadcrumb","itemListElement":[{"@type":"ListItem","position":1,"name":"Accueil","item":"https:\/\/www.pressenza.com\/es\/"},{"@type":"ListItem","position":2,"name":"Pasajeros de Peace Boat encuentran con miembros de la Marcha Mundial por la Paz en Costa Rica"}]},{"@type":"WebSite","@id":"https:\/\/www.pressenza.com\/es\/#website","url":"https:\/\/www.pressenza.com\/es\/","name":"Pressenza","description":"International Press Agency","publisher":{"@id":"https:\/\/www.pressenza.com\/es\/#organization"},"potentialAction":[{"@type":"SearchAction","target":{"@type":"EntryPoint","urlTemplate":"https:\/\/www.pressenza.com\/es\/?s={search_term_string}"},"query-input":{"@type":"PropertyValueSpecification","valueRequired":true,"valueName":"search_term_string"}}],"inLanguage":"es"},{"@type":"Organization","@id":"https:\/\/www.pressenza.com\/es\/#organization","name":"Pressenza","url":"https:\/\/www.pressenza.com\/es\/","logo":{"@type":"ImageObject","inLanguage":"es","@id":"https:\/\/www.pressenza.com\/es\/#\/schema\/logo\/image\/","url":"https:\/\/www.pressenza.com\/wp-content\/uploads\/2022\/10\/pressenza_logo_200x200.jpg","contentUrl":"https:\/\/www.pressenza.com\/wp-content\/uploads\/2022\/10\/pressenza_logo_200x200.jpg","width":200,"height":200,"caption":"Pressenza"},"image":{"@id":"https:\/\/www.pressenza.com\/es\/#\/schema\/logo\/image\/"},"sameAs":["https:\/\/www.facebook.com\/PressenzaItalia","https:\/\/x.com\/PressenzaIPA"]},{"@type":"Person","@id":"https:\/\/www.pressenza.com\/es\/#\/schema\/person\/010e5d02bcf40965427a1289a4cc8d75","name":"Pressenza IPA","description":"News from Pressenza IPA correspondents","sameAs":["https:\/\/www.facebook.com\/pressenza","https:\/\/x.com\/PressenzaIPA"],"url":"https:\/\/www.pressenza.com\/es\/author\/pressenza-ipa\/"}]}},"place":"San Jos\u00e9","original_article_url":"","_links":{"self":[{"href":"https:\/\/www.pressenza.com\/es\/wp-json\/wp\/v2\/posts\/712","targetHints":{"allow":["GET"]}}],"collection":[{"href":"https:\/\/www.pressenza.com\/es\/wp-json\/wp\/v2\/posts"}],"about":[{"href":"https:\/\/www.pressenza.com\/es\/wp-json\/wp\/v2\/types\/post"}],"author":[{"embeddable":true,"href":"https:\/\/www.pressenza.com\/es\/wp-json\/wp\/v2\/users\/19"}],"replies":[{"embeddable":true,"href":"https:\/\/www.pressenza.com\/es\/wp-json\/wp\/v2\/comments?post=712"}],"version-history":[{"count":0,"href":"https:\/\/www.pressenza.com\/es\/wp-json\/wp\/v2\/posts\/712\/revisions"}],"wp:attachment":[{"href":"https:\/\/www.pressenza.com\/es\/wp-json\/wp\/v2\/media?parent=712"}],"wp:term":[{"taxonomy":"category","embeddable":true,"href":"https:\/\/www.pressenza.com\/es\/wp-json\/wp\/v2\/categories?post=712"},{"taxonomy":"post_tag","embeddable":true,"href":"https:\/\/www.pressenza.com\/es\/wp-json\/wp\/v2\/tags?post=712"}],"curies":[{"name":"wp","href":"https:\/\/api.w.org\/{rel}","templated":true}]}}