{"id":711,"date":"2009-07-17T00:00:00","date_gmt":"2009-07-17T00:00:00","guid":{"rendered":""},"modified":"2009-09-28T05:01:03","modified_gmt":"2009-09-28T05:01:03","slug":"2009x-el-axo-de-los-mil-millones-de-hambrientos","status":"publish","type":"post","link":"https:\/\/www.pressenza.com\/es\/2009\/07\/2009x-el-axo-de-los-mil-millones-de-hambrientos\/","title":{"rendered":"2009: el a\u00f1o de los mil millones de hambrientos"},"content":{"rendered":"<p>La directora ejecutiva del Programa Mundial de Alimentos (PAM) de la ONU, Josette Sheeran, advirti\u00f3 hoy de que el incremento del precio de los alimentos ha hecho aumentar este a\u00f1o en otros 105 millones el n\u00famero de personas que pasan hambre, llevando esta cifra a los mil millones.<\/p>\n<p>Sheeran hizo estas declaraciones en una reuni\u00f3n de los ministros de Desarrollo del G-8, a los que les pidi\u00f3 que no redujeran la ayuda a los pa\u00edses pobres a pesar de la crisis econ\u00f3mica. \u00abEste a\u00f1o estamos marcando de media cuatro millones m\u00e1s de hambrientos a la semana\u00bb, dijo la responsable del PAM.<\/p>\n<p>Durante 2008, la Organizaci\u00f3n de la ONU para la Agricultura y la Alimentaci\u00f3n (FAO) cifr\u00f3 en 963 millones las personas que pasan hambre en el mundo. El PAM necesita recibir este a\u00f1o 6,400 millones de d\u00f3lares (4,571 millones de euros) para seguir con sus campa\u00f1as de asistencia, pero las donaciones han bajado considerablemente este a\u00f1o.<\/p>\n<p>Sheeran compar\u00f3 este dato con los paquetes de est\u00edmulo econ\u00f3mico aprobados por los pa\u00edses desarrollados. \u00abPor menos de un uno por ciento de (esos fondos) podr\u00edamos atender la urgente crisis humanitaria que est\u00e1 teniendo lugar\u00bb, explic\u00f3.<\/p>\n<p>A causa de la crisis financiera, el nivel de donaciones se encuentra en el punto m\u00e1s bajo de los \u00faltimos 20 a\u00f1os y los habitantes de los pa\u00edses subdesarrollados s\u00f3lo pueden comprar un tercio de los alimentos que pod\u00edan adquirir hace tres a\u00f1os, de acuerdo con el balance de Naciones Unidas.<\/p>\n<p>Compromiso del G8<\/p>\n<p>Por otra parte, los representantes del G-8 recordaron su compromiso de donar m\u00e1s de 25,000 millones de d\u00f3lares (casi 19,000 millones de euros) a \u00c1frica hasta 2010, tal y como acordaron en 2005. <\/p>\n<p>Sin embargo, un informe de la ONG ONE publicado esta semana determina que el G-8 est\u00e1 lejos de cumplir con este compromiso.<\/p>\n<p>Este grupo agreg\u00f3 que Italia se encuentra en la cola en esta materia, por lo que est\u00e1 perdiendo su credibilidad como presidente de turno del G-8. La ONG se\u00f1al\u00f3 que Italia ha entregado s\u00f3lo el tres por ciento de la ayuda que prometi\u00f3 el primer ministro, Silvio Berlusconi, hace cuatro a\u00f1os.<\/p>\n<p>\u00abHemos confirmado nuestro compromiso para hallar este a\u00f1o los recursos con los que recuperar la pista y cumplir con nuestros compromisos\u00bb, respondi\u00f3 el ministro de Asuntos Exteriores Franco Frattini.<\/p>\n","protected":false},"excerpt":{"rendered":"<p>Con la crisis econ\u00f3mica se suman semanalmente cuatro millones de personas con hambre, seg\u00fan el Programa Mundial de Alimentos de la ONU<\/p>\n","protected":false},"author":19,"featured_media":0,"comment_status":"closed","ping_status":"open","sticky":false,"template":"","format":"standard","meta":{"footnotes":""},"categories":[76,39,68,161],"tags":[],"class_list":["post-711","post","type-post","status-publish","format-standard","hentry","category-relaciones-exteriores","category-internacional","category-norteamerica","category-opiniones"],"yoast_head":"<!-- This site is optimized with the Yoast SEO plugin v27.1.1 - https:\/\/yoast.com\/product\/yoast-seo-wordpress\/ -->\n<title>2009: el a\u00f1o de los mil millones de hambrientos<\/title>\n<meta name=\"description\" content=\"Con la crisis econ\u00f3mica se suman semanalmente cuatro millones de personas con hambre, seg\u00fan el Programa Mundial de Alimentos de la ONU\" \/>\n<meta name=\"robots\" content=\"index, follow, max-snippet:-1, max-image-preview:large, max-video-preview:-1\" \/>\n<link rel=\"canonical\" href=\"https:\/\/www.pressenza.com\/es\/2009\/07\/2009x-el-axo-de-los-mil-millones-de-hambrientos\/\" \/>\n<meta property=\"og:locale\" content=\"es_ES\" \/>\n<meta property=\"og:type\" content=\"article\" \/>\n<meta property=\"og:title\" content=\"2009: el a\u00f1o de los mil millones de hambrientos\" \/>\n<meta property=\"og:description\" content=\"Con la crisis econ\u00f3mica se suman semanalmente cuatro millones de personas con hambre, seg\u00fan el Programa Mundial de Alimentos de la ONU\" \/>\n<meta property=\"og:url\" content=\"https:\/\/www.pressenza.com\/es\/2009\/07\/2009x-el-axo-de-los-mil-millones-de-hambrientos\/\" \/>\n<meta property=\"og:site_name\" content=\"Pressenza\" \/>\n<meta property=\"article:publisher\" content=\"https:\/\/www.facebook.com\/PressenzaItalia\" \/>\n<meta property=\"article:author\" content=\"https:\/\/www.facebook.com\/pressenza\" \/>\n<meta property=\"article:published_time\" content=\"2009-07-17T00:00:00+00:00\" \/>\n<meta property=\"article:modified_time\" content=\"2009-09-28T05:01:03+00:00\" \/>\n<meta name=\"author\" content=\"Pressenza IPA\" \/>\n<meta name=\"twitter:card\" content=\"summary_large_image\" \/>\n<meta name=\"twitter:creator\" content=\"@PressenzaIPA\" \/>\n<meta name=\"twitter:site\" content=\"@PressenzaIPA\" \/>\n<meta name=\"twitter:label1\" content=\"Escrito por\" \/>\n\t<meta name=\"twitter:data1\" content=\"Pressenza IPA\" \/>\n\t<meta name=\"twitter:label2\" content=\"Tiempo de lectura\" \/>\n\t<meta name=\"twitter:data2\" content=\"2 minutos\" \/>\n<script type=\"application\/ld+json\" class=\"yoast-schema-graph\">{\"@context\":\"https:\/\/schema.org\",\"@graph\":[{\"@type\":\"Article\",\"@id\":\"https:\/\/www.pressenza.com\/es\/2009\/07\/2009x-el-axo-de-los-mil-millones-de-hambrientos\/#article\",\"isPartOf\":{\"@id\":\"https:\/\/www.pressenza.com\/es\/2009\/07\/2009x-el-axo-de-los-mil-millones-de-hambrientos\/\"},\"author\":{\"name\":\"Pressenza IPA\",\"@id\":\"https:\/\/www.pressenza.com\/es\/#\/schema\/person\/010e5d02bcf40965427a1289a4cc8d75\"},\"headline\":\"2009: el a\u00f1o de los mil millones de hambrientos\",\"datePublished\":\"2009-07-17T00:00:00+00:00\",\"dateModified\":\"2009-09-28T05:01:03+00:00\",\"mainEntityOfPage\":{\"@id\":\"https:\/\/www.pressenza.com\/es\/2009\/07\/2009x-el-axo-de-los-mil-millones-de-hambrientos\/\"},\"wordCount\":409,\"publisher\":{\"@id\":\"https:\/\/www.pressenza.com\/es\/#organization\"},\"articleSection\":[\"Asuntos internacionales\",\"Internacional\",\"Norteam\u00e9rica\",\"Opiniones\"],\"inLanguage\":\"es\"},{\"@type\":\"WebPage\",\"@id\":\"https:\/\/www.pressenza.com\/es\/2009\/07\/2009x-el-axo-de-los-mil-millones-de-hambrientos\/\",\"url\":\"https:\/\/www.pressenza.com\/es\/2009\/07\/2009x-el-axo-de-los-mil-millones-de-hambrientos\/\",\"name\":\"2009: el a\u00f1o de los mil millones de hambrientos\",\"isPartOf\":{\"@id\":\"https:\/\/www.pressenza.com\/es\/#website\"},\"datePublished\":\"2009-07-17T00:00:00+00:00\",\"dateModified\":\"2009-09-28T05:01:03+00:00\",\"description\":\"Con la crisis econ\u00f3mica se suman semanalmente cuatro millones de personas con hambre, seg\u00fan el Programa Mundial de Alimentos de la ONU\",\"breadcrumb\":{\"@id\":\"https:\/\/www.pressenza.com\/es\/2009\/07\/2009x-el-axo-de-los-mil-millones-de-hambrientos\/#breadcrumb\"},\"inLanguage\":\"es\",\"potentialAction\":[{\"@type\":\"ReadAction\",\"target\":[\"https:\/\/www.pressenza.com\/es\/2009\/07\/2009x-el-axo-de-los-mil-millones-de-hambrientos\/\"]}]},{\"@type\":\"BreadcrumbList\",\"@id\":\"https:\/\/www.pressenza.com\/es\/2009\/07\/2009x-el-axo-de-los-mil-millones-de-hambrientos\/#breadcrumb\",\"itemListElement\":[{\"@type\":\"ListItem\",\"position\":1,\"name\":\"Accueil\",\"item\":\"https:\/\/www.pressenza.com\/es\/\"},{\"@type\":\"ListItem\",\"position\":2,\"name\":\"2009: el a\u00f1o de los mil millones de hambrientos\"}]},{\"@type\":\"WebSite\",\"@id\":\"https:\/\/www.pressenza.com\/es\/#website\",\"url\":\"https:\/\/www.pressenza.com\/es\/\",\"name\":\"Pressenza\",\"description\":\"International Press Agency\",\"publisher\":{\"@id\":\"https:\/\/www.pressenza.com\/es\/#organization\"},\"potentialAction\":[{\"@type\":\"SearchAction\",\"target\":{\"@type\":\"EntryPoint\",\"urlTemplate\":\"https:\/\/www.pressenza.com\/es\/?s={search_term_string}\"},\"query-input\":{\"@type\":\"PropertyValueSpecification\",\"valueRequired\":true,\"valueName\":\"search_term_string\"}}],\"inLanguage\":\"es\"},{\"@type\":\"Organization\",\"@id\":\"https:\/\/www.pressenza.com\/es\/#organization\",\"name\":\"Pressenza\",\"url\":\"https:\/\/www.pressenza.com\/es\/\",\"logo\":{\"@type\":\"ImageObject\",\"inLanguage\":\"es\",\"@id\":\"https:\/\/www.pressenza.com\/es\/#\/schema\/logo\/image\/\",\"url\":\"https:\/\/www.pressenza.com\/wp-content\/uploads\/2022\/10\/pressenza_logo_200x200.jpg\",\"contentUrl\":\"https:\/\/www.pressenza.com\/wp-content\/uploads\/2022\/10\/pressenza_logo_200x200.jpg\",\"width\":200,\"height\":200,\"caption\":\"Pressenza\"},\"image\":{\"@id\":\"https:\/\/www.pressenza.com\/es\/#\/schema\/logo\/image\/\"},\"sameAs\":[\"https:\/\/www.facebook.com\/PressenzaItalia\",\"https:\/\/x.com\/PressenzaIPA\"]},{\"@type\":\"Person\",\"@id\":\"https:\/\/www.pressenza.com\/es\/#\/schema\/person\/010e5d02bcf40965427a1289a4cc8d75\",\"name\":\"Pressenza IPA\",\"description\":\"News from Pressenza IPA correspondents\",\"sameAs\":[\"https:\/\/www.facebook.com\/pressenza\",\"https:\/\/x.com\/PressenzaIPA\"],\"url\":\"https:\/\/www.pressenza.com\/es\/author\/pressenza-ipa\/\"}]}<\/script>\n<!-- \/ Yoast SEO plugin. -->","yoast_head_json":{"title":"2009: el a\u00f1o de los mil millones de hambrientos","description":"Con la crisis econ\u00f3mica se suman semanalmente cuatro millones de personas con hambre, seg\u00fan el Programa Mundial de Alimentos de la ONU","robots":{"index":"index","follow":"follow","max-snippet":"max-snippet:-1","max-image-preview":"max-image-preview:large","max-video-preview":"max-video-preview:-1"},"canonical":"https:\/\/www.pressenza.com\/es\/2009\/07\/2009x-el-axo-de-los-mil-millones-de-hambrientos\/","og_locale":"es_ES","og_type":"article","og_title":"2009: el a\u00f1o de los mil millones de hambrientos","og_description":"Con la crisis econ\u00f3mica se suman semanalmente cuatro millones de personas con hambre, seg\u00fan el Programa Mundial de Alimentos de la ONU","og_url":"https:\/\/www.pressenza.com\/es\/2009\/07\/2009x-el-axo-de-los-mil-millones-de-hambrientos\/","og_site_name":"Pressenza","article_publisher":"https:\/\/www.facebook.com\/PressenzaItalia","article_author":"https:\/\/www.facebook.com\/pressenza","article_published_time":"2009-07-17T00:00:00+00:00","article_modified_time":"2009-09-28T05:01:03+00:00","author":"Pressenza IPA","twitter_card":"summary_large_image","twitter_creator":"@PressenzaIPA","twitter_site":"@PressenzaIPA","twitter_misc":{"Escrito por":"Pressenza IPA","Tiempo de lectura":"2 minutos"},"schema":{"@context":"https:\/\/schema.org","@graph":[{"@type":"Article","@id":"https:\/\/www.pressenza.com\/es\/2009\/07\/2009x-el-axo-de-los-mil-millones-de-hambrientos\/#article","isPartOf":{"@id":"https:\/\/www.pressenza.com\/es\/2009\/07\/2009x-el-axo-de-los-mil-millones-de-hambrientos\/"},"author":{"name":"Pressenza IPA","@id":"https:\/\/www.pressenza.com\/es\/#\/schema\/person\/010e5d02bcf40965427a1289a4cc8d75"},"headline":"2009: el a\u00f1o de los mil millones de hambrientos","datePublished":"2009-07-17T00:00:00+00:00","dateModified":"2009-09-28T05:01:03+00:00","mainEntityOfPage":{"@id":"https:\/\/www.pressenza.com\/es\/2009\/07\/2009x-el-axo-de-los-mil-millones-de-hambrientos\/"},"wordCount":409,"publisher":{"@id":"https:\/\/www.pressenza.com\/es\/#organization"},"articleSection":["Asuntos internacionales","Internacional","Norteam\u00e9rica","Opiniones"],"inLanguage":"es"},{"@type":"WebPage","@id":"https:\/\/www.pressenza.com\/es\/2009\/07\/2009x-el-axo-de-los-mil-millones-de-hambrientos\/","url":"https:\/\/www.pressenza.com\/es\/2009\/07\/2009x-el-axo-de-los-mil-millones-de-hambrientos\/","name":"2009: el a\u00f1o de los mil millones de hambrientos","isPartOf":{"@id":"https:\/\/www.pressenza.com\/es\/#website"},"datePublished":"2009-07-17T00:00:00+00:00","dateModified":"2009-09-28T05:01:03+00:00","description":"Con la crisis econ\u00f3mica se suman semanalmente cuatro millones de personas con hambre, seg\u00fan el Programa Mundial de Alimentos de la ONU","breadcrumb":{"@id":"https:\/\/www.pressenza.com\/es\/2009\/07\/2009x-el-axo-de-los-mil-millones-de-hambrientos\/#breadcrumb"},"inLanguage":"es","potentialAction":[{"@type":"ReadAction","target":["https:\/\/www.pressenza.com\/es\/2009\/07\/2009x-el-axo-de-los-mil-millones-de-hambrientos\/"]}]},{"@type":"BreadcrumbList","@id":"https:\/\/www.pressenza.com\/es\/2009\/07\/2009x-el-axo-de-los-mil-millones-de-hambrientos\/#breadcrumb","itemListElement":[{"@type":"ListItem","position":1,"name":"Accueil","item":"https:\/\/www.pressenza.com\/es\/"},{"@type":"ListItem","position":2,"name":"2009: el a\u00f1o de los mil millones de hambrientos"}]},{"@type":"WebSite","@id":"https:\/\/www.pressenza.com\/es\/#website","url":"https:\/\/www.pressenza.com\/es\/","name":"Pressenza","description":"International Press Agency","publisher":{"@id":"https:\/\/www.pressenza.com\/es\/#organization"},"potentialAction":[{"@type":"SearchAction","target":{"@type":"EntryPoint","urlTemplate":"https:\/\/www.pressenza.com\/es\/?s={search_term_string}"},"query-input":{"@type":"PropertyValueSpecification","valueRequired":true,"valueName":"search_term_string"}}],"inLanguage":"es"},{"@type":"Organization","@id":"https:\/\/www.pressenza.com\/es\/#organization","name":"Pressenza","url":"https:\/\/www.pressenza.com\/es\/","logo":{"@type":"ImageObject","inLanguage":"es","@id":"https:\/\/www.pressenza.com\/es\/#\/schema\/logo\/image\/","url":"https:\/\/www.pressenza.com\/wp-content\/uploads\/2022\/10\/pressenza_logo_200x200.jpg","contentUrl":"https:\/\/www.pressenza.com\/wp-content\/uploads\/2022\/10\/pressenza_logo_200x200.jpg","width":200,"height":200,"caption":"Pressenza"},"image":{"@id":"https:\/\/www.pressenza.com\/es\/#\/schema\/logo\/image\/"},"sameAs":["https:\/\/www.facebook.com\/PressenzaItalia","https:\/\/x.com\/PressenzaIPA"]},{"@type":"Person","@id":"https:\/\/www.pressenza.com\/es\/#\/schema\/person\/010e5d02bcf40965427a1289a4cc8d75","name":"Pressenza IPA","description":"News from Pressenza IPA correspondents","sameAs":["https:\/\/www.facebook.com\/pressenza","https:\/\/x.com\/PressenzaIPA"],"url":"https:\/\/www.pressenza.com\/es\/author\/pressenza-ipa\/"}]}},"place":"ONU","original_article_url":"","_links":{"self":[{"href":"https:\/\/www.pressenza.com\/es\/wp-json\/wp\/v2\/posts\/711","targetHints":{"allow":["GET"]}}],"collection":[{"href":"https:\/\/www.pressenza.com\/es\/wp-json\/wp\/v2\/posts"}],"about":[{"href":"https:\/\/www.pressenza.com\/es\/wp-json\/wp\/v2\/types\/post"}],"author":[{"embeddable":true,"href":"https:\/\/www.pressenza.com\/es\/wp-json\/wp\/v2\/users\/19"}],"replies":[{"embeddable":true,"href":"https:\/\/www.pressenza.com\/es\/wp-json\/wp\/v2\/comments?post=711"}],"version-history":[{"count":0,"href":"https:\/\/www.pressenza.com\/es\/wp-json\/wp\/v2\/posts\/711\/revisions"}],"wp:attachment":[{"href":"https:\/\/www.pressenza.com\/es\/wp-json\/wp\/v2\/media?parent=711"}],"wp:term":[{"taxonomy":"category","embeddable":true,"href":"https:\/\/www.pressenza.com\/es\/wp-json\/wp\/v2\/categories?post=711"},{"taxonomy":"post_tag","embeddable":true,"href":"https:\/\/www.pressenza.com\/es\/wp-json\/wp\/v2\/tags?post=711"}],"curies":[{"name":"wp","href":"https:\/\/api.w.org\/{rel}","templated":true}]}}