{"id":710,"date":"2009-07-16T00:00:00","date_gmt":"2009-07-16T00:00:00","guid":{"rendered":""},"modified":"2009-07-16T21:10:15","modified_gmt":"2009-07-16T21:10:15","slug":"chilex-demencial-armamentismo","status":"publish","type":"post","link":"https:\/\/www.pressenza.com\/es\/2009\/07\/chilex-demencial-armamentismo\/","title":{"rendered":"Chile:  Demencial Armamentismo"},"content":{"rendered":"<p>El armamentismo no es de Chile, sino de su  clase pol\u00edtica y la c\u00fapula castrense. Es inaceptable la chilenofobia. Un pueblo no es su casta dominante. Conceptualicemos correctamente. As\u00ed, por ejemplo,  es un contranegocio aludir al \u00absue\u00f1o de Bol\u00edvar\u00bb. Lo militante es referirse al \u00abproyecto de Bol\u00edvar\u00bb. Nada con \u00abamericanismo\u00bb porque, en un mismo saco metemos a los yanquis y los canadienses. Lo exacto es \u00ablatinoamericanismo\u00bb,  \u00abiberoamericanismo\u00bb, \u00absuramericanismo\u00bb o  \u00abamericoiberismo\u00bb . Sea cual fueren las etiquetas lo clave es marcar la diferencia con el lenguaje usado por quienes detentan el poder. Se trata de un esfuerzo por reflexionar sobre lo que parece un detalle. Digamos \u00abhay detalles insignificantes y detalles significativos\u00bb. Lo anotado es \u00absignificativo\u00bb.  Se integra a la guerra cultural no siempre suficientemente atendida. <\/p>\n<p>Dicho lo anterior se debe manifestar que CEDECH hace ya -no menos de dos decenios- viene denunciando de modo p\u00fablico la transformaci\u00f3n del pa\u00eds en un arsenal. Se ha exhortado a Palacio Quemado, a Casa de Pizarro y a Casa Rosada a reaccionar ante tan grav\u00edsimo problema. Ello porque con  tal  acumulaci\u00f3n de artefactos b\u00e9licos se altera el equilibrio de poder en el Cono Sur y se genera, de modo solapado, una Guerra Fr\u00eda entre rep\u00fablicas fraternas. En un pa\u00eds como el nuestro con un desempleo de dos d\u00edgitos, huelgas laborales cr\u00f3nicas, hospitales fiscales destartalados y atenci\u00f3n deficiente, planteles escolares que se derrumban o llueven&#8230; esos gastos millonarios son un \u00abcrimen de lesa humanidad\u00bb. Sin embargo, aqu\u00ed nadie, absolutamente nadie -con excepci\u00f3n de la entidad anotada- es capaz de protestar por tal perversi\u00f3n.<\/p>\n<p>No hay que ver s\u00f3lo influjo exterior en la compra de tanques Leopard, submarinos nucleares, lanchas misileras, aviones F-16, sat\u00e9lite artificial que permitir\u00e1 espiar a los vecinos&#8230; Ahora mismo EEUU se queja porque La Moneda le compra a Rusia helic\u00f3pteros y no recurre a la oferta de Washington. La misma gira de Bachelet a Holanda es para continuar en esa pol\u00edtica de \u00abpaz armada\u00bb que prepar\u00f3 en la vieja Europa de fines del XIX la I Guerra Mundial. Se ha convencido a la poblaci\u00f3n que es un armamento disuasivo. Nadie denuncia el despilfarro, ni la naturaleza agresiva de los artilugios castrenses. Se destapan a cada rato viejas y nuevas esc\u00e1ndalos por corrupci\u00f3n en dichas adquisiciones. Corrupci\u00f3n que mezcla a pol\u00edticos y generales. El lubricante es una a\u00f1eja geopol\u00edtica que se expresa en el ABP -o HV3-, seg\u00fan la cual Argentina, Bolivia y Per\u00fa son nuestros enemigos.<\/p>\n<p>Se manifiesta en mi libro \u00abFFAA: reflexi\u00f3n permanente\u00bb que la c\u00fapula uniformada -de modo soterrado- suprime el Servicio Militar Obligatorio y, al mismo tiempo, en contubernio con la clase pol\u00edtica -de derecha  e izquierda- se embarca en compras millonarias de sofisticados artefactos de guerra. Ello mientras la alimentaci\u00f3n y el equipamiento de reclutas es insuficiente y hasta deben ser apoyados por sus familias en la magra vida de cuartel a que son sometidos. En la cima de la pir\u00e1mide est\u00e1n los negocios suculentos que convierten a un empleado p\u00fablico -ministro o general- en plut\u00f3crata con mansiones suntuosas y cuentas en bancos extranjeros. De all\u00e1 hacia abajo \u00abapretarse el cintur\u00f3n porque estamos en crisis\u00bb. Mudos testigos de lo expresado son los conscriptos que mueren, como moscas, hace un par de a\u00f1os, congelados en Antuco.<\/p>\n<p>En volumen la compra de armamento en 17 a\u00f1os de dictadura es peque\u00f1o  comparado con la efectuada por la  democracia restaurada en 1990. El supremo campe\u00f3n del armamentismo es el \u00abprogre\u00bb Ricardo Lagos quien, por la ceguera que existe en nuestro mundo, es -despu\u00e9s de su mandato- homenajeado con Doctorados Honoris Causa en Universidades que lideran rectores y decanos peronistas. \u00abQuedamos entonces de una pieza\u00bb, es decir, perplejos de c\u00f3mo se ignoran las actitudes antilatinoamericanas de ciertos pol\u00edticos nuestro en pa\u00edses que est\u00e1n tan cerca y cuyos  embajadores se supone informan de pol\u00edticas agresivas como ese af\u00e1n hitleriano renovar la flota, la FACH y el Ej\u00e9rcito. No se hace lo mismo con Carabineros -polic\u00eda uniformada- y menos con el personal penitenciario. Ello mientras un tsunami delictual inunda ciudades y campos.<\/p>\n<p>Se estima que no se pasar\u00e1 de esta caricatura de Guerra Fr\u00eda impulsada por La Moneda a una Guerra Caliente. Se har\u00e1n pantomimas de \u00abgran potencia\u00bb como despachar antes que nadie soldados al pobre Hait\u00ed ocultando que, en esa rep\u00fablica, hubo un golpe de Estado francoyanqui que depuso al Presidente Aristide. O gestos como el protagonizado por el archipremiado Richard Lake que humillara al Presidente Mesa de Bolivia en Monterrey. Mientras tanto hay despilfarros colosales y turbios negocios. Tambi\u00e9n -no por mencionarse al final algo menos importante- se usan las armas para anestesiar a las FFAA a fin que olviden el golpe que depone a Allende, los 17  a\u00f1os de r\u00e9gimen militar y toleren las persecuciones a quienes -vistiendo uniforme- participaron en aquellos hechos. As\u00ed se deja conforme a la \u00abeuroprogres\u00eda\u00bb y de yapa se consiguen los sufragios comunistas, comunizantes y criptocomunistas para triunfar en los comicios presidenciales. <\/p>\n","protected":false},"excerpt":{"rendered":"<p>Se ha convencido a la poblaci\u00f3n que es un armamento disuasivo. Nadie denuncia el despilfarro o la naturaleza agresiva de los artilugios castrenses<\/p>\n","protected":false},"author":19,"featured_media":0,"comment_status":"closed","ping_status":"open","sticky":false,"template":"","format":"standard","meta":{"footnotes":""},"categories":[161,74,67],"tags":[],"class_list":["post-710","post","type-post","status-publish","format-standard","hentry","category-opiniones","category-politica-es","category-sudamerica"],"yoast_head":"<!-- This site is optimized with the Yoast SEO plugin v27.1.1 - https:\/\/yoast.com\/product\/yoast-seo-wordpress\/ -->\n<title>Chile: Demencial Armamentismo<\/title>\n<meta name=\"description\" content=\"Se ha convencido a la poblaci\u00f3n que es un armamento disuasivo. Nadie denuncia el despilfarro o la naturaleza agresiva de los artilugios castrenses\" \/>\n<meta name=\"robots\" content=\"index, follow, max-snippet:-1, max-image-preview:large, max-video-preview:-1\" \/>\n<link rel=\"canonical\" href=\"https:\/\/www.pressenza.com\/es\/2009\/07\/chilex-demencial-armamentismo\/\" \/>\n<meta property=\"og:locale\" content=\"es_ES\" \/>\n<meta property=\"og:type\" content=\"article\" \/>\n<meta property=\"og:title\" content=\"Chile: Demencial Armamentismo\" \/>\n<meta property=\"og:description\" content=\"Se ha convencido a la poblaci\u00f3n que es un armamento disuasivo. Nadie denuncia el despilfarro o la naturaleza agresiva de los artilugios castrenses\" \/>\n<meta property=\"og:url\" content=\"https:\/\/www.pressenza.com\/es\/2009\/07\/chilex-demencial-armamentismo\/\" \/>\n<meta property=\"og:site_name\" content=\"Pressenza\" \/>\n<meta property=\"article:publisher\" content=\"https:\/\/www.facebook.com\/PressenzaItalia\" \/>\n<meta property=\"article:author\" content=\"https:\/\/www.facebook.com\/pressenza\" \/>\n<meta property=\"article:published_time\" content=\"2009-07-16T00:00:00+00:00\" \/>\n<meta property=\"article:modified_time\" content=\"2009-07-16T21:10:15+00:00\" \/>\n<meta name=\"author\" content=\"Pressenza IPA\" \/>\n<meta name=\"twitter:card\" content=\"summary_large_image\" \/>\n<meta name=\"twitter:creator\" content=\"@PressenzaIPA\" \/>\n<meta name=\"twitter:site\" content=\"@PressenzaIPA\" \/>\n<meta name=\"twitter:label1\" content=\"Escrito por\" \/>\n\t<meta name=\"twitter:data1\" content=\"Pressenza IPA\" \/>\n\t<meta name=\"twitter:label2\" content=\"Tiempo de lectura\" \/>\n\t<meta name=\"twitter:data2\" content=\"4 minutos\" \/>\n<script type=\"application\/ld+json\" class=\"yoast-schema-graph\">{\"@context\":\"https:\/\/schema.org\",\"@graph\":[{\"@type\":\"Article\",\"@id\":\"https:\/\/www.pressenza.com\/es\/2009\/07\/chilex-demencial-armamentismo\/#article\",\"isPartOf\":{\"@id\":\"https:\/\/www.pressenza.com\/es\/2009\/07\/chilex-demencial-armamentismo\/\"},\"author\":{\"name\":\"Pressenza IPA\",\"@id\":\"https:\/\/www.pressenza.com\/es\/#\/schema\/person\/010e5d02bcf40965427a1289a4cc8d75\"},\"headline\":\"Chile: Demencial Armamentismo\",\"datePublished\":\"2009-07-16T00:00:00+00:00\",\"dateModified\":\"2009-07-16T21:10:15+00:00\",\"mainEntityOfPage\":{\"@id\":\"https:\/\/www.pressenza.com\/es\/2009\/07\/chilex-demencial-armamentismo\/\"},\"wordCount\":875,\"publisher\":{\"@id\":\"https:\/\/www.pressenza.com\/es\/#organization\"},\"articleSection\":[\"Opiniones\",\"Pol\u00edtica\",\"Sudam\u00e9rica\"],\"inLanguage\":\"es\"},{\"@type\":\"WebPage\",\"@id\":\"https:\/\/www.pressenza.com\/es\/2009\/07\/chilex-demencial-armamentismo\/\",\"url\":\"https:\/\/www.pressenza.com\/es\/2009\/07\/chilex-demencial-armamentismo\/\",\"name\":\"Chile: Demencial Armamentismo\",\"isPartOf\":{\"@id\":\"https:\/\/www.pressenza.com\/es\/#website\"},\"datePublished\":\"2009-07-16T00:00:00+00:00\",\"dateModified\":\"2009-07-16T21:10:15+00:00\",\"description\":\"Se ha convencido a la poblaci\u00f3n que es un armamento disuasivo. Nadie denuncia el despilfarro o la naturaleza agresiva de los artilugios castrenses\",\"breadcrumb\":{\"@id\":\"https:\/\/www.pressenza.com\/es\/2009\/07\/chilex-demencial-armamentismo\/#breadcrumb\"},\"inLanguage\":\"es\",\"potentialAction\":[{\"@type\":\"ReadAction\",\"target\":[\"https:\/\/www.pressenza.com\/es\/2009\/07\/chilex-demencial-armamentismo\/\"]}]},{\"@type\":\"BreadcrumbList\",\"@id\":\"https:\/\/www.pressenza.com\/es\/2009\/07\/chilex-demencial-armamentismo\/#breadcrumb\",\"itemListElement\":[{\"@type\":\"ListItem\",\"position\":1,\"name\":\"Accueil\",\"item\":\"https:\/\/www.pressenza.com\/es\/\"},{\"@type\":\"ListItem\",\"position\":2,\"name\":\"Chile: Demencial Armamentismo\"}]},{\"@type\":\"WebSite\",\"@id\":\"https:\/\/www.pressenza.com\/es\/#website\",\"url\":\"https:\/\/www.pressenza.com\/es\/\",\"name\":\"Pressenza\",\"description\":\"International Press Agency\",\"publisher\":{\"@id\":\"https:\/\/www.pressenza.com\/es\/#organization\"},\"potentialAction\":[{\"@type\":\"SearchAction\",\"target\":{\"@type\":\"EntryPoint\",\"urlTemplate\":\"https:\/\/www.pressenza.com\/es\/?s={search_term_string}\"},\"query-input\":{\"@type\":\"PropertyValueSpecification\",\"valueRequired\":true,\"valueName\":\"search_term_string\"}}],\"inLanguage\":\"es\"},{\"@type\":\"Organization\",\"@id\":\"https:\/\/www.pressenza.com\/es\/#organization\",\"name\":\"Pressenza\",\"url\":\"https:\/\/www.pressenza.com\/es\/\",\"logo\":{\"@type\":\"ImageObject\",\"inLanguage\":\"es\",\"@id\":\"https:\/\/www.pressenza.com\/es\/#\/schema\/logo\/image\/\",\"url\":\"https:\/\/www.pressenza.com\/wp-content\/uploads\/2022\/10\/pressenza_logo_200x200.jpg\",\"contentUrl\":\"https:\/\/www.pressenza.com\/wp-content\/uploads\/2022\/10\/pressenza_logo_200x200.jpg\",\"width\":200,\"height\":200,\"caption\":\"Pressenza\"},\"image\":{\"@id\":\"https:\/\/www.pressenza.com\/es\/#\/schema\/logo\/image\/\"},\"sameAs\":[\"https:\/\/www.facebook.com\/PressenzaItalia\",\"https:\/\/x.com\/PressenzaIPA\"]},{\"@type\":\"Person\",\"@id\":\"https:\/\/www.pressenza.com\/es\/#\/schema\/person\/010e5d02bcf40965427a1289a4cc8d75\",\"name\":\"Pressenza IPA\",\"description\":\"News from Pressenza IPA correspondents\",\"sameAs\":[\"https:\/\/www.facebook.com\/pressenza\",\"https:\/\/x.com\/PressenzaIPA\"],\"url\":\"https:\/\/www.pressenza.com\/es\/author\/pressenza-ipa\/\"}]}<\/script>\n<!-- \/ Yoast SEO plugin. -->","yoast_head_json":{"title":"Chile: Demencial Armamentismo","description":"Se ha convencido a la poblaci\u00f3n que es un armamento disuasivo. Nadie denuncia el despilfarro o la naturaleza agresiva de los artilugios castrenses","robots":{"index":"index","follow":"follow","max-snippet":"max-snippet:-1","max-image-preview":"max-image-preview:large","max-video-preview":"max-video-preview:-1"},"canonical":"https:\/\/www.pressenza.com\/es\/2009\/07\/chilex-demencial-armamentismo\/","og_locale":"es_ES","og_type":"article","og_title":"Chile: Demencial Armamentismo","og_description":"Se ha convencido a la poblaci\u00f3n que es un armamento disuasivo. Nadie denuncia el despilfarro o la naturaleza agresiva de los artilugios castrenses","og_url":"https:\/\/www.pressenza.com\/es\/2009\/07\/chilex-demencial-armamentismo\/","og_site_name":"Pressenza","article_publisher":"https:\/\/www.facebook.com\/PressenzaItalia","article_author":"https:\/\/www.facebook.com\/pressenza","article_published_time":"2009-07-16T00:00:00+00:00","article_modified_time":"2009-07-16T21:10:15+00:00","author":"Pressenza IPA","twitter_card":"summary_large_image","twitter_creator":"@PressenzaIPA","twitter_site":"@PressenzaIPA","twitter_misc":{"Escrito por":"Pressenza IPA","Tiempo de lectura":"4 minutos"},"schema":{"@context":"https:\/\/schema.org","@graph":[{"@type":"Article","@id":"https:\/\/www.pressenza.com\/es\/2009\/07\/chilex-demencial-armamentismo\/#article","isPartOf":{"@id":"https:\/\/www.pressenza.com\/es\/2009\/07\/chilex-demencial-armamentismo\/"},"author":{"name":"Pressenza IPA","@id":"https:\/\/www.pressenza.com\/es\/#\/schema\/person\/010e5d02bcf40965427a1289a4cc8d75"},"headline":"Chile: Demencial Armamentismo","datePublished":"2009-07-16T00:00:00+00:00","dateModified":"2009-07-16T21:10:15+00:00","mainEntityOfPage":{"@id":"https:\/\/www.pressenza.com\/es\/2009\/07\/chilex-demencial-armamentismo\/"},"wordCount":875,"publisher":{"@id":"https:\/\/www.pressenza.com\/es\/#organization"},"articleSection":["Opiniones","Pol\u00edtica","Sudam\u00e9rica"],"inLanguage":"es"},{"@type":"WebPage","@id":"https:\/\/www.pressenza.com\/es\/2009\/07\/chilex-demencial-armamentismo\/","url":"https:\/\/www.pressenza.com\/es\/2009\/07\/chilex-demencial-armamentismo\/","name":"Chile: Demencial Armamentismo","isPartOf":{"@id":"https:\/\/www.pressenza.com\/es\/#website"},"datePublished":"2009-07-16T00:00:00+00:00","dateModified":"2009-07-16T21:10:15+00:00","description":"Se ha convencido a la poblaci\u00f3n que es un armamento disuasivo. Nadie denuncia el despilfarro o la naturaleza agresiva de los artilugios castrenses","breadcrumb":{"@id":"https:\/\/www.pressenza.com\/es\/2009\/07\/chilex-demencial-armamentismo\/#breadcrumb"},"inLanguage":"es","potentialAction":[{"@type":"ReadAction","target":["https:\/\/www.pressenza.com\/es\/2009\/07\/chilex-demencial-armamentismo\/"]}]},{"@type":"BreadcrumbList","@id":"https:\/\/www.pressenza.com\/es\/2009\/07\/chilex-demencial-armamentismo\/#breadcrumb","itemListElement":[{"@type":"ListItem","position":1,"name":"Accueil","item":"https:\/\/www.pressenza.com\/es\/"},{"@type":"ListItem","position":2,"name":"Chile: Demencial Armamentismo"}]},{"@type":"WebSite","@id":"https:\/\/www.pressenza.com\/es\/#website","url":"https:\/\/www.pressenza.com\/es\/","name":"Pressenza","description":"International Press Agency","publisher":{"@id":"https:\/\/www.pressenza.com\/es\/#organization"},"potentialAction":[{"@type":"SearchAction","target":{"@type":"EntryPoint","urlTemplate":"https:\/\/www.pressenza.com\/es\/?s={search_term_string}"},"query-input":{"@type":"PropertyValueSpecification","valueRequired":true,"valueName":"search_term_string"}}],"inLanguage":"es"},{"@type":"Organization","@id":"https:\/\/www.pressenza.com\/es\/#organization","name":"Pressenza","url":"https:\/\/www.pressenza.com\/es\/","logo":{"@type":"ImageObject","inLanguage":"es","@id":"https:\/\/www.pressenza.com\/es\/#\/schema\/logo\/image\/","url":"https:\/\/www.pressenza.com\/wp-content\/uploads\/2022\/10\/pressenza_logo_200x200.jpg","contentUrl":"https:\/\/www.pressenza.com\/wp-content\/uploads\/2022\/10\/pressenza_logo_200x200.jpg","width":200,"height":200,"caption":"Pressenza"},"image":{"@id":"https:\/\/www.pressenza.com\/es\/#\/schema\/logo\/image\/"},"sameAs":["https:\/\/www.facebook.com\/PressenzaItalia","https:\/\/x.com\/PressenzaIPA"]},{"@type":"Person","@id":"https:\/\/www.pressenza.com\/es\/#\/schema\/person\/010e5d02bcf40965427a1289a4cc8d75","name":"Pressenza IPA","description":"News from Pressenza IPA correspondents","sameAs":["https:\/\/www.facebook.com\/pressenza","https:\/\/x.com\/PressenzaIPA"],"url":"https:\/\/www.pressenza.com\/es\/author\/pressenza-ipa\/"}]}},"place":"Santiago","original_article_url":"","_links":{"self":[{"href":"https:\/\/www.pressenza.com\/es\/wp-json\/wp\/v2\/posts\/710","targetHints":{"allow":["GET"]}}],"collection":[{"href":"https:\/\/www.pressenza.com\/es\/wp-json\/wp\/v2\/posts"}],"about":[{"href":"https:\/\/www.pressenza.com\/es\/wp-json\/wp\/v2\/types\/post"}],"author":[{"embeddable":true,"href":"https:\/\/www.pressenza.com\/es\/wp-json\/wp\/v2\/users\/19"}],"replies":[{"embeddable":true,"href":"https:\/\/www.pressenza.com\/es\/wp-json\/wp\/v2\/comments?post=710"}],"version-history":[{"count":0,"href":"https:\/\/www.pressenza.com\/es\/wp-json\/wp\/v2\/posts\/710\/revisions"}],"wp:attachment":[{"href":"https:\/\/www.pressenza.com\/es\/wp-json\/wp\/v2\/media?parent=710"}],"wp:term":[{"taxonomy":"category","embeddable":true,"href":"https:\/\/www.pressenza.com\/es\/wp-json\/wp\/v2\/categories?post=710"},{"taxonomy":"post_tag","embeddable":true,"href":"https:\/\/www.pressenza.com\/es\/wp-json\/wp\/v2\/tags?post=710"}],"curies":[{"name":"wp","href":"https:\/\/api.w.org\/{rel}","templated":true}]}}